{"id":33466,"date":"2024-02-06T12:19:53","date_gmt":"2024-02-06T15:19:53","guid":{"rendered":"https:\/\/wpsandbox4.pante.com.br\/?p=33466"},"modified":"2024-02-06T12:19:53","modified_gmt":"2024-02-06T15:19:53","slug":"aguas-de-chapeco-sc-presidente-ajusta-dias-de-sessoes-em-fevereiro","status":"publish","type":"post","link":"https:\/\/uvbbrasil.com.br\/aguas-de-chapeco-sc-presidente-ajusta-dias-de-sessoes-em-fevereiro\/","title":{"rendered":"\u00c1guas de Chapec\u00f3\/SC- Presidente ajusta dias de sess\u00f5es em fevereiro"},"content":{"rendered":"<p>&nbsp;<\/p>\n<div>O Presidente do Legislativo de \u00c1guas de Chapec\u00f3\/SC, Geberton Bertoldi, confirma altera\u00e7\u00f5es nas datas das sess\u00f5es ordin\u00e1rias do m\u00eas de fevereiro, considerando as festividades carnavalescas no Munic\u00edpio. Em virtude do Carnaval as sess\u00f5es ordin\u00e1rias ser\u00e3o realizadas nos dias 5, 7, 15 e 26 de fevereiro, todas com in\u00edcio marcado para as 19hs.<\/p>\n<p>A medida visa adequar o calend\u00e1rio legislativo \u00e0s circunst\u00e2ncias espec\u00edficas deste per\u00edodo. O Presidente ressaltou a import\u00e2ncia de manter o funcionamento regular das atividades legislativas, mesmo diante de eventos festivos e compromissos fora do munic\u00edpio. Ele destacou o comprometimento da C\u00e2mara Municipal em cumprir seu papel fundamental na representa\u00e7\u00e3o da comunidade e na condu\u00e7\u00e3o dos assuntos de interesse p\u00fablico.<\/p>\n<p>A comunidade de \u00c1guas de Chapec\u00f3 \u00e9 convidada a acompanhar e participar das sess\u00f5es ordin\u00e1rias, contribuindo assim para o processo democr\u00e1tico e o desenvolvimento do munic\u00edpio.<\/p>\n<p>Lembrando que a mesa diretora para 2024 tem al\u00e9m de Geber Bertoldi na presid\u00eancia, Valmor Alves de Oliveira como Vice-Presidente, Everton Feil como Primeiro Secret\u00e1rio e Ellio Statzmann como Segundo Secret\u00e1rio.<\/p><\/div>\n","protected":false},"excerpt":{"rendered":"<p>&nbsp; O Presidente do Legislativo de \u00c1guas de Chapec\u00f3\/SC, Geberton Bertoldi, confirma altera\u00e7\u00f5es nas datas das sess\u00f5es ordin\u00e1rias do m\u00eas&#8230;<\/p>\n","protected":false},"author":1,"featured_media":33467,"comment_status":"open","ping_status":"open","sticky":false,"template":"","format":"standard","meta":{"footnotes":""},"categories":[3],"tags":[],"class_list":["post-33466","post","type-post","status-publish","format-standard","has-post-thumbnail","hentry","category-noticias"],"yoast_head":"<!-- This site is optimized with the Yoast SEO plugin v26.7 - https:\/\/yoast.com\/wordpress\/plugins\/seo\/ -->\n<title>\u00c1guas de Chapec\u00f3\/SC- Presidente ajusta dias de sess\u00f5es em fevereiro - UVB Brasil<\/title>\n<meta name=\"robots\" content=\"index, follow, max-snippet:-1, max-image-preview:large, max-video-preview:-1\" \/>\n<link rel=\"canonical\" href=\"https:\/\/uvbbrasil.com.br\/aguas-de-chapeco-sc-presidente-ajusta-dias-de-sessoes-em-fevereiro\/\" \/>\n<meta property=\"og:locale\" content=\"pt_BR\" \/>\n<meta property=\"og:type\" content=\"article\" \/>\n<meta property=\"og:title\" content=\"\u00c1guas de Chapec\u00f3\/SC- Presidente ajusta dias de sess\u00f5es em fevereiro - UVB Brasil\" \/>\n<meta property=\"og:description\" content=\"&nbsp; O Presidente do Legislativo de \u00c1guas de Chapec\u00f3\/SC, Geberton Bertoldi, confirma altera\u00e7\u00f5es nas datas das sess\u00f5es ordin\u00e1rias do m\u00eas...\" \/>\n<meta property=\"og:url\" content=\"https:\/\/uvbbrasil.com.br\/aguas-de-chapeco-sc-presidente-ajusta-dias-de-sessoes-em-fevereiro\/\" \/>\n<meta property=\"og:site_name\" content=\"UVB Brasil\" \/>\n<meta property=\"article:publisher\" content=\"https:\/\/www.facebook.com\/uvb.vereadoresbrasil\" \/>\n<meta property=\"article:published_time\" content=\"2024-02-06T15:19:53+00:00\" \/>\n<meta property=\"og:image\" content=\"https:\/\/uvbbrasil.com.br\/wp-content\/uploads\/2024\/02\/202402051944561707173096e7eee0.jpg\" \/>\n\t<meta property=\"og:image:width\" content=\"1500\" \/>\n\t<meta property=\"og:image:height\" content=\"1125\" \/>\n\t<meta property=\"og:image:type\" content=\"image\/jpeg\" \/>\n<meta name=\"author\" content=\"adminuvb\" \/>\n<meta name=\"twitter:card\" content=\"summary_large_image\" \/>\n<meta name=\"twitter:label1\" content=\"Escrito por\" \/>\n\t<meta name=\"twitter:data1\" content=\"adminuvb\" \/>\n\t<meta name=\"twitter:label2\" content=\"Est. tempo de leitura\" \/>\n\t<meta name=\"twitter:data2\" content=\"1 minuto\" \/>\n<script type=\"application\/ld+json\" class=\"yoast-schema-graph\">{\"@context\":\"https:\/\/schema.org\",\"@graph\":[{\"@type\":\"Article\",\"@id\":\"https:\/\/uvbbrasil.com.br\/aguas-de-chapeco-sc-presidente-ajusta-dias-de-sessoes-em-fevereiro\/#article\",\"isPartOf\":{\"@id\":\"https:\/\/uvbbrasil.com.br\/aguas-de-chapeco-sc-presidente-ajusta-dias-de-sessoes-em-fevereiro\/\"},\"author\":{\"name\":\"adminuvb\",\"@id\":\"https:\/\/uvbbrasil.com.br\/#\/schema\/person\/17990098446c098f52effddff4f1b272\"},\"headline\":\"\u00c1guas de Chapec\u00f3\/SC- Presidente ajusta dias de sess\u00f5es em fevereiro\",\"datePublished\":\"2024-02-06T15:19:53+00:00\",\"mainEntityOfPage\":{\"@id\":\"https:\/\/uvbbrasil.com.br\/aguas-de-chapeco-sc-presidente-ajusta-dias-de-sessoes-em-fevereiro\/\"},\"wordCount\":203,\"commentCount\":0,\"publisher\":{\"@id\":\"https:\/\/uvbbrasil.com.br\/#organization\"},\"image\":{\"@id\":\"https:\/\/uvbbrasil.com.br\/aguas-de-chapeco-sc-presidente-ajusta-dias-de-sessoes-em-fevereiro\/#primaryimage\"},\"thumbnailUrl\":\"https:\/\/uvbbrasil.com.br\/wp-content\/uploads\/2024\/02\/202402051944561707173096e7eee0.jpg\",\"articleSection\":[\"NOT\u00cdCIAS\"],\"inLanguage\":\"pt-BR\",\"potentialAction\":[{\"@type\":\"CommentAction\",\"name\":\"Comment\",\"target\":[\"https:\/\/uvbbrasil.com.br\/aguas-de-chapeco-sc-presidente-ajusta-dias-de-sessoes-em-fevereiro\/#respond\"]}]},{\"@type\":\"WebPage\",\"@id\":\"https:\/\/uvbbrasil.com.br\/aguas-de-chapeco-sc-presidente-ajusta-dias-de-sessoes-em-fevereiro\/\",\"url\":\"https:\/\/uvbbrasil.com.br\/aguas-de-chapeco-sc-presidente-ajusta-dias-de-sessoes-em-fevereiro\/\",\"name\":\"\u00c1guas de Chapec\u00f3\/SC- Presidente ajusta dias de sess\u00f5es em fevereiro - UVB Brasil\",\"isPartOf\":{\"@id\":\"https:\/\/uvbbrasil.com.br\/#website\"},\"primaryImageOfPage\":{\"@id\":\"https:\/\/uvbbrasil.com.br\/aguas-de-chapeco-sc-presidente-ajusta-dias-de-sessoes-em-fevereiro\/#primaryimage\"},\"image\":{\"@id\":\"https:\/\/uvbbrasil.com.br\/aguas-de-chapeco-sc-presidente-ajusta-dias-de-sessoes-em-fevereiro\/#primaryimage\"},\"thumbnailUrl\":\"https:\/\/uvbbrasil.com.br\/wp-content\/uploads\/2024\/02\/202402051944561707173096e7eee0.jpg\",\"datePublished\":\"2024-02-06T15:19:53+00:00\",\"breadcrumb\":{\"@id\":\"https:\/\/uvbbrasil.com.br\/aguas-de-chapeco-sc-presidente-ajusta-dias-de-sessoes-em-fevereiro\/#breadcrumb\"},\"inLanguage\":\"pt-BR\",\"potentialAction\":[{\"@type\":\"ReadAction\",\"target\":[\"https:\/\/uvbbrasil.com.br\/aguas-de-chapeco-sc-presidente-ajusta-dias-de-sessoes-em-fevereiro\/\"]}]},{\"@type\":\"ImageObject\",\"inLanguage\":\"pt-BR\",\"@id\":\"https:\/\/uvbbrasil.com.br\/aguas-de-chapeco-sc-presidente-ajusta-dias-de-sessoes-em-fevereiro\/#primaryimage\",\"url\":\"https:\/\/uvbbrasil.com.br\/wp-content\/uploads\/2024\/02\/202402051944561707173096e7eee0.jpg\",\"contentUrl\":\"https:\/\/uvbbrasil.com.br\/wp-content\/uploads\/2024\/02\/202402051944561707173096e7eee0.jpg\",\"width\":1500,\"height\":1125},{\"@type\":\"BreadcrumbList\",\"@id\":\"https:\/\/uvbbrasil.com.br\/aguas-de-chapeco-sc-presidente-ajusta-dias-de-sessoes-em-fevereiro\/#breadcrumb\",\"itemListElement\":[{\"@type\":\"ListItem\",\"position\":1,\"name\":\"In\u00edcio\",\"item\":\"https:\/\/uvbbrasil.com.br\/\"},{\"@type\":\"ListItem\",\"position\":2,\"name\":\"\u00c1guas de Chapec\u00f3\/SC- Presidente ajusta dias de sess\u00f5es em fevereiro\"}]},{\"@type\":\"WebSite\",\"@id\":\"https:\/\/uvbbrasil.com.br\/#website\",\"url\":\"https:\/\/uvbbrasil.com.br\/\",\"name\":\"UVB Brasil\",\"description\":\"Uni\u00e3o dos Vereadores do Brasil\",\"publisher\":{\"@id\":\"https:\/\/uvbbrasil.com.br\/#organization\"},\"potentialAction\":[{\"@type\":\"SearchAction\",\"target\":{\"@type\":\"EntryPoint\",\"urlTemplate\":\"https:\/\/uvbbrasil.com.br\/?s={search_term_string}\"},\"query-input\":{\"@type\":\"PropertyValueSpecification\",\"valueRequired\":true,\"valueName\":\"search_term_string\"}}],\"inLanguage\":\"pt-BR\"},{\"@type\":\"Organization\",\"@id\":\"https:\/\/uvbbrasil.com.br\/#organization\",\"name\":\"UVB Brasil\",\"url\":\"https:\/\/uvbbrasil.com.br\/\",\"logo\":{\"@type\":\"ImageObject\",\"inLanguage\":\"pt-BR\",\"@id\":\"https:\/\/uvbbrasil.com.br\/#\/schema\/logo\/image\/\",\"url\":\"https:\/\/uvbbrasil.com.br\/wp-content\/uploads\/2025\/01\/LOGO-UVB-2024-azul-1.jpg\",\"contentUrl\":\"https:\/\/uvbbrasil.com.br\/wp-content\/uploads\/2025\/01\/LOGO-UVB-2024-azul-1.jpg\",\"width\":600,\"height\":211,\"caption\":\"UVB Brasil\"},\"image\":{\"@id\":\"https:\/\/uvbbrasil.com.br\/#\/schema\/logo\/image\/\"},\"sameAs\":[\"https:\/\/www.facebook.com\/uvb.vereadoresbrasil\",\"https:\/\/www.instagram.com\/uvbbrasil\/\",\"https:\/\/www.youtube.com\/channel\/UCIlPQ8Xzw5GHNzosQIg9S5A\"]},{\"@type\":\"Person\",\"@id\":\"https:\/\/uvbbrasil.com.br\/#\/schema\/person\/17990098446c098f52effddff4f1b272\",\"name\":\"adminuvb\",\"image\":{\"@type\":\"ImageObject\",\"inLanguage\":\"pt-BR\",\"@id\":\"https:\/\/uvbbrasil.com.br\/#\/schema\/person\/image\/\",\"url\":\"https:\/\/secure.gravatar.com\/avatar\/1a494ea6f8e2dd1ae526e55b0e9497efdba542491e0620d704cccf63c6f77c45?s=96&d=mm&r=g\",\"contentUrl\":\"https:\/\/secure.gravatar.com\/avatar\/1a494ea6f8e2dd1ae526e55b0e9497efdba542491e0620d704cccf63c6f77c45?s=96&d=mm&r=g\",\"caption\":\"adminuvb\"},\"sameAs\":[\"https:\/\/uvbbrasil.com.br\"],\"url\":\"https:\/\/uvbbrasil.com.br\/author\/adminuvb\/\"}]}<\/script>\n<!-- \/ Yoast SEO plugin. -->","yoast_head_json":{"title":"\u00c1guas de Chapec\u00f3\/SC- Presidente ajusta dias de sess\u00f5es em fevereiro - UVB Brasil","robots":{"index":"index","follow":"follow","max-snippet":"max-snippet:-1","max-image-preview":"max-image-preview:large","max-video-preview":"max-video-preview:-1"},"canonical":"https:\/\/uvbbrasil.com.br\/aguas-de-chapeco-sc-presidente-ajusta-dias-de-sessoes-em-fevereiro\/","og_locale":"pt_BR","og_type":"article","og_title":"\u00c1guas de Chapec\u00f3\/SC- Presidente ajusta dias de sess\u00f5es em fevereiro - UVB Brasil","og_description":"&nbsp; O Presidente do Legislativo de \u00c1guas de Chapec\u00f3\/SC, Geberton Bertoldi, confirma altera\u00e7\u00f5es nas datas das sess\u00f5es ordin\u00e1rias do m\u00eas...","og_url":"https:\/\/uvbbrasil.com.br\/aguas-de-chapeco-sc-presidente-ajusta-dias-de-sessoes-em-fevereiro\/","og_site_name":"UVB Brasil","article_publisher":"https:\/\/www.facebook.com\/uvb.vereadoresbrasil","article_published_time":"2024-02-06T15:19:53+00:00","og_image":[{"width":1500,"height":1125,"url":"https:\/\/uvbbrasil.com.br\/wp-content\/uploads\/2024\/02\/202402051944561707173096e7eee0.jpg","type":"image\/jpeg"}],"author":"adminuvb","twitter_card":"summary_large_image","twitter_misc":{"Escrito por":"adminuvb","Est. tempo de leitura":"1 minuto"},"schema":{"@context":"https:\/\/schema.org","@graph":[{"@type":"Article","@id":"https:\/\/uvbbrasil.com.br\/aguas-de-chapeco-sc-presidente-ajusta-dias-de-sessoes-em-fevereiro\/#article","isPartOf":{"@id":"https:\/\/uvbbrasil.com.br\/aguas-de-chapeco-sc-presidente-ajusta-dias-de-sessoes-em-fevereiro\/"},"author":{"name":"adminuvb","@id":"https:\/\/uvbbrasil.com.br\/#\/schema\/person\/17990098446c098f52effddff4f1b272"},"headline":"\u00c1guas de Chapec\u00f3\/SC- Presidente ajusta dias de sess\u00f5es em fevereiro","datePublished":"2024-02-06T15:19:53+00:00","mainEntityOfPage":{"@id":"https:\/\/uvbbrasil.com.br\/aguas-de-chapeco-sc-presidente-ajusta-dias-de-sessoes-em-fevereiro\/"},"wordCount":203,"commentCount":0,"publisher":{"@id":"https:\/\/uvbbrasil.com.br\/#organization"},"image":{"@id":"https:\/\/uvbbrasil.com.br\/aguas-de-chapeco-sc-presidente-ajusta-dias-de-sessoes-em-fevereiro\/#primaryimage"},"thumbnailUrl":"https:\/\/uvbbrasil.com.br\/wp-content\/uploads\/2024\/02\/202402051944561707173096e7eee0.jpg","articleSection":["NOT\u00cdCIAS"],"inLanguage":"pt-BR","potentialAction":[{"@type":"CommentAction","name":"Comment","target":["https:\/\/uvbbrasil.com.br\/aguas-de-chapeco-sc-presidente-ajusta-dias-de-sessoes-em-fevereiro\/#respond"]}]},{"@type":"WebPage","@id":"https:\/\/uvbbrasil.com.br\/aguas-de-chapeco-sc-presidente-ajusta-dias-de-sessoes-em-fevereiro\/","url":"https:\/\/uvbbrasil.com.br\/aguas-de-chapeco-sc-presidente-ajusta-dias-de-sessoes-em-fevereiro\/","name":"\u00c1guas de Chapec\u00f3\/SC- Presidente ajusta dias de sess\u00f5es em fevereiro - UVB Brasil","isPartOf":{"@id":"https:\/\/uvbbrasil.com.br\/#website"},"primaryImageOfPage":{"@id":"https:\/\/uvbbrasil.com.br\/aguas-de-chapeco-sc-presidente-ajusta-dias-de-sessoes-em-fevereiro\/#primaryimage"},"image":{"@id":"https:\/\/uvbbrasil.com.br\/aguas-de-chapeco-sc-presidente-ajusta-dias-de-sessoes-em-fevereiro\/#primaryimage"},"thumbnailUrl":"https:\/\/uvbbrasil.com.br\/wp-content\/uploads\/2024\/02\/202402051944561707173096e7eee0.jpg","datePublished":"2024-02-06T15:19:53+00:00","breadcrumb":{"@id":"https:\/\/uvbbrasil.com.br\/aguas-de-chapeco-sc-presidente-ajusta-dias-de-sessoes-em-fevereiro\/#breadcrumb"},"inLanguage":"pt-BR","potentialAction":[{"@type":"ReadAction","target":["https:\/\/uvbbrasil.com.br\/aguas-de-chapeco-sc-presidente-ajusta-dias-de-sessoes-em-fevereiro\/"]}]},{"@type":"ImageObject","inLanguage":"pt-BR","@id":"https:\/\/uvbbrasil.com.br\/aguas-de-chapeco-sc-presidente-ajusta-dias-de-sessoes-em-fevereiro\/#primaryimage","url":"https:\/\/uvbbrasil.com.br\/wp-content\/uploads\/2024\/02\/202402051944561707173096e7eee0.jpg","contentUrl":"https:\/\/uvbbrasil.com.br\/wp-content\/uploads\/2024\/02\/202402051944561707173096e7eee0.jpg","width":1500,"height":1125},{"@type":"BreadcrumbList","@id":"https:\/\/uvbbrasil.com.br\/aguas-de-chapeco-sc-presidente-ajusta-dias-de-sessoes-em-fevereiro\/#breadcrumb","itemListElement":[{"@type":"ListItem","position":1,"name":"In\u00edcio","item":"https:\/\/uvbbrasil.com.br\/"},{"@type":"ListItem","position":2,"name":"\u00c1guas de Chapec\u00f3\/SC- Presidente ajusta dias de sess\u00f5es em fevereiro"}]},{"@type":"WebSite","@id":"https:\/\/uvbbrasil.com.br\/#website","url":"https:\/\/uvbbrasil.com.br\/","name":"UVB Brasil","description":"Uni\u00e3o dos Vereadores do Brasil","publisher":{"@id":"https:\/\/uvbbrasil.com.br\/#organization"},"potentialAction":[{"@type":"SearchAction","target":{"@type":"EntryPoint","urlTemplate":"https:\/\/uvbbrasil.com.br\/?s={search_term_string}"},"query-input":{"@type":"PropertyValueSpecification","valueRequired":true,"valueName":"search_term_string"}}],"inLanguage":"pt-BR"},{"@type":"Organization","@id":"https:\/\/uvbbrasil.com.br\/#organization","name":"UVB Brasil","url":"https:\/\/uvbbrasil.com.br\/","logo":{"@type":"ImageObject","inLanguage":"pt-BR","@id":"https:\/\/uvbbrasil.com.br\/#\/schema\/logo\/image\/","url":"https:\/\/uvbbrasil.com.br\/wp-content\/uploads\/2025\/01\/LOGO-UVB-2024-azul-1.jpg","contentUrl":"https:\/\/uvbbrasil.com.br\/wp-content\/uploads\/2025\/01\/LOGO-UVB-2024-azul-1.jpg","width":600,"height":211,"caption":"UVB Brasil"},"image":{"@id":"https:\/\/uvbbrasil.com.br\/#\/schema\/logo\/image\/"},"sameAs":["https:\/\/www.facebook.com\/uvb.vereadoresbrasil","https:\/\/www.instagram.com\/uvbbrasil\/","https:\/\/www.youtube.com\/channel\/UCIlPQ8Xzw5GHNzosQIg9S5A"]},{"@type":"Person","@id":"https:\/\/uvbbrasil.com.br\/#\/schema\/person\/17990098446c098f52effddff4f1b272","name":"adminuvb","image":{"@type":"ImageObject","inLanguage":"pt-BR","@id":"https:\/\/uvbbrasil.com.br\/#\/schema\/person\/image\/","url":"https:\/\/secure.gravatar.com\/avatar\/1a494ea6f8e2dd1ae526e55b0e9497efdba542491e0620d704cccf63c6f77c45?s=96&d=mm&r=g","contentUrl":"https:\/\/secure.gravatar.com\/avatar\/1a494ea6f8e2dd1ae526e55b0e9497efdba542491e0620d704cccf63c6f77c45?s=96&d=mm&r=g","caption":"adminuvb"},"sameAs":["https:\/\/uvbbrasil.com.br"],"url":"https:\/\/uvbbrasil.com.br\/author\/adminuvb\/"}]}},"_links":{"self":[{"href":"https:\/\/uvbbrasil.com.br\/uvb-json\/wp\/v2\/posts\/33466","targetHints":{"allow":["GET"]}}],"collection":[{"href":"https:\/\/uvbbrasil.com.br\/uvb-json\/wp\/v2\/posts"}],"about":[{"href":"https:\/\/uvbbrasil.com.br\/uvb-json\/wp\/v2\/types\/post"}],"author":[{"embeddable":true,"href":"https:\/\/uvbbrasil.com.br\/uvb-json\/wp\/v2\/users\/1"}],"replies":[{"embeddable":true,"href":"https:\/\/uvbbrasil.com.br\/uvb-json\/wp\/v2\/comments?post=33466"}],"version-history":[{"count":0,"href":"https:\/\/uvbbrasil.com.br\/uvb-json\/wp\/v2\/posts\/33466\/revisions"}],"wp:featuredmedia":[{"embeddable":true,"href":"https:\/\/uvbbrasil.com.br\/uvb-json\/wp\/v2\/media\/33467"}],"wp:attachment":[{"href":"https:\/\/uvbbrasil.com.br\/uvb-json\/wp\/v2\/media?parent=33466"}],"wp:term":[{"taxonomy":"category","embeddable":true,"href":"https:\/\/uvbbrasil.com.br\/uvb-json\/wp\/v2\/categories?post=33466"},{"taxonomy":"post_tag","embeddable":true,"href":"https:\/\/uvbbrasil.com.br\/uvb-json\/wp\/v2\/tags?post=33466"}],"curies":[{"name":"wp","href":"https:\/\/api.w.org\/{rel}","templated":true}]}}