{"id":33284,"date":"2024-01-23T11:51:23","date_gmt":"2024-01-23T14:51:23","guid":{"rendered":"https:\/\/wpsandbox4.pante.com.br\/?p=33284"},"modified":"2024-01-23T11:51:23","modified_gmt":"2024-01-23T14:51:23","slug":"irai-rs-vereadores-aprovam-loa-2024","status":"publish","type":"post","link":"https:\/\/uvbbrasil.com.br\/irai-rs-vereadores-aprovam-loa-2024\/","title":{"rendered":"Ira\u00ed\/RS- Vereadores aprovam LOA 2024"},"content":{"rendered":"<h3 class=\"cm-title\"><\/h3>\n<p>O Poder Legislativo de Ira\u00ed\/RS\u00a0 durante a \u00faltima sess\u00e3o ordin\u00e1ria de dezembro, aprovou por unanimidade, o Projeto de Lei N\u00ba 073\/2023, de autoria do Poder Executivo, que trata sobre a Lei Or\u00e7ament\u00e1ria Anual (LOA). O projeto aprovado tem por finalidade dispor sobre a previs\u00e3o de receitas e despesas or\u00e7ament\u00e1rias para o exerc\u00edcio financeiro de 2024.<\/p>\n<p>De acordo com a Administra\u00e7\u00e3o, a receita e despesas do ano de 2024 ficou estimada em R$ 35.600.000,00(Trinta e cinco milh\u00f5es e seiscentos mil reais), recurso este que ser\u00e1 aplicado em diversas \u00e1reas, tais como, educa\u00e7\u00e3o, infraestrutura, sa\u00fade, agricultura entre outras \u00e1reas.<\/p>\n<p>A LOA que passou pelo crivo e aprecia\u00e7\u00e3o da Comiss\u00e3o de Economia, Finan\u00e7as e Or\u00e7amentos, est\u00e1 proposta no artigo 165 da Constitui\u00e7\u00e3o Federal que determina a confec\u00e7\u00e3o do Plano Plurianual, da Lei de Diretrizes Or\u00e7ament\u00e1rias e da Lei de Or\u00e7amentos Anuais, destinados ao ano vindouro.<\/p>\n<p>Elaborada pelo Poder Executivo, a Lei Or\u00e7ament\u00e1ria Anual \u00e9 a pe\u00e7a de planejamento que garante o gerenciamento anual das origens e aplica\u00e7\u00e3o dos recursos p\u00fablicos. Por meio do or\u00e7amento, define-se o montante de recursos que se espera arrecadar e a forma como esses recursos ser\u00e3o aplicados pela administra\u00e7\u00e3o p\u00fablica municipal.<\/p>\n<p><img fetchpriority=\"high\" decoding=\"async\" class=\"alignnone size-medium wp-image-33285\" src=\"https:\/\/uvbbrasil.com.br\/wp-content\/uploads\/2024\/01\/c7b704f293763f783d1d2b27a9fffcb5-300x200.jpg\" alt=\"\" width=\"300\" height=\"200\" srcset=\"https:\/\/uvbbrasil.com.br\/wp-content\/uploads\/2024\/01\/c7b704f293763f783d1d2b27a9fffcb5-300x200.jpg 300w, https:\/\/uvbbrasil.com.br\/wp-content\/uploads\/2024\/01\/c7b704f293763f783d1d2b27a9fffcb5.jpg 650w\" sizes=\"(max-width: 300px) 100vw, 300px\" \/><\/p>\n","protected":false},"excerpt":{"rendered":"<p>O Poder Legislativo de Ira\u00ed\/RS\u00a0 durante a \u00faltima sess\u00e3o ordin\u00e1ria de dezembro, aprovou por unanimidade, o Projeto de Lei N\u00ba&#8230;<\/p>\n","protected":false},"author":1,"featured_media":33285,"comment_status":"open","ping_status":"open","sticky":false,"template":"","format":"standard","meta":{"footnotes":""},"categories":[3],"tags":[],"class_list":["post-33284","post","type-post","status-publish","format-standard","has-post-thumbnail","hentry","category-noticias"],"yoast_head":"<!-- This site is optimized with the Yoast SEO plugin v26.7 - https:\/\/yoast.com\/wordpress\/plugins\/seo\/ -->\n<title>Ira\u00ed\/RS- Vereadores aprovam LOA 2024 - UVB Brasil<\/title>\n<meta name=\"robots\" content=\"index, follow, max-snippet:-1, max-image-preview:large, max-video-preview:-1\" \/>\n<link rel=\"canonical\" href=\"https:\/\/uvbbrasil.com.br\/irai-rs-vereadores-aprovam-loa-2024\/\" \/>\n<meta property=\"og:locale\" content=\"pt_BR\" \/>\n<meta property=\"og:type\" content=\"article\" \/>\n<meta property=\"og:title\" content=\"Ira\u00ed\/RS- Vereadores aprovam LOA 2024 - UVB Brasil\" \/>\n<meta property=\"og:description\" content=\"O Poder Legislativo de Ira\u00ed\/RS\u00a0 durante a \u00faltima sess\u00e3o ordin\u00e1ria de dezembro, aprovou por unanimidade, o Projeto de Lei N\u00ba...\" \/>\n<meta property=\"og:url\" content=\"https:\/\/uvbbrasil.com.br\/irai-rs-vereadores-aprovam-loa-2024\/\" \/>\n<meta property=\"og:site_name\" content=\"UVB Brasil\" \/>\n<meta property=\"article:publisher\" content=\"https:\/\/www.facebook.com\/uvb.vereadoresbrasil\" \/>\n<meta property=\"article:published_time\" content=\"2024-01-23T14:51:23+00:00\" \/>\n<meta property=\"og:image\" content=\"https:\/\/uvbbrasil.com.br\/wp-content\/uploads\/2024\/01\/c7b704f293763f783d1d2b27a9fffcb5.jpg\" \/>\n\t<meta property=\"og:image:width\" content=\"650\" \/>\n\t<meta property=\"og:image:height\" content=\"433\" \/>\n\t<meta property=\"og:image:type\" content=\"image\/jpeg\" \/>\n<meta name=\"author\" content=\"adminuvb\" \/>\n<meta name=\"twitter:card\" content=\"summary_large_image\" \/>\n<meta name=\"twitter:label1\" content=\"Escrito por\" \/>\n\t<meta name=\"twitter:data1\" content=\"adminuvb\" \/>\n\t<meta name=\"twitter:label2\" content=\"Est. tempo de leitura\" \/>\n\t<meta name=\"twitter:data2\" content=\"2 minutos\" \/>\n<script type=\"application\/ld+json\" class=\"yoast-schema-graph\">{\"@context\":\"https:\/\/schema.org\",\"@graph\":[{\"@type\":\"Article\",\"@id\":\"https:\/\/uvbbrasil.com.br\/irai-rs-vereadores-aprovam-loa-2024\/#article\",\"isPartOf\":{\"@id\":\"https:\/\/uvbbrasil.com.br\/irai-rs-vereadores-aprovam-loa-2024\/\"},\"author\":{\"name\":\"adminuvb\",\"@id\":\"https:\/\/uvbbrasil.com.br\/#\/schema\/person\/17990098446c098f52effddff4f1b272\"},\"headline\":\"Ira\u00ed\/RS- Vereadores aprovam LOA 2024\",\"datePublished\":\"2024-01-23T14:51:23+00:00\",\"mainEntityOfPage\":{\"@id\":\"https:\/\/uvbbrasil.com.br\/irai-rs-vereadores-aprovam-loa-2024\/\"},\"wordCount\":223,\"commentCount\":0,\"publisher\":{\"@id\":\"https:\/\/uvbbrasil.com.br\/#organization\"},\"image\":{\"@id\":\"https:\/\/uvbbrasil.com.br\/irai-rs-vereadores-aprovam-loa-2024\/#primaryimage\"},\"thumbnailUrl\":\"https:\/\/uvbbrasil.com.br\/wp-content\/uploads\/2024\/01\/c7b704f293763f783d1d2b27a9fffcb5.jpg\",\"articleSection\":[\"NOT\u00cdCIAS\"],\"inLanguage\":\"pt-BR\",\"potentialAction\":[{\"@type\":\"CommentAction\",\"name\":\"Comment\",\"target\":[\"https:\/\/uvbbrasil.com.br\/irai-rs-vereadores-aprovam-loa-2024\/#respond\"]}]},{\"@type\":\"WebPage\",\"@id\":\"https:\/\/uvbbrasil.com.br\/irai-rs-vereadores-aprovam-loa-2024\/\",\"url\":\"https:\/\/uvbbrasil.com.br\/irai-rs-vereadores-aprovam-loa-2024\/\",\"name\":\"Ira\u00ed\/RS- Vereadores aprovam LOA 2024 - UVB Brasil\",\"isPartOf\":{\"@id\":\"https:\/\/uvbbrasil.com.br\/#website\"},\"primaryImageOfPage\":{\"@id\":\"https:\/\/uvbbrasil.com.br\/irai-rs-vereadores-aprovam-loa-2024\/#primaryimage\"},\"image\":{\"@id\":\"https:\/\/uvbbrasil.com.br\/irai-rs-vereadores-aprovam-loa-2024\/#primaryimage\"},\"thumbnailUrl\":\"https:\/\/uvbbrasil.com.br\/wp-content\/uploads\/2024\/01\/c7b704f293763f783d1d2b27a9fffcb5.jpg\",\"datePublished\":\"2024-01-23T14:51:23+00:00\",\"breadcrumb\":{\"@id\":\"https:\/\/uvbbrasil.com.br\/irai-rs-vereadores-aprovam-loa-2024\/#breadcrumb\"},\"inLanguage\":\"pt-BR\",\"potentialAction\":[{\"@type\":\"ReadAction\",\"target\":[\"https:\/\/uvbbrasil.com.br\/irai-rs-vereadores-aprovam-loa-2024\/\"]}]},{\"@type\":\"ImageObject\",\"inLanguage\":\"pt-BR\",\"@id\":\"https:\/\/uvbbrasil.com.br\/irai-rs-vereadores-aprovam-loa-2024\/#primaryimage\",\"url\":\"https:\/\/uvbbrasil.com.br\/wp-content\/uploads\/2024\/01\/c7b704f293763f783d1d2b27a9fffcb5.jpg\",\"contentUrl\":\"https:\/\/uvbbrasil.com.br\/wp-content\/uploads\/2024\/01\/c7b704f293763f783d1d2b27a9fffcb5.jpg\",\"width\":650,\"height\":433},{\"@type\":\"BreadcrumbList\",\"@id\":\"https:\/\/uvbbrasil.com.br\/irai-rs-vereadores-aprovam-loa-2024\/#breadcrumb\",\"itemListElement\":[{\"@type\":\"ListItem\",\"position\":1,\"name\":\"In\u00edcio\",\"item\":\"https:\/\/uvbbrasil.com.br\/\"},{\"@type\":\"ListItem\",\"position\":2,\"name\":\"Ira\u00ed\/RS- Vereadores aprovam LOA 2024\"}]},{\"@type\":\"WebSite\",\"@id\":\"https:\/\/uvbbrasil.com.br\/#website\",\"url\":\"https:\/\/uvbbrasil.com.br\/\",\"name\":\"UVB Brasil\",\"description\":\"Uni\u00e3o dos Vereadores do Brasil\",\"publisher\":{\"@id\":\"https:\/\/uvbbrasil.com.br\/#organization\"},\"potentialAction\":[{\"@type\":\"SearchAction\",\"target\":{\"@type\":\"EntryPoint\",\"urlTemplate\":\"https:\/\/uvbbrasil.com.br\/?s={search_term_string}\"},\"query-input\":{\"@type\":\"PropertyValueSpecification\",\"valueRequired\":true,\"valueName\":\"search_term_string\"}}],\"inLanguage\":\"pt-BR\"},{\"@type\":\"Organization\",\"@id\":\"https:\/\/uvbbrasil.com.br\/#organization\",\"name\":\"UVB Brasil\",\"url\":\"https:\/\/uvbbrasil.com.br\/\",\"logo\":{\"@type\":\"ImageObject\",\"inLanguage\":\"pt-BR\",\"@id\":\"https:\/\/uvbbrasil.com.br\/#\/schema\/logo\/image\/\",\"url\":\"https:\/\/uvbbrasil.com.br\/wp-content\/uploads\/2025\/01\/LOGO-UVB-2024-azul-1.jpg\",\"contentUrl\":\"https:\/\/uvbbrasil.com.br\/wp-content\/uploads\/2025\/01\/LOGO-UVB-2024-azul-1.jpg\",\"width\":600,\"height\":211,\"caption\":\"UVB Brasil\"},\"image\":{\"@id\":\"https:\/\/uvbbrasil.com.br\/#\/schema\/logo\/image\/\"},\"sameAs\":[\"https:\/\/www.facebook.com\/uvb.vereadoresbrasil\",\"https:\/\/www.instagram.com\/uvbbrasil\/\",\"https:\/\/www.youtube.com\/channel\/UCIlPQ8Xzw5GHNzosQIg9S5A\"]},{\"@type\":\"Person\",\"@id\":\"https:\/\/uvbbrasil.com.br\/#\/schema\/person\/17990098446c098f52effddff4f1b272\",\"name\":\"adminuvb\",\"image\":{\"@type\":\"ImageObject\",\"inLanguage\":\"pt-BR\",\"@id\":\"https:\/\/uvbbrasil.com.br\/#\/schema\/person\/image\/\",\"url\":\"https:\/\/secure.gravatar.com\/avatar\/1a494ea6f8e2dd1ae526e55b0e9497efdba542491e0620d704cccf63c6f77c45?s=96&d=mm&r=g\",\"contentUrl\":\"https:\/\/secure.gravatar.com\/avatar\/1a494ea6f8e2dd1ae526e55b0e9497efdba542491e0620d704cccf63c6f77c45?s=96&d=mm&r=g\",\"caption\":\"adminuvb\"},\"sameAs\":[\"https:\/\/uvbbrasil.com.br\"],\"url\":\"https:\/\/uvbbrasil.com.br\/author\/adminuvb\/\"}]}<\/script>\n<!-- \/ Yoast SEO plugin. -->","yoast_head_json":{"title":"Ira\u00ed\/RS- Vereadores aprovam LOA 2024 - UVB Brasil","robots":{"index":"index","follow":"follow","max-snippet":"max-snippet:-1","max-image-preview":"max-image-preview:large","max-video-preview":"max-video-preview:-1"},"canonical":"https:\/\/uvbbrasil.com.br\/irai-rs-vereadores-aprovam-loa-2024\/","og_locale":"pt_BR","og_type":"article","og_title":"Ira\u00ed\/RS- Vereadores aprovam LOA 2024 - UVB Brasil","og_description":"O Poder Legislativo de Ira\u00ed\/RS\u00a0 durante a \u00faltima sess\u00e3o ordin\u00e1ria de dezembro, aprovou por unanimidade, o Projeto de Lei N\u00ba...","og_url":"https:\/\/uvbbrasil.com.br\/irai-rs-vereadores-aprovam-loa-2024\/","og_site_name":"UVB Brasil","article_publisher":"https:\/\/www.facebook.com\/uvb.vereadoresbrasil","article_published_time":"2024-01-23T14:51:23+00:00","og_image":[{"width":650,"height":433,"url":"https:\/\/uvbbrasil.com.br\/wp-content\/uploads\/2024\/01\/c7b704f293763f783d1d2b27a9fffcb5.jpg","type":"image\/jpeg"}],"author":"adminuvb","twitter_card":"summary_large_image","twitter_misc":{"Escrito por":"adminuvb","Est. tempo de leitura":"2 minutos"},"schema":{"@context":"https:\/\/schema.org","@graph":[{"@type":"Article","@id":"https:\/\/uvbbrasil.com.br\/irai-rs-vereadores-aprovam-loa-2024\/#article","isPartOf":{"@id":"https:\/\/uvbbrasil.com.br\/irai-rs-vereadores-aprovam-loa-2024\/"},"author":{"name":"adminuvb","@id":"https:\/\/uvbbrasil.com.br\/#\/schema\/person\/17990098446c098f52effddff4f1b272"},"headline":"Ira\u00ed\/RS- Vereadores aprovam LOA 2024","datePublished":"2024-01-23T14:51:23+00:00","mainEntityOfPage":{"@id":"https:\/\/uvbbrasil.com.br\/irai-rs-vereadores-aprovam-loa-2024\/"},"wordCount":223,"commentCount":0,"publisher":{"@id":"https:\/\/uvbbrasil.com.br\/#organization"},"image":{"@id":"https:\/\/uvbbrasil.com.br\/irai-rs-vereadores-aprovam-loa-2024\/#primaryimage"},"thumbnailUrl":"https:\/\/uvbbrasil.com.br\/wp-content\/uploads\/2024\/01\/c7b704f293763f783d1d2b27a9fffcb5.jpg","articleSection":["NOT\u00cdCIAS"],"inLanguage":"pt-BR","potentialAction":[{"@type":"CommentAction","name":"Comment","target":["https:\/\/uvbbrasil.com.br\/irai-rs-vereadores-aprovam-loa-2024\/#respond"]}]},{"@type":"WebPage","@id":"https:\/\/uvbbrasil.com.br\/irai-rs-vereadores-aprovam-loa-2024\/","url":"https:\/\/uvbbrasil.com.br\/irai-rs-vereadores-aprovam-loa-2024\/","name":"Ira\u00ed\/RS- Vereadores aprovam LOA 2024 - UVB Brasil","isPartOf":{"@id":"https:\/\/uvbbrasil.com.br\/#website"},"primaryImageOfPage":{"@id":"https:\/\/uvbbrasil.com.br\/irai-rs-vereadores-aprovam-loa-2024\/#primaryimage"},"image":{"@id":"https:\/\/uvbbrasil.com.br\/irai-rs-vereadores-aprovam-loa-2024\/#primaryimage"},"thumbnailUrl":"https:\/\/uvbbrasil.com.br\/wp-content\/uploads\/2024\/01\/c7b704f293763f783d1d2b27a9fffcb5.jpg","datePublished":"2024-01-23T14:51:23+00:00","breadcrumb":{"@id":"https:\/\/uvbbrasil.com.br\/irai-rs-vereadores-aprovam-loa-2024\/#breadcrumb"},"inLanguage":"pt-BR","potentialAction":[{"@type":"ReadAction","target":["https:\/\/uvbbrasil.com.br\/irai-rs-vereadores-aprovam-loa-2024\/"]}]},{"@type":"ImageObject","inLanguage":"pt-BR","@id":"https:\/\/uvbbrasil.com.br\/irai-rs-vereadores-aprovam-loa-2024\/#primaryimage","url":"https:\/\/uvbbrasil.com.br\/wp-content\/uploads\/2024\/01\/c7b704f293763f783d1d2b27a9fffcb5.jpg","contentUrl":"https:\/\/uvbbrasil.com.br\/wp-content\/uploads\/2024\/01\/c7b704f293763f783d1d2b27a9fffcb5.jpg","width":650,"height":433},{"@type":"BreadcrumbList","@id":"https:\/\/uvbbrasil.com.br\/irai-rs-vereadores-aprovam-loa-2024\/#breadcrumb","itemListElement":[{"@type":"ListItem","position":1,"name":"In\u00edcio","item":"https:\/\/uvbbrasil.com.br\/"},{"@type":"ListItem","position":2,"name":"Ira\u00ed\/RS- Vereadores aprovam LOA 2024"}]},{"@type":"WebSite","@id":"https:\/\/uvbbrasil.com.br\/#website","url":"https:\/\/uvbbrasil.com.br\/","name":"UVB Brasil","description":"Uni\u00e3o dos Vereadores do Brasil","publisher":{"@id":"https:\/\/uvbbrasil.com.br\/#organization"},"potentialAction":[{"@type":"SearchAction","target":{"@type":"EntryPoint","urlTemplate":"https:\/\/uvbbrasil.com.br\/?s={search_term_string}"},"query-input":{"@type":"PropertyValueSpecification","valueRequired":true,"valueName":"search_term_string"}}],"inLanguage":"pt-BR"},{"@type":"Organization","@id":"https:\/\/uvbbrasil.com.br\/#organization","name":"UVB Brasil","url":"https:\/\/uvbbrasil.com.br\/","logo":{"@type":"ImageObject","inLanguage":"pt-BR","@id":"https:\/\/uvbbrasil.com.br\/#\/schema\/logo\/image\/","url":"https:\/\/uvbbrasil.com.br\/wp-content\/uploads\/2025\/01\/LOGO-UVB-2024-azul-1.jpg","contentUrl":"https:\/\/uvbbrasil.com.br\/wp-content\/uploads\/2025\/01\/LOGO-UVB-2024-azul-1.jpg","width":600,"height":211,"caption":"UVB Brasil"},"image":{"@id":"https:\/\/uvbbrasil.com.br\/#\/schema\/logo\/image\/"},"sameAs":["https:\/\/www.facebook.com\/uvb.vereadoresbrasil","https:\/\/www.instagram.com\/uvbbrasil\/","https:\/\/www.youtube.com\/channel\/UCIlPQ8Xzw5GHNzosQIg9S5A"]},{"@type":"Person","@id":"https:\/\/uvbbrasil.com.br\/#\/schema\/person\/17990098446c098f52effddff4f1b272","name":"adminuvb","image":{"@type":"ImageObject","inLanguage":"pt-BR","@id":"https:\/\/uvbbrasil.com.br\/#\/schema\/person\/image\/","url":"https:\/\/secure.gravatar.com\/avatar\/1a494ea6f8e2dd1ae526e55b0e9497efdba542491e0620d704cccf63c6f77c45?s=96&d=mm&r=g","contentUrl":"https:\/\/secure.gravatar.com\/avatar\/1a494ea6f8e2dd1ae526e55b0e9497efdba542491e0620d704cccf63c6f77c45?s=96&d=mm&r=g","caption":"adminuvb"},"sameAs":["https:\/\/uvbbrasil.com.br"],"url":"https:\/\/uvbbrasil.com.br\/author\/adminuvb\/"}]}},"_links":{"self":[{"href":"https:\/\/uvbbrasil.com.br\/uvb-json\/wp\/v2\/posts\/33284","targetHints":{"allow":["GET"]}}],"collection":[{"href":"https:\/\/uvbbrasil.com.br\/uvb-json\/wp\/v2\/posts"}],"about":[{"href":"https:\/\/uvbbrasil.com.br\/uvb-json\/wp\/v2\/types\/post"}],"author":[{"embeddable":true,"href":"https:\/\/uvbbrasil.com.br\/uvb-json\/wp\/v2\/users\/1"}],"replies":[{"embeddable":true,"href":"https:\/\/uvbbrasil.com.br\/uvb-json\/wp\/v2\/comments?post=33284"}],"version-history":[{"count":0,"href":"https:\/\/uvbbrasil.com.br\/uvb-json\/wp\/v2\/posts\/33284\/revisions"}],"wp:featuredmedia":[{"embeddable":true,"href":"https:\/\/uvbbrasil.com.br\/uvb-json\/wp\/v2\/media\/33285"}],"wp:attachment":[{"href":"https:\/\/uvbbrasil.com.br\/uvb-json\/wp\/v2\/media?parent=33284"}],"wp:term":[{"taxonomy":"category","embeddable":true,"href":"https:\/\/uvbbrasil.com.br\/uvb-json\/wp\/v2\/categories?post=33284"},{"taxonomy":"post_tag","embeddable":true,"href":"https:\/\/uvbbrasil.com.br\/uvb-json\/wp\/v2\/tags?post=33284"}],"curies":[{"name":"wp","href":"https:\/\/api.w.org\/{rel}","templated":true}]}}