{"id":33136,"date":"2024-01-06T06:07:39","date_gmt":"2024-01-06T09:07:39","guid":{"rendered":"https:\/\/wpsandbox4.pante.com.br\/?p=33136"},"modified":"2024-01-06T06:07:39","modified_gmt":"2024-01-06T09:07:39","slug":"posse-da-mesa-diretora-da-camara-de-vereadores-de-tramandai-rs-para-2024","status":"publish","type":"post","link":"https:\/\/uvbbrasil.com.br\/posse-da-mesa-diretora-da-camara-de-vereadores-de-tramandai-rs-para-2024\/","title":{"rendered":"Posse da Mesa Diretora da C\u00e2mara de Vereadores de Tramanda\u00ed\/RS para 2024"},"content":{"rendered":"<p>Na \u00faltima segunda-feira, 1\u00ba de janeiro, ocorreu a posse da nova Mesa Diretora da C\u00e2mara de Vereadores de Tramanda\u00ed para 2024. O vereador Rafael Machado da Rosa C\u00f4rrea (PTB), presidente em 2023, transmitiu o cargo para o novo presidente, Clairton Neves Sessim (MDB), acompanhado pelos vereadores Juarez Marque da Silva (MDB), Luizinho do 1,99 (Cidadania), Geraldo Luis dos Santos (PP) e Rafael Machado da Rosa C\u00f4rrea<\/p>\n<p>A solenidade, com plen\u00e1rio lotado, teve a presen\u00e7a de importantes convidados, incluindo o governador em exerc\u00edcio, Gabriel Souza, o prefeito Luis Carlos Gauto da Silva, ex-prefeitos Eloi Braz Sessim, Anderson Hoffmeister e Edegar Rapach, al\u00e9m de secret\u00e1rios municipais e l\u00edderes de entidades representativas<\/p>\n<p>Na despedida da presid\u00eancia, o vereador Rafael Machado da Rosa C\u00f4rrea agradeceu aos servidores e destacou conquistas do \u00faltimo ano, incluindo a amplia\u00e7\u00e3o da C\u00e2mara, concurso p\u00fablico, processo eletr\u00f4nico, nova Lei de Licita\u00e7\u00f5es e melhorias na comunica\u00e7\u00e3o.<\/p>\n<p>Foi realizado o ato solene de despedida, incluindo a foto do vereador Rafa do Tri\u00e2ngulo na galeria dos ex-presidentes e do vereador Clairton Sessim na galeria dos presidentes, momento hist\u00f3rico que simboliza o reconhecimento e a valiosa contribui\u00e7\u00e3o desses l\u00edderes<\/p>\n<p>O novo presidente, Clairton Sessim, mencionou a presen\u00e7a dos ex-prefeitos e do governador em exerc\u00edcio, Gabriel Souza, a quem agradeceu pela oportunidade pol\u00edtica. \u201cRedesenhei minha milit\u00e2ncia pol\u00edtica a convite de Gabriel e hoje percebo que a decis\u00e3o foi a melhor para minha vida\u201d, afirmou Sessim.<\/p>\n<p>O governador em exerc\u00edcio, Gabriel Souza, expressou amizade e confian\u00e7a no novo presidente, desejando-lhe sucesso. Destacou a import\u00e2ncia do Legislativo como a casa do povo e ressaltou a honra de presidir o legislativo.<\/p>\n<p>A C\u00e2mara de Vereadores de Tramanda\u00ed retorna nesta ter\u00e7a-feira, 2 de janeiro, \u00e0s 19h, sob a presid\u00eancia de Clairton Neves Sessim, com o compromisso de conduzir os trabalhos legislativos e promover a participa\u00e7\u00e3o ativa da comunidade.<\/p>\n<p><img fetchpriority=\"high\" decoding=\"async\" class=\"alignnone size-medium wp-image-33137\" src=\"https:\/\/uvbbrasil.com.br\/wp-content\/uploads\/2024\/01\/WhatsApp-Image-2024-01-03-at-19.59.29-3-300x169.jpeg\" alt=\"\" width=\"300\" height=\"169\" srcset=\"https:\/\/uvbbrasil.com.br\/wp-content\/uploads\/2024\/01\/WhatsApp-Image-2024-01-03-at-19.59.29-3-300x169.jpeg 300w, https:\/\/uvbbrasil.com.br\/wp-content\/uploads\/2024\/01\/WhatsApp-Image-2024-01-03-at-19.59.29-3-1024x576.jpeg 1024w, https:\/\/uvbbrasil.com.br\/wp-content\/uploads\/2024\/01\/WhatsApp-Image-2024-01-03-at-19.59.29-3-768x432.jpeg 768w, https:\/\/uvbbrasil.com.br\/wp-content\/uploads\/2024\/01\/WhatsApp-Image-2024-01-03-at-19.59.29-3-1536x864.jpeg 1536w, https:\/\/uvbbrasil.com.br\/wp-content\/uploads\/2024\/01\/WhatsApp-Image-2024-01-03-at-19.59.29-3.jpeg 1600w\" sizes=\"(max-width: 300px) 100vw, 300px\" \/><\/p>\n","protected":false},"excerpt":{"rendered":"<p>Na \u00faltima segunda-feira, 1\u00ba de janeiro, ocorreu a posse da nova Mesa Diretora da C\u00e2mara de Vereadores de Tramanda\u00ed para&#8230;<\/p>\n","protected":false},"author":1,"featured_media":33137,"comment_status":"open","ping_status":"open","sticky":false,"template":"","format":"standard","meta":{"footnotes":""},"categories":[3],"tags":[],"class_list":["post-33136","post","type-post","status-publish","format-standard","has-post-thumbnail","hentry","category-noticias"],"yoast_head":"<!-- This site is optimized with the Yoast SEO plugin v26.7 - https:\/\/yoast.com\/wordpress\/plugins\/seo\/ -->\n<title>Posse da Mesa Diretora da C\u00e2mara de Vereadores de Tramanda\u00ed\/RS para 2024 - UVB Brasil<\/title>\n<meta name=\"robots\" content=\"index, follow, max-snippet:-1, max-image-preview:large, max-video-preview:-1\" \/>\n<link rel=\"canonical\" href=\"https:\/\/uvbbrasil.com.br\/posse-da-mesa-diretora-da-camara-de-vereadores-de-tramandai-rs-para-2024\/\" \/>\n<meta property=\"og:locale\" content=\"pt_BR\" \/>\n<meta property=\"og:type\" content=\"article\" \/>\n<meta property=\"og:title\" content=\"Posse da Mesa Diretora da C\u00e2mara de Vereadores de Tramanda\u00ed\/RS para 2024 - UVB Brasil\" \/>\n<meta property=\"og:description\" content=\"Na \u00faltima segunda-feira, 1\u00ba de janeiro, ocorreu a posse da nova Mesa Diretora da C\u00e2mara de Vereadores de Tramanda\u00ed para...\" \/>\n<meta property=\"og:url\" content=\"https:\/\/uvbbrasil.com.br\/posse-da-mesa-diretora-da-camara-de-vereadores-de-tramandai-rs-para-2024\/\" \/>\n<meta property=\"og:site_name\" content=\"UVB Brasil\" \/>\n<meta property=\"article:publisher\" content=\"https:\/\/www.facebook.com\/uvb.vereadoresbrasil\" \/>\n<meta property=\"article:published_time\" content=\"2024-01-06T09:07:39+00:00\" \/>\n<meta property=\"og:image\" content=\"https:\/\/uvbbrasil.com.br\/wp-content\/uploads\/2024\/01\/WhatsApp-Image-2024-01-03-at-19.59.29-3.jpeg\" \/>\n\t<meta property=\"og:image:width\" content=\"1600\" \/>\n\t<meta property=\"og:image:height\" content=\"900\" \/>\n\t<meta property=\"og:image:type\" content=\"image\/jpeg\" \/>\n<meta name=\"author\" content=\"adminuvb\" \/>\n<meta name=\"twitter:card\" content=\"summary_large_image\" \/>\n<meta name=\"twitter:label1\" content=\"Escrito por\" \/>\n\t<meta name=\"twitter:data1\" content=\"adminuvb\" \/>\n\t<meta name=\"twitter:label2\" content=\"Est. tempo de leitura\" \/>\n\t<meta name=\"twitter:data2\" content=\"2 minutos\" \/>\n<script type=\"application\/ld+json\" class=\"yoast-schema-graph\">{\"@context\":\"https:\/\/schema.org\",\"@graph\":[{\"@type\":\"Article\",\"@id\":\"https:\/\/uvbbrasil.com.br\/posse-da-mesa-diretora-da-camara-de-vereadores-de-tramandai-rs-para-2024\/#article\",\"isPartOf\":{\"@id\":\"https:\/\/uvbbrasil.com.br\/posse-da-mesa-diretora-da-camara-de-vereadores-de-tramandai-rs-para-2024\/\"},\"author\":{\"name\":\"adminuvb\",\"@id\":\"https:\/\/uvbbrasil.com.br\/#\/schema\/person\/17990098446c098f52effddff4f1b272\"},\"headline\":\"Posse da Mesa Diretora da C\u00e2mara de Vereadores de Tramanda\u00ed\/RS para 2024\",\"datePublished\":\"2024-01-06T09:07:39+00:00\",\"mainEntityOfPage\":{\"@id\":\"https:\/\/uvbbrasil.com.br\/posse-da-mesa-diretora-da-camara-de-vereadores-de-tramandai-rs-para-2024\/\"},\"wordCount\":342,\"commentCount\":0,\"publisher\":{\"@id\":\"https:\/\/uvbbrasil.com.br\/#organization\"},\"image\":{\"@id\":\"https:\/\/uvbbrasil.com.br\/posse-da-mesa-diretora-da-camara-de-vereadores-de-tramandai-rs-para-2024\/#primaryimage\"},\"thumbnailUrl\":\"https:\/\/uvbbrasil.com.br\/wp-content\/uploads\/2024\/01\/WhatsApp-Image-2024-01-03-at-19.59.29-3.jpeg\",\"articleSection\":[\"NOT\u00cdCIAS\"],\"inLanguage\":\"pt-BR\",\"potentialAction\":[{\"@type\":\"CommentAction\",\"name\":\"Comment\",\"target\":[\"https:\/\/uvbbrasil.com.br\/posse-da-mesa-diretora-da-camara-de-vereadores-de-tramandai-rs-para-2024\/#respond\"]}]},{\"@type\":\"WebPage\",\"@id\":\"https:\/\/uvbbrasil.com.br\/posse-da-mesa-diretora-da-camara-de-vereadores-de-tramandai-rs-para-2024\/\",\"url\":\"https:\/\/uvbbrasil.com.br\/posse-da-mesa-diretora-da-camara-de-vereadores-de-tramandai-rs-para-2024\/\",\"name\":\"Posse da Mesa Diretora da C\u00e2mara de Vereadores de Tramanda\u00ed\/RS para 2024 - UVB Brasil\",\"isPartOf\":{\"@id\":\"https:\/\/uvbbrasil.com.br\/#website\"},\"primaryImageOfPage\":{\"@id\":\"https:\/\/uvbbrasil.com.br\/posse-da-mesa-diretora-da-camara-de-vereadores-de-tramandai-rs-para-2024\/#primaryimage\"},\"image\":{\"@id\":\"https:\/\/uvbbrasil.com.br\/posse-da-mesa-diretora-da-camara-de-vereadores-de-tramandai-rs-para-2024\/#primaryimage\"},\"thumbnailUrl\":\"https:\/\/uvbbrasil.com.br\/wp-content\/uploads\/2024\/01\/WhatsApp-Image-2024-01-03-at-19.59.29-3.jpeg\",\"datePublished\":\"2024-01-06T09:07:39+00:00\",\"breadcrumb\":{\"@id\":\"https:\/\/uvbbrasil.com.br\/posse-da-mesa-diretora-da-camara-de-vereadores-de-tramandai-rs-para-2024\/#breadcrumb\"},\"inLanguage\":\"pt-BR\",\"potentialAction\":[{\"@type\":\"ReadAction\",\"target\":[\"https:\/\/uvbbrasil.com.br\/posse-da-mesa-diretora-da-camara-de-vereadores-de-tramandai-rs-para-2024\/\"]}]},{\"@type\":\"ImageObject\",\"inLanguage\":\"pt-BR\",\"@id\":\"https:\/\/uvbbrasil.com.br\/posse-da-mesa-diretora-da-camara-de-vereadores-de-tramandai-rs-para-2024\/#primaryimage\",\"url\":\"https:\/\/uvbbrasil.com.br\/wp-content\/uploads\/2024\/01\/WhatsApp-Image-2024-01-03-at-19.59.29-3.jpeg\",\"contentUrl\":\"https:\/\/uvbbrasil.com.br\/wp-content\/uploads\/2024\/01\/WhatsApp-Image-2024-01-03-at-19.59.29-3.jpeg\",\"width\":1600,\"height\":900},{\"@type\":\"BreadcrumbList\",\"@id\":\"https:\/\/uvbbrasil.com.br\/posse-da-mesa-diretora-da-camara-de-vereadores-de-tramandai-rs-para-2024\/#breadcrumb\",\"itemListElement\":[{\"@type\":\"ListItem\",\"position\":1,\"name\":\"In\u00edcio\",\"item\":\"https:\/\/uvbbrasil.com.br\/\"},{\"@type\":\"ListItem\",\"position\":2,\"name\":\"Posse da Mesa Diretora da C\u00e2mara de Vereadores de Tramanda\u00ed\/RS para 2024\"}]},{\"@type\":\"WebSite\",\"@id\":\"https:\/\/uvbbrasil.com.br\/#website\",\"url\":\"https:\/\/uvbbrasil.com.br\/\",\"name\":\"UVB Brasil\",\"description\":\"Uni\u00e3o dos Vereadores do Brasil\",\"publisher\":{\"@id\":\"https:\/\/uvbbrasil.com.br\/#organization\"},\"potentialAction\":[{\"@type\":\"SearchAction\",\"target\":{\"@type\":\"EntryPoint\",\"urlTemplate\":\"https:\/\/uvbbrasil.com.br\/?s={search_term_string}\"},\"query-input\":{\"@type\":\"PropertyValueSpecification\",\"valueRequired\":true,\"valueName\":\"search_term_string\"}}],\"inLanguage\":\"pt-BR\"},{\"@type\":\"Organization\",\"@id\":\"https:\/\/uvbbrasil.com.br\/#organization\",\"name\":\"UVB Brasil\",\"url\":\"https:\/\/uvbbrasil.com.br\/\",\"logo\":{\"@type\":\"ImageObject\",\"inLanguage\":\"pt-BR\",\"@id\":\"https:\/\/uvbbrasil.com.br\/#\/schema\/logo\/image\/\",\"url\":\"https:\/\/uvbbrasil.com.br\/wp-content\/uploads\/2025\/01\/LOGO-UVB-2024-azul-1.jpg\",\"contentUrl\":\"https:\/\/uvbbrasil.com.br\/wp-content\/uploads\/2025\/01\/LOGO-UVB-2024-azul-1.jpg\",\"width\":600,\"height\":211,\"caption\":\"UVB Brasil\"},\"image\":{\"@id\":\"https:\/\/uvbbrasil.com.br\/#\/schema\/logo\/image\/\"},\"sameAs\":[\"https:\/\/www.facebook.com\/uvb.vereadoresbrasil\",\"https:\/\/www.instagram.com\/uvbbrasil\/\",\"https:\/\/www.youtube.com\/channel\/UCIlPQ8Xzw5GHNzosQIg9S5A\"]},{\"@type\":\"Person\",\"@id\":\"https:\/\/uvbbrasil.com.br\/#\/schema\/person\/17990098446c098f52effddff4f1b272\",\"name\":\"adminuvb\",\"image\":{\"@type\":\"ImageObject\",\"inLanguage\":\"pt-BR\",\"@id\":\"https:\/\/uvbbrasil.com.br\/#\/schema\/person\/image\/\",\"url\":\"https:\/\/secure.gravatar.com\/avatar\/1a494ea6f8e2dd1ae526e55b0e9497efdba542491e0620d704cccf63c6f77c45?s=96&d=mm&r=g\",\"contentUrl\":\"https:\/\/secure.gravatar.com\/avatar\/1a494ea6f8e2dd1ae526e55b0e9497efdba542491e0620d704cccf63c6f77c45?s=96&d=mm&r=g\",\"caption\":\"adminuvb\"},\"sameAs\":[\"https:\/\/uvbbrasil.com.br\"],\"url\":\"https:\/\/uvbbrasil.com.br\/author\/adminuvb\/\"}]}<\/script>\n<!-- \/ Yoast SEO plugin. -->","yoast_head_json":{"title":"Posse da Mesa Diretora da C\u00e2mara de Vereadores de Tramanda\u00ed\/RS para 2024 - UVB Brasil","robots":{"index":"index","follow":"follow","max-snippet":"max-snippet:-1","max-image-preview":"max-image-preview:large","max-video-preview":"max-video-preview:-1"},"canonical":"https:\/\/uvbbrasil.com.br\/posse-da-mesa-diretora-da-camara-de-vereadores-de-tramandai-rs-para-2024\/","og_locale":"pt_BR","og_type":"article","og_title":"Posse da Mesa Diretora da C\u00e2mara de Vereadores de Tramanda\u00ed\/RS para 2024 - UVB Brasil","og_description":"Na \u00faltima segunda-feira, 1\u00ba de janeiro, ocorreu a posse da nova Mesa Diretora da C\u00e2mara de Vereadores de Tramanda\u00ed para...","og_url":"https:\/\/uvbbrasil.com.br\/posse-da-mesa-diretora-da-camara-de-vereadores-de-tramandai-rs-para-2024\/","og_site_name":"UVB Brasil","article_publisher":"https:\/\/www.facebook.com\/uvb.vereadoresbrasil","article_published_time":"2024-01-06T09:07:39+00:00","og_image":[{"width":1600,"height":900,"url":"https:\/\/uvbbrasil.com.br\/wp-content\/uploads\/2024\/01\/WhatsApp-Image-2024-01-03-at-19.59.29-3.jpeg","type":"image\/jpeg"}],"author":"adminuvb","twitter_card":"summary_large_image","twitter_misc":{"Escrito por":"adminuvb","Est. tempo de leitura":"2 minutos"},"schema":{"@context":"https:\/\/schema.org","@graph":[{"@type":"Article","@id":"https:\/\/uvbbrasil.com.br\/posse-da-mesa-diretora-da-camara-de-vereadores-de-tramandai-rs-para-2024\/#article","isPartOf":{"@id":"https:\/\/uvbbrasil.com.br\/posse-da-mesa-diretora-da-camara-de-vereadores-de-tramandai-rs-para-2024\/"},"author":{"name":"adminuvb","@id":"https:\/\/uvbbrasil.com.br\/#\/schema\/person\/17990098446c098f52effddff4f1b272"},"headline":"Posse da Mesa Diretora da C\u00e2mara de Vereadores de Tramanda\u00ed\/RS para 2024","datePublished":"2024-01-06T09:07:39+00:00","mainEntityOfPage":{"@id":"https:\/\/uvbbrasil.com.br\/posse-da-mesa-diretora-da-camara-de-vereadores-de-tramandai-rs-para-2024\/"},"wordCount":342,"commentCount":0,"publisher":{"@id":"https:\/\/uvbbrasil.com.br\/#organization"},"image":{"@id":"https:\/\/uvbbrasil.com.br\/posse-da-mesa-diretora-da-camara-de-vereadores-de-tramandai-rs-para-2024\/#primaryimage"},"thumbnailUrl":"https:\/\/uvbbrasil.com.br\/wp-content\/uploads\/2024\/01\/WhatsApp-Image-2024-01-03-at-19.59.29-3.jpeg","articleSection":["NOT\u00cdCIAS"],"inLanguage":"pt-BR","potentialAction":[{"@type":"CommentAction","name":"Comment","target":["https:\/\/uvbbrasil.com.br\/posse-da-mesa-diretora-da-camara-de-vereadores-de-tramandai-rs-para-2024\/#respond"]}]},{"@type":"WebPage","@id":"https:\/\/uvbbrasil.com.br\/posse-da-mesa-diretora-da-camara-de-vereadores-de-tramandai-rs-para-2024\/","url":"https:\/\/uvbbrasil.com.br\/posse-da-mesa-diretora-da-camara-de-vereadores-de-tramandai-rs-para-2024\/","name":"Posse da Mesa Diretora da C\u00e2mara de Vereadores de Tramanda\u00ed\/RS para 2024 - UVB Brasil","isPartOf":{"@id":"https:\/\/uvbbrasil.com.br\/#website"},"primaryImageOfPage":{"@id":"https:\/\/uvbbrasil.com.br\/posse-da-mesa-diretora-da-camara-de-vereadores-de-tramandai-rs-para-2024\/#primaryimage"},"image":{"@id":"https:\/\/uvbbrasil.com.br\/posse-da-mesa-diretora-da-camara-de-vereadores-de-tramandai-rs-para-2024\/#primaryimage"},"thumbnailUrl":"https:\/\/uvbbrasil.com.br\/wp-content\/uploads\/2024\/01\/WhatsApp-Image-2024-01-03-at-19.59.29-3.jpeg","datePublished":"2024-01-06T09:07:39+00:00","breadcrumb":{"@id":"https:\/\/uvbbrasil.com.br\/posse-da-mesa-diretora-da-camara-de-vereadores-de-tramandai-rs-para-2024\/#breadcrumb"},"inLanguage":"pt-BR","potentialAction":[{"@type":"ReadAction","target":["https:\/\/uvbbrasil.com.br\/posse-da-mesa-diretora-da-camara-de-vereadores-de-tramandai-rs-para-2024\/"]}]},{"@type":"ImageObject","inLanguage":"pt-BR","@id":"https:\/\/uvbbrasil.com.br\/posse-da-mesa-diretora-da-camara-de-vereadores-de-tramandai-rs-para-2024\/#primaryimage","url":"https:\/\/uvbbrasil.com.br\/wp-content\/uploads\/2024\/01\/WhatsApp-Image-2024-01-03-at-19.59.29-3.jpeg","contentUrl":"https:\/\/uvbbrasil.com.br\/wp-content\/uploads\/2024\/01\/WhatsApp-Image-2024-01-03-at-19.59.29-3.jpeg","width":1600,"height":900},{"@type":"BreadcrumbList","@id":"https:\/\/uvbbrasil.com.br\/posse-da-mesa-diretora-da-camara-de-vereadores-de-tramandai-rs-para-2024\/#breadcrumb","itemListElement":[{"@type":"ListItem","position":1,"name":"In\u00edcio","item":"https:\/\/uvbbrasil.com.br\/"},{"@type":"ListItem","position":2,"name":"Posse da Mesa Diretora da C\u00e2mara de Vereadores de Tramanda\u00ed\/RS para 2024"}]},{"@type":"WebSite","@id":"https:\/\/uvbbrasil.com.br\/#website","url":"https:\/\/uvbbrasil.com.br\/","name":"UVB Brasil","description":"Uni\u00e3o dos Vereadores do Brasil","publisher":{"@id":"https:\/\/uvbbrasil.com.br\/#organization"},"potentialAction":[{"@type":"SearchAction","target":{"@type":"EntryPoint","urlTemplate":"https:\/\/uvbbrasil.com.br\/?s={search_term_string}"},"query-input":{"@type":"PropertyValueSpecification","valueRequired":true,"valueName":"search_term_string"}}],"inLanguage":"pt-BR"},{"@type":"Organization","@id":"https:\/\/uvbbrasil.com.br\/#organization","name":"UVB Brasil","url":"https:\/\/uvbbrasil.com.br\/","logo":{"@type":"ImageObject","inLanguage":"pt-BR","@id":"https:\/\/uvbbrasil.com.br\/#\/schema\/logo\/image\/","url":"https:\/\/uvbbrasil.com.br\/wp-content\/uploads\/2025\/01\/LOGO-UVB-2024-azul-1.jpg","contentUrl":"https:\/\/uvbbrasil.com.br\/wp-content\/uploads\/2025\/01\/LOGO-UVB-2024-azul-1.jpg","width":600,"height":211,"caption":"UVB Brasil"},"image":{"@id":"https:\/\/uvbbrasil.com.br\/#\/schema\/logo\/image\/"},"sameAs":["https:\/\/www.facebook.com\/uvb.vereadoresbrasil","https:\/\/www.instagram.com\/uvbbrasil\/","https:\/\/www.youtube.com\/channel\/UCIlPQ8Xzw5GHNzosQIg9S5A"]},{"@type":"Person","@id":"https:\/\/uvbbrasil.com.br\/#\/schema\/person\/17990098446c098f52effddff4f1b272","name":"adminuvb","image":{"@type":"ImageObject","inLanguage":"pt-BR","@id":"https:\/\/uvbbrasil.com.br\/#\/schema\/person\/image\/","url":"https:\/\/secure.gravatar.com\/avatar\/1a494ea6f8e2dd1ae526e55b0e9497efdba542491e0620d704cccf63c6f77c45?s=96&d=mm&r=g","contentUrl":"https:\/\/secure.gravatar.com\/avatar\/1a494ea6f8e2dd1ae526e55b0e9497efdba542491e0620d704cccf63c6f77c45?s=96&d=mm&r=g","caption":"adminuvb"},"sameAs":["https:\/\/uvbbrasil.com.br"],"url":"https:\/\/uvbbrasil.com.br\/author\/adminuvb\/"}]}},"_links":{"self":[{"href":"https:\/\/uvbbrasil.com.br\/uvb-json\/wp\/v2\/posts\/33136","targetHints":{"allow":["GET"]}}],"collection":[{"href":"https:\/\/uvbbrasil.com.br\/uvb-json\/wp\/v2\/posts"}],"about":[{"href":"https:\/\/uvbbrasil.com.br\/uvb-json\/wp\/v2\/types\/post"}],"author":[{"embeddable":true,"href":"https:\/\/uvbbrasil.com.br\/uvb-json\/wp\/v2\/users\/1"}],"replies":[{"embeddable":true,"href":"https:\/\/uvbbrasil.com.br\/uvb-json\/wp\/v2\/comments?post=33136"}],"version-history":[{"count":0,"href":"https:\/\/uvbbrasil.com.br\/uvb-json\/wp\/v2\/posts\/33136\/revisions"}],"wp:featuredmedia":[{"embeddable":true,"href":"https:\/\/uvbbrasil.com.br\/uvb-json\/wp\/v2\/media\/33137"}],"wp:attachment":[{"href":"https:\/\/uvbbrasil.com.br\/uvb-json\/wp\/v2\/media?parent=33136"}],"wp:term":[{"taxonomy":"category","embeddable":true,"href":"https:\/\/uvbbrasil.com.br\/uvb-json\/wp\/v2\/categories?post=33136"},{"taxonomy":"post_tag","embeddable":true,"href":"https:\/\/uvbbrasil.com.br\/uvb-json\/wp\/v2\/tags?post=33136"}],"curies":[{"name":"wp","href":"https:\/\/api.w.org\/{rel}","templated":true}]}}