{"id":33101,"date":"2023-12-22T12:59:57","date_gmt":"2023-12-22T15:59:57","guid":{"rendered":"https:\/\/wpsandbox4.pante.com.br\/?p=33101"},"modified":"2023-12-22T12:59:57","modified_gmt":"2023-12-22T15:59:57","slug":"acamosc-elege-nova-diretoria-para-a-gestao-do-ano-de-2024","status":"publish","type":"post","link":"https:\/\/uvbbrasil.com.br\/acamosc-elege-nova-diretoria-para-a-gestao-do-ano-de-2024\/","title":{"rendered":"Acamosc elege nova diretoria para a gest\u00e3o do ano de 2024"},"content":{"rendered":"<p>&nbsp;<\/p>\n<p>A Associa\u00e7\u00e3o das C\u00e2maras do Oeste de Santa Catarina (Acamosc) realizou na noite de sexta-feira (15) a elei\u00e7\u00e3o para gest\u00e3o do ano de 2024. Foram eleitos os vereadores Franci\u00e9li Werlang, de Pinhalzinho, e Jucimar Ribeiro de Mello de Planalto Alegre, presidente e vice- presidente, respectivamente.<\/p>\n<p>A Acamosc conta atualmente com 31 C\u00e2maras filiadas e representa todo o Poder Legislativo da microrregi\u00e3o Oeste de Santa Catarina somando mais de 300 vereadores associados e cerca de 350 servidores.<\/p>\n<p>A entidade tem por objetivo principal dar todo o suporte para os vereadores e servidores dos Legislativos Municipais nas \u00e1reas jur\u00eddica, cont\u00e1bil, de licita\u00e7\u00f5es e administrativa, al\u00e9m de promover cursos e tamb\u00e9m capacita\u00e7\u00f5es na busca de solu\u00e7\u00f5es para os problemas municipais e regionais. Tivemos apenas uma chapa inscrita que foi eleita por aclama\u00e7\u00e3o dos vereadores presentes, a Assembleia foi realizada na sede da Acamosc, em Chapec\u00f3.<\/p>\n<p>\u201cA Acamosc e seus associados saem mais fortalecidos com os trabalhos desenvolvidos neste ano de 2023. Nos preocupamos e nos comprometemos na aproxima\u00e7\u00e3o entre a entidade e c\u00e2maras associadas, sempre oportunizando acompanhamento seguro e qualificando de acordo com as leis vigentes.<br \/>\nRealizamos um trabalho com muito comprometimento e dedica\u00e7\u00e3o, pensando principalmente nos associados, sejam eles Vereadores e Servidores das C\u00e2maras Municipais, proporcionando treinamentos e capacita\u00e7\u00f5es que contribu\u00edram para o desenvolvimento, tornando nosso Poder Legislativo regional mais eficaz e atuante em seus munic\u00edpios. Renovamos todas as assessorias possibilitando novas ideias e conhecimentos para dar suporte e apoio nas tomadas de decis\u00f5es tanto dos Vereadores como do corpo t\u00e9cnico das c\u00e2maras. Encerramos a gest\u00e3o de 2023 muito satisfeitos com o resultado do nosso trabalho e daremos continuidade em 2024 pensando novas possibilidades e pautas para fortalecer ainda mais o reconhecimento e a import\u00e2ncia dos Legislativos do nosso Oeste Catarinense.<br \/>\nGostaria de agradecer ao time de Vereadoras e Vereadores que fizeram parte da diretora deste ano de 2023, todos foram importantes e contribu\u00edram muito para o bom andamento das a\u00e7\u00f5es planejadas conjuntamente e, desejo as boas-vindas ao novo time que ir\u00e1 compor a diretora em 2024, juntos faremos com que nossa entidade seja ainda mais reconhecida, fortalecida e refer\u00eancia em todo o estado de Santa Catarina\u201d.<\/p>\n<p>Franci\u00e9li Werlang tem 42 anos, \u00e9 empres\u00e1ria e vereadora de primeiro mandato pelo munic\u00edpio de Pinhalzinho, sendo a vereadora mulher mais votada na elei\u00e7\u00e3o Municipal, atual Presidente da Associa\u00e7\u00e3o neste ano de 2023.<\/p>\n<p>Diretoria eleita para 2024:<br \/>\nPresidente: Franci\u00e9li Werlang \u2013 Pinhalzinho<br \/>\nVice-presidente: Jucimar Ribeiro de Mello \u2013 Planalto Alegre<br \/>\n1\u00aa Secret\u00e1ria: Ademir Damin \u2013 S\u00e3o Carlos<br \/>\n2\u00ba Secret\u00e1rio: Luana Basso \u2013 Aguas de Chapec\u00f3<br \/>\n1\u00ba Tesoureiro: Valdir Carvalho \u2013 Chapec\u00f3<br \/>\n2\u00ba Tesoureiro: Tiago Bergamaschi \u2013 Ita<br \/>\nDiretor de Patrim\u00f4nio: Euzebio Jo\u00e3ozinho Koserski \u2013 Xavantina<br \/>\nDiretor de Rela\u00e7\u00f5es P\u00fablicas: Claudemir Brescovitz \u2013 Saudades<br \/>\nDiretor de Forma\u00e7\u00e3o: Vin\u00edcios Rigo \u2013 Nova Itaberaba<\/p>\n<p>Conselho Fiscal: Caciano Sartori \u2013 Palmitos \u2013 Cristian Teixeira de Uni\u00e3o do Oeste \u2013 Ana Trevisol \u2013 Palmitos \u2013 Suplentes do Conselho Fiscal: Remi Sulbacher e Evelton Jair Schmitt \u2013 Cunhatai.<br \/>\nForam ainda eleitas as Vereadoras do F\u00f3rum da Mulher Vereadora composta pelas Vereadoras: Presidente: Kauana Vailon de Quilombo, Vice-Presidente: Sueli Sutili de Chapec\u00f3 Secret\u00e1ria: Ivone Dalla Corte de Planalto Alegre.<\/p>\n<p><img fetchpriority=\"high\" decoding=\"async\" class=\"alignnone size-medium wp-image-33102\" src=\"https:\/\/uvbbrasil.com.br\/wp-content\/uploads\/2023\/12\/0406c357-c1f5-4710-9882-8ca35f25454a-1-696x928-1-225x300.jpg\" alt=\"\" width=\"225\" height=\"300\" srcset=\"https:\/\/uvbbrasil.com.br\/wp-content\/uploads\/2023\/12\/0406c357-c1f5-4710-9882-8ca35f25454a-1-696x928-1-225x300.jpg 225w, https:\/\/uvbbrasil.com.br\/wp-content\/uploads\/2023\/12\/0406c357-c1f5-4710-9882-8ca35f25454a-1-696x928-1.jpg 696w\" sizes=\"(max-width: 225px) 100vw, 225px\" \/><\/p>\n","protected":false},"excerpt":{"rendered":"<p>&nbsp; A Associa\u00e7\u00e3o das C\u00e2maras do Oeste de Santa Catarina (Acamosc) realizou na noite de sexta-feira (15) a elei\u00e7\u00e3o para&#8230;<\/p>\n","protected":false},"author":1,"featured_media":33102,"comment_status":"open","ping_status":"open","sticky":false,"template":"","format":"standard","meta":{"footnotes":""},"categories":[3],"tags":[],"class_list":["post-33101","post","type-post","status-publish","format-standard","has-post-thumbnail","hentry","category-noticias"],"yoast_head":"<!-- This site is optimized with the Yoast SEO plugin v26.7 - https:\/\/yoast.com\/wordpress\/plugins\/seo\/ -->\n<title>Acamosc elege nova diretoria para a gest\u00e3o do ano de 2024 - UVB Brasil<\/title>\n<meta name=\"robots\" content=\"index, follow, max-snippet:-1, max-image-preview:large, max-video-preview:-1\" \/>\n<link rel=\"canonical\" href=\"https:\/\/uvbbrasil.com.br\/acamosc-elege-nova-diretoria-para-a-gestao-do-ano-de-2024\/\" \/>\n<meta property=\"og:locale\" content=\"pt_BR\" \/>\n<meta property=\"og:type\" content=\"article\" \/>\n<meta property=\"og:title\" content=\"Acamosc elege nova diretoria para a gest\u00e3o do ano de 2024 - UVB Brasil\" \/>\n<meta property=\"og:description\" content=\"&nbsp; A Associa\u00e7\u00e3o das C\u00e2maras do Oeste de Santa Catarina (Acamosc) realizou na noite de sexta-feira (15) a elei\u00e7\u00e3o para...\" \/>\n<meta property=\"og:url\" content=\"https:\/\/uvbbrasil.com.br\/acamosc-elege-nova-diretoria-para-a-gestao-do-ano-de-2024\/\" \/>\n<meta property=\"og:site_name\" content=\"UVB Brasil\" \/>\n<meta property=\"article:publisher\" content=\"https:\/\/www.facebook.com\/uvb.vereadoresbrasil\" \/>\n<meta property=\"article:published_time\" content=\"2023-12-22T15:59:57+00:00\" \/>\n<meta property=\"og:image\" content=\"https:\/\/uvbbrasil.com.br\/wp-content\/uploads\/2023\/12\/0406c357-c1f5-4710-9882-8ca35f25454a-1-696x928-1.jpg\" \/>\n\t<meta property=\"og:image:width\" content=\"696\" \/>\n\t<meta property=\"og:image:height\" content=\"928\" \/>\n\t<meta property=\"og:image:type\" content=\"image\/jpeg\" \/>\n<meta name=\"author\" content=\"adminuvb\" \/>\n<meta name=\"twitter:card\" content=\"summary_large_image\" \/>\n<meta name=\"twitter:label1\" content=\"Escrito por\" \/>\n\t<meta name=\"twitter:data1\" content=\"adminuvb\" \/>\n\t<meta name=\"twitter:label2\" content=\"Est. tempo de leitura\" \/>\n\t<meta name=\"twitter:data2\" content=\"3 minutos\" \/>\n<script type=\"application\/ld+json\" class=\"yoast-schema-graph\">{\"@context\":\"https:\/\/schema.org\",\"@graph\":[{\"@type\":\"Article\",\"@id\":\"https:\/\/uvbbrasil.com.br\/acamosc-elege-nova-diretoria-para-a-gestao-do-ano-de-2024\/#article\",\"isPartOf\":{\"@id\":\"https:\/\/uvbbrasil.com.br\/acamosc-elege-nova-diretoria-para-a-gestao-do-ano-de-2024\/\"},\"author\":{\"name\":\"adminuvb\",\"@id\":\"https:\/\/uvbbrasil.com.br\/#\/schema\/person\/17990098446c098f52effddff4f1b272\"},\"headline\":\"Acamosc elege nova diretoria para a gest\u00e3o do ano de 2024\",\"datePublished\":\"2023-12-22T15:59:57+00:00\",\"mainEntityOfPage\":{\"@id\":\"https:\/\/uvbbrasil.com.br\/acamosc-elege-nova-diretoria-para-a-gestao-do-ano-de-2024\/\"},\"wordCount\":544,\"commentCount\":0,\"publisher\":{\"@id\":\"https:\/\/uvbbrasil.com.br\/#organization\"},\"image\":{\"@id\":\"https:\/\/uvbbrasil.com.br\/acamosc-elege-nova-diretoria-para-a-gestao-do-ano-de-2024\/#primaryimage\"},\"thumbnailUrl\":\"https:\/\/uvbbrasil.com.br\/wp-content\/uploads\/2023\/12\/0406c357-c1f5-4710-9882-8ca35f25454a-1-696x928-1.jpg\",\"articleSection\":[\"NOT\u00cdCIAS\"],\"inLanguage\":\"pt-BR\",\"potentialAction\":[{\"@type\":\"CommentAction\",\"name\":\"Comment\",\"target\":[\"https:\/\/uvbbrasil.com.br\/acamosc-elege-nova-diretoria-para-a-gestao-do-ano-de-2024\/#respond\"]}]},{\"@type\":\"WebPage\",\"@id\":\"https:\/\/uvbbrasil.com.br\/acamosc-elege-nova-diretoria-para-a-gestao-do-ano-de-2024\/\",\"url\":\"https:\/\/uvbbrasil.com.br\/acamosc-elege-nova-diretoria-para-a-gestao-do-ano-de-2024\/\",\"name\":\"Acamosc elege nova diretoria para a gest\u00e3o do ano de 2024 - UVB Brasil\",\"isPartOf\":{\"@id\":\"https:\/\/uvbbrasil.com.br\/#website\"},\"primaryImageOfPage\":{\"@id\":\"https:\/\/uvbbrasil.com.br\/acamosc-elege-nova-diretoria-para-a-gestao-do-ano-de-2024\/#primaryimage\"},\"image\":{\"@id\":\"https:\/\/uvbbrasil.com.br\/acamosc-elege-nova-diretoria-para-a-gestao-do-ano-de-2024\/#primaryimage\"},\"thumbnailUrl\":\"https:\/\/uvbbrasil.com.br\/wp-content\/uploads\/2023\/12\/0406c357-c1f5-4710-9882-8ca35f25454a-1-696x928-1.jpg\",\"datePublished\":\"2023-12-22T15:59:57+00:00\",\"breadcrumb\":{\"@id\":\"https:\/\/uvbbrasil.com.br\/acamosc-elege-nova-diretoria-para-a-gestao-do-ano-de-2024\/#breadcrumb\"},\"inLanguage\":\"pt-BR\",\"potentialAction\":[{\"@type\":\"ReadAction\",\"target\":[\"https:\/\/uvbbrasil.com.br\/acamosc-elege-nova-diretoria-para-a-gestao-do-ano-de-2024\/\"]}]},{\"@type\":\"ImageObject\",\"inLanguage\":\"pt-BR\",\"@id\":\"https:\/\/uvbbrasil.com.br\/acamosc-elege-nova-diretoria-para-a-gestao-do-ano-de-2024\/#primaryimage\",\"url\":\"https:\/\/uvbbrasil.com.br\/wp-content\/uploads\/2023\/12\/0406c357-c1f5-4710-9882-8ca35f25454a-1-696x928-1.jpg\",\"contentUrl\":\"https:\/\/uvbbrasil.com.br\/wp-content\/uploads\/2023\/12\/0406c357-c1f5-4710-9882-8ca35f25454a-1-696x928-1.jpg\",\"width\":696,\"height\":928},{\"@type\":\"BreadcrumbList\",\"@id\":\"https:\/\/uvbbrasil.com.br\/acamosc-elege-nova-diretoria-para-a-gestao-do-ano-de-2024\/#breadcrumb\",\"itemListElement\":[{\"@type\":\"ListItem\",\"position\":1,\"name\":\"In\u00edcio\",\"item\":\"https:\/\/uvbbrasil.com.br\/\"},{\"@type\":\"ListItem\",\"position\":2,\"name\":\"Acamosc elege nova diretoria para a gest\u00e3o do ano de 2024\"}]},{\"@type\":\"WebSite\",\"@id\":\"https:\/\/uvbbrasil.com.br\/#website\",\"url\":\"https:\/\/uvbbrasil.com.br\/\",\"name\":\"UVB Brasil\",\"description\":\"Uni\u00e3o dos Vereadores do Brasil\",\"publisher\":{\"@id\":\"https:\/\/uvbbrasil.com.br\/#organization\"},\"potentialAction\":[{\"@type\":\"SearchAction\",\"target\":{\"@type\":\"EntryPoint\",\"urlTemplate\":\"https:\/\/uvbbrasil.com.br\/?s={search_term_string}\"},\"query-input\":{\"@type\":\"PropertyValueSpecification\",\"valueRequired\":true,\"valueName\":\"search_term_string\"}}],\"inLanguage\":\"pt-BR\"},{\"@type\":\"Organization\",\"@id\":\"https:\/\/uvbbrasil.com.br\/#organization\",\"name\":\"UVB Brasil\",\"url\":\"https:\/\/uvbbrasil.com.br\/\",\"logo\":{\"@type\":\"ImageObject\",\"inLanguage\":\"pt-BR\",\"@id\":\"https:\/\/uvbbrasil.com.br\/#\/schema\/logo\/image\/\",\"url\":\"https:\/\/uvbbrasil.com.br\/wp-content\/uploads\/2025\/01\/LOGO-UVB-2024-azul-1.jpg\",\"contentUrl\":\"https:\/\/uvbbrasil.com.br\/wp-content\/uploads\/2025\/01\/LOGO-UVB-2024-azul-1.jpg\",\"width\":600,\"height\":211,\"caption\":\"UVB Brasil\"},\"image\":{\"@id\":\"https:\/\/uvbbrasil.com.br\/#\/schema\/logo\/image\/\"},\"sameAs\":[\"https:\/\/www.facebook.com\/uvb.vereadoresbrasil\",\"https:\/\/www.instagram.com\/uvbbrasil\/\",\"https:\/\/www.youtube.com\/channel\/UCIlPQ8Xzw5GHNzosQIg9S5A\"]},{\"@type\":\"Person\",\"@id\":\"https:\/\/uvbbrasil.com.br\/#\/schema\/person\/17990098446c098f52effddff4f1b272\",\"name\":\"adminuvb\",\"image\":{\"@type\":\"ImageObject\",\"inLanguage\":\"pt-BR\",\"@id\":\"https:\/\/uvbbrasil.com.br\/#\/schema\/person\/image\/\",\"url\":\"https:\/\/secure.gravatar.com\/avatar\/1a494ea6f8e2dd1ae526e55b0e9497efdba542491e0620d704cccf63c6f77c45?s=96&d=mm&r=g\",\"contentUrl\":\"https:\/\/secure.gravatar.com\/avatar\/1a494ea6f8e2dd1ae526e55b0e9497efdba542491e0620d704cccf63c6f77c45?s=96&d=mm&r=g\",\"caption\":\"adminuvb\"},\"sameAs\":[\"https:\/\/uvbbrasil.com.br\"],\"url\":\"https:\/\/uvbbrasil.com.br\/author\/adminuvb\/\"}]}<\/script>\n<!-- \/ Yoast SEO plugin. -->","yoast_head_json":{"title":"Acamosc elege nova diretoria para a gest\u00e3o do ano de 2024 - UVB Brasil","robots":{"index":"index","follow":"follow","max-snippet":"max-snippet:-1","max-image-preview":"max-image-preview:large","max-video-preview":"max-video-preview:-1"},"canonical":"https:\/\/uvbbrasil.com.br\/acamosc-elege-nova-diretoria-para-a-gestao-do-ano-de-2024\/","og_locale":"pt_BR","og_type":"article","og_title":"Acamosc elege nova diretoria para a gest\u00e3o do ano de 2024 - UVB Brasil","og_description":"&nbsp; A Associa\u00e7\u00e3o das C\u00e2maras do Oeste de Santa Catarina (Acamosc) realizou na noite de sexta-feira (15) a elei\u00e7\u00e3o para...","og_url":"https:\/\/uvbbrasil.com.br\/acamosc-elege-nova-diretoria-para-a-gestao-do-ano-de-2024\/","og_site_name":"UVB Brasil","article_publisher":"https:\/\/www.facebook.com\/uvb.vereadoresbrasil","article_published_time":"2023-12-22T15:59:57+00:00","og_image":[{"width":696,"height":928,"url":"https:\/\/uvbbrasil.com.br\/wp-content\/uploads\/2023\/12\/0406c357-c1f5-4710-9882-8ca35f25454a-1-696x928-1.jpg","type":"image\/jpeg"}],"author":"adminuvb","twitter_card":"summary_large_image","twitter_misc":{"Escrito por":"adminuvb","Est. tempo de leitura":"3 minutos"},"schema":{"@context":"https:\/\/schema.org","@graph":[{"@type":"Article","@id":"https:\/\/uvbbrasil.com.br\/acamosc-elege-nova-diretoria-para-a-gestao-do-ano-de-2024\/#article","isPartOf":{"@id":"https:\/\/uvbbrasil.com.br\/acamosc-elege-nova-diretoria-para-a-gestao-do-ano-de-2024\/"},"author":{"name":"adminuvb","@id":"https:\/\/uvbbrasil.com.br\/#\/schema\/person\/17990098446c098f52effddff4f1b272"},"headline":"Acamosc elege nova diretoria para a gest\u00e3o do ano de 2024","datePublished":"2023-12-22T15:59:57+00:00","mainEntityOfPage":{"@id":"https:\/\/uvbbrasil.com.br\/acamosc-elege-nova-diretoria-para-a-gestao-do-ano-de-2024\/"},"wordCount":544,"commentCount":0,"publisher":{"@id":"https:\/\/uvbbrasil.com.br\/#organization"},"image":{"@id":"https:\/\/uvbbrasil.com.br\/acamosc-elege-nova-diretoria-para-a-gestao-do-ano-de-2024\/#primaryimage"},"thumbnailUrl":"https:\/\/uvbbrasil.com.br\/wp-content\/uploads\/2023\/12\/0406c357-c1f5-4710-9882-8ca35f25454a-1-696x928-1.jpg","articleSection":["NOT\u00cdCIAS"],"inLanguage":"pt-BR","potentialAction":[{"@type":"CommentAction","name":"Comment","target":["https:\/\/uvbbrasil.com.br\/acamosc-elege-nova-diretoria-para-a-gestao-do-ano-de-2024\/#respond"]}]},{"@type":"WebPage","@id":"https:\/\/uvbbrasil.com.br\/acamosc-elege-nova-diretoria-para-a-gestao-do-ano-de-2024\/","url":"https:\/\/uvbbrasil.com.br\/acamosc-elege-nova-diretoria-para-a-gestao-do-ano-de-2024\/","name":"Acamosc elege nova diretoria para a gest\u00e3o do ano de 2024 - UVB Brasil","isPartOf":{"@id":"https:\/\/uvbbrasil.com.br\/#website"},"primaryImageOfPage":{"@id":"https:\/\/uvbbrasil.com.br\/acamosc-elege-nova-diretoria-para-a-gestao-do-ano-de-2024\/#primaryimage"},"image":{"@id":"https:\/\/uvbbrasil.com.br\/acamosc-elege-nova-diretoria-para-a-gestao-do-ano-de-2024\/#primaryimage"},"thumbnailUrl":"https:\/\/uvbbrasil.com.br\/wp-content\/uploads\/2023\/12\/0406c357-c1f5-4710-9882-8ca35f25454a-1-696x928-1.jpg","datePublished":"2023-12-22T15:59:57+00:00","breadcrumb":{"@id":"https:\/\/uvbbrasil.com.br\/acamosc-elege-nova-diretoria-para-a-gestao-do-ano-de-2024\/#breadcrumb"},"inLanguage":"pt-BR","potentialAction":[{"@type":"ReadAction","target":["https:\/\/uvbbrasil.com.br\/acamosc-elege-nova-diretoria-para-a-gestao-do-ano-de-2024\/"]}]},{"@type":"ImageObject","inLanguage":"pt-BR","@id":"https:\/\/uvbbrasil.com.br\/acamosc-elege-nova-diretoria-para-a-gestao-do-ano-de-2024\/#primaryimage","url":"https:\/\/uvbbrasil.com.br\/wp-content\/uploads\/2023\/12\/0406c357-c1f5-4710-9882-8ca35f25454a-1-696x928-1.jpg","contentUrl":"https:\/\/uvbbrasil.com.br\/wp-content\/uploads\/2023\/12\/0406c357-c1f5-4710-9882-8ca35f25454a-1-696x928-1.jpg","width":696,"height":928},{"@type":"BreadcrumbList","@id":"https:\/\/uvbbrasil.com.br\/acamosc-elege-nova-diretoria-para-a-gestao-do-ano-de-2024\/#breadcrumb","itemListElement":[{"@type":"ListItem","position":1,"name":"In\u00edcio","item":"https:\/\/uvbbrasil.com.br\/"},{"@type":"ListItem","position":2,"name":"Acamosc elege nova diretoria para a gest\u00e3o do ano de 2024"}]},{"@type":"WebSite","@id":"https:\/\/uvbbrasil.com.br\/#website","url":"https:\/\/uvbbrasil.com.br\/","name":"UVB Brasil","description":"Uni\u00e3o dos Vereadores do Brasil","publisher":{"@id":"https:\/\/uvbbrasil.com.br\/#organization"},"potentialAction":[{"@type":"SearchAction","target":{"@type":"EntryPoint","urlTemplate":"https:\/\/uvbbrasil.com.br\/?s={search_term_string}"},"query-input":{"@type":"PropertyValueSpecification","valueRequired":true,"valueName":"search_term_string"}}],"inLanguage":"pt-BR"},{"@type":"Organization","@id":"https:\/\/uvbbrasil.com.br\/#organization","name":"UVB Brasil","url":"https:\/\/uvbbrasil.com.br\/","logo":{"@type":"ImageObject","inLanguage":"pt-BR","@id":"https:\/\/uvbbrasil.com.br\/#\/schema\/logo\/image\/","url":"https:\/\/uvbbrasil.com.br\/wp-content\/uploads\/2025\/01\/LOGO-UVB-2024-azul-1.jpg","contentUrl":"https:\/\/uvbbrasil.com.br\/wp-content\/uploads\/2025\/01\/LOGO-UVB-2024-azul-1.jpg","width":600,"height":211,"caption":"UVB Brasil"},"image":{"@id":"https:\/\/uvbbrasil.com.br\/#\/schema\/logo\/image\/"},"sameAs":["https:\/\/www.facebook.com\/uvb.vereadoresbrasil","https:\/\/www.instagram.com\/uvbbrasil\/","https:\/\/www.youtube.com\/channel\/UCIlPQ8Xzw5GHNzosQIg9S5A"]},{"@type":"Person","@id":"https:\/\/uvbbrasil.com.br\/#\/schema\/person\/17990098446c098f52effddff4f1b272","name":"adminuvb","image":{"@type":"ImageObject","inLanguage":"pt-BR","@id":"https:\/\/uvbbrasil.com.br\/#\/schema\/person\/image\/","url":"https:\/\/secure.gravatar.com\/avatar\/1a494ea6f8e2dd1ae526e55b0e9497efdba542491e0620d704cccf63c6f77c45?s=96&d=mm&r=g","contentUrl":"https:\/\/secure.gravatar.com\/avatar\/1a494ea6f8e2dd1ae526e55b0e9497efdba542491e0620d704cccf63c6f77c45?s=96&d=mm&r=g","caption":"adminuvb"},"sameAs":["https:\/\/uvbbrasil.com.br"],"url":"https:\/\/uvbbrasil.com.br\/author\/adminuvb\/"}]}},"_links":{"self":[{"href":"https:\/\/uvbbrasil.com.br\/uvb-json\/wp\/v2\/posts\/33101","targetHints":{"allow":["GET"]}}],"collection":[{"href":"https:\/\/uvbbrasil.com.br\/uvb-json\/wp\/v2\/posts"}],"about":[{"href":"https:\/\/uvbbrasil.com.br\/uvb-json\/wp\/v2\/types\/post"}],"author":[{"embeddable":true,"href":"https:\/\/uvbbrasil.com.br\/uvb-json\/wp\/v2\/users\/1"}],"replies":[{"embeddable":true,"href":"https:\/\/uvbbrasil.com.br\/uvb-json\/wp\/v2\/comments?post=33101"}],"version-history":[{"count":0,"href":"https:\/\/uvbbrasil.com.br\/uvb-json\/wp\/v2\/posts\/33101\/revisions"}],"wp:featuredmedia":[{"embeddable":true,"href":"https:\/\/uvbbrasil.com.br\/uvb-json\/wp\/v2\/media\/33102"}],"wp:attachment":[{"href":"https:\/\/uvbbrasil.com.br\/uvb-json\/wp\/v2\/media?parent=33101"}],"wp:term":[{"taxonomy":"category","embeddable":true,"href":"https:\/\/uvbbrasil.com.br\/uvb-json\/wp\/v2\/categories?post=33101"},{"taxonomy":"post_tag","embeddable":true,"href":"https:\/\/uvbbrasil.com.br\/uvb-json\/wp\/v2\/tags?post=33101"}],"curies":[{"name":"wp","href":"https:\/\/api.w.org\/{rel}","templated":true}]}}