{"id":32972,"date":"2023-12-08T12:15:26","date_gmt":"2023-12-08T15:15:26","guid":{"rendered":"https:\/\/wpsandbox4.pante.com.br\/?p=32972"},"modified":"2023-12-08T12:15:26","modified_gmt":"2023-12-08T15:15:26","slug":"talian-e-italiano-sao-linguas-cooficiais-de-encantado-rs","status":"publish","type":"post","link":"https:\/\/uvbbrasil.com.br\/talian-e-italiano-sao-linguas-cooficiais-de-encantado-rs\/","title":{"rendered":"Talian e Italiano s\u00e3o l\u00ednguas cooficiais de Encantado\/RS"},"content":{"rendered":"<p>&nbsp;<\/p>\n<p>O projeto de indica\u00e7\u00e3o do vereador Diego Augusto Da Rosa Pretto (PP), que estabelece ao munic\u00edpio de Encantado que tenha como l\u00edngua cooficial a Italiana e o dialeto talian, foi aprovado pelos vereadores na sess\u00e3o ordin\u00e1ria desta segunda-feira, 27. A mat\u00e9ria recebeu seis votos favor\u00e1veis e cinco contr\u00e1rios.<\/p>\n<p>Se sancionada pelo prefeito, a Lei permitir\u00e1 que documentos oficiais, publica\u00e7\u00f5es ou eventos do Poder P\u00fablico Municipal possam ser apresentados em italiano e\/ou dialeto talian.<\/p>\n<p>\u201c\u00c9 ineg\u00e1vel a import\u00e2ncia de preservar a cultura italiana para as novas gera\u00e7\u00f5es e, desta forma, caracterizar a nossa identidade atrav\u00e9s dos imigrantes, inserindo inclusive, esta identidade no turismo rent\u00e1vel\u201d, observa Pretto.<\/p>\n<p>Conforme a mat\u00e9ria, o objetivo principal \u00e9 divulgar a l\u00edngua italiana e criar oportunidades de com\u00e9rcio e de turismo, al\u00e9m de possibilitar diversas a\u00e7\u00f5es que visam preservar e divulgar o dialeto talian, muito utilizado em nossas comunidades, para que as novas gera\u00e7\u00f5es cultivem a cultura dos antepassados que colonizaram o munic\u00edpio e regi\u00e3o.<\/p>\n<p><img decoding=\"async\" src=\"https:\/\/static.xx.fbcdn.net\/images\/emoji.php\/v9\/t33\/1\/16\/2705.png\" alt=\"\u2705\" width=\"16\" height=\"16\" \/>\u00a0DENOMINA\u00c7\u00c3O DE RUAS<\/p>\n<p>Tamb\u00e9m de autoria do vereador Diego, foi aprovado por oito votos favor\u00e1veis e dois contr\u00e1rios, o projeto que estabelece crit\u00e9rios sobre a denomina\u00e7\u00e3o e a altera\u00e7\u00e3o de nome de vias pr\u00f3prias, logradouros e pr\u00e9dios p\u00fablicos.<\/p>\n<p>O encaminhamento do nome do cidad\u00e3o a ser homenageado dever\u00e1 ser apresentado com a subscri\u00e7\u00e3o de tr\u00eas vereadores ou indicado pelo Poder Executivo, juntamente com um hist\u00f3rico da pessoa e uma carta de familiares autorizando o processo. A aprova\u00e7\u00e3o da homenagem ser\u00e1 realizada em plen\u00e1rio.<\/p>\n<p>De acordo com o proponente, o nome indicado precisar\u00e1 seguir o tr\u00e2mite administrativo para ser validado. \u201cO local tamb\u00e9m dever\u00e1 estar de acordo com as pessoas que propuseram ou com a mem\u00f3ria do homenageado, o que acaba sendo uma preocupa\u00e7\u00e3o da comunidade que nos questiona porqu\u00ea uma determinada rua possui aquele nome, por exemplo\u201d. Pretto ainda agradeceu a colabora\u00e7\u00e3o dos colegas e das comiss\u00f5es que contribu\u00edram para o aprimoramento do projeto.<\/p>\n<p><img fetchpriority=\"high\" decoding=\"async\" class=\"alignnone size-medium wp-image-32973\" src=\"https:\/\/uvbbrasil.com.br\/wp-content\/uploads\/2023\/12\/sitedomainnoticiastalianeitalianosaolinguascooficiaisdeencantado1701282303473-300x219.jpeg\" alt=\"\" width=\"300\" height=\"219\" srcset=\"https:\/\/uvbbrasil.com.br\/wp-content\/uploads\/2023\/12\/sitedomainnoticiastalianeitalianosaolinguascooficiaisdeencantado1701282303473-300x219.jpeg 300w, https:\/\/uvbbrasil.com.br\/wp-content\/uploads\/2023\/12\/sitedomainnoticiastalianeitalianosaolinguascooficiaisdeencantado1701282303473-768x560.jpeg 768w, https:\/\/uvbbrasil.com.br\/wp-content\/uploads\/2023\/12\/sitedomainnoticiastalianeitalianosaolinguascooficiaisdeencantado1701282303473.jpeg 952w\" sizes=\"(max-width: 300px) 100vw, 300px\" \/><\/p>\n","protected":false},"excerpt":{"rendered":"<p>&nbsp; O projeto de indica\u00e7\u00e3o do vereador Diego Augusto Da Rosa Pretto (PP), que estabelece ao munic\u00edpio de Encantado que&#8230;<\/p>\n","protected":false},"author":1,"featured_media":32973,"comment_status":"open","ping_status":"open","sticky":false,"template":"","format":"standard","meta":{"footnotes":""},"categories":[3],"tags":[],"class_list":["post-32972","post","type-post","status-publish","format-standard","has-post-thumbnail","hentry","category-noticias"],"yoast_head":"<!-- This site is optimized with the Yoast SEO plugin v26.7 - https:\/\/yoast.com\/wordpress\/plugins\/seo\/ -->\n<title>Talian e Italiano s\u00e3o l\u00ednguas cooficiais de Encantado\/RS - UVB Brasil<\/title>\n<meta name=\"robots\" content=\"index, follow, max-snippet:-1, max-image-preview:large, max-video-preview:-1\" \/>\n<link rel=\"canonical\" href=\"https:\/\/uvbbrasil.com.br\/talian-e-italiano-sao-linguas-cooficiais-de-encantado-rs\/\" \/>\n<meta property=\"og:locale\" content=\"pt_BR\" \/>\n<meta property=\"og:type\" content=\"article\" \/>\n<meta property=\"og:title\" content=\"Talian e Italiano s\u00e3o l\u00ednguas cooficiais de Encantado\/RS - UVB Brasil\" \/>\n<meta property=\"og:description\" content=\"&nbsp; O projeto de indica\u00e7\u00e3o do vereador Diego Augusto Da Rosa Pretto (PP), que estabelece ao munic\u00edpio de Encantado que...\" \/>\n<meta property=\"og:url\" content=\"https:\/\/uvbbrasil.com.br\/talian-e-italiano-sao-linguas-cooficiais-de-encantado-rs\/\" \/>\n<meta property=\"og:site_name\" content=\"UVB Brasil\" \/>\n<meta property=\"article:publisher\" content=\"https:\/\/www.facebook.com\/uvb.vereadoresbrasil\" \/>\n<meta property=\"article:published_time\" content=\"2023-12-08T15:15:26+00:00\" \/>\n<meta property=\"og:image\" content=\"https:\/\/uvbbrasil.com.br\/wp-content\/uploads\/2023\/12\/sitedomainnoticiastalianeitalianosaolinguascooficiaisdeencantado1701282303473.jpeg\" \/>\n\t<meta property=\"og:image:width\" content=\"952\" \/>\n\t<meta property=\"og:image:height\" content=\"694\" \/>\n\t<meta property=\"og:image:type\" content=\"image\/jpeg\" \/>\n<meta name=\"author\" content=\"adminuvb\" \/>\n<meta name=\"twitter:card\" content=\"summary_large_image\" \/>\n<meta name=\"twitter:label1\" content=\"Escrito por\" \/>\n\t<meta name=\"twitter:data1\" content=\"adminuvb\" \/>\n\t<meta name=\"twitter:label2\" content=\"Est. tempo de leitura\" \/>\n\t<meta name=\"twitter:data2\" content=\"2 minutos\" \/>\n<script type=\"application\/ld+json\" class=\"yoast-schema-graph\">{\"@context\":\"https:\/\/schema.org\",\"@graph\":[{\"@type\":\"Article\",\"@id\":\"https:\/\/uvbbrasil.com.br\/talian-e-italiano-sao-linguas-cooficiais-de-encantado-rs\/#article\",\"isPartOf\":{\"@id\":\"https:\/\/uvbbrasil.com.br\/talian-e-italiano-sao-linguas-cooficiais-de-encantado-rs\/\"},\"author\":{\"name\":\"adminuvb\",\"@id\":\"https:\/\/uvbbrasil.com.br\/#\/schema\/person\/17990098446c098f52effddff4f1b272\"},\"headline\":\"Talian e Italiano s\u00e3o l\u00ednguas cooficiais de Encantado\/RS\",\"datePublished\":\"2023-12-08T15:15:26+00:00\",\"mainEntityOfPage\":{\"@id\":\"https:\/\/uvbbrasil.com.br\/talian-e-italiano-sao-linguas-cooficiais-de-encantado-rs\/\"},\"wordCount\":368,\"commentCount\":0,\"publisher\":{\"@id\":\"https:\/\/uvbbrasil.com.br\/#organization\"},\"image\":{\"@id\":\"https:\/\/uvbbrasil.com.br\/talian-e-italiano-sao-linguas-cooficiais-de-encantado-rs\/#primaryimage\"},\"thumbnailUrl\":\"https:\/\/uvbbrasil.com.br\/wp-content\/uploads\/2023\/12\/sitedomainnoticiastalianeitalianosaolinguascooficiaisdeencantado1701282303473.jpeg\",\"articleSection\":[\"NOT\u00cdCIAS\"],\"inLanguage\":\"pt-BR\",\"potentialAction\":[{\"@type\":\"CommentAction\",\"name\":\"Comment\",\"target\":[\"https:\/\/uvbbrasil.com.br\/talian-e-italiano-sao-linguas-cooficiais-de-encantado-rs\/#respond\"]}]},{\"@type\":\"WebPage\",\"@id\":\"https:\/\/uvbbrasil.com.br\/talian-e-italiano-sao-linguas-cooficiais-de-encantado-rs\/\",\"url\":\"https:\/\/uvbbrasil.com.br\/talian-e-italiano-sao-linguas-cooficiais-de-encantado-rs\/\",\"name\":\"Talian e Italiano s\u00e3o l\u00ednguas cooficiais de Encantado\/RS - UVB Brasil\",\"isPartOf\":{\"@id\":\"https:\/\/uvbbrasil.com.br\/#website\"},\"primaryImageOfPage\":{\"@id\":\"https:\/\/uvbbrasil.com.br\/talian-e-italiano-sao-linguas-cooficiais-de-encantado-rs\/#primaryimage\"},\"image\":{\"@id\":\"https:\/\/uvbbrasil.com.br\/talian-e-italiano-sao-linguas-cooficiais-de-encantado-rs\/#primaryimage\"},\"thumbnailUrl\":\"https:\/\/uvbbrasil.com.br\/wp-content\/uploads\/2023\/12\/sitedomainnoticiastalianeitalianosaolinguascooficiaisdeencantado1701282303473.jpeg\",\"datePublished\":\"2023-12-08T15:15:26+00:00\",\"breadcrumb\":{\"@id\":\"https:\/\/uvbbrasil.com.br\/talian-e-italiano-sao-linguas-cooficiais-de-encantado-rs\/#breadcrumb\"},\"inLanguage\":\"pt-BR\",\"potentialAction\":[{\"@type\":\"ReadAction\",\"target\":[\"https:\/\/uvbbrasil.com.br\/talian-e-italiano-sao-linguas-cooficiais-de-encantado-rs\/\"]}]},{\"@type\":\"ImageObject\",\"inLanguage\":\"pt-BR\",\"@id\":\"https:\/\/uvbbrasil.com.br\/talian-e-italiano-sao-linguas-cooficiais-de-encantado-rs\/#primaryimage\",\"url\":\"https:\/\/uvbbrasil.com.br\/wp-content\/uploads\/2023\/12\/sitedomainnoticiastalianeitalianosaolinguascooficiaisdeencantado1701282303473.jpeg\",\"contentUrl\":\"https:\/\/uvbbrasil.com.br\/wp-content\/uploads\/2023\/12\/sitedomainnoticiastalianeitalianosaolinguascooficiaisdeencantado1701282303473.jpeg\",\"width\":952,\"height\":694},{\"@type\":\"BreadcrumbList\",\"@id\":\"https:\/\/uvbbrasil.com.br\/talian-e-italiano-sao-linguas-cooficiais-de-encantado-rs\/#breadcrumb\",\"itemListElement\":[{\"@type\":\"ListItem\",\"position\":1,\"name\":\"In\u00edcio\",\"item\":\"https:\/\/uvbbrasil.com.br\/\"},{\"@type\":\"ListItem\",\"position\":2,\"name\":\"Talian e Italiano s\u00e3o l\u00ednguas cooficiais de Encantado\/RS\"}]},{\"@type\":\"WebSite\",\"@id\":\"https:\/\/uvbbrasil.com.br\/#website\",\"url\":\"https:\/\/uvbbrasil.com.br\/\",\"name\":\"UVB Brasil\",\"description\":\"Uni\u00e3o dos Vereadores do Brasil\",\"publisher\":{\"@id\":\"https:\/\/uvbbrasil.com.br\/#organization\"},\"potentialAction\":[{\"@type\":\"SearchAction\",\"target\":{\"@type\":\"EntryPoint\",\"urlTemplate\":\"https:\/\/uvbbrasil.com.br\/?s={search_term_string}\"},\"query-input\":{\"@type\":\"PropertyValueSpecification\",\"valueRequired\":true,\"valueName\":\"search_term_string\"}}],\"inLanguage\":\"pt-BR\"},{\"@type\":\"Organization\",\"@id\":\"https:\/\/uvbbrasil.com.br\/#organization\",\"name\":\"UVB Brasil\",\"url\":\"https:\/\/uvbbrasil.com.br\/\",\"logo\":{\"@type\":\"ImageObject\",\"inLanguage\":\"pt-BR\",\"@id\":\"https:\/\/uvbbrasil.com.br\/#\/schema\/logo\/image\/\",\"url\":\"https:\/\/uvbbrasil.com.br\/wp-content\/uploads\/2025\/01\/LOGO-UVB-2024-azul-1.jpg\",\"contentUrl\":\"https:\/\/uvbbrasil.com.br\/wp-content\/uploads\/2025\/01\/LOGO-UVB-2024-azul-1.jpg\",\"width\":600,\"height\":211,\"caption\":\"UVB Brasil\"},\"image\":{\"@id\":\"https:\/\/uvbbrasil.com.br\/#\/schema\/logo\/image\/\"},\"sameAs\":[\"https:\/\/www.facebook.com\/uvb.vereadoresbrasil\",\"https:\/\/www.instagram.com\/uvbbrasil\/\",\"https:\/\/www.youtube.com\/channel\/UCIlPQ8Xzw5GHNzosQIg9S5A\"]},{\"@type\":\"Person\",\"@id\":\"https:\/\/uvbbrasil.com.br\/#\/schema\/person\/17990098446c098f52effddff4f1b272\",\"name\":\"adminuvb\",\"image\":{\"@type\":\"ImageObject\",\"inLanguage\":\"pt-BR\",\"@id\":\"https:\/\/uvbbrasil.com.br\/#\/schema\/person\/image\/\",\"url\":\"https:\/\/secure.gravatar.com\/avatar\/1a494ea6f8e2dd1ae526e55b0e9497efdba542491e0620d704cccf63c6f77c45?s=96&d=mm&r=g\",\"contentUrl\":\"https:\/\/secure.gravatar.com\/avatar\/1a494ea6f8e2dd1ae526e55b0e9497efdba542491e0620d704cccf63c6f77c45?s=96&d=mm&r=g\",\"caption\":\"adminuvb\"},\"sameAs\":[\"https:\/\/uvbbrasil.com.br\"],\"url\":\"https:\/\/uvbbrasil.com.br\/author\/adminuvb\/\"}]}<\/script>\n<!-- \/ Yoast SEO plugin. -->","yoast_head_json":{"title":"Talian e Italiano s\u00e3o l\u00ednguas cooficiais de Encantado\/RS - UVB Brasil","robots":{"index":"index","follow":"follow","max-snippet":"max-snippet:-1","max-image-preview":"max-image-preview:large","max-video-preview":"max-video-preview:-1"},"canonical":"https:\/\/uvbbrasil.com.br\/talian-e-italiano-sao-linguas-cooficiais-de-encantado-rs\/","og_locale":"pt_BR","og_type":"article","og_title":"Talian e Italiano s\u00e3o l\u00ednguas cooficiais de Encantado\/RS - UVB Brasil","og_description":"&nbsp; O projeto de indica\u00e7\u00e3o do vereador Diego Augusto Da Rosa Pretto (PP), que estabelece ao munic\u00edpio de Encantado que...","og_url":"https:\/\/uvbbrasil.com.br\/talian-e-italiano-sao-linguas-cooficiais-de-encantado-rs\/","og_site_name":"UVB Brasil","article_publisher":"https:\/\/www.facebook.com\/uvb.vereadoresbrasil","article_published_time":"2023-12-08T15:15:26+00:00","og_image":[{"width":952,"height":694,"url":"https:\/\/uvbbrasil.com.br\/wp-content\/uploads\/2023\/12\/sitedomainnoticiastalianeitalianosaolinguascooficiaisdeencantado1701282303473.jpeg","type":"image\/jpeg"}],"author":"adminuvb","twitter_card":"summary_large_image","twitter_misc":{"Escrito por":"adminuvb","Est. tempo de leitura":"2 minutos"},"schema":{"@context":"https:\/\/schema.org","@graph":[{"@type":"Article","@id":"https:\/\/uvbbrasil.com.br\/talian-e-italiano-sao-linguas-cooficiais-de-encantado-rs\/#article","isPartOf":{"@id":"https:\/\/uvbbrasil.com.br\/talian-e-italiano-sao-linguas-cooficiais-de-encantado-rs\/"},"author":{"name":"adminuvb","@id":"https:\/\/uvbbrasil.com.br\/#\/schema\/person\/17990098446c098f52effddff4f1b272"},"headline":"Talian e Italiano s\u00e3o l\u00ednguas cooficiais de Encantado\/RS","datePublished":"2023-12-08T15:15:26+00:00","mainEntityOfPage":{"@id":"https:\/\/uvbbrasil.com.br\/talian-e-italiano-sao-linguas-cooficiais-de-encantado-rs\/"},"wordCount":368,"commentCount":0,"publisher":{"@id":"https:\/\/uvbbrasil.com.br\/#organization"},"image":{"@id":"https:\/\/uvbbrasil.com.br\/talian-e-italiano-sao-linguas-cooficiais-de-encantado-rs\/#primaryimage"},"thumbnailUrl":"https:\/\/uvbbrasil.com.br\/wp-content\/uploads\/2023\/12\/sitedomainnoticiastalianeitalianosaolinguascooficiaisdeencantado1701282303473.jpeg","articleSection":["NOT\u00cdCIAS"],"inLanguage":"pt-BR","potentialAction":[{"@type":"CommentAction","name":"Comment","target":["https:\/\/uvbbrasil.com.br\/talian-e-italiano-sao-linguas-cooficiais-de-encantado-rs\/#respond"]}]},{"@type":"WebPage","@id":"https:\/\/uvbbrasil.com.br\/talian-e-italiano-sao-linguas-cooficiais-de-encantado-rs\/","url":"https:\/\/uvbbrasil.com.br\/talian-e-italiano-sao-linguas-cooficiais-de-encantado-rs\/","name":"Talian e Italiano s\u00e3o l\u00ednguas cooficiais de Encantado\/RS - UVB Brasil","isPartOf":{"@id":"https:\/\/uvbbrasil.com.br\/#website"},"primaryImageOfPage":{"@id":"https:\/\/uvbbrasil.com.br\/talian-e-italiano-sao-linguas-cooficiais-de-encantado-rs\/#primaryimage"},"image":{"@id":"https:\/\/uvbbrasil.com.br\/talian-e-italiano-sao-linguas-cooficiais-de-encantado-rs\/#primaryimage"},"thumbnailUrl":"https:\/\/uvbbrasil.com.br\/wp-content\/uploads\/2023\/12\/sitedomainnoticiastalianeitalianosaolinguascooficiaisdeencantado1701282303473.jpeg","datePublished":"2023-12-08T15:15:26+00:00","breadcrumb":{"@id":"https:\/\/uvbbrasil.com.br\/talian-e-italiano-sao-linguas-cooficiais-de-encantado-rs\/#breadcrumb"},"inLanguage":"pt-BR","potentialAction":[{"@type":"ReadAction","target":["https:\/\/uvbbrasil.com.br\/talian-e-italiano-sao-linguas-cooficiais-de-encantado-rs\/"]}]},{"@type":"ImageObject","inLanguage":"pt-BR","@id":"https:\/\/uvbbrasil.com.br\/talian-e-italiano-sao-linguas-cooficiais-de-encantado-rs\/#primaryimage","url":"https:\/\/uvbbrasil.com.br\/wp-content\/uploads\/2023\/12\/sitedomainnoticiastalianeitalianosaolinguascooficiaisdeencantado1701282303473.jpeg","contentUrl":"https:\/\/uvbbrasil.com.br\/wp-content\/uploads\/2023\/12\/sitedomainnoticiastalianeitalianosaolinguascooficiaisdeencantado1701282303473.jpeg","width":952,"height":694},{"@type":"BreadcrumbList","@id":"https:\/\/uvbbrasil.com.br\/talian-e-italiano-sao-linguas-cooficiais-de-encantado-rs\/#breadcrumb","itemListElement":[{"@type":"ListItem","position":1,"name":"In\u00edcio","item":"https:\/\/uvbbrasil.com.br\/"},{"@type":"ListItem","position":2,"name":"Talian e Italiano s\u00e3o l\u00ednguas cooficiais de Encantado\/RS"}]},{"@type":"WebSite","@id":"https:\/\/uvbbrasil.com.br\/#website","url":"https:\/\/uvbbrasil.com.br\/","name":"UVB Brasil","description":"Uni\u00e3o dos Vereadores do Brasil","publisher":{"@id":"https:\/\/uvbbrasil.com.br\/#organization"},"potentialAction":[{"@type":"SearchAction","target":{"@type":"EntryPoint","urlTemplate":"https:\/\/uvbbrasil.com.br\/?s={search_term_string}"},"query-input":{"@type":"PropertyValueSpecification","valueRequired":true,"valueName":"search_term_string"}}],"inLanguage":"pt-BR"},{"@type":"Organization","@id":"https:\/\/uvbbrasil.com.br\/#organization","name":"UVB Brasil","url":"https:\/\/uvbbrasil.com.br\/","logo":{"@type":"ImageObject","inLanguage":"pt-BR","@id":"https:\/\/uvbbrasil.com.br\/#\/schema\/logo\/image\/","url":"https:\/\/uvbbrasil.com.br\/wp-content\/uploads\/2025\/01\/LOGO-UVB-2024-azul-1.jpg","contentUrl":"https:\/\/uvbbrasil.com.br\/wp-content\/uploads\/2025\/01\/LOGO-UVB-2024-azul-1.jpg","width":600,"height":211,"caption":"UVB Brasil"},"image":{"@id":"https:\/\/uvbbrasil.com.br\/#\/schema\/logo\/image\/"},"sameAs":["https:\/\/www.facebook.com\/uvb.vereadoresbrasil","https:\/\/www.instagram.com\/uvbbrasil\/","https:\/\/www.youtube.com\/channel\/UCIlPQ8Xzw5GHNzosQIg9S5A"]},{"@type":"Person","@id":"https:\/\/uvbbrasil.com.br\/#\/schema\/person\/17990098446c098f52effddff4f1b272","name":"adminuvb","image":{"@type":"ImageObject","inLanguage":"pt-BR","@id":"https:\/\/uvbbrasil.com.br\/#\/schema\/person\/image\/","url":"https:\/\/secure.gravatar.com\/avatar\/1a494ea6f8e2dd1ae526e55b0e9497efdba542491e0620d704cccf63c6f77c45?s=96&d=mm&r=g","contentUrl":"https:\/\/secure.gravatar.com\/avatar\/1a494ea6f8e2dd1ae526e55b0e9497efdba542491e0620d704cccf63c6f77c45?s=96&d=mm&r=g","caption":"adminuvb"},"sameAs":["https:\/\/uvbbrasil.com.br"],"url":"https:\/\/uvbbrasil.com.br\/author\/adminuvb\/"}]}},"_links":{"self":[{"href":"https:\/\/uvbbrasil.com.br\/uvb-json\/wp\/v2\/posts\/32972","targetHints":{"allow":["GET"]}}],"collection":[{"href":"https:\/\/uvbbrasil.com.br\/uvb-json\/wp\/v2\/posts"}],"about":[{"href":"https:\/\/uvbbrasil.com.br\/uvb-json\/wp\/v2\/types\/post"}],"author":[{"embeddable":true,"href":"https:\/\/uvbbrasil.com.br\/uvb-json\/wp\/v2\/users\/1"}],"replies":[{"embeddable":true,"href":"https:\/\/uvbbrasil.com.br\/uvb-json\/wp\/v2\/comments?post=32972"}],"version-history":[{"count":0,"href":"https:\/\/uvbbrasil.com.br\/uvb-json\/wp\/v2\/posts\/32972\/revisions"}],"wp:featuredmedia":[{"embeddable":true,"href":"https:\/\/uvbbrasil.com.br\/uvb-json\/wp\/v2\/media\/32973"}],"wp:attachment":[{"href":"https:\/\/uvbbrasil.com.br\/uvb-json\/wp\/v2\/media?parent=32972"}],"wp:term":[{"taxonomy":"category","embeddable":true,"href":"https:\/\/uvbbrasil.com.br\/uvb-json\/wp\/v2\/categories?post=32972"},{"taxonomy":"post_tag","embeddable":true,"href":"https:\/\/uvbbrasil.com.br\/uvb-json\/wp\/v2\/tags?post=32972"}],"curies":[{"name":"wp","href":"https:\/\/api.w.org\/{rel}","templated":true}]}}