{"id":32233,"date":"2023-11-07T11:29:40","date_gmt":"2023-11-07T14:29:40","guid":{"rendered":"https:\/\/wpsandbox4.pante.com.br\/?p=32233"},"modified":"2023-11-07T11:29:40","modified_gmt":"2023-11-07T14:29:40","slug":"chapadao-do-sul-ms-debate-a-saude-e-lazer-em-dias-quentes","status":"publish","type":"post","link":"https:\/\/uvbbrasil.com.br\/chapadao-do-sul-ms-debate-a-saude-e-lazer-em-dias-quentes\/","title":{"rendered":"Chapad\u00e3o do Sul\/MS- Debate a sa\u00fade e lazer em dias quentes"},"content":{"rendered":"<h2 class=\"titulo\"><\/h2>\n<p dir=\"ltr\">Em decorr\u00eancia do anivers\u00e1rio de 36 anos de Chapad\u00e3o do Sul, a 1435\u00b0 Sess\u00e3o Ordin\u00e1ria foi realizada nesta segunda-feira (30). A sess\u00e3o contou com a apresenta\u00e7\u00e3o dos requerimentos e indica\u00e7\u00f5es dos vereadores, visando melhorias e esclarecimentos nas mais diversas \u00e1reas do munic\u00edpio.<\/p>\n<p dir=\"ltr\">A vereadora Alline Tontini, primeira secret\u00e1ria da Casa de Leis, apresentou as propostas dos parlamentares, iniciando com o requerimento do vereador Marcelo da Costa, que solicitou \u00e0 Mesa o encaminhamento de um expediente ao Prefeito Municipal Jo\u00e3o Carlos Krug, com c\u00f3pia \u00e0 Secretaria Municipal de Sa\u00fade, requisitando informa\u00e7\u00f5es sobre a escala de plant\u00e3o dos m\u00e9dicos do Hospital Municipal para o m\u00eas de novembro de 2023.<\/p>\n<p dir=\"ltr\">J\u00e1 o vereador Vanderson Cardoso pediu \u00e0 Mesa que encaminhasse um expediente ao Prefeito Municipal Jo\u00e3o Carlos Krug, com c\u00f3pia \u00e0 Secretaria Municipal de Sa\u00fade, com o intuito de obter informa\u00e7\u00f5es sobre a disponibilidade de medicamentos na Central de Abastecimento Farmac\u00eautico (CAF) e verificar se existem medicamentos em falta ou com estoques reduzidos que possam afetar o atendimento e tratamento dos pacientes.<\/p>\n<p dir=\"ltr\">A indica\u00e7\u00e3o do vereador Emerson Sapo solicita que o Centro Aqu\u00e1tico, ap\u00f3s a conclus\u00e3o das obras, seja disponibilizado para a popula\u00e7\u00e3o como uma op\u00e7\u00e3o de lazer em dias quentes. Al\u00e9m disso, ele prop\u00f4s a disponibiliza\u00e7\u00e3o de pontos para mototaxistas na Feira Municipal e pr\u00f3ximo ao Supermercado Valle, refor\u00e7ando uma indica\u00e7\u00e3o anterior. Outras indica\u00e7\u00f5es inclu\u00edram a solicita\u00e7\u00e3o de instala\u00e7\u00e3o de cobertura para as arquibancadas dos campos de grama sint\u00e9tica dos Bairros Sibipiruna e Esplanada e a destina\u00e7\u00e3o de um local adequado para a realiza\u00e7\u00e3o de aulas e baliza das autoescolas.<\/p>\n<p dir=\"ltr\">Em seguida, foi apresentada a indica\u00e7\u00e3o do vereador Andr\u00e9 Dos Anjos, que pede a retomada do pagamento de &#8220;Dif\u00edcil Acesso&#8221; aos professores das escolas rurais. J\u00e1 o vereador Tucano solicitou a transforma\u00e7\u00e3o da Rua das Gralhas em uma via de m\u00e3o \u00fanica e a\u00a0 vereadora Prof.\u00aa Almira prop\u00f4s a instala\u00e7\u00e3o de uma Academia ao Ar Livre junto \u00e0 \u00c1rea Esportiva no Bairro Esplanada, atendendo a uma demanda recorrente dos moradores.<\/p>\n<p dir=\"ltr\">Vanderson Cardoso apresentou duas indica\u00e7\u00f5es, uma delas solicitando a destina\u00e7\u00e3o de Emenda Parlamentar para a reforma e amplia\u00e7\u00e3o do CAPS &#8211; Centro de Aten\u00e7\u00e3o Psicossocial em Chapad\u00e3o do Sul e a outra a aquisi\u00e7\u00e3o de um ve\u00edculo utilit\u00e1rio para o Setor de Fiscaliza\u00e7\u00e3o do Meio Ambiente.<\/p>\n<p dir=\"ltr\">Al\u00e9m disso, juntamente com os vereadores Alline Tontini, Alirio Bacca e Prof.\u00aa Almira, propuseram a instala\u00e7\u00e3o de um Climatizador Evaporativo Industrial na \u00e1rea do refeit\u00f3rio do CEI Alide Belotti. A sess\u00e3o foi encerrada pelo atual presidente da C\u00e2mara Municipal de Chapad\u00e3o do Sul, Airton Ant\u00f4nio Schwantes.<\/p>\n<p>&nbsp;<\/p>\n<p dir=\"ltr\"><strong>Transmiss\u00e3o<\/strong><\/p>\n<p dir=\"ltr\">A pr\u00f3xima Sess\u00e3o Ordin\u00e1ria ser\u00e1 realizada na segunda-feira, 6 de novembro, a partir das 18 horas, com transmiss\u00f5es simult\u00e2neas nos canais oficiais do Youtube e Facebook da C\u00e2mara Municipal de Chapad\u00e3o do Sul.<\/p>\n<p dir=\"ltr\">Confira as indica\u00e7\u00f5es e requerimentos da Sess\u00e3o Ordin\u00e1ria n\u00ba1434, clicando no link: C\u00e2mara Municipal Chapad\u00e3o do Sul &#8211; MS (camarachapadaodosul.ms.gov.br)<\/p>\n<p dir=\"ltr\"><img fetchpriority=\"high\" decoding=\"async\" class=\"alignnone size-medium wp-image-32235\" src=\"https:\/\/uvbbrasil.com.br\/wp-content\/uploads\/2023\/11\/thumb_800x600_img1401-300x200.jpg\" alt=\"\" width=\"300\" height=\"200\" srcset=\"https:\/\/uvbbrasil.com.br\/wp-content\/uploads\/2023\/11\/thumb_800x600_img1401-300x200.jpg 300w, https:\/\/uvbbrasil.com.br\/wp-content\/uploads\/2023\/11\/thumb_800x600_img1401-768x512.jpg 768w, https:\/\/uvbbrasil.com.br\/wp-content\/uploads\/2023\/11\/thumb_800x600_img1401.jpg 800w\" sizes=\"(max-width: 300px) 100vw, 300px\" \/><\/p>\n<p dir=\"ltr\"><img decoding=\"async\" class=\"alignnone size-medium wp-image-32234\" src=\"https:\/\/uvbbrasil.com.br\/wp-content\/uploads\/2023\/11\/1531f8079-300x200.jpeg\" alt=\"\" width=\"300\" height=\"200\" srcset=\"https:\/\/uvbbrasil.com.br\/wp-content\/uploads\/2023\/11\/1531f8079-300x200.jpeg 300w, https:\/\/uvbbrasil.com.br\/wp-content\/uploads\/2023\/11\/1531f8079-1024x682.jpeg 1024w, https:\/\/uvbbrasil.com.br\/wp-content\/uploads\/2023\/11\/1531f8079-768x512.jpeg 768w, https:\/\/uvbbrasil.com.br\/wp-content\/uploads\/2023\/11\/1531f8079-1536x1023.jpeg 1536w, https:\/\/uvbbrasil.com.br\/wp-content\/uploads\/2023\/11\/1531f8079.jpeg 1600w\" sizes=\"(max-width: 300px) 100vw, 300px\" \/><\/p>\n","protected":false},"excerpt":{"rendered":"<p>Em decorr\u00eancia do anivers\u00e1rio de 36 anos de Chapad\u00e3o do Sul, a 1435\u00b0 Sess\u00e3o Ordin\u00e1ria foi realizada nesta segunda-feira (30)&#8230;.<\/p>\n","protected":false},"author":1,"featured_media":32235,"comment_status":"open","ping_status":"open","sticky":false,"template":"","format":"standard","meta":{"footnotes":""},"categories":[3],"tags":[],"class_list":["post-32233","post","type-post","status-publish","format-standard","has-post-thumbnail","hentry","category-noticias"],"yoast_head":"<!-- This site is optimized with the Yoast SEO plugin v26.7 - https:\/\/yoast.com\/wordpress\/plugins\/seo\/ -->\n<title>Chapad\u00e3o do Sul\/MS- Debate a sa\u00fade e lazer em dias quentes - UVB Brasil<\/title>\n<meta name=\"robots\" content=\"index, follow, max-snippet:-1, max-image-preview:large, max-video-preview:-1\" \/>\n<link rel=\"canonical\" href=\"https:\/\/uvbbrasil.com.br\/chapadao-do-sul-ms-debate-a-saude-e-lazer-em-dias-quentes\/\" \/>\n<meta property=\"og:locale\" content=\"pt_BR\" \/>\n<meta property=\"og:type\" content=\"article\" \/>\n<meta property=\"og:title\" content=\"Chapad\u00e3o do Sul\/MS- Debate a sa\u00fade e lazer em dias quentes - UVB Brasil\" \/>\n<meta property=\"og:description\" content=\"Em decorr\u00eancia do anivers\u00e1rio de 36 anos de Chapad\u00e3o do Sul, a 1435\u00b0 Sess\u00e3o Ordin\u00e1ria foi realizada nesta segunda-feira (30)....\" \/>\n<meta property=\"og:url\" content=\"https:\/\/uvbbrasil.com.br\/chapadao-do-sul-ms-debate-a-saude-e-lazer-em-dias-quentes\/\" \/>\n<meta property=\"og:site_name\" content=\"UVB Brasil\" \/>\n<meta property=\"article:publisher\" content=\"https:\/\/www.facebook.com\/uvb.vereadoresbrasil\" \/>\n<meta property=\"article:published_time\" content=\"2023-11-07T14:29:40+00:00\" \/>\n<meta property=\"og:image\" content=\"https:\/\/uvbbrasil.com.br\/wp-content\/uploads\/2023\/11\/thumb_800x600_img1401.jpg\" \/>\n\t<meta property=\"og:image:width\" content=\"800\" \/>\n\t<meta property=\"og:image:height\" content=\"533\" \/>\n\t<meta property=\"og:image:type\" content=\"image\/jpeg\" \/>\n<meta name=\"author\" content=\"adminuvb\" \/>\n<meta name=\"twitter:card\" content=\"summary_large_image\" \/>\n<meta name=\"twitter:label1\" content=\"Escrito por\" \/>\n\t<meta name=\"twitter:data1\" content=\"adminuvb\" \/>\n\t<meta name=\"twitter:label2\" content=\"Est. tempo de leitura\" \/>\n\t<meta name=\"twitter:data2\" content=\"3 minutos\" \/>\n<script type=\"application\/ld+json\" class=\"yoast-schema-graph\">{\"@context\":\"https:\/\/schema.org\",\"@graph\":[{\"@type\":\"Article\",\"@id\":\"https:\/\/uvbbrasil.com.br\/chapadao-do-sul-ms-debate-a-saude-e-lazer-em-dias-quentes\/#article\",\"isPartOf\":{\"@id\":\"https:\/\/uvbbrasil.com.br\/chapadao-do-sul-ms-debate-a-saude-e-lazer-em-dias-quentes\/\"},\"author\":{\"name\":\"adminuvb\",\"@id\":\"https:\/\/uvbbrasil.com.br\/#\/schema\/person\/17990098446c098f52effddff4f1b272\"},\"headline\":\"Chapad\u00e3o do Sul\/MS- Debate a sa\u00fade e lazer em dias quentes\",\"datePublished\":\"2023-11-07T14:29:40+00:00\",\"mainEntityOfPage\":{\"@id\":\"https:\/\/uvbbrasil.com.br\/chapadao-do-sul-ms-debate-a-saude-e-lazer-em-dias-quentes\/\"},\"wordCount\":557,\"commentCount\":0,\"publisher\":{\"@id\":\"https:\/\/uvbbrasil.com.br\/#organization\"},\"image\":{\"@id\":\"https:\/\/uvbbrasil.com.br\/chapadao-do-sul-ms-debate-a-saude-e-lazer-em-dias-quentes\/#primaryimage\"},\"thumbnailUrl\":\"https:\/\/uvbbrasil.com.br\/wp-content\/uploads\/2023\/11\/thumb_800x600_img1401.jpg\",\"articleSection\":[\"NOT\u00cdCIAS\"],\"inLanguage\":\"pt-BR\",\"potentialAction\":[{\"@type\":\"CommentAction\",\"name\":\"Comment\",\"target\":[\"https:\/\/uvbbrasil.com.br\/chapadao-do-sul-ms-debate-a-saude-e-lazer-em-dias-quentes\/#respond\"]}]},{\"@type\":\"WebPage\",\"@id\":\"https:\/\/uvbbrasil.com.br\/chapadao-do-sul-ms-debate-a-saude-e-lazer-em-dias-quentes\/\",\"url\":\"https:\/\/uvbbrasil.com.br\/chapadao-do-sul-ms-debate-a-saude-e-lazer-em-dias-quentes\/\",\"name\":\"Chapad\u00e3o do Sul\/MS- Debate a sa\u00fade e lazer em dias quentes - UVB Brasil\",\"isPartOf\":{\"@id\":\"https:\/\/uvbbrasil.com.br\/#website\"},\"primaryImageOfPage\":{\"@id\":\"https:\/\/uvbbrasil.com.br\/chapadao-do-sul-ms-debate-a-saude-e-lazer-em-dias-quentes\/#primaryimage\"},\"image\":{\"@id\":\"https:\/\/uvbbrasil.com.br\/chapadao-do-sul-ms-debate-a-saude-e-lazer-em-dias-quentes\/#primaryimage\"},\"thumbnailUrl\":\"https:\/\/uvbbrasil.com.br\/wp-content\/uploads\/2023\/11\/thumb_800x600_img1401.jpg\",\"datePublished\":\"2023-11-07T14:29:40+00:00\",\"breadcrumb\":{\"@id\":\"https:\/\/uvbbrasil.com.br\/chapadao-do-sul-ms-debate-a-saude-e-lazer-em-dias-quentes\/#breadcrumb\"},\"inLanguage\":\"pt-BR\",\"potentialAction\":[{\"@type\":\"ReadAction\",\"target\":[\"https:\/\/uvbbrasil.com.br\/chapadao-do-sul-ms-debate-a-saude-e-lazer-em-dias-quentes\/\"]}]},{\"@type\":\"ImageObject\",\"inLanguage\":\"pt-BR\",\"@id\":\"https:\/\/uvbbrasil.com.br\/chapadao-do-sul-ms-debate-a-saude-e-lazer-em-dias-quentes\/#primaryimage\",\"url\":\"https:\/\/uvbbrasil.com.br\/wp-content\/uploads\/2023\/11\/thumb_800x600_img1401.jpg\",\"contentUrl\":\"https:\/\/uvbbrasil.com.br\/wp-content\/uploads\/2023\/11\/thumb_800x600_img1401.jpg\",\"width\":800,\"height\":533},{\"@type\":\"BreadcrumbList\",\"@id\":\"https:\/\/uvbbrasil.com.br\/chapadao-do-sul-ms-debate-a-saude-e-lazer-em-dias-quentes\/#breadcrumb\",\"itemListElement\":[{\"@type\":\"ListItem\",\"position\":1,\"name\":\"In\u00edcio\",\"item\":\"https:\/\/uvbbrasil.com.br\/\"},{\"@type\":\"ListItem\",\"position\":2,\"name\":\"Chapad\u00e3o do Sul\/MS- Debate a sa\u00fade e lazer em dias quentes\"}]},{\"@type\":\"WebSite\",\"@id\":\"https:\/\/uvbbrasil.com.br\/#website\",\"url\":\"https:\/\/uvbbrasil.com.br\/\",\"name\":\"UVB Brasil\",\"description\":\"Uni\u00e3o dos Vereadores do Brasil\",\"publisher\":{\"@id\":\"https:\/\/uvbbrasil.com.br\/#organization\"},\"potentialAction\":[{\"@type\":\"SearchAction\",\"target\":{\"@type\":\"EntryPoint\",\"urlTemplate\":\"https:\/\/uvbbrasil.com.br\/?s={search_term_string}\"},\"query-input\":{\"@type\":\"PropertyValueSpecification\",\"valueRequired\":true,\"valueName\":\"search_term_string\"}}],\"inLanguage\":\"pt-BR\"},{\"@type\":\"Organization\",\"@id\":\"https:\/\/uvbbrasil.com.br\/#organization\",\"name\":\"UVB Brasil\",\"url\":\"https:\/\/uvbbrasil.com.br\/\",\"logo\":{\"@type\":\"ImageObject\",\"inLanguage\":\"pt-BR\",\"@id\":\"https:\/\/uvbbrasil.com.br\/#\/schema\/logo\/image\/\",\"url\":\"https:\/\/uvbbrasil.com.br\/wp-content\/uploads\/2025\/01\/LOGO-UVB-2024-azul-1.jpg\",\"contentUrl\":\"https:\/\/uvbbrasil.com.br\/wp-content\/uploads\/2025\/01\/LOGO-UVB-2024-azul-1.jpg\",\"width\":600,\"height\":211,\"caption\":\"UVB Brasil\"},\"image\":{\"@id\":\"https:\/\/uvbbrasil.com.br\/#\/schema\/logo\/image\/\"},\"sameAs\":[\"https:\/\/www.facebook.com\/uvb.vereadoresbrasil\",\"https:\/\/www.instagram.com\/uvbbrasil\/\",\"https:\/\/www.youtube.com\/channel\/UCIlPQ8Xzw5GHNzosQIg9S5A\"]},{\"@type\":\"Person\",\"@id\":\"https:\/\/uvbbrasil.com.br\/#\/schema\/person\/17990098446c098f52effddff4f1b272\",\"name\":\"adminuvb\",\"image\":{\"@type\":\"ImageObject\",\"inLanguage\":\"pt-BR\",\"@id\":\"https:\/\/uvbbrasil.com.br\/#\/schema\/person\/image\/\",\"url\":\"https:\/\/secure.gravatar.com\/avatar\/1a494ea6f8e2dd1ae526e55b0e9497efdba542491e0620d704cccf63c6f77c45?s=96&d=mm&r=g\",\"contentUrl\":\"https:\/\/secure.gravatar.com\/avatar\/1a494ea6f8e2dd1ae526e55b0e9497efdba542491e0620d704cccf63c6f77c45?s=96&d=mm&r=g\",\"caption\":\"adminuvb\"},\"sameAs\":[\"https:\/\/uvbbrasil.com.br\"],\"url\":\"https:\/\/uvbbrasil.com.br\/author\/adminuvb\/\"}]}<\/script>\n<!-- \/ Yoast SEO plugin. -->","yoast_head_json":{"title":"Chapad\u00e3o do Sul\/MS- Debate a sa\u00fade e lazer em dias quentes - UVB Brasil","robots":{"index":"index","follow":"follow","max-snippet":"max-snippet:-1","max-image-preview":"max-image-preview:large","max-video-preview":"max-video-preview:-1"},"canonical":"https:\/\/uvbbrasil.com.br\/chapadao-do-sul-ms-debate-a-saude-e-lazer-em-dias-quentes\/","og_locale":"pt_BR","og_type":"article","og_title":"Chapad\u00e3o do Sul\/MS- Debate a sa\u00fade e lazer em dias quentes - UVB Brasil","og_description":"Em decorr\u00eancia do anivers\u00e1rio de 36 anos de Chapad\u00e3o do Sul, a 1435\u00b0 Sess\u00e3o Ordin\u00e1ria foi realizada nesta segunda-feira (30)....","og_url":"https:\/\/uvbbrasil.com.br\/chapadao-do-sul-ms-debate-a-saude-e-lazer-em-dias-quentes\/","og_site_name":"UVB Brasil","article_publisher":"https:\/\/www.facebook.com\/uvb.vereadoresbrasil","article_published_time":"2023-11-07T14:29:40+00:00","og_image":[{"width":800,"height":533,"url":"https:\/\/uvbbrasil.com.br\/wp-content\/uploads\/2023\/11\/thumb_800x600_img1401.jpg","type":"image\/jpeg"}],"author":"adminuvb","twitter_card":"summary_large_image","twitter_misc":{"Escrito por":"adminuvb","Est. tempo de leitura":"3 minutos"},"schema":{"@context":"https:\/\/schema.org","@graph":[{"@type":"Article","@id":"https:\/\/uvbbrasil.com.br\/chapadao-do-sul-ms-debate-a-saude-e-lazer-em-dias-quentes\/#article","isPartOf":{"@id":"https:\/\/uvbbrasil.com.br\/chapadao-do-sul-ms-debate-a-saude-e-lazer-em-dias-quentes\/"},"author":{"name":"adminuvb","@id":"https:\/\/uvbbrasil.com.br\/#\/schema\/person\/17990098446c098f52effddff4f1b272"},"headline":"Chapad\u00e3o do Sul\/MS- Debate a sa\u00fade e lazer em dias quentes","datePublished":"2023-11-07T14:29:40+00:00","mainEntityOfPage":{"@id":"https:\/\/uvbbrasil.com.br\/chapadao-do-sul-ms-debate-a-saude-e-lazer-em-dias-quentes\/"},"wordCount":557,"commentCount":0,"publisher":{"@id":"https:\/\/uvbbrasil.com.br\/#organization"},"image":{"@id":"https:\/\/uvbbrasil.com.br\/chapadao-do-sul-ms-debate-a-saude-e-lazer-em-dias-quentes\/#primaryimage"},"thumbnailUrl":"https:\/\/uvbbrasil.com.br\/wp-content\/uploads\/2023\/11\/thumb_800x600_img1401.jpg","articleSection":["NOT\u00cdCIAS"],"inLanguage":"pt-BR","potentialAction":[{"@type":"CommentAction","name":"Comment","target":["https:\/\/uvbbrasil.com.br\/chapadao-do-sul-ms-debate-a-saude-e-lazer-em-dias-quentes\/#respond"]}]},{"@type":"WebPage","@id":"https:\/\/uvbbrasil.com.br\/chapadao-do-sul-ms-debate-a-saude-e-lazer-em-dias-quentes\/","url":"https:\/\/uvbbrasil.com.br\/chapadao-do-sul-ms-debate-a-saude-e-lazer-em-dias-quentes\/","name":"Chapad\u00e3o do Sul\/MS- Debate a sa\u00fade e lazer em dias quentes - UVB Brasil","isPartOf":{"@id":"https:\/\/uvbbrasil.com.br\/#website"},"primaryImageOfPage":{"@id":"https:\/\/uvbbrasil.com.br\/chapadao-do-sul-ms-debate-a-saude-e-lazer-em-dias-quentes\/#primaryimage"},"image":{"@id":"https:\/\/uvbbrasil.com.br\/chapadao-do-sul-ms-debate-a-saude-e-lazer-em-dias-quentes\/#primaryimage"},"thumbnailUrl":"https:\/\/uvbbrasil.com.br\/wp-content\/uploads\/2023\/11\/thumb_800x600_img1401.jpg","datePublished":"2023-11-07T14:29:40+00:00","breadcrumb":{"@id":"https:\/\/uvbbrasil.com.br\/chapadao-do-sul-ms-debate-a-saude-e-lazer-em-dias-quentes\/#breadcrumb"},"inLanguage":"pt-BR","potentialAction":[{"@type":"ReadAction","target":["https:\/\/uvbbrasil.com.br\/chapadao-do-sul-ms-debate-a-saude-e-lazer-em-dias-quentes\/"]}]},{"@type":"ImageObject","inLanguage":"pt-BR","@id":"https:\/\/uvbbrasil.com.br\/chapadao-do-sul-ms-debate-a-saude-e-lazer-em-dias-quentes\/#primaryimage","url":"https:\/\/uvbbrasil.com.br\/wp-content\/uploads\/2023\/11\/thumb_800x600_img1401.jpg","contentUrl":"https:\/\/uvbbrasil.com.br\/wp-content\/uploads\/2023\/11\/thumb_800x600_img1401.jpg","width":800,"height":533},{"@type":"BreadcrumbList","@id":"https:\/\/uvbbrasil.com.br\/chapadao-do-sul-ms-debate-a-saude-e-lazer-em-dias-quentes\/#breadcrumb","itemListElement":[{"@type":"ListItem","position":1,"name":"In\u00edcio","item":"https:\/\/uvbbrasil.com.br\/"},{"@type":"ListItem","position":2,"name":"Chapad\u00e3o do Sul\/MS- Debate a sa\u00fade e lazer em dias quentes"}]},{"@type":"WebSite","@id":"https:\/\/uvbbrasil.com.br\/#website","url":"https:\/\/uvbbrasil.com.br\/","name":"UVB Brasil","description":"Uni\u00e3o dos Vereadores do Brasil","publisher":{"@id":"https:\/\/uvbbrasil.com.br\/#organization"},"potentialAction":[{"@type":"SearchAction","target":{"@type":"EntryPoint","urlTemplate":"https:\/\/uvbbrasil.com.br\/?s={search_term_string}"},"query-input":{"@type":"PropertyValueSpecification","valueRequired":true,"valueName":"search_term_string"}}],"inLanguage":"pt-BR"},{"@type":"Organization","@id":"https:\/\/uvbbrasil.com.br\/#organization","name":"UVB Brasil","url":"https:\/\/uvbbrasil.com.br\/","logo":{"@type":"ImageObject","inLanguage":"pt-BR","@id":"https:\/\/uvbbrasil.com.br\/#\/schema\/logo\/image\/","url":"https:\/\/uvbbrasil.com.br\/wp-content\/uploads\/2025\/01\/LOGO-UVB-2024-azul-1.jpg","contentUrl":"https:\/\/uvbbrasil.com.br\/wp-content\/uploads\/2025\/01\/LOGO-UVB-2024-azul-1.jpg","width":600,"height":211,"caption":"UVB Brasil"},"image":{"@id":"https:\/\/uvbbrasil.com.br\/#\/schema\/logo\/image\/"},"sameAs":["https:\/\/www.facebook.com\/uvb.vereadoresbrasil","https:\/\/www.instagram.com\/uvbbrasil\/","https:\/\/www.youtube.com\/channel\/UCIlPQ8Xzw5GHNzosQIg9S5A"]},{"@type":"Person","@id":"https:\/\/uvbbrasil.com.br\/#\/schema\/person\/17990098446c098f52effddff4f1b272","name":"adminuvb","image":{"@type":"ImageObject","inLanguage":"pt-BR","@id":"https:\/\/uvbbrasil.com.br\/#\/schema\/person\/image\/","url":"https:\/\/secure.gravatar.com\/avatar\/1a494ea6f8e2dd1ae526e55b0e9497efdba542491e0620d704cccf63c6f77c45?s=96&d=mm&r=g","contentUrl":"https:\/\/secure.gravatar.com\/avatar\/1a494ea6f8e2dd1ae526e55b0e9497efdba542491e0620d704cccf63c6f77c45?s=96&d=mm&r=g","caption":"adminuvb"},"sameAs":["https:\/\/uvbbrasil.com.br"],"url":"https:\/\/uvbbrasil.com.br\/author\/adminuvb\/"}]}},"_links":{"self":[{"href":"https:\/\/uvbbrasil.com.br\/uvb-json\/wp\/v2\/posts\/32233","targetHints":{"allow":["GET"]}}],"collection":[{"href":"https:\/\/uvbbrasil.com.br\/uvb-json\/wp\/v2\/posts"}],"about":[{"href":"https:\/\/uvbbrasil.com.br\/uvb-json\/wp\/v2\/types\/post"}],"author":[{"embeddable":true,"href":"https:\/\/uvbbrasil.com.br\/uvb-json\/wp\/v2\/users\/1"}],"replies":[{"embeddable":true,"href":"https:\/\/uvbbrasil.com.br\/uvb-json\/wp\/v2\/comments?post=32233"}],"version-history":[{"count":0,"href":"https:\/\/uvbbrasil.com.br\/uvb-json\/wp\/v2\/posts\/32233\/revisions"}],"wp:featuredmedia":[{"embeddable":true,"href":"https:\/\/uvbbrasil.com.br\/uvb-json\/wp\/v2\/media\/32235"}],"wp:attachment":[{"href":"https:\/\/uvbbrasil.com.br\/uvb-json\/wp\/v2\/media?parent=32233"}],"wp:term":[{"taxonomy":"category","embeddable":true,"href":"https:\/\/uvbbrasil.com.br\/uvb-json\/wp\/v2\/categories?post=32233"},{"taxonomy":"post_tag","embeddable":true,"href":"https:\/\/uvbbrasil.com.br\/uvb-json\/wp\/v2\/tags?post=32233"}],"curies":[{"name":"wp","href":"https:\/\/api.w.org\/{rel}","templated":true}]}}