{"id":32063,"date":"2023-10-24T12:32:52","date_gmt":"2023-10-24T15:32:52","guid":{"rendered":"https:\/\/wpsandbox4.pante.com.br\/?p=32063"},"modified":"2023-10-24T12:32:52","modified_gmt":"2023-10-24T15:32:52","slug":"chapadao-do-sul-ms-camara-municipal-elege-nova-presidencia","status":"publish","type":"post","link":"https:\/\/uvbbrasil.com.br\/chapadao-do-sul-ms-camara-municipal-elege-nova-presidencia\/","title":{"rendered":"Chapad\u00e3o do Sul\/MS-  C\u00e2mara Municipal elege Nova Presid\u00eancia e ter\u00e1 Al\u00edrio Bacca como presidente em 2024"},"content":{"rendered":"<p>A 1434\u00aa Sess\u00e3o Ordin\u00e1ria, da 3\u00aa Sess\u00e3o Legislativa, da 9\u00aa Legislatura, da C\u00e2mara Municipal de Chapad\u00e3o do Sul\/MS foi realizada na noite desta segunda-feira (16).<\/p>\n<p>A sess\u00e3o foi marcada por requerimentos e indica\u00e7\u00f5es, al\u00e9m da elei\u00e7\u00e3o para a mesa diretora da Casa de Leis para o ano de 2024.<\/p>\n<p>A primeira secret\u00e1ria da C\u00e2mara, Vereadora Alline Tontini, fez a leitura dos requerimentos e de duas indica\u00e7\u00f5es, e tamb\u00e9m do Projeto de Lei n\u00ba 136\/2023 do Vereador Vanderson Cardoso, que visa regulamentar o ordenamento territorial e o hor\u00e1rio de funcionamento de entidades de tiro desportivo no munic\u00edpio. Essa iniciativa tem como objetivo promover a seguran\u00e7a e o controle adequado das atividades relacionadas ao tiro esportivo, garantindo que sejam realizadas de forma segura e em conformidade com as normas locais.<\/p>\n<p dir=\"ltr\">Quanto aos Requerimentos, a Vereadora Professora Almira apresentou o Requerimento n\u00ba 167\/2023, solicitando informa\u00e7\u00f5es sobre o status da implanta\u00e7\u00e3o do Conselho Municipal da Pessoa com Defici\u00eancia (CMDPD). Essa a\u00e7\u00e3o visa garantir o cumprimento da Lei 1.369, que determina a cria\u00e7\u00e3o deste \u00f3rg\u00e3o, e entender o progresso da implementa\u00e7\u00e3o do CMDPD.<\/p>\n<p dir=\"ltr\">J\u00e1 o Vereador Marcelo da Costa apresentou uma s\u00e9rie de requerimentos que abrangem quest\u00f5es importantes, como a velocidade das ambul\u00e2ncias no transporte de pacientes, a fiscaliza\u00e7\u00e3o de tr\u00e2nsito, a pol\u00edtica de recolhimento de animais abandonados nas vias p\u00fablicas, a aplica\u00e7\u00e3o de multas no munic\u00edpio e o uso de viaturas no centro da cidade.<\/p>\n<p dir=\"ltr\">A Sess\u00e3o Ordin\u00e1ria tamb\u00e9m incluiu as Indica\u00e7\u00f5es n\u00ba 1036\/2023 e n\u00ba 1037\/2023, que tratam da manuten\u00e7\u00e3o da ilumina\u00e7\u00e3o p\u00fablica nos viadutos e passarelas da cidade e da aquisi\u00e7\u00e3o de um ve\u00edculo utilit\u00e1rio para o setor de fiscaliza\u00e7\u00e3o do meio ambiente, respectivamente.<\/p>\n<p dir=\"ltr\">Ap\u00f3s as breves comunica\u00e7\u00f5es dos parlamentares inscritos, o presidente da C\u00e2mara de Chapad\u00e3o, vereador Airton Ant\u00f4nio Schwantes (Tucano), abriu a vota\u00e7\u00e3o para eleger os vereadores que ir\u00e3o compor a mesa diretora. Por cinco votos favor\u00e1veis contra quatro, o Vereador Al\u00edrio Bacca foi eleito como pr\u00f3ximo presidente da Casa de Leis, assumindo o cargo em 2024.<\/p>\n<p dir=\"ltr\">Andr\u00e9 dos Anjos foi o eleito para o cargo de vice-presidente, j\u00e1 o cargo de segundo vice-presidente ficou com Vanderson Cardoso. A Vereadora Professora Almira foi eleita para o cargo de primeira secret\u00e1ria, enquanto a Vereadora Alline Tontini foi eleita como segunda secret\u00e1ria.\u00a0 A reuni\u00e3o das comiss\u00f5es ficou marcada para o dia 5 de fevereiro de 2024.<\/p>\n<p dir=\"ltr\">Em seu discurso final, al\u00e9m de declarar o empossamento dos parlamentares para janeiro de 2024, o Vereador Tucano parabenizou os colegas eleitos. \u201cQuero parabenizar os membros da mesa diretora e desejar-lhes sucesso, que comandem esta casa com bastante seriedade e que correspondam os anseios da comunidade\u201d, destacou.<\/p>\n<p><img decoding=\"async\" src=\"https:\/\/www.camarachapadaodosul.ms.gov.br\/\/uploads\/wysiwyg\/\/135c28b9a.jpg\" alt=\"\" \/><\/p>\n<p>&nbsp;<\/p>\n<p dir=\"ltr\">Presidente Alirio Bacca<\/p>\n<p dir=\"ltr\">1\u00ba vice-presidente Andr\u00e9 dos Anjos<\/p>\n<p dir=\"ltr\">2\u00ba vice Vanderson Cardoso<\/p>\n<p dir=\"ltr\">1\u00aa. Secretaria- Prof.\u00aa Almira<\/p>\n<p dir=\"ltr\">2\u00aa Secretaria \u2013 Alline Tontini<\/p>\n<p><img decoding=\"async\" src=\"https:\/\/www.camarachapadaodosul.ms.gov.br\/\/uploads\/wysiwyg\/\/13712f3c3.jpg\" alt=\"\" \/><\/p>\n<p dir=\"ltr\">\n","protected":false},"excerpt":{"rendered":"<p>A 1434\u00aa Sess\u00e3o Ordin\u00e1ria, da 3\u00aa Sess\u00e3o Legislativa, da 9\u00aa Legislatura, da C\u00e2mara Municipal de Chapad\u00e3o do Sul\/MS foi realizada&#8230;<\/p>\n","protected":false},"author":1,"featured_media":32064,"comment_status":"open","ping_status":"open","sticky":false,"template":"","format":"standard","meta":{"footnotes":""},"categories":[3],"tags":[],"class_list":["post-32063","post","type-post","status-publish","format-standard","has-post-thumbnail","hentry","category-noticias"],"yoast_head":"<!-- This site is optimized with the Yoast SEO plugin v26.7 - https:\/\/yoast.com\/wordpress\/plugins\/seo\/ -->\n<title>Chapad\u00e3o do Sul\/MS- C\u00e2mara Municipal elege Nova Presid\u00eancia e ter\u00e1 Al\u00edrio Bacca como presidente em 2024 - UVB Brasil<\/title>\n<meta name=\"robots\" content=\"index, follow, max-snippet:-1, max-image-preview:large, max-video-preview:-1\" \/>\n<link rel=\"canonical\" href=\"https:\/\/uvbbrasil.com.br\/chapadao-do-sul-ms-camara-municipal-elege-nova-presidencia\/\" \/>\n<meta property=\"og:locale\" content=\"pt_BR\" \/>\n<meta property=\"og:type\" content=\"article\" \/>\n<meta property=\"og:title\" content=\"Chapad\u00e3o do Sul\/MS- C\u00e2mara Municipal elege Nova Presid\u00eancia e ter\u00e1 Al\u00edrio Bacca como presidente em 2024 - UVB Brasil\" \/>\n<meta property=\"og:description\" content=\"A 1434\u00aa Sess\u00e3o Ordin\u00e1ria, da 3\u00aa Sess\u00e3o Legislativa, da 9\u00aa Legislatura, da C\u00e2mara Municipal de Chapad\u00e3o do Sul\/MS foi realizada...\" \/>\n<meta property=\"og:url\" content=\"https:\/\/uvbbrasil.com.br\/chapadao-do-sul-ms-camara-municipal-elege-nova-presidencia\/\" \/>\n<meta property=\"og:site_name\" content=\"UVB Brasil\" \/>\n<meta property=\"article:publisher\" content=\"https:\/\/www.facebook.com\/uvb.vereadoresbrasil\" \/>\n<meta property=\"article:published_time\" content=\"2023-10-24T15:32:52+00:00\" \/>\n<meta property=\"og:image\" content=\"https:\/\/uvbbrasil.com.br\/wp-content\/uploads\/2023\/10\/13712f3c3-scaled-1.jpg\" \/>\n\t<meta property=\"og:image:width\" content=\"2560\" \/>\n\t<meta property=\"og:image:height\" content=\"1707\" \/>\n\t<meta property=\"og:image:type\" content=\"image\/jpeg\" \/>\n<meta name=\"author\" content=\"adminuvb\" \/>\n<meta name=\"twitter:card\" content=\"summary_large_image\" \/>\n<meta name=\"twitter:label1\" content=\"Escrito por\" \/>\n\t<meta name=\"twitter:data1\" content=\"adminuvb\" \/>\n\t<meta name=\"twitter:label2\" content=\"Est. tempo de leitura\" \/>\n\t<meta name=\"twitter:data2\" content=\"3 minutos\" \/>\n<script type=\"application\/ld+json\" class=\"yoast-schema-graph\">{\"@context\":\"https:\/\/schema.org\",\"@graph\":[{\"@type\":\"Article\",\"@id\":\"https:\/\/uvbbrasil.com.br\/chapadao-do-sul-ms-camara-municipal-elege-nova-presidencia\/#article\",\"isPartOf\":{\"@id\":\"https:\/\/uvbbrasil.com.br\/chapadao-do-sul-ms-camara-municipal-elege-nova-presidencia\/\"},\"author\":{\"name\":\"adminuvb\",\"@id\":\"https:\/\/uvbbrasil.com.br\/#\/schema\/person\/17990098446c098f52effddff4f1b272\"},\"headline\":\"Chapad\u00e3o do Sul\/MS- C\u00e2mara Municipal elege Nova Presid\u00eancia e ter\u00e1 Al\u00edrio Bacca como presidente em 2024\",\"datePublished\":\"2023-10-24T15:32:52+00:00\",\"mainEntityOfPage\":{\"@id\":\"https:\/\/uvbbrasil.com.br\/chapadao-do-sul-ms-camara-municipal-elege-nova-presidencia\/\"},\"wordCount\":513,\"commentCount\":0,\"publisher\":{\"@id\":\"https:\/\/uvbbrasil.com.br\/#organization\"},\"image\":{\"@id\":\"https:\/\/uvbbrasil.com.br\/chapadao-do-sul-ms-camara-municipal-elege-nova-presidencia\/#primaryimage\"},\"thumbnailUrl\":\"https:\/\/uvbbrasil.com.br\/wp-content\/uploads\/2023\/10\/13712f3c3-scaled-1.jpg\",\"articleSection\":[\"NOT\u00cdCIAS\"],\"inLanguage\":\"pt-BR\",\"potentialAction\":[{\"@type\":\"CommentAction\",\"name\":\"Comment\",\"target\":[\"https:\/\/uvbbrasil.com.br\/chapadao-do-sul-ms-camara-municipal-elege-nova-presidencia\/#respond\"]}]},{\"@type\":\"WebPage\",\"@id\":\"https:\/\/uvbbrasil.com.br\/chapadao-do-sul-ms-camara-municipal-elege-nova-presidencia\/\",\"url\":\"https:\/\/uvbbrasil.com.br\/chapadao-do-sul-ms-camara-municipal-elege-nova-presidencia\/\",\"name\":\"Chapad\u00e3o do Sul\/MS- C\u00e2mara Municipal elege Nova Presid\u00eancia e ter\u00e1 Al\u00edrio Bacca como presidente em 2024 - UVB Brasil\",\"isPartOf\":{\"@id\":\"https:\/\/uvbbrasil.com.br\/#website\"},\"primaryImageOfPage\":{\"@id\":\"https:\/\/uvbbrasil.com.br\/chapadao-do-sul-ms-camara-municipal-elege-nova-presidencia\/#primaryimage\"},\"image\":{\"@id\":\"https:\/\/uvbbrasil.com.br\/chapadao-do-sul-ms-camara-municipal-elege-nova-presidencia\/#primaryimage\"},\"thumbnailUrl\":\"https:\/\/uvbbrasil.com.br\/wp-content\/uploads\/2023\/10\/13712f3c3-scaled-1.jpg\",\"datePublished\":\"2023-10-24T15:32:52+00:00\",\"breadcrumb\":{\"@id\":\"https:\/\/uvbbrasil.com.br\/chapadao-do-sul-ms-camara-municipal-elege-nova-presidencia\/#breadcrumb\"},\"inLanguage\":\"pt-BR\",\"potentialAction\":[{\"@type\":\"ReadAction\",\"target\":[\"https:\/\/uvbbrasil.com.br\/chapadao-do-sul-ms-camara-municipal-elege-nova-presidencia\/\"]}]},{\"@type\":\"ImageObject\",\"inLanguage\":\"pt-BR\",\"@id\":\"https:\/\/uvbbrasil.com.br\/chapadao-do-sul-ms-camara-municipal-elege-nova-presidencia\/#primaryimage\",\"url\":\"https:\/\/uvbbrasil.com.br\/wp-content\/uploads\/2023\/10\/13712f3c3-scaled-1.jpg\",\"contentUrl\":\"https:\/\/uvbbrasil.com.br\/wp-content\/uploads\/2023\/10\/13712f3c3-scaled-1.jpg\",\"width\":2560,\"height\":1707},{\"@type\":\"BreadcrumbList\",\"@id\":\"https:\/\/uvbbrasil.com.br\/chapadao-do-sul-ms-camara-municipal-elege-nova-presidencia\/#breadcrumb\",\"itemListElement\":[{\"@type\":\"ListItem\",\"position\":1,\"name\":\"In\u00edcio\",\"item\":\"https:\/\/uvbbrasil.com.br\/\"},{\"@type\":\"ListItem\",\"position\":2,\"name\":\"Chapad\u00e3o do Sul\/MS- C\u00e2mara Municipal elege Nova Presid\u00eancia e ter\u00e1 Al\u00edrio Bacca como presidente em 2024\"}]},{\"@type\":\"WebSite\",\"@id\":\"https:\/\/uvbbrasil.com.br\/#website\",\"url\":\"https:\/\/uvbbrasil.com.br\/\",\"name\":\"UVB Brasil\",\"description\":\"Uni\u00e3o dos Vereadores do Brasil\",\"publisher\":{\"@id\":\"https:\/\/uvbbrasil.com.br\/#organization\"},\"potentialAction\":[{\"@type\":\"SearchAction\",\"target\":{\"@type\":\"EntryPoint\",\"urlTemplate\":\"https:\/\/uvbbrasil.com.br\/?s={search_term_string}\"},\"query-input\":{\"@type\":\"PropertyValueSpecification\",\"valueRequired\":true,\"valueName\":\"search_term_string\"}}],\"inLanguage\":\"pt-BR\"},{\"@type\":\"Organization\",\"@id\":\"https:\/\/uvbbrasil.com.br\/#organization\",\"name\":\"UVB Brasil\",\"url\":\"https:\/\/uvbbrasil.com.br\/\",\"logo\":{\"@type\":\"ImageObject\",\"inLanguage\":\"pt-BR\",\"@id\":\"https:\/\/uvbbrasil.com.br\/#\/schema\/logo\/image\/\",\"url\":\"https:\/\/uvbbrasil.com.br\/wp-content\/uploads\/2025\/01\/LOGO-UVB-2024-azul-1.jpg\",\"contentUrl\":\"https:\/\/uvbbrasil.com.br\/wp-content\/uploads\/2025\/01\/LOGO-UVB-2024-azul-1.jpg\",\"width\":600,\"height\":211,\"caption\":\"UVB Brasil\"},\"image\":{\"@id\":\"https:\/\/uvbbrasil.com.br\/#\/schema\/logo\/image\/\"},\"sameAs\":[\"https:\/\/www.facebook.com\/uvb.vereadoresbrasil\",\"https:\/\/www.instagram.com\/uvbbrasil\/\",\"https:\/\/www.youtube.com\/channel\/UCIlPQ8Xzw5GHNzosQIg9S5A\"]},{\"@type\":\"Person\",\"@id\":\"https:\/\/uvbbrasil.com.br\/#\/schema\/person\/17990098446c098f52effddff4f1b272\",\"name\":\"adminuvb\",\"image\":{\"@type\":\"ImageObject\",\"inLanguage\":\"pt-BR\",\"@id\":\"https:\/\/uvbbrasil.com.br\/#\/schema\/person\/image\/\",\"url\":\"https:\/\/secure.gravatar.com\/avatar\/1a494ea6f8e2dd1ae526e55b0e9497efdba542491e0620d704cccf63c6f77c45?s=96&d=mm&r=g\",\"contentUrl\":\"https:\/\/secure.gravatar.com\/avatar\/1a494ea6f8e2dd1ae526e55b0e9497efdba542491e0620d704cccf63c6f77c45?s=96&d=mm&r=g\",\"caption\":\"adminuvb\"},\"sameAs\":[\"https:\/\/uvbbrasil.com.br\"],\"url\":\"https:\/\/uvbbrasil.com.br\/author\/adminuvb\/\"}]}<\/script>\n<!-- \/ Yoast SEO plugin. -->","yoast_head_json":{"title":"Chapad\u00e3o do Sul\/MS- C\u00e2mara Municipal elege Nova Presid\u00eancia e ter\u00e1 Al\u00edrio Bacca como presidente em 2024 - UVB Brasil","robots":{"index":"index","follow":"follow","max-snippet":"max-snippet:-1","max-image-preview":"max-image-preview:large","max-video-preview":"max-video-preview:-1"},"canonical":"https:\/\/uvbbrasil.com.br\/chapadao-do-sul-ms-camara-municipal-elege-nova-presidencia\/","og_locale":"pt_BR","og_type":"article","og_title":"Chapad\u00e3o do Sul\/MS- C\u00e2mara Municipal elege Nova Presid\u00eancia e ter\u00e1 Al\u00edrio Bacca como presidente em 2024 - UVB Brasil","og_description":"A 1434\u00aa Sess\u00e3o Ordin\u00e1ria, da 3\u00aa Sess\u00e3o Legislativa, da 9\u00aa Legislatura, da C\u00e2mara Municipal de Chapad\u00e3o do Sul\/MS foi realizada...","og_url":"https:\/\/uvbbrasil.com.br\/chapadao-do-sul-ms-camara-municipal-elege-nova-presidencia\/","og_site_name":"UVB Brasil","article_publisher":"https:\/\/www.facebook.com\/uvb.vereadoresbrasil","article_published_time":"2023-10-24T15:32:52+00:00","og_image":[{"width":2560,"height":1707,"url":"https:\/\/uvbbrasil.com.br\/wp-content\/uploads\/2023\/10\/13712f3c3-scaled-1.jpg","type":"image\/jpeg"}],"author":"adminuvb","twitter_card":"summary_large_image","twitter_misc":{"Escrito por":"adminuvb","Est. tempo de leitura":"3 minutos"},"schema":{"@context":"https:\/\/schema.org","@graph":[{"@type":"Article","@id":"https:\/\/uvbbrasil.com.br\/chapadao-do-sul-ms-camara-municipal-elege-nova-presidencia\/#article","isPartOf":{"@id":"https:\/\/uvbbrasil.com.br\/chapadao-do-sul-ms-camara-municipal-elege-nova-presidencia\/"},"author":{"name":"adminuvb","@id":"https:\/\/uvbbrasil.com.br\/#\/schema\/person\/17990098446c098f52effddff4f1b272"},"headline":"Chapad\u00e3o do Sul\/MS- C\u00e2mara Municipal elege Nova Presid\u00eancia e ter\u00e1 Al\u00edrio Bacca como presidente em 2024","datePublished":"2023-10-24T15:32:52+00:00","mainEntityOfPage":{"@id":"https:\/\/uvbbrasil.com.br\/chapadao-do-sul-ms-camara-municipal-elege-nova-presidencia\/"},"wordCount":513,"commentCount":0,"publisher":{"@id":"https:\/\/uvbbrasil.com.br\/#organization"},"image":{"@id":"https:\/\/uvbbrasil.com.br\/chapadao-do-sul-ms-camara-municipal-elege-nova-presidencia\/#primaryimage"},"thumbnailUrl":"https:\/\/uvbbrasil.com.br\/wp-content\/uploads\/2023\/10\/13712f3c3-scaled-1.jpg","articleSection":["NOT\u00cdCIAS"],"inLanguage":"pt-BR","potentialAction":[{"@type":"CommentAction","name":"Comment","target":["https:\/\/uvbbrasil.com.br\/chapadao-do-sul-ms-camara-municipal-elege-nova-presidencia\/#respond"]}]},{"@type":"WebPage","@id":"https:\/\/uvbbrasil.com.br\/chapadao-do-sul-ms-camara-municipal-elege-nova-presidencia\/","url":"https:\/\/uvbbrasil.com.br\/chapadao-do-sul-ms-camara-municipal-elege-nova-presidencia\/","name":"Chapad\u00e3o do Sul\/MS- C\u00e2mara Municipal elege Nova Presid\u00eancia e ter\u00e1 Al\u00edrio Bacca como presidente em 2024 - UVB Brasil","isPartOf":{"@id":"https:\/\/uvbbrasil.com.br\/#website"},"primaryImageOfPage":{"@id":"https:\/\/uvbbrasil.com.br\/chapadao-do-sul-ms-camara-municipal-elege-nova-presidencia\/#primaryimage"},"image":{"@id":"https:\/\/uvbbrasil.com.br\/chapadao-do-sul-ms-camara-municipal-elege-nova-presidencia\/#primaryimage"},"thumbnailUrl":"https:\/\/uvbbrasil.com.br\/wp-content\/uploads\/2023\/10\/13712f3c3-scaled-1.jpg","datePublished":"2023-10-24T15:32:52+00:00","breadcrumb":{"@id":"https:\/\/uvbbrasil.com.br\/chapadao-do-sul-ms-camara-municipal-elege-nova-presidencia\/#breadcrumb"},"inLanguage":"pt-BR","potentialAction":[{"@type":"ReadAction","target":["https:\/\/uvbbrasil.com.br\/chapadao-do-sul-ms-camara-municipal-elege-nova-presidencia\/"]}]},{"@type":"ImageObject","inLanguage":"pt-BR","@id":"https:\/\/uvbbrasil.com.br\/chapadao-do-sul-ms-camara-municipal-elege-nova-presidencia\/#primaryimage","url":"https:\/\/uvbbrasil.com.br\/wp-content\/uploads\/2023\/10\/13712f3c3-scaled-1.jpg","contentUrl":"https:\/\/uvbbrasil.com.br\/wp-content\/uploads\/2023\/10\/13712f3c3-scaled-1.jpg","width":2560,"height":1707},{"@type":"BreadcrumbList","@id":"https:\/\/uvbbrasil.com.br\/chapadao-do-sul-ms-camara-municipal-elege-nova-presidencia\/#breadcrumb","itemListElement":[{"@type":"ListItem","position":1,"name":"In\u00edcio","item":"https:\/\/uvbbrasil.com.br\/"},{"@type":"ListItem","position":2,"name":"Chapad\u00e3o do Sul\/MS- C\u00e2mara Municipal elege Nova Presid\u00eancia e ter\u00e1 Al\u00edrio Bacca como presidente em 2024"}]},{"@type":"WebSite","@id":"https:\/\/uvbbrasil.com.br\/#website","url":"https:\/\/uvbbrasil.com.br\/","name":"UVB Brasil","description":"Uni\u00e3o dos Vereadores do Brasil","publisher":{"@id":"https:\/\/uvbbrasil.com.br\/#organization"},"potentialAction":[{"@type":"SearchAction","target":{"@type":"EntryPoint","urlTemplate":"https:\/\/uvbbrasil.com.br\/?s={search_term_string}"},"query-input":{"@type":"PropertyValueSpecification","valueRequired":true,"valueName":"search_term_string"}}],"inLanguage":"pt-BR"},{"@type":"Organization","@id":"https:\/\/uvbbrasil.com.br\/#organization","name":"UVB Brasil","url":"https:\/\/uvbbrasil.com.br\/","logo":{"@type":"ImageObject","inLanguage":"pt-BR","@id":"https:\/\/uvbbrasil.com.br\/#\/schema\/logo\/image\/","url":"https:\/\/uvbbrasil.com.br\/wp-content\/uploads\/2025\/01\/LOGO-UVB-2024-azul-1.jpg","contentUrl":"https:\/\/uvbbrasil.com.br\/wp-content\/uploads\/2025\/01\/LOGO-UVB-2024-azul-1.jpg","width":600,"height":211,"caption":"UVB Brasil"},"image":{"@id":"https:\/\/uvbbrasil.com.br\/#\/schema\/logo\/image\/"},"sameAs":["https:\/\/www.facebook.com\/uvb.vereadoresbrasil","https:\/\/www.instagram.com\/uvbbrasil\/","https:\/\/www.youtube.com\/channel\/UCIlPQ8Xzw5GHNzosQIg9S5A"]},{"@type":"Person","@id":"https:\/\/uvbbrasil.com.br\/#\/schema\/person\/17990098446c098f52effddff4f1b272","name":"adminuvb","image":{"@type":"ImageObject","inLanguage":"pt-BR","@id":"https:\/\/uvbbrasil.com.br\/#\/schema\/person\/image\/","url":"https:\/\/secure.gravatar.com\/avatar\/1a494ea6f8e2dd1ae526e55b0e9497efdba542491e0620d704cccf63c6f77c45?s=96&d=mm&r=g","contentUrl":"https:\/\/secure.gravatar.com\/avatar\/1a494ea6f8e2dd1ae526e55b0e9497efdba542491e0620d704cccf63c6f77c45?s=96&d=mm&r=g","caption":"adminuvb"},"sameAs":["https:\/\/uvbbrasil.com.br"],"url":"https:\/\/uvbbrasil.com.br\/author\/adminuvb\/"}]}},"_links":{"self":[{"href":"https:\/\/uvbbrasil.com.br\/uvb-json\/wp\/v2\/posts\/32063","targetHints":{"allow":["GET"]}}],"collection":[{"href":"https:\/\/uvbbrasil.com.br\/uvb-json\/wp\/v2\/posts"}],"about":[{"href":"https:\/\/uvbbrasil.com.br\/uvb-json\/wp\/v2\/types\/post"}],"author":[{"embeddable":true,"href":"https:\/\/uvbbrasil.com.br\/uvb-json\/wp\/v2\/users\/1"}],"replies":[{"embeddable":true,"href":"https:\/\/uvbbrasil.com.br\/uvb-json\/wp\/v2\/comments?post=32063"}],"version-history":[{"count":0,"href":"https:\/\/uvbbrasil.com.br\/uvb-json\/wp\/v2\/posts\/32063\/revisions"}],"wp:featuredmedia":[{"embeddable":true,"href":"https:\/\/uvbbrasil.com.br\/uvb-json\/wp\/v2\/media\/32064"}],"wp:attachment":[{"href":"https:\/\/uvbbrasil.com.br\/uvb-json\/wp\/v2\/media?parent=32063"}],"wp:term":[{"taxonomy":"category","embeddable":true,"href":"https:\/\/uvbbrasil.com.br\/uvb-json\/wp\/v2\/categories?post=32063"},{"taxonomy":"post_tag","embeddable":true,"href":"https:\/\/uvbbrasil.com.br\/uvb-json\/wp\/v2\/tags?post=32063"}],"curies":[{"name":"wp","href":"https:\/\/api.w.org\/{rel}","templated":true}]}}