{"id":31842,"date":"2023-10-05T12:00:27","date_gmt":"2023-10-05T15:00:27","guid":{"rendered":"https:\/\/wpsandbox4.pante.com.br\/?p=31842"},"modified":"2023-10-05T12:00:27","modified_gmt":"2023-10-05T15:00:27","slug":"irai-rs-camara-aprova-incentivo-a-empresa-prestacao-de-servicos-automotivos-e-residenciais","status":"publish","type":"post","link":"https:\/\/uvbbrasil.com.br\/irai-rs-camara-aprova-incentivo-a-empresa-prestacao-de-servicos-automotivos-e-residenciais\/","title":{"rendered":"Ira\u00ed\/RS- C\u00e2mara aprova incentivo a empresa presta\u00e7\u00e3o de servi\u00e7os automotivos e residenciais"},"content":{"rendered":"<p>&nbsp;<\/p>\n<p>O Poder Legislativo de Ira\u00ed\/RS, em sess\u00e3o ordin\u00e1ria, aprovou o Projeto de Lei n\u00ba 052\/2023, de autoria do Poder Executivo, que autoriza o mesmo a conceder o uso gratuito de im\u00f3vel para a finalidade espec\u00edfica de instala\u00e7\u00e3o da empresa de propriedade de Felipe Ant\u00f4nio Minuzzi, com atividade espec\u00edfica no ramo de presta\u00e7\u00e3o de servi\u00e7os automotivos e residenciais, como coloca\u00e7\u00e3o de pel\u00edculas e afins.<\/p>\n<p>De acordo com a Administra\u00e7\u00e3o, o im\u00f3vel a ser cedido encontra-se sem adequada destina\u00e7\u00e3o, e para melhor aproveitamento do espa\u00e7o, a instala\u00e7\u00e3o da empresa ir\u00e1 proporcionar gera\u00e7\u00e3o de renda e emprego, aproveitando o interesse de empresas privadas em investir no Munic\u00edpio, uma vez que o interesse p\u00fablico \u00e9 indiscut\u00edvel, al\u00e9m de atrair recursos para o Munic\u00edpio, promovendo assim, o desenvolvimento econ\u00f4mico e social.<\/p>\n<p>A \u00e1rea a ser concedidas ser\u00e1 pelo per\u00edodo de 10 anos, sendo prorrog\u00e1vel em caso de interesse de ambas as partes.<\/p>\n<p><img fetchpriority=\"high\" decoding=\"async\" class=\"alignnone size-medium wp-image-31843\" src=\"https:\/\/uvbbrasil.com.br\/wp-content\/uploads\/2023\/10\/250686bda543534d25000e92595d80b8-300x200.jpg\" alt=\"\" width=\"300\" height=\"200\" srcset=\"https:\/\/uvbbrasil.com.br\/wp-content\/uploads\/2023\/10\/250686bda543534d25000e92595d80b8-300x200.jpg 300w, https:\/\/uvbbrasil.com.br\/wp-content\/uploads\/2023\/10\/250686bda543534d25000e92595d80b8.jpg 650w\" sizes=\"(max-width: 300px) 100vw, 300px\" \/><\/p>\n<div class=\"wrapper-dados-noticia\">\n<p>Autor:\u00a0Fernando Sucolotti<\/p>\n<\/div>\n","protected":false},"excerpt":{"rendered":"<p>&nbsp; O Poder Legislativo de Ira\u00ed\/RS, em sess\u00e3o ordin\u00e1ria, aprovou o Projeto de Lei n\u00ba 052\/2023, de autoria do Poder&#8230;<\/p>\n","protected":false},"author":1,"featured_media":31843,"comment_status":"open","ping_status":"open","sticky":false,"template":"","format":"standard","meta":{"footnotes":""},"categories":[3],"tags":[],"class_list":["post-31842","post","type-post","status-publish","format-standard","has-post-thumbnail","hentry","category-noticias"],"yoast_head":"<!-- This site is optimized with the Yoast SEO plugin v26.7 - https:\/\/yoast.com\/wordpress\/plugins\/seo\/ -->\n<title>Ira\u00ed\/RS- C\u00e2mara aprova incentivo a empresa presta\u00e7\u00e3o de servi\u00e7os automotivos e residenciais - UVB Brasil<\/title>\n<meta name=\"robots\" content=\"index, follow, max-snippet:-1, max-image-preview:large, max-video-preview:-1\" \/>\n<link rel=\"canonical\" href=\"https:\/\/uvbbrasil.com.br\/irai-rs-camara-aprova-incentivo-a-empresa-prestacao-de-servicos-automotivos-e-residenciais\/\" \/>\n<meta property=\"og:locale\" content=\"pt_BR\" \/>\n<meta property=\"og:type\" content=\"article\" \/>\n<meta property=\"og:title\" content=\"Ira\u00ed\/RS- C\u00e2mara aprova incentivo a empresa presta\u00e7\u00e3o de servi\u00e7os automotivos e residenciais - UVB Brasil\" \/>\n<meta property=\"og:description\" content=\"&nbsp; O Poder Legislativo de Ira\u00ed\/RS, em sess\u00e3o ordin\u00e1ria, aprovou o Projeto de Lei n\u00ba 052\/2023, de autoria do Poder...\" \/>\n<meta property=\"og:url\" content=\"https:\/\/uvbbrasil.com.br\/irai-rs-camara-aprova-incentivo-a-empresa-prestacao-de-servicos-automotivos-e-residenciais\/\" \/>\n<meta property=\"og:site_name\" content=\"UVB Brasil\" \/>\n<meta property=\"article:publisher\" content=\"https:\/\/www.facebook.com\/uvb.vereadoresbrasil\" \/>\n<meta property=\"article:published_time\" content=\"2023-10-05T15:00:27+00:00\" \/>\n<meta property=\"og:image\" content=\"https:\/\/uvbbrasil.com.br\/wp-content\/uploads\/2023\/10\/250686bda543534d25000e92595d80b8.jpg\" \/>\n\t<meta property=\"og:image:width\" content=\"650\" \/>\n\t<meta property=\"og:image:height\" content=\"433\" \/>\n\t<meta property=\"og:image:type\" content=\"image\/jpeg\" \/>\n<meta name=\"author\" content=\"adminuvb\" \/>\n<meta name=\"twitter:card\" content=\"summary_large_image\" \/>\n<meta name=\"twitter:label1\" content=\"Escrito por\" \/>\n\t<meta name=\"twitter:data1\" content=\"adminuvb\" \/>\n\t<meta name=\"twitter:label2\" content=\"Est. tempo de leitura\" \/>\n\t<meta name=\"twitter:data2\" content=\"1 minuto\" \/>\n<script type=\"application\/ld+json\" class=\"yoast-schema-graph\">{\"@context\":\"https:\/\/schema.org\",\"@graph\":[{\"@type\":\"Article\",\"@id\":\"https:\/\/uvbbrasil.com.br\/irai-rs-camara-aprova-incentivo-a-empresa-prestacao-de-servicos-automotivos-e-residenciais\/#article\",\"isPartOf\":{\"@id\":\"https:\/\/uvbbrasil.com.br\/irai-rs-camara-aprova-incentivo-a-empresa-prestacao-de-servicos-automotivos-e-residenciais\/\"},\"author\":{\"name\":\"adminuvb\",\"@id\":\"https:\/\/uvbbrasil.com.br\/#\/schema\/person\/17990098446c098f52effddff4f1b272\"},\"headline\":\"Ira\u00ed\/RS- C\u00e2mara aprova incentivo a empresa presta\u00e7\u00e3o de servi\u00e7os automotivos e residenciais\",\"datePublished\":\"2023-10-05T15:00:27+00:00\",\"mainEntityOfPage\":{\"@id\":\"https:\/\/uvbbrasil.com.br\/irai-rs-camara-aprova-incentivo-a-empresa-prestacao-de-servicos-automotivos-e-residenciais\/\"},\"wordCount\":190,\"commentCount\":0,\"publisher\":{\"@id\":\"https:\/\/uvbbrasil.com.br\/#organization\"},\"image\":{\"@id\":\"https:\/\/uvbbrasil.com.br\/irai-rs-camara-aprova-incentivo-a-empresa-prestacao-de-servicos-automotivos-e-residenciais\/#primaryimage\"},\"thumbnailUrl\":\"https:\/\/uvbbrasil.com.br\/wp-content\/uploads\/2023\/10\/250686bda543534d25000e92595d80b8.jpg\",\"articleSection\":[\"NOT\u00cdCIAS\"],\"inLanguage\":\"pt-BR\",\"potentialAction\":[{\"@type\":\"CommentAction\",\"name\":\"Comment\",\"target\":[\"https:\/\/uvbbrasil.com.br\/irai-rs-camara-aprova-incentivo-a-empresa-prestacao-de-servicos-automotivos-e-residenciais\/#respond\"]}]},{\"@type\":\"WebPage\",\"@id\":\"https:\/\/uvbbrasil.com.br\/irai-rs-camara-aprova-incentivo-a-empresa-prestacao-de-servicos-automotivos-e-residenciais\/\",\"url\":\"https:\/\/uvbbrasil.com.br\/irai-rs-camara-aprova-incentivo-a-empresa-prestacao-de-servicos-automotivos-e-residenciais\/\",\"name\":\"Ira\u00ed\/RS- C\u00e2mara aprova incentivo a empresa presta\u00e7\u00e3o de servi\u00e7os automotivos e residenciais - UVB Brasil\",\"isPartOf\":{\"@id\":\"https:\/\/uvbbrasil.com.br\/#website\"},\"primaryImageOfPage\":{\"@id\":\"https:\/\/uvbbrasil.com.br\/irai-rs-camara-aprova-incentivo-a-empresa-prestacao-de-servicos-automotivos-e-residenciais\/#primaryimage\"},\"image\":{\"@id\":\"https:\/\/uvbbrasil.com.br\/irai-rs-camara-aprova-incentivo-a-empresa-prestacao-de-servicos-automotivos-e-residenciais\/#primaryimage\"},\"thumbnailUrl\":\"https:\/\/uvbbrasil.com.br\/wp-content\/uploads\/2023\/10\/250686bda543534d25000e92595d80b8.jpg\",\"datePublished\":\"2023-10-05T15:00:27+00:00\",\"breadcrumb\":{\"@id\":\"https:\/\/uvbbrasil.com.br\/irai-rs-camara-aprova-incentivo-a-empresa-prestacao-de-servicos-automotivos-e-residenciais\/#breadcrumb\"},\"inLanguage\":\"pt-BR\",\"potentialAction\":[{\"@type\":\"ReadAction\",\"target\":[\"https:\/\/uvbbrasil.com.br\/irai-rs-camara-aprova-incentivo-a-empresa-prestacao-de-servicos-automotivos-e-residenciais\/\"]}]},{\"@type\":\"ImageObject\",\"inLanguage\":\"pt-BR\",\"@id\":\"https:\/\/uvbbrasil.com.br\/irai-rs-camara-aprova-incentivo-a-empresa-prestacao-de-servicos-automotivos-e-residenciais\/#primaryimage\",\"url\":\"https:\/\/uvbbrasil.com.br\/wp-content\/uploads\/2023\/10\/250686bda543534d25000e92595d80b8.jpg\",\"contentUrl\":\"https:\/\/uvbbrasil.com.br\/wp-content\/uploads\/2023\/10\/250686bda543534d25000e92595d80b8.jpg\",\"width\":650,\"height\":433},{\"@type\":\"BreadcrumbList\",\"@id\":\"https:\/\/uvbbrasil.com.br\/irai-rs-camara-aprova-incentivo-a-empresa-prestacao-de-servicos-automotivos-e-residenciais\/#breadcrumb\",\"itemListElement\":[{\"@type\":\"ListItem\",\"position\":1,\"name\":\"In\u00edcio\",\"item\":\"https:\/\/uvbbrasil.com.br\/\"},{\"@type\":\"ListItem\",\"position\":2,\"name\":\"Ira\u00ed\/RS- C\u00e2mara aprova incentivo a empresa presta\u00e7\u00e3o de servi\u00e7os automotivos e residenciais\"}]},{\"@type\":\"WebSite\",\"@id\":\"https:\/\/uvbbrasil.com.br\/#website\",\"url\":\"https:\/\/uvbbrasil.com.br\/\",\"name\":\"UVB Brasil\",\"description\":\"Uni\u00e3o dos Vereadores do Brasil\",\"publisher\":{\"@id\":\"https:\/\/uvbbrasil.com.br\/#organization\"},\"potentialAction\":[{\"@type\":\"SearchAction\",\"target\":{\"@type\":\"EntryPoint\",\"urlTemplate\":\"https:\/\/uvbbrasil.com.br\/?s={search_term_string}\"},\"query-input\":{\"@type\":\"PropertyValueSpecification\",\"valueRequired\":true,\"valueName\":\"search_term_string\"}}],\"inLanguage\":\"pt-BR\"},{\"@type\":\"Organization\",\"@id\":\"https:\/\/uvbbrasil.com.br\/#organization\",\"name\":\"UVB Brasil\",\"url\":\"https:\/\/uvbbrasil.com.br\/\",\"logo\":{\"@type\":\"ImageObject\",\"inLanguage\":\"pt-BR\",\"@id\":\"https:\/\/uvbbrasil.com.br\/#\/schema\/logo\/image\/\",\"url\":\"https:\/\/uvbbrasil.com.br\/wp-content\/uploads\/2025\/01\/LOGO-UVB-2024-azul-1.jpg\",\"contentUrl\":\"https:\/\/uvbbrasil.com.br\/wp-content\/uploads\/2025\/01\/LOGO-UVB-2024-azul-1.jpg\",\"width\":600,\"height\":211,\"caption\":\"UVB Brasil\"},\"image\":{\"@id\":\"https:\/\/uvbbrasil.com.br\/#\/schema\/logo\/image\/\"},\"sameAs\":[\"https:\/\/www.facebook.com\/uvb.vereadoresbrasil\",\"https:\/\/www.instagram.com\/uvbbrasil\/\",\"https:\/\/www.youtube.com\/channel\/UCIlPQ8Xzw5GHNzosQIg9S5A\"]},{\"@type\":\"Person\",\"@id\":\"https:\/\/uvbbrasil.com.br\/#\/schema\/person\/17990098446c098f52effddff4f1b272\",\"name\":\"adminuvb\",\"image\":{\"@type\":\"ImageObject\",\"inLanguage\":\"pt-BR\",\"@id\":\"https:\/\/uvbbrasil.com.br\/#\/schema\/person\/image\/\",\"url\":\"https:\/\/secure.gravatar.com\/avatar\/1a494ea6f8e2dd1ae526e55b0e9497efdba542491e0620d704cccf63c6f77c45?s=96&d=mm&r=g\",\"contentUrl\":\"https:\/\/secure.gravatar.com\/avatar\/1a494ea6f8e2dd1ae526e55b0e9497efdba542491e0620d704cccf63c6f77c45?s=96&d=mm&r=g\",\"caption\":\"adminuvb\"},\"sameAs\":[\"https:\/\/uvbbrasil.com.br\"],\"url\":\"https:\/\/uvbbrasil.com.br\/author\/adminuvb\/\"}]}<\/script>\n<!-- \/ Yoast SEO plugin. -->","yoast_head_json":{"title":"Ira\u00ed\/RS- C\u00e2mara aprova incentivo a empresa presta\u00e7\u00e3o de servi\u00e7os automotivos e residenciais - UVB Brasil","robots":{"index":"index","follow":"follow","max-snippet":"max-snippet:-1","max-image-preview":"max-image-preview:large","max-video-preview":"max-video-preview:-1"},"canonical":"https:\/\/uvbbrasil.com.br\/irai-rs-camara-aprova-incentivo-a-empresa-prestacao-de-servicos-automotivos-e-residenciais\/","og_locale":"pt_BR","og_type":"article","og_title":"Ira\u00ed\/RS- C\u00e2mara aprova incentivo a empresa presta\u00e7\u00e3o de servi\u00e7os automotivos e residenciais - UVB Brasil","og_description":"&nbsp; O Poder Legislativo de Ira\u00ed\/RS, em sess\u00e3o ordin\u00e1ria, aprovou o Projeto de Lei n\u00ba 052\/2023, de autoria do Poder...","og_url":"https:\/\/uvbbrasil.com.br\/irai-rs-camara-aprova-incentivo-a-empresa-prestacao-de-servicos-automotivos-e-residenciais\/","og_site_name":"UVB Brasil","article_publisher":"https:\/\/www.facebook.com\/uvb.vereadoresbrasil","article_published_time":"2023-10-05T15:00:27+00:00","og_image":[{"width":650,"height":433,"url":"https:\/\/uvbbrasil.com.br\/wp-content\/uploads\/2023\/10\/250686bda543534d25000e92595d80b8.jpg","type":"image\/jpeg"}],"author":"adminuvb","twitter_card":"summary_large_image","twitter_misc":{"Escrito por":"adminuvb","Est. tempo de leitura":"1 minuto"},"schema":{"@context":"https:\/\/schema.org","@graph":[{"@type":"Article","@id":"https:\/\/uvbbrasil.com.br\/irai-rs-camara-aprova-incentivo-a-empresa-prestacao-de-servicos-automotivos-e-residenciais\/#article","isPartOf":{"@id":"https:\/\/uvbbrasil.com.br\/irai-rs-camara-aprova-incentivo-a-empresa-prestacao-de-servicos-automotivos-e-residenciais\/"},"author":{"name":"adminuvb","@id":"https:\/\/uvbbrasil.com.br\/#\/schema\/person\/17990098446c098f52effddff4f1b272"},"headline":"Ira\u00ed\/RS- C\u00e2mara aprova incentivo a empresa presta\u00e7\u00e3o de servi\u00e7os automotivos e residenciais","datePublished":"2023-10-05T15:00:27+00:00","mainEntityOfPage":{"@id":"https:\/\/uvbbrasil.com.br\/irai-rs-camara-aprova-incentivo-a-empresa-prestacao-de-servicos-automotivos-e-residenciais\/"},"wordCount":190,"commentCount":0,"publisher":{"@id":"https:\/\/uvbbrasil.com.br\/#organization"},"image":{"@id":"https:\/\/uvbbrasil.com.br\/irai-rs-camara-aprova-incentivo-a-empresa-prestacao-de-servicos-automotivos-e-residenciais\/#primaryimage"},"thumbnailUrl":"https:\/\/uvbbrasil.com.br\/wp-content\/uploads\/2023\/10\/250686bda543534d25000e92595d80b8.jpg","articleSection":["NOT\u00cdCIAS"],"inLanguage":"pt-BR","potentialAction":[{"@type":"CommentAction","name":"Comment","target":["https:\/\/uvbbrasil.com.br\/irai-rs-camara-aprova-incentivo-a-empresa-prestacao-de-servicos-automotivos-e-residenciais\/#respond"]}]},{"@type":"WebPage","@id":"https:\/\/uvbbrasil.com.br\/irai-rs-camara-aprova-incentivo-a-empresa-prestacao-de-servicos-automotivos-e-residenciais\/","url":"https:\/\/uvbbrasil.com.br\/irai-rs-camara-aprova-incentivo-a-empresa-prestacao-de-servicos-automotivos-e-residenciais\/","name":"Ira\u00ed\/RS- C\u00e2mara aprova incentivo a empresa presta\u00e7\u00e3o de servi\u00e7os automotivos e residenciais - UVB Brasil","isPartOf":{"@id":"https:\/\/uvbbrasil.com.br\/#website"},"primaryImageOfPage":{"@id":"https:\/\/uvbbrasil.com.br\/irai-rs-camara-aprova-incentivo-a-empresa-prestacao-de-servicos-automotivos-e-residenciais\/#primaryimage"},"image":{"@id":"https:\/\/uvbbrasil.com.br\/irai-rs-camara-aprova-incentivo-a-empresa-prestacao-de-servicos-automotivos-e-residenciais\/#primaryimage"},"thumbnailUrl":"https:\/\/uvbbrasil.com.br\/wp-content\/uploads\/2023\/10\/250686bda543534d25000e92595d80b8.jpg","datePublished":"2023-10-05T15:00:27+00:00","breadcrumb":{"@id":"https:\/\/uvbbrasil.com.br\/irai-rs-camara-aprova-incentivo-a-empresa-prestacao-de-servicos-automotivos-e-residenciais\/#breadcrumb"},"inLanguage":"pt-BR","potentialAction":[{"@type":"ReadAction","target":["https:\/\/uvbbrasil.com.br\/irai-rs-camara-aprova-incentivo-a-empresa-prestacao-de-servicos-automotivos-e-residenciais\/"]}]},{"@type":"ImageObject","inLanguage":"pt-BR","@id":"https:\/\/uvbbrasil.com.br\/irai-rs-camara-aprova-incentivo-a-empresa-prestacao-de-servicos-automotivos-e-residenciais\/#primaryimage","url":"https:\/\/uvbbrasil.com.br\/wp-content\/uploads\/2023\/10\/250686bda543534d25000e92595d80b8.jpg","contentUrl":"https:\/\/uvbbrasil.com.br\/wp-content\/uploads\/2023\/10\/250686bda543534d25000e92595d80b8.jpg","width":650,"height":433},{"@type":"BreadcrumbList","@id":"https:\/\/uvbbrasil.com.br\/irai-rs-camara-aprova-incentivo-a-empresa-prestacao-de-servicos-automotivos-e-residenciais\/#breadcrumb","itemListElement":[{"@type":"ListItem","position":1,"name":"In\u00edcio","item":"https:\/\/uvbbrasil.com.br\/"},{"@type":"ListItem","position":2,"name":"Ira\u00ed\/RS- C\u00e2mara aprova incentivo a empresa presta\u00e7\u00e3o de servi\u00e7os automotivos e residenciais"}]},{"@type":"WebSite","@id":"https:\/\/uvbbrasil.com.br\/#website","url":"https:\/\/uvbbrasil.com.br\/","name":"UVB Brasil","description":"Uni\u00e3o dos Vereadores do Brasil","publisher":{"@id":"https:\/\/uvbbrasil.com.br\/#organization"},"potentialAction":[{"@type":"SearchAction","target":{"@type":"EntryPoint","urlTemplate":"https:\/\/uvbbrasil.com.br\/?s={search_term_string}"},"query-input":{"@type":"PropertyValueSpecification","valueRequired":true,"valueName":"search_term_string"}}],"inLanguage":"pt-BR"},{"@type":"Organization","@id":"https:\/\/uvbbrasil.com.br\/#organization","name":"UVB Brasil","url":"https:\/\/uvbbrasil.com.br\/","logo":{"@type":"ImageObject","inLanguage":"pt-BR","@id":"https:\/\/uvbbrasil.com.br\/#\/schema\/logo\/image\/","url":"https:\/\/uvbbrasil.com.br\/wp-content\/uploads\/2025\/01\/LOGO-UVB-2024-azul-1.jpg","contentUrl":"https:\/\/uvbbrasil.com.br\/wp-content\/uploads\/2025\/01\/LOGO-UVB-2024-azul-1.jpg","width":600,"height":211,"caption":"UVB Brasil"},"image":{"@id":"https:\/\/uvbbrasil.com.br\/#\/schema\/logo\/image\/"},"sameAs":["https:\/\/www.facebook.com\/uvb.vereadoresbrasil","https:\/\/www.instagram.com\/uvbbrasil\/","https:\/\/www.youtube.com\/channel\/UCIlPQ8Xzw5GHNzosQIg9S5A"]},{"@type":"Person","@id":"https:\/\/uvbbrasil.com.br\/#\/schema\/person\/17990098446c098f52effddff4f1b272","name":"adminuvb","image":{"@type":"ImageObject","inLanguage":"pt-BR","@id":"https:\/\/uvbbrasil.com.br\/#\/schema\/person\/image\/","url":"https:\/\/secure.gravatar.com\/avatar\/1a494ea6f8e2dd1ae526e55b0e9497efdba542491e0620d704cccf63c6f77c45?s=96&d=mm&r=g","contentUrl":"https:\/\/secure.gravatar.com\/avatar\/1a494ea6f8e2dd1ae526e55b0e9497efdba542491e0620d704cccf63c6f77c45?s=96&d=mm&r=g","caption":"adminuvb"},"sameAs":["https:\/\/uvbbrasil.com.br"],"url":"https:\/\/uvbbrasil.com.br\/author\/adminuvb\/"}]}},"_links":{"self":[{"href":"https:\/\/uvbbrasil.com.br\/uvb-json\/wp\/v2\/posts\/31842","targetHints":{"allow":["GET"]}}],"collection":[{"href":"https:\/\/uvbbrasil.com.br\/uvb-json\/wp\/v2\/posts"}],"about":[{"href":"https:\/\/uvbbrasil.com.br\/uvb-json\/wp\/v2\/types\/post"}],"author":[{"embeddable":true,"href":"https:\/\/uvbbrasil.com.br\/uvb-json\/wp\/v2\/users\/1"}],"replies":[{"embeddable":true,"href":"https:\/\/uvbbrasil.com.br\/uvb-json\/wp\/v2\/comments?post=31842"}],"version-history":[{"count":0,"href":"https:\/\/uvbbrasil.com.br\/uvb-json\/wp\/v2\/posts\/31842\/revisions"}],"wp:featuredmedia":[{"embeddable":true,"href":"https:\/\/uvbbrasil.com.br\/uvb-json\/wp\/v2\/media\/31843"}],"wp:attachment":[{"href":"https:\/\/uvbbrasil.com.br\/uvb-json\/wp\/v2\/media?parent=31842"}],"wp:term":[{"taxonomy":"category","embeddable":true,"href":"https:\/\/uvbbrasil.com.br\/uvb-json\/wp\/v2\/categories?post=31842"},{"taxonomy":"post_tag","embeddable":true,"href":"https:\/\/uvbbrasil.com.br\/uvb-json\/wp\/v2\/tags?post=31842"}],"curies":[{"name":"wp","href":"https:\/\/api.w.org\/{rel}","templated":true}]}}