{"id":31680,"date":"2023-09-21T10:45:20","date_gmt":"2023-09-21T13:45:20","guid":{"rendered":"https:\/\/wpsandbox4.pante.com.br\/?p=31680"},"modified":"2023-09-21T10:45:20","modified_gmt":"2023-09-21T13:45:20","slug":"uvc-recebe-termo-de-posse-da-nova-sede-propria-da-entidade-do-ceara","status":"publish","type":"post","link":"https:\/\/uvbbrasil.com.br\/uvc-recebe-termo-de-posse-da-nova-sede-propria-da-entidade-do-ceara\/","title":{"rendered":"UVC recebe termo de posse da nova sede pr\u00f3pria da entidade do Cear\u00e1"},"content":{"rendered":"<p>&nbsp;<\/p>\n<p>Nesta ter\u00e7a-feira, 19 de setembro, foi entregue o termo de posse da sede pr\u00f3pria da entidade, uma luta de quase 10 anos que finalmente est\u00e1 se concretizando.<\/p>\n<p>O presidente Toim Braga esteve na Superintend\u00eancia de Obras P\u00fablicas (SOP), juntamente com os ex-presidentes da UVC: Audic Mota, C\u00e9sar Veras e Guto Mota, e os presidentes de C\u00e2maras Jodeal Alc\u00e2ntara (Barroquinha), Rog\u00e9rio do Delegado (Irau\u00e7uba), Marcos Aur\u00e9lio (Tabuleiro do Norte), Emanuel Vieira (Camocim), Estev\u00e3o Sucam (Paramoti), al\u00e9m de parte da diretoria, representada pelo diretor Samuel Isidoro e pelo presidente de honra C\u00e9sar Veras.<\/p>\n<p>Na oportunidade foram recebidos pelo superintendente da SOP, Dr. Quintino Vieira e pelo superintendente adjunto Gardiel Gon\u00e7alves.<\/p>\n<p>O projeto da sede foi iniciado em 2013 (governador Cid Gomes e vice Domingos Filho). Em 2014 foi assegurado os recursos (emendas federais p\/ governo do estado).<\/p>\n<p>10 anos ap\u00f3s o inicio do projeto da sede o sonho t\u00e1 se tornando realidade. Em breve ter\u00e1 uma grande inaugura\u00e7\u00e3o. Estamos muito felizes com essa conquista.<\/p>\n<p><img fetchpriority=\"high\" decoding=\"async\" class=\"alignnone size-medium wp-image-31682\" src=\"https:\/\/uvbbrasil.com.br\/wp-content\/uploads\/2023\/09\/WhatsApp-Image-2023-09-20-at-08.47.48-1024x768-1-300x225.jpeg\" alt=\"\" width=\"300\" height=\"225\" srcset=\"https:\/\/uvbbrasil.com.br\/wp-content\/uploads\/2023\/09\/WhatsApp-Image-2023-09-20-at-08.47.48-1024x768-1-300x225.jpeg 300w, https:\/\/uvbbrasil.com.br\/wp-content\/uploads\/2023\/09\/WhatsApp-Image-2023-09-20-at-08.47.48-1024x768-1-768x576.jpeg 768w, https:\/\/uvbbrasil.com.br\/wp-content\/uploads\/2023\/09\/WhatsApp-Image-2023-09-20-at-08.47.48-1024x768-1.jpeg 1024w\" sizes=\"(max-width: 300px) 100vw, 300px\" \/><img decoding=\"async\" class=\"alignnone size-medium wp-image-31683\" src=\"https:\/\/uvbbrasil.com.br\/wp-content\/uploads\/2023\/09\/WhatsApp-Image-2023-09-20-at-08.47.47-1024x768-1-300x225.jpeg\" alt=\"\" width=\"300\" height=\"225\" srcset=\"https:\/\/uvbbrasil.com.br\/wp-content\/uploads\/2023\/09\/WhatsApp-Image-2023-09-20-at-08.47.47-1024x768-1-300x225.jpeg 300w, https:\/\/uvbbrasil.com.br\/wp-content\/uploads\/2023\/09\/WhatsApp-Image-2023-09-20-at-08.47.47-1024x768-1-768x576.jpeg 768w, https:\/\/uvbbrasil.com.br\/wp-content\/uploads\/2023\/09\/WhatsApp-Image-2023-09-20-at-08.47.47-1024x768-1.jpeg 1024w\" sizes=\"(max-width: 300px) 100vw, 300px\" \/><img decoding=\"async\" class=\"alignnone size-medium wp-image-31685\" src=\"https:\/\/uvbbrasil.com.br\/wp-content\/uploads\/2023\/09\/WhatsApp-Image-2023-09-20-at-08.47.47-1-768x1024-1-225x300.jpeg\" alt=\"\" width=\"225\" height=\"300\" srcset=\"https:\/\/uvbbrasil.com.br\/wp-content\/uploads\/2023\/09\/WhatsApp-Image-2023-09-20-at-08.47.47-1-768x1024-1-225x300.jpeg 225w, https:\/\/uvbbrasil.com.br\/wp-content\/uploads\/2023\/09\/WhatsApp-Image-2023-09-20-at-08.47.47-1-768x1024-1.jpeg 768w\" sizes=\"(max-width: 225px) 100vw, 225px\" \/><\/p>\n","protected":false},"excerpt":{"rendered":"<p>&nbsp; Nesta ter\u00e7a-feira, 19 de setembro, foi entregue o termo de posse da sede pr\u00f3pria da entidade, uma luta de&#8230;<\/p>\n","protected":false},"author":1,"featured_media":31683,"comment_status":"open","ping_status":"open","sticky":false,"template":"","format":"standard","meta":{"footnotes":""},"categories":[3],"tags":[],"class_list":["post-31680","post","type-post","status-publish","format-standard","has-post-thumbnail","hentry","category-noticias"],"yoast_head":"<!-- This site is optimized with the Yoast SEO plugin v26.7 - https:\/\/yoast.com\/wordpress\/plugins\/seo\/ -->\n<title>UVC recebe termo de posse da nova sede pr\u00f3pria da entidade do Cear\u00e1 - UVB Brasil<\/title>\n<meta name=\"robots\" content=\"index, follow, max-snippet:-1, max-image-preview:large, max-video-preview:-1\" \/>\n<link rel=\"canonical\" href=\"https:\/\/uvbbrasil.com.br\/uvc-recebe-termo-de-posse-da-nova-sede-propria-da-entidade-do-ceara\/\" \/>\n<meta property=\"og:locale\" content=\"pt_BR\" \/>\n<meta property=\"og:type\" content=\"article\" \/>\n<meta property=\"og:title\" content=\"UVC recebe termo de posse da nova sede pr\u00f3pria da entidade do Cear\u00e1 - UVB Brasil\" \/>\n<meta property=\"og:description\" content=\"&nbsp; Nesta ter\u00e7a-feira, 19 de setembro, foi entregue o termo de posse da sede pr\u00f3pria da entidade, uma luta de...\" \/>\n<meta property=\"og:url\" content=\"https:\/\/uvbbrasil.com.br\/uvc-recebe-termo-de-posse-da-nova-sede-propria-da-entidade-do-ceara\/\" \/>\n<meta property=\"og:site_name\" content=\"UVB Brasil\" \/>\n<meta property=\"article:publisher\" content=\"https:\/\/www.facebook.com\/uvb.vereadoresbrasil\" \/>\n<meta property=\"article:published_time\" content=\"2023-09-21T13:45:20+00:00\" \/>\n<meta property=\"og:image\" content=\"https:\/\/uvbbrasil.com.br\/wp-content\/uploads\/2023\/09\/WhatsApp-Image-2023-09-20-at-08.47.47-1024x768-1.jpeg\" \/>\n\t<meta property=\"og:image:width\" content=\"1024\" \/>\n\t<meta property=\"og:image:height\" content=\"768\" \/>\n\t<meta property=\"og:image:type\" content=\"image\/jpeg\" \/>\n<meta name=\"author\" content=\"adminuvb\" \/>\n<meta name=\"twitter:card\" content=\"summary_large_image\" \/>\n<meta name=\"twitter:label1\" content=\"Escrito por\" \/>\n\t<meta name=\"twitter:data1\" content=\"adminuvb\" \/>\n\t<meta name=\"twitter:label2\" content=\"Est. tempo de leitura\" \/>\n\t<meta name=\"twitter:data2\" content=\"2 minutos\" \/>\n<script type=\"application\/ld+json\" class=\"yoast-schema-graph\">{\"@context\":\"https:\/\/schema.org\",\"@graph\":[{\"@type\":\"Article\",\"@id\":\"https:\/\/uvbbrasil.com.br\/uvc-recebe-termo-de-posse-da-nova-sede-propria-da-entidade-do-ceara\/#article\",\"isPartOf\":{\"@id\":\"https:\/\/uvbbrasil.com.br\/uvc-recebe-termo-de-posse-da-nova-sede-propria-da-entidade-do-ceara\/\"},\"author\":{\"name\":\"adminuvb\",\"@id\":\"https:\/\/uvbbrasil.com.br\/#\/schema\/person\/17990098446c098f52effddff4f1b272\"},\"headline\":\"UVC recebe termo de posse da nova sede pr\u00f3pria da entidade do Cear\u00e1\",\"datePublished\":\"2023-09-21T13:45:20+00:00\",\"mainEntityOfPage\":{\"@id\":\"https:\/\/uvbbrasil.com.br\/uvc-recebe-termo-de-posse-da-nova-sede-propria-da-entidade-do-ceara\/\"},\"wordCount\":188,\"commentCount\":0,\"publisher\":{\"@id\":\"https:\/\/uvbbrasil.com.br\/#organization\"},\"image\":{\"@id\":\"https:\/\/uvbbrasil.com.br\/uvc-recebe-termo-de-posse-da-nova-sede-propria-da-entidade-do-ceara\/#primaryimage\"},\"thumbnailUrl\":\"https:\/\/uvbbrasil.com.br\/wp-content\/uploads\/2023\/09\/WhatsApp-Image-2023-09-20-at-08.47.47-1024x768-1.jpeg\",\"articleSection\":[\"NOT\u00cdCIAS\"],\"inLanguage\":\"pt-BR\",\"potentialAction\":[{\"@type\":\"CommentAction\",\"name\":\"Comment\",\"target\":[\"https:\/\/uvbbrasil.com.br\/uvc-recebe-termo-de-posse-da-nova-sede-propria-da-entidade-do-ceara\/#respond\"]}]},{\"@type\":\"WebPage\",\"@id\":\"https:\/\/uvbbrasil.com.br\/uvc-recebe-termo-de-posse-da-nova-sede-propria-da-entidade-do-ceara\/\",\"url\":\"https:\/\/uvbbrasil.com.br\/uvc-recebe-termo-de-posse-da-nova-sede-propria-da-entidade-do-ceara\/\",\"name\":\"UVC recebe termo de posse da nova sede pr\u00f3pria da entidade do Cear\u00e1 - UVB Brasil\",\"isPartOf\":{\"@id\":\"https:\/\/uvbbrasil.com.br\/#website\"},\"primaryImageOfPage\":{\"@id\":\"https:\/\/uvbbrasil.com.br\/uvc-recebe-termo-de-posse-da-nova-sede-propria-da-entidade-do-ceara\/#primaryimage\"},\"image\":{\"@id\":\"https:\/\/uvbbrasil.com.br\/uvc-recebe-termo-de-posse-da-nova-sede-propria-da-entidade-do-ceara\/#primaryimage\"},\"thumbnailUrl\":\"https:\/\/uvbbrasil.com.br\/wp-content\/uploads\/2023\/09\/WhatsApp-Image-2023-09-20-at-08.47.47-1024x768-1.jpeg\",\"datePublished\":\"2023-09-21T13:45:20+00:00\",\"breadcrumb\":{\"@id\":\"https:\/\/uvbbrasil.com.br\/uvc-recebe-termo-de-posse-da-nova-sede-propria-da-entidade-do-ceara\/#breadcrumb\"},\"inLanguage\":\"pt-BR\",\"potentialAction\":[{\"@type\":\"ReadAction\",\"target\":[\"https:\/\/uvbbrasil.com.br\/uvc-recebe-termo-de-posse-da-nova-sede-propria-da-entidade-do-ceara\/\"]}]},{\"@type\":\"ImageObject\",\"inLanguage\":\"pt-BR\",\"@id\":\"https:\/\/uvbbrasil.com.br\/uvc-recebe-termo-de-posse-da-nova-sede-propria-da-entidade-do-ceara\/#primaryimage\",\"url\":\"https:\/\/uvbbrasil.com.br\/wp-content\/uploads\/2023\/09\/WhatsApp-Image-2023-09-20-at-08.47.47-1024x768-1.jpeg\",\"contentUrl\":\"https:\/\/uvbbrasil.com.br\/wp-content\/uploads\/2023\/09\/WhatsApp-Image-2023-09-20-at-08.47.47-1024x768-1.jpeg\",\"width\":1024,\"height\":768},{\"@type\":\"BreadcrumbList\",\"@id\":\"https:\/\/uvbbrasil.com.br\/uvc-recebe-termo-de-posse-da-nova-sede-propria-da-entidade-do-ceara\/#breadcrumb\",\"itemListElement\":[{\"@type\":\"ListItem\",\"position\":1,\"name\":\"In\u00edcio\",\"item\":\"https:\/\/uvbbrasil.com.br\/\"},{\"@type\":\"ListItem\",\"position\":2,\"name\":\"UVC recebe termo de posse da nova sede pr\u00f3pria da entidade do Cear\u00e1\"}]},{\"@type\":\"WebSite\",\"@id\":\"https:\/\/uvbbrasil.com.br\/#website\",\"url\":\"https:\/\/uvbbrasil.com.br\/\",\"name\":\"UVB Brasil\",\"description\":\"Uni\u00e3o dos Vereadores do Brasil\",\"publisher\":{\"@id\":\"https:\/\/uvbbrasil.com.br\/#organization\"},\"potentialAction\":[{\"@type\":\"SearchAction\",\"target\":{\"@type\":\"EntryPoint\",\"urlTemplate\":\"https:\/\/uvbbrasil.com.br\/?s={search_term_string}\"},\"query-input\":{\"@type\":\"PropertyValueSpecification\",\"valueRequired\":true,\"valueName\":\"search_term_string\"}}],\"inLanguage\":\"pt-BR\"},{\"@type\":\"Organization\",\"@id\":\"https:\/\/uvbbrasil.com.br\/#organization\",\"name\":\"UVB Brasil\",\"url\":\"https:\/\/uvbbrasil.com.br\/\",\"logo\":{\"@type\":\"ImageObject\",\"inLanguage\":\"pt-BR\",\"@id\":\"https:\/\/uvbbrasil.com.br\/#\/schema\/logo\/image\/\",\"url\":\"https:\/\/uvbbrasil.com.br\/wp-content\/uploads\/2025\/01\/LOGO-UVB-2024-azul-1.jpg\",\"contentUrl\":\"https:\/\/uvbbrasil.com.br\/wp-content\/uploads\/2025\/01\/LOGO-UVB-2024-azul-1.jpg\",\"width\":600,\"height\":211,\"caption\":\"UVB Brasil\"},\"image\":{\"@id\":\"https:\/\/uvbbrasil.com.br\/#\/schema\/logo\/image\/\"},\"sameAs\":[\"https:\/\/www.facebook.com\/uvb.vereadoresbrasil\",\"https:\/\/www.instagram.com\/uvbbrasil\/\",\"https:\/\/www.youtube.com\/channel\/UCIlPQ8Xzw5GHNzosQIg9S5A\"]},{\"@type\":\"Person\",\"@id\":\"https:\/\/uvbbrasil.com.br\/#\/schema\/person\/17990098446c098f52effddff4f1b272\",\"name\":\"adminuvb\",\"image\":{\"@type\":\"ImageObject\",\"inLanguage\":\"pt-BR\",\"@id\":\"https:\/\/uvbbrasil.com.br\/#\/schema\/person\/image\/\",\"url\":\"https:\/\/secure.gravatar.com\/avatar\/1a494ea6f8e2dd1ae526e55b0e9497efdba542491e0620d704cccf63c6f77c45?s=96&d=mm&r=g\",\"contentUrl\":\"https:\/\/secure.gravatar.com\/avatar\/1a494ea6f8e2dd1ae526e55b0e9497efdba542491e0620d704cccf63c6f77c45?s=96&d=mm&r=g\",\"caption\":\"adminuvb\"},\"sameAs\":[\"https:\/\/uvbbrasil.com.br\"],\"url\":\"https:\/\/uvbbrasil.com.br\/author\/adminuvb\/\"}]}<\/script>\n<!-- \/ Yoast SEO plugin. -->","yoast_head_json":{"title":"UVC recebe termo de posse da nova sede pr\u00f3pria da entidade do Cear\u00e1 - UVB Brasil","robots":{"index":"index","follow":"follow","max-snippet":"max-snippet:-1","max-image-preview":"max-image-preview:large","max-video-preview":"max-video-preview:-1"},"canonical":"https:\/\/uvbbrasil.com.br\/uvc-recebe-termo-de-posse-da-nova-sede-propria-da-entidade-do-ceara\/","og_locale":"pt_BR","og_type":"article","og_title":"UVC recebe termo de posse da nova sede pr\u00f3pria da entidade do Cear\u00e1 - UVB Brasil","og_description":"&nbsp; Nesta ter\u00e7a-feira, 19 de setembro, foi entregue o termo de posse da sede pr\u00f3pria da entidade, uma luta de...","og_url":"https:\/\/uvbbrasil.com.br\/uvc-recebe-termo-de-posse-da-nova-sede-propria-da-entidade-do-ceara\/","og_site_name":"UVB Brasil","article_publisher":"https:\/\/www.facebook.com\/uvb.vereadoresbrasil","article_published_time":"2023-09-21T13:45:20+00:00","og_image":[{"width":1024,"height":768,"url":"https:\/\/uvbbrasil.com.br\/wp-content\/uploads\/2023\/09\/WhatsApp-Image-2023-09-20-at-08.47.47-1024x768-1.jpeg","type":"image\/jpeg"}],"author":"adminuvb","twitter_card":"summary_large_image","twitter_misc":{"Escrito por":"adminuvb","Est. tempo de leitura":"2 minutos"},"schema":{"@context":"https:\/\/schema.org","@graph":[{"@type":"Article","@id":"https:\/\/uvbbrasil.com.br\/uvc-recebe-termo-de-posse-da-nova-sede-propria-da-entidade-do-ceara\/#article","isPartOf":{"@id":"https:\/\/uvbbrasil.com.br\/uvc-recebe-termo-de-posse-da-nova-sede-propria-da-entidade-do-ceara\/"},"author":{"name":"adminuvb","@id":"https:\/\/uvbbrasil.com.br\/#\/schema\/person\/17990098446c098f52effddff4f1b272"},"headline":"UVC recebe termo de posse da nova sede pr\u00f3pria da entidade do Cear\u00e1","datePublished":"2023-09-21T13:45:20+00:00","mainEntityOfPage":{"@id":"https:\/\/uvbbrasil.com.br\/uvc-recebe-termo-de-posse-da-nova-sede-propria-da-entidade-do-ceara\/"},"wordCount":188,"commentCount":0,"publisher":{"@id":"https:\/\/uvbbrasil.com.br\/#organization"},"image":{"@id":"https:\/\/uvbbrasil.com.br\/uvc-recebe-termo-de-posse-da-nova-sede-propria-da-entidade-do-ceara\/#primaryimage"},"thumbnailUrl":"https:\/\/uvbbrasil.com.br\/wp-content\/uploads\/2023\/09\/WhatsApp-Image-2023-09-20-at-08.47.47-1024x768-1.jpeg","articleSection":["NOT\u00cdCIAS"],"inLanguage":"pt-BR","potentialAction":[{"@type":"CommentAction","name":"Comment","target":["https:\/\/uvbbrasil.com.br\/uvc-recebe-termo-de-posse-da-nova-sede-propria-da-entidade-do-ceara\/#respond"]}]},{"@type":"WebPage","@id":"https:\/\/uvbbrasil.com.br\/uvc-recebe-termo-de-posse-da-nova-sede-propria-da-entidade-do-ceara\/","url":"https:\/\/uvbbrasil.com.br\/uvc-recebe-termo-de-posse-da-nova-sede-propria-da-entidade-do-ceara\/","name":"UVC recebe termo de posse da nova sede pr\u00f3pria da entidade do Cear\u00e1 - UVB Brasil","isPartOf":{"@id":"https:\/\/uvbbrasil.com.br\/#website"},"primaryImageOfPage":{"@id":"https:\/\/uvbbrasil.com.br\/uvc-recebe-termo-de-posse-da-nova-sede-propria-da-entidade-do-ceara\/#primaryimage"},"image":{"@id":"https:\/\/uvbbrasil.com.br\/uvc-recebe-termo-de-posse-da-nova-sede-propria-da-entidade-do-ceara\/#primaryimage"},"thumbnailUrl":"https:\/\/uvbbrasil.com.br\/wp-content\/uploads\/2023\/09\/WhatsApp-Image-2023-09-20-at-08.47.47-1024x768-1.jpeg","datePublished":"2023-09-21T13:45:20+00:00","breadcrumb":{"@id":"https:\/\/uvbbrasil.com.br\/uvc-recebe-termo-de-posse-da-nova-sede-propria-da-entidade-do-ceara\/#breadcrumb"},"inLanguage":"pt-BR","potentialAction":[{"@type":"ReadAction","target":["https:\/\/uvbbrasil.com.br\/uvc-recebe-termo-de-posse-da-nova-sede-propria-da-entidade-do-ceara\/"]}]},{"@type":"ImageObject","inLanguage":"pt-BR","@id":"https:\/\/uvbbrasil.com.br\/uvc-recebe-termo-de-posse-da-nova-sede-propria-da-entidade-do-ceara\/#primaryimage","url":"https:\/\/uvbbrasil.com.br\/wp-content\/uploads\/2023\/09\/WhatsApp-Image-2023-09-20-at-08.47.47-1024x768-1.jpeg","contentUrl":"https:\/\/uvbbrasil.com.br\/wp-content\/uploads\/2023\/09\/WhatsApp-Image-2023-09-20-at-08.47.47-1024x768-1.jpeg","width":1024,"height":768},{"@type":"BreadcrumbList","@id":"https:\/\/uvbbrasil.com.br\/uvc-recebe-termo-de-posse-da-nova-sede-propria-da-entidade-do-ceara\/#breadcrumb","itemListElement":[{"@type":"ListItem","position":1,"name":"In\u00edcio","item":"https:\/\/uvbbrasil.com.br\/"},{"@type":"ListItem","position":2,"name":"UVC recebe termo de posse da nova sede pr\u00f3pria da entidade do Cear\u00e1"}]},{"@type":"WebSite","@id":"https:\/\/uvbbrasil.com.br\/#website","url":"https:\/\/uvbbrasil.com.br\/","name":"UVB Brasil","description":"Uni\u00e3o dos Vereadores do Brasil","publisher":{"@id":"https:\/\/uvbbrasil.com.br\/#organization"},"potentialAction":[{"@type":"SearchAction","target":{"@type":"EntryPoint","urlTemplate":"https:\/\/uvbbrasil.com.br\/?s={search_term_string}"},"query-input":{"@type":"PropertyValueSpecification","valueRequired":true,"valueName":"search_term_string"}}],"inLanguage":"pt-BR"},{"@type":"Organization","@id":"https:\/\/uvbbrasil.com.br\/#organization","name":"UVB Brasil","url":"https:\/\/uvbbrasil.com.br\/","logo":{"@type":"ImageObject","inLanguage":"pt-BR","@id":"https:\/\/uvbbrasil.com.br\/#\/schema\/logo\/image\/","url":"https:\/\/uvbbrasil.com.br\/wp-content\/uploads\/2025\/01\/LOGO-UVB-2024-azul-1.jpg","contentUrl":"https:\/\/uvbbrasil.com.br\/wp-content\/uploads\/2025\/01\/LOGO-UVB-2024-azul-1.jpg","width":600,"height":211,"caption":"UVB Brasil"},"image":{"@id":"https:\/\/uvbbrasil.com.br\/#\/schema\/logo\/image\/"},"sameAs":["https:\/\/www.facebook.com\/uvb.vereadoresbrasil","https:\/\/www.instagram.com\/uvbbrasil\/","https:\/\/www.youtube.com\/channel\/UCIlPQ8Xzw5GHNzosQIg9S5A"]},{"@type":"Person","@id":"https:\/\/uvbbrasil.com.br\/#\/schema\/person\/17990098446c098f52effddff4f1b272","name":"adminuvb","image":{"@type":"ImageObject","inLanguage":"pt-BR","@id":"https:\/\/uvbbrasil.com.br\/#\/schema\/person\/image\/","url":"https:\/\/secure.gravatar.com\/avatar\/1a494ea6f8e2dd1ae526e55b0e9497efdba542491e0620d704cccf63c6f77c45?s=96&d=mm&r=g","contentUrl":"https:\/\/secure.gravatar.com\/avatar\/1a494ea6f8e2dd1ae526e55b0e9497efdba542491e0620d704cccf63c6f77c45?s=96&d=mm&r=g","caption":"adminuvb"},"sameAs":["https:\/\/uvbbrasil.com.br"],"url":"https:\/\/uvbbrasil.com.br\/author\/adminuvb\/"}]}},"_links":{"self":[{"href":"https:\/\/uvbbrasil.com.br\/uvb-json\/wp\/v2\/posts\/31680","targetHints":{"allow":["GET"]}}],"collection":[{"href":"https:\/\/uvbbrasil.com.br\/uvb-json\/wp\/v2\/posts"}],"about":[{"href":"https:\/\/uvbbrasil.com.br\/uvb-json\/wp\/v2\/types\/post"}],"author":[{"embeddable":true,"href":"https:\/\/uvbbrasil.com.br\/uvb-json\/wp\/v2\/users\/1"}],"replies":[{"embeddable":true,"href":"https:\/\/uvbbrasil.com.br\/uvb-json\/wp\/v2\/comments?post=31680"}],"version-history":[{"count":0,"href":"https:\/\/uvbbrasil.com.br\/uvb-json\/wp\/v2\/posts\/31680\/revisions"}],"wp:featuredmedia":[{"embeddable":true,"href":"https:\/\/uvbbrasil.com.br\/uvb-json\/wp\/v2\/media\/31683"}],"wp:attachment":[{"href":"https:\/\/uvbbrasil.com.br\/uvb-json\/wp\/v2\/media?parent=31680"}],"wp:term":[{"taxonomy":"category","embeddable":true,"href":"https:\/\/uvbbrasil.com.br\/uvb-json\/wp\/v2\/categories?post=31680"},{"taxonomy":"post_tag","embeddable":true,"href":"https:\/\/uvbbrasil.com.br\/uvb-json\/wp\/v2\/tags?post=31680"}],"curies":[{"name":"wp","href":"https:\/\/api.w.org\/{rel}","templated":true}]}}