{"id":31537,"date":"2023-09-11T10:47:22","date_gmt":"2023-09-11T13:47:22","guid":{"rendered":"https:\/\/wpsandbox4.pante.com.br\/?p=31537"},"modified":"2023-09-11T10:47:22","modified_gmt":"2023-09-11T13:47:22","slug":"encontro-nacional-reune-mais-de-500-vereadores-em-serrinha-ba-para-debater-pautas-legislativas-e-municipais","status":"publish","type":"post","link":"https:\/\/uvbbrasil.com.br\/encontro-nacional-reune-mais-de-500-vereadores-em-serrinha-ba-para-debater-pautas-legislativas-e-municipais\/","title":{"rendered":"Encontro Nacional re\u00fane mais de 500 vereadores em Serrinha\/BA para debater pautas legislativas e municipais"},"content":{"rendered":"<p>Serrinha\/BA se tornou nesta semana o epicentro do debate pol\u00edtico e legislativo do Brasil ao sediar o Encontro Nacional de Parlamentares Municipalistas, que aconteceu entre as \u00faltimas segunda (4) e quarta-feira (6). O evento, promovido pela Uni\u00e3o dos Vereadores da Bahia (UVB-BA) em parceria com a Uni\u00e3o dos Vereadores do Brasil (UVB), reuniu mais de 500 vereadores de da Bahia e de diversos estados brasileiros para discutir pautas legislativas e analisar o atual cen\u00e1rio pol\u00edtico brasileiro com um foco especial nos munic\u00edpios baianos<\/p>\n<p>Tamb\u00e9m participaram congressistas e prefeitos, incluindo nomes como o senador Angelo Coronel (PSD), o presidente da Uni\u00e3o dos Munic\u00edpios da Bahia (UPB), Quinho Tigre (PSD), o Prefeito de Belo Campo, o Deputado Federal Neto Carletto (PP) e o Deputado Estadual Angelo Coronel Filho (PSD). Ao longo dos tr\u00eas dias foram realizados cerca de 20 debates e palestras com especialistas em diversas \u00e1reas. Tamb\u00e9m participaram representantes do Tribunal de Contas dos Munic\u00edpios (TCM) e do Tribunal Regional Eleitoral (TRE).<\/p>\n<p>A presidente da UVB-BA, Edylene Ferreira, que \u00e9 vereadora em Serrinha e uma das organizadoras do evento, destacou a import\u00e2ncia do encontro para o fortalecimento dos parlamentos municipais. \u201cEstamos extremamente felizes com o sucesso do Encontro Nacional de Parlamentares Municipalistas em Serrinha. O n\u00famero de participantes superou todas as nossas expectativas, o que demonstra claramente o fortalecimento dos vereadores, que s\u00e3o, sem d\u00favida, o maior ex\u00e9rcito da pol\u00edtica brasileira\u201d, afirmou.<\/p>\n<p>O evento abordou uma ampla gama de t\u00f3picos, desde legisla\u00e7\u00e3o municipal e or\u00e7amento p\u00fablico at\u00e9 temas de gest\u00e3o, participa\u00e7\u00e3o popular e fiscaliza\u00e7\u00e3o do Executivo. As palestras e debates proporcionaram aos vereadores e demais participantes a oportunidade de se atualizarem e se prepararem para enfrentar os desafios que surgem no cen\u00e1rio pol\u00edtico e administrativo dos munic\u00edpios.<\/p>\n<p>\u201cOs vereadores s\u00e3o aqueles que est\u00e3o na ponta, vivem a realidade dos munic\u00edpios e conhecem as dificuldades e necessidades das cidades. Por isso mesmo \u00e9 necess\u00e1rio fortalecer cada vez mais a atua\u00e7\u00e3o dos vereadores, pois isso vai trazer benef\u00edcios para o desenvolvimento dos munic\u00edpios e o fortalecimento da cidadania e da democracia. E esse \u00e9 o prop\u00f3sito da UVB\u201d, salientou Edylene.<\/p>\n<p>O senador \u00c2ngelo Coronel, presente no evento, elogiou a iniciativa e destacou a import\u00e2ncia de eventos como este para a pol\u00edtica brasileira: \u201cSerrinha virou a capital dos eventos de vereadores do Brasil. Isso \u00e9 muito importante. Aqui n\u00f3s temos uma amostragem do que \u00e9 a pol\u00edtica do interior, onde tudo acontece. Muitas vezes as pessoas ficam em Bras\u00edlia e n\u00e3o sabem o que corre nos munic\u00edpios. Precisamos fortalecer os vereadores\u201d,<\/p>\n<p><img fetchpriority=\"high\" decoding=\"async\" class=\"alignnone size-medium wp-image-31538\" src=\"https:\/\/uvbbrasil.com.br\/wp-content\/uploads\/2023\/09\/IMG-20230910-WA0036-1-1536x888-1-300x173.jpg\" alt=\"\" width=\"300\" height=\"173\" srcset=\"https:\/\/uvbbrasil.com.br\/wp-content\/uploads\/2023\/09\/IMG-20230910-WA0036-1-1536x888-1-300x173.jpg 300w, https:\/\/uvbbrasil.com.br\/wp-content\/uploads\/2023\/09\/IMG-20230910-WA0036-1-1536x888-1-1024x592.jpg 1024w, https:\/\/uvbbrasil.com.br\/wp-content\/uploads\/2023\/09\/IMG-20230910-WA0036-1-1536x888-1-768x444.jpg 768w, https:\/\/uvbbrasil.com.br\/wp-content\/uploads\/2023\/09\/IMG-20230910-WA0036-1-1536x888-1.jpg 1536w\" sizes=\"(max-width: 300px) 100vw, 300px\" \/><\/p>\n","protected":false},"excerpt":{"rendered":"<p>Serrinha\/BA se tornou nesta semana o epicentro do debate pol\u00edtico e legislativo do Brasil ao sediar o Encontro Nacional de&#8230;<\/p>\n","protected":false},"author":1,"featured_media":31538,"comment_status":"open","ping_status":"open","sticky":false,"template":"","format":"standard","meta":{"footnotes":""},"categories":[3],"tags":[],"class_list":["post-31537","post","type-post","status-publish","format-standard","has-post-thumbnail","hentry","category-noticias"],"yoast_head":"<!-- This site is optimized with the Yoast SEO plugin v26.7 - https:\/\/yoast.com\/wordpress\/plugins\/seo\/ -->\n<title>Encontro Nacional re\u00fane mais de 500 vereadores em Serrinha\/BA para debater pautas legislativas e municipais - UVB Brasil<\/title>\n<meta name=\"robots\" content=\"index, follow, max-snippet:-1, max-image-preview:large, max-video-preview:-1\" \/>\n<link rel=\"canonical\" href=\"https:\/\/uvbbrasil.com.br\/encontro-nacional-reune-mais-de-500-vereadores-em-serrinha-ba-para-debater-pautas-legislativas-e-municipais\/\" \/>\n<meta property=\"og:locale\" content=\"pt_BR\" \/>\n<meta property=\"og:type\" content=\"article\" \/>\n<meta property=\"og:title\" content=\"Encontro Nacional re\u00fane mais de 500 vereadores em Serrinha\/BA para debater pautas legislativas e municipais - UVB Brasil\" \/>\n<meta property=\"og:description\" content=\"Serrinha\/BA se tornou nesta semana o epicentro do debate pol\u00edtico e legislativo do Brasil ao sediar o Encontro Nacional de...\" \/>\n<meta property=\"og:url\" content=\"https:\/\/uvbbrasil.com.br\/encontro-nacional-reune-mais-de-500-vereadores-em-serrinha-ba-para-debater-pautas-legislativas-e-municipais\/\" \/>\n<meta property=\"og:site_name\" content=\"UVB Brasil\" \/>\n<meta property=\"article:publisher\" content=\"https:\/\/www.facebook.com\/uvb.vereadoresbrasil\" \/>\n<meta property=\"article:published_time\" content=\"2023-09-11T13:47:22+00:00\" \/>\n<meta property=\"og:image\" content=\"https:\/\/uvbbrasil.com.br\/wp-content\/uploads\/2023\/09\/IMG-20230910-WA0036-1-1536x888-1.jpg\" \/>\n\t<meta property=\"og:image:width\" content=\"1536\" \/>\n\t<meta property=\"og:image:height\" content=\"888\" \/>\n\t<meta property=\"og:image:type\" content=\"image\/jpeg\" \/>\n<meta name=\"author\" content=\"adminuvb\" \/>\n<meta name=\"twitter:card\" content=\"summary_large_image\" \/>\n<meta name=\"twitter:label1\" content=\"Escrito por\" \/>\n\t<meta name=\"twitter:data1\" content=\"adminuvb\" \/>\n\t<meta name=\"twitter:label2\" content=\"Est. tempo de leitura\" \/>\n\t<meta name=\"twitter:data2\" content=\"3 minutos\" \/>\n<script type=\"application\/ld+json\" class=\"yoast-schema-graph\">{\"@context\":\"https:\/\/schema.org\",\"@graph\":[{\"@type\":\"Article\",\"@id\":\"https:\/\/uvbbrasil.com.br\/encontro-nacional-reune-mais-de-500-vereadores-em-serrinha-ba-para-debater-pautas-legislativas-e-municipais\/#article\",\"isPartOf\":{\"@id\":\"https:\/\/uvbbrasil.com.br\/encontro-nacional-reune-mais-de-500-vereadores-em-serrinha-ba-para-debater-pautas-legislativas-e-municipais\/\"},\"author\":{\"name\":\"adminuvb\",\"@id\":\"https:\/\/uvbbrasil.com.br\/#\/schema\/person\/17990098446c098f52effddff4f1b272\"},\"headline\":\"Encontro Nacional re\u00fane mais de 500 vereadores em Serrinha\/BA para debater pautas legislativas e municipais\",\"datePublished\":\"2023-09-11T13:47:22+00:00\",\"mainEntityOfPage\":{\"@id\":\"https:\/\/uvbbrasil.com.br\/encontro-nacional-reune-mais-de-500-vereadores-em-serrinha-ba-para-debater-pautas-legislativas-e-municipais\/\"},\"wordCount\":468,\"commentCount\":0,\"publisher\":{\"@id\":\"https:\/\/uvbbrasil.com.br\/#organization\"},\"image\":{\"@id\":\"https:\/\/uvbbrasil.com.br\/encontro-nacional-reune-mais-de-500-vereadores-em-serrinha-ba-para-debater-pautas-legislativas-e-municipais\/#primaryimage\"},\"thumbnailUrl\":\"https:\/\/uvbbrasil.com.br\/wp-content\/uploads\/2023\/09\/IMG-20230910-WA0036-1-1536x888-1.jpg\",\"articleSection\":[\"NOT\u00cdCIAS\"],\"inLanguage\":\"pt-BR\",\"potentialAction\":[{\"@type\":\"CommentAction\",\"name\":\"Comment\",\"target\":[\"https:\/\/uvbbrasil.com.br\/encontro-nacional-reune-mais-de-500-vereadores-em-serrinha-ba-para-debater-pautas-legislativas-e-municipais\/#respond\"]}]},{\"@type\":\"WebPage\",\"@id\":\"https:\/\/uvbbrasil.com.br\/encontro-nacional-reune-mais-de-500-vereadores-em-serrinha-ba-para-debater-pautas-legislativas-e-municipais\/\",\"url\":\"https:\/\/uvbbrasil.com.br\/encontro-nacional-reune-mais-de-500-vereadores-em-serrinha-ba-para-debater-pautas-legislativas-e-municipais\/\",\"name\":\"Encontro Nacional re\u00fane mais de 500 vereadores em Serrinha\/BA para debater pautas legislativas e municipais - UVB Brasil\",\"isPartOf\":{\"@id\":\"https:\/\/uvbbrasil.com.br\/#website\"},\"primaryImageOfPage\":{\"@id\":\"https:\/\/uvbbrasil.com.br\/encontro-nacional-reune-mais-de-500-vereadores-em-serrinha-ba-para-debater-pautas-legislativas-e-municipais\/#primaryimage\"},\"image\":{\"@id\":\"https:\/\/uvbbrasil.com.br\/encontro-nacional-reune-mais-de-500-vereadores-em-serrinha-ba-para-debater-pautas-legislativas-e-municipais\/#primaryimage\"},\"thumbnailUrl\":\"https:\/\/uvbbrasil.com.br\/wp-content\/uploads\/2023\/09\/IMG-20230910-WA0036-1-1536x888-1.jpg\",\"datePublished\":\"2023-09-11T13:47:22+00:00\",\"breadcrumb\":{\"@id\":\"https:\/\/uvbbrasil.com.br\/encontro-nacional-reune-mais-de-500-vereadores-em-serrinha-ba-para-debater-pautas-legislativas-e-municipais\/#breadcrumb\"},\"inLanguage\":\"pt-BR\",\"potentialAction\":[{\"@type\":\"ReadAction\",\"target\":[\"https:\/\/uvbbrasil.com.br\/encontro-nacional-reune-mais-de-500-vereadores-em-serrinha-ba-para-debater-pautas-legislativas-e-municipais\/\"]}]},{\"@type\":\"ImageObject\",\"inLanguage\":\"pt-BR\",\"@id\":\"https:\/\/uvbbrasil.com.br\/encontro-nacional-reune-mais-de-500-vereadores-em-serrinha-ba-para-debater-pautas-legislativas-e-municipais\/#primaryimage\",\"url\":\"https:\/\/uvbbrasil.com.br\/wp-content\/uploads\/2023\/09\/IMG-20230910-WA0036-1-1536x888-1.jpg\",\"contentUrl\":\"https:\/\/uvbbrasil.com.br\/wp-content\/uploads\/2023\/09\/IMG-20230910-WA0036-1-1536x888-1.jpg\",\"width\":1536,\"height\":888},{\"@type\":\"BreadcrumbList\",\"@id\":\"https:\/\/uvbbrasil.com.br\/encontro-nacional-reune-mais-de-500-vereadores-em-serrinha-ba-para-debater-pautas-legislativas-e-municipais\/#breadcrumb\",\"itemListElement\":[{\"@type\":\"ListItem\",\"position\":1,\"name\":\"In\u00edcio\",\"item\":\"https:\/\/uvbbrasil.com.br\/\"},{\"@type\":\"ListItem\",\"position\":2,\"name\":\"Encontro Nacional re\u00fane mais de 500 vereadores em Serrinha\/BA para debater pautas legislativas e municipais\"}]},{\"@type\":\"WebSite\",\"@id\":\"https:\/\/uvbbrasil.com.br\/#website\",\"url\":\"https:\/\/uvbbrasil.com.br\/\",\"name\":\"UVB Brasil\",\"description\":\"Uni\u00e3o dos Vereadores do Brasil\",\"publisher\":{\"@id\":\"https:\/\/uvbbrasil.com.br\/#organization\"},\"potentialAction\":[{\"@type\":\"SearchAction\",\"target\":{\"@type\":\"EntryPoint\",\"urlTemplate\":\"https:\/\/uvbbrasil.com.br\/?s={search_term_string}\"},\"query-input\":{\"@type\":\"PropertyValueSpecification\",\"valueRequired\":true,\"valueName\":\"search_term_string\"}}],\"inLanguage\":\"pt-BR\"},{\"@type\":\"Organization\",\"@id\":\"https:\/\/uvbbrasil.com.br\/#organization\",\"name\":\"UVB Brasil\",\"url\":\"https:\/\/uvbbrasil.com.br\/\",\"logo\":{\"@type\":\"ImageObject\",\"inLanguage\":\"pt-BR\",\"@id\":\"https:\/\/uvbbrasil.com.br\/#\/schema\/logo\/image\/\",\"url\":\"https:\/\/uvbbrasil.com.br\/wp-content\/uploads\/2025\/01\/LOGO-UVB-2024-azul-1.jpg\",\"contentUrl\":\"https:\/\/uvbbrasil.com.br\/wp-content\/uploads\/2025\/01\/LOGO-UVB-2024-azul-1.jpg\",\"width\":600,\"height\":211,\"caption\":\"UVB Brasil\"},\"image\":{\"@id\":\"https:\/\/uvbbrasil.com.br\/#\/schema\/logo\/image\/\"},\"sameAs\":[\"https:\/\/www.facebook.com\/uvb.vereadoresbrasil\",\"https:\/\/www.instagram.com\/uvbbrasil\/\",\"https:\/\/www.youtube.com\/channel\/UCIlPQ8Xzw5GHNzosQIg9S5A\"]},{\"@type\":\"Person\",\"@id\":\"https:\/\/uvbbrasil.com.br\/#\/schema\/person\/17990098446c098f52effddff4f1b272\",\"name\":\"adminuvb\",\"image\":{\"@type\":\"ImageObject\",\"inLanguage\":\"pt-BR\",\"@id\":\"https:\/\/uvbbrasil.com.br\/#\/schema\/person\/image\/\",\"url\":\"https:\/\/secure.gravatar.com\/avatar\/1a494ea6f8e2dd1ae526e55b0e9497efdba542491e0620d704cccf63c6f77c45?s=96&d=mm&r=g\",\"contentUrl\":\"https:\/\/secure.gravatar.com\/avatar\/1a494ea6f8e2dd1ae526e55b0e9497efdba542491e0620d704cccf63c6f77c45?s=96&d=mm&r=g\",\"caption\":\"adminuvb\"},\"sameAs\":[\"https:\/\/uvbbrasil.com.br\"],\"url\":\"https:\/\/uvbbrasil.com.br\/author\/adminuvb\/\"}]}<\/script>\n<!-- \/ Yoast SEO plugin. -->","yoast_head_json":{"title":"Encontro Nacional re\u00fane mais de 500 vereadores em Serrinha\/BA para debater pautas legislativas e municipais - UVB Brasil","robots":{"index":"index","follow":"follow","max-snippet":"max-snippet:-1","max-image-preview":"max-image-preview:large","max-video-preview":"max-video-preview:-1"},"canonical":"https:\/\/uvbbrasil.com.br\/encontro-nacional-reune-mais-de-500-vereadores-em-serrinha-ba-para-debater-pautas-legislativas-e-municipais\/","og_locale":"pt_BR","og_type":"article","og_title":"Encontro Nacional re\u00fane mais de 500 vereadores em Serrinha\/BA para debater pautas legislativas e municipais - UVB Brasil","og_description":"Serrinha\/BA se tornou nesta semana o epicentro do debate pol\u00edtico e legislativo do Brasil ao sediar o Encontro Nacional de...","og_url":"https:\/\/uvbbrasil.com.br\/encontro-nacional-reune-mais-de-500-vereadores-em-serrinha-ba-para-debater-pautas-legislativas-e-municipais\/","og_site_name":"UVB Brasil","article_publisher":"https:\/\/www.facebook.com\/uvb.vereadoresbrasil","article_published_time":"2023-09-11T13:47:22+00:00","og_image":[{"width":1536,"height":888,"url":"https:\/\/uvbbrasil.com.br\/wp-content\/uploads\/2023\/09\/IMG-20230910-WA0036-1-1536x888-1.jpg","type":"image\/jpeg"}],"author":"adminuvb","twitter_card":"summary_large_image","twitter_misc":{"Escrito por":"adminuvb","Est. tempo de leitura":"3 minutos"},"schema":{"@context":"https:\/\/schema.org","@graph":[{"@type":"Article","@id":"https:\/\/uvbbrasil.com.br\/encontro-nacional-reune-mais-de-500-vereadores-em-serrinha-ba-para-debater-pautas-legislativas-e-municipais\/#article","isPartOf":{"@id":"https:\/\/uvbbrasil.com.br\/encontro-nacional-reune-mais-de-500-vereadores-em-serrinha-ba-para-debater-pautas-legislativas-e-municipais\/"},"author":{"name":"adminuvb","@id":"https:\/\/uvbbrasil.com.br\/#\/schema\/person\/17990098446c098f52effddff4f1b272"},"headline":"Encontro Nacional re\u00fane mais de 500 vereadores em Serrinha\/BA para debater pautas legislativas e municipais","datePublished":"2023-09-11T13:47:22+00:00","mainEntityOfPage":{"@id":"https:\/\/uvbbrasil.com.br\/encontro-nacional-reune-mais-de-500-vereadores-em-serrinha-ba-para-debater-pautas-legislativas-e-municipais\/"},"wordCount":468,"commentCount":0,"publisher":{"@id":"https:\/\/uvbbrasil.com.br\/#organization"},"image":{"@id":"https:\/\/uvbbrasil.com.br\/encontro-nacional-reune-mais-de-500-vereadores-em-serrinha-ba-para-debater-pautas-legislativas-e-municipais\/#primaryimage"},"thumbnailUrl":"https:\/\/uvbbrasil.com.br\/wp-content\/uploads\/2023\/09\/IMG-20230910-WA0036-1-1536x888-1.jpg","articleSection":["NOT\u00cdCIAS"],"inLanguage":"pt-BR","potentialAction":[{"@type":"CommentAction","name":"Comment","target":["https:\/\/uvbbrasil.com.br\/encontro-nacional-reune-mais-de-500-vereadores-em-serrinha-ba-para-debater-pautas-legislativas-e-municipais\/#respond"]}]},{"@type":"WebPage","@id":"https:\/\/uvbbrasil.com.br\/encontro-nacional-reune-mais-de-500-vereadores-em-serrinha-ba-para-debater-pautas-legislativas-e-municipais\/","url":"https:\/\/uvbbrasil.com.br\/encontro-nacional-reune-mais-de-500-vereadores-em-serrinha-ba-para-debater-pautas-legislativas-e-municipais\/","name":"Encontro Nacional re\u00fane mais de 500 vereadores em Serrinha\/BA para debater pautas legislativas e municipais - UVB Brasil","isPartOf":{"@id":"https:\/\/uvbbrasil.com.br\/#website"},"primaryImageOfPage":{"@id":"https:\/\/uvbbrasil.com.br\/encontro-nacional-reune-mais-de-500-vereadores-em-serrinha-ba-para-debater-pautas-legislativas-e-municipais\/#primaryimage"},"image":{"@id":"https:\/\/uvbbrasil.com.br\/encontro-nacional-reune-mais-de-500-vereadores-em-serrinha-ba-para-debater-pautas-legislativas-e-municipais\/#primaryimage"},"thumbnailUrl":"https:\/\/uvbbrasil.com.br\/wp-content\/uploads\/2023\/09\/IMG-20230910-WA0036-1-1536x888-1.jpg","datePublished":"2023-09-11T13:47:22+00:00","breadcrumb":{"@id":"https:\/\/uvbbrasil.com.br\/encontro-nacional-reune-mais-de-500-vereadores-em-serrinha-ba-para-debater-pautas-legislativas-e-municipais\/#breadcrumb"},"inLanguage":"pt-BR","potentialAction":[{"@type":"ReadAction","target":["https:\/\/uvbbrasil.com.br\/encontro-nacional-reune-mais-de-500-vereadores-em-serrinha-ba-para-debater-pautas-legislativas-e-municipais\/"]}]},{"@type":"ImageObject","inLanguage":"pt-BR","@id":"https:\/\/uvbbrasil.com.br\/encontro-nacional-reune-mais-de-500-vereadores-em-serrinha-ba-para-debater-pautas-legislativas-e-municipais\/#primaryimage","url":"https:\/\/uvbbrasil.com.br\/wp-content\/uploads\/2023\/09\/IMG-20230910-WA0036-1-1536x888-1.jpg","contentUrl":"https:\/\/uvbbrasil.com.br\/wp-content\/uploads\/2023\/09\/IMG-20230910-WA0036-1-1536x888-1.jpg","width":1536,"height":888},{"@type":"BreadcrumbList","@id":"https:\/\/uvbbrasil.com.br\/encontro-nacional-reune-mais-de-500-vereadores-em-serrinha-ba-para-debater-pautas-legislativas-e-municipais\/#breadcrumb","itemListElement":[{"@type":"ListItem","position":1,"name":"In\u00edcio","item":"https:\/\/uvbbrasil.com.br\/"},{"@type":"ListItem","position":2,"name":"Encontro Nacional re\u00fane mais de 500 vereadores em Serrinha\/BA para debater pautas legislativas e municipais"}]},{"@type":"WebSite","@id":"https:\/\/uvbbrasil.com.br\/#website","url":"https:\/\/uvbbrasil.com.br\/","name":"UVB Brasil","description":"Uni\u00e3o dos Vereadores do Brasil","publisher":{"@id":"https:\/\/uvbbrasil.com.br\/#organization"},"potentialAction":[{"@type":"SearchAction","target":{"@type":"EntryPoint","urlTemplate":"https:\/\/uvbbrasil.com.br\/?s={search_term_string}"},"query-input":{"@type":"PropertyValueSpecification","valueRequired":true,"valueName":"search_term_string"}}],"inLanguage":"pt-BR"},{"@type":"Organization","@id":"https:\/\/uvbbrasil.com.br\/#organization","name":"UVB Brasil","url":"https:\/\/uvbbrasil.com.br\/","logo":{"@type":"ImageObject","inLanguage":"pt-BR","@id":"https:\/\/uvbbrasil.com.br\/#\/schema\/logo\/image\/","url":"https:\/\/uvbbrasil.com.br\/wp-content\/uploads\/2025\/01\/LOGO-UVB-2024-azul-1.jpg","contentUrl":"https:\/\/uvbbrasil.com.br\/wp-content\/uploads\/2025\/01\/LOGO-UVB-2024-azul-1.jpg","width":600,"height":211,"caption":"UVB Brasil"},"image":{"@id":"https:\/\/uvbbrasil.com.br\/#\/schema\/logo\/image\/"},"sameAs":["https:\/\/www.facebook.com\/uvb.vereadoresbrasil","https:\/\/www.instagram.com\/uvbbrasil\/","https:\/\/www.youtube.com\/channel\/UCIlPQ8Xzw5GHNzosQIg9S5A"]},{"@type":"Person","@id":"https:\/\/uvbbrasil.com.br\/#\/schema\/person\/17990098446c098f52effddff4f1b272","name":"adminuvb","image":{"@type":"ImageObject","inLanguage":"pt-BR","@id":"https:\/\/uvbbrasil.com.br\/#\/schema\/person\/image\/","url":"https:\/\/secure.gravatar.com\/avatar\/1a494ea6f8e2dd1ae526e55b0e9497efdba542491e0620d704cccf63c6f77c45?s=96&d=mm&r=g","contentUrl":"https:\/\/secure.gravatar.com\/avatar\/1a494ea6f8e2dd1ae526e55b0e9497efdba542491e0620d704cccf63c6f77c45?s=96&d=mm&r=g","caption":"adminuvb"},"sameAs":["https:\/\/uvbbrasil.com.br"],"url":"https:\/\/uvbbrasil.com.br\/author\/adminuvb\/"}]}},"_links":{"self":[{"href":"https:\/\/uvbbrasil.com.br\/uvb-json\/wp\/v2\/posts\/31537","targetHints":{"allow":["GET"]}}],"collection":[{"href":"https:\/\/uvbbrasil.com.br\/uvb-json\/wp\/v2\/posts"}],"about":[{"href":"https:\/\/uvbbrasil.com.br\/uvb-json\/wp\/v2\/types\/post"}],"author":[{"embeddable":true,"href":"https:\/\/uvbbrasil.com.br\/uvb-json\/wp\/v2\/users\/1"}],"replies":[{"embeddable":true,"href":"https:\/\/uvbbrasil.com.br\/uvb-json\/wp\/v2\/comments?post=31537"}],"version-history":[{"count":0,"href":"https:\/\/uvbbrasil.com.br\/uvb-json\/wp\/v2\/posts\/31537\/revisions"}],"wp:featuredmedia":[{"embeddable":true,"href":"https:\/\/uvbbrasil.com.br\/uvb-json\/wp\/v2\/media\/31538"}],"wp:attachment":[{"href":"https:\/\/uvbbrasil.com.br\/uvb-json\/wp\/v2\/media?parent=31537"}],"wp:term":[{"taxonomy":"category","embeddable":true,"href":"https:\/\/uvbbrasil.com.br\/uvb-json\/wp\/v2\/categories?post=31537"},{"taxonomy":"post_tag","embeddable":true,"href":"https:\/\/uvbbrasil.com.br\/uvb-json\/wp\/v2\/tags?post=31537"}],"curies":[{"name":"wp","href":"https:\/\/api.w.org\/{rel}","templated":true}]}}