{"id":31509,"date":"2023-09-06T10:19:08","date_gmt":"2023-09-06T13:19:08","guid":{"rendered":"https:\/\/wpsandbox4.pante.com.br\/?p=31509"},"modified":"2023-09-06T10:19:08","modified_gmt":"2023-09-06T13:19:08","slug":"camara-de-vereadores-de-navegantes-sc-aprova-projeto-para-nova-unidade-basica-de-saude","status":"publish","type":"post","link":"https:\/\/uvbbrasil.com.br\/camara-de-vereadores-de-navegantes-sc-aprova-projeto-para-nova-unidade-basica-de-saude\/","title":{"rendered":"C\u00e2mara de Vereadores de Navegantes\/SC aprova projeto para nova Unidade B\u00e1sica de Sa\u00fade"},"content":{"rendered":"<p>Durante a 43\u00aa sess\u00e3o ordin\u00e1ria realizada em 4 de setembro, a C\u00e2mara de Vereadores de Navegantes aprovou tr\u00eas projetos de lei oriundos do Poder Executivo. Destaque \u00e0 proposta que autoriza o prefeito a conceder o direito de superf\u00edcie de um im\u00f3vel para a constru\u00e7\u00e3o de uma Unidade B\u00e1sica de Sa\u00fade.<\/p>\n<p>A C\u00e2mara aprovou ainda um pedido de informa\u00e7\u00f5es sobre a participa\u00e7\u00e3o do munic\u00edpio no Programa Nacional de Imuniza\u00e7\u00e3o (PNI), e apresentou dez indica\u00e7\u00f5es \u00e0 Prefeitura buscando melhorias para o tr\u00e2nsito, escolas municipais, infraestrutura e ordenamento urbano, unidades de sa\u00fade e transporte p\u00fablico (acesse a pauta completa\u00a0e confira todas as indica\u00e7\u00f5es apresentadas).<\/p>\n<p>Tamb\u00e9m foram aprovadas duas mo\u00e7\u00f5es durante o encontro, ambas do vereador Paulo Melzi (MDB). A mo\u00e7\u00e3o de pesar ser\u00e1 encaminhada \u00e0 fam\u00edlia enlutada de Jos\u00e9 Roberto Vieira, o Z\u00e9 da R\u00e1dio Dengo Dengo, falecido na madrugada da segunda-feira (4), por problemas pulmonares. Ele foi servidor da Prefeitura de Navegantes, ocupando cargo de Diretor e depois, de Secret\u00e1rio de Obras, entre 2006 e 2008.<\/p>\n<p>Por fim, foi aprovada uma mo\u00e7\u00e3o de congratula\u00e7\u00f5es \u00e0 Igreja Matriz de S\u00e3o Domingos de Gusm\u00e3o, no Bairro S\u00e3o Domingos, pela passagem dos 73 anos de funda\u00e7\u00e3o.<\/p>\n<p><strong>Informa\u00e7\u00f5es sobre ades\u00e3o ao PNI<\/strong><\/p>\n<p>Atrav\u00e9s do Requerimento n\u00ba 73\/2023, de Gabriel dos Anjos (PSC), a C\u00e2mara requer as seguintes informa\u00e7\u00f5es sobre a participa\u00e7\u00e3o do Munic\u00edpio de Navegantes no Programa Nacional de Imuniza\u00e7\u00e3o (PNI): 1 \u2013 Qual \u00e9 o percentual de ades\u00e3o da popula\u00e7\u00e3o ao programa de vacina\u00e7\u00e3o, por bairro? 2 \u2013 Quais s\u00e3o as vacinas disponibilizadas pela rede p\u00fablica? 3 \u2013 Qual \u00e9 o percentual de cada vacina em estoque?<\/p>\n<p><strong>Indeniza\u00e7\u00e3o a locadores de im\u00f3veis particulares<\/strong><\/p>\n<p>O Projeto de Lei Ordin\u00e1ria (E) n\u00b0 32\/2023 permite que o Munic\u00edpio opte por indenizar os locadores de im\u00f3veis particulares ao t\u00e9rmino do contrato de loca\u00e7\u00e3o, trazendo benef\u00edcios como economia financeira, agilidade nas reformas, est\u00edmulo \u00e0 conserva\u00e7\u00e3o dos im\u00f3veis e redu\u00e7\u00e3o da burocracia. A indeniza\u00e7\u00e3o \u00e9 uma alternativa flex\u00edvel para a administra\u00e7\u00e3o p\u00fablica.<\/p>\n<p><strong>Outorga do Direito de Superf\u00edcie e garantia em contrato de loca\u00e7\u00e3o<\/strong><\/p>\n<p>O Projeto de Lei Ordin\u00e1ria (E) n\u00b0 33\/2023 autoriza a outorga do direito de superf\u00edcie de um im\u00f3vel para a constru\u00e7\u00e3o de uma Unidade B\u00e1sica de Sa\u00fade, atendendo \u00e0s necessidades da comunidade do Bairro Nossa Senhora das Gra\u00e7as. Essa modalidade de loca\u00e7\u00e3o &#8220;built to suit&#8221; viabiliza projetos importantes para o munic\u00edpio, evitando a imobiliza\u00e7\u00e3o de capital p\u00fablico em constru\u00e7\u00f5es. O projeto \u00e9 uma forma eficiente de proporcionar servi\u00e7os de sa\u00fade \u00e0 popula\u00e7\u00e3o de forma \u00e1gil e econ\u00f4mica.<\/p>\n<p><strong>Anula\u00e7\u00e3o parcial de dota\u00e7\u00f5es or\u00e7ament\u00e1rias para suplementa\u00e7\u00e3o<\/strong><\/p>\n<p>O Projeto de Lei visa autorizar a anula\u00e7\u00e3o parcial de dota\u00e7\u00f5es or\u00e7ament\u00e1rias no valor de R$ 34.000,00 da Secretaria Municipal de Turismo, Cultura e Esporte para a suplementa\u00e7\u00e3o do Fundo Municipal de Seguran\u00e7a contra Inc\u00eandio e P\u00e2nico de Navegantes (FUMSCI). A medida permite a realoca\u00e7\u00e3o de recursos de forma eficiente, garantindo que o FUMSCI tenha os recursos necess\u00e1rios para suas atividades.<\/p>\n<p><img fetchpriority=\"high\" decoding=\"async\" class=\"alignnone size-medium wp-image-31510\" src=\"https:\/\/uvbbrasil.com.br\/wp-content\/uploads\/2023\/09\/202309051551091693939869460270-300x169.jpeg\" alt=\"\" width=\"300\" height=\"169\" srcset=\"https:\/\/uvbbrasil.com.br\/wp-content\/uploads\/2023\/09\/202309051551091693939869460270-300x169.jpeg 300w, https:\/\/uvbbrasil.com.br\/wp-content\/uploads\/2023\/09\/202309051551091693939869460270-1024x575.jpeg 1024w, https:\/\/uvbbrasil.com.br\/wp-content\/uploads\/2023\/09\/202309051551091693939869460270-768x432.jpeg 768w, https:\/\/uvbbrasil.com.br\/wp-content\/uploads\/2023\/09\/202309051551091693939869460270.jpeg 1500w\" sizes=\"(max-width: 300px) 100vw, 300px\" \/><\/p>\n","protected":false},"excerpt":{"rendered":"<p>Durante a 43\u00aa sess\u00e3o ordin\u00e1ria realizada em 4 de setembro, a C\u00e2mara de Vereadores de Navegantes aprovou tr\u00eas projetos de&#8230;<\/p>\n","protected":false},"author":1,"featured_media":31510,"comment_status":"open","ping_status":"open","sticky":false,"template":"","format":"standard","meta":{"footnotes":""},"categories":[3],"tags":[],"class_list":["post-31509","post","type-post","status-publish","format-standard","has-post-thumbnail","hentry","category-noticias"],"yoast_head":"<!-- This site is optimized with the Yoast SEO plugin v26.7 - https:\/\/yoast.com\/wordpress\/plugins\/seo\/ -->\n<title>C\u00e2mara de Vereadores de Navegantes\/SC aprova projeto para nova Unidade B\u00e1sica de Sa\u00fade - UVB Brasil<\/title>\n<meta name=\"robots\" content=\"index, follow, max-snippet:-1, max-image-preview:large, max-video-preview:-1\" \/>\n<link rel=\"canonical\" href=\"https:\/\/uvbbrasil.com.br\/camara-de-vereadores-de-navegantes-sc-aprova-projeto-para-nova-unidade-basica-de-saude\/\" \/>\n<meta property=\"og:locale\" content=\"pt_BR\" \/>\n<meta property=\"og:type\" content=\"article\" \/>\n<meta property=\"og:title\" content=\"C\u00e2mara de Vereadores de Navegantes\/SC aprova projeto para nova Unidade B\u00e1sica de Sa\u00fade - UVB Brasil\" \/>\n<meta property=\"og:description\" content=\"Durante a 43\u00aa sess\u00e3o ordin\u00e1ria realizada em 4 de setembro, a C\u00e2mara de Vereadores de Navegantes aprovou tr\u00eas projetos de...\" \/>\n<meta property=\"og:url\" content=\"https:\/\/uvbbrasil.com.br\/camara-de-vereadores-de-navegantes-sc-aprova-projeto-para-nova-unidade-basica-de-saude\/\" \/>\n<meta property=\"og:site_name\" content=\"UVB Brasil\" \/>\n<meta property=\"article:publisher\" content=\"https:\/\/www.facebook.com\/uvb.vereadoresbrasil\" \/>\n<meta property=\"article:published_time\" content=\"2023-09-06T13:19:08+00:00\" \/>\n<meta property=\"og:image\" content=\"https:\/\/uvbbrasil.com.br\/wp-content\/uploads\/2023\/09\/202309051551091693939869460270.jpeg\" \/>\n\t<meta property=\"og:image:width\" content=\"1500\" \/>\n\t<meta property=\"og:image:height\" content=\"843\" \/>\n\t<meta property=\"og:image:type\" content=\"image\/jpeg\" \/>\n<meta name=\"author\" content=\"adminuvb\" \/>\n<meta name=\"twitter:card\" content=\"summary_large_image\" \/>\n<meta name=\"twitter:label1\" content=\"Escrito por\" \/>\n\t<meta name=\"twitter:data1\" content=\"adminuvb\" \/>\n\t<meta name=\"twitter:label2\" content=\"Est. tempo de leitura\" \/>\n\t<meta name=\"twitter:data2\" content=\"3 minutos\" \/>\n<script type=\"application\/ld+json\" class=\"yoast-schema-graph\">{\"@context\":\"https:\/\/schema.org\",\"@graph\":[{\"@type\":\"Article\",\"@id\":\"https:\/\/uvbbrasil.com.br\/camara-de-vereadores-de-navegantes-sc-aprova-projeto-para-nova-unidade-basica-de-saude\/#article\",\"isPartOf\":{\"@id\":\"https:\/\/uvbbrasil.com.br\/camara-de-vereadores-de-navegantes-sc-aprova-projeto-para-nova-unidade-basica-de-saude\/\"},\"author\":{\"name\":\"adminuvb\",\"@id\":\"https:\/\/uvbbrasil.com.br\/#\/schema\/person\/17990098446c098f52effddff4f1b272\"},\"headline\":\"C\u00e2mara de Vereadores de Navegantes\/SC aprova projeto para nova Unidade B\u00e1sica de Sa\u00fade\",\"datePublished\":\"2023-09-06T13:19:08+00:00\",\"mainEntityOfPage\":{\"@id\":\"https:\/\/uvbbrasil.com.br\/camara-de-vereadores-de-navegantes-sc-aprova-projeto-para-nova-unidade-basica-de-saude\/\"},\"wordCount\":562,\"commentCount\":0,\"publisher\":{\"@id\":\"https:\/\/uvbbrasil.com.br\/#organization\"},\"image\":{\"@id\":\"https:\/\/uvbbrasil.com.br\/camara-de-vereadores-de-navegantes-sc-aprova-projeto-para-nova-unidade-basica-de-saude\/#primaryimage\"},\"thumbnailUrl\":\"https:\/\/uvbbrasil.com.br\/wp-content\/uploads\/2023\/09\/202309051551091693939869460270.jpeg\",\"articleSection\":[\"NOT\u00cdCIAS\"],\"inLanguage\":\"pt-BR\",\"potentialAction\":[{\"@type\":\"CommentAction\",\"name\":\"Comment\",\"target\":[\"https:\/\/uvbbrasil.com.br\/camara-de-vereadores-de-navegantes-sc-aprova-projeto-para-nova-unidade-basica-de-saude\/#respond\"]}]},{\"@type\":\"WebPage\",\"@id\":\"https:\/\/uvbbrasil.com.br\/camara-de-vereadores-de-navegantes-sc-aprova-projeto-para-nova-unidade-basica-de-saude\/\",\"url\":\"https:\/\/uvbbrasil.com.br\/camara-de-vereadores-de-navegantes-sc-aprova-projeto-para-nova-unidade-basica-de-saude\/\",\"name\":\"C\u00e2mara de Vereadores de Navegantes\/SC aprova projeto para nova Unidade B\u00e1sica de Sa\u00fade - UVB Brasil\",\"isPartOf\":{\"@id\":\"https:\/\/uvbbrasil.com.br\/#website\"},\"primaryImageOfPage\":{\"@id\":\"https:\/\/uvbbrasil.com.br\/camara-de-vereadores-de-navegantes-sc-aprova-projeto-para-nova-unidade-basica-de-saude\/#primaryimage\"},\"image\":{\"@id\":\"https:\/\/uvbbrasil.com.br\/camara-de-vereadores-de-navegantes-sc-aprova-projeto-para-nova-unidade-basica-de-saude\/#primaryimage\"},\"thumbnailUrl\":\"https:\/\/uvbbrasil.com.br\/wp-content\/uploads\/2023\/09\/202309051551091693939869460270.jpeg\",\"datePublished\":\"2023-09-06T13:19:08+00:00\",\"breadcrumb\":{\"@id\":\"https:\/\/uvbbrasil.com.br\/camara-de-vereadores-de-navegantes-sc-aprova-projeto-para-nova-unidade-basica-de-saude\/#breadcrumb\"},\"inLanguage\":\"pt-BR\",\"potentialAction\":[{\"@type\":\"ReadAction\",\"target\":[\"https:\/\/uvbbrasil.com.br\/camara-de-vereadores-de-navegantes-sc-aprova-projeto-para-nova-unidade-basica-de-saude\/\"]}]},{\"@type\":\"ImageObject\",\"inLanguage\":\"pt-BR\",\"@id\":\"https:\/\/uvbbrasil.com.br\/camara-de-vereadores-de-navegantes-sc-aprova-projeto-para-nova-unidade-basica-de-saude\/#primaryimage\",\"url\":\"https:\/\/uvbbrasil.com.br\/wp-content\/uploads\/2023\/09\/202309051551091693939869460270.jpeg\",\"contentUrl\":\"https:\/\/uvbbrasil.com.br\/wp-content\/uploads\/2023\/09\/202309051551091693939869460270.jpeg\",\"width\":1500,\"height\":843},{\"@type\":\"BreadcrumbList\",\"@id\":\"https:\/\/uvbbrasil.com.br\/camara-de-vereadores-de-navegantes-sc-aprova-projeto-para-nova-unidade-basica-de-saude\/#breadcrumb\",\"itemListElement\":[{\"@type\":\"ListItem\",\"position\":1,\"name\":\"In\u00edcio\",\"item\":\"https:\/\/uvbbrasil.com.br\/\"},{\"@type\":\"ListItem\",\"position\":2,\"name\":\"C\u00e2mara de Vereadores de Navegantes\/SC aprova projeto para nova Unidade B\u00e1sica de Sa\u00fade\"}]},{\"@type\":\"WebSite\",\"@id\":\"https:\/\/uvbbrasil.com.br\/#website\",\"url\":\"https:\/\/uvbbrasil.com.br\/\",\"name\":\"UVB Brasil\",\"description\":\"Uni\u00e3o dos Vereadores do Brasil\",\"publisher\":{\"@id\":\"https:\/\/uvbbrasil.com.br\/#organization\"},\"potentialAction\":[{\"@type\":\"SearchAction\",\"target\":{\"@type\":\"EntryPoint\",\"urlTemplate\":\"https:\/\/uvbbrasil.com.br\/?s={search_term_string}\"},\"query-input\":{\"@type\":\"PropertyValueSpecification\",\"valueRequired\":true,\"valueName\":\"search_term_string\"}}],\"inLanguage\":\"pt-BR\"},{\"@type\":\"Organization\",\"@id\":\"https:\/\/uvbbrasil.com.br\/#organization\",\"name\":\"UVB Brasil\",\"url\":\"https:\/\/uvbbrasil.com.br\/\",\"logo\":{\"@type\":\"ImageObject\",\"inLanguage\":\"pt-BR\",\"@id\":\"https:\/\/uvbbrasil.com.br\/#\/schema\/logo\/image\/\",\"url\":\"https:\/\/uvbbrasil.com.br\/wp-content\/uploads\/2025\/01\/LOGO-UVB-2024-azul-1.jpg\",\"contentUrl\":\"https:\/\/uvbbrasil.com.br\/wp-content\/uploads\/2025\/01\/LOGO-UVB-2024-azul-1.jpg\",\"width\":600,\"height\":211,\"caption\":\"UVB Brasil\"},\"image\":{\"@id\":\"https:\/\/uvbbrasil.com.br\/#\/schema\/logo\/image\/\"},\"sameAs\":[\"https:\/\/www.facebook.com\/uvb.vereadoresbrasil\",\"https:\/\/www.instagram.com\/uvbbrasil\/\",\"https:\/\/www.youtube.com\/channel\/UCIlPQ8Xzw5GHNzosQIg9S5A\"]},{\"@type\":\"Person\",\"@id\":\"https:\/\/uvbbrasil.com.br\/#\/schema\/person\/17990098446c098f52effddff4f1b272\",\"name\":\"adminuvb\",\"image\":{\"@type\":\"ImageObject\",\"inLanguage\":\"pt-BR\",\"@id\":\"https:\/\/uvbbrasil.com.br\/#\/schema\/person\/image\/\",\"url\":\"https:\/\/secure.gravatar.com\/avatar\/1a494ea6f8e2dd1ae526e55b0e9497efdba542491e0620d704cccf63c6f77c45?s=96&d=mm&r=g\",\"contentUrl\":\"https:\/\/secure.gravatar.com\/avatar\/1a494ea6f8e2dd1ae526e55b0e9497efdba542491e0620d704cccf63c6f77c45?s=96&d=mm&r=g\",\"caption\":\"adminuvb\"},\"sameAs\":[\"https:\/\/uvbbrasil.com.br\"],\"url\":\"https:\/\/uvbbrasil.com.br\/author\/adminuvb\/\"}]}<\/script>\n<!-- \/ Yoast SEO plugin. -->","yoast_head_json":{"title":"C\u00e2mara de Vereadores de Navegantes\/SC aprova projeto para nova Unidade B\u00e1sica de Sa\u00fade - UVB Brasil","robots":{"index":"index","follow":"follow","max-snippet":"max-snippet:-1","max-image-preview":"max-image-preview:large","max-video-preview":"max-video-preview:-1"},"canonical":"https:\/\/uvbbrasil.com.br\/camara-de-vereadores-de-navegantes-sc-aprova-projeto-para-nova-unidade-basica-de-saude\/","og_locale":"pt_BR","og_type":"article","og_title":"C\u00e2mara de Vereadores de Navegantes\/SC aprova projeto para nova Unidade B\u00e1sica de Sa\u00fade - UVB Brasil","og_description":"Durante a 43\u00aa sess\u00e3o ordin\u00e1ria realizada em 4 de setembro, a C\u00e2mara de Vereadores de Navegantes aprovou tr\u00eas projetos de...","og_url":"https:\/\/uvbbrasil.com.br\/camara-de-vereadores-de-navegantes-sc-aprova-projeto-para-nova-unidade-basica-de-saude\/","og_site_name":"UVB Brasil","article_publisher":"https:\/\/www.facebook.com\/uvb.vereadoresbrasil","article_published_time":"2023-09-06T13:19:08+00:00","og_image":[{"width":1500,"height":843,"url":"https:\/\/uvbbrasil.com.br\/wp-content\/uploads\/2023\/09\/202309051551091693939869460270.jpeg","type":"image\/jpeg"}],"author":"adminuvb","twitter_card":"summary_large_image","twitter_misc":{"Escrito por":"adminuvb","Est. tempo de leitura":"3 minutos"},"schema":{"@context":"https:\/\/schema.org","@graph":[{"@type":"Article","@id":"https:\/\/uvbbrasil.com.br\/camara-de-vereadores-de-navegantes-sc-aprova-projeto-para-nova-unidade-basica-de-saude\/#article","isPartOf":{"@id":"https:\/\/uvbbrasil.com.br\/camara-de-vereadores-de-navegantes-sc-aprova-projeto-para-nova-unidade-basica-de-saude\/"},"author":{"name":"adminuvb","@id":"https:\/\/uvbbrasil.com.br\/#\/schema\/person\/17990098446c098f52effddff4f1b272"},"headline":"C\u00e2mara de Vereadores de Navegantes\/SC aprova projeto para nova Unidade B\u00e1sica de Sa\u00fade","datePublished":"2023-09-06T13:19:08+00:00","mainEntityOfPage":{"@id":"https:\/\/uvbbrasil.com.br\/camara-de-vereadores-de-navegantes-sc-aprova-projeto-para-nova-unidade-basica-de-saude\/"},"wordCount":562,"commentCount":0,"publisher":{"@id":"https:\/\/uvbbrasil.com.br\/#organization"},"image":{"@id":"https:\/\/uvbbrasil.com.br\/camara-de-vereadores-de-navegantes-sc-aprova-projeto-para-nova-unidade-basica-de-saude\/#primaryimage"},"thumbnailUrl":"https:\/\/uvbbrasil.com.br\/wp-content\/uploads\/2023\/09\/202309051551091693939869460270.jpeg","articleSection":["NOT\u00cdCIAS"],"inLanguage":"pt-BR","potentialAction":[{"@type":"CommentAction","name":"Comment","target":["https:\/\/uvbbrasil.com.br\/camara-de-vereadores-de-navegantes-sc-aprova-projeto-para-nova-unidade-basica-de-saude\/#respond"]}]},{"@type":"WebPage","@id":"https:\/\/uvbbrasil.com.br\/camara-de-vereadores-de-navegantes-sc-aprova-projeto-para-nova-unidade-basica-de-saude\/","url":"https:\/\/uvbbrasil.com.br\/camara-de-vereadores-de-navegantes-sc-aprova-projeto-para-nova-unidade-basica-de-saude\/","name":"C\u00e2mara de Vereadores de Navegantes\/SC aprova projeto para nova Unidade B\u00e1sica de Sa\u00fade - UVB Brasil","isPartOf":{"@id":"https:\/\/uvbbrasil.com.br\/#website"},"primaryImageOfPage":{"@id":"https:\/\/uvbbrasil.com.br\/camara-de-vereadores-de-navegantes-sc-aprova-projeto-para-nova-unidade-basica-de-saude\/#primaryimage"},"image":{"@id":"https:\/\/uvbbrasil.com.br\/camara-de-vereadores-de-navegantes-sc-aprova-projeto-para-nova-unidade-basica-de-saude\/#primaryimage"},"thumbnailUrl":"https:\/\/uvbbrasil.com.br\/wp-content\/uploads\/2023\/09\/202309051551091693939869460270.jpeg","datePublished":"2023-09-06T13:19:08+00:00","breadcrumb":{"@id":"https:\/\/uvbbrasil.com.br\/camara-de-vereadores-de-navegantes-sc-aprova-projeto-para-nova-unidade-basica-de-saude\/#breadcrumb"},"inLanguage":"pt-BR","potentialAction":[{"@type":"ReadAction","target":["https:\/\/uvbbrasil.com.br\/camara-de-vereadores-de-navegantes-sc-aprova-projeto-para-nova-unidade-basica-de-saude\/"]}]},{"@type":"ImageObject","inLanguage":"pt-BR","@id":"https:\/\/uvbbrasil.com.br\/camara-de-vereadores-de-navegantes-sc-aprova-projeto-para-nova-unidade-basica-de-saude\/#primaryimage","url":"https:\/\/uvbbrasil.com.br\/wp-content\/uploads\/2023\/09\/202309051551091693939869460270.jpeg","contentUrl":"https:\/\/uvbbrasil.com.br\/wp-content\/uploads\/2023\/09\/202309051551091693939869460270.jpeg","width":1500,"height":843},{"@type":"BreadcrumbList","@id":"https:\/\/uvbbrasil.com.br\/camara-de-vereadores-de-navegantes-sc-aprova-projeto-para-nova-unidade-basica-de-saude\/#breadcrumb","itemListElement":[{"@type":"ListItem","position":1,"name":"In\u00edcio","item":"https:\/\/uvbbrasil.com.br\/"},{"@type":"ListItem","position":2,"name":"C\u00e2mara de Vereadores de Navegantes\/SC aprova projeto para nova Unidade B\u00e1sica de Sa\u00fade"}]},{"@type":"WebSite","@id":"https:\/\/uvbbrasil.com.br\/#website","url":"https:\/\/uvbbrasil.com.br\/","name":"UVB Brasil","description":"Uni\u00e3o dos Vereadores do Brasil","publisher":{"@id":"https:\/\/uvbbrasil.com.br\/#organization"},"potentialAction":[{"@type":"SearchAction","target":{"@type":"EntryPoint","urlTemplate":"https:\/\/uvbbrasil.com.br\/?s={search_term_string}"},"query-input":{"@type":"PropertyValueSpecification","valueRequired":true,"valueName":"search_term_string"}}],"inLanguage":"pt-BR"},{"@type":"Organization","@id":"https:\/\/uvbbrasil.com.br\/#organization","name":"UVB Brasil","url":"https:\/\/uvbbrasil.com.br\/","logo":{"@type":"ImageObject","inLanguage":"pt-BR","@id":"https:\/\/uvbbrasil.com.br\/#\/schema\/logo\/image\/","url":"https:\/\/uvbbrasil.com.br\/wp-content\/uploads\/2025\/01\/LOGO-UVB-2024-azul-1.jpg","contentUrl":"https:\/\/uvbbrasil.com.br\/wp-content\/uploads\/2025\/01\/LOGO-UVB-2024-azul-1.jpg","width":600,"height":211,"caption":"UVB Brasil"},"image":{"@id":"https:\/\/uvbbrasil.com.br\/#\/schema\/logo\/image\/"},"sameAs":["https:\/\/www.facebook.com\/uvb.vereadoresbrasil","https:\/\/www.instagram.com\/uvbbrasil\/","https:\/\/www.youtube.com\/channel\/UCIlPQ8Xzw5GHNzosQIg9S5A"]},{"@type":"Person","@id":"https:\/\/uvbbrasil.com.br\/#\/schema\/person\/17990098446c098f52effddff4f1b272","name":"adminuvb","image":{"@type":"ImageObject","inLanguage":"pt-BR","@id":"https:\/\/uvbbrasil.com.br\/#\/schema\/person\/image\/","url":"https:\/\/secure.gravatar.com\/avatar\/1a494ea6f8e2dd1ae526e55b0e9497efdba542491e0620d704cccf63c6f77c45?s=96&d=mm&r=g","contentUrl":"https:\/\/secure.gravatar.com\/avatar\/1a494ea6f8e2dd1ae526e55b0e9497efdba542491e0620d704cccf63c6f77c45?s=96&d=mm&r=g","caption":"adminuvb"},"sameAs":["https:\/\/uvbbrasil.com.br"],"url":"https:\/\/uvbbrasil.com.br\/author\/adminuvb\/"}]}},"_links":{"self":[{"href":"https:\/\/uvbbrasil.com.br\/uvb-json\/wp\/v2\/posts\/31509","targetHints":{"allow":["GET"]}}],"collection":[{"href":"https:\/\/uvbbrasil.com.br\/uvb-json\/wp\/v2\/posts"}],"about":[{"href":"https:\/\/uvbbrasil.com.br\/uvb-json\/wp\/v2\/types\/post"}],"author":[{"embeddable":true,"href":"https:\/\/uvbbrasil.com.br\/uvb-json\/wp\/v2\/users\/1"}],"replies":[{"embeddable":true,"href":"https:\/\/uvbbrasil.com.br\/uvb-json\/wp\/v2\/comments?post=31509"}],"version-history":[{"count":0,"href":"https:\/\/uvbbrasil.com.br\/uvb-json\/wp\/v2\/posts\/31509\/revisions"}],"wp:featuredmedia":[{"embeddable":true,"href":"https:\/\/uvbbrasil.com.br\/uvb-json\/wp\/v2\/media\/31510"}],"wp:attachment":[{"href":"https:\/\/uvbbrasil.com.br\/uvb-json\/wp\/v2\/media?parent=31509"}],"wp:term":[{"taxonomy":"category","embeddable":true,"href":"https:\/\/uvbbrasil.com.br\/uvb-json\/wp\/v2\/categories?post=31509"},{"taxonomy":"post_tag","embeddable":true,"href":"https:\/\/uvbbrasil.com.br\/uvb-json\/wp\/v2\/tags?post=31509"}],"curies":[{"name":"wp","href":"https:\/\/api.w.org\/{rel}","templated":true}]}}