{"id":31093,"date":"2023-08-16T16:05:49","date_gmt":"2023-08-16T19:05:49","guid":{"rendered":"https:\/\/wpsandbox4.pante.com.br\/?p=31093"},"modified":"2023-08-16T16:05:49","modified_gmt":"2023-08-16T19:05:49","slug":"uvb-animal-participa-de-seminario-para-elaboracao-do-primeiro-programa-nacional-de-manejo-populacional-etico-de-caes-e-gatos","status":"publish","type":"post","link":"https:\/\/uvbbrasil.com.br\/uvb-animal-participa-de-seminario-para-elaboracao-do-primeiro-programa-nacional-de-manejo-populacional-etico-de-caes-e-gatos\/","title":{"rendered":"UVB Animal participa de Semin\u00e1rio para elabora\u00e7\u00e3o do primeiro Programa Nacional de Manejo Populacional \u00c9tico de C\u00e3es e Gatos"},"content":{"rendered":"<p>&nbsp;<\/p>\n<p><i><span style=\"font-weight: 400;\">Iniciativa \u00e9 do Minist\u00e9rio do Meio Ambiente (MMA) atrav\u00e9s do Departamento de Prote\u00e7\u00e3o, Defesa e Direitos dos Animais (DPDA)<\/span><\/i><\/p>\n<p>&nbsp;<\/p>\n<p><span style=\"font-weight: 400;\">Lan\u00e7ada pelo Minist\u00e9rio do Meio Ambiente (MMA), por meio do Departamento de Prote\u00e7\u00e3o, Defesa e Direitos dos Animais (DPDA), a iniciativa foi realizada atrav\u00e9s de debates promovidos durante o m\u00eas de\u00a0 julho, junto \u00e0 sociedade civil, representantes de \u00f3rg\u00e3os governamentais, do Judici\u00e1rio e Minist\u00e9rio P\u00fablico, al\u00e9m de profissionais que atuam direta ou indiretamente na prote\u00e7\u00e3o animal em todo o pa\u00eds.<\/span><\/p>\n<p><span style=\"font-weight: 400;\">As Reuni\u00f5es T\u00e9cnicas envolveram os principais pesquisadores em cada tema do MPCG no pa\u00eds, e resultaram na defini\u00e7\u00e3o de 23 Grupos de Trabalho, compostos com o objetivo de produzir Relat\u00f3rios T\u00e9cnicos contendo propostas de diretrizes para o Programa Nacional de Manejo Populacional \u00c9tico de C\u00e3es e Gatos.<\/span><\/p>\n<p><span style=\"font-weight: 400;\">Como membro do F\u00f3rum da UVB Animal, Juliana Prud\u00eancio, Vereadora em Tr\u00eas Cora\u00e7\u00f5es &#8211; MG, esteve presente na Reuni\u00e3o Ampliada com todos os representantes, no dia 07\/07, que marcou a abertura dos trabalhos, que prosseguiram nas semanas seguintes, at\u00e9 sua culmin\u00e2ncia no Semin\u00e1rio realizado no \u00faltimo dia 10\/08 &#8211; Dia dos Protetores dos Animais.<\/span><\/p>\n<p><span style=\"font-weight: 400;\">\u201cParabenizo a iniciativa, e fico feliz em estar participando e por ver tanta gente conhecida e envolvida com a Causa, se reunindo pra debater tema t\u00e3o importante\u201d, comemorou\u00a0 \u201cInfelizmente vejo pouca ader\u00eancia dos legislativos, mas fico feliz em ver que estamos tendo representatividade de pequenas cidades, que antes n\u00e3o eram vistas. Ent\u00e3o, quem tem algum Vereador que \u00e9 envolvido com a Causa, ou conhe\u00e7a algu\u00e9m que precisa entrar e aderir \u00e0 Causa, pe\u00e7am para nos procurar, pois isso aqui que a gente est\u00e1 fazendo tamb\u00e9m \u00e9 pol\u00edtica, e a gente precisa ter essa abrang\u00eancia nos legislativos justamente para cobrar o que for decidido aqui nesta reuni\u00e3o e em todas as outras.\u201d<\/span><\/p>\n<p><span style=\"font-weight: 400;\">As Reuni\u00f5es T\u00e9cnicas abordaram quest\u00f5es importantes, como Pol\u00edticas P\u00fablicas para Animais, Or\u00e7amento P\u00fablico para os Programas, Controle Populacional, Educa\u00e7\u00e3o Ambiental e Animalit\u00e1ria, Aten\u00e7\u00e3o B\u00e1sica \u00e0 Sa\u00fade Animal, enfrentamento a situa\u00e7\u00f5es de maus-tratos contra animais e aten\u00e7\u00e3o \u00e0 situa\u00e7\u00e3o de ac\u00famulo, dentre muitos outros!<\/span><\/p>\n<p><span style=\"font-weight: 400;\">Os Relat\u00f3rios T\u00e9cnicos elaborados pelos Grupos de Trabalho resultaram num documento de mais de 800 p\u00e1ginas, que comp\u00f5em as propostas para elabora\u00e7\u00e3o do Programa Nacional de MPCG.<\/span><\/p>\n<p><span style=\"font-weight: 400;\">Vanessa Negrini, Coordenadora do DPDA, refor\u00e7a quanto \u00e9 necess\u00e1rio somar esfor\u00e7os para mudar a realidade dos animais no Brasil. E por conta disso \u00e9 que foi realizado o Semin\u00e1rio no \u00faltimo dia 10\/08, para apresenta\u00e7\u00e3o dos resultados das discuss\u00f5es a toda a sociedade. O conte\u00fado ser\u00e1 disponibilizado para aprecia\u00e7\u00e3o e considera\u00e7\u00f5es de todos, a exemplo do que foi feito nas oitivas das plen\u00e1rias presenciais do PPA Participativo em todo o pa\u00eds.<\/span><\/p>\n<p><span style=\"font-weight: 400;\">Juliana Prud\u00eancio, que tamb\u00e9m esteve presente no Semin\u00e1rio, refor\u00e7ou a import\u00e2ncia da atua\u00e7\u00e3o pol\u00edtica dos legislativos da Causa Animal: \u201cA falta de pol\u00edticas p\u00fablicas para animais nos Munic\u00edpios fez com que pessoas que gostam de cora\u00e7\u00e3o dessa bandeira assumissem essa responsabilidade &#8211; que n\u00e3o \u00e9 delas, e isso t\u00e1 errado!\u201d, frisou a Presidente. \u201cEu fa\u00e7o pol\u00edtica para devolver a vida do protetor, que vai poder voltar a ter lazer, a estar com a fam\u00edlia.\u201d, concluiu.<\/span><\/p>\n<p><b>PPA Participativo<\/b><\/p>\n<p><span style=\"font-weight: 400;\">A iniciativa da constru\u00e7\u00e3o coletiva no fortalecimento e defini\u00e7\u00e3o de pol\u00edticas p\u00fablicas priorit\u00e1rias do Governo Federal tamb\u00e9m asseguraram espa\u00e7o para o Programa de Manejo Populacional de C\u00e3es e Gatos na elabora\u00e7\u00e3o do Plano Plurianual 2024-2027, por meio de vota\u00e7\u00e3o popular na plataforma digital Brasil Participativo. Com isso, a partir da aprova\u00e7\u00e3o no Congresso Nacional, o Programa ser\u00e1 contemplado com recursos do or\u00e7amento da Uni\u00e3o do pr\u00f3ximo ano para o desenvolvimento de a\u00e7\u00f5es em todo o pa\u00eds.<\/span><\/p>\n<p><span style=\"font-weight: 400;\">O Programa de Manejo Populacional de C\u00e3es e Gatos foi uma das 20 propostas mais votadas na plataforma.<\/span><\/p>\n<p><img fetchpriority=\"high\" decoding=\"async\" class=\"alignnone size-medium wp-image-31094\" src=\"https:\/\/uvbbrasil.com.br\/wp-content\/uploads\/2023\/08\/WhatsApp-Image-2023-08-16-at-15.24.17-300x188.jpeg\" alt=\"\" width=\"300\" height=\"188\" srcset=\"https:\/\/uvbbrasil.com.br\/wp-content\/uploads\/2023\/08\/WhatsApp-Image-2023-08-16-at-15.24.17-300x188.jpeg 300w, https:\/\/uvbbrasil.com.br\/wp-content\/uploads\/2023\/08\/WhatsApp-Image-2023-08-16-at-15.24.17-1024x640.jpeg 1024w, https:\/\/uvbbrasil.com.br\/wp-content\/uploads\/2023\/08\/WhatsApp-Image-2023-08-16-at-15.24.17-768x480.jpeg 768w, https:\/\/uvbbrasil.com.br\/wp-content\/uploads\/2023\/08\/WhatsApp-Image-2023-08-16-at-15.24.17.jpeg 1440w\" sizes=\"(max-width: 300px) 100vw, 300px\" \/><img decoding=\"async\" class=\"alignnone size-medium wp-image-31095\" src=\"https:\/\/uvbbrasil.com.br\/wp-content\/uploads\/2023\/08\/WhatsApp-Image-2023-08-16-at-15.22.02-300x188.jpeg\" alt=\"\" width=\"300\" height=\"188\" srcset=\"https:\/\/uvbbrasil.com.br\/wp-content\/uploads\/2023\/08\/WhatsApp-Image-2023-08-16-at-15.22.02-300x188.jpeg 300w, https:\/\/uvbbrasil.com.br\/wp-content\/uploads\/2023\/08\/WhatsApp-Image-2023-08-16-at-15.22.02-1024x640.jpeg 1024w, https:\/\/uvbbrasil.com.br\/wp-content\/uploads\/2023\/08\/WhatsApp-Image-2023-08-16-at-15.22.02-768x480.jpeg 768w, https:\/\/uvbbrasil.com.br\/wp-content\/uploads\/2023\/08\/WhatsApp-Image-2023-08-16-at-15.22.02.jpeg 1440w\" sizes=\"(max-width: 300px) 100vw, 300px\" \/><\/p>\n","protected":false},"excerpt":{"rendered":"<p>&nbsp; Iniciativa \u00e9 do Minist\u00e9rio do Meio Ambiente (MMA) atrav\u00e9s do Departamento de Prote\u00e7\u00e3o, Defesa e Direitos dos Animais (DPDA)&#8230;<\/p>\n","protected":false},"author":1,"featured_media":31096,"comment_status":"open","ping_status":"open","sticky":false,"template":"","format":"standard","meta":{"footnotes":""},"categories":[3],"tags":[],"class_list":["post-31093","post","type-post","status-publish","format-standard","has-post-thumbnail","hentry","category-noticias"],"yoast_head":"<!-- This site is optimized with the Yoast SEO plugin v26.7 - https:\/\/yoast.com\/wordpress\/plugins\/seo\/ -->\n<title>UVB Animal participa de Semin\u00e1rio para elabora\u00e7\u00e3o do primeiro Programa Nacional de Manejo Populacional \u00c9tico de C\u00e3es e Gatos - UVB Brasil<\/title>\n<meta name=\"robots\" content=\"index, follow, max-snippet:-1, max-image-preview:large, max-video-preview:-1\" \/>\n<link rel=\"canonical\" href=\"https:\/\/uvbbrasil.com.br\/uvb-animal-participa-de-seminario-para-elaboracao-do-primeiro-programa-nacional-de-manejo-populacional-etico-de-caes-e-gatos\/\" \/>\n<meta property=\"og:locale\" content=\"pt_BR\" \/>\n<meta property=\"og:type\" content=\"article\" \/>\n<meta property=\"og:title\" content=\"UVB Animal participa de Semin\u00e1rio para elabora\u00e7\u00e3o do primeiro Programa Nacional de Manejo Populacional \u00c9tico de C\u00e3es e Gatos - UVB Brasil\" \/>\n<meta property=\"og:description\" content=\"&nbsp; Iniciativa \u00e9 do Minist\u00e9rio do Meio Ambiente (MMA) atrav\u00e9s do Departamento de Prote\u00e7\u00e3o, Defesa e Direitos dos Animais (DPDA)...\" \/>\n<meta property=\"og:url\" content=\"https:\/\/uvbbrasil.com.br\/uvb-animal-participa-de-seminario-para-elaboracao-do-primeiro-programa-nacional-de-manejo-populacional-etico-de-caes-e-gatos\/\" \/>\n<meta property=\"og:site_name\" content=\"UVB Brasil\" \/>\n<meta property=\"article:publisher\" content=\"https:\/\/www.facebook.com\/uvb.vereadoresbrasil\" \/>\n<meta property=\"article:published_time\" content=\"2023-08-16T19:05:49+00:00\" \/>\n<meta property=\"og:image\" content=\"https:\/\/uvbbrasil.com.br\/wp-content\/uploads\/2023\/08\/WhatsApp-Image-2023-08-16-at-15.22.02-1.jpeg\" \/>\n\t<meta property=\"og:image:width\" content=\"1440\" \/>\n\t<meta property=\"og:image:height\" content=\"900\" \/>\n\t<meta property=\"og:image:type\" content=\"image\/jpeg\" \/>\n<meta name=\"author\" content=\"adminuvb\" \/>\n<meta name=\"twitter:card\" content=\"summary_large_image\" \/>\n<meta name=\"twitter:label1\" content=\"Escrito por\" \/>\n\t<meta name=\"twitter:data1\" content=\"adminuvb\" \/>\n\t<meta name=\"twitter:label2\" content=\"Est. tempo de leitura\" \/>\n\t<meta name=\"twitter:data2\" content=\"4 minutos\" \/>\n<script type=\"application\/ld+json\" class=\"yoast-schema-graph\">{\"@context\":\"https:\/\/schema.org\",\"@graph\":[{\"@type\":\"Article\",\"@id\":\"https:\/\/uvbbrasil.com.br\/uvb-animal-participa-de-seminario-para-elaboracao-do-primeiro-programa-nacional-de-manejo-populacional-etico-de-caes-e-gatos\/#article\",\"isPartOf\":{\"@id\":\"https:\/\/uvbbrasil.com.br\/uvb-animal-participa-de-seminario-para-elaboracao-do-primeiro-programa-nacional-de-manejo-populacional-etico-de-caes-e-gatos\/\"},\"author\":{\"name\":\"adminuvb\",\"@id\":\"https:\/\/uvbbrasil.com.br\/#\/schema\/person\/17990098446c098f52effddff4f1b272\"},\"headline\":\"UVB Animal participa de Semin\u00e1rio para elabora\u00e7\u00e3o do primeiro Programa Nacional de Manejo Populacional \u00c9tico de C\u00e3es e Gatos\",\"datePublished\":\"2023-08-16T19:05:49+00:00\",\"mainEntityOfPage\":{\"@id\":\"https:\/\/uvbbrasil.com.br\/uvb-animal-participa-de-seminario-para-elaboracao-do-primeiro-programa-nacional-de-manejo-populacional-etico-de-caes-e-gatos\/\"},\"wordCount\":715,\"commentCount\":0,\"publisher\":{\"@id\":\"https:\/\/uvbbrasil.com.br\/#organization\"},\"image\":{\"@id\":\"https:\/\/uvbbrasil.com.br\/uvb-animal-participa-de-seminario-para-elaboracao-do-primeiro-programa-nacional-de-manejo-populacional-etico-de-caes-e-gatos\/#primaryimage\"},\"thumbnailUrl\":\"https:\/\/uvbbrasil.com.br\/wp-content\/uploads\/2023\/08\/WhatsApp-Image-2023-08-16-at-15.22.02-1.jpeg\",\"articleSection\":[\"NOT\u00cdCIAS\"],\"inLanguage\":\"pt-BR\",\"potentialAction\":[{\"@type\":\"CommentAction\",\"name\":\"Comment\",\"target\":[\"https:\/\/uvbbrasil.com.br\/uvb-animal-participa-de-seminario-para-elaboracao-do-primeiro-programa-nacional-de-manejo-populacional-etico-de-caes-e-gatos\/#respond\"]}]},{\"@type\":\"WebPage\",\"@id\":\"https:\/\/uvbbrasil.com.br\/uvb-animal-participa-de-seminario-para-elaboracao-do-primeiro-programa-nacional-de-manejo-populacional-etico-de-caes-e-gatos\/\",\"url\":\"https:\/\/uvbbrasil.com.br\/uvb-animal-participa-de-seminario-para-elaboracao-do-primeiro-programa-nacional-de-manejo-populacional-etico-de-caes-e-gatos\/\",\"name\":\"UVB Animal participa de Semin\u00e1rio para elabora\u00e7\u00e3o do primeiro Programa Nacional de Manejo Populacional \u00c9tico de C\u00e3es e Gatos - UVB Brasil\",\"isPartOf\":{\"@id\":\"https:\/\/uvbbrasil.com.br\/#website\"},\"primaryImageOfPage\":{\"@id\":\"https:\/\/uvbbrasil.com.br\/uvb-animal-participa-de-seminario-para-elaboracao-do-primeiro-programa-nacional-de-manejo-populacional-etico-de-caes-e-gatos\/#primaryimage\"},\"image\":{\"@id\":\"https:\/\/uvbbrasil.com.br\/uvb-animal-participa-de-seminario-para-elaboracao-do-primeiro-programa-nacional-de-manejo-populacional-etico-de-caes-e-gatos\/#primaryimage\"},\"thumbnailUrl\":\"https:\/\/uvbbrasil.com.br\/wp-content\/uploads\/2023\/08\/WhatsApp-Image-2023-08-16-at-15.22.02-1.jpeg\",\"datePublished\":\"2023-08-16T19:05:49+00:00\",\"breadcrumb\":{\"@id\":\"https:\/\/uvbbrasil.com.br\/uvb-animal-participa-de-seminario-para-elaboracao-do-primeiro-programa-nacional-de-manejo-populacional-etico-de-caes-e-gatos\/#breadcrumb\"},\"inLanguage\":\"pt-BR\",\"potentialAction\":[{\"@type\":\"ReadAction\",\"target\":[\"https:\/\/uvbbrasil.com.br\/uvb-animal-participa-de-seminario-para-elaboracao-do-primeiro-programa-nacional-de-manejo-populacional-etico-de-caes-e-gatos\/\"]}]},{\"@type\":\"ImageObject\",\"inLanguage\":\"pt-BR\",\"@id\":\"https:\/\/uvbbrasil.com.br\/uvb-animal-participa-de-seminario-para-elaboracao-do-primeiro-programa-nacional-de-manejo-populacional-etico-de-caes-e-gatos\/#primaryimage\",\"url\":\"https:\/\/uvbbrasil.com.br\/wp-content\/uploads\/2023\/08\/WhatsApp-Image-2023-08-16-at-15.22.02-1.jpeg\",\"contentUrl\":\"https:\/\/uvbbrasil.com.br\/wp-content\/uploads\/2023\/08\/WhatsApp-Image-2023-08-16-at-15.22.02-1.jpeg\",\"width\":1440,\"height\":900},{\"@type\":\"BreadcrumbList\",\"@id\":\"https:\/\/uvbbrasil.com.br\/uvb-animal-participa-de-seminario-para-elaboracao-do-primeiro-programa-nacional-de-manejo-populacional-etico-de-caes-e-gatos\/#breadcrumb\",\"itemListElement\":[{\"@type\":\"ListItem\",\"position\":1,\"name\":\"In\u00edcio\",\"item\":\"https:\/\/uvbbrasil.com.br\/\"},{\"@type\":\"ListItem\",\"position\":2,\"name\":\"UVB Animal participa de Semin\u00e1rio para elabora\u00e7\u00e3o do primeiro Programa Nacional de Manejo Populacional \u00c9tico de C\u00e3es e Gatos\"}]},{\"@type\":\"WebSite\",\"@id\":\"https:\/\/uvbbrasil.com.br\/#website\",\"url\":\"https:\/\/uvbbrasil.com.br\/\",\"name\":\"UVB Brasil\",\"description\":\"Uni\u00e3o dos Vereadores do Brasil\",\"publisher\":{\"@id\":\"https:\/\/uvbbrasil.com.br\/#organization\"},\"potentialAction\":[{\"@type\":\"SearchAction\",\"target\":{\"@type\":\"EntryPoint\",\"urlTemplate\":\"https:\/\/uvbbrasil.com.br\/?s={search_term_string}\"},\"query-input\":{\"@type\":\"PropertyValueSpecification\",\"valueRequired\":true,\"valueName\":\"search_term_string\"}}],\"inLanguage\":\"pt-BR\"},{\"@type\":\"Organization\",\"@id\":\"https:\/\/uvbbrasil.com.br\/#organization\",\"name\":\"UVB Brasil\",\"url\":\"https:\/\/uvbbrasil.com.br\/\",\"logo\":{\"@type\":\"ImageObject\",\"inLanguage\":\"pt-BR\",\"@id\":\"https:\/\/uvbbrasil.com.br\/#\/schema\/logo\/image\/\",\"url\":\"https:\/\/uvbbrasil.com.br\/wp-content\/uploads\/2025\/01\/LOGO-UVB-2024-azul-1.jpg\",\"contentUrl\":\"https:\/\/uvbbrasil.com.br\/wp-content\/uploads\/2025\/01\/LOGO-UVB-2024-azul-1.jpg\",\"width\":600,\"height\":211,\"caption\":\"UVB Brasil\"},\"image\":{\"@id\":\"https:\/\/uvbbrasil.com.br\/#\/schema\/logo\/image\/\"},\"sameAs\":[\"https:\/\/www.facebook.com\/uvb.vereadoresbrasil\",\"https:\/\/www.instagram.com\/uvbbrasil\/\",\"https:\/\/www.youtube.com\/channel\/UCIlPQ8Xzw5GHNzosQIg9S5A\"]},{\"@type\":\"Person\",\"@id\":\"https:\/\/uvbbrasil.com.br\/#\/schema\/person\/17990098446c098f52effddff4f1b272\",\"name\":\"adminuvb\",\"image\":{\"@type\":\"ImageObject\",\"inLanguage\":\"pt-BR\",\"@id\":\"https:\/\/uvbbrasil.com.br\/#\/schema\/person\/image\/\",\"url\":\"https:\/\/secure.gravatar.com\/avatar\/1a494ea6f8e2dd1ae526e55b0e9497efdba542491e0620d704cccf63c6f77c45?s=96&d=mm&r=g\",\"contentUrl\":\"https:\/\/secure.gravatar.com\/avatar\/1a494ea6f8e2dd1ae526e55b0e9497efdba542491e0620d704cccf63c6f77c45?s=96&d=mm&r=g\",\"caption\":\"adminuvb\"},\"sameAs\":[\"https:\/\/uvbbrasil.com.br\"],\"url\":\"https:\/\/uvbbrasil.com.br\/author\/adminuvb\/\"}]}<\/script>\n<!-- \/ Yoast SEO plugin. -->","yoast_head_json":{"title":"UVB Animal participa de Semin\u00e1rio para elabora\u00e7\u00e3o do primeiro Programa Nacional de Manejo Populacional \u00c9tico de C\u00e3es e Gatos - UVB Brasil","robots":{"index":"index","follow":"follow","max-snippet":"max-snippet:-1","max-image-preview":"max-image-preview:large","max-video-preview":"max-video-preview:-1"},"canonical":"https:\/\/uvbbrasil.com.br\/uvb-animal-participa-de-seminario-para-elaboracao-do-primeiro-programa-nacional-de-manejo-populacional-etico-de-caes-e-gatos\/","og_locale":"pt_BR","og_type":"article","og_title":"UVB Animal participa de Semin\u00e1rio para elabora\u00e7\u00e3o do primeiro Programa Nacional de Manejo Populacional \u00c9tico de C\u00e3es e Gatos - UVB Brasil","og_description":"&nbsp; Iniciativa \u00e9 do Minist\u00e9rio do Meio Ambiente (MMA) atrav\u00e9s do Departamento de Prote\u00e7\u00e3o, Defesa e Direitos dos Animais (DPDA)...","og_url":"https:\/\/uvbbrasil.com.br\/uvb-animal-participa-de-seminario-para-elaboracao-do-primeiro-programa-nacional-de-manejo-populacional-etico-de-caes-e-gatos\/","og_site_name":"UVB Brasil","article_publisher":"https:\/\/www.facebook.com\/uvb.vereadoresbrasil","article_published_time":"2023-08-16T19:05:49+00:00","og_image":[{"width":1440,"height":900,"url":"https:\/\/uvbbrasil.com.br\/wp-content\/uploads\/2023\/08\/WhatsApp-Image-2023-08-16-at-15.22.02-1.jpeg","type":"image\/jpeg"}],"author":"adminuvb","twitter_card":"summary_large_image","twitter_misc":{"Escrito por":"adminuvb","Est. tempo de leitura":"4 minutos"},"schema":{"@context":"https:\/\/schema.org","@graph":[{"@type":"Article","@id":"https:\/\/uvbbrasil.com.br\/uvb-animal-participa-de-seminario-para-elaboracao-do-primeiro-programa-nacional-de-manejo-populacional-etico-de-caes-e-gatos\/#article","isPartOf":{"@id":"https:\/\/uvbbrasil.com.br\/uvb-animal-participa-de-seminario-para-elaboracao-do-primeiro-programa-nacional-de-manejo-populacional-etico-de-caes-e-gatos\/"},"author":{"name":"adminuvb","@id":"https:\/\/uvbbrasil.com.br\/#\/schema\/person\/17990098446c098f52effddff4f1b272"},"headline":"UVB Animal participa de Semin\u00e1rio para elabora\u00e7\u00e3o do primeiro Programa Nacional de Manejo Populacional \u00c9tico de C\u00e3es e Gatos","datePublished":"2023-08-16T19:05:49+00:00","mainEntityOfPage":{"@id":"https:\/\/uvbbrasil.com.br\/uvb-animal-participa-de-seminario-para-elaboracao-do-primeiro-programa-nacional-de-manejo-populacional-etico-de-caes-e-gatos\/"},"wordCount":715,"commentCount":0,"publisher":{"@id":"https:\/\/uvbbrasil.com.br\/#organization"},"image":{"@id":"https:\/\/uvbbrasil.com.br\/uvb-animal-participa-de-seminario-para-elaboracao-do-primeiro-programa-nacional-de-manejo-populacional-etico-de-caes-e-gatos\/#primaryimage"},"thumbnailUrl":"https:\/\/uvbbrasil.com.br\/wp-content\/uploads\/2023\/08\/WhatsApp-Image-2023-08-16-at-15.22.02-1.jpeg","articleSection":["NOT\u00cdCIAS"],"inLanguage":"pt-BR","potentialAction":[{"@type":"CommentAction","name":"Comment","target":["https:\/\/uvbbrasil.com.br\/uvb-animal-participa-de-seminario-para-elaboracao-do-primeiro-programa-nacional-de-manejo-populacional-etico-de-caes-e-gatos\/#respond"]}]},{"@type":"WebPage","@id":"https:\/\/uvbbrasil.com.br\/uvb-animal-participa-de-seminario-para-elaboracao-do-primeiro-programa-nacional-de-manejo-populacional-etico-de-caes-e-gatos\/","url":"https:\/\/uvbbrasil.com.br\/uvb-animal-participa-de-seminario-para-elaboracao-do-primeiro-programa-nacional-de-manejo-populacional-etico-de-caes-e-gatos\/","name":"UVB Animal participa de Semin\u00e1rio para elabora\u00e7\u00e3o do primeiro Programa Nacional de Manejo Populacional \u00c9tico de C\u00e3es e Gatos - UVB Brasil","isPartOf":{"@id":"https:\/\/uvbbrasil.com.br\/#website"},"primaryImageOfPage":{"@id":"https:\/\/uvbbrasil.com.br\/uvb-animal-participa-de-seminario-para-elaboracao-do-primeiro-programa-nacional-de-manejo-populacional-etico-de-caes-e-gatos\/#primaryimage"},"image":{"@id":"https:\/\/uvbbrasil.com.br\/uvb-animal-participa-de-seminario-para-elaboracao-do-primeiro-programa-nacional-de-manejo-populacional-etico-de-caes-e-gatos\/#primaryimage"},"thumbnailUrl":"https:\/\/uvbbrasil.com.br\/wp-content\/uploads\/2023\/08\/WhatsApp-Image-2023-08-16-at-15.22.02-1.jpeg","datePublished":"2023-08-16T19:05:49+00:00","breadcrumb":{"@id":"https:\/\/uvbbrasil.com.br\/uvb-animal-participa-de-seminario-para-elaboracao-do-primeiro-programa-nacional-de-manejo-populacional-etico-de-caes-e-gatos\/#breadcrumb"},"inLanguage":"pt-BR","potentialAction":[{"@type":"ReadAction","target":["https:\/\/uvbbrasil.com.br\/uvb-animal-participa-de-seminario-para-elaboracao-do-primeiro-programa-nacional-de-manejo-populacional-etico-de-caes-e-gatos\/"]}]},{"@type":"ImageObject","inLanguage":"pt-BR","@id":"https:\/\/uvbbrasil.com.br\/uvb-animal-participa-de-seminario-para-elaboracao-do-primeiro-programa-nacional-de-manejo-populacional-etico-de-caes-e-gatos\/#primaryimage","url":"https:\/\/uvbbrasil.com.br\/wp-content\/uploads\/2023\/08\/WhatsApp-Image-2023-08-16-at-15.22.02-1.jpeg","contentUrl":"https:\/\/uvbbrasil.com.br\/wp-content\/uploads\/2023\/08\/WhatsApp-Image-2023-08-16-at-15.22.02-1.jpeg","width":1440,"height":900},{"@type":"BreadcrumbList","@id":"https:\/\/uvbbrasil.com.br\/uvb-animal-participa-de-seminario-para-elaboracao-do-primeiro-programa-nacional-de-manejo-populacional-etico-de-caes-e-gatos\/#breadcrumb","itemListElement":[{"@type":"ListItem","position":1,"name":"In\u00edcio","item":"https:\/\/uvbbrasil.com.br\/"},{"@type":"ListItem","position":2,"name":"UVB Animal participa de Semin\u00e1rio para elabora\u00e7\u00e3o do primeiro Programa Nacional de Manejo Populacional \u00c9tico de C\u00e3es e Gatos"}]},{"@type":"WebSite","@id":"https:\/\/uvbbrasil.com.br\/#website","url":"https:\/\/uvbbrasil.com.br\/","name":"UVB Brasil","description":"Uni\u00e3o dos Vereadores do Brasil","publisher":{"@id":"https:\/\/uvbbrasil.com.br\/#organization"},"potentialAction":[{"@type":"SearchAction","target":{"@type":"EntryPoint","urlTemplate":"https:\/\/uvbbrasil.com.br\/?s={search_term_string}"},"query-input":{"@type":"PropertyValueSpecification","valueRequired":true,"valueName":"search_term_string"}}],"inLanguage":"pt-BR"},{"@type":"Organization","@id":"https:\/\/uvbbrasil.com.br\/#organization","name":"UVB Brasil","url":"https:\/\/uvbbrasil.com.br\/","logo":{"@type":"ImageObject","inLanguage":"pt-BR","@id":"https:\/\/uvbbrasil.com.br\/#\/schema\/logo\/image\/","url":"https:\/\/uvbbrasil.com.br\/wp-content\/uploads\/2025\/01\/LOGO-UVB-2024-azul-1.jpg","contentUrl":"https:\/\/uvbbrasil.com.br\/wp-content\/uploads\/2025\/01\/LOGO-UVB-2024-azul-1.jpg","width":600,"height":211,"caption":"UVB Brasil"},"image":{"@id":"https:\/\/uvbbrasil.com.br\/#\/schema\/logo\/image\/"},"sameAs":["https:\/\/www.facebook.com\/uvb.vereadoresbrasil","https:\/\/www.instagram.com\/uvbbrasil\/","https:\/\/www.youtube.com\/channel\/UCIlPQ8Xzw5GHNzosQIg9S5A"]},{"@type":"Person","@id":"https:\/\/uvbbrasil.com.br\/#\/schema\/person\/17990098446c098f52effddff4f1b272","name":"adminuvb","image":{"@type":"ImageObject","inLanguage":"pt-BR","@id":"https:\/\/uvbbrasil.com.br\/#\/schema\/person\/image\/","url":"https:\/\/secure.gravatar.com\/avatar\/1a494ea6f8e2dd1ae526e55b0e9497efdba542491e0620d704cccf63c6f77c45?s=96&d=mm&r=g","contentUrl":"https:\/\/secure.gravatar.com\/avatar\/1a494ea6f8e2dd1ae526e55b0e9497efdba542491e0620d704cccf63c6f77c45?s=96&d=mm&r=g","caption":"adminuvb"},"sameAs":["https:\/\/uvbbrasil.com.br"],"url":"https:\/\/uvbbrasil.com.br\/author\/adminuvb\/"}]}},"_links":{"self":[{"href":"https:\/\/uvbbrasil.com.br\/uvb-json\/wp\/v2\/posts\/31093","targetHints":{"allow":["GET"]}}],"collection":[{"href":"https:\/\/uvbbrasil.com.br\/uvb-json\/wp\/v2\/posts"}],"about":[{"href":"https:\/\/uvbbrasil.com.br\/uvb-json\/wp\/v2\/types\/post"}],"author":[{"embeddable":true,"href":"https:\/\/uvbbrasil.com.br\/uvb-json\/wp\/v2\/users\/1"}],"replies":[{"embeddable":true,"href":"https:\/\/uvbbrasil.com.br\/uvb-json\/wp\/v2\/comments?post=31093"}],"version-history":[{"count":0,"href":"https:\/\/uvbbrasil.com.br\/uvb-json\/wp\/v2\/posts\/31093\/revisions"}],"wp:featuredmedia":[{"embeddable":true,"href":"https:\/\/uvbbrasil.com.br\/uvb-json\/wp\/v2\/media\/31096"}],"wp:attachment":[{"href":"https:\/\/uvbbrasil.com.br\/uvb-json\/wp\/v2\/media?parent=31093"}],"wp:term":[{"taxonomy":"category","embeddable":true,"href":"https:\/\/uvbbrasil.com.br\/uvb-json\/wp\/v2\/categories?post=31093"},{"taxonomy":"post_tag","embeddable":true,"href":"https:\/\/uvbbrasil.com.br\/uvb-json\/wp\/v2\/tags?post=31093"}],"curies":[{"name":"wp","href":"https:\/\/api.w.org\/{rel}","templated":true}]}}