{"id":31089,"date":"2023-08-16T11:40:23","date_gmt":"2023-08-16T14:40:23","guid":{"rendered":"https:\/\/wpsandbox4.pante.com.br\/?p=31089"},"modified":"2023-08-16T11:40:23","modified_gmt":"2023-08-16T14:40:23","slug":"atricon-participa-de-audiencia-publica-sobre-impactos-da-reforma-tributaria-na-educacao","status":"publish","type":"post","link":"https:\/\/uvbbrasil.com.br\/atricon-participa-de-audiencia-publica-sobre-impactos-da-reforma-tributaria-na-educacao\/","title":{"rendered":"Atricon participa de audi\u00eancia p\u00fablica sobre impactos da reforma tribut\u00e1ria na educa\u00e7\u00e3o"},"content":{"rendered":"<p>A vice-presidente de Rela\u00e7\u00f5es Jur\u00eddico-Institucionais da Atricon, conselheira substituta Milene Dias Cunha, representou a entidade na audi\u00eancia p\u00fablica realizada no Senado Federal, nesta ter\u00e7a-feira (15), para debater poss\u00edveis impactos da reforma tribut\u00e1ria nos recursos para a educa\u00e7\u00e3o. A reuni\u00e3o ocorreu em aten\u00e7\u00e3o a dois requerimentos de autoria da Senadora Professora Dorinha Seabra.<\/p>\n<p>Em sua exposi\u00e7\u00e3o, a conselheira substituta afirmou que, em um primeiro momento, a reforma, como est\u00e1 redigida atualmente, n\u00e3o significa grandes impactos para a educa\u00e7\u00e3o. \u201c\u00c9 preciso estar atento e acompanhar como ser\u00e1 feita esta regulamenta\u00e7\u00e3o para observar se n\u00e3o ir\u00e1 impactar no momento da arrecada\u00e7\u00e3o\u201d, alertou. A vice-presidente tamb\u00e9m aproveitou para colocar os Tribunais de Contas \u00e0 disposi\u00e7\u00e3o do Senado, do Congresso Nacional e da C\u00e2mara dos Deputados para apresentar todos os estudos que foram feitos em rela\u00e7\u00e3o \u00e0 tem\u00e1tica, como a\u00a0<a href=\"https:\/\/atricon.org.br\/operacao-educacao\/\" data-type=\"link\" data-id=\"https:\/\/atricon.org.br\/operacao-educacao\/\">Opera\u00e7\u00e3o Educa\u00e7\u00e3o<\/a>.<\/p>\n<p>Tamb\u00e9m participaram da audi\u00eancia o auditor-chefe adjunto da Unidade de Auditoria Especializada em Or\u00e7amento, Tributa\u00e7\u00e3o e Gest\u00e3o Fiscal do Tribunal de Contas da Uni\u00e3o (AudFiscal), Eduardo Favero, o diretor institucional do Conselho Nacional de Secret\u00e1rios de Fazenda dos Estados e do Distrito Federal (COMSEFAZ) e representante da Conselho Nacional de Pol\u00edtica Fazend\u00e1ria (CONFAZ), Andr\u00e9 Horta, o consultor legislativo da C\u00e2mara dos Deputados, Paulo de Sena Martins e o secret\u00e1rio adjunto de Planejamento e Gest\u00e3o da Secretaria de Educa\u00e7\u00e3o do Par\u00e1, Patrick Tranjan, que representou o Conselho Nacional de Secret\u00e1rios de Educa\u00e7\u00e3o (Consed).<\/p>\n<p>&nbsp;<\/p>\n<p><a href=\"https:\/\/www.youtube.com\/live\/cPvQ5xzG1KA?feature=share\" data-type=\"link\" data-id=\"https:\/\/www.youtube.com\/live\/cPvQ5xzG1KA?feature=share\">Assista a \u00edntegra da audi\u00eancia.<\/a><\/p>\n<p><img fetchpriority=\"high\" decoding=\"async\" class=\"alignnone size-medium wp-image-31090\" src=\"https:\/\/uvbbrasil.com.br\/wp-content\/uploads\/2023\/08\/WhatsApp-Image-2023-08-15-at-17.53.35-e1692140879910-300x168.jpeg\" alt=\"\" width=\"300\" height=\"168\" srcset=\"https:\/\/uvbbrasil.com.br\/wp-content\/uploads\/2023\/08\/WhatsApp-Image-2023-08-15-at-17.53.35-e1692140879910-300x168.jpeg 300w, https:\/\/uvbbrasil.com.br\/wp-content\/uploads\/2023\/08\/WhatsApp-Image-2023-08-15-at-17.53.35-e1692140879910-1024x575.jpeg 1024w, https:\/\/uvbbrasil.com.br\/wp-content\/uploads\/2023\/08\/WhatsApp-Image-2023-08-15-at-17.53.35-e1692140879910-768x431.jpeg 768w, https:\/\/uvbbrasil.com.br\/wp-content\/uploads\/2023\/08\/WhatsApp-Image-2023-08-15-at-17.53.35-e1692140879910.jpeg 1079w\" sizes=\"(max-width: 300px) 100vw, 300px\" \/><\/p>\n","protected":false},"excerpt":{"rendered":"<p>A vice-presidente de Rela\u00e7\u00f5es Jur\u00eddico-Institucionais da Atricon, conselheira substituta Milene Dias Cunha, representou a entidade na audi\u00eancia p\u00fablica realizada no&#8230;<\/p>\n","protected":false},"author":1,"featured_media":31090,"comment_status":"open","ping_status":"open","sticky":false,"template":"","format":"standard","meta":{"footnotes":""},"categories":[3],"tags":[],"class_list":["post-31089","post","type-post","status-publish","format-standard","has-post-thumbnail","hentry","category-noticias"],"yoast_head":"<!-- This site is optimized with the Yoast SEO plugin v26.7 - https:\/\/yoast.com\/wordpress\/plugins\/seo\/ -->\n<title>Atricon participa de audi\u00eancia p\u00fablica sobre impactos da reforma tribut\u00e1ria na educa\u00e7\u00e3o - UVB Brasil<\/title>\n<meta name=\"robots\" content=\"index, follow, max-snippet:-1, max-image-preview:large, max-video-preview:-1\" \/>\n<link rel=\"canonical\" href=\"https:\/\/uvbbrasil.com.br\/atricon-participa-de-audiencia-publica-sobre-impactos-da-reforma-tributaria-na-educacao\/\" \/>\n<meta property=\"og:locale\" content=\"pt_BR\" \/>\n<meta property=\"og:type\" content=\"article\" \/>\n<meta property=\"og:title\" content=\"Atricon participa de audi\u00eancia p\u00fablica sobre impactos da reforma tribut\u00e1ria na educa\u00e7\u00e3o - UVB Brasil\" \/>\n<meta property=\"og:description\" content=\"A vice-presidente de Rela\u00e7\u00f5es Jur\u00eddico-Institucionais da Atricon, conselheira substituta Milene Dias Cunha, representou a entidade na audi\u00eancia p\u00fablica realizada no...\" \/>\n<meta property=\"og:url\" content=\"https:\/\/uvbbrasil.com.br\/atricon-participa-de-audiencia-publica-sobre-impactos-da-reforma-tributaria-na-educacao\/\" \/>\n<meta property=\"og:site_name\" content=\"UVB Brasil\" \/>\n<meta property=\"article:publisher\" content=\"https:\/\/www.facebook.com\/uvb.vereadoresbrasil\" \/>\n<meta property=\"article:published_time\" content=\"2023-08-16T14:40:23+00:00\" \/>\n<meta property=\"og:image\" content=\"https:\/\/uvbbrasil.com.br\/wp-content\/uploads\/2023\/08\/WhatsApp-Image-2023-08-15-at-17.53.35-e1692140879910.jpeg\" \/>\n\t<meta property=\"og:image:width\" content=\"1079\" \/>\n\t<meta property=\"og:image:height\" content=\"606\" \/>\n\t<meta property=\"og:image:type\" content=\"image\/jpeg\" \/>\n<meta name=\"author\" content=\"adminuvb\" \/>\n<meta name=\"twitter:card\" content=\"summary_large_image\" \/>\n<meta name=\"twitter:label1\" content=\"Escrito por\" \/>\n\t<meta name=\"twitter:data1\" content=\"adminuvb\" \/>\n\t<meta name=\"twitter:label2\" content=\"Est. tempo de leitura\" \/>\n\t<meta name=\"twitter:data2\" content=\"2 minutos\" \/>\n<script type=\"application\/ld+json\" class=\"yoast-schema-graph\">{\"@context\":\"https:\/\/schema.org\",\"@graph\":[{\"@type\":\"Article\",\"@id\":\"https:\/\/uvbbrasil.com.br\/atricon-participa-de-audiencia-publica-sobre-impactos-da-reforma-tributaria-na-educacao\/#article\",\"isPartOf\":{\"@id\":\"https:\/\/uvbbrasil.com.br\/atricon-participa-de-audiencia-publica-sobre-impactos-da-reforma-tributaria-na-educacao\/\"},\"author\":{\"name\":\"adminuvb\",\"@id\":\"https:\/\/uvbbrasil.com.br\/#\/schema\/person\/17990098446c098f52effddff4f1b272\"},\"headline\":\"Atricon participa de audi\u00eancia p\u00fablica sobre impactos da reforma tribut\u00e1ria na educa\u00e7\u00e3o\",\"datePublished\":\"2023-08-16T14:40:23+00:00\",\"mainEntityOfPage\":{\"@id\":\"https:\/\/uvbbrasil.com.br\/atricon-participa-de-audiencia-publica-sobre-impactos-da-reforma-tributaria-na-educacao\/\"},\"wordCount\":286,\"commentCount\":0,\"publisher\":{\"@id\":\"https:\/\/uvbbrasil.com.br\/#organization\"},\"image\":{\"@id\":\"https:\/\/uvbbrasil.com.br\/atricon-participa-de-audiencia-publica-sobre-impactos-da-reforma-tributaria-na-educacao\/#primaryimage\"},\"thumbnailUrl\":\"https:\/\/uvbbrasil.com.br\/wp-content\/uploads\/2023\/08\/WhatsApp-Image-2023-08-15-at-17.53.35-e1692140879910.jpeg\",\"articleSection\":[\"NOT\u00cdCIAS\"],\"inLanguage\":\"pt-BR\",\"potentialAction\":[{\"@type\":\"CommentAction\",\"name\":\"Comment\",\"target\":[\"https:\/\/uvbbrasil.com.br\/atricon-participa-de-audiencia-publica-sobre-impactos-da-reforma-tributaria-na-educacao\/#respond\"]}]},{\"@type\":\"WebPage\",\"@id\":\"https:\/\/uvbbrasil.com.br\/atricon-participa-de-audiencia-publica-sobre-impactos-da-reforma-tributaria-na-educacao\/\",\"url\":\"https:\/\/uvbbrasil.com.br\/atricon-participa-de-audiencia-publica-sobre-impactos-da-reforma-tributaria-na-educacao\/\",\"name\":\"Atricon participa de audi\u00eancia p\u00fablica sobre impactos da reforma tribut\u00e1ria na educa\u00e7\u00e3o - UVB Brasil\",\"isPartOf\":{\"@id\":\"https:\/\/uvbbrasil.com.br\/#website\"},\"primaryImageOfPage\":{\"@id\":\"https:\/\/uvbbrasil.com.br\/atricon-participa-de-audiencia-publica-sobre-impactos-da-reforma-tributaria-na-educacao\/#primaryimage\"},\"image\":{\"@id\":\"https:\/\/uvbbrasil.com.br\/atricon-participa-de-audiencia-publica-sobre-impactos-da-reforma-tributaria-na-educacao\/#primaryimage\"},\"thumbnailUrl\":\"https:\/\/uvbbrasil.com.br\/wp-content\/uploads\/2023\/08\/WhatsApp-Image-2023-08-15-at-17.53.35-e1692140879910.jpeg\",\"datePublished\":\"2023-08-16T14:40:23+00:00\",\"breadcrumb\":{\"@id\":\"https:\/\/uvbbrasil.com.br\/atricon-participa-de-audiencia-publica-sobre-impactos-da-reforma-tributaria-na-educacao\/#breadcrumb\"},\"inLanguage\":\"pt-BR\",\"potentialAction\":[{\"@type\":\"ReadAction\",\"target\":[\"https:\/\/uvbbrasil.com.br\/atricon-participa-de-audiencia-publica-sobre-impactos-da-reforma-tributaria-na-educacao\/\"]}]},{\"@type\":\"ImageObject\",\"inLanguage\":\"pt-BR\",\"@id\":\"https:\/\/uvbbrasil.com.br\/atricon-participa-de-audiencia-publica-sobre-impactos-da-reforma-tributaria-na-educacao\/#primaryimage\",\"url\":\"https:\/\/uvbbrasil.com.br\/wp-content\/uploads\/2023\/08\/WhatsApp-Image-2023-08-15-at-17.53.35-e1692140879910.jpeg\",\"contentUrl\":\"https:\/\/uvbbrasil.com.br\/wp-content\/uploads\/2023\/08\/WhatsApp-Image-2023-08-15-at-17.53.35-e1692140879910.jpeg\",\"width\":1079,\"height\":606},{\"@type\":\"BreadcrumbList\",\"@id\":\"https:\/\/uvbbrasil.com.br\/atricon-participa-de-audiencia-publica-sobre-impactos-da-reforma-tributaria-na-educacao\/#breadcrumb\",\"itemListElement\":[{\"@type\":\"ListItem\",\"position\":1,\"name\":\"In\u00edcio\",\"item\":\"https:\/\/uvbbrasil.com.br\/\"},{\"@type\":\"ListItem\",\"position\":2,\"name\":\"Atricon participa de audi\u00eancia p\u00fablica sobre impactos da reforma tribut\u00e1ria na educa\u00e7\u00e3o\"}]},{\"@type\":\"WebSite\",\"@id\":\"https:\/\/uvbbrasil.com.br\/#website\",\"url\":\"https:\/\/uvbbrasil.com.br\/\",\"name\":\"UVB Brasil\",\"description\":\"Uni\u00e3o dos Vereadores do Brasil\",\"publisher\":{\"@id\":\"https:\/\/uvbbrasil.com.br\/#organization\"},\"potentialAction\":[{\"@type\":\"SearchAction\",\"target\":{\"@type\":\"EntryPoint\",\"urlTemplate\":\"https:\/\/uvbbrasil.com.br\/?s={search_term_string}\"},\"query-input\":{\"@type\":\"PropertyValueSpecification\",\"valueRequired\":true,\"valueName\":\"search_term_string\"}}],\"inLanguage\":\"pt-BR\"},{\"@type\":\"Organization\",\"@id\":\"https:\/\/uvbbrasil.com.br\/#organization\",\"name\":\"UVB Brasil\",\"url\":\"https:\/\/uvbbrasil.com.br\/\",\"logo\":{\"@type\":\"ImageObject\",\"inLanguage\":\"pt-BR\",\"@id\":\"https:\/\/uvbbrasil.com.br\/#\/schema\/logo\/image\/\",\"url\":\"https:\/\/uvbbrasil.com.br\/wp-content\/uploads\/2025\/01\/LOGO-UVB-2024-azul-1.jpg\",\"contentUrl\":\"https:\/\/uvbbrasil.com.br\/wp-content\/uploads\/2025\/01\/LOGO-UVB-2024-azul-1.jpg\",\"width\":600,\"height\":211,\"caption\":\"UVB Brasil\"},\"image\":{\"@id\":\"https:\/\/uvbbrasil.com.br\/#\/schema\/logo\/image\/\"},\"sameAs\":[\"https:\/\/www.facebook.com\/uvb.vereadoresbrasil\",\"https:\/\/www.instagram.com\/uvbbrasil\/\",\"https:\/\/www.youtube.com\/channel\/UCIlPQ8Xzw5GHNzosQIg9S5A\"]},{\"@type\":\"Person\",\"@id\":\"https:\/\/uvbbrasil.com.br\/#\/schema\/person\/17990098446c098f52effddff4f1b272\",\"name\":\"adminuvb\",\"image\":{\"@type\":\"ImageObject\",\"inLanguage\":\"pt-BR\",\"@id\":\"https:\/\/uvbbrasil.com.br\/#\/schema\/person\/image\/\",\"url\":\"https:\/\/secure.gravatar.com\/avatar\/1a494ea6f8e2dd1ae526e55b0e9497efdba542491e0620d704cccf63c6f77c45?s=96&d=mm&r=g\",\"contentUrl\":\"https:\/\/secure.gravatar.com\/avatar\/1a494ea6f8e2dd1ae526e55b0e9497efdba542491e0620d704cccf63c6f77c45?s=96&d=mm&r=g\",\"caption\":\"adminuvb\"},\"sameAs\":[\"https:\/\/uvbbrasil.com.br\"],\"url\":\"https:\/\/uvbbrasil.com.br\/author\/adminuvb\/\"}]}<\/script>\n<!-- \/ Yoast SEO plugin. -->","yoast_head_json":{"title":"Atricon participa de audi\u00eancia p\u00fablica sobre impactos da reforma tribut\u00e1ria na educa\u00e7\u00e3o - UVB Brasil","robots":{"index":"index","follow":"follow","max-snippet":"max-snippet:-1","max-image-preview":"max-image-preview:large","max-video-preview":"max-video-preview:-1"},"canonical":"https:\/\/uvbbrasil.com.br\/atricon-participa-de-audiencia-publica-sobre-impactos-da-reforma-tributaria-na-educacao\/","og_locale":"pt_BR","og_type":"article","og_title":"Atricon participa de audi\u00eancia p\u00fablica sobre impactos da reforma tribut\u00e1ria na educa\u00e7\u00e3o - UVB Brasil","og_description":"A vice-presidente de Rela\u00e7\u00f5es Jur\u00eddico-Institucionais da Atricon, conselheira substituta Milene Dias Cunha, representou a entidade na audi\u00eancia p\u00fablica realizada no...","og_url":"https:\/\/uvbbrasil.com.br\/atricon-participa-de-audiencia-publica-sobre-impactos-da-reforma-tributaria-na-educacao\/","og_site_name":"UVB Brasil","article_publisher":"https:\/\/www.facebook.com\/uvb.vereadoresbrasil","article_published_time":"2023-08-16T14:40:23+00:00","og_image":[{"width":1079,"height":606,"url":"https:\/\/uvbbrasil.com.br\/wp-content\/uploads\/2023\/08\/WhatsApp-Image-2023-08-15-at-17.53.35-e1692140879910.jpeg","type":"image\/jpeg"}],"author":"adminuvb","twitter_card":"summary_large_image","twitter_misc":{"Escrito por":"adminuvb","Est. tempo de leitura":"2 minutos"},"schema":{"@context":"https:\/\/schema.org","@graph":[{"@type":"Article","@id":"https:\/\/uvbbrasil.com.br\/atricon-participa-de-audiencia-publica-sobre-impactos-da-reforma-tributaria-na-educacao\/#article","isPartOf":{"@id":"https:\/\/uvbbrasil.com.br\/atricon-participa-de-audiencia-publica-sobre-impactos-da-reforma-tributaria-na-educacao\/"},"author":{"name":"adminuvb","@id":"https:\/\/uvbbrasil.com.br\/#\/schema\/person\/17990098446c098f52effddff4f1b272"},"headline":"Atricon participa de audi\u00eancia p\u00fablica sobre impactos da reforma tribut\u00e1ria na educa\u00e7\u00e3o","datePublished":"2023-08-16T14:40:23+00:00","mainEntityOfPage":{"@id":"https:\/\/uvbbrasil.com.br\/atricon-participa-de-audiencia-publica-sobre-impactos-da-reforma-tributaria-na-educacao\/"},"wordCount":286,"commentCount":0,"publisher":{"@id":"https:\/\/uvbbrasil.com.br\/#organization"},"image":{"@id":"https:\/\/uvbbrasil.com.br\/atricon-participa-de-audiencia-publica-sobre-impactos-da-reforma-tributaria-na-educacao\/#primaryimage"},"thumbnailUrl":"https:\/\/uvbbrasil.com.br\/wp-content\/uploads\/2023\/08\/WhatsApp-Image-2023-08-15-at-17.53.35-e1692140879910.jpeg","articleSection":["NOT\u00cdCIAS"],"inLanguage":"pt-BR","potentialAction":[{"@type":"CommentAction","name":"Comment","target":["https:\/\/uvbbrasil.com.br\/atricon-participa-de-audiencia-publica-sobre-impactos-da-reforma-tributaria-na-educacao\/#respond"]}]},{"@type":"WebPage","@id":"https:\/\/uvbbrasil.com.br\/atricon-participa-de-audiencia-publica-sobre-impactos-da-reforma-tributaria-na-educacao\/","url":"https:\/\/uvbbrasil.com.br\/atricon-participa-de-audiencia-publica-sobre-impactos-da-reforma-tributaria-na-educacao\/","name":"Atricon participa de audi\u00eancia p\u00fablica sobre impactos da reforma tribut\u00e1ria na educa\u00e7\u00e3o - UVB Brasil","isPartOf":{"@id":"https:\/\/uvbbrasil.com.br\/#website"},"primaryImageOfPage":{"@id":"https:\/\/uvbbrasil.com.br\/atricon-participa-de-audiencia-publica-sobre-impactos-da-reforma-tributaria-na-educacao\/#primaryimage"},"image":{"@id":"https:\/\/uvbbrasil.com.br\/atricon-participa-de-audiencia-publica-sobre-impactos-da-reforma-tributaria-na-educacao\/#primaryimage"},"thumbnailUrl":"https:\/\/uvbbrasil.com.br\/wp-content\/uploads\/2023\/08\/WhatsApp-Image-2023-08-15-at-17.53.35-e1692140879910.jpeg","datePublished":"2023-08-16T14:40:23+00:00","breadcrumb":{"@id":"https:\/\/uvbbrasil.com.br\/atricon-participa-de-audiencia-publica-sobre-impactos-da-reforma-tributaria-na-educacao\/#breadcrumb"},"inLanguage":"pt-BR","potentialAction":[{"@type":"ReadAction","target":["https:\/\/uvbbrasil.com.br\/atricon-participa-de-audiencia-publica-sobre-impactos-da-reforma-tributaria-na-educacao\/"]}]},{"@type":"ImageObject","inLanguage":"pt-BR","@id":"https:\/\/uvbbrasil.com.br\/atricon-participa-de-audiencia-publica-sobre-impactos-da-reforma-tributaria-na-educacao\/#primaryimage","url":"https:\/\/uvbbrasil.com.br\/wp-content\/uploads\/2023\/08\/WhatsApp-Image-2023-08-15-at-17.53.35-e1692140879910.jpeg","contentUrl":"https:\/\/uvbbrasil.com.br\/wp-content\/uploads\/2023\/08\/WhatsApp-Image-2023-08-15-at-17.53.35-e1692140879910.jpeg","width":1079,"height":606},{"@type":"BreadcrumbList","@id":"https:\/\/uvbbrasil.com.br\/atricon-participa-de-audiencia-publica-sobre-impactos-da-reforma-tributaria-na-educacao\/#breadcrumb","itemListElement":[{"@type":"ListItem","position":1,"name":"In\u00edcio","item":"https:\/\/uvbbrasil.com.br\/"},{"@type":"ListItem","position":2,"name":"Atricon participa de audi\u00eancia p\u00fablica sobre impactos da reforma tribut\u00e1ria na educa\u00e7\u00e3o"}]},{"@type":"WebSite","@id":"https:\/\/uvbbrasil.com.br\/#website","url":"https:\/\/uvbbrasil.com.br\/","name":"UVB Brasil","description":"Uni\u00e3o dos Vereadores do Brasil","publisher":{"@id":"https:\/\/uvbbrasil.com.br\/#organization"},"potentialAction":[{"@type":"SearchAction","target":{"@type":"EntryPoint","urlTemplate":"https:\/\/uvbbrasil.com.br\/?s={search_term_string}"},"query-input":{"@type":"PropertyValueSpecification","valueRequired":true,"valueName":"search_term_string"}}],"inLanguage":"pt-BR"},{"@type":"Organization","@id":"https:\/\/uvbbrasil.com.br\/#organization","name":"UVB Brasil","url":"https:\/\/uvbbrasil.com.br\/","logo":{"@type":"ImageObject","inLanguage":"pt-BR","@id":"https:\/\/uvbbrasil.com.br\/#\/schema\/logo\/image\/","url":"https:\/\/uvbbrasil.com.br\/wp-content\/uploads\/2025\/01\/LOGO-UVB-2024-azul-1.jpg","contentUrl":"https:\/\/uvbbrasil.com.br\/wp-content\/uploads\/2025\/01\/LOGO-UVB-2024-azul-1.jpg","width":600,"height":211,"caption":"UVB Brasil"},"image":{"@id":"https:\/\/uvbbrasil.com.br\/#\/schema\/logo\/image\/"},"sameAs":["https:\/\/www.facebook.com\/uvb.vereadoresbrasil","https:\/\/www.instagram.com\/uvbbrasil\/","https:\/\/www.youtube.com\/channel\/UCIlPQ8Xzw5GHNzosQIg9S5A"]},{"@type":"Person","@id":"https:\/\/uvbbrasil.com.br\/#\/schema\/person\/17990098446c098f52effddff4f1b272","name":"adminuvb","image":{"@type":"ImageObject","inLanguage":"pt-BR","@id":"https:\/\/uvbbrasil.com.br\/#\/schema\/person\/image\/","url":"https:\/\/secure.gravatar.com\/avatar\/1a494ea6f8e2dd1ae526e55b0e9497efdba542491e0620d704cccf63c6f77c45?s=96&d=mm&r=g","contentUrl":"https:\/\/secure.gravatar.com\/avatar\/1a494ea6f8e2dd1ae526e55b0e9497efdba542491e0620d704cccf63c6f77c45?s=96&d=mm&r=g","caption":"adminuvb"},"sameAs":["https:\/\/uvbbrasil.com.br"],"url":"https:\/\/uvbbrasil.com.br\/author\/adminuvb\/"}]}},"_links":{"self":[{"href":"https:\/\/uvbbrasil.com.br\/uvb-json\/wp\/v2\/posts\/31089","targetHints":{"allow":["GET"]}}],"collection":[{"href":"https:\/\/uvbbrasil.com.br\/uvb-json\/wp\/v2\/posts"}],"about":[{"href":"https:\/\/uvbbrasil.com.br\/uvb-json\/wp\/v2\/types\/post"}],"author":[{"embeddable":true,"href":"https:\/\/uvbbrasil.com.br\/uvb-json\/wp\/v2\/users\/1"}],"replies":[{"embeddable":true,"href":"https:\/\/uvbbrasil.com.br\/uvb-json\/wp\/v2\/comments?post=31089"}],"version-history":[{"count":0,"href":"https:\/\/uvbbrasil.com.br\/uvb-json\/wp\/v2\/posts\/31089\/revisions"}],"wp:featuredmedia":[{"embeddable":true,"href":"https:\/\/uvbbrasil.com.br\/uvb-json\/wp\/v2\/media\/31090"}],"wp:attachment":[{"href":"https:\/\/uvbbrasil.com.br\/uvb-json\/wp\/v2\/media?parent=31089"}],"wp:term":[{"taxonomy":"category","embeddable":true,"href":"https:\/\/uvbbrasil.com.br\/uvb-json\/wp\/v2\/categories?post=31089"},{"taxonomy":"post_tag","embeddable":true,"href":"https:\/\/uvbbrasil.com.br\/uvb-json\/wp\/v2\/tags?post=31089"}],"curies":[{"name":"wp","href":"https:\/\/api.w.org\/{rel}","templated":true}]}}