{"id":30939,"date":"2023-08-07T10:44:15","date_gmt":"2023-08-07T13:44:15","guid":{"rendered":"https:\/\/wpsandbox4.pante.com.br\/?p=30939"},"modified":"2023-08-07T10:44:15","modified_gmt":"2023-08-07T13:44:15","slug":"camara-de-holambra-sp-sedia-encontro-nacional-de-gestores-e-legislativos-municipais","status":"publish","type":"post","link":"https:\/\/uvbbrasil.com.br\/camara-de-holambra-sp-sedia-encontro-nacional-de-gestores-e-legislativos-municipais\/","title":{"rendered":"C\u00e2mara de Holambra\/SP sedia Encontro Nacional de Gestores e Legislativos Municipais"},"content":{"rendered":"<p>Durante a semana, de 01 a 04 de agosto, a C\u00e2mara Municipal de Holambra sediou pela primeira vez o Encontro Nacional de Gestores e Legislativos Municipais. O evento, organizado pela UVB, a Uni\u00e3o de Vereadores do Brasil, recebeu representantes do Legislativo de cidades de al\u00e9m de S\u00e3o Paulo, outros oito Estados do pa\u00eds, Rio Grande do Norte, Rio Grande do Sul, Santa Catarina, Mato Grosso, Mato Grosso do Sul, Alagoas, Par\u00e1 e Cear\u00e1.<\/p>\n<p>A abertura oficial aconteceu na manh\u00e3 da \u00faltima quarta-feira, 02 de agosto, e teve a presen\u00e7a do prefeito municipal e do presidente da C\u00e2mara anfitri\u00f5es, Fernando Capato e Mauro Sergio de Oliveira, dos vereadores Jesus da Farm\u00e1cia, Oriovaldo Venturini, Joseane Esperan\u00e7a e tamb\u00e9m do vereador Fabiano Soares, superintendente da UVB na Regi\u00e3o Metropolitana de Campinas e de Piracicaba, Baixa Mogiana e Circuito das \u00c1guas, e dos diretores municipais, Alessandra Caratti (Turismo e Cultura), Rodrigo Alexandre da Silva (Parques e Jardins) e Yessika Eltink (Obras e Planejamento Urbano e Rural), que explicaram todo o funcionamento da atual gest\u00e3o em Holambra.<\/p>\n<p>Na parte da tarde, tr\u00eas importantes palestras: compostagem dom\u00e9stica e suas vantagens com o educador ambiental Adriano Marcelo Antonio, de S\u00e3o Sim\u00e3o (SP); Branding e comunica\u00e7\u00e3o pol\u00edtica com Viviane Palmeira de Ca\u00e7apava (SP); e, por \u00faltimo, o consultor Junior Campos falou sobre a import\u00e2ncia de um mandato eficiente e comunicativo. O Encontro recebeu ainda o presidente e a presidente executiva da UVESP (Uni\u00e3o dos Vereadores do Estado de S\u00e3o Paulo), Sebasti\u00e3o Misiara e Silvia Melo.<\/p>\n<p>O presidente da C\u00e2mara de Holambra, Mauro Sergio de Oliveira, agradeceu a presen\u00e7a de todos e exaltou a import\u00e2ncia de o munic\u00edpio receber um evento como esse: \u201c\u00e9 uma troca de experi\u00eancias muito bacana e uma forma de conhecer a realidade do vereador nos quatro cantos do pa\u00eds\u201d, disse.<\/p>\n<p>A quinta-feira teve in\u00edcio com um painel de Presidentes \u2013 Mauro Sergio, de Holambra, Thiago Braggion (Parlamento de Piracicaba), Thiago Colpani (Parlamento de S\u00e3o Jo\u00e3o da Boa Vista) e a presen\u00e7a de outros chefes dos Legislativos, Osmir Muniz de S\u00e3o Sim\u00e3o, Manoel Antunes de Palmares, Kleber Maciel de Monte Alegre (RN) e Altram Jos\u00e9 Farias Lima de Monte Mor.<\/p>\n<p>O vereador Fabiano Soares destacou que, al\u00e9m da participa\u00e7\u00e3o no encontro, os vereadores est\u00e3o conhecendo diversos pontos tur\u00edsticos de Holambra e consumindo no com\u00e9rcio local, o que \u00e9 muito bom para a cidade. \u201cEu acredito que, dessa forma, n\u00f3s fortalecemos o legislativo e melhoramos as pol\u00edticas p\u00fablicas de nossas cidades\u201d, pontuou.<\/p>\n<p>Entre as palestras do dia: mulher empreendedora com a colunista da Jovem Pan, Carol Corimbaba; Turismo Rural e Economia Criativa com Laura Santi, Presidente da Ag\u00eancia de Desenvolvimento do Circuito das \u00c1guas Paulista; a inabal\u00e1vel influ\u00eancia do agroneg\u00f3cio brasileiro e seu impacto crucial no tabuleiro pol\u00edtico com Thiago Colpani; e, para encerrar, Fabiano Soares falou sobre Pol\u00edticas P\u00fablicas para Pessoas com Defici\u00eancia. Na parte da tarde, quem tamb\u00e9m esteve presente foi o Presidente do Parlamento da Regi\u00e3o Metropolitana de Campinas (RMC), Pepo Lepinsk.<\/p>\n<p>A programa\u00e7\u00e3o do encontro encerrou na sexta-feira (04), com visita t\u00e9cnica \u00e0s fazendas de flores da cidade.<\/p>\n<div id=\"gallery-1\" class=\"gallery galleryid-613363 gallery-columns-2 gallery-size-full gallery1\" data-pswp-uid=\"1\">\n<figure><a title=\"\" href=\"https:\/\/images2.holambrense.com.br\/wp-content\/uploads\/2023\/08\/whatsapp-image-2023-08-03-at-13-57-28-1-1691091454.jpeg\" rel=\"gallery1\" data-size=\"1600x1200\"><img fetchpriority=\"high\" decoding=\"async\" src=\"https:\/\/images2.holambrense.com.br\/wp-content\/uploads\/2023\/08\/whatsapp-image-2023-08-03-at-13-57-28-1-1691091454.jpeg\" alt=\"\" width=\"1600\" height=\"1200\" \/><\/a><figcaption><\/figcaption><\/figure>\n<figure><a title=\"\" href=\"https:\/\/images2.holambrense.com.br\/wp-content\/uploads\/2023\/08\/whatsapp-image-2023-08-03-at-13-57-29-1691091444.jpeg\" rel=\"gallery1\" data-size=\"1600x1200\"><img decoding=\"async\" src=\"https:\/\/images2.holambrense.com.br\/wp-content\/uploads\/2023\/08\/whatsapp-image-2023-08-03-at-13-57-29-1691091444.jpeg\" alt=\"\" width=\"1600\" height=\"1200\" \/><\/a><figcaption><\/figcaption><\/figure>\n<figure><a title=\"\" href=\"https:\/\/images2.holambrense.com.br\/wp-content\/uploads\/2023\/08\/whatsapp-image-2023-08-03-at-13-57-29-1-1691091442.jpeg\" rel=\"gallery1\" data-size=\"1600x1200\"><img decoding=\"async\" src=\"https:\/\/images2.holambrense.com.br\/wp-content\/uploads\/2023\/08\/whatsapp-image-2023-08-03-at-13-57-29-1-1691091442.jpeg\" alt=\"\" width=\"1600\" height=\"1200\" \/><\/a><figcaption><\/figcaption><\/figure>\n<figure><a title=\"\" href=\"https:\/\/images2.holambrense.com.br\/wp-content\/uploads\/2023\/08\/whatsapp-image-2023-08-03-at-13-57-29-2-1691091440.jpeg\" rel=\"gallery1\" data-size=\"1600x1200\"><img loading=\"lazy\" decoding=\"async\" src=\"https:\/\/images2.holambrense.com.br\/wp-content\/uploads\/2023\/08\/whatsapp-image-2023-08-03-at-13-57-29-2-1691091440.jpeg\" alt=\"\" width=\"1600\" height=\"1200\" \/><\/a><figcaption><\/figcaption><\/figure>\n<figure><a title=\"\" href=\"https:\/\/images2.holambrense.com.br\/wp-content\/uploads\/2023\/08\/whatsapp-image-2023-08-03-at-13-57-30-1691091436.jpeg\" rel=\"gallery1\" data-size=\"1600x1200\"><img loading=\"lazy\" decoding=\"async\" src=\"https:\/\/images2.holambrense.com.br\/wp-content\/uploads\/2023\/08\/whatsapp-image-2023-08-03-at-13-57-30-1691091436.jpeg\" alt=\"\" width=\"1600\" height=\"1200\" \/><\/a><figcaption><\/figcaption><\/figure>\n<figure><a title=\"\" href=\"https:\/\/images2.holambrense.com.br\/wp-content\/uploads\/2023\/08\/whatsapp-image-2023-08-03-at-13-57-29-3-1691091438.jpeg\" rel=\"gallery1\" data-size=\"1200x1600\"><img loading=\"lazy\" decoding=\"async\" src=\"https:\/\/images2.holambrense.com.br\/wp-content\/uploads\/2023\/08\/whatsapp-image-2023-08-03-at-13-57-29-3-1691091438.jpeg\" alt=\"\" width=\"1200\" height=\"1600\" \/><\/a><\/figure>\n<p><img loading=\"lazy\" decoding=\"async\" class=\"alignnone size-medium wp-image-30940\" src=\"https:\/\/uvbbrasil.com.br\/wp-content\/uploads\/2023\/08\/whatsapp-image-2023-08-03-at-13-57-28-2-1691091453-300x225.jpeg\" alt=\"\" width=\"300\" height=\"225\" srcset=\"https:\/\/uvbbrasil.com.br\/wp-content\/uploads\/2023\/08\/whatsapp-image-2023-08-03-at-13-57-28-2-1691091453-300x225.jpeg 300w, https:\/\/uvbbrasil.com.br\/wp-content\/uploads\/2023\/08\/whatsapp-image-2023-08-03-at-13-57-28-2-1691091453-768x576.jpeg 768w, https:\/\/uvbbrasil.com.br\/wp-content\/uploads\/2023\/08\/whatsapp-image-2023-08-03-at-13-57-28-2-1691091453.jpeg 1024w\" sizes=\"(max-width: 300px) 100vw, 300px\" \/><\/p>\n<\/div>\n","protected":false},"excerpt":{"rendered":"<p>Durante a semana, de 01 a 04 de agosto, a C\u00e2mara Municipal de Holambra sediou pela primeira vez o Encontro&#8230;<\/p>\n","protected":false},"author":1,"featured_media":30940,"comment_status":"open","ping_status":"open","sticky":false,"template":"","format":"standard","meta":{"footnotes":""},"categories":[3],"tags":[],"class_list":["post-30939","post","type-post","status-publish","format-standard","has-post-thumbnail","hentry","category-noticias"],"yoast_head":"<!-- This site is optimized with the Yoast SEO plugin v26.7 - https:\/\/yoast.com\/wordpress\/plugins\/seo\/ -->\n<title>C\u00e2mara de Holambra\/SP sedia Encontro Nacional de Gestores e Legislativos Municipais - UVB Brasil<\/title>\n<meta name=\"robots\" content=\"index, follow, max-snippet:-1, max-image-preview:large, max-video-preview:-1\" \/>\n<link rel=\"canonical\" href=\"https:\/\/uvbbrasil.com.br\/camara-de-holambra-sp-sedia-encontro-nacional-de-gestores-e-legislativos-municipais\/\" \/>\n<meta property=\"og:locale\" content=\"pt_BR\" \/>\n<meta property=\"og:type\" content=\"article\" \/>\n<meta property=\"og:title\" content=\"C\u00e2mara de Holambra\/SP sedia Encontro Nacional de Gestores e Legislativos Municipais - UVB Brasil\" \/>\n<meta property=\"og:description\" content=\"Durante a semana, de 01 a 04 de agosto, a C\u00e2mara Municipal de Holambra sediou pela primeira vez o Encontro...\" \/>\n<meta property=\"og:url\" content=\"https:\/\/uvbbrasil.com.br\/camara-de-holambra-sp-sedia-encontro-nacional-de-gestores-e-legislativos-municipais\/\" \/>\n<meta property=\"og:site_name\" content=\"UVB Brasil\" \/>\n<meta property=\"article:publisher\" content=\"https:\/\/www.facebook.com\/uvb.vereadoresbrasil\" \/>\n<meta property=\"article:published_time\" content=\"2023-08-07T13:44:15+00:00\" \/>\n<meta property=\"og:image\" content=\"https:\/\/uvbbrasil.com.br\/wp-content\/uploads\/2023\/08\/whatsapp-image-2023-08-03-at-13-57-28-2-1691091453.jpeg\" \/>\n\t<meta property=\"og:image:width\" content=\"1024\" \/>\n\t<meta property=\"og:image:height\" content=\"768\" \/>\n\t<meta property=\"og:image:type\" content=\"image\/jpeg\" \/>\n<meta name=\"author\" content=\"adminuvb\" \/>\n<meta name=\"twitter:card\" content=\"summary_large_image\" \/>\n<meta name=\"twitter:label1\" content=\"Escrito por\" \/>\n\t<meta name=\"twitter:data1\" content=\"adminuvb\" \/>\n\t<meta name=\"twitter:label2\" content=\"Est. tempo de leitura\" \/>\n\t<meta name=\"twitter:data2\" content=\"4 minutos\" \/>\n<script type=\"application\/ld+json\" class=\"yoast-schema-graph\">{\"@context\":\"https:\/\/schema.org\",\"@graph\":[{\"@type\":\"Article\",\"@id\":\"https:\/\/uvbbrasil.com.br\/camara-de-holambra-sp-sedia-encontro-nacional-de-gestores-e-legislativos-municipais\/#article\",\"isPartOf\":{\"@id\":\"https:\/\/uvbbrasil.com.br\/camara-de-holambra-sp-sedia-encontro-nacional-de-gestores-e-legislativos-municipais\/\"},\"author\":{\"name\":\"adminuvb\",\"@id\":\"https:\/\/uvbbrasil.com.br\/#\/schema\/person\/17990098446c098f52effddff4f1b272\"},\"headline\":\"C\u00e2mara de Holambra\/SP sedia Encontro Nacional de Gestores e Legislativos Municipais\",\"datePublished\":\"2023-08-07T13:44:15+00:00\",\"mainEntityOfPage\":{\"@id\":\"https:\/\/uvbbrasil.com.br\/camara-de-holambra-sp-sedia-encontro-nacional-de-gestores-e-legislativos-municipais\/\"},\"wordCount\":568,\"commentCount\":0,\"publisher\":{\"@id\":\"https:\/\/uvbbrasil.com.br\/#organization\"},\"image\":{\"@id\":\"https:\/\/uvbbrasil.com.br\/camara-de-holambra-sp-sedia-encontro-nacional-de-gestores-e-legislativos-municipais\/#primaryimage\"},\"thumbnailUrl\":\"https:\/\/uvbbrasil.com.br\/wp-content\/uploads\/2023\/08\/whatsapp-image-2023-08-03-at-13-57-28-2-1691091453.jpeg\",\"articleSection\":[\"NOT\u00cdCIAS\"],\"inLanguage\":\"pt-BR\",\"potentialAction\":[{\"@type\":\"CommentAction\",\"name\":\"Comment\",\"target\":[\"https:\/\/uvbbrasil.com.br\/camara-de-holambra-sp-sedia-encontro-nacional-de-gestores-e-legislativos-municipais\/#respond\"]}]},{\"@type\":\"WebPage\",\"@id\":\"https:\/\/uvbbrasil.com.br\/camara-de-holambra-sp-sedia-encontro-nacional-de-gestores-e-legislativos-municipais\/\",\"url\":\"https:\/\/uvbbrasil.com.br\/camara-de-holambra-sp-sedia-encontro-nacional-de-gestores-e-legislativos-municipais\/\",\"name\":\"C\u00e2mara de Holambra\/SP sedia Encontro Nacional de Gestores e Legislativos Municipais - UVB Brasil\",\"isPartOf\":{\"@id\":\"https:\/\/uvbbrasil.com.br\/#website\"},\"primaryImageOfPage\":{\"@id\":\"https:\/\/uvbbrasil.com.br\/camara-de-holambra-sp-sedia-encontro-nacional-de-gestores-e-legislativos-municipais\/#primaryimage\"},\"image\":{\"@id\":\"https:\/\/uvbbrasil.com.br\/camara-de-holambra-sp-sedia-encontro-nacional-de-gestores-e-legislativos-municipais\/#primaryimage\"},\"thumbnailUrl\":\"https:\/\/uvbbrasil.com.br\/wp-content\/uploads\/2023\/08\/whatsapp-image-2023-08-03-at-13-57-28-2-1691091453.jpeg\",\"datePublished\":\"2023-08-07T13:44:15+00:00\",\"breadcrumb\":{\"@id\":\"https:\/\/uvbbrasil.com.br\/camara-de-holambra-sp-sedia-encontro-nacional-de-gestores-e-legislativos-municipais\/#breadcrumb\"},\"inLanguage\":\"pt-BR\",\"potentialAction\":[{\"@type\":\"ReadAction\",\"target\":[\"https:\/\/uvbbrasil.com.br\/camara-de-holambra-sp-sedia-encontro-nacional-de-gestores-e-legislativos-municipais\/\"]}]},{\"@type\":\"ImageObject\",\"inLanguage\":\"pt-BR\",\"@id\":\"https:\/\/uvbbrasil.com.br\/camara-de-holambra-sp-sedia-encontro-nacional-de-gestores-e-legislativos-municipais\/#primaryimage\",\"url\":\"https:\/\/uvbbrasil.com.br\/wp-content\/uploads\/2023\/08\/whatsapp-image-2023-08-03-at-13-57-28-2-1691091453.jpeg\",\"contentUrl\":\"https:\/\/uvbbrasil.com.br\/wp-content\/uploads\/2023\/08\/whatsapp-image-2023-08-03-at-13-57-28-2-1691091453.jpeg\",\"width\":1024,\"height\":768},{\"@type\":\"BreadcrumbList\",\"@id\":\"https:\/\/uvbbrasil.com.br\/camara-de-holambra-sp-sedia-encontro-nacional-de-gestores-e-legislativos-municipais\/#breadcrumb\",\"itemListElement\":[{\"@type\":\"ListItem\",\"position\":1,\"name\":\"In\u00edcio\",\"item\":\"https:\/\/uvbbrasil.com.br\/\"},{\"@type\":\"ListItem\",\"position\":2,\"name\":\"C\u00e2mara de Holambra\/SP sedia Encontro Nacional de Gestores e Legislativos Municipais\"}]},{\"@type\":\"WebSite\",\"@id\":\"https:\/\/uvbbrasil.com.br\/#website\",\"url\":\"https:\/\/uvbbrasil.com.br\/\",\"name\":\"UVB Brasil\",\"description\":\"Uni\u00e3o dos Vereadores do Brasil\",\"publisher\":{\"@id\":\"https:\/\/uvbbrasil.com.br\/#organization\"},\"potentialAction\":[{\"@type\":\"SearchAction\",\"target\":{\"@type\":\"EntryPoint\",\"urlTemplate\":\"https:\/\/uvbbrasil.com.br\/?s={search_term_string}\"},\"query-input\":{\"@type\":\"PropertyValueSpecification\",\"valueRequired\":true,\"valueName\":\"search_term_string\"}}],\"inLanguage\":\"pt-BR\"},{\"@type\":\"Organization\",\"@id\":\"https:\/\/uvbbrasil.com.br\/#organization\",\"name\":\"UVB Brasil\",\"url\":\"https:\/\/uvbbrasil.com.br\/\",\"logo\":{\"@type\":\"ImageObject\",\"inLanguage\":\"pt-BR\",\"@id\":\"https:\/\/uvbbrasil.com.br\/#\/schema\/logo\/image\/\",\"url\":\"https:\/\/uvbbrasil.com.br\/wp-content\/uploads\/2025\/01\/LOGO-UVB-2024-azul-1.jpg\",\"contentUrl\":\"https:\/\/uvbbrasil.com.br\/wp-content\/uploads\/2025\/01\/LOGO-UVB-2024-azul-1.jpg\",\"width\":600,\"height\":211,\"caption\":\"UVB Brasil\"},\"image\":{\"@id\":\"https:\/\/uvbbrasil.com.br\/#\/schema\/logo\/image\/\"},\"sameAs\":[\"https:\/\/www.facebook.com\/uvb.vereadoresbrasil\",\"https:\/\/www.instagram.com\/uvbbrasil\/\",\"https:\/\/www.youtube.com\/channel\/UCIlPQ8Xzw5GHNzosQIg9S5A\"]},{\"@type\":\"Person\",\"@id\":\"https:\/\/uvbbrasil.com.br\/#\/schema\/person\/17990098446c098f52effddff4f1b272\",\"name\":\"adminuvb\",\"image\":{\"@type\":\"ImageObject\",\"inLanguage\":\"pt-BR\",\"@id\":\"https:\/\/uvbbrasil.com.br\/#\/schema\/person\/image\/\",\"url\":\"https:\/\/secure.gravatar.com\/avatar\/1a494ea6f8e2dd1ae526e55b0e9497efdba542491e0620d704cccf63c6f77c45?s=96&d=mm&r=g\",\"contentUrl\":\"https:\/\/secure.gravatar.com\/avatar\/1a494ea6f8e2dd1ae526e55b0e9497efdba542491e0620d704cccf63c6f77c45?s=96&d=mm&r=g\",\"caption\":\"adminuvb\"},\"sameAs\":[\"https:\/\/uvbbrasil.com.br\"],\"url\":\"https:\/\/uvbbrasil.com.br\/author\/adminuvb\/\"}]}<\/script>\n<!-- \/ Yoast SEO plugin. -->","yoast_head_json":{"title":"C\u00e2mara de Holambra\/SP sedia Encontro Nacional de Gestores e Legislativos Municipais - UVB Brasil","robots":{"index":"index","follow":"follow","max-snippet":"max-snippet:-1","max-image-preview":"max-image-preview:large","max-video-preview":"max-video-preview:-1"},"canonical":"https:\/\/uvbbrasil.com.br\/camara-de-holambra-sp-sedia-encontro-nacional-de-gestores-e-legislativos-municipais\/","og_locale":"pt_BR","og_type":"article","og_title":"C\u00e2mara de Holambra\/SP sedia Encontro Nacional de Gestores e Legislativos Municipais - UVB Brasil","og_description":"Durante a semana, de 01 a 04 de agosto, a C\u00e2mara Municipal de Holambra sediou pela primeira vez o Encontro...","og_url":"https:\/\/uvbbrasil.com.br\/camara-de-holambra-sp-sedia-encontro-nacional-de-gestores-e-legislativos-municipais\/","og_site_name":"UVB Brasil","article_publisher":"https:\/\/www.facebook.com\/uvb.vereadoresbrasil","article_published_time":"2023-08-07T13:44:15+00:00","og_image":[{"width":1024,"height":768,"url":"https:\/\/uvbbrasil.com.br\/wp-content\/uploads\/2023\/08\/whatsapp-image-2023-08-03-at-13-57-28-2-1691091453.jpeg","type":"image\/jpeg"}],"author":"adminuvb","twitter_card":"summary_large_image","twitter_misc":{"Escrito por":"adminuvb","Est. tempo de leitura":"4 minutos"},"schema":{"@context":"https:\/\/schema.org","@graph":[{"@type":"Article","@id":"https:\/\/uvbbrasil.com.br\/camara-de-holambra-sp-sedia-encontro-nacional-de-gestores-e-legislativos-municipais\/#article","isPartOf":{"@id":"https:\/\/uvbbrasil.com.br\/camara-de-holambra-sp-sedia-encontro-nacional-de-gestores-e-legislativos-municipais\/"},"author":{"name":"adminuvb","@id":"https:\/\/uvbbrasil.com.br\/#\/schema\/person\/17990098446c098f52effddff4f1b272"},"headline":"C\u00e2mara de Holambra\/SP sedia Encontro Nacional de Gestores e Legislativos Municipais","datePublished":"2023-08-07T13:44:15+00:00","mainEntityOfPage":{"@id":"https:\/\/uvbbrasil.com.br\/camara-de-holambra-sp-sedia-encontro-nacional-de-gestores-e-legislativos-municipais\/"},"wordCount":568,"commentCount":0,"publisher":{"@id":"https:\/\/uvbbrasil.com.br\/#organization"},"image":{"@id":"https:\/\/uvbbrasil.com.br\/camara-de-holambra-sp-sedia-encontro-nacional-de-gestores-e-legislativos-municipais\/#primaryimage"},"thumbnailUrl":"https:\/\/uvbbrasil.com.br\/wp-content\/uploads\/2023\/08\/whatsapp-image-2023-08-03-at-13-57-28-2-1691091453.jpeg","articleSection":["NOT\u00cdCIAS"],"inLanguage":"pt-BR","potentialAction":[{"@type":"CommentAction","name":"Comment","target":["https:\/\/uvbbrasil.com.br\/camara-de-holambra-sp-sedia-encontro-nacional-de-gestores-e-legislativos-municipais\/#respond"]}]},{"@type":"WebPage","@id":"https:\/\/uvbbrasil.com.br\/camara-de-holambra-sp-sedia-encontro-nacional-de-gestores-e-legislativos-municipais\/","url":"https:\/\/uvbbrasil.com.br\/camara-de-holambra-sp-sedia-encontro-nacional-de-gestores-e-legislativos-municipais\/","name":"C\u00e2mara de Holambra\/SP sedia Encontro Nacional de Gestores e Legislativos Municipais - UVB Brasil","isPartOf":{"@id":"https:\/\/uvbbrasil.com.br\/#website"},"primaryImageOfPage":{"@id":"https:\/\/uvbbrasil.com.br\/camara-de-holambra-sp-sedia-encontro-nacional-de-gestores-e-legislativos-municipais\/#primaryimage"},"image":{"@id":"https:\/\/uvbbrasil.com.br\/camara-de-holambra-sp-sedia-encontro-nacional-de-gestores-e-legislativos-municipais\/#primaryimage"},"thumbnailUrl":"https:\/\/uvbbrasil.com.br\/wp-content\/uploads\/2023\/08\/whatsapp-image-2023-08-03-at-13-57-28-2-1691091453.jpeg","datePublished":"2023-08-07T13:44:15+00:00","breadcrumb":{"@id":"https:\/\/uvbbrasil.com.br\/camara-de-holambra-sp-sedia-encontro-nacional-de-gestores-e-legislativos-municipais\/#breadcrumb"},"inLanguage":"pt-BR","potentialAction":[{"@type":"ReadAction","target":["https:\/\/uvbbrasil.com.br\/camara-de-holambra-sp-sedia-encontro-nacional-de-gestores-e-legislativos-municipais\/"]}]},{"@type":"ImageObject","inLanguage":"pt-BR","@id":"https:\/\/uvbbrasil.com.br\/camara-de-holambra-sp-sedia-encontro-nacional-de-gestores-e-legislativos-municipais\/#primaryimage","url":"https:\/\/uvbbrasil.com.br\/wp-content\/uploads\/2023\/08\/whatsapp-image-2023-08-03-at-13-57-28-2-1691091453.jpeg","contentUrl":"https:\/\/uvbbrasil.com.br\/wp-content\/uploads\/2023\/08\/whatsapp-image-2023-08-03-at-13-57-28-2-1691091453.jpeg","width":1024,"height":768},{"@type":"BreadcrumbList","@id":"https:\/\/uvbbrasil.com.br\/camara-de-holambra-sp-sedia-encontro-nacional-de-gestores-e-legislativos-municipais\/#breadcrumb","itemListElement":[{"@type":"ListItem","position":1,"name":"In\u00edcio","item":"https:\/\/uvbbrasil.com.br\/"},{"@type":"ListItem","position":2,"name":"C\u00e2mara de Holambra\/SP sedia Encontro Nacional de Gestores e Legislativos Municipais"}]},{"@type":"WebSite","@id":"https:\/\/uvbbrasil.com.br\/#website","url":"https:\/\/uvbbrasil.com.br\/","name":"UVB Brasil","description":"Uni\u00e3o dos Vereadores do Brasil","publisher":{"@id":"https:\/\/uvbbrasil.com.br\/#organization"},"potentialAction":[{"@type":"SearchAction","target":{"@type":"EntryPoint","urlTemplate":"https:\/\/uvbbrasil.com.br\/?s={search_term_string}"},"query-input":{"@type":"PropertyValueSpecification","valueRequired":true,"valueName":"search_term_string"}}],"inLanguage":"pt-BR"},{"@type":"Organization","@id":"https:\/\/uvbbrasil.com.br\/#organization","name":"UVB Brasil","url":"https:\/\/uvbbrasil.com.br\/","logo":{"@type":"ImageObject","inLanguage":"pt-BR","@id":"https:\/\/uvbbrasil.com.br\/#\/schema\/logo\/image\/","url":"https:\/\/uvbbrasil.com.br\/wp-content\/uploads\/2025\/01\/LOGO-UVB-2024-azul-1.jpg","contentUrl":"https:\/\/uvbbrasil.com.br\/wp-content\/uploads\/2025\/01\/LOGO-UVB-2024-azul-1.jpg","width":600,"height":211,"caption":"UVB Brasil"},"image":{"@id":"https:\/\/uvbbrasil.com.br\/#\/schema\/logo\/image\/"},"sameAs":["https:\/\/www.facebook.com\/uvb.vereadoresbrasil","https:\/\/www.instagram.com\/uvbbrasil\/","https:\/\/www.youtube.com\/channel\/UCIlPQ8Xzw5GHNzosQIg9S5A"]},{"@type":"Person","@id":"https:\/\/uvbbrasil.com.br\/#\/schema\/person\/17990098446c098f52effddff4f1b272","name":"adminuvb","image":{"@type":"ImageObject","inLanguage":"pt-BR","@id":"https:\/\/uvbbrasil.com.br\/#\/schema\/person\/image\/","url":"https:\/\/secure.gravatar.com\/avatar\/1a494ea6f8e2dd1ae526e55b0e9497efdba542491e0620d704cccf63c6f77c45?s=96&d=mm&r=g","contentUrl":"https:\/\/secure.gravatar.com\/avatar\/1a494ea6f8e2dd1ae526e55b0e9497efdba542491e0620d704cccf63c6f77c45?s=96&d=mm&r=g","caption":"adminuvb"},"sameAs":["https:\/\/uvbbrasil.com.br"],"url":"https:\/\/uvbbrasil.com.br\/author\/adminuvb\/"}]}},"_links":{"self":[{"href":"https:\/\/uvbbrasil.com.br\/uvb-json\/wp\/v2\/posts\/30939","targetHints":{"allow":["GET"]}}],"collection":[{"href":"https:\/\/uvbbrasil.com.br\/uvb-json\/wp\/v2\/posts"}],"about":[{"href":"https:\/\/uvbbrasil.com.br\/uvb-json\/wp\/v2\/types\/post"}],"author":[{"embeddable":true,"href":"https:\/\/uvbbrasil.com.br\/uvb-json\/wp\/v2\/users\/1"}],"replies":[{"embeddable":true,"href":"https:\/\/uvbbrasil.com.br\/uvb-json\/wp\/v2\/comments?post=30939"}],"version-history":[{"count":0,"href":"https:\/\/uvbbrasil.com.br\/uvb-json\/wp\/v2\/posts\/30939\/revisions"}],"wp:featuredmedia":[{"embeddable":true,"href":"https:\/\/uvbbrasil.com.br\/uvb-json\/wp\/v2\/media\/30940"}],"wp:attachment":[{"href":"https:\/\/uvbbrasil.com.br\/uvb-json\/wp\/v2\/media?parent=30939"}],"wp:term":[{"taxonomy":"category","embeddable":true,"href":"https:\/\/uvbbrasil.com.br\/uvb-json\/wp\/v2\/categories?post=30939"},{"taxonomy":"post_tag","embeddable":true,"href":"https:\/\/uvbbrasil.com.br\/uvb-json\/wp\/v2\/tags?post=30939"}],"curies":[{"name":"wp","href":"https:\/\/api.w.org\/{rel}","templated":true}]}}