{"id":30936,"date":"2023-08-07T10:37:35","date_gmt":"2023-08-07T13:37:35","guid":{"rendered":"https:\/\/wpsandbox4.pante.com.br\/?p=30936"},"modified":"2023-08-07T10:37:35","modified_gmt":"2023-08-07T13:37:35","slug":"irai-rs-camara-autoriza-abertura-de-credito-adicional","status":"publish","type":"post","link":"https:\/\/uvbbrasil.com.br\/irai-rs-camara-autoriza-abertura-de-credito-adicional\/","title":{"rendered":"Ira\u00ed\/RS- C\u00e2mara autoriza abertura de cr\u00e9dito adicional"},"content":{"rendered":"<div class=\"xdj266r x11i5rnm xat24cr x1mh8g0r x1vvkbs x126k92a\">\n<div dir=\"auto\"><\/div>\n<div dir=\"auto\">O Plen\u00e1rio do Poder Legislativo discutiu e aprovou por unanimidade o Projeto de Lei N\u00b0 043\/2022, que autoriza a Administra\u00e7\u00e3o Municipal a abrir cr\u00e9dito adicional especial no valor de R$ 216.055,38.<\/div>\n<\/div>\n<div class=\"x11i5rnm xat24cr x1mh8g0r x1vvkbs xtlvy1s x126k92a\">\n<div dir=\"auto\">De acordo com a Administra\u00e7\u00e3o a abertura de cr\u00e9dito no valor de R$ 70 mil, objetiva aquisi\u00e7\u00e3o de um ve\u00edculo zero quil\u00f4metro para a secret\u00e1ria de Assist\u00eancia Social, recurso este decorrente de repasse da Secretaria de Assist\u00eancia Social do Estado do Rio Grande do Sul, atrav\u00e9s de emenda parlamentar do deputado Estadual Marcus Vin\u00edcius Vieira de Almeida, que atendeu o pedido do presidente da C\u00e2mara, Paulo Martins e do vereador Jair Barros.<\/div>\n<\/div>\n<div class=\"x11i5rnm xat24cr x1mh8g0r x1vvkbs xtlvy1s x126k92a\">\n<div dir=\"auto\">J\u00e1 a abertura de cr\u00e9dito adicional no valor de R$ 146.055,38, objetiva a aquisi\u00e7\u00e3o de mobili\u00e1rios e equipamentos para uso na Escola Municipal de Educa\u00e7\u00e3o Infantil Crian\u00e7a Feliz. O valor para aquisi\u00e7\u00e3o do material \u00e9 decorrente do repasse do Fundo Nacional Desenvolvimento da Educa\u00e7\u00e3o (FNDE).<\/div>\n<div dir=\"auto\"><img fetchpriority=\"high\" decoding=\"async\" class=\"alignnone size-medium wp-image-30937\" src=\"https:\/\/uvbbrasil.com.br\/wp-content\/uploads\/2023\/08\/364074346_2852847761512508_8505570753741986984_n-300x200.jpg\" alt=\"\" width=\"300\" height=\"200\" srcset=\"https:\/\/uvbbrasil.com.br\/wp-content\/uploads\/2023\/08\/364074346_2852847761512508_8505570753741986984_n-300x200.jpg 300w, https:\/\/uvbbrasil.com.br\/wp-content\/uploads\/2023\/08\/364074346_2852847761512508_8505570753741986984_n-1024x683.jpg 1024w, https:\/\/uvbbrasil.com.br\/wp-content\/uploads\/2023\/08\/364074346_2852847761512508_8505570753741986984_n-768x512.jpg 768w, https:\/\/uvbbrasil.com.br\/wp-content\/uploads\/2023\/08\/364074346_2852847761512508_8505570753741986984_n-1536x1024.jpg 1536w, https:\/\/uvbbrasil.com.br\/wp-content\/uploads\/2023\/08\/364074346_2852847761512508_8505570753741986984_n.jpg 2048w\" sizes=\"(max-width: 300px) 100vw, 300px\" \/><\/div>\n<\/div>\n","protected":false},"excerpt":{"rendered":"<p>O Plen\u00e1rio do Poder Legislativo discutiu e aprovou por unanimidade o Projeto de Lei N\u00b0 043\/2022, que autoriza a Administra\u00e7\u00e3o&#8230;<\/p>\n","protected":false},"author":1,"featured_media":30937,"comment_status":"open","ping_status":"open","sticky":false,"template":"","format":"standard","meta":{"footnotes":""},"categories":[3],"tags":[],"class_list":["post-30936","post","type-post","status-publish","format-standard","has-post-thumbnail","hentry","category-noticias"],"yoast_head":"<!-- This site is optimized with the Yoast SEO plugin v26.7 - https:\/\/yoast.com\/wordpress\/plugins\/seo\/ -->\n<title>Ira\u00ed\/RS- C\u00e2mara autoriza abertura de cr\u00e9dito adicional - UVB Brasil<\/title>\n<meta name=\"robots\" content=\"index, follow, max-snippet:-1, max-image-preview:large, max-video-preview:-1\" \/>\n<link rel=\"canonical\" href=\"https:\/\/uvbbrasil.com.br\/irai-rs-camara-autoriza-abertura-de-credito-adicional\/\" \/>\n<meta property=\"og:locale\" content=\"pt_BR\" \/>\n<meta property=\"og:type\" content=\"article\" \/>\n<meta property=\"og:title\" content=\"Ira\u00ed\/RS- C\u00e2mara autoriza abertura de cr\u00e9dito adicional - UVB Brasil\" \/>\n<meta property=\"og:description\" content=\"O Plen\u00e1rio do Poder Legislativo discutiu e aprovou por unanimidade o Projeto de Lei N\u00b0 043\/2022, que autoriza a Administra\u00e7\u00e3o...\" \/>\n<meta property=\"og:url\" content=\"https:\/\/uvbbrasil.com.br\/irai-rs-camara-autoriza-abertura-de-credito-adicional\/\" \/>\n<meta property=\"og:site_name\" content=\"UVB Brasil\" \/>\n<meta property=\"article:publisher\" content=\"https:\/\/www.facebook.com\/uvb.vereadoresbrasil\" \/>\n<meta property=\"article:published_time\" content=\"2023-08-07T13:37:35+00:00\" \/>\n<meta property=\"og:image\" content=\"https:\/\/uvbbrasil.com.br\/wp-content\/uploads\/2023\/08\/364074346_2852847761512508_8505570753741986984_n.jpg\" \/>\n\t<meta property=\"og:image:width\" content=\"2048\" \/>\n\t<meta property=\"og:image:height\" content=\"1365\" \/>\n\t<meta property=\"og:image:type\" content=\"image\/jpeg\" \/>\n<meta name=\"author\" content=\"adminuvb\" \/>\n<meta name=\"twitter:card\" content=\"summary_large_image\" \/>\n<meta name=\"twitter:label1\" content=\"Escrito por\" \/>\n\t<meta name=\"twitter:data1\" content=\"adminuvb\" \/>\n\t<meta name=\"twitter:label2\" content=\"Est. tempo de leitura\" \/>\n\t<meta name=\"twitter:data2\" content=\"1 minuto\" \/>\n<script type=\"application\/ld+json\" class=\"yoast-schema-graph\">{\"@context\":\"https:\/\/schema.org\",\"@graph\":[{\"@type\":\"Article\",\"@id\":\"https:\/\/uvbbrasil.com.br\/irai-rs-camara-autoriza-abertura-de-credito-adicional\/#article\",\"isPartOf\":{\"@id\":\"https:\/\/uvbbrasil.com.br\/irai-rs-camara-autoriza-abertura-de-credito-adicional\/\"},\"author\":{\"name\":\"adminuvb\",\"@id\":\"https:\/\/uvbbrasil.com.br\/#\/schema\/person\/17990098446c098f52effddff4f1b272\"},\"headline\":\"Ira\u00ed\/RS- C\u00e2mara autoriza abertura de cr\u00e9dito adicional\",\"datePublished\":\"2023-08-07T13:37:35+00:00\",\"mainEntityOfPage\":{\"@id\":\"https:\/\/uvbbrasil.com.br\/irai-rs-camara-autoriza-abertura-de-credito-adicional\/\"},\"wordCount\":174,\"commentCount\":0,\"publisher\":{\"@id\":\"https:\/\/uvbbrasil.com.br\/#organization\"},\"image\":{\"@id\":\"https:\/\/uvbbrasil.com.br\/irai-rs-camara-autoriza-abertura-de-credito-adicional\/#primaryimage\"},\"thumbnailUrl\":\"https:\/\/uvbbrasil.com.br\/wp-content\/uploads\/2023\/08\/364074346_2852847761512508_8505570753741986984_n.jpg\",\"articleSection\":[\"NOT\u00cdCIAS\"],\"inLanguage\":\"pt-BR\",\"potentialAction\":[{\"@type\":\"CommentAction\",\"name\":\"Comment\",\"target\":[\"https:\/\/uvbbrasil.com.br\/irai-rs-camara-autoriza-abertura-de-credito-adicional\/#respond\"]}]},{\"@type\":\"WebPage\",\"@id\":\"https:\/\/uvbbrasil.com.br\/irai-rs-camara-autoriza-abertura-de-credito-adicional\/\",\"url\":\"https:\/\/uvbbrasil.com.br\/irai-rs-camara-autoriza-abertura-de-credito-adicional\/\",\"name\":\"Ira\u00ed\/RS- C\u00e2mara autoriza abertura de cr\u00e9dito adicional - UVB Brasil\",\"isPartOf\":{\"@id\":\"https:\/\/uvbbrasil.com.br\/#website\"},\"primaryImageOfPage\":{\"@id\":\"https:\/\/uvbbrasil.com.br\/irai-rs-camara-autoriza-abertura-de-credito-adicional\/#primaryimage\"},\"image\":{\"@id\":\"https:\/\/uvbbrasil.com.br\/irai-rs-camara-autoriza-abertura-de-credito-adicional\/#primaryimage\"},\"thumbnailUrl\":\"https:\/\/uvbbrasil.com.br\/wp-content\/uploads\/2023\/08\/364074346_2852847761512508_8505570753741986984_n.jpg\",\"datePublished\":\"2023-08-07T13:37:35+00:00\",\"breadcrumb\":{\"@id\":\"https:\/\/uvbbrasil.com.br\/irai-rs-camara-autoriza-abertura-de-credito-adicional\/#breadcrumb\"},\"inLanguage\":\"pt-BR\",\"potentialAction\":[{\"@type\":\"ReadAction\",\"target\":[\"https:\/\/uvbbrasil.com.br\/irai-rs-camara-autoriza-abertura-de-credito-adicional\/\"]}]},{\"@type\":\"ImageObject\",\"inLanguage\":\"pt-BR\",\"@id\":\"https:\/\/uvbbrasil.com.br\/irai-rs-camara-autoriza-abertura-de-credito-adicional\/#primaryimage\",\"url\":\"https:\/\/uvbbrasil.com.br\/wp-content\/uploads\/2023\/08\/364074346_2852847761512508_8505570753741986984_n.jpg\",\"contentUrl\":\"https:\/\/uvbbrasil.com.br\/wp-content\/uploads\/2023\/08\/364074346_2852847761512508_8505570753741986984_n.jpg\",\"width\":2048,\"height\":1365},{\"@type\":\"BreadcrumbList\",\"@id\":\"https:\/\/uvbbrasil.com.br\/irai-rs-camara-autoriza-abertura-de-credito-adicional\/#breadcrumb\",\"itemListElement\":[{\"@type\":\"ListItem\",\"position\":1,\"name\":\"In\u00edcio\",\"item\":\"https:\/\/uvbbrasil.com.br\/\"},{\"@type\":\"ListItem\",\"position\":2,\"name\":\"Ira\u00ed\/RS- C\u00e2mara autoriza abertura de cr\u00e9dito adicional\"}]},{\"@type\":\"WebSite\",\"@id\":\"https:\/\/uvbbrasil.com.br\/#website\",\"url\":\"https:\/\/uvbbrasil.com.br\/\",\"name\":\"UVB Brasil\",\"description\":\"Uni\u00e3o dos Vereadores do Brasil\",\"publisher\":{\"@id\":\"https:\/\/uvbbrasil.com.br\/#organization\"},\"potentialAction\":[{\"@type\":\"SearchAction\",\"target\":{\"@type\":\"EntryPoint\",\"urlTemplate\":\"https:\/\/uvbbrasil.com.br\/?s={search_term_string}\"},\"query-input\":{\"@type\":\"PropertyValueSpecification\",\"valueRequired\":true,\"valueName\":\"search_term_string\"}}],\"inLanguage\":\"pt-BR\"},{\"@type\":\"Organization\",\"@id\":\"https:\/\/uvbbrasil.com.br\/#organization\",\"name\":\"UVB Brasil\",\"url\":\"https:\/\/uvbbrasil.com.br\/\",\"logo\":{\"@type\":\"ImageObject\",\"inLanguage\":\"pt-BR\",\"@id\":\"https:\/\/uvbbrasil.com.br\/#\/schema\/logo\/image\/\",\"url\":\"https:\/\/uvbbrasil.com.br\/wp-content\/uploads\/2025\/01\/LOGO-UVB-2024-azul-1.jpg\",\"contentUrl\":\"https:\/\/uvbbrasil.com.br\/wp-content\/uploads\/2025\/01\/LOGO-UVB-2024-azul-1.jpg\",\"width\":600,\"height\":211,\"caption\":\"UVB Brasil\"},\"image\":{\"@id\":\"https:\/\/uvbbrasil.com.br\/#\/schema\/logo\/image\/\"},\"sameAs\":[\"https:\/\/www.facebook.com\/uvb.vereadoresbrasil\",\"https:\/\/www.instagram.com\/uvbbrasil\/\",\"https:\/\/www.youtube.com\/channel\/UCIlPQ8Xzw5GHNzosQIg9S5A\"]},{\"@type\":\"Person\",\"@id\":\"https:\/\/uvbbrasil.com.br\/#\/schema\/person\/17990098446c098f52effddff4f1b272\",\"name\":\"adminuvb\",\"image\":{\"@type\":\"ImageObject\",\"inLanguage\":\"pt-BR\",\"@id\":\"https:\/\/uvbbrasil.com.br\/#\/schema\/person\/image\/\",\"url\":\"https:\/\/secure.gravatar.com\/avatar\/1a494ea6f8e2dd1ae526e55b0e9497efdba542491e0620d704cccf63c6f77c45?s=96&d=mm&r=g\",\"contentUrl\":\"https:\/\/secure.gravatar.com\/avatar\/1a494ea6f8e2dd1ae526e55b0e9497efdba542491e0620d704cccf63c6f77c45?s=96&d=mm&r=g\",\"caption\":\"adminuvb\"},\"sameAs\":[\"https:\/\/uvbbrasil.com.br\"],\"url\":\"https:\/\/uvbbrasil.com.br\/author\/adminuvb\/\"}]}<\/script>\n<!-- \/ Yoast SEO plugin. -->","yoast_head_json":{"title":"Ira\u00ed\/RS- C\u00e2mara autoriza abertura de cr\u00e9dito adicional - UVB Brasil","robots":{"index":"index","follow":"follow","max-snippet":"max-snippet:-1","max-image-preview":"max-image-preview:large","max-video-preview":"max-video-preview:-1"},"canonical":"https:\/\/uvbbrasil.com.br\/irai-rs-camara-autoriza-abertura-de-credito-adicional\/","og_locale":"pt_BR","og_type":"article","og_title":"Ira\u00ed\/RS- C\u00e2mara autoriza abertura de cr\u00e9dito adicional - UVB Brasil","og_description":"O Plen\u00e1rio do Poder Legislativo discutiu e aprovou por unanimidade o Projeto de Lei N\u00b0 043\/2022, que autoriza a Administra\u00e7\u00e3o...","og_url":"https:\/\/uvbbrasil.com.br\/irai-rs-camara-autoriza-abertura-de-credito-adicional\/","og_site_name":"UVB Brasil","article_publisher":"https:\/\/www.facebook.com\/uvb.vereadoresbrasil","article_published_time":"2023-08-07T13:37:35+00:00","og_image":[{"width":2048,"height":1365,"url":"https:\/\/uvbbrasil.com.br\/wp-content\/uploads\/2023\/08\/364074346_2852847761512508_8505570753741986984_n.jpg","type":"image\/jpeg"}],"author":"adminuvb","twitter_card":"summary_large_image","twitter_misc":{"Escrito por":"adminuvb","Est. tempo de leitura":"1 minuto"},"schema":{"@context":"https:\/\/schema.org","@graph":[{"@type":"Article","@id":"https:\/\/uvbbrasil.com.br\/irai-rs-camara-autoriza-abertura-de-credito-adicional\/#article","isPartOf":{"@id":"https:\/\/uvbbrasil.com.br\/irai-rs-camara-autoriza-abertura-de-credito-adicional\/"},"author":{"name":"adminuvb","@id":"https:\/\/uvbbrasil.com.br\/#\/schema\/person\/17990098446c098f52effddff4f1b272"},"headline":"Ira\u00ed\/RS- C\u00e2mara autoriza abertura de cr\u00e9dito adicional","datePublished":"2023-08-07T13:37:35+00:00","mainEntityOfPage":{"@id":"https:\/\/uvbbrasil.com.br\/irai-rs-camara-autoriza-abertura-de-credito-adicional\/"},"wordCount":174,"commentCount":0,"publisher":{"@id":"https:\/\/uvbbrasil.com.br\/#organization"},"image":{"@id":"https:\/\/uvbbrasil.com.br\/irai-rs-camara-autoriza-abertura-de-credito-adicional\/#primaryimage"},"thumbnailUrl":"https:\/\/uvbbrasil.com.br\/wp-content\/uploads\/2023\/08\/364074346_2852847761512508_8505570753741986984_n.jpg","articleSection":["NOT\u00cdCIAS"],"inLanguage":"pt-BR","potentialAction":[{"@type":"CommentAction","name":"Comment","target":["https:\/\/uvbbrasil.com.br\/irai-rs-camara-autoriza-abertura-de-credito-adicional\/#respond"]}]},{"@type":"WebPage","@id":"https:\/\/uvbbrasil.com.br\/irai-rs-camara-autoriza-abertura-de-credito-adicional\/","url":"https:\/\/uvbbrasil.com.br\/irai-rs-camara-autoriza-abertura-de-credito-adicional\/","name":"Ira\u00ed\/RS- C\u00e2mara autoriza abertura de cr\u00e9dito adicional - UVB Brasil","isPartOf":{"@id":"https:\/\/uvbbrasil.com.br\/#website"},"primaryImageOfPage":{"@id":"https:\/\/uvbbrasil.com.br\/irai-rs-camara-autoriza-abertura-de-credito-adicional\/#primaryimage"},"image":{"@id":"https:\/\/uvbbrasil.com.br\/irai-rs-camara-autoriza-abertura-de-credito-adicional\/#primaryimage"},"thumbnailUrl":"https:\/\/uvbbrasil.com.br\/wp-content\/uploads\/2023\/08\/364074346_2852847761512508_8505570753741986984_n.jpg","datePublished":"2023-08-07T13:37:35+00:00","breadcrumb":{"@id":"https:\/\/uvbbrasil.com.br\/irai-rs-camara-autoriza-abertura-de-credito-adicional\/#breadcrumb"},"inLanguage":"pt-BR","potentialAction":[{"@type":"ReadAction","target":["https:\/\/uvbbrasil.com.br\/irai-rs-camara-autoriza-abertura-de-credito-adicional\/"]}]},{"@type":"ImageObject","inLanguage":"pt-BR","@id":"https:\/\/uvbbrasil.com.br\/irai-rs-camara-autoriza-abertura-de-credito-adicional\/#primaryimage","url":"https:\/\/uvbbrasil.com.br\/wp-content\/uploads\/2023\/08\/364074346_2852847761512508_8505570753741986984_n.jpg","contentUrl":"https:\/\/uvbbrasil.com.br\/wp-content\/uploads\/2023\/08\/364074346_2852847761512508_8505570753741986984_n.jpg","width":2048,"height":1365},{"@type":"BreadcrumbList","@id":"https:\/\/uvbbrasil.com.br\/irai-rs-camara-autoriza-abertura-de-credito-adicional\/#breadcrumb","itemListElement":[{"@type":"ListItem","position":1,"name":"In\u00edcio","item":"https:\/\/uvbbrasil.com.br\/"},{"@type":"ListItem","position":2,"name":"Ira\u00ed\/RS- C\u00e2mara autoriza abertura de cr\u00e9dito adicional"}]},{"@type":"WebSite","@id":"https:\/\/uvbbrasil.com.br\/#website","url":"https:\/\/uvbbrasil.com.br\/","name":"UVB Brasil","description":"Uni\u00e3o dos Vereadores do Brasil","publisher":{"@id":"https:\/\/uvbbrasil.com.br\/#organization"},"potentialAction":[{"@type":"SearchAction","target":{"@type":"EntryPoint","urlTemplate":"https:\/\/uvbbrasil.com.br\/?s={search_term_string}"},"query-input":{"@type":"PropertyValueSpecification","valueRequired":true,"valueName":"search_term_string"}}],"inLanguage":"pt-BR"},{"@type":"Organization","@id":"https:\/\/uvbbrasil.com.br\/#organization","name":"UVB Brasil","url":"https:\/\/uvbbrasil.com.br\/","logo":{"@type":"ImageObject","inLanguage":"pt-BR","@id":"https:\/\/uvbbrasil.com.br\/#\/schema\/logo\/image\/","url":"https:\/\/uvbbrasil.com.br\/wp-content\/uploads\/2025\/01\/LOGO-UVB-2024-azul-1.jpg","contentUrl":"https:\/\/uvbbrasil.com.br\/wp-content\/uploads\/2025\/01\/LOGO-UVB-2024-azul-1.jpg","width":600,"height":211,"caption":"UVB Brasil"},"image":{"@id":"https:\/\/uvbbrasil.com.br\/#\/schema\/logo\/image\/"},"sameAs":["https:\/\/www.facebook.com\/uvb.vereadoresbrasil","https:\/\/www.instagram.com\/uvbbrasil\/","https:\/\/www.youtube.com\/channel\/UCIlPQ8Xzw5GHNzosQIg9S5A"]},{"@type":"Person","@id":"https:\/\/uvbbrasil.com.br\/#\/schema\/person\/17990098446c098f52effddff4f1b272","name":"adminuvb","image":{"@type":"ImageObject","inLanguage":"pt-BR","@id":"https:\/\/uvbbrasil.com.br\/#\/schema\/person\/image\/","url":"https:\/\/secure.gravatar.com\/avatar\/1a494ea6f8e2dd1ae526e55b0e9497efdba542491e0620d704cccf63c6f77c45?s=96&d=mm&r=g","contentUrl":"https:\/\/secure.gravatar.com\/avatar\/1a494ea6f8e2dd1ae526e55b0e9497efdba542491e0620d704cccf63c6f77c45?s=96&d=mm&r=g","caption":"adminuvb"},"sameAs":["https:\/\/uvbbrasil.com.br"],"url":"https:\/\/uvbbrasil.com.br\/author\/adminuvb\/"}]}},"_links":{"self":[{"href":"https:\/\/uvbbrasil.com.br\/uvb-json\/wp\/v2\/posts\/30936","targetHints":{"allow":["GET"]}}],"collection":[{"href":"https:\/\/uvbbrasil.com.br\/uvb-json\/wp\/v2\/posts"}],"about":[{"href":"https:\/\/uvbbrasil.com.br\/uvb-json\/wp\/v2\/types\/post"}],"author":[{"embeddable":true,"href":"https:\/\/uvbbrasil.com.br\/uvb-json\/wp\/v2\/users\/1"}],"replies":[{"embeddable":true,"href":"https:\/\/uvbbrasil.com.br\/uvb-json\/wp\/v2\/comments?post=30936"}],"version-history":[{"count":0,"href":"https:\/\/uvbbrasil.com.br\/uvb-json\/wp\/v2\/posts\/30936\/revisions"}],"wp:featuredmedia":[{"embeddable":true,"href":"https:\/\/uvbbrasil.com.br\/uvb-json\/wp\/v2\/media\/30937"}],"wp:attachment":[{"href":"https:\/\/uvbbrasil.com.br\/uvb-json\/wp\/v2\/media?parent=30936"}],"wp:term":[{"taxonomy":"category","embeddable":true,"href":"https:\/\/uvbbrasil.com.br\/uvb-json\/wp\/v2\/categories?post=30936"},{"taxonomy":"post_tag","embeddable":true,"href":"https:\/\/uvbbrasil.com.br\/uvb-json\/wp\/v2\/tags?post=30936"}],"curies":[{"name":"wp","href":"https:\/\/api.w.org\/{rel}","templated":true}]}}