{"id":30623,"date":"2023-07-15T06:00:40","date_gmt":"2023-07-15T09:00:40","guid":{"rendered":"https:\/\/wpsandbox4.pante.com.br\/?p=30623"},"modified":"2023-07-15T06:00:40","modified_gmt":"2023-07-15T09:00:40","slug":"camara-de-chapadao-do-sul-ms-finaliza-a-primeira-etapa-do-projeto-camara-vai-a-escola","status":"publish","type":"post","link":"https:\/\/uvbbrasil.com.br\/camara-de-chapadao-do-sul-ms-finaliza-a-primeira-etapa-do-projeto-camara-vai-a-escola\/","title":{"rendered":"C\u00e2mara de Chapad\u00e3o do Sul\/MS, finaliza a primeira etapa do projeto &#8221;C\u00e2mara vai a Escola&#8221;"},"content":{"rendered":"<p class=\"titulo\">\n<div class=\"row\">\n<div class=\"col-12\">\n<p dir=\"ltr\">A C\u00e2mara Municipal de Chapad\u00e3o do Sul realizou duas sess\u00f5es ordin\u00e1rias, antes do recesso parlamentar, que ser\u00e1 entre os dias 18 e 31 de julho. Entre vota\u00e7\u00f5es, apresenta\u00e7\u00e3o de indica\u00e7\u00f5es e requerimentos, alunos de tr\u00eas escolas do munic\u00edpio discursaram no Plen\u00e1rio da C\u00e2mara, no espa\u00e7o reservado ao projeto \u201cC\u00e2mara Vai \u00e0 Escola\u201d.<\/p>\n<p dir=\"ltr\">Na sess\u00e3o n\u00aa 1422, que aconteceu \u00e0s 9h, o aluno \u00cdtalo Vin\u00edcius da Silva representou o Centro Estadual de Educa\u00e7\u00e3o Profissional Arlindo Neckel, e apresentou as solicita\u00e7\u00f5es da comunidade escolar. O estudante explicou que \u00e9 necess\u00e1rio a disponibiliza\u00e7\u00e3o de um vigia na portaria da institui\u00e7\u00e3o para que alunos e funcion\u00e1rios tenham mais seguran\u00e7a, enquanto estiverem na escola. A institui\u00e7\u00e3o \u00e9 uma escola t\u00e9cnica e oferece cursos profissionalizantes, os alunos viajam constantemente e, por esse motivo, \u00e9 necess\u00e1rio que a escola tenha um meio de locomo\u00e7\u00e3o garantido.<\/p>\n<p dir=\"ltr\">\u00cdtalo frisou que, a institui\u00e7\u00e3o funciona h\u00e1 tr\u00eas anos e disponibiliza cursos nas \u00e1reas de inform\u00e1tica e administra\u00e7\u00e3o. Para que os estudantes cheguem no hor\u00e1rio correto para assistirem a todas as aulas, \u00e9 necess\u00e1ria uma adequa\u00e7\u00e3o de hor\u00e1rios e disponibilidade de linhas do transporte coletivo.<\/p>\n<p dir=\"ltr\">Na sess\u00e3o n\u00ba1423, realizada \u00e0s 19h, representantes das Escolas Augusto Krug Netto e Escola Estadual Jorge Amado, encerrando assim, a primeira etapa do projeto \u201cC\u00e2mara Vai \u00e0 Escola\u201d, que continuar\u00e1 na volta do recesso parlamentar, em agosto. An\u00edsio Silveira Silva Correia Junior, da Escola Augusto Krug Netto, foi o primeiro a ocupar a tribuna e solicitou que sejam feitas campanhas de conscientiza\u00e7\u00e3o e seguran\u00e7a no tr\u00e2nsito, direcionada principalmente aos estudantes, sobre a utiliza\u00e7\u00e3o correta das bicicletas, tendo em vista a quantidade de acidentes envolvendo-as.<\/p>\n<p dir=\"ltr\">O aluno tamb\u00e9m mencionou a import\u00e2ncia de adapta\u00e7\u00f5es nas cal\u00e7adas para garantir mobilidade aos cadeirantes e outras comunidades com acessibilidade limitada. An\u00edsio finalizou pedindo prioridade para a constru\u00e7\u00e3o de postos de sa\u00fade, al\u00e9m de uma UPA (Unidade de Pronto Atendimento) para desafogar o Hospital Municipal, e manuten\u00e7\u00e3o em diversas \u00e1reas como em quadras esportivas, coloca\u00e7\u00e3o de lixeiras e coberturas em pontos de \u00f4nibus e maior disponibilidade de pontos e linhas de \u00f4nibus que atendam \u00e0 popula\u00e7\u00e3o em diversos hor\u00e1rios, vesti\u00e1rio nas quadras das escolas e computador<\/p>\n<p>Danilo Gon\u00e7alves, tamb\u00e9m representou a Escola Arlindo Neckel. O estudante acredita que v\u00e1rias mudan\u00e7as s\u00e3o necess\u00e1rias para melhorar a vida dos moradores de Chapad\u00e3o do Sul, transformando a cidade em um lugar mais acolhedor e seguro a todos. A demanda apresentada pelo aluno, foi referente a ilumina\u00e7\u00e3o, principalmente no entorno das escolas. A falta de ilumina\u00e7\u00e3o adequada, prejudica alunos e professores do per\u00edodo noturno, trazendo sensa\u00e7\u00e3o de inseguran\u00e7a. Danilo finalizou sua participa\u00e7\u00e3o, destacando o espa\u00e7o e o ensino oferecido pela escola e pediu apoio da prefeitura, c\u00e2mara de vereadores e imprensa local, na divulga\u00e7\u00e3o. Pois a qualifica\u00e7\u00e3o profissional \u00e9 essencial na forma\u00e7\u00e3o do cidad\u00e3o.<\/p>\n<p dir=\"ltr\">Maria Beatriz Ramires da Costa, aluna do per\u00edodo noturno da Escola Estadual Jorge Amado pediu aten\u00e7\u00e3o para os cuidados sociais, como a sa\u00fade mental de pais, alunos e professores, contrata\u00e7\u00e3o de psicopedagogos, realiza\u00e7\u00e3o de campanhas educativas e preventivas que protejam e informem os estudantes, abordando temas como, abuso sexual, gravidez precoce, DSTs (Doen\u00e7as Sexualmente Transmiss\u00edveis), bullying, entre outros.<\/p>\n<p dir=\"ltr\">Ainda falando sobre sa\u00fade mental, a estudante pediu a implanta\u00e7\u00e3o de mais Caps (Centros de Aten\u00e7\u00e3o Psicossocial), em Chapad\u00e3o do Sul, devido \u00e0 grande procura por atendimento psicol\u00f3gico de pessoas diagnosticadas com depress\u00e3o. Maria Beatriz tamb\u00e9m solicitou que aconte\u00e7am mais a\u00e7\u00f5es de lazer, entretenimento e eventos que abranjam a todos, principalmente na periferia, e a melhora na sinaliza\u00e7\u00e3o de tr\u00e2nsito. A Jovem finalizou sua participa\u00e7\u00e3o pedindo a valoriza\u00e7\u00e3o dos professores, classe fundamental para a constru\u00e7\u00e3o de uma sociedade justa e pr\u00f3spera.<\/p>\n<p dir=\"ltr\">Airton Ant\u00f4nio Schwantes (Tucano), presidente da C\u00e2mara de Vereadores, agradeceu a presen\u00e7a das escolas que participam do projeto \u201cC\u00e2mara vai \u00e0 Escola\u201d, que ter\u00e1 outras etapas ap\u00f3s o recesso parlamentar.<\/p>\n<p>\u201cQuero parabenizar todos os alunos pela coragem de colocarem seus nomes \u00e0 disposi\u00e7\u00e3o de suas escolas. Voc\u00eas nos ajudam a desenvolver os trabalhos da C\u00e2mara Municipal, porque voc\u00eas est\u00e3o no local, conhecem cada necessidade, cada problema existente em seus bairros, ruas e escolas. Desejo sucesso a todos e dizer que a C\u00e2mara Municipal de Chapad\u00e3o do Sul est\u00e1 de portas abertas, estamos \u00e0 disposi\u00e7\u00e3o.\u201d<\/p>\n<p>Confira as indica\u00e7\u00f5es e requerimentos das Sess\u00f5es Ordin\u00e1rias, clicando nos links abaixo:<\/p>\n<p dir=\"ltr\">Sess\u00e3o Ordin\u00e1ria n\u00ba 1422:\u00a0<a href=\"https:\/\/www.camarachapadaodosul.ms.gov.br\/noticiasView\/4026_PAUTA-PARA-A-1422-SESSAO-ORDINARIA.html\">C\u00e2mara Municipal Chapad\u00e3o do Sul &#8211; MS (camarachapadaodosul.ms.gov.br)<\/a><\/p>\n<p>Sess\u00e3o Ordin\u00e1ria n\u00ba 1423:\u00a0<a href=\"https:\/\/www.camarachapadaodosul.ms.gov.br\/noticiasView\/4027_PAUTA-PARA-A-1423-SESSAO-ORDINARIA.html\">C\u00e2mara Municipal Chapad\u00e3o do Sul &#8211; MS (camarachapadaodosul.ms.gov.<\/a><\/p>\n<p><img fetchpriority=\"high\" decoding=\"async\" class=\"alignnone size-medium wp-image-30626\" src=\"https:\/\/uvbbrasil.com.br\/wp-content\/uploads\/2023\/07\/859b35f5-1-300x200.jpg\" alt=\"\" width=\"300\" height=\"200\" \/><\/p>\n<p dir=\"ltr\"><img decoding=\"async\" class=\"alignnone size-medium wp-image-30624\" src=\"https:\/\/uvbbrasil.com.br\/wp-content\/uploads\/2023\/07\/vereadores01-300x200.jpg\" alt=\"\" width=\"300\" height=\"200\" srcset=\"https:\/\/uvbbrasil.com.br\/wp-content\/uploads\/2023\/07\/vereadores01-300x200.jpg 300w, https:\/\/uvbbrasil.com.br\/wp-content\/uploads\/2023\/07\/vereadores01-1024x683.jpg 1024w, https:\/\/uvbbrasil.com.br\/wp-content\/uploads\/2023\/07\/vereadores01-768x512.jpg 768w, https:\/\/uvbbrasil.com.br\/wp-content\/uploads\/2023\/07\/vereadores01-1536x1024.jpg 1536w, https:\/\/uvbbrasil.com.br\/wp-content\/uploads\/2023\/07\/vereadores01-2048x1366.jpg 2048w\" sizes=\"(max-width: 300px) 100vw, 300px\" \/><img decoding=\"async\" class=\"alignnone size-medium wp-image-30627\" src=\"https:\/\/uvbbrasil.com.br\/wp-content\/uploads\/2023\/07\/8633bba4-300x200.jpg\" alt=\"\" width=\"300\" height=\"200\" \/><\/p>\n<\/div>\n<\/div>\n","protected":false},"excerpt":{"rendered":"<p>A C\u00e2mara Municipal de Chapad\u00e3o do Sul realizou duas sess\u00f5es ordin\u00e1rias, antes do recesso parlamentar, que ser\u00e1 entre os dias&#8230;<\/p>\n","protected":false},"author":1,"featured_media":30627,"comment_status":"open","ping_status":"open","sticky":false,"template":"","format":"standard","meta":{"footnotes":""},"categories":[3],"tags":[],"class_list":["post-30623","post","type-post","status-publish","format-standard","has-post-thumbnail","hentry","category-noticias"],"yoast_head":"<!-- This site is optimized with the Yoast SEO plugin v26.7 - https:\/\/yoast.com\/wordpress\/plugins\/seo\/ -->\n<title>C\u00e2mara de Chapad\u00e3o do Sul\/MS, finaliza a primeira etapa do projeto &#039;&#039;C\u00e2mara vai a Escola&quot; - UVB Brasil<\/title>\n<meta name=\"robots\" content=\"index, follow, max-snippet:-1, max-image-preview:large, max-video-preview:-1\" \/>\n<link rel=\"canonical\" href=\"https:\/\/uvbbrasil.com.br\/camara-de-chapadao-do-sul-ms-finaliza-a-primeira-etapa-do-projeto-camara-vai-a-escola\/\" \/>\n<meta property=\"og:locale\" content=\"pt_BR\" \/>\n<meta property=\"og:type\" content=\"article\" \/>\n<meta property=\"og:title\" content=\"C\u00e2mara de Chapad\u00e3o do Sul\/MS, finaliza a primeira etapa do projeto &#039;&#039;C\u00e2mara vai a Escola&quot; - UVB Brasil\" \/>\n<meta property=\"og:description\" content=\"A C\u00e2mara Municipal de Chapad\u00e3o do Sul realizou duas sess\u00f5es ordin\u00e1rias, antes do recesso parlamentar, que ser\u00e1 entre os dias...\" \/>\n<meta property=\"og:url\" content=\"https:\/\/uvbbrasil.com.br\/camara-de-chapadao-do-sul-ms-finaliza-a-primeira-etapa-do-projeto-camara-vai-a-escola\/\" \/>\n<meta property=\"og:site_name\" content=\"UVB Brasil\" \/>\n<meta property=\"article:publisher\" content=\"https:\/\/www.facebook.com\/uvb.vereadoresbrasil\" \/>\n<meta property=\"article:published_time\" content=\"2023-07-15T09:00:40+00:00\" \/>\n<meta property=\"og:image\" content=\"https:\/\/uvbbrasil.com.br\/wp-content\/uploads\/2023\/07\/8633bba4-scaled-1.jpg\" \/>\n\t<meta property=\"og:image:width\" content=\"2560\" \/>\n\t<meta property=\"og:image:height\" content=\"1707\" \/>\n\t<meta property=\"og:image:type\" content=\"image\/jpeg\" \/>\n<meta name=\"author\" content=\"adminuvb\" \/>\n<meta name=\"twitter:card\" content=\"summary_large_image\" \/>\n<meta name=\"twitter:label1\" content=\"Escrito por\" \/>\n\t<meta name=\"twitter:data1\" content=\"adminuvb\" \/>\n\t<meta name=\"twitter:label2\" content=\"Est. tempo de leitura\" \/>\n\t<meta name=\"twitter:data2\" content=\"4 minutos\" \/>\n<script type=\"application\/ld+json\" class=\"yoast-schema-graph\">{\"@context\":\"https:\/\/schema.org\",\"@graph\":[{\"@type\":\"Article\",\"@id\":\"https:\/\/uvbbrasil.com.br\/camara-de-chapadao-do-sul-ms-finaliza-a-primeira-etapa-do-projeto-camara-vai-a-escola\/#article\",\"isPartOf\":{\"@id\":\"https:\/\/uvbbrasil.com.br\/camara-de-chapadao-do-sul-ms-finaliza-a-primeira-etapa-do-projeto-camara-vai-a-escola\/\"},\"author\":{\"name\":\"adminuvb\",\"@id\":\"https:\/\/uvbbrasil.com.br\/#\/schema\/person\/17990098446c098f52effddff4f1b272\"},\"headline\":\"C\u00e2mara de Chapad\u00e3o do Sul\/MS, finaliza a primeira etapa do projeto &#8221;C\u00e2mara vai a Escola&#8221;\",\"datePublished\":\"2023-07-15T09:00:40+00:00\",\"mainEntityOfPage\":{\"@id\":\"https:\/\/uvbbrasil.com.br\/camara-de-chapadao-do-sul-ms-finaliza-a-primeira-etapa-do-projeto-camara-vai-a-escola\/\"},\"wordCount\":852,\"commentCount\":0,\"publisher\":{\"@id\":\"https:\/\/uvbbrasil.com.br\/#organization\"},\"image\":{\"@id\":\"https:\/\/uvbbrasil.com.br\/camara-de-chapadao-do-sul-ms-finaliza-a-primeira-etapa-do-projeto-camara-vai-a-escola\/#primaryimage\"},\"thumbnailUrl\":\"https:\/\/uvbbrasil.com.br\/wp-content\/uploads\/2023\/07\/8633bba4-scaled-1.jpg\",\"articleSection\":[\"NOT\u00cdCIAS\"],\"inLanguage\":\"pt-BR\",\"potentialAction\":[{\"@type\":\"CommentAction\",\"name\":\"Comment\",\"target\":[\"https:\/\/uvbbrasil.com.br\/camara-de-chapadao-do-sul-ms-finaliza-a-primeira-etapa-do-projeto-camara-vai-a-escola\/#respond\"]}]},{\"@type\":\"WebPage\",\"@id\":\"https:\/\/uvbbrasil.com.br\/camara-de-chapadao-do-sul-ms-finaliza-a-primeira-etapa-do-projeto-camara-vai-a-escola\/\",\"url\":\"https:\/\/uvbbrasil.com.br\/camara-de-chapadao-do-sul-ms-finaliza-a-primeira-etapa-do-projeto-camara-vai-a-escola\/\",\"name\":\"C\u00e2mara de Chapad\u00e3o do Sul\/MS, finaliza a primeira etapa do projeto ''C\u00e2mara vai a Escola\\\" - UVB Brasil\",\"isPartOf\":{\"@id\":\"https:\/\/uvbbrasil.com.br\/#website\"},\"primaryImageOfPage\":{\"@id\":\"https:\/\/uvbbrasil.com.br\/camara-de-chapadao-do-sul-ms-finaliza-a-primeira-etapa-do-projeto-camara-vai-a-escola\/#primaryimage\"},\"image\":{\"@id\":\"https:\/\/uvbbrasil.com.br\/camara-de-chapadao-do-sul-ms-finaliza-a-primeira-etapa-do-projeto-camara-vai-a-escola\/#primaryimage\"},\"thumbnailUrl\":\"https:\/\/uvbbrasil.com.br\/wp-content\/uploads\/2023\/07\/8633bba4-scaled-1.jpg\",\"datePublished\":\"2023-07-15T09:00:40+00:00\",\"breadcrumb\":{\"@id\":\"https:\/\/uvbbrasil.com.br\/camara-de-chapadao-do-sul-ms-finaliza-a-primeira-etapa-do-projeto-camara-vai-a-escola\/#breadcrumb\"},\"inLanguage\":\"pt-BR\",\"potentialAction\":[{\"@type\":\"ReadAction\",\"target\":[\"https:\/\/uvbbrasil.com.br\/camara-de-chapadao-do-sul-ms-finaliza-a-primeira-etapa-do-projeto-camara-vai-a-escola\/\"]}]},{\"@type\":\"ImageObject\",\"inLanguage\":\"pt-BR\",\"@id\":\"https:\/\/uvbbrasil.com.br\/camara-de-chapadao-do-sul-ms-finaliza-a-primeira-etapa-do-projeto-camara-vai-a-escola\/#primaryimage\",\"url\":\"https:\/\/uvbbrasil.com.br\/wp-content\/uploads\/2023\/07\/8633bba4-scaled-1.jpg\",\"contentUrl\":\"https:\/\/uvbbrasil.com.br\/wp-content\/uploads\/2023\/07\/8633bba4-scaled-1.jpg\",\"width\":2560,\"height\":1707},{\"@type\":\"BreadcrumbList\",\"@id\":\"https:\/\/uvbbrasil.com.br\/camara-de-chapadao-do-sul-ms-finaliza-a-primeira-etapa-do-projeto-camara-vai-a-escola\/#breadcrumb\",\"itemListElement\":[{\"@type\":\"ListItem\",\"position\":1,\"name\":\"In\u00edcio\",\"item\":\"https:\/\/uvbbrasil.com.br\/\"},{\"@type\":\"ListItem\",\"position\":2,\"name\":\"C\u00e2mara de Chapad\u00e3o do Sul\/MS, finaliza a primeira etapa do projeto &#8221;C\u00e2mara vai a Escola&#8221;\"}]},{\"@type\":\"WebSite\",\"@id\":\"https:\/\/uvbbrasil.com.br\/#website\",\"url\":\"https:\/\/uvbbrasil.com.br\/\",\"name\":\"UVB Brasil\",\"description\":\"Uni\u00e3o dos Vereadores do Brasil\",\"publisher\":{\"@id\":\"https:\/\/uvbbrasil.com.br\/#organization\"},\"potentialAction\":[{\"@type\":\"SearchAction\",\"target\":{\"@type\":\"EntryPoint\",\"urlTemplate\":\"https:\/\/uvbbrasil.com.br\/?s={search_term_string}\"},\"query-input\":{\"@type\":\"PropertyValueSpecification\",\"valueRequired\":true,\"valueName\":\"search_term_string\"}}],\"inLanguage\":\"pt-BR\"},{\"@type\":\"Organization\",\"@id\":\"https:\/\/uvbbrasil.com.br\/#organization\",\"name\":\"UVB Brasil\",\"url\":\"https:\/\/uvbbrasil.com.br\/\",\"logo\":{\"@type\":\"ImageObject\",\"inLanguage\":\"pt-BR\",\"@id\":\"https:\/\/uvbbrasil.com.br\/#\/schema\/logo\/image\/\",\"url\":\"https:\/\/uvbbrasil.com.br\/wp-content\/uploads\/2025\/01\/LOGO-UVB-2024-azul-1.jpg\",\"contentUrl\":\"https:\/\/uvbbrasil.com.br\/wp-content\/uploads\/2025\/01\/LOGO-UVB-2024-azul-1.jpg\",\"width\":600,\"height\":211,\"caption\":\"UVB Brasil\"},\"image\":{\"@id\":\"https:\/\/uvbbrasil.com.br\/#\/schema\/logo\/image\/\"},\"sameAs\":[\"https:\/\/www.facebook.com\/uvb.vereadoresbrasil\",\"https:\/\/www.instagram.com\/uvbbrasil\/\",\"https:\/\/www.youtube.com\/channel\/UCIlPQ8Xzw5GHNzosQIg9S5A\"]},{\"@type\":\"Person\",\"@id\":\"https:\/\/uvbbrasil.com.br\/#\/schema\/person\/17990098446c098f52effddff4f1b272\",\"name\":\"adminuvb\",\"image\":{\"@type\":\"ImageObject\",\"inLanguage\":\"pt-BR\",\"@id\":\"https:\/\/uvbbrasil.com.br\/#\/schema\/person\/image\/\",\"url\":\"https:\/\/secure.gravatar.com\/avatar\/1a494ea6f8e2dd1ae526e55b0e9497efdba542491e0620d704cccf63c6f77c45?s=96&d=mm&r=g\",\"contentUrl\":\"https:\/\/secure.gravatar.com\/avatar\/1a494ea6f8e2dd1ae526e55b0e9497efdba542491e0620d704cccf63c6f77c45?s=96&d=mm&r=g\",\"caption\":\"adminuvb\"},\"sameAs\":[\"https:\/\/uvbbrasil.com.br\"],\"url\":\"https:\/\/uvbbrasil.com.br\/author\/adminuvb\/\"}]}<\/script>\n<!-- \/ Yoast SEO plugin. -->","yoast_head_json":{"title":"C\u00e2mara de Chapad\u00e3o do Sul\/MS, finaliza a primeira etapa do projeto ''C\u00e2mara vai a Escola\" - UVB Brasil","robots":{"index":"index","follow":"follow","max-snippet":"max-snippet:-1","max-image-preview":"max-image-preview:large","max-video-preview":"max-video-preview:-1"},"canonical":"https:\/\/uvbbrasil.com.br\/camara-de-chapadao-do-sul-ms-finaliza-a-primeira-etapa-do-projeto-camara-vai-a-escola\/","og_locale":"pt_BR","og_type":"article","og_title":"C\u00e2mara de Chapad\u00e3o do Sul\/MS, finaliza a primeira etapa do projeto ''C\u00e2mara vai a Escola\" - UVB Brasil","og_description":"A C\u00e2mara Municipal de Chapad\u00e3o do Sul realizou duas sess\u00f5es ordin\u00e1rias, antes do recesso parlamentar, que ser\u00e1 entre os dias...","og_url":"https:\/\/uvbbrasil.com.br\/camara-de-chapadao-do-sul-ms-finaliza-a-primeira-etapa-do-projeto-camara-vai-a-escola\/","og_site_name":"UVB Brasil","article_publisher":"https:\/\/www.facebook.com\/uvb.vereadoresbrasil","article_published_time":"2023-07-15T09:00:40+00:00","og_image":[{"width":2560,"height":1707,"url":"https:\/\/uvbbrasil.com.br\/wp-content\/uploads\/2023\/07\/8633bba4-scaled-1.jpg","type":"image\/jpeg"}],"author":"adminuvb","twitter_card":"summary_large_image","twitter_misc":{"Escrito por":"adminuvb","Est. tempo de leitura":"4 minutos"},"schema":{"@context":"https:\/\/schema.org","@graph":[{"@type":"Article","@id":"https:\/\/uvbbrasil.com.br\/camara-de-chapadao-do-sul-ms-finaliza-a-primeira-etapa-do-projeto-camara-vai-a-escola\/#article","isPartOf":{"@id":"https:\/\/uvbbrasil.com.br\/camara-de-chapadao-do-sul-ms-finaliza-a-primeira-etapa-do-projeto-camara-vai-a-escola\/"},"author":{"name":"adminuvb","@id":"https:\/\/uvbbrasil.com.br\/#\/schema\/person\/17990098446c098f52effddff4f1b272"},"headline":"C\u00e2mara de Chapad\u00e3o do Sul\/MS, finaliza a primeira etapa do projeto &#8221;C\u00e2mara vai a Escola&#8221;","datePublished":"2023-07-15T09:00:40+00:00","mainEntityOfPage":{"@id":"https:\/\/uvbbrasil.com.br\/camara-de-chapadao-do-sul-ms-finaliza-a-primeira-etapa-do-projeto-camara-vai-a-escola\/"},"wordCount":852,"commentCount":0,"publisher":{"@id":"https:\/\/uvbbrasil.com.br\/#organization"},"image":{"@id":"https:\/\/uvbbrasil.com.br\/camara-de-chapadao-do-sul-ms-finaliza-a-primeira-etapa-do-projeto-camara-vai-a-escola\/#primaryimage"},"thumbnailUrl":"https:\/\/uvbbrasil.com.br\/wp-content\/uploads\/2023\/07\/8633bba4-scaled-1.jpg","articleSection":["NOT\u00cdCIAS"],"inLanguage":"pt-BR","potentialAction":[{"@type":"CommentAction","name":"Comment","target":["https:\/\/uvbbrasil.com.br\/camara-de-chapadao-do-sul-ms-finaliza-a-primeira-etapa-do-projeto-camara-vai-a-escola\/#respond"]}]},{"@type":"WebPage","@id":"https:\/\/uvbbrasil.com.br\/camara-de-chapadao-do-sul-ms-finaliza-a-primeira-etapa-do-projeto-camara-vai-a-escola\/","url":"https:\/\/uvbbrasil.com.br\/camara-de-chapadao-do-sul-ms-finaliza-a-primeira-etapa-do-projeto-camara-vai-a-escola\/","name":"C\u00e2mara de Chapad\u00e3o do Sul\/MS, finaliza a primeira etapa do projeto ''C\u00e2mara vai a Escola\" - UVB Brasil","isPartOf":{"@id":"https:\/\/uvbbrasil.com.br\/#website"},"primaryImageOfPage":{"@id":"https:\/\/uvbbrasil.com.br\/camara-de-chapadao-do-sul-ms-finaliza-a-primeira-etapa-do-projeto-camara-vai-a-escola\/#primaryimage"},"image":{"@id":"https:\/\/uvbbrasil.com.br\/camara-de-chapadao-do-sul-ms-finaliza-a-primeira-etapa-do-projeto-camara-vai-a-escola\/#primaryimage"},"thumbnailUrl":"https:\/\/uvbbrasil.com.br\/wp-content\/uploads\/2023\/07\/8633bba4-scaled-1.jpg","datePublished":"2023-07-15T09:00:40+00:00","breadcrumb":{"@id":"https:\/\/uvbbrasil.com.br\/camara-de-chapadao-do-sul-ms-finaliza-a-primeira-etapa-do-projeto-camara-vai-a-escola\/#breadcrumb"},"inLanguage":"pt-BR","potentialAction":[{"@type":"ReadAction","target":["https:\/\/uvbbrasil.com.br\/camara-de-chapadao-do-sul-ms-finaliza-a-primeira-etapa-do-projeto-camara-vai-a-escola\/"]}]},{"@type":"ImageObject","inLanguage":"pt-BR","@id":"https:\/\/uvbbrasil.com.br\/camara-de-chapadao-do-sul-ms-finaliza-a-primeira-etapa-do-projeto-camara-vai-a-escola\/#primaryimage","url":"https:\/\/uvbbrasil.com.br\/wp-content\/uploads\/2023\/07\/8633bba4-scaled-1.jpg","contentUrl":"https:\/\/uvbbrasil.com.br\/wp-content\/uploads\/2023\/07\/8633bba4-scaled-1.jpg","width":2560,"height":1707},{"@type":"BreadcrumbList","@id":"https:\/\/uvbbrasil.com.br\/camara-de-chapadao-do-sul-ms-finaliza-a-primeira-etapa-do-projeto-camara-vai-a-escola\/#breadcrumb","itemListElement":[{"@type":"ListItem","position":1,"name":"In\u00edcio","item":"https:\/\/uvbbrasil.com.br\/"},{"@type":"ListItem","position":2,"name":"C\u00e2mara de Chapad\u00e3o do Sul\/MS, finaliza a primeira etapa do projeto &#8221;C\u00e2mara vai a Escola&#8221;"}]},{"@type":"WebSite","@id":"https:\/\/uvbbrasil.com.br\/#website","url":"https:\/\/uvbbrasil.com.br\/","name":"UVB Brasil","description":"Uni\u00e3o dos Vereadores do Brasil","publisher":{"@id":"https:\/\/uvbbrasil.com.br\/#organization"},"potentialAction":[{"@type":"SearchAction","target":{"@type":"EntryPoint","urlTemplate":"https:\/\/uvbbrasil.com.br\/?s={search_term_string}"},"query-input":{"@type":"PropertyValueSpecification","valueRequired":true,"valueName":"search_term_string"}}],"inLanguage":"pt-BR"},{"@type":"Organization","@id":"https:\/\/uvbbrasil.com.br\/#organization","name":"UVB Brasil","url":"https:\/\/uvbbrasil.com.br\/","logo":{"@type":"ImageObject","inLanguage":"pt-BR","@id":"https:\/\/uvbbrasil.com.br\/#\/schema\/logo\/image\/","url":"https:\/\/uvbbrasil.com.br\/wp-content\/uploads\/2025\/01\/LOGO-UVB-2024-azul-1.jpg","contentUrl":"https:\/\/uvbbrasil.com.br\/wp-content\/uploads\/2025\/01\/LOGO-UVB-2024-azul-1.jpg","width":600,"height":211,"caption":"UVB Brasil"},"image":{"@id":"https:\/\/uvbbrasil.com.br\/#\/schema\/logo\/image\/"},"sameAs":["https:\/\/www.facebook.com\/uvb.vereadoresbrasil","https:\/\/www.instagram.com\/uvbbrasil\/","https:\/\/www.youtube.com\/channel\/UCIlPQ8Xzw5GHNzosQIg9S5A"]},{"@type":"Person","@id":"https:\/\/uvbbrasil.com.br\/#\/schema\/person\/17990098446c098f52effddff4f1b272","name":"adminuvb","image":{"@type":"ImageObject","inLanguage":"pt-BR","@id":"https:\/\/uvbbrasil.com.br\/#\/schema\/person\/image\/","url":"https:\/\/secure.gravatar.com\/avatar\/1a494ea6f8e2dd1ae526e55b0e9497efdba542491e0620d704cccf63c6f77c45?s=96&d=mm&r=g","contentUrl":"https:\/\/secure.gravatar.com\/avatar\/1a494ea6f8e2dd1ae526e55b0e9497efdba542491e0620d704cccf63c6f77c45?s=96&d=mm&r=g","caption":"adminuvb"},"sameAs":["https:\/\/uvbbrasil.com.br"],"url":"https:\/\/uvbbrasil.com.br\/author\/adminuvb\/"}]}},"_links":{"self":[{"href":"https:\/\/uvbbrasil.com.br\/uvb-json\/wp\/v2\/posts\/30623","targetHints":{"allow":["GET"]}}],"collection":[{"href":"https:\/\/uvbbrasil.com.br\/uvb-json\/wp\/v2\/posts"}],"about":[{"href":"https:\/\/uvbbrasil.com.br\/uvb-json\/wp\/v2\/types\/post"}],"author":[{"embeddable":true,"href":"https:\/\/uvbbrasil.com.br\/uvb-json\/wp\/v2\/users\/1"}],"replies":[{"embeddable":true,"href":"https:\/\/uvbbrasil.com.br\/uvb-json\/wp\/v2\/comments?post=30623"}],"version-history":[{"count":0,"href":"https:\/\/uvbbrasil.com.br\/uvb-json\/wp\/v2\/posts\/30623\/revisions"}],"wp:featuredmedia":[{"embeddable":true,"href":"https:\/\/uvbbrasil.com.br\/uvb-json\/wp\/v2\/media\/30627"}],"wp:attachment":[{"href":"https:\/\/uvbbrasil.com.br\/uvb-json\/wp\/v2\/media?parent=30623"}],"wp:term":[{"taxonomy":"category","embeddable":true,"href":"https:\/\/uvbbrasil.com.br\/uvb-json\/wp\/v2\/categories?post=30623"},{"taxonomy":"post_tag","embeddable":true,"href":"https:\/\/uvbbrasil.com.br\/uvb-json\/wp\/v2\/tags?post=30623"}],"curies":[{"name":"wp","href":"https:\/\/api.w.org\/{rel}","templated":true}]}}