{"id":3057,"date":"2016-02-02T14:50:28","date_gmt":"2016-02-02T16:50:28","guid":{"rendered":"https:\/\/wpsandbox4.pante.com.br\/?p=3057"},"modified":"2016-02-02T14:50:28","modified_gmt":"2016-02-02T16:50:28","slug":"congresso-retoma-trabalhos-legislativos-hoje-a-tarde","status":"publish","type":"post","link":"https:\/\/uvbbrasil.com.br\/congresso-retoma-trabalhos-legislativos-hoje-a-tarde\/","title":{"rendered":"Congresso retoma trabalhos legislativos hoje \u00e0 tarde"},"content":{"rendered":"<div id=\"content-header\">\n<p class=\"title\"><strong>Iolando Louren\u00e7o &#8211; Rep\u00f3rter da Ag\u00eancia Brasil<\/strong><\/p>\n<p class=\"title\">D<a href=\"http:\/\/agenciabrasil.ebc.com.br\/politica\/noticia\/2016-02\/dilma-leva-pessoalmente-mensagem-do-executivo-ao-congresso\">lma leva pessoalmente mensagem do Executivo ao Congresso<\/a><\/p>\n<\/div>\n<div id=\"content-area\">\n<div class=\"region region-content\">\n<div id=\"block-system-main\" class=\"block block-system block-even clearfix\">\n<div class=\"content\">\n<article id=\"node-997466\" class=\"node node-noticia node-odd\">\n<div class=\"content\">\n<p>Depois de mais de um m\u00eas de recesso parlamentar, deputados e senadores retomam na tarde de hoje (2) os trabalhos legislativos deste ano. A reabertura dos trabalhos est\u00e1 marcada para as 15h no plen\u00e1rio da C\u00e2mara dos Deputados, em sess\u00e3o do Congresso Nacional. Ser\u00e3o apresentadas aos congressistas as mensagens dos poderes Executivo e Judici\u00e1rio, sinalizando as prioridades do pa\u00eds neste ano. A presidenta Dilma Rousseff levar\u00e1 pessoalmente a mensagem.<\/p>\n<p>Tradicionalmente, as mensagens dos poderes Executivo e Judici\u00e1rio s\u00e3o entregues ao Parlamento pelo presidente do Supremo Tribunal Federal (STF), ministro Ricardo Lewandowski, e pelo ministro-chefe da Casa Civil da Presid\u00eancia da Rep\u00fablica, Jaques Wagner, mas n\u00e3o h\u00e1 impedimento para que a mensagem do Executivo seja apresentada pelo pr\u00f3prio presidente da Rep\u00fablica.<\/p>\n<p>As mensagens s\u00e3o lidas no plen\u00e1rio e, em seguida, s\u00e3o feitos os pronunciamentos dos presidentes da C\u00e2mara, deputado Eduardo Cunha (PMDB-RJ), e do Senado, Renan Calheiros (PMDB-AL). Ao deixar a C\u00e2mara na noite de ontem, o presidente da Casa disse aos jornalistas que far\u00e1 seu discurso de improviso.<\/p>\n<p>Como \u00e9 vedada a realiza\u00e7\u00e3o de sess\u00f5es deliberativas no dia da abertura dos trabalhos do Congresso, a primeira sess\u00e3o de vota\u00e7\u00e3o da C\u00e2mara dever\u00e1 ocorrer no fim da tarde de quarta-feira (3), j\u00e1 que a sess\u00e3o ordin\u00e1ria das 14h daquele dia \u00e9 destinada s\u00f3 a debates. Cunha j\u00e1 convocou reuni\u00e3o de l\u00edderes para as 10h de quarta-feira para definir a pauta de vota\u00e7\u00f5es. A pauta da Casa est\u00e1 trancada por tr\u00eas medidas provis\u00f3rias e dois projetos de lei.<\/p>\n<\/div>\n<\/article>\n<\/div>\n<\/div>\n<\/div>\n<\/div>\n","protected":false},"excerpt":{"rendered":"<p>Iolando Louren\u00e7o &#8211; Rep\u00f3rter da Ag\u00eancia Brasil Dlma leva pessoalmente mensagem do Executivo ao Congresso Depois de mais de um&#8230;<\/p>\n","protected":false},"author":1,"featured_media":3058,"comment_status":"open","ping_status":"open","sticky":false,"template":"","format":"standard","meta":{"footnotes":""},"categories":[3],"tags":[],"class_list":["post-3057","post","type-post","status-publish","format-standard","has-post-thumbnail","hentry","category-noticias"],"yoast_head":"<!-- This site is optimized with the Yoast SEO plugin v26.7 - https:\/\/yoast.com\/wordpress\/plugins\/seo\/ -->\n<title>Congresso retoma trabalhos legislativos hoje \u00e0 tarde - UVB Brasil<\/title>\n<meta name=\"robots\" content=\"index, follow, max-snippet:-1, max-image-preview:large, max-video-preview:-1\" \/>\n<link rel=\"canonical\" href=\"https:\/\/uvbbrasil.com.br\/congresso-retoma-trabalhos-legislativos-hoje-a-tarde\/\" \/>\n<meta property=\"og:locale\" content=\"pt_BR\" \/>\n<meta property=\"og:type\" content=\"article\" \/>\n<meta property=\"og:title\" content=\"Congresso retoma trabalhos legislativos hoje \u00e0 tarde - UVB Brasil\" \/>\n<meta property=\"og:description\" content=\"Iolando Louren\u00e7o &#8211; Rep\u00f3rter da Ag\u00eancia Brasil Dlma leva pessoalmente mensagem do Executivo ao Congresso Depois de mais de um...\" \/>\n<meta property=\"og:url\" content=\"https:\/\/uvbbrasil.com.br\/congresso-retoma-trabalhos-legislativos-hoje-a-tarde\/\" \/>\n<meta property=\"og:site_name\" content=\"UVB Brasil\" \/>\n<meta property=\"article:publisher\" content=\"https:\/\/www.facebook.com\/uvb.vereadoresbrasil\" \/>\n<meta property=\"article:published_time\" content=\"2016-02-02T16:50:28+00:00\" \/>\n<meta property=\"og:image\" content=\"https:\/\/uvbbrasil.com.br\/wp-content\/uploads\/2016\/02\/plenario_da_camara.jpg\" \/>\n\t<meta property=\"og:image:width\" content=\"580\" \/>\n\t<meta property=\"og:image:height\" content=\"388\" \/>\n\t<meta property=\"og:image:type\" content=\"image\/jpeg\" \/>\n<meta name=\"author\" content=\"adminuvb\" \/>\n<meta name=\"twitter:card\" content=\"summary_large_image\" \/>\n<meta name=\"twitter:label1\" content=\"Escrito por\" \/>\n\t<meta name=\"twitter:data1\" content=\"adminuvb\" \/>\n\t<meta name=\"twitter:label2\" content=\"Est. tempo de leitura\" \/>\n\t<meta name=\"twitter:data2\" content=\"1 minuto\" \/>\n<script type=\"application\/ld+json\" class=\"yoast-schema-graph\">{\"@context\":\"https:\/\/schema.org\",\"@graph\":[{\"@type\":\"Article\",\"@id\":\"https:\/\/uvbbrasil.com.br\/congresso-retoma-trabalhos-legislativos-hoje-a-tarde\/#article\",\"isPartOf\":{\"@id\":\"https:\/\/uvbbrasil.com.br\/congresso-retoma-trabalhos-legislativos-hoje-a-tarde\/\"},\"author\":{\"name\":\"adminuvb\",\"@id\":\"https:\/\/uvbbrasil.com.br\/#\/schema\/person\/17990098446c098f52effddff4f1b272\"},\"headline\":\"Congresso retoma trabalhos legislativos hoje \u00e0 tarde\",\"datePublished\":\"2016-02-02T16:50:28+00:00\",\"mainEntityOfPage\":{\"@id\":\"https:\/\/uvbbrasil.com.br\/congresso-retoma-trabalhos-legislativos-hoje-a-tarde\/\"},\"wordCount\":297,\"commentCount\":0,\"publisher\":{\"@id\":\"https:\/\/uvbbrasil.com.br\/#organization\"},\"image\":{\"@id\":\"https:\/\/uvbbrasil.com.br\/congresso-retoma-trabalhos-legislativos-hoje-a-tarde\/#primaryimage\"},\"thumbnailUrl\":\"https:\/\/uvbbrasil.com.br\/wp-content\/uploads\/2016\/02\/plenario_da_camara.jpg\",\"articleSection\":[\"NOT\u00cdCIAS\"],\"inLanguage\":\"pt-BR\",\"potentialAction\":[{\"@type\":\"CommentAction\",\"name\":\"Comment\",\"target\":[\"https:\/\/uvbbrasil.com.br\/congresso-retoma-trabalhos-legislativos-hoje-a-tarde\/#respond\"]}]},{\"@type\":\"WebPage\",\"@id\":\"https:\/\/uvbbrasil.com.br\/congresso-retoma-trabalhos-legislativos-hoje-a-tarde\/\",\"url\":\"https:\/\/uvbbrasil.com.br\/congresso-retoma-trabalhos-legislativos-hoje-a-tarde\/\",\"name\":\"Congresso retoma trabalhos legislativos hoje \u00e0 tarde - UVB Brasil\",\"isPartOf\":{\"@id\":\"https:\/\/uvbbrasil.com.br\/#website\"},\"primaryImageOfPage\":{\"@id\":\"https:\/\/uvbbrasil.com.br\/congresso-retoma-trabalhos-legislativos-hoje-a-tarde\/#primaryimage\"},\"image\":{\"@id\":\"https:\/\/uvbbrasil.com.br\/congresso-retoma-trabalhos-legislativos-hoje-a-tarde\/#primaryimage\"},\"thumbnailUrl\":\"https:\/\/uvbbrasil.com.br\/wp-content\/uploads\/2016\/02\/plenario_da_camara.jpg\",\"datePublished\":\"2016-02-02T16:50:28+00:00\",\"breadcrumb\":{\"@id\":\"https:\/\/uvbbrasil.com.br\/congresso-retoma-trabalhos-legislativos-hoje-a-tarde\/#breadcrumb\"},\"inLanguage\":\"pt-BR\",\"potentialAction\":[{\"@type\":\"ReadAction\",\"target\":[\"https:\/\/uvbbrasil.com.br\/congresso-retoma-trabalhos-legislativos-hoje-a-tarde\/\"]}]},{\"@type\":\"ImageObject\",\"inLanguage\":\"pt-BR\",\"@id\":\"https:\/\/uvbbrasil.com.br\/congresso-retoma-trabalhos-legislativos-hoje-a-tarde\/#primaryimage\",\"url\":\"https:\/\/uvbbrasil.com.br\/wp-content\/uploads\/2016\/02\/plenario_da_camara.jpg\",\"contentUrl\":\"https:\/\/uvbbrasil.com.br\/wp-content\/uploads\/2016\/02\/plenario_da_camara.jpg\",\"width\":580,\"height\":388},{\"@type\":\"BreadcrumbList\",\"@id\":\"https:\/\/uvbbrasil.com.br\/congresso-retoma-trabalhos-legislativos-hoje-a-tarde\/#breadcrumb\",\"itemListElement\":[{\"@type\":\"ListItem\",\"position\":1,\"name\":\"In\u00edcio\",\"item\":\"https:\/\/uvbbrasil.com.br\/\"},{\"@type\":\"ListItem\",\"position\":2,\"name\":\"Congresso retoma trabalhos legislativos hoje \u00e0 tarde\"}]},{\"@type\":\"WebSite\",\"@id\":\"https:\/\/uvbbrasil.com.br\/#website\",\"url\":\"https:\/\/uvbbrasil.com.br\/\",\"name\":\"UVB Brasil\",\"description\":\"Uni\u00e3o dos Vereadores do Brasil\",\"publisher\":{\"@id\":\"https:\/\/uvbbrasil.com.br\/#organization\"},\"potentialAction\":[{\"@type\":\"SearchAction\",\"target\":{\"@type\":\"EntryPoint\",\"urlTemplate\":\"https:\/\/uvbbrasil.com.br\/?s={search_term_string}\"},\"query-input\":{\"@type\":\"PropertyValueSpecification\",\"valueRequired\":true,\"valueName\":\"search_term_string\"}}],\"inLanguage\":\"pt-BR\"},{\"@type\":\"Organization\",\"@id\":\"https:\/\/uvbbrasil.com.br\/#organization\",\"name\":\"UVB Brasil\",\"url\":\"https:\/\/uvbbrasil.com.br\/\",\"logo\":{\"@type\":\"ImageObject\",\"inLanguage\":\"pt-BR\",\"@id\":\"https:\/\/uvbbrasil.com.br\/#\/schema\/logo\/image\/\",\"url\":\"https:\/\/uvbbrasil.com.br\/wp-content\/uploads\/2025\/01\/LOGO-UVB-2024-azul-1.jpg\",\"contentUrl\":\"https:\/\/uvbbrasil.com.br\/wp-content\/uploads\/2025\/01\/LOGO-UVB-2024-azul-1.jpg\",\"width\":600,\"height\":211,\"caption\":\"UVB Brasil\"},\"image\":{\"@id\":\"https:\/\/uvbbrasil.com.br\/#\/schema\/logo\/image\/\"},\"sameAs\":[\"https:\/\/www.facebook.com\/uvb.vereadoresbrasil\",\"https:\/\/www.instagram.com\/uvbbrasil\/\",\"https:\/\/www.youtube.com\/channel\/UCIlPQ8Xzw5GHNzosQIg9S5A\"]},{\"@type\":\"Person\",\"@id\":\"https:\/\/uvbbrasil.com.br\/#\/schema\/person\/17990098446c098f52effddff4f1b272\",\"name\":\"adminuvb\",\"image\":{\"@type\":\"ImageObject\",\"inLanguage\":\"pt-BR\",\"@id\":\"https:\/\/uvbbrasil.com.br\/#\/schema\/person\/image\/\",\"url\":\"https:\/\/secure.gravatar.com\/avatar\/1a494ea6f8e2dd1ae526e55b0e9497efdba542491e0620d704cccf63c6f77c45?s=96&d=mm&r=g\",\"contentUrl\":\"https:\/\/secure.gravatar.com\/avatar\/1a494ea6f8e2dd1ae526e55b0e9497efdba542491e0620d704cccf63c6f77c45?s=96&d=mm&r=g\",\"caption\":\"adminuvb\"},\"sameAs\":[\"https:\/\/uvbbrasil.com.br\"],\"url\":\"https:\/\/uvbbrasil.com.br\/author\/adminuvb\/\"}]}<\/script>\n<!-- \/ Yoast SEO plugin. -->","yoast_head_json":{"title":"Congresso retoma trabalhos legislativos hoje \u00e0 tarde - UVB Brasil","robots":{"index":"index","follow":"follow","max-snippet":"max-snippet:-1","max-image-preview":"max-image-preview:large","max-video-preview":"max-video-preview:-1"},"canonical":"https:\/\/uvbbrasil.com.br\/congresso-retoma-trabalhos-legislativos-hoje-a-tarde\/","og_locale":"pt_BR","og_type":"article","og_title":"Congresso retoma trabalhos legislativos hoje \u00e0 tarde - UVB Brasil","og_description":"Iolando Louren\u00e7o &#8211; Rep\u00f3rter da Ag\u00eancia Brasil Dlma leva pessoalmente mensagem do Executivo ao Congresso Depois de mais de um...","og_url":"https:\/\/uvbbrasil.com.br\/congresso-retoma-trabalhos-legislativos-hoje-a-tarde\/","og_site_name":"UVB Brasil","article_publisher":"https:\/\/www.facebook.com\/uvb.vereadoresbrasil","article_published_time":"2016-02-02T16:50:28+00:00","og_image":[{"width":580,"height":388,"url":"https:\/\/uvbbrasil.com.br\/wp-content\/uploads\/2016\/02\/plenario_da_camara.jpg","type":"image\/jpeg"}],"author":"adminuvb","twitter_card":"summary_large_image","twitter_misc":{"Escrito por":"adminuvb","Est. tempo de leitura":"1 minuto"},"schema":{"@context":"https:\/\/schema.org","@graph":[{"@type":"Article","@id":"https:\/\/uvbbrasil.com.br\/congresso-retoma-trabalhos-legislativos-hoje-a-tarde\/#article","isPartOf":{"@id":"https:\/\/uvbbrasil.com.br\/congresso-retoma-trabalhos-legislativos-hoje-a-tarde\/"},"author":{"name":"adminuvb","@id":"https:\/\/uvbbrasil.com.br\/#\/schema\/person\/17990098446c098f52effddff4f1b272"},"headline":"Congresso retoma trabalhos legislativos hoje \u00e0 tarde","datePublished":"2016-02-02T16:50:28+00:00","mainEntityOfPage":{"@id":"https:\/\/uvbbrasil.com.br\/congresso-retoma-trabalhos-legislativos-hoje-a-tarde\/"},"wordCount":297,"commentCount":0,"publisher":{"@id":"https:\/\/uvbbrasil.com.br\/#organization"},"image":{"@id":"https:\/\/uvbbrasil.com.br\/congresso-retoma-trabalhos-legislativos-hoje-a-tarde\/#primaryimage"},"thumbnailUrl":"https:\/\/uvbbrasil.com.br\/wp-content\/uploads\/2016\/02\/plenario_da_camara.jpg","articleSection":["NOT\u00cdCIAS"],"inLanguage":"pt-BR","potentialAction":[{"@type":"CommentAction","name":"Comment","target":["https:\/\/uvbbrasil.com.br\/congresso-retoma-trabalhos-legislativos-hoje-a-tarde\/#respond"]}]},{"@type":"WebPage","@id":"https:\/\/uvbbrasil.com.br\/congresso-retoma-trabalhos-legislativos-hoje-a-tarde\/","url":"https:\/\/uvbbrasil.com.br\/congresso-retoma-trabalhos-legislativos-hoje-a-tarde\/","name":"Congresso retoma trabalhos legislativos hoje \u00e0 tarde - UVB Brasil","isPartOf":{"@id":"https:\/\/uvbbrasil.com.br\/#website"},"primaryImageOfPage":{"@id":"https:\/\/uvbbrasil.com.br\/congresso-retoma-trabalhos-legislativos-hoje-a-tarde\/#primaryimage"},"image":{"@id":"https:\/\/uvbbrasil.com.br\/congresso-retoma-trabalhos-legislativos-hoje-a-tarde\/#primaryimage"},"thumbnailUrl":"https:\/\/uvbbrasil.com.br\/wp-content\/uploads\/2016\/02\/plenario_da_camara.jpg","datePublished":"2016-02-02T16:50:28+00:00","breadcrumb":{"@id":"https:\/\/uvbbrasil.com.br\/congresso-retoma-trabalhos-legislativos-hoje-a-tarde\/#breadcrumb"},"inLanguage":"pt-BR","potentialAction":[{"@type":"ReadAction","target":["https:\/\/uvbbrasil.com.br\/congresso-retoma-trabalhos-legislativos-hoje-a-tarde\/"]}]},{"@type":"ImageObject","inLanguage":"pt-BR","@id":"https:\/\/uvbbrasil.com.br\/congresso-retoma-trabalhos-legislativos-hoje-a-tarde\/#primaryimage","url":"https:\/\/uvbbrasil.com.br\/wp-content\/uploads\/2016\/02\/plenario_da_camara.jpg","contentUrl":"https:\/\/uvbbrasil.com.br\/wp-content\/uploads\/2016\/02\/plenario_da_camara.jpg","width":580,"height":388},{"@type":"BreadcrumbList","@id":"https:\/\/uvbbrasil.com.br\/congresso-retoma-trabalhos-legislativos-hoje-a-tarde\/#breadcrumb","itemListElement":[{"@type":"ListItem","position":1,"name":"In\u00edcio","item":"https:\/\/uvbbrasil.com.br\/"},{"@type":"ListItem","position":2,"name":"Congresso retoma trabalhos legislativos hoje \u00e0 tarde"}]},{"@type":"WebSite","@id":"https:\/\/uvbbrasil.com.br\/#website","url":"https:\/\/uvbbrasil.com.br\/","name":"UVB Brasil","description":"Uni\u00e3o dos Vereadores do Brasil","publisher":{"@id":"https:\/\/uvbbrasil.com.br\/#organization"},"potentialAction":[{"@type":"SearchAction","target":{"@type":"EntryPoint","urlTemplate":"https:\/\/uvbbrasil.com.br\/?s={search_term_string}"},"query-input":{"@type":"PropertyValueSpecification","valueRequired":true,"valueName":"search_term_string"}}],"inLanguage":"pt-BR"},{"@type":"Organization","@id":"https:\/\/uvbbrasil.com.br\/#organization","name":"UVB Brasil","url":"https:\/\/uvbbrasil.com.br\/","logo":{"@type":"ImageObject","inLanguage":"pt-BR","@id":"https:\/\/uvbbrasil.com.br\/#\/schema\/logo\/image\/","url":"https:\/\/uvbbrasil.com.br\/wp-content\/uploads\/2025\/01\/LOGO-UVB-2024-azul-1.jpg","contentUrl":"https:\/\/uvbbrasil.com.br\/wp-content\/uploads\/2025\/01\/LOGO-UVB-2024-azul-1.jpg","width":600,"height":211,"caption":"UVB Brasil"},"image":{"@id":"https:\/\/uvbbrasil.com.br\/#\/schema\/logo\/image\/"},"sameAs":["https:\/\/www.facebook.com\/uvb.vereadoresbrasil","https:\/\/www.instagram.com\/uvbbrasil\/","https:\/\/www.youtube.com\/channel\/UCIlPQ8Xzw5GHNzosQIg9S5A"]},{"@type":"Person","@id":"https:\/\/uvbbrasil.com.br\/#\/schema\/person\/17990098446c098f52effddff4f1b272","name":"adminuvb","image":{"@type":"ImageObject","inLanguage":"pt-BR","@id":"https:\/\/uvbbrasil.com.br\/#\/schema\/person\/image\/","url":"https:\/\/secure.gravatar.com\/avatar\/1a494ea6f8e2dd1ae526e55b0e9497efdba542491e0620d704cccf63c6f77c45?s=96&d=mm&r=g","contentUrl":"https:\/\/secure.gravatar.com\/avatar\/1a494ea6f8e2dd1ae526e55b0e9497efdba542491e0620d704cccf63c6f77c45?s=96&d=mm&r=g","caption":"adminuvb"},"sameAs":["https:\/\/uvbbrasil.com.br"],"url":"https:\/\/uvbbrasil.com.br\/author\/adminuvb\/"}]}},"_links":{"self":[{"href":"https:\/\/uvbbrasil.com.br\/uvb-json\/wp\/v2\/posts\/3057","targetHints":{"allow":["GET"]}}],"collection":[{"href":"https:\/\/uvbbrasil.com.br\/uvb-json\/wp\/v2\/posts"}],"about":[{"href":"https:\/\/uvbbrasil.com.br\/uvb-json\/wp\/v2\/types\/post"}],"author":[{"embeddable":true,"href":"https:\/\/uvbbrasil.com.br\/uvb-json\/wp\/v2\/users\/1"}],"replies":[{"embeddable":true,"href":"https:\/\/uvbbrasil.com.br\/uvb-json\/wp\/v2\/comments?post=3057"}],"version-history":[{"count":0,"href":"https:\/\/uvbbrasil.com.br\/uvb-json\/wp\/v2\/posts\/3057\/revisions"}],"wp:featuredmedia":[{"embeddable":true,"href":"https:\/\/uvbbrasil.com.br\/uvb-json\/wp\/v2\/media\/3058"}],"wp:attachment":[{"href":"https:\/\/uvbbrasil.com.br\/uvb-json\/wp\/v2\/media?parent=3057"}],"wp:term":[{"taxonomy":"category","embeddable":true,"href":"https:\/\/uvbbrasil.com.br\/uvb-json\/wp\/v2\/categories?post=3057"},{"taxonomy":"post_tag","embeddable":true,"href":"https:\/\/uvbbrasil.com.br\/uvb-json\/wp\/v2\/tags?post=3057"}],"curies":[{"name":"wp","href":"https:\/\/api.w.org\/{rel}","templated":true}]}}