{"id":30010,"date":"2023-06-11T05:03:55","date_gmt":"2023-06-11T08:03:55","guid":{"rendered":"https:\/\/wpsandbox4.pante.com.br\/?p=30010"},"modified":"2023-06-11T05:03:55","modified_gmt":"2023-06-11T08:03:55","slug":"maravilha-sc-maravilhenses-prestigiam-sessao-da-camara-de-vereadores","status":"publish","type":"post","link":"https:\/\/uvbbrasil.com.br\/maravilha-sc-maravilhenses-prestigiam-sessao-da-camara-de-vereadores\/","title":{"rendered":"Maravilha\/SC-Maravilhenses prestigiam sess\u00e3o da C\u00e2mara de Vereadores"},"content":{"rendered":"<p>A primeira sess\u00e3o ordin\u00e1ria do m\u00eas de junho da C\u00e2mara de Vereadores de Maravilha foi prestigiada pela popula\u00e7\u00e3o maravilhense. A sess\u00e3o ocorreu nesta segunda-feira (05), no Plen\u00e1rio Frei Silvestre Gialdi, e contou com a presen\u00e7a dos 11 edis, al\u00e9m dos servidores da Casa.<\/p>\n<div>\n<div>\nO presidente da C\u00e2mara, vereador Gilmar Francisco Castanha (MDB), agradeceu a participa\u00e7\u00e3o dos maravilhenses na sess\u00e3o, tanto pessoalmente quanto pelas redes sociais. \u201cPara n\u00f3s vereadores a presen\u00e7a da popula\u00e7\u00e3o na sess\u00e3o valoriza nosso trabalho e nos faz ver que estamos cumprindo nosso papel\u201d, ressalta, convidando a todos para participarem da pr\u00f3xima sess\u00e3o, que ser\u00e1 segunda-feira (12), \u00e0s 19h.<\/p>\n<p>Inicialmente dois Projetos de Lei foram aprovados em segundo turno. A primeiro, n\u00ba 01\/2023, trata sobre a doa\u00e7\u00e3o de bens m\u00f3veis \u2013 para a Associa\u00e7\u00e3o Empresarial de Maravilha, e o segundo, n\u00ba 016\/2023, ratifica as altera\u00e7\u00f5es realizadas na 9\u00aa altera\u00e7\u00e3o contratual do Conder.<\/p>\n<p>J\u00e1 em primeiro turno tr\u00eas Projetos de Lei Complementar foram aprovados, sendo eles: n\u00ba 04\/2023, fixa o piso salarial aos cargos de t\u00e9cnico em enfermagem, auxiliar de enfermagem e t\u00e9cnico em sa\u00fade bucal; n\u00ba 06\/2022, altera artigos da Lei Municipal Complementar n\u00ba 099\/2016 \u2013 Lei do Parcelamento do Solo; n\u00ba 07\/2022, disp\u00f5e sobre normas relativas as edifica\u00e7\u00f5es do munic\u00edpio de Maravilha \u2013 C\u00f3digo de Obras e Edifica\u00e7\u00f5es. Diante da complexidade dos Projetos 06 e 07\/2022, que foram aprovados em audi\u00eancia p\u00fablica, e que afetam diretamente a popula\u00e7\u00e3o, com refer\u00eancia as cal\u00e7adas por exemplo, e por se tratar de projetos relacionados ao Plano Diretor Municipal, o debate destes assuntos ocuparam grande parte da sess\u00e3o.<\/p>\n<p>Durante a sess\u00e3o tamb\u00e9m foram apreciadas duas mo\u00e7\u00f5es: Mo\u00e7\u00e3o n\u00ba 09\/20203, de autoria do vereador Mozer Matheus de Oliveira (PL); e a Mo\u00e7\u00e3o n\u00ba 010\/2023, de autoria da Bancada do PP. Ambas mo\u00e7\u00f5es foram aprovadas por unanimidade.<\/p>\n<p>Seis indica\u00e7\u00f5es retornaram da Comiss\u00e3o de Finan\u00e7as e foram aprovadas, tamb\u00e9m por unanimidade de votos, sendo elas: Indica\u00e7\u00e3o 053\/2023, de autoria do vereador Francys Ballestreri (MDB); Indica\u00e7\u00e3o n\u00ba 054\/2023, de autoria dos vereadores Gilmar Francisco Castanha (MDB) e S\u00e9rgio Luiz da Silva (MDB); Indica\u00e7\u00e3o n\u00ba 055\/2023, de autoria do vereador S\u00e9rgio Bourschedi (PL); Indica\u00e7\u00e3o n\u00ba 056\/2023, de autoria do vereador Vinicius Ventura (PP); Indica\u00e7\u00e3o n\u00ba 057\/2023, de autoria do vereador S\u00e9rgio Luiz da Silva (MDB); e a Indica\u00e7\u00e3o n\u00ba 058\/2023, de autoria do vereador Natalino Prante (PP).<\/p>\n<p>Ainda durante a sess\u00e3o foi deferido o Requerimento n\u00ba 01\/2023, de autoria dos vereadores Natalino Prante (PP) e Mozer Matheus de Oliveira (PL), que solicita que o Munic\u00edpio, atrav\u00e9s do setor competente, nos envie as seguintes informa\u00e7\u00f5es referente ao valor de R$ 430.007,69, constante na rubrica de &#8220;Incentivo \u00e0 produ\u00e7\u00e3o org\u00e2nica e agroecol\u00f3gica&#8221;, apresentados pelo Controle Interno da Prefeitura Municipal, durante a reuni\u00e3o realizada na Comiss\u00e3o de Finan\u00e7as para apresenta\u00e7\u00e3o das metas fiscais do 1\u00ba quadrimestre de 2023: &#8211; Onde foram investidos os valores do projeto, que totalizam R$ 430.007,69; e &#8211; Quem foram os beneficiados e quais as propriedades.<\/p>\n<p>Deu entrada na sess\u00e3o o Projeto de Resolu\u00e7\u00e3o n\u00ba 01\/2023, de autoria do vereador Vinicius Ventura (PP), e que aprova concess\u00e3o de homenagem \u00e0 R\u00e1dio Difusora Maravilha e d\u00e1 outras provid\u00eancias. Ainda durante a sess\u00e3o a Comiss\u00e3o de Constitui\u00e7\u00e3o e Justi\u00e7a se reuniu e proferiu parecer favor\u00e1vel ao Projeto, que em seguida foi aprovado por unanimidade pelos edis.<\/p>\n<p>Tamb\u00e9m deu entrada na Casa o Substitutivo Global do Projeto de Lei Complementar n\u00ba 03\/2023, de autoria do Poder Executivo Municipal, e as seguintes indica\u00e7\u00f5es:<br \/>\n&#8211; Indica\u00e7\u00e3o n\u00ba 059\/2023, de autoria do vereador Valdemar Roversi (PP);<br \/>\n&#8211; Indica\u00e7\u00e3o n\u00ba 060\/2023, de autoria do vereador Vinicius Ventura (PP);<br \/>\n&#8211; Indica\u00e7\u00e3o n\u00ba 061\/2023, de autoria do vereador S\u00e9rgio Bourscheid (PL).<\/p><\/div>\n<div><img fetchpriority=\"high\" decoding=\"async\" class=\"alignnone size-medium wp-image-30011\" src=\"https:\/\/uvbbrasil.com.br\/wp-content\/uploads\/2023\/06\/202306061700331686081633db24a0-300x169.jpg\" alt=\"\" width=\"300\" height=\"169\" srcset=\"https:\/\/uvbbrasil.com.br\/wp-content\/uploads\/2023\/06\/202306061700331686081633db24a0-300x169.jpg 300w, https:\/\/uvbbrasil.com.br\/wp-content\/uploads\/2023\/06\/202306061700331686081633db24a0-1024x575.jpg 1024w, https:\/\/uvbbrasil.com.br\/wp-content\/uploads\/2023\/06\/202306061700331686081633db24a0-768x432.jpg 768w, https:\/\/uvbbrasil.com.br\/wp-content\/uploads\/2023\/06\/202306061700331686081633db24a0.jpg 1500w\" sizes=\"(max-width: 300px) 100vw, 300px\" \/><\/div>\n<\/div>\n","protected":false},"excerpt":{"rendered":"<p>A primeira sess\u00e3o ordin\u00e1ria do m\u00eas de junho da C\u00e2mara de Vereadores de Maravilha foi prestigiada pela popula\u00e7\u00e3o maravilhense. A&#8230;<\/p>\n","protected":false},"author":1,"featured_media":30011,"comment_status":"open","ping_status":"open","sticky":false,"template":"","format":"standard","meta":{"footnotes":""},"categories":[3],"tags":[],"class_list":["post-30010","post","type-post","status-publish","format-standard","has-post-thumbnail","hentry","category-noticias"],"yoast_head":"<!-- This site is optimized with the Yoast SEO plugin v26.7 - https:\/\/yoast.com\/wordpress\/plugins\/seo\/ -->\n<title>Maravilha\/SC-Maravilhenses prestigiam sess\u00e3o da C\u00e2mara de Vereadores - UVB Brasil<\/title>\n<meta name=\"robots\" content=\"index, follow, max-snippet:-1, max-image-preview:large, max-video-preview:-1\" \/>\n<link rel=\"canonical\" href=\"https:\/\/uvbbrasil.com.br\/maravilha-sc-maravilhenses-prestigiam-sessao-da-camara-de-vereadores\/\" \/>\n<meta property=\"og:locale\" content=\"pt_BR\" \/>\n<meta property=\"og:type\" content=\"article\" \/>\n<meta property=\"og:title\" content=\"Maravilha\/SC-Maravilhenses prestigiam sess\u00e3o da C\u00e2mara de Vereadores - UVB Brasil\" \/>\n<meta property=\"og:description\" content=\"A primeira sess\u00e3o ordin\u00e1ria do m\u00eas de junho da C\u00e2mara de Vereadores de Maravilha foi prestigiada pela popula\u00e7\u00e3o maravilhense. A...\" \/>\n<meta property=\"og:url\" content=\"https:\/\/uvbbrasil.com.br\/maravilha-sc-maravilhenses-prestigiam-sessao-da-camara-de-vereadores\/\" \/>\n<meta property=\"og:site_name\" content=\"UVB Brasil\" \/>\n<meta property=\"article:publisher\" content=\"https:\/\/www.facebook.com\/uvb.vereadoresbrasil\" \/>\n<meta property=\"article:published_time\" content=\"2023-06-11T08:03:55+00:00\" \/>\n<meta property=\"og:image\" content=\"https:\/\/uvbbrasil.com.br\/wp-content\/uploads\/2023\/06\/202306061700331686081633db24a0.jpg\" \/>\n\t<meta property=\"og:image:width\" content=\"1500\" \/>\n\t<meta property=\"og:image:height\" content=\"843\" \/>\n\t<meta property=\"og:image:type\" content=\"image\/jpeg\" \/>\n<meta name=\"author\" content=\"adminuvb\" \/>\n<meta name=\"twitter:card\" content=\"summary_large_image\" \/>\n<meta name=\"twitter:label1\" content=\"Escrito por\" \/>\n\t<meta name=\"twitter:data1\" content=\"adminuvb\" \/>\n\t<meta name=\"twitter:label2\" content=\"Est. tempo de leitura\" \/>\n\t<meta name=\"twitter:data2\" content=\"3 minutos\" \/>\n<script type=\"application\/ld+json\" class=\"yoast-schema-graph\">{\"@context\":\"https:\/\/schema.org\",\"@graph\":[{\"@type\":\"Article\",\"@id\":\"https:\/\/uvbbrasil.com.br\/maravilha-sc-maravilhenses-prestigiam-sessao-da-camara-de-vereadores\/#article\",\"isPartOf\":{\"@id\":\"https:\/\/uvbbrasil.com.br\/maravilha-sc-maravilhenses-prestigiam-sessao-da-camara-de-vereadores\/\"},\"author\":{\"name\":\"adminuvb\",\"@id\":\"https:\/\/uvbbrasil.com.br\/#\/schema\/person\/17990098446c098f52effddff4f1b272\"},\"headline\":\"Maravilha\/SC-Maravilhenses prestigiam sess\u00e3o da C\u00e2mara de Vereadores\",\"datePublished\":\"2023-06-11T08:03:55+00:00\",\"mainEntityOfPage\":{\"@id\":\"https:\/\/uvbbrasil.com.br\/maravilha-sc-maravilhenses-prestigiam-sessao-da-camara-de-vereadores\/\"},\"wordCount\":656,\"commentCount\":0,\"publisher\":{\"@id\":\"https:\/\/uvbbrasil.com.br\/#organization\"},\"image\":{\"@id\":\"https:\/\/uvbbrasil.com.br\/maravilha-sc-maravilhenses-prestigiam-sessao-da-camara-de-vereadores\/#primaryimage\"},\"thumbnailUrl\":\"https:\/\/uvbbrasil.com.br\/wp-content\/uploads\/2023\/06\/202306061700331686081633db24a0.jpg\",\"articleSection\":[\"NOT\u00cdCIAS\"],\"inLanguage\":\"pt-BR\",\"potentialAction\":[{\"@type\":\"CommentAction\",\"name\":\"Comment\",\"target\":[\"https:\/\/uvbbrasil.com.br\/maravilha-sc-maravilhenses-prestigiam-sessao-da-camara-de-vereadores\/#respond\"]}]},{\"@type\":\"WebPage\",\"@id\":\"https:\/\/uvbbrasil.com.br\/maravilha-sc-maravilhenses-prestigiam-sessao-da-camara-de-vereadores\/\",\"url\":\"https:\/\/uvbbrasil.com.br\/maravilha-sc-maravilhenses-prestigiam-sessao-da-camara-de-vereadores\/\",\"name\":\"Maravilha\/SC-Maravilhenses prestigiam sess\u00e3o da C\u00e2mara de Vereadores - UVB Brasil\",\"isPartOf\":{\"@id\":\"https:\/\/uvbbrasil.com.br\/#website\"},\"primaryImageOfPage\":{\"@id\":\"https:\/\/uvbbrasil.com.br\/maravilha-sc-maravilhenses-prestigiam-sessao-da-camara-de-vereadores\/#primaryimage\"},\"image\":{\"@id\":\"https:\/\/uvbbrasil.com.br\/maravilha-sc-maravilhenses-prestigiam-sessao-da-camara-de-vereadores\/#primaryimage\"},\"thumbnailUrl\":\"https:\/\/uvbbrasil.com.br\/wp-content\/uploads\/2023\/06\/202306061700331686081633db24a0.jpg\",\"datePublished\":\"2023-06-11T08:03:55+00:00\",\"breadcrumb\":{\"@id\":\"https:\/\/uvbbrasil.com.br\/maravilha-sc-maravilhenses-prestigiam-sessao-da-camara-de-vereadores\/#breadcrumb\"},\"inLanguage\":\"pt-BR\",\"potentialAction\":[{\"@type\":\"ReadAction\",\"target\":[\"https:\/\/uvbbrasil.com.br\/maravilha-sc-maravilhenses-prestigiam-sessao-da-camara-de-vereadores\/\"]}]},{\"@type\":\"ImageObject\",\"inLanguage\":\"pt-BR\",\"@id\":\"https:\/\/uvbbrasil.com.br\/maravilha-sc-maravilhenses-prestigiam-sessao-da-camara-de-vereadores\/#primaryimage\",\"url\":\"https:\/\/uvbbrasil.com.br\/wp-content\/uploads\/2023\/06\/202306061700331686081633db24a0.jpg\",\"contentUrl\":\"https:\/\/uvbbrasil.com.br\/wp-content\/uploads\/2023\/06\/202306061700331686081633db24a0.jpg\",\"width\":1500,\"height\":843},{\"@type\":\"BreadcrumbList\",\"@id\":\"https:\/\/uvbbrasil.com.br\/maravilha-sc-maravilhenses-prestigiam-sessao-da-camara-de-vereadores\/#breadcrumb\",\"itemListElement\":[{\"@type\":\"ListItem\",\"position\":1,\"name\":\"In\u00edcio\",\"item\":\"https:\/\/uvbbrasil.com.br\/\"},{\"@type\":\"ListItem\",\"position\":2,\"name\":\"Maravilha\/SC-Maravilhenses prestigiam sess\u00e3o da C\u00e2mara de Vereadores\"}]},{\"@type\":\"WebSite\",\"@id\":\"https:\/\/uvbbrasil.com.br\/#website\",\"url\":\"https:\/\/uvbbrasil.com.br\/\",\"name\":\"UVB Brasil\",\"description\":\"Uni\u00e3o dos Vereadores do Brasil\",\"publisher\":{\"@id\":\"https:\/\/uvbbrasil.com.br\/#organization\"},\"potentialAction\":[{\"@type\":\"SearchAction\",\"target\":{\"@type\":\"EntryPoint\",\"urlTemplate\":\"https:\/\/uvbbrasil.com.br\/?s={search_term_string}\"},\"query-input\":{\"@type\":\"PropertyValueSpecification\",\"valueRequired\":true,\"valueName\":\"search_term_string\"}}],\"inLanguage\":\"pt-BR\"},{\"@type\":\"Organization\",\"@id\":\"https:\/\/uvbbrasil.com.br\/#organization\",\"name\":\"UVB Brasil\",\"url\":\"https:\/\/uvbbrasil.com.br\/\",\"logo\":{\"@type\":\"ImageObject\",\"inLanguage\":\"pt-BR\",\"@id\":\"https:\/\/uvbbrasil.com.br\/#\/schema\/logo\/image\/\",\"url\":\"https:\/\/uvbbrasil.com.br\/wp-content\/uploads\/2025\/01\/LOGO-UVB-2024-azul-1.jpg\",\"contentUrl\":\"https:\/\/uvbbrasil.com.br\/wp-content\/uploads\/2025\/01\/LOGO-UVB-2024-azul-1.jpg\",\"width\":600,\"height\":211,\"caption\":\"UVB Brasil\"},\"image\":{\"@id\":\"https:\/\/uvbbrasil.com.br\/#\/schema\/logo\/image\/\"},\"sameAs\":[\"https:\/\/www.facebook.com\/uvb.vereadoresbrasil\",\"https:\/\/www.instagram.com\/uvbbrasil\/\",\"https:\/\/www.youtube.com\/channel\/UCIlPQ8Xzw5GHNzosQIg9S5A\"]},{\"@type\":\"Person\",\"@id\":\"https:\/\/uvbbrasil.com.br\/#\/schema\/person\/17990098446c098f52effddff4f1b272\",\"name\":\"adminuvb\",\"image\":{\"@type\":\"ImageObject\",\"inLanguage\":\"pt-BR\",\"@id\":\"https:\/\/uvbbrasil.com.br\/#\/schema\/person\/image\/\",\"url\":\"https:\/\/secure.gravatar.com\/avatar\/1a494ea6f8e2dd1ae526e55b0e9497efdba542491e0620d704cccf63c6f77c45?s=96&d=mm&r=g\",\"contentUrl\":\"https:\/\/secure.gravatar.com\/avatar\/1a494ea6f8e2dd1ae526e55b0e9497efdba542491e0620d704cccf63c6f77c45?s=96&d=mm&r=g\",\"caption\":\"adminuvb\"},\"sameAs\":[\"https:\/\/uvbbrasil.com.br\"],\"url\":\"https:\/\/uvbbrasil.com.br\/author\/adminuvb\/\"}]}<\/script>\n<!-- \/ Yoast SEO plugin. -->","yoast_head_json":{"title":"Maravilha\/SC-Maravilhenses prestigiam sess\u00e3o da C\u00e2mara de Vereadores - UVB Brasil","robots":{"index":"index","follow":"follow","max-snippet":"max-snippet:-1","max-image-preview":"max-image-preview:large","max-video-preview":"max-video-preview:-1"},"canonical":"https:\/\/uvbbrasil.com.br\/maravilha-sc-maravilhenses-prestigiam-sessao-da-camara-de-vereadores\/","og_locale":"pt_BR","og_type":"article","og_title":"Maravilha\/SC-Maravilhenses prestigiam sess\u00e3o da C\u00e2mara de Vereadores - UVB Brasil","og_description":"A primeira sess\u00e3o ordin\u00e1ria do m\u00eas de junho da C\u00e2mara de Vereadores de Maravilha foi prestigiada pela popula\u00e7\u00e3o maravilhense. A...","og_url":"https:\/\/uvbbrasil.com.br\/maravilha-sc-maravilhenses-prestigiam-sessao-da-camara-de-vereadores\/","og_site_name":"UVB Brasil","article_publisher":"https:\/\/www.facebook.com\/uvb.vereadoresbrasil","article_published_time":"2023-06-11T08:03:55+00:00","og_image":[{"width":1500,"height":843,"url":"https:\/\/uvbbrasil.com.br\/wp-content\/uploads\/2023\/06\/202306061700331686081633db24a0.jpg","type":"image\/jpeg"}],"author":"adminuvb","twitter_card":"summary_large_image","twitter_misc":{"Escrito por":"adminuvb","Est. tempo de leitura":"3 minutos"},"schema":{"@context":"https:\/\/schema.org","@graph":[{"@type":"Article","@id":"https:\/\/uvbbrasil.com.br\/maravilha-sc-maravilhenses-prestigiam-sessao-da-camara-de-vereadores\/#article","isPartOf":{"@id":"https:\/\/uvbbrasil.com.br\/maravilha-sc-maravilhenses-prestigiam-sessao-da-camara-de-vereadores\/"},"author":{"name":"adminuvb","@id":"https:\/\/uvbbrasil.com.br\/#\/schema\/person\/17990098446c098f52effddff4f1b272"},"headline":"Maravilha\/SC-Maravilhenses prestigiam sess\u00e3o da C\u00e2mara de Vereadores","datePublished":"2023-06-11T08:03:55+00:00","mainEntityOfPage":{"@id":"https:\/\/uvbbrasil.com.br\/maravilha-sc-maravilhenses-prestigiam-sessao-da-camara-de-vereadores\/"},"wordCount":656,"commentCount":0,"publisher":{"@id":"https:\/\/uvbbrasil.com.br\/#organization"},"image":{"@id":"https:\/\/uvbbrasil.com.br\/maravilha-sc-maravilhenses-prestigiam-sessao-da-camara-de-vereadores\/#primaryimage"},"thumbnailUrl":"https:\/\/uvbbrasil.com.br\/wp-content\/uploads\/2023\/06\/202306061700331686081633db24a0.jpg","articleSection":["NOT\u00cdCIAS"],"inLanguage":"pt-BR","potentialAction":[{"@type":"CommentAction","name":"Comment","target":["https:\/\/uvbbrasil.com.br\/maravilha-sc-maravilhenses-prestigiam-sessao-da-camara-de-vereadores\/#respond"]}]},{"@type":"WebPage","@id":"https:\/\/uvbbrasil.com.br\/maravilha-sc-maravilhenses-prestigiam-sessao-da-camara-de-vereadores\/","url":"https:\/\/uvbbrasil.com.br\/maravilha-sc-maravilhenses-prestigiam-sessao-da-camara-de-vereadores\/","name":"Maravilha\/SC-Maravilhenses prestigiam sess\u00e3o da C\u00e2mara de Vereadores - UVB Brasil","isPartOf":{"@id":"https:\/\/uvbbrasil.com.br\/#website"},"primaryImageOfPage":{"@id":"https:\/\/uvbbrasil.com.br\/maravilha-sc-maravilhenses-prestigiam-sessao-da-camara-de-vereadores\/#primaryimage"},"image":{"@id":"https:\/\/uvbbrasil.com.br\/maravilha-sc-maravilhenses-prestigiam-sessao-da-camara-de-vereadores\/#primaryimage"},"thumbnailUrl":"https:\/\/uvbbrasil.com.br\/wp-content\/uploads\/2023\/06\/202306061700331686081633db24a0.jpg","datePublished":"2023-06-11T08:03:55+00:00","breadcrumb":{"@id":"https:\/\/uvbbrasil.com.br\/maravilha-sc-maravilhenses-prestigiam-sessao-da-camara-de-vereadores\/#breadcrumb"},"inLanguage":"pt-BR","potentialAction":[{"@type":"ReadAction","target":["https:\/\/uvbbrasil.com.br\/maravilha-sc-maravilhenses-prestigiam-sessao-da-camara-de-vereadores\/"]}]},{"@type":"ImageObject","inLanguage":"pt-BR","@id":"https:\/\/uvbbrasil.com.br\/maravilha-sc-maravilhenses-prestigiam-sessao-da-camara-de-vereadores\/#primaryimage","url":"https:\/\/uvbbrasil.com.br\/wp-content\/uploads\/2023\/06\/202306061700331686081633db24a0.jpg","contentUrl":"https:\/\/uvbbrasil.com.br\/wp-content\/uploads\/2023\/06\/202306061700331686081633db24a0.jpg","width":1500,"height":843},{"@type":"BreadcrumbList","@id":"https:\/\/uvbbrasil.com.br\/maravilha-sc-maravilhenses-prestigiam-sessao-da-camara-de-vereadores\/#breadcrumb","itemListElement":[{"@type":"ListItem","position":1,"name":"In\u00edcio","item":"https:\/\/uvbbrasil.com.br\/"},{"@type":"ListItem","position":2,"name":"Maravilha\/SC-Maravilhenses prestigiam sess\u00e3o da C\u00e2mara de Vereadores"}]},{"@type":"WebSite","@id":"https:\/\/uvbbrasil.com.br\/#website","url":"https:\/\/uvbbrasil.com.br\/","name":"UVB Brasil","description":"Uni\u00e3o dos Vereadores do Brasil","publisher":{"@id":"https:\/\/uvbbrasil.com.br\/#organization"},"potentialAction":[{"@type":"SearchAction","target":{"@type":"EntryPoint","urlTemplate":"https:\/\/uvbbrasil.com.br\/?s={search_term_string}"},"query-input":{"@type":"PropertyValueSpecification","valueRequired":true,"valueName":"search_term_string"}}],"inLanguage":"pt-BR"},{"@type":"Organization","@id":"https:\/\/uvbbrasil.com.br\/#organization","name":"UVB Brasil","url":"https:\/\/uvbbrasil.com.br\/","logo":{"@type":"ImageObject","inLanguage":"pt-BR","@id":"https:\/\/uvbbrasil.com.br\/#\/schema\/logo\/image\/","url":"https:\/\/uvbbrasil.com.br\/wp-content\/uploads\/2025\/01\/LOGO-UVB-2024-azul-1.jpg","contentUrl":"https:\/\/uvbbrasil.com.br\/wp-content\/uploads\/2025\/01\/LOGO-UVB-2024-azul-1.jpg","width":600,"height":211,"caption":"UVB Brasil"},"image":{"@id":"https:\/\/uvbbrasil.com.br\/#\/schema\/logo\/image\/"},"sameAs":["https:\/\/www.facebook.com\/uvb.vereadoresbrasil","https:\/\/www.instagram.com\/uvbbrasil\/","https:\/\/www.youtube.com\/channel\/UCIlPQ8Xzw5GHNzosQIg9S5A"]},{"@type":"Person","@id":"https:\/\/uvbbrasil.com.br\/#\/schema\/person\/17990098446c098f52effddff4f1b272","name":"adminuvb","image":{"@type":"ImageObject","inLanguage":"pt-BR","@id":"https:\/\/uvbbrasil.com.br\/#\/schema\/person\/image\/","url":"https:\/\/secure.gravatar.com\/avatar\/1a494ea6f8e2dd1ae526e55b0e9497efdba542491e0620d704cccf63c6f77c45?s=96&d=mm&r=g","contentUrl":"https:\/\/secure.gravatar.com\/avatar\/1a494ea6f8e2dd1ae526e55b0e9497efdba542491e0620d704cccf63c6f77c45?s=96&d=mm&r=g","caption":"adminuvb"},"sameAs":["https:\/\/uvbbrasil.com.br"],"url":"https:\/\/uvbbrasil.com.br\/author\/adminuvb\/"}]}},"_links":{"self":[{"href":"https:\/\/uvbbrasil.com.br\/uvb-json\/wp\/v2\/posts\/30010","targetHints":{"allow":["GET"]}}],"collection":[{"href":"https:\/\/uvbbrasil.com.br\/uvb-json\/wp\/v2\/posts"}],"about":[{"href":"https:\/\/uvbbrasil.com.br\/uvb-json\/wp\/v2\/types\/post"}],"author":[{"embeddable":true,"href":"https:\/\/uvbbrasil.com.br\/uvb-json\/wp\/v2\/users\/1"}],"replies":[{"embeddable":true,"href":"https:\/\/uvbbrasil.com.br\/uvb-json\/wp\/v2\/comments?post=30010"}],"version-history":[{"count":0,"href":"https:\/\/uvbbrasil.com.br\/uvb-json\/wp\/v2\/posts\/30010\/revisions"}],"wp:featuredmedia":[{"embeddable":true,"href":"https:\/\/uvbbrasil.com.br\/uvb-json\/wp\/v2\/media\/30011"}],"wp:attachment":[{"href":"https:\/\/uvbbrasil.com.br\/uvb-json\/wp\/v2\/media?parent=30010"}],"wp:term":[{"taxonomy":"category","embeddable":true,"href":"https:\/\/uvbbrasil.com.br\/uvb-json\/wp\/v2\/categories?post=30010"},{"taxonomy":"post_tag","embeddable":true,"href":"https:\/\/uvbbrasil.com.br\/uvb-json\/wp\/v2\/tags?post=30010"}],"curies":[{"name":"wp","href":"https:\/\/api.w.org\/{rel}","templated":true}]}}