{"id":30007,"date":"2023-06-10T06:51:24","date_gmt":"2023-06-10T09:51:24","guid":{"rendered":"https:\/\/wpsandbox4.pante.com.br\/?p=30007"},"modified":"2023-06-10T06:51:24","modified_gmt":"2023-06-10T09:51:24","slug":"assis-sp-camara-aprova-reclassificacao-de-cargos-e-salarios-de-servidores-da-saude-e-educacao","status":"publish","type":"post","link":"https:\/\/uvbbrasil.com.br\/assis-sp-camara-aprova-reclassificacao-de-cargos-e-salarios-de-servidores-da-saude-e-educacao\/","title":{"rendered":"Assis\/SP-C\u00e2mara aprova reclassifica\u00e7\u00e3o de cargos e sal\u00e1rios de servidores da Sa\u00fade e Educa\u00e7\u00e3o"},"content":{"rendered":"<div class=\"newsImageContainer\">C\u00e2mara de Assis\/SP -PROJETO DE LEI N\u00ba 60\/2023 &#8211; Institui o Programa de Recupera\u00e7\u00e3o Fiscal &#8211; REFIS, no Munic\u00edpio de Assis e d\u00e1 outras provid\u00eancias.<\/div>\n<div id=\"parent-fieldname-text\">\n<p>Fica institu\u00eddo, no \u00e2mbito da Administra\u00e7\u00e3o Direta e Indireta do Munic\u00edpio de Assis, o Programa de Recupera\u00e7\u00e3o Fiscal &#8211; REFIS, destinado a:<br \/>\nI &#8211; Promover a regulariza\u00e7\u00e3o de cr\u00e9ditos no munic\u00edpio, decorrentes de d\u00e9bitos de contribuintes, tribut\u00e1rios e n\u00e3o tribut\u00e1rios constitu\u00eddos ou n\u00e3o, inscritos ou n\u00e3o em d\u00edvida ativa, ajuizados ou a ajuizar, com exigibilidade suspensa ou n\u00e3o, inclusive os decorrentes de falta de recolhimento de valores retidos, al\u00e9m dos acordos adimplentes, inadimplentes;<br \/>\nII &#8211; Possibilitar a recupera\u00e7\u00e3o dos contribuintes e empresas que estejam devidamente inscritos nos cadastros mobili\u00e1rios e imobili\u00e1rios do Munic\u00edpio.<br \/>\n\u00a7 1\u00ba &#8211; O REFIS institu\u00eddo por esta Lei n\u00e3o se aplica aos cr\u00e9ditos tribut\u00e1rios e n\u00e3o tribut\u00e1rios do exerc\u00edcio corrente.<br \/>\n\u00a7 2\u00ba &#8211; O REFIS ser\u00e1 administrado pela Secretaria Municipal da Fazenda.<br \/>\n\u00a7 3\u00ba &#8211; Os d\u00e9bitos prescritos, inscritos at\u00e9 o exerc\u00edcio de 2017 ser\u00e3o automaticamente extintos, sem a necessidade de comunica\u00e7\u00e3o pr\u00e9via ou por escrito.<br \/>\n\u00a7 4\u00ba &#8211; As inscri\u00e7\u00f5es de contribuintes do cadastro mobili\u00e1rio, alvar\u00e1s de licen\u00e7a de localiza\u00e7\u00e3o e fiscaliza\u00e7\u00e3o de funcionamento e do imposto sobre os servi\u00e7os de qualquer natureza, beneficiadas pelo cancelamento de seus d\u00e9bitos, que est\u00e3o bloqueadas por falta de localiza\u00e7\u00e3o do contribuinte e\/ou por falta de pagamento, ser\u00e3o canceladas mediante Laudo de Vistoria e de Edital da Fazenda Municipal.\u00a0<strong><a class=\"external-link\" title=\"\" href=\"https:\/\/sapl.assis.sp.leg.br\/consultas\/materia\/materia_mostrar_proc?cod_materia=180730\" target=\"_blank\" rel=\"noopener\">(LEIA NA \u00cdNTEGRA)<\/a><\/strong><\/p>\n<p><strong>\u00a0<a class=\"external-link\" title=\"\" href=\"https:\/\/sapl.assis.sp.leg.br\/pysc\/download_materia_pysc?cod_materia=MTgwODA1&amp;texto_original=1\" target=\"_blank\" rel=\"noopener\">PROJETO DE LEI N\u00ba 107\/2023\u00a0<\/a>&#8211;<\/strong>\u00a0Prefeito Municipal &#8211; Aprovado por 13 votos favor\u00e1veis &#8211; 1 Aus\u00eancia<\/p>\n<p>PROJETO DE LEI N\u00ba 66\/2023 &#8211; Disp\u00f5e sobre a abertura de Cr\u00e9dito Adicional Especial para os fins que especifica, no valor de R$ 31.871,05 (trinta e um mil oitocentos e setenta e um reais e cinco centavos), junto a unidade or\u00e7ament\u00e1ria da Secretaria Municipal de Assist\u00eancia Social.<\/p>\n<p>Assim procedemos, tendo em vista que nosso munic\u00edpio foi contemplado com recursos federais advindos do Programa de Fortalecimento Emergencial do Atendimento do Cadastro \u00danico no Sistema \u00danico da Assist\u00eancia Social (PROCAD \u2013 SUAS), nos termos da Resolu\u00e7\u00e3o CNAS\/MDS n\u00ba 96, de 15 de fevereiro de 2023, cuja c\u00f3pia segue em apenso. Os recursos j\u00e1 se encontram repassados pelo Minist\u00e9rio do Desenvolvimento e Assist\u00eancia Social, Fam\u00edlia e Combate \u00e0 Fome, durante o exerc\u00edcio de 2023 e ser\u00e3o aplicados em material de consumo, outros servi\u00e7os de terceiros \u2013 pessoa jur\u00eddica e equipamentos e material permanente, junto ao CRAS \u2013 Centro de Refer\u00eancia de Assist\u00eancia Social.\u00a0<strong><a class=\"external-link\" title=\"\" href=\"https:\/\/sapl.assis.sp.leg.br\/pysc\/download_materia_pysc?cod_materia=MTgwODA1&amp;texto_original=1\" target=\"_blank\" rel=\"noopener\">(LEIA NA \u00cdNTEGRA)\u00a0<\/a><\/strong><\/p>\n<p><strong><a class=\"external-link\" title=\"\" href=\"https:\/\/sapl.assis.sp.leg.br\/pysc\/download_materia_pysc?cod_materia=MTgwMTQx&amp;texto_original=1\" target=\"_blank\" rel=\"noopener\">PROJETO DE LEI N\u00ba 32\/2023<\/a><\/strong>\u00a0&#8211; Fernando Sirchia, Fabinho Alerta Verbal<\/p>\n<p><strong>Pedido de Adiamento feito perlo vereador Alexandre Cachorr\u00e3o, por uma sess\u00e3o<\/strong><\/p>\n<p>Disp\u00f5e sobre normas de publicidade e transpar\u00eancia na agenda institucional dos agentes pol\u00edticos nos cargos que define.<\/p>\n<p>Art. 1\u00ba Esta Lei estabelece normas sobre a transpar\u00eancia e a publicidade das agendas institucionais do Prefeito, do Vice-prefeito, dos Secret\u00e1rios Municipais e dos ocupantes dos cargos de presid\u00eancia ou equivalente em empresas p\u00fablicas, sociedades de economia mista, funda\u00e7\u00f5es p\u00fablicas e autarquias no \u00e2mbito do Munic\u00edpio de Assis<br \/>\nArt. 2\u00ba Os agentes elencados no art. 1\u00ba dever\u00e3o divulgar, diariamente, por meio da rede mundial de computadores \u2013 internet, sua agenda de compromissos p\u00fablicos. \u00a7 1\u00ba A agenda de compromissos p\u00fablicos poder\u00e1 ser alterada, devendo a justificativa ser registrada expressamente no s\u00edtio em que se encontra a agenda. \u00a7 2\u00ba As informa\u00e7\u00f5es dever\u00e3o ser de f\u00e1cil acesso ao p\u00fablico, preferencialmente vinculadas nos sites oficiais da Prefeitura Municipal ou dos \u00f3rg\u00e3os correspondentes.<\/p>\n<p><strong><a class=\"external-link\" title=\"\" href=\"https:\/\/sapl.assis.sp.leg.br\/pysc\/download_materia_pysc?cod_materia=MTgwMTQx&amp;texto_original=1\" target=\"_blank\" rel=\"noopener\">(LEIA NA \u00cdNTEGRA)\u00a0<\/a><\/strong><\/p>\n<p><strong><a class=\"external-link\" title=\"\" href=\"https:\/\/sapl.assis.sp.leg.br\/pysc\/download_materia_pysc?cod_materia=MTgwNDIz&amp;texto_original=1\" target=\"_blank\" rel=\"noopener\">PROJETO DE LEI N\u00ba 58\/2023\u00a0<\/a>&#8211;\u00a0<\/strong>Prefeito Municipal &#8211; Aprovado por 13 votos &#8211; 1 Aus\u00eancia<\/p>\n<p>PROJETO DE LEI N\u00ba 36\/2023 &#8211; Disp\u00f5e sobre a abertura de Cr\u00e9dito Adicional Especial para os fins que especifica, , no valor de R$ 113.849,10 (cento e treze mil oitocentos e quarenta e nove reais e dez centavos), junto \u00e0 Unidade Or\u00e7ament\u00e1ria da Secretaria Municipal de Assist\u00eancia Social.<\/p>\n<p>A presente medida se justifica, tendo em vista a necessidade de cria\u00e7\u00e3o de dota\u00e7\u00e3o or\u00e7ament\u00e1ria espec\u00edfica, a fim de ocorrer com saldo existente em conta corrente do Fundo Municipal de Assist\u00eancia Social, oriundo de repasse do Governo Federal destinado para a\u00e7\u00f5es de combate ao COVID-19, nos termos da Portaria n\u00ba 378, destinado ao incremento tempor\u00e1rio ao Bloco de Prote\u00e7\u00e3o Social B\u00e1sica e para o incremento tempor\u00e1rio ao Bloco de Prote\u00e7\u00e3o Social Especial do SUAS, que necessita ser reprogramado a fim de ser utilizado neste exerc\u00edcio, conforme determina o Minist\u00e9rio de Desenvolvimento Social.<strong>\u00a0<a class=\"external-link\" title=\"\" href=\"https:\/\/sapl.assis.sp.leg.br\/pysc\/download_materia_pysc?cod_materia=MTgwNDIz&amp;texto_original=1\" target=\"_blank\" rel=\"noopener\">(LEIA NA \u00cdNTEGRA)\u00a0<\/a><\/strong><\/p>\n<p><a class=\"external-link\" title=\"\" href=\"https:\/\/sapl.assis.sp.leg.br\/pysc\/download_materia_pysc?cod_materia=MTgwNTA1&amp;texto_original=1\" target=\"_blank\" rel=\"noopener\"><strong>PROJETO DE LEI N\u00ba 63\/2023<\/strong>\u00a0<\/a>&#8211; Prefeito Municipal &#8211; Aprovado por 14 votos<\/p>\n<p><strong>PROJETO DE LEI N\u00ba 39\/2023<\/strong>\u00a0&#8211; Disp\u00f5e sobre a abertura de Cr\u00e9dito Adicional Especial para os fins que especifica, no valor de R$ 124.585,02 (cento e vinte e quatro mil quinhentos e oitenta e cinco reais e dois centavos) junto a unidade or\u00e7ament\u00e1ria da Secretaria Municipal de Sa\u00fade.<\/p>\n<p>Trata-se de cria\u00e7\u00e3o de dota\u00e7\u00e3o or\u00e7ament\u00e1ria espec\u00edfica para ocorrer com recursos disponibilizado pelo Governo do Estado de S\u00e3o Paulo, por meio da Resolu\u00e7\u00e3o SS n\u00ba 26 de 17\/02\/2023, para pagamento de valores complementares da produ\u00e7\u00e3o de cirurgias eletivas.\u00a0<strong><a class=\"external-link\" title=\"\" href=\"https:\/\/sapl.assis.sp.leg.br\/pysc\/download_materia_pysc?cod_materia=MTgwNTA1&amp;texto_original=1\" target=\"_blank\" rel=\"noopener\">(LEIA NA \u00cdNTEGRA)<br \/>\n<\/a><\/strong><\/p>\n<p><strong><a class=\"external-link\" title=\"\" href=\"https:\/\/sapl.assis.sp.leg.br\/pysc\/download_materia_pysc?cod_materia=MTgwNjYw&amp;texto_original=1\" target=\"_blank\" rel=\"noopener\">PROJETO DE LEI N\u00ba 87\/2023 &#8211;\u00a0<\/a><\/strong>Viviane Del Massa &#8211; Aprovado por 14 votos<\/p>\n<p>Disp\u00f5e sobre denomina\u00e7\u00e3o da Rua 01 do Loteamento Jardim Sul de Rua &#8220;M\u00e1rio Ambr\u00f3zio&#8221;.<strong><a class=\"external-link\" title=\"\" href=\"https:\/\/sapl.assis.sp.leg.br\/pysc\/download_materia_pysc?cod_materia=MTgwNjYw&amp;texto_original=1\" target=\"_blank\" rel=\"noopener\"><br \/>\n<\/a><\/strong><\/p>\n<p>Nosso Amigo Mario Ambrozio, pregou e disseminou a amizade por onde passou, socio fundador da Comitiva ATA (Associa\u00e7\u00e3o dos Tropeiros de Assis), gostava muito de cavalgar, participar de cavalgadas e romarias no lombo de suas mulas, deixou in\u00fameros amigos pelo nosso imenso estado e pelo Brasil, brincalh\u00e3o mais sempre s\u00e9rio na hora que era preciso, sua fam\u00edlia e seus amigos sempre o lembram seja qual for o motivo da conversa. Porem veio a Pandemia do Covid 19, onde perdemos in\u00fameros entes queridos e ate nos dias de hoje ainda sofremos com essa doen\u00e7a que ceifou de nossos lares nos parentes e amigos ao redor do mundo.<\/p>\n<p><strong><a class=\"external-link\" title=\"\" href=\"https:\/\/sapl.assis.sp.leg.br\/pysc\/download_materia_pysc?cod_materia=MTgwNjYw&amp;texto_original=1\" target=\"_blank\" rel=\"noopener\">(LEIA NA \u00cdNTEGRA)\u00a0<\/a><\/strong><\/p>\n<p><strong><a class=\"external-link\" title=\"\" href=\"https:\/\/sapl.assis.sp.leg.br\/pysc\/download_materia_pysc?cod_materia=MTgwNzI4&amp;texto_original=1\" target=\"_blank\" rel=\"noopener\">PROJETO DE LEI N\u00ba 96\/2023<\/a>\u00a0&#8211;<\/strong>\u00a0Luiz Antonio Ram\u00e3o &#8211;<\/p>\n<p><strong>Solicita\u00e7\u00e3o de adiamento por uma sess\u00e3o,\u00a0 feita pelo vereador Luiz Antonio Ram\u00e3o<\/strong><\/p>\n<p>Disp\u00f5e sobre o atendimento preferencial aos portadores de fibromialgia nos locais que especifica e d\u00e1 outras provid\u00eancias.<\/p>\n<p>Al\u00e9m das dores generalizadas, a pessoa com fibromialgia pode apresentar outros sintomas que incluem fadiga, altera\u00e7\u00f5es do sono, ansiedade, depress\u00e3o, altera\u00e7\u00f5es cognitivas, dores de cabe\u00e7a, entre outros. Segundo estimativas da Sociedade Brasileira de Reumatologia, a fibromialgia afeta 2,5% da popula\u00e7\u00e3o mundial, sem diferen\u00e7as entre nacionalidades ou condi\u00e7\u00f5es socioecon\u00f4micas, sendo predominante no sexo feminino. De cada 10 (dez) pacientes diagnosticados, 8 (oito) s\u00e3o mulheres com idade entre 30 e 50 anos, embora existam pacientes mais jovens e mais velhos. No Brasil, ela atinge em torno de cinco milh\u00f5es de pessoas.\u00a0<strong><a class=\"external-link\" title=\"\" href=\"https:\/\/sapl.assis.sp.leg.br\/pysc\/download_materia_pysc?cod_materia=MTgwNzI4&amp;texto_original=1\" target=\"_blank\" rel=\"noopener\">(LEIA NA \u00cdNTEGRA)\u00a0<\/a><\/strong><\/p>\n<p><strong><a class=\"external-link\" title=\"\" href=\"https:\/\/sapl.assis.sp.leg.br\/pysc\/download_materia_pysc?cod_materia=MTgwNzI5&amp;texto_original=1\" target=\"_blank\" rel=\"noopener\">PROJETO DE LEI N\u00ba 97\/2023\u00a0<\/a>&#8211;\u00a0<\/strong>Prefeito Municipal &#8211;\u00a0<strong>Aprovado por 14 votos\u00a0<\/strong><\/p>\n<p>PROJETO DE LEI N\u00ba 59\/2023 &#8211; Disp\u00f5e sobre altera\u00e7\u00f5es nos Quadros de Pessoal da Prefeitura Municipal de Assis e d\u00e1 outras provid\u00eancias.<\/p>\n<p>Tenho a honra de vir \u00e0 presen\u00e7a de Vossa Excel\u00eancia, a fim de apresentar o incluso Projeto de Lei que tem por finalidade proceder altera\u00e7\u00f5es no Quadro de Pessoal de Carreira P\u00fablico Municipal.<br \/>\nPrimeiramente, a presente iniciativa visa reclassificar as refer\u00eancias dos cargos de Professor de Desenvolvimento Infantil, Professor de Educa\u00e7\u00e3o B\u00e1sica \u2013 PEB I \u2013 Ensino Fundamental I 30 h e Professor de Educa\u00e7\u00e3o B\u00e1sica \u2013 PEB I \u2013 Educa\u00e7\u00e3o Infantil 25 h.<br \/>\nEssa medida \u00e9 extremamente necess\u00e1ria, uma vez que embora a Prefeitura tenha garantido o pagamento do piso salarial relativo a 2021 por meio de pagamento da diferen\u00e7a de valores entre a refer\u00eancia prevista no quadro de pessoal e o valor definido pelo Governo Federal, faz-se imprescind\u00edvel que seja ajustada a situa\u00e7\u00e3o dos referidos cargos.\u00a0<strong><a class=\"external-link\" title=\"\" href=\"https:\/\/sapl.assis.sp.leg.br\/pysc\/download_materia_pysc?cod_materia=MTgwNzI5&amp;texto_original=1\" target=\"_blank\" rel=\"noopener\">(LEIA NA \u00cdNTEGRA)\u00a0<\/a><\/strong><\/p>\n<p><strong><a class=\"external-link\" title=\"\" href=\"https:\/\/sapl.assis.sp.leg.br\/pysc\/download_materia_pysc?cod_materia=MTgwNzMy&amp;texto_original=1\" target=\"_blank\" rel=\"noopener\">PROJETO DE LEI N\u00ba 100\/2023\u00a0<\/a>&#8211;\u00a0<\/strong>Prefeito Municipal &#8211; Aprovado por 14 votos<\/p>\n<p>PROJETO DE LEI N\u00ba 62\/2023 &#8211; Disp\u00f5e sobre a abertura de Cr\u00e9dito Adicional Especial para os fins que especifica, no valor de R$ 34.373,08 (trinta e quatro mil trezentos e setenta e tr\u00eas reais e oito centavos), junto a unidade or\u00e7ament\u00e1ria da Secretaria Municipal de Sa\u00fade.<\/p>\n<p>Trata-se de cria\u00e7\u00e3o de dota\u00e7\u00e3o or\u00e7ament\u00e1ria espec\u00edfica para ocorrer com recursos disponibilizado pelo Governo Federal destinado \u00e0 APAE \u2013 Associa\u00e7\u00e3o de Pais e Amigos dos Excepcionais de Assis, por meio da Portaria GM\/MS n\u00ba 443 de 03\/04\/2023 (em anexo), para pagamento de valores relativos ao aux\u00edlio financeiro \u00e0s entidades privadas sem fins lucrativos que complementam o Sistema \u00danico de Sa\u00fade \u2013 SUS, referente a diferen\u00e7a entre os saldos financeiros remanescentes de exerc\u00edcios anteriores a 2018 e o montante estabelecido na Portaria GM\/MS n\u00ba 96 de 07\/02\/2023, nos termos da Lei Complementar n\u00ba 197 de 06 de dezembro de 2022.<strong>\u00a0<a class=\"external-link\" title=\"\" href=\"https:\/\/sapl.assis.sp.leg.br\/pysc\/download_materia_pysc?cod_materia=MTgwNzMy&amp;texto_original=1\" target=\"_blank\" rel=\"noopener\">(LEIA NA \u00cdNTEGRA)<\/a><\/strong><\/p>\n<p><strong><a class=\"external-link\" title=\"\" href=\"https:\/\/sapl.assis.sp.leg.br\/pysc\/download_materia_pysc?cod_materia=MTgwNzMz&amp;texto_original=1\" target=\"_blank\" rel=\"noopener\">PROJETO DE LEI N\u00ba 101\/2023<\/a>\u00a0&#8211;\u00a0<\/strong>Prefeito Municipal- 14 votos<\/p>\n<p>PROJETO DE LEI N\u00ba 63\/2023 &#8211; Disp\u00f5e sobre a abertura de Cr\u00e9dito Adicional Especial para os fins que especifica, no valor de R$ 1.129.463,65 (um milh\u00e3o cento e vinte e nove mil quatrocentos e sessenta e tr\u00eas reais e sessenta e cinco centavos), junto a unidade or\u00e7ament\u00e1ria da Secretaria Municipal de Sa\u00fade.<\/p>\n<p>Trata-se de cria\u00e7\u00e3o de dota\u00e7\u00e3o or\u00e7ament\u00e1ria espec\u00edfica para ocorrer com recursos disponibilizados pelo Governo Federal destinados \u00e0 Santa Casa de Miseric\u00f3rdia de Assis, por meio da Portaria GM\/MS n\u00ba 443 de 03\/04\/2023 (em anexo), para pagamento de valores relativos ao aux\u00edlio financeiro \u00e0s entidades privadas sem fins lucrativos que complementam o Sistema \u00danico de Sa\u00fade \u2013 SUS, referente a diferen\u00e7a entre os saldos financeiros remanescentes de exerc\u00edcios anteriores a 2018 e o montante estabelecido na Portaria GM\/MS n\u00ba 96 de 07\/02\/2023, nos termos da Lei Complementar n\u00ba 197 de 06 de dezembro de 2022.\u00a0<strong><a class=\"external-link\" title=\"\" href=\"https:\/\/sapl.assis.sp.leg.br\/pysc\/download_materia_pysc?cod_materia=MTgwNzMz&amp;texto_original=1\" target=\"_blank\" rel=\"noopener\">(LEIA NA \u00cdNTEGRA)<\/a><\/strong><\/p>\n<p><strong><a class=\"external-link\" title=\"\" href=\"https:\/\/sapl.assis.sp.leg.br\/pysc\/download_materia_pysc?cod_materia=MTgwNzk5&amp;texto_original=1\" target=\"_blank\" rel=\"noopener\">PROJETO DE LEI N\u00ba 103\/2023<\/a>\u00a0&#8211;\u00a0<\/strong>Carlinhos Z\u00e9 Gotinha &#8211; Aprovado por 14 votos<\/p>\n<p>Solicita\u00e7\u00e3o de adiamento pelo vereador Fernando Sirchia &#8211; Rejeitada por 13 votos<\/p>\n<p>Disp\u00f5e sobre denomina\u00e7\u00e3o da Avenida 02 do Loteamento Jardim Sul de Avenida Edir Boscaratto.<\/p>\n<p>Edir esteve pela primeira vem em Assis no ano de 1978, quando veio conhecer a fam\u00edlia de sua esposa, e se apaixonou pela cidade. Naquela \u00e9poca, seus cunhados Antonio Roberto Martins, Jos\u00e9 Carlos Martins e M\u00e1rcio Aparecido Martins eram adolescentes. Mas, Edir que sempre foi um empres\u00e1rio de vis\u00e3o, pois j\u00e1 tinha a empresa em Ferraz de Vasconcelos, acreditou que poderia investir na cidade de Assis e contar com a ajuda dos cunhados e assim foi feito.\u00a0<strong><a class=\"external-link\" title=\"\" href=\"https:\/\/sapl.assis.sp.leg.br\/pysc\/download_materia_pysc?cod_materia=MTgwNzk5&amp;texto_original=1\" target=\"_blank\" rel=\"noopener\">(LEIA NA \u00cdNTEGRA)<\/a><\/strong><\/p>\n<p><strong><a class=\"external-link\" title=\"\" href=\"https:\/\/sapl.assis.sp.leg.br\/pysc\/download_materia_pysc?cod_materia=MTgwODAw&amp;texto_original=1\" target=\"_blank\" rel=\"noopener\">PROJETO DE LEI N\u00ba 104\/2023<\/a>\u00a0<\/strong>&#8211; Rog\u00e9rio Nascimento- Aprovado por 14 votos<\/p>\n<p>Disp\u00f5e sobre denomina\u00e7\u00e3o da Rua &#8220;10&#8221; do Loteamento Residencial Jardim Sul de Rua &#8220;Prof\u00aa Eder Cabianca&#8221;<\/p>\n<p>Eder Cabianca, nascida em 15 de novembro de 1.925, na cidade de Guar\u00e1, no Estado de S\u00e3o Paulo, filha do casal Jo\u00e3o Cabianca e Maria Ant\u00f4nia Sella Cabianca. veio residir na cidade de Assis no ano de 1.938, com apenas 13 anos, onde permaneceu durante grande parte de sua trajet\u00f3ria. Em 20\/01\/1949 casou-se com Aronach de Melo Vieira Filho, tendo se divorciado em 31\/10\/1980. Deste casamento nasceram quatro filhos, Aracman Cabianca Vieira, m\u00e9dico urologista, Arist\u00f3teles Cabianca Vieira, Administrador de Empresas, Arquimedes Cabianca Vieira, Industrial e Ebe Cabianca Vieira Fabra, chef de gastronomia.\u00a0<strong><a class=\"external-link\" title=\"\" href=\"https:\/\/sapl.assis.sp.leg.br\/pysc\/download_materia_pysc?cod_materia=MTgwODAw&amp;texto_original=1\" target=\"_blank\" rel=\"noopener\">(LEIA NA \u00cdNTEGRA)\u00a0<\/a><\/strong><\/p>\n<p><a class=\"external-link\" title=\"\" href=\"https:\/\/sapl.assis.sp.leg.br\/pysc\/download_materia_pysc?cod_materia=MTgwODAw&amp;texto_original=1\" target=\"_blank\" rel=\"noopener\">\u00a0<\/a><\/p>\n<p><img fetchpriority=\"high\" decoding=\"async\" class=\"alignnone size-medium wp-image-30008\" src=\"https:\/\/uvbbrasil.com.br\/wp-content\/uploads\/2023\/06\/d0a0e4d5-d120-4e7c-a43b-a33162aaa6d0-300x169.png\" alt=\"\" width=\"300\" height=\"169\" srcset=\"https:\/\/uvbbrasil.com.br\/wp-content\/uploads\/2023\/06\/d0a0e4d5-d120-4e7c-a43b-a33162aaa6d0-300x169.png 300w, https:\/\/uvbbrasil.com.br\/wp-content\/uploads\/2023\/06\/d0a0e4d5-d120-4e7c-a43b-a33162aaa6d0.png 768w\" sizes=\"(max-width: 300px) 100vw, 300px\" \/><\/p>\n<\/div>\n","protected":false},"excerpt":{"rendered":"<p>C\u00e2mara de Assis\/SP -PROJETO DE LEI N\u00ba 60\/2023 &#8211; Institui o Programa de Recupera\u00e7\u00e3o Fiscal &#8211; REFIS, no Munic\u00edpio de&#8230;<\/p>\n","protected":false},"author":1,"featured_media":30008,"comment_status":"open","ping_status":"open","sticky":false,"template":"","format":"standard","meta":{"footnotes":""},"categories":[3],"tags":[],"class_list":["post-30007","post","type-post","status-publish","format-standard","has-post-thumbnail","hentry","category-noticias"],"yoast_head":"<!-- This site is optimized with the Yoast SEO plugin v26.7 - https:\/\/yoast.com\/wordpress\/plugins\/seo\/ -->\n<title>Assis\/SP-C\u00e2mara aprova reclassifica\u00e7\u00e3o de cargos e sal\u00e1rios de servidores da Sa\u00fade e Educa\u00e7\u00e3o - UVB Brasil<\/title>\n<meta name=\"robots\" content=\"index, follow, max-snippet:-1, max-image-preview:large, max-video-preview:-1\" \/>\n<link rel=\"canonical\" href=\"https:\/\/uvbbrasil.com.br\/assis-sp-camara-aprova-reclassificacao-de-cargos-e-salarios-de-servidores-da-saude-e-educacao\/\" \/>\n<meta property=\"og:locale\" content=\"pt_BR\" \/>\n<meta property=\"og:type\" content=\"article\" \/>\n<meta property=\"og:title\" content=\"Assis\/SP-C\u00e2mara aprova reclassifica\u00e7\u00e3o de cargos e sal\u00e1rios de servidores da Sa\u00fade e Educa\u00e7\u00e3o - UVB Brasil\" \/>\n<meta property=\"og:description\" content=\"C\u00e2mara de Assis\/SP -PROJETO DE LEI N\u00ba 60\/2023 &#8211; Institui o Programa de Recupera\u00e7\u00e3o Fiscal &#8211; REFIS, no Munic\u00edpio de...\" \/>\n<meta property=\"og:url\" content=\"https:\/\/uvbbrasil.com.br\/assis-sp-camara-aprova-reclassificacao-de-cargos-e-salarios-de-servidores-da-saude-e-educacao\/\" \/>\n<meta property=\"og:site_name\" content=\"UVB Brasil\" \/>\n<meta property=\"article:publisher\" content=\"https:\/\/www.facebook.com\/uvb.vereadoresbrasil\" \/>\n<meta property=\"article:published_time\" content=\"2023-06-10T09:51:24+00:00\" \/>\n<meta property=\"og:image\" content=\"https:\/\/uvbbrasil.com.br\/wp-content\/uploads\/2023\/06\/d0a0e4d5-d120-4e7c-a43b-a33162aaa6d0.png\" \/>\n\t<meta property=\"og:image:width\" content=\"768\" \/>\n\t<meta property=\"og:image:height\" content=\"432\" \/>\n\t<meta property=\"og:image:type\" content=\"image\/png\" \/>\n<meta name=\"author\" content=\"adminuvb\" \/>\n<meta name=\"twitter:card\" content=\"summary_large_image\" \/>\n<meta name=\"twitter:label1\" content=\"Escrito por\" \/>\n\t<meta name=\"twitter:data1\" content=\"adminuvb\" \/>\n\t<meta name=\"twitter:label2\" content=\"Est. tempo de leitura\" \/>\n\t<meta name=\"twitter:data2\" content=\"9 minutos\" \/>\n<script type=\"application\/ld+json\" class=\"yoast-schema-graph\">{\"@context\":\"https:\/\/schema.org\",\"@graph\":[{\"@type\":\"Article\",\"@id\":\"https:\/\/uvbbrasil.com.br\/assis-sp-camara-aprova-reclassificacao-de-cargos-e-salarios-de-servidores-da-saude-e-educacao\/#article\",\"isPartOf\":{\"@id\":\"https:\/\/uvbbrasil.com.br\/assis-sp-camara-aprova-reclassificacao-de-cargos-e-salarios-de-servidores-da-saude-e-educacao\/\"},\"author\":{\"name\":\"adminuvb\",\"@id\":\"https:\/\/uvbbrasil.com.br\/#\/schema\/person\/17990098446c098f52effddff4f1b272\"},\"headline\":\"Assis\/SP-C\u00e2mara aprova reclassifica\u00e7\u00e3o de cargos e sal\u00e1rios de servidores da Sa\u00fade e Educa\u00e7\u00e3o\",\"datePublished\":\"2023-06-10T09:51:24+00:00\",\"mainEntityOfPage\":{\"@id\":\"https:\/\/uvbbrasil.com.br\/assis-sp-camara-aprova-reclassificacao-de-cargos-e-salarios-de-servidores-da-saude-e-educacao\/\"},\"wordCount\":1960,\"commentCount\":0,\"publisher\":{\"@id\":\"https:\/\/uvbbrasil.com.br\/#organization\"},\"image\":{\"@id\":\"https:\/\/uvbbrasil.com.br\/assis-sp-camara-aprova-reclassificacao-de-cargos-e-salarios-de-servidores-da-saude-e-educacao\/#primaryimage\"},\"thumbnailUrl\":\"https:\/\/uvbbrasil.com.br\/wp-content\/uploads\/2023\/06\/d0a0e4d5-d120-4e7c-a43b-a33162aaa6d0.png\",\"articleSection\":[\"NOT\u00cdCIAS\"],\"inLanguage\":\"pt-BR\",\"potentialAction\":[{\"@type\":\"CommentAction\",\"name\":\"Comment\",\"target\":[\"https:\/\/uvbbrasil.com.br\/assis-sp-camara-aprova-reclassificacao-de-cargos-e-salarios-de-servidores-da-saude-e-educacao\/#respond\"]}]},{\"@type\":\"WebPage\",\"@id\":\"https:\/\/uvbbrasil.com.br\/assis-sp-camara-aprova-reclassificacao-de-cargos-e-salarios-de-servidores-da-saude-e-educacao\/\",\"url\":\"https:\/\/uvbbrasil.com.br\/assis-sp-camara-aprova-reclassificacao-de-cargos-e-salarios-de-servidores-da-saude-e-educacao\/\",\"name\":\"Assis\/SP-C\u00e2mara aprova reclassifica\u00e7\u00e3o de cargos e sal\u00e1rios de servidores da Sa\u00fade e Educa\u00e7\u00e3o - UVB Brasil\",\"isPartOf\":{\"@id\":\"https:\/\/uvbbrasil.com.br\/#website\"},\"primaryImageOfPage\":{\"@id\":\"https:\/\/uvbbrasil.com.br\/assis-sp-camara-aprova-reclassificacao-de-cargos-e-salarios-de-servidores-da-saude-e-educacao\/#primaryimage\"},\"image\":{\"@id\":\"https:\/\/uvbbrasil.com.br\/assis-sp-camara-aprova-reclassificacao-de-cargos-e-salarios-de-servidores-da-saude-e-educacao\/#primaryimage\"},\"thumbnailUrl\":\"https:\/\/uvbbrasil.com.br\/wp-content\/uploads\/2023\/06\/d0a0e4d5-d120-4e7c-a43b-a33162aaa6d0.png\",\"datePublished\":\"2023-06-10T09:51:24+00:00\",\"breadcrumb\":{\"@id\":\"https:\/\/uvbbrasil.com.br\/assis-sp-camara-aprova-reclassificacao-de-cargos-e-salarios-de-servidores-da-saude-e-educacao\/#breadcrumb\"},\"inLanguage\":\"pt-BR\",\"potentialAction\":[{\"@type\":\"ReadAction\",\"target\":[\"https:\/\/uvbbrasil.com.br\/assis-sp-camara-aprova-reclassificacao-de-cargos-e-salarios-de-servidores-da-saude-e-educacao\/\"]}]},{\"@type\":\"ImageObject\",\"inLanguage\":\"pt-BR\",\"@id\":\"https:\/\/uvbbrasil.com.br\/assis-sp-camara-aprova-reclassificacao-de-cargos-e-salarios-de-servidores-da-saude-e-educacao\/#primaryimage\",\"url\":\"https:\/\/uvbbrasil.com.br\/wp-content\/uploads\/2023\/06\/d0a0e4d5-d120-4e7c-a43b-a33162aaa6d0.png\",\"contentUrl\":\"https:\/\/uvbbrasil.com.br\/wp-content\/uploads\/2023\/06\/d0a0e4d5-d120-4e7c-a43b-a33162aaa6d0.png\",\"width\":768,\"height\":432},{\"@type\":\"BreadcrumbList\",\"@id\":\"https:\/\/uvbbrasil.com.br\/assis-sp-camara-aprova-reclassificacao-de-cargos-e-salarios-de-servidores-da-saude-e-educacao\/#breadcrumb\",\"itemListElement\":[{\"@type\":\"ListItem\",\"position\":1,\"name\":\"In\u00edcio\",\"item\":\"https:\/\/uvbbrasil.com.br\/\"},{\"@type\":\"ListItem\",\"position\":2,\"name\":\"Assis\/SP-C\u00e2mara aprova reclassifica\u00e7\u00e3o de cargos e sal\u00e1rios de servidores da Sa\u00fade e Educa\u00e7\u00e3o\"}]},{\"@type\":\"WebSite\",\"@id\":\"https:\/\/uvbbrasil.com.br\/#website\",\"url\":\"https:\/\/uvbbrasil.com.br\/\",\"name\":\"UVB Brasil\",\"description\":\"Uni\u00e3o dos Vereadores do Brasil\",\"publisher\":{\"@id\":\"https:\/\/uvbbrasil.com.br\/#organization\"},\"potentialAction\":[{\"@type\":\"SearchAction\",\"target\":{\"@type\":\"EntryPoint\",\"urlTemplate\":\"https:\/\/uvbbrasil.com.br\/?s={search_term_string}\"},\"query-input\":{\"@type\":\"PropertyValueSpecification\",\"valueRequired\":true,\"valueName\":\"search_term_string\"}}],\"inLanguage\":\"pt-BR\"},{\"@type\":\"Organization\",\"@id\":\"https:\/\/uvbbrasil.com.br\/#organization\",\"name\":\"UVB Brasil\",\"url\":\"https:\/\/uvbbrasil.com.br\/\",\"logo\":{\"@type\":\"ImageObject\",\"inLanguage\":\"pt-BR\",\"@id\":\"https:\/\/uvbbrasil.com.br\/#\/schema\/logo\/image\/\",\"url\":\"https:\/\/uvbbrasil.com.br\/wp-content\/uploads\/2025\/01\/LOGO-UVB-2024-azul-1.jpg\",\"contentUrl\":\"https:\/\/uvbbrasil.com.br\/wp-content\/uploads\/2025\/01\/LOGO-UVB-2024-azul-1.jpg\",\"width\":600,\"height\":211,\"caption\":\"UVB Brasil\"},\"image\":{\"@id\":\"https:\/\/uvbbrasil.com.br\/#\/schema\/logo\/image\/\"},\"sameAs\":[\"https:\/\/www.facebook.com\/uvb.vereadoresbrasil\",\"https:\/\/www.instagram.com\/uvbbrasil\/\",\"https:\/\/www.youtube.com\/channel\/UCIlPQ8Xzw5GHNzosQIg9S5A\"]},{\"@type\":\"Person\",\"@id\":\"https:\/\/uvbbrasil.com.br\/#\/schema\/person\/17990098446c098f52effddff4f1b272\",\"name\":\"adminuvb\",\"image\":{\"@type\":\"ImageObject\",\"inLanguage\":\"pt-BR\",\"@id\":\"https:\/\/uvbbrasil.com.br\/#\/schema\/person\/image\/\",\"url\":\"https:\/\/secure.gravatar.com\/avatar\/1a494ea6f8e2dd1ae526e55b0e9497efdba542491e0620d704cccf63c6f77c45?s=96&d=mm&r=g\",\"contentUrl\":\"https:\/\/secure.gravatar.com\/avatar\/1a494ea6f8e2dd1ae526e55b0e9497efdba542491e0620d704cccf63c6f77c45?s=96&d=mm&r=g\",\"caption\":\"adminuvb\"},\"sameAs\":[\"https:\/\/uvbbrasil.com.br\"],\"url\":\"https:\/\/uvbbrasil.com.br\/author\/adminuvb\/\"}]}<\/script>\n<!-- \/ Yoast SEO plugin. -->","yoast_head_json":{"title":"Assis\/SP-C\u00e2mara aprova reclassifica\u00e7\u00e3o de cargos e sal\u00e1rios de servidores da Sa\u00fade e Educa\u00e7\u00e3o - UVB Brasil","robots":{"index":"index","follow":"follow","max-snippet":"max-snippet:-1","max-image-preview":"max-image-preview:large","max-video-preview":"max-video-preview:-1"},"canonical":"https:\/\/uvbbrasil.com.br\/assis-sp-camara-aprova-reclassificacao-de-cargos-e-salarios-de-servidores-da-saude-e-educacao\/","og_locale":"pt_BR","og_type":"article","og_title":"Assis\/SP-C\u00e2mara aprova reclassifica\u00e7\u00e3o de cargos e sal\u00e1rios de servidores da Sa\u00fade e Educa\u00e7\u00e3o - UVB Brasil","og_description":"C\u00e2mara de Assis\/SP -PROJETO DE LEI N\u00ba 60\/2023 &#8211; Institui o Programa de Recupera\u00e7\u00e3o Fiscal &#8211; REFIS, no Munic\u00edpio de...","og_url":"https:\/\/uvbbrasil.com.br\/assis-sp-camara-aprova-reclassificacao-de-cargos-e-salarios-de-servidores-da-saude-e-educacao\/","og_site_name":"UVB Brasil","article_publisher":"https:\/\/www.facebook.com\/uvb.vereadoresbrasil","article_published_time":"2023-06-10T09:51:24+00:00","og_image":[{"width":768,"height":432,"url":"https:\/\/uvbbrasil.com.br\/wp-content\/uploads\/2023\/06\/d0a0e4d5-d120-4e7c-a43b-a33162aaa6d0.png","type":"image\/png"}],"author":"adminuvb","twitter_card":"summary_large_image","twitter_misc":{"Escrito por":"adminuvb","Est. tempo de leitura":"9 minutos"},"schema":{"@context":"https:\/\/schema.org","@graph":[{"@type":"Article","@id":"https:\/\/uvbbrasil.com.br\/assis-sp-camara-aprova-reclassificacao-de-cargos-e-salarios-de-servidores-da-saude-e-educacao\/#article","isPartOf":{"@id":"https:\/\/uvbbrasil.com.br\/assis-sp-camara-aprova-reclassificacao-de-cargos-e-salarios-de-servidores-da-saude-e-educacao\/"},"author":{"name":"adminuvb","@id":"https:\/\/uvbbrasil.com.br\/#\/schema\/person\/17990098446c098f52effddff4f1b272"},"headline":"Assis\/SP-C\u00e2mara aprova reclassifica\u00e7\u00e3o de cargos e sal\u00e1rios de servidores da Sa\u00fade e Educa\u00e7\u00e3o","datePublished":"2023-06-10T09:51:24+00:00","mainEntityOfPage":{"@id":"https:\/\/uvbbrasil.com.br\/assis-sp-camara-aprova-reclassificacao-de-cargos-e-salarios-de-servidores-da-saude-e-educacao\/"},"wordCount":1960,"commentCount":0,"publisher":{"@id":"https:\/\/uvbbrasil.com.br\/#organization"},"image":{"@id":"https:\/\/uvbbrasil.com.br\/assis-sp-camara-aprova-reclassificacao-de-cargos-e-salarios-de-servidores-da-saude-e-educacao\/#primaryimage"},"thumbnailUrl":"https:\/\/uvbbrasil.com.br\/wp-content\/uploads\/2023\/06\/d0a0e4d5-d120-4e7c-a43b-a33162aaa6d0.png","articleSection":["NOT\u00cdCIAS"],"inLanguage":"pt-BR","potentialAction":[{"@type":"CommentAction","name":"Comment","target":["https:\/\/uvbbrasil.com.br\/assis-sp-camara-aprova-reclassificacao-de-cargos-e-salarios-de-servidores-da-saude-e-educacao\/#respond"]}]},{"@type":"WebPage","@id":"https:\/\/uvbbrasil.com.br\/assis-sp-camara-aprova-reclassificacao-de-cargos-e-salarios-de-servidores-da-saude-e-educacao\/","url":"https:\/\/uvbbrasil.com.br\/assis-sp-camara-aprova-reclassificacao-de-cargos-e-salarios-de-servidores-da-saude-e-educacao\/","name":"Assis\/SP-C\u00e2mara aprova reclassifica\u00e7\u00e3o de cargos e sal\u00e1rios de servidores da Sa\u00fade e Educa\u00e7\u00e3o - UVB Brasil","isPartOf":{"@id":"https:\/\/uvbbrasil.com.br\/#website"},"primaryImageOfPage":{"@id":"https:\/\/uvbbrasil.com.br\/assis-sp-camara-aprova-reclassificacao-de-cargos-e-salarios-de-servidores-da-saude-e-educacao\/#primaryimage"},"image":{"@id":"https:\/\/uvbbrasil.com.br\/assis-sp-camara-aprova-reclassificacao-de-cargos-e-salarios-de-servidores-da-saude-e-educacao\/#primaryimage"},"thumbnailUrl":"https:\/\/uvbbrasil.com.br\/wp-content\/uploads\/2023\/06\/d0a0e4d5-d120-4e7c-a43b-a33162aaa6d0.png","datePublished":"2023-06-10T09:51:24+00:00","breadcrumb":{"@id":"https:\/\/uvbbrasil.com.br\/assis-sp-camara-aprova-reclassificacao-de-cargos-e-salarios-de-servidores-da-saude-e-educacao\/#breadcrumb"},"inLanguage":"pt-BR","potentialAction":[{"@type":"ReadAction","target":["https:\/\/uvbbrasil.com.br\/assis-sp-camara-aprova-reclassificacao-de-cargos-e-salarios-de-servidores-da-saude-e-educacao\/"]}]},{"@type":"ImageObject","inLanguage":"pt-BR","@id":"https:\/\/uvbbrasil.com.br\/assis-sp-camara-aprova-reclassificacao-de-cargos-e-salarios-de-servidores-da-saude-e-educacao\/#primaryimage","url":"https:\/\/uvbbrasil.com.br\/wp-content\/uploads\/2023\/06\/d0a0e4d5-d120-4e7c-a43b-a33162aaa6d0.png","contentUrl":"https:\/\/uvbbrasil.com.br\/wp-content\/uploads\/2023\/06\/d0a0e4d5-d120-4e7c-a43b-a33162aaa6d0.png","width":768,"height":432},{"@type":"BreadcrumbList","@id":"https:\/\/uvbbrasil.com.br\/assis-sp-camara-aprova-reclassificacao-de-cargos-e-salarios-de-servidores-da-saude-e-educacao\/#breadcrumb","itemListElement":[{"@type":"ListItem","position":1,"name":"In\u00edcio","item":"https:\/\/uvbbrasil.com.br\/"},{"@type":"ListItem","position":2,"name":"Assis\/SP-C\u00e2mara aprova reclassifica\u00e7\u00e3o de cargos e sal\u00e1rios de servidores da Sa\u00fade e Educa\u00e7\u00e3o"}]},{"@type":"WebSite","@id":"https:\/\/uvbbrasil.com.br\/#website","url":"https:\/\/uvbbrasil.com.br\/","name":"UVB Brasil","description":"Uni\u00e3o dos Vereadores do Brasil","publisher":{"@id":"https:\/\/uvbbrasil.com.br\/#organization"},"potentialAction":[{"@type":"SearchAction","target":{"@type":"EntryPoint","urlTemplate":"https:\/\/uvbbrasil.com.br\/?s={search_term_string}"},"query-input":{"@type":"PropertyValueSpecification","valueRequired":true,"valueName":"search_term_string"}}],"inLanguage":"pt-BR"},{"@type":"Organization","@id":"https:\/\/uvbbrasil.com.br\/#organization","name":"UVB Brasil","url":"https:\/\/uvbbrasil.com.br\/","logo":{"@type":"ImageObject","inLanguage":"pt-BR","@id":"https:\/\/uvbbrasil.com.br\/#\/schema\/logo\/image\/","url":"https:\/\/uvbbrasil.com.br\/wp-content\/uploads\/2025\/01\/LOGO-UVB-2024-azul-1.jpg","contentUrl":"https:\/\/uvbbrasil.com.br\/wp-content\/uploads\/2025\/01\/LOGO-UVB-2024-azul-1.jpg","width":600,"height":211,"caption":"UVB Brasil"},"image":{"@id":"https:\/\/uvbbrasil.com.br\/#\/schema\/logo\/image\/"},"sameAs":["https:\/\/www.facebook.com\/uvb.vereadoresbrasil","https:\/\/www.instagram.com\/uvbbrasil\/","https:\/\/www.youtube.com\/channel\/UCIlPQ8Xzw5GHNzosQIg9S5A"]},{"@type":"Person","@id":"https:\/\/uvbbrasil.com.br\/#\/schema\/person\/17990098446c098f52effddff4f1b272","name":"adminuvb","image":{"@type":"ImageObject","inLanguage":"pt-BR","@id":"https:\/\/uvbbrasil.com.br\/#\/schema\/person\/image\/","url":"https:\/\/secure.gravatar.com\/avatar\/1a494ea6f8e2dd1ae526e55b0e9497efdba542491e0620d704cccf63c6f77c45?s=96&d=mm&r=g","contentUrl":"https:\/\/secure.gravatar.com\/avatar\/1a494ea6f8e2dd1ae526e55b0e9497efdba542491e0620d704cccf63c6f77c45?s=96&d=mm&r=g","caption":"adminuvb"},"sameAs":["https:\/\/uvbbrasil.com.br"],"url":"https:\/\/uvbbrasil.com.br\/author\/adminuvb\/"}]}},"_links":{"self":[{"href":"https:\/\/uvbbrasil.com.br\/uvb-json\/wp\/v2\/posts\/30007","targetHints":{"allow":["GET"]}}],"collection":[{"href":"https:\/\/uvbbrasil.com.br\/uvb-json\/wp\/v2\/posts"}],"about":[{"href":"https:\/\/uvbbrasil.com.br\/uvb-json\/wp\/v2\/types\/post"}],"author":[{"embeddable":true,"href":"https:\/\/uvbbrasil.com.br\/uvb-json\/wp\/v2\/users\/1"}],"replies":[{"embeddable":true,"href":"https:\/\/uvbbrasil.com.br\/uvb-json\/wp\/v2\/comments?post=30007"}],"version-history":[{"count":0,"href":"https:\/\/uvbbrasil.com.br\/uvb-json\/wp\/v2\/posts\/30007\/revisions"}],"wp:featuredmedia":[{"embeddable":true,"href":"https:\/\/uvbbrasil.com.br\/uvb-json\/wp\/v2\/media\/30008"}],"wp:attachment":[{"href":"https:\/\/uvbbrasil.com.br\/uvb-json\/wp\/v2\/media?parent=30007"}],"wp:term":[{"taxonomy":"category","embeddable":true,"href":"https:\/\/uvbbrasil.com.br\/uvb-json\/wp\/v2\/categories?post=30007"},{"taxonomy":"post_tag","embeddable":true,"href":"https:\/\/uvbbrasil.com.br\/uvb-json\/wp\/v2\/tags?post=30007"}],"curies":[{"name":"wp","href":"https:\/\/api.w.org\/{rel}","templated":true}]}}