{"id":29917,"date":"2023-06-05T16:55:30","date_gmt":"2023-06-05T19:55:30","guid":{"rendered":"https:\/\/wpsandbox4.pante.com.br\/?p=29917"},"modified":"2023-06-05T16:55:30","modified_gmt":"2023-06-05T19:55:30","slug":"sustentabilidade-desenvolvimento-e-atribuicoes-dos-vereadores","status":"publish","type":"post","link":"https:\/\/uvbbrasil.com.br\/sustentabilidade-desenvolvimento-e-atribuicoes-dos-vereadores\/","title":{"rendered":"Sustentabilidade, desenvolvimento e atribui\u00e7\u00f5es dos vereadores"},"content":{"rendered":"<p>Dr. Carlos Augusto Fiorioli ,Promotor de Justi\u00e7a, P\u00f3s-graduado em Ci\u00eancias Criminais pela PUCRS, Mestre em Direito P\u00fablico pela Universidade de Santa Cruz do Sul,\u00a0 debateu com os participantes do II Cidades Colaborativas- Semin\u00e1rio Nacional de Legislativos \u00a0Municipais sobre a \u00a0Sustentabilidade, desenvolvimento e atribui\u00e7\u00f5es dos vereadores.<\/p>\n<p>Demonstrou \u00a0que o \u00a0Brasil produz diariamente 240 mil toneladas de lixo, grande parte depositada de forma inadequada, temos 2.906 lix\u00f5es em 2810 munic\u00edpios, apenas 18% dos munic\u00edpios com programas oficiais de coleta seletiva .<\/p>\n<p>Como sugest\u00e3o deixou aos presentes como\u00a0 desenvolver e implementar ferramentas para monitorar os impactos do desenvolvimento sustent\u00e1vel para o turismo sustent\u00e1vel, que gera empregos, promove a cultura e os produtos locais. Apoiar rela\u00e7\u00f5es econ\u00f4micas, sociais e ambientais positivas entre \u00e1reas urbanas e rurais, refor\u00e7ando o planejamento nacional e regional de desenvolvimento.<\/p>\n<p><img fetchpriority=\"high\" decoding=\"async\" class=\"alignnone size-medium wp-image-29924\" src=\"https:\/\/uvbbrasil.com.br\/wp-content\/uploads\/2023\/06\/WhatsApp-Image-2023-06-02-at-11.54.28-1-225x300.jpeg\" alt=\"\" width=\"225\" height=\"300\" srcset=\"https:\/\/uvbbrasil.com.br\/wp-content\/uploads\/2023\/06\/WhatsApp-Image-2023-06-02-at-11.54.28-1-225x300.jpeg 225w, https:\/\/uvbbrasil.com.br\/wp-content\/uploads\/2023\/06\/WhatsApp-Image-2023-06-02-at-11.54.28-1-768x1024.jpeg 768w, https:\/\/uvbbrasil.com.br\/wp-content\/uploads\/2023\/06\/WhatsApp-Image-2023-06-02-at-11.54.28-1-1152x1536.jpeg 1152w, https:\/\/uvbbrasil.com.br\/wp-content\/uploads\/2023\/06\/WhatsApp-Image-2023-06-02-at-11.54.28-1.jpeg 1200w\" sizes=\"(max-width: 225px) 100vw, 225px\" \/><\/p>\n<p><img decoding=\"async\" class=\"alignnone size-medium wp-image-29918\" src=\"https:\/\/uvbbrasil.com.br\/wp-content\/uploads\/2023\/06\/WhatsApp-Image-2023-06-02-at-11.33.58-300x225.jpeg\" alt=\"\" width=\"300\" height=\"225\" srcset=\"https:\/\/uvbbrasil.com.br\/wp-content\/uploads\/2023\/06\/WhatsApp-Image-2023-06-02-at-11.33.58-300x225.jpeg 300w, https:\/\/uvbbrasil.com.br\/wp-content\/uploads\/2023\/06\/WhatsApp-Image-2023-06-02-at-11.33.58-1024x768.jpeg 1024w, https:\/\/uvbbrasil.com.br\/wp-content\/uploads\/2023\/06\/WhatsApp-Image-2023-06-02-at-11.33.58-768x576.jpeg 768w, https:\/\/uvbbrasil.com.br\/wp-content\/uploads\/2023\/06\/WhatsApp-Image-2023-06-02-at-11.33.58-1536x1152.jpeg 1536w, https:\/\/uvbbrasil.com.br\/wp-content\/uploads\/2023\/06\/WhatsApp-Image-2023-06-02-at-11.33.58.jpeg 1600w\" sizes=\"(max-width: 300px) 100vw, 300px\" \/><img decoding=\"async\" class=\"alignnone size-medium wp-image-29919\" src=\"https:\/\/uvbbrasil.com.br\/wp-content\/uploads\/2023\/06\/WhatsApp-Image-2023-06-02-at-11.33.57-300x225.jpeg\" alt=\"\" width=\"300\" height=\"225\" srcset=\"https:\/\/uvbbrasil.com.br\/wp-content\/uploads\/2023\/06\/WhatsApp-Image-2023-06-02-at-11.33.57-300x225.jpeg 300w, https:\/\/uvbbrasil.com.br\/wp-content\/uploads\/2023\/06\/WhatsApp-Image-2023-06-02-at-11.33.57-1024x768.jpeg 1024w, https:\/\/uvbbrasil.com.br\/wp-content\/uploads\/2023\/06\/WhatsApp-Image-2023-06-02-at-11.33.57-768x576.jpeg 768w, https:\/\/uvbbrasil.com.br\/wp-content\/uploads\/2023\/06\/WhatsApp-Image-2023-06-02-at-11.33.57-1536x1152.jpeg 1536w, https:\/\/uvbbrasil.com.br\/wp-content\/uploads\/2023\/06\/WhatsApp-Image-2023-06-02-at-11.33.57.jpeg 1600w\" sizes=\"(max-width: 300px) 100vw, 300px\" \/><img loading=\"lazy\" decoding=\"async\" class=\"alignnone size-medium wp-image-29925\" src=\"https:\/\/uvbbrasil.com.br\/wp-content\/uploads\/2023\/06\/WhatsApp-Image-2023-06-02-at-11.54.29-1-225x300.jpeg\" alt=\"\" width=\"225\" height=\"300\" srcset=\"https:\/\/uvbbrasil.com.br\/wp-content\/uploads\/2023\/06\/WhatsApp-Image-2023-06-02-at-11.54.29-1-225x300.jpeg 225w, https:\/\/uvbbrasil.com.br\/wp-content\/uploads\/2023\/06\/WhatsApp-Image-2023-06-02-at-11.54.29-1-768x1024.jpeg 768w, https:\/\/uvbbrasil.com.br\/wp-content\/uploads\/2023\/06\/WhatsApp-Image-2023-06-02-at-11.54.29-1-1152x1536.jpeg 1152w, https:\/\/uvbbrasil.com.br\/wp-content\/uploads\/2023\/06\/WhatsApp-Image-2023-06-02-at-11.54.29-1.jpeg 1200w\" sizes=\"(max-width: 225px) 100vw, 225px\" \/><img loading=\"lazy\" decoding=\"async\" class=\"alignnone size-medium wp-image-29920\" src=\"https:\/\/uvbbrasil.com.br\/wp-content\/uploads\/2023\/06\/WhatsApp-Image-2023-06-02-at-11.33.56-300x225.jpeg\" alt=\"\" width=\"300\" height=\"225\" srcset=\"https:\/\/uvbbrasil.com.br\/wp-content\/uploads\/2023\/06\/WhatsApp-Image-2023-06-02-at-11.33.56-300x225.jpeg 300w, https:\/\/uvbbrasil.com.br\/wp-content\/uploads\/2023\/06\/WhatsApp-Image-2023-06-02-at-11.33.56-1024x768.jpeg 1024w, https:\/\/uvbbrasil.com.br\/wp-content\/uploads\/2023\/06\/WhatsApp-Image-2023-06-02-at-11.33.56-768x576.jpeg 768w, https:\/\/uvbbrasil.com.br\/wp-content\/uploads\/2023\/06\/WhatsApp-Image-2023-06-02-at-11.33.56-1536x1152.jpeg 1536w, https:\/\/uvbbrasil.com.br\/wp-content\/uploads\/2023\/06\/WhatsApp-Image-2023-06-02-at-11.33.56.jpeg 1600w\" sizes=\"(max-width: 300px) 100vw, 300px\" \/><img loading=\"lazy\" decoding=\"async\" class=\"alignnone size-medium wp-image-29921\" src=\"https:\/\/uvbbrasil.com.br\/wp-content\/uploads\/2023\/06\/WhatsApp-Image-2023-06-02-at-11.33.56-1-300x225.jpeg\" alt=\"\" width=\"300\" height=\"225\" srcset=\"https:\/\/uvbbrasil.com.br\/wp-content\/uploads\/2023\/06\/WhatsApp-Image-2023-06-02-at-11.33.56-1-300x225.jpeg 300w, https:\/\/uvbbrasil.com.br\/wp-content\/uploads\/2023\/06\/WhatsApp-Image-2023-06-02-at-11.33.56-1-1024x768.jpeg 1024w, https:\/\/uvbbrasil.com.br\/wp-content\/uploads\/2023\/06\/WhatsApp-Image-2023-06-02-at-11.33.56-1-768x576.jpeg 768w, https:\/\/uvbbrasil.com.br\/wp-content\/uploads\/2023\/06\/WhatsApp-Image-2023-06-02-at-11.33.56-1-1536x1152.jpeg 1536w, https:\/\/uvbbrasil.com.br\/wp-content\/uploads\/2023\/06\/WhatsApp-Image-2023-06-02-at-11.33.56-1.jpeg 1600w\" sizes=\"(max-width: 300px) 100vw, 300px\" \/><\/p>\n","protected":false},"excerpt":{"rendered":"<p>Dr. Carlos Augusto Fiorioli ,Promotor de Justi\u00e7a, P\u00f3s-graduado em Ci\u00eancias Criminais pela PUCRS, Mestre em Direito P\u00fablico pela Universidade de&#8230;<\/p>\n","protected":false},"author":1,"featured_media":29923,"comment_status":"open","ping_status":"open","sticky":false,"template":"","format":"standard","meta":{"footnotes":""},"categories":[3,4],"tags":[],"class_list":["post-29917","post","type-post","status-publish","format-standard","has-post-thumbnail","hentry","category-noticias","category-home"],"yoast_head":"<!-- This site is optimized with the Yoast SEO plugin v26.7 - https:\/\/yoast.com\/wordpress\/plugins\/seo\/ -->\n<title>Sustentabilidade, desenvolvimento e atribui\u00e7\u00f5es dos vereadores - UVB Brasil<\/title>\n<meta name=\"robots\" content=\"index, follow, max-snippet:-1, max-image-preview:large, max-video-preview:-1\" \/>\n<link rel=\"canonical\" href=\"https:\/\/uvbbrasil.com.br\/sustentabilidade-desenvolvimento-e-atribuicoes-dos-vereadores\/\" \/>\n<meta property=\"og:locale\" content=\"pt_BR\" \/>\n<meta property=\"og:type\" content=\"article\" \/>\n<meta property=\"og:title\" content=\"Sustentabilidade, desenvolvimento e atribui\u00e7\u00f5es dos vereadores - UVB Brasil\" \/>\n<meta property=\"og:description\" content=\"Dr. Carlos Augusto Fiorioli ,Promotor de Justi\u00e7a, P\u00f3s-graduado em Ci\u00eancias Criminais pela PUCRS, Mestre em Direito P\u00fablico pela Universidade de...\" \/>\n<meta property=\"og:url\" content=\"https:\/\/uvbbrasil.com.br\/sustentabilidade-desenvolvimento-e-atribuicoes-dos-vereadores\/\" \/>\n<meta property=\"og:site_name\" content=\"UVB Brasil\" \/>\n<meta property=\"article:publisher\" content=\"https:\/\/www.facebook.com\/uvb.vereadoresbrasil\" \/>\n<meta property=\"article:published_time\" content=\"2023-06-05T19:55:30+00:00\" \/>\n<meta property=\"og:image\" content=\"https:\/\/uvbbrasil.com.br\/wp-content\/uploads\/2023\/06\/WhatsApp-Image-2023-06-02-at-11.33.56-1-1.jpeg\" \/>\n\t<meta property=\"og:image:width\" content=\"1600\" \/>\n\t<meta property=\"og:image:height\" content=\"1200\" \/>\n\t<meta property=\"og:image:type\" content=\"image\/jpeg\" \/>\n<meta name=\"author\" content=\"adminuvb\" \/>\n<meta name=\"twitter:card\" content=\"summary_large_image\" \/>\n<meta name=\"twitter:label1\" content=\"Escrito por\" \/>\n\t<meta name=\"twitter:data1\" content=\"adminuvb\" \/>\n\t<meta name=\"twitter:label2\" content=\"Est. tempo de leitura\" \/>\n\t<meta name=\"twitter:data2\" content=\"2 minutos\" \/>\n<script type=\"application\/ld+json\" class=\"yoast-schema-graph\">{\"@context\":\"https:\/\/schema.org\",\"@graph\":[{\"@type\":\"Article\",\"@id\":\"https:\/\/uvbbrasil.com.br\/sustentabilidade-desenvolvimento-e-atribuicoes-dos-vereadores\/#article\",\"isPartOf\":{\"@id\":\"https:\/\/uvbbrasil.com.br\/sustentabilidade-desenvolvimento-e-atribuicoes-dos-vereadores\/\"},\"author\":{\"name\":\"adminuvb\",\"@id\":\"https:\/\/uvbbrasil.com.br\/#\/schema\/person\/17990098446c098f52effddff4f1b272\"},\"headline\":\"Sustentabilidade, desenvolvimento e atribui\u00e7\u00f5es dos vereadores\",\"datePublished\":\"2023-06-05T19:55:30+00:00\",\"mainEntityOfPage\":{\"@id\":\"https:\/\/uvbbrasil.com.br\/sustentabilidade-desenvolvimento-e-atribuicoes-dos-vereadores\/\"},\"wordCount\":147,\"commentCount\":0,\"publisher\":{\"@id\":\"https:\/\/uvbbrasil.com.br\/#organization\"},\"image\":{\"@id\":\"https:\/\/uvbbrasil.com.br\/sustentabilidade-desenvolvimento-e-atribuicoes-dos-vereadores\/#primaryimage\"},\"thumbnailUrl\":\"https:\/\/uvbbrasil.com.br\/wp-content\/uploads\/2023\/06\/WhatsApp-Image-2023-06-02-at-11.33.56-1-1.jpeg\",\"articleSection\":[\"NOT\u00cdCIAS\",\"UVB\"],\"inLanguage\":\"pt-BR\",\"potentialAction\":[{\"@type\":\"CommentAction\",\"name\":\"Comment\",\"target\":[\"https:\/\/uvbbrasil.com.br\/sustentabilidade-desenvolvimento-e-atribuicoes-dos-vereadores\/#respond\"]}]},{\"@type\":\"WebPage\",\"@id\":\"https:\/\/uvbbrasil.com.br\/sustentabilidade-desenvolvimento-e-atribuicoes-dos-vereadores\/\",\"url\":\"https:\/\/uvbbrasil.com.br\/sustentabilidade-desenvolvimento-e-atribuicoes-dos-vereadores\/\",\"name\":\"Sustentabilidade, desenvolvimento e atribui\u00e7\u00f5es dos vereadores - UVB Brasil\",\"isPartOf\":{\"@id\":\"https:\/\/uvbbrasil.com.br\/#website\"},\"primaryImageOfPage\":{\"@id\":\"https:\/\/uvbbrasil.com.br\/sustentabilidade-desenvolvimento-e-atribuicoes-dos-vereadores\/#primaryimage\"},\"image\":{\"@id\":\"https:\/\/uvbbrasil.com.br\/sustentabilidade-desenvolvimento-e-atribuicoes-dos-vereadores\/#primaryimage\"},\"thumbnailUrl\":\"https:\/\/uvbbrasil.com.br\/wp-content\/uploads\/2023\/06\/WhatsApp-Image-2023-06-02-at-11.33.56-1-1.jpeg\",\"datePublished\":\"2023-06-05T19:55:30+00:00\",\"breadcrumb\":{\"@id\":\"https:\/\/uvbbrasil.com.br\/sustentabilidade-desenvolvimento-e-atribuicoes-dos-vereadores\/#breadcrumb\"},\"inLanguage\":\"pt-BR\",\"potentialAction\":[{\"@type\":\"ReadAction\",\"target\":[\"https:\/\/uvbbrasil.com.br\/sustentabilidade-desenvolvimento-e-atribuicoes-dos-vereadores\/\"]}]},{\"@type\":\"ImageObject\",\"inLanguage\":\"pt-BR\",\"@id\":\"https:\/\/uvbbrasil.com.br\/sustentabilidade-desenvolvimento-e-atribuicoes-dos-vereadores\/#primaryimage\",\"url\":\"https:\/\/uvbbrasil.com.br\/wp-content\/uploads\/2023\/06\/WhatsApp-Image-2023-06-02-at-11.33.56-1-1.jpeg\",\"contentUrl\":\"https:\/\/uvbbrasil.com.br\/wp-content\/uploads\/2023\/06\/WhatsApp-Image-2023-06-02-at-11.33.56-1-1.jpeg\",\"width\":1600,\"height\":1200},{\"@type\":\"BreadcrumbList\",\"@id\":\"https:\/\/uvbbrasil.com.br\/sustentabilidade-desenvolvimento-e-atribuicoes-dos-vereadores\/#breadcrumb\",\"itemListElement\":[{\"@type\":\"ListItem\",\"position\":1,\"name\":\"In\u00edcio\",\"item\":\"https:\/\/uvbbrasil.com.br\/\"},{\"@type\":\"ListItem\",\"position\":2,\"name\":\"Sustentabilidade, desenvolvimento e atribui\u00e7\u00f5es dos vereadores\"}]},{\"@type\":\"WebSite\",\"@id\":\"https:\/\/uvbbrasil.com.br\/#website\",\"url\":\"https:\/\/uvbbrasil.com.br\/\",\"name\":\"UVB Brasil\",\"description\":\"Uni\u00e3o dos Vereadores do Brasil\",\"publisher\":{\"@id\":\"https:\/\/uvbbrasil.com.br\/#organization\"},\"potentialAction\":[{\"@type\":\"SearchAction\",\"target\":{\"@type\":\"EntryPoint\",\"urlTemplate\":\"https:\/\/uvbbrasil.com.br\/?s={search_term_string}\"},\"query-input\":{\"@type\":\"PropertyValueSpecification\",\"valueRequired\":true,\"valueName\":\"search_term_string\"}}],\"inLanguage\":\"pt-BR\"},{\"@type\":\"Organization\",\"@id\":\"https:\/\/uvbbrasil.com.br\/#organization\",\"name\":\"UVB Brasil\",\"url\":\"https:\/\/uvbbrasil.com.br\/\",\"logo\":{\"@type\":\"ImageObject\",\"inLanguage\":\"pt-BR\",\"@id\":\"https:\/\/uvbbrasil.com.br\/#\/schema\/logo\/image\/\",\"url\":\"https:\/\/uvbbrasil.com.br\/wp-content\/uploads\/2025\/01\/LOGO-UVB-2024-azul-1.jpg\",\"contentUrl\":\"https:\/\/uvbbrasil.com.br\/wp-content\/uploads\/2025\/01\/LOGO-UVB-2024-azul-1.jpg\",\"width\":600,\"height\":211,\"caption\":\"UVB Brasil\"},\"image\":{\"@id\":\"https:\/\/uvbbrasil.com.br\/#\/schema\/logo\/image\/\"},\"sameAs\":[\"https:\/\/www.facebook.com\/uvb.vereadoresbrasil\",\"https:\/\/www.instagram.com\/uvbbrasil\/\",\"https:\/\/www.youtube.com\/channel\/UCIlPQ8Xzw5GHNzosQIg9S5A\"]},{\"@type\":\"Person\",\"@id\":\"https:\/\/uvbbrasil.com.br\/#\/schema\/person\/17990098446c098f52effddff4f1b272\",\"name\":\"adminuvb\",\"image\":{\"@type\":\"ImageObject\",\"inLanguage\":\"pt-BR\",\"@id\":\"https:\/\/uvbbrasil.com.br\/#\/schema\/person\/image\/\",\"url\":\"https:\/\/secure.gravatar.com\/avatar\/1a494ea6f8e2dd1ae526e55b0e9497efdba542491e0620d704cccf63c6f77c45?s=96&d=mm&r=g\",\"contentUrl\":\"https:\/\/secure.gravatar.com\/avatar\/1a494ea6f8e2dd1ae526e55b0e9497efdba542491e0620d704cccf63c6f77c45?s=96&d=mm&r=g\",\"caption\":\"adminuvb\"},\"sameAs\":[\"https:\/\/uvbbrasil.com.br\"],\"url\":\"https:\/\/uvbbrasil.com.br\/author\/adminuvb\/\"}]}<\/script>\n<!-- \/ Yoast SEO plugin. -->","yoast_head_json":{"title":"Sustentabilidade, desenvolvimento e atribui\u00e7\u00f5es dos vereadores - UVB Brasil","robots":{"index":"index","follow":"follow","max-snippet":"max-snippet:-1","max-image-preview":"max-image-preview:large","max-video-preview":"max-video-preview:-1"},"canonical":"https:\/\/uvbbrasil.com.br\/sustentabilidade-desenvolvimento-e-atribuicoes-dos-vereadores\/","og_locale":"pt_BR","og_type":"article","og_title":"Sustentabilidade, desenvolvimento e atribui\u00e7\u00f5es dos vereadores - UVB Brasil","og_description":"Dr. Carlos Augusto Fiorioli ,Promotor de Justi\u00e7a, P\u00f3s-graduado em Ci\u00eancias Criminais pela PUCRS, Mestre em Direito P\u00fablico pela Universidade de...","og_url":"https:\/\/uvbbrasil.com.br\/sustentabilidade-desenvolvimento-e-atribuicoes-dos-vereadores\/","og_site_name":"UVB Brasil","article_publisher":"https:\/\/www.facebook.com\/uvb.vereadoresbrasil","article_published_time":"2023-06-05T19:55:30+00:00","og_image":[{"width":1600,"height":1200,"url":"https:\/\/uvbbrasil.com.br\/wp-content\/uploads\/2023\/06\/WhatsApp-Image-2023-06-02-at-11.33.56-1-1.jpeg","type":"image\/jpeg"}],"author":"adminuvb","twitter_card":"summary_large_image","twitter_misc":{"Escrito por":"adminuvb","Est. tempo de leitura":"2 minutos"},"schema":{"@context":"https:\/\/schema.org","@graph":[{"@type":"Article","@id":"https:\/\/uvbbrasil.com.br\/sustentabilidade-desenvolvimento-e-atribuicoes-dos-vereadores\/#article","isPartOf":{"@id":"https:\/\/uvbbrasil.com.br\/sustentabilidade-desenvolvimento-e-atribuicoes-dos-vereadores\/"},"author":{"name":"adminuvb","@id":"https:\/\/uvbbrasil.com.br\/#\/schema\/person\/17990098446c098f52effddff4f1b272"},"headline":"Sustentabilidade, desenvolvimento e atribui\u00e7\u00f5es dos vereadores","datePublished":"2023-06-05T19:55:30+00:00","mainEntityOfPage":{"@id":"https:\/\/uvbbrasil.com.br\/sustentabilidade-desenvolvimento-e-atribuicoes-dos-vereadores\/"},"wordCount":147,"commentCount":0,"publisher":{"@id":"https:\/\/uvbbrasil.com.br\/#organization"},"image":{"@id":"https:\/\/uvbbrasil.com.br\/sustentabilidade-desenvolvimento-e-atribuicoes-dos-vereadores\/#primaryimage"},"thumbnailUrl":"https:\/\/uvbbrasil.com.br\/wp-content\/uploads\/2023\/06\/WhatsApp-Image-2023-06-02-at-11.33.56-1-1.jpeg","articleSection":["NOT\u00cdCIAS","UVB"],"inLanguage":"pt-BR","potentialAction":[{"@type":"CommentAction","name":"Comment","target":["https:\/\/uvbbrasil.com.br\/sustentabilidade-desenvolvimento-e-atribuicoes-dos-vereadores\/#respond"]}]},{"@type":"WebPage","@id":"https:\/\/uvbbrasil.com.br\/sustentabilidade-desenvolvimento-e-atribuicoes-dos-vereadores\/","url":"https:\/\/uvbbrasil.com.br\/sustentabilidade-desenvolvimento-e-atribuicoes-dos-vereadores\/","name":"Sustentabilidade, desenvolvimento e atribui\u00e7\u00f5es dos vereadores - UVB Brasil","isPartOf":{"@id":"https:\/\/uvbbrasil.com.br\/#website"},"primaryImageOfPage":{"@id":"https:\/\/uvbbrasil.com.br\/sustentabilidade-desenvolvimento-e-atribuicoes-dos-vereadores\/#primaryimage"},"image":{"@id":"https:\/\/uvbbrasil.com.br\/sustentabilidade-desenvolvimento-e-atribuicoes-dos-vereadores\/#primaryimage"},"thumbnailUrl":"https:\/\/uvbbrasil.com.br\/wp-content\/uploads\/2023\/06\/WhatsApp-Image-2023-06-02-at-11.33.56-1-1.jpeg","datePublished":"2023-06-05T19:55:30+00:00","breadcrumb":{"@id":"https:\/\/uvbbrasil.com.br\/sustentabilidade-desenvolvimento-e-atribuicoes-dos-vereadores\/#breadcrumb"},"inLanguage":"pt-BR","potentialAction":[{"@type":"ReadAction","target":["https:\/\/uvbbrasil.com.br\/sustentabilidade-desenvolvimento-e-atribuicoes-dos-vereadores\/"]}]},{"@type":"ImageObject","inLanguage":"pt-BR","@id":"https:\/\/uvbbrasil.com.br\/sustentabilidade-desenvolvimento-e-atribuicoes-dos-vereadores\/#primaryimage","url":"https:\/\/uvbbrasil.com.br\/wp-content\/uploads\/2023\/06\/WhatsApp-Image-2023-06-02-at-11.33.56-1-1.jpeg","contentUrl":"https:\/\/uvbbrasil.com.br\/wp-content\/uploads\/2023\/06\/WhatsApp-Image-2023-06-02-at-11.33.56-1-1.jpeg","width":1600,"height":1200},{"@type":"BreadcrumbList","@id":"https:\/\/uvbbrasil.com.br\/sustentabilidade-desenvolvimento-e-atribuicoes-dos-vereadores\/#breadcrumb","itemListElement":[{"@type":"ListItem","position":1,"name":"In\u00edcio","item":"https:\/\/uvbbrasil.com.br\/"},{"@type":"ListItem","position":2,"name":"Sustentabilidade, desenvolvimento e atribui\u00e7\u00f5es dos vereadores"}]},{"@type":"WebSite","@id":"https:\/\/uvbbrasil.com.br\/#website","url":"https:\/\/uvbbrasil.com.br\/","name":"UVB Brasil","description":"Uni\u00e3o dos Vereadores do Brasil","publisher":{"@id":"https:\/\/uvbbrasil.com.br\/#organization"},"potentialAction":[{"@type":"SearchAction","target":{"@type":"EntryPoint","urlTemplate":"https:\/\/uvbbrasil.com.br\/?s={search_term_string}"},"query-input":{"@type":"PropertyValueSpecification","valueRequired":true,"valueName":"search_term_string"}}],"inLanguage":"pt-BR"},{"@type":"Organization","@id":"https:\/\/uvbbrasil.com.br\/#organization","name":"UVB Brasil","url":"https:\/\/uvbbrasil.com.br\/","logo":{"@type":"ImageObject","inLanguage":"pt-BR","@id":"https:\/\/uvbbrasil.com.br\/#\/schema\/logo\/image\/","url":"https:\/\/uvbbrasil.com.br\/wp-content\/uploads\/2025\/01\/LOGO-UVB-2024-azul-1.jpg","contentUrl":"https:\/\/uvbbrasil.com.br\/wp-content\/uploads\/2025\/01\/LOGO-UVB-2024-azul-1.jpg","width":600,"height":211,"caption":"UVB Brasil"},"image":{"@id":"https:\/\/uvbbrasil.com.br\/#\/schema\/logo\/image\/"},"sameAs":["https:\/\/www.facebook.com\/uvb.vereadoresbrasil","https:\/\/www.instagram.com\/uvbbrasil\/","https:\/\/www.youtube.com\/channel\/UCIlPQ8Xzw5GHNzosQIg9S5A"]},{"@type":"Person","@id":"https:\/\/uvbbrasil.com.br\/#\/schema\/person\/17990098446c098f52effddff4f1b272","name":"adminuvb","image":{"@type":"ImageObject","inLanguage":"pt-BR","@id":"https:\/\/uvbbrasil.com.br\/#\/schema\/person\/image\/","url":"https:\/\/secure.gravatar.com\/avatar\/1a494ea6f8e2dd1ae526e55b0e9497efdba542491e0620d704cccf63c6f77c45?s=96&d=mm&r=g","contentUrl":"https:\/\/secure.gravatar.com\/avatar\/1a494ea6f8e2dd1ae526e55b0e9497efdba542491e0620d704cccf63c6f77c45?s=96&d=mm&r=g","caption":"adminuvb"},"sameAs":["https:\/\/uvbbrasil.com.br"],"url":"https:\/\/uvbbrasil.com.br\/author\/adminuvb\/"}]}},"_links":{"self":[{"href":"https:\/\/uvbbrasil.com.br\/uvb-json\/wp\/v2\/posts\/29917","targetHints":{"allow":["GET"]}}],"collection":[{"href":"https:\/\/uvbbrasil.com.br\/uvb-json\/wp\/v2\/posts"}],"about":[{"href":"https:\/\/uvbbrasil.com.br\/uvb-json\/wp\/v2\/types\/post"}],"author":[{"embeddable":true,"href":"https:\/\/uvbbrasil.com.br\/uvb-json\/wp\/v2\/users\/1"}],"replies":[{"embeddable":true,"href":"https:\/\/uvbbrasil.com.br\/uvb-json\/wp\/v2\/comments?post=29917"}],"version-history":[{"count":0,"href":"https:\/\/uvbbrasil.com.br\/uvb-json\/wp\/v2\/posts\/29917\/revisions"}],"wp:featuredmedia":[{"embeddable":true,"href":"https:\/\/uvbbrasil.com.br\/uvb-json\/wp\/v2\/media\/29923"}],"wp:attachment":[{"href":"https:\/\/uvbbrasil.com.br\/uvb-json\/wp\/v2\/media?parent=29917"}],"wp:term":[{"taxonomy":"category","embeddable":true,"href":"https:\/\/uvbbrasil.com.br\/uvb-json\/wp\/v2\/categories?post=29917"},{"taxonomy":"post_tag","embeddable":true,"href":"https:\/\/uvbbrasil.com.br\/uvb-json\/wp\/v2\/tags?post=29917"}],"curies":[{"name":"wp","href":"https:\/\/api.w.org\/{rel}","templated":true}]}}