{"id":29889,"date":"2023-06-05T10:21:29","date_gmt":"2023-06-05T13:21:29","guid":{"rendered":"https:\/\/wpsandbox4.pante.com.br\/?p=29889"},"modified":"2023-06-05T10:21:29","modified_gmt":"2023-06-05T13:21:29","slug":"os-aspectos-atuais-de-politicas-publicas-afirmativas-voltadas-para-a-populacao-negra","status":"publish","type":"post","link":"https:\/\/uvbbrasil.com.br\/os-aspectos-atuais-de-politicas-publicas-afirmativas-voltadas-para-a-populacao-negra\/","title":{"rendered":"Os Aspectos Atuais de Pol\u00edticas P\u00fablicas Afirmativas Voltadas para a Popula\u00e7\u00e3o Negra"},"content":{"rendered":"<p>O Coordenador da UVB Afro, vereador de Barcarena\/PA, Carlos Barbosa, apresentou no II Cidades Colaborativas na cidade de Encantado\/RS, Os Aspectos Atuais de Pol\u00edticas P\u00fablicas (afirmativas) Voltadas para a Popula\u00e7\u00e3o Negra.<\/p>\n<p>O vereador fez uma an\u00e1lise das a\u00e7\u00f5es afirmativas em benef\u00edcio da popula\u00e7\u00e3o negra, tendo como eixo em torno da institui\u00e7\u00e3o de um programa de cotas raciais. Devido ao quadro de desigualdade racial nas oportunidades educacionais do Brasil, argumenta-se, em um primeiro momento, que as cotas constituem um eficiente instrumento para garantir maior representa\u00e7\u00e3o dos negros. Em um segundo momento, tem-se a inten\u00e7\u00e3o de escrutinar (e refutar) as principais cr\u00edticas dos opositores \u00e0s cotas raciais.<\/p>\n<p>Resultado da luta empreendida pelo movimento negro, h\u00e1 d\u00e9cadas assiste-se a uma mudan\u00e7a de postura, em v\u00e1rios segmentos da sociedade brasileira, em rela\u00e7\u00e3o ao tratamento conferido \u00e0s quest\u00f5es da popula\u00e7\u00e3o negra no pa\u00eds.<\/p>\n<p>O Brasil \u00e9 o pa\u00eds da segrega\u00e7\u00e3o racial n\u00e3o declarada. Todos os indicadores sociais ilustram n\u00fameros carregados com a cor do racismo. Segundo a pesquisa Mapa da popula\u00e7\u00e3o negra no mercado de trabalho no Brasil, realizada pelo Instituto Sindical Interamericano pela Igualdade Racial (INSPIR), em 1999, um homem negro na regi\u00e3o metropolitana recebe 50,6% do rendimento m\u00e9dio mensal de um homem n\u00e3o-negro. A situa\u00e7\u00e3o da mulher negra \u00e9 mais dram\u00e1tica. Ela recebe 33,6% do rendimento m\u00e9dio mensal de um homem n\u00e3o-negro. A taxa de desemprego nas regi\u00f5es metropolitana \u00e9 de 16,1% para os n\u00e3o-negros e 22,7% para os negros.<\/p>\n<p>Nesse contexto\u00a0 a\u00e7\u00f5es afirmativas s\u00e3o pol\u00edticas p\u00fablicas focais voltadas para grupos que sofrem discrimina\u00e7\u00e3o \u00e9tnica, racial, de g\u00eanero, religiosa. As pol\u00edticas afirmativas t\u00eam como objetivo promover a inclus\u00e3o socioecon\u00f4mica de popula\u00e7\u00f5es historicamente privadas do acesso a oportunidades.<\/p>\n<p>\u00c9 not\u00e1vel que esse tipo de a\u00e7\u00e3o faz-se necess\u00e1rio quando a assimetria de oportunidades entre grupos sociais deriva de suas caracter\u00edsticas culturais, fenot\u00edpicas, biol\u00f3gicas ou de injusti\u00e7as hist\u00f3ricas, comuns em sociedades que sofreram processos de coloniza\u00e7\u00e3o escravocrata e segrega\u00e7\u00e3o racial.<\/p>\n<p>A premissa b\u00e1sica das a\u00e7\u00f5es afirmativas \u00e9 promover igualdade de acesso a oportunidades. S\u00e3o importantes mecanismos para a amplia\u00e7\u00e3o da mobilidade social ascendente. Elas permitem, ainda, que os caminhos percorridos por indiv\u00edduos de determinados grupos sejam frutos de sua escolha, e n\u00e3o de suas circunst\u00e2ncias.\u00a0 As a\u00e7\u00f5es afirmativas abarcam a promo\u00e7\u00e3o dos direitos civis, a emancipa\u00e7\u00e3o material e a valoriza\u00e7\u00e3o de patrim\u00f4nio cultural, finalizou o Coordenador Nacional da UVB Afro.<\/p>\n<p><img fetchpriority=\"high\" decoding=\"async\" class=\"alignnone size-medium wp-image-29896\" src=\"https:\/\/uvbbrasil.com.br\/wp-content\/uploads\/2023\/06\/WhatsApp-Image-2023-06-01-at-17.12.48-300x225.jpeg\" alt=\"\" width=\"300\" height=\"225\" srcset=\"https:\/\/uvbbrasil.com.br\/wp-content\/uploads\/2023\/06\/WhatsApp-Image-2023-06-01-at-17.12.48-300x225.jpeg 300w, https:\/\/uvbbrasil.com.br\/wp-content\/uploads\/2023\/06\/WhatsApp-Image-2023-06-01-at-17.12.48-768x576.jpeg 768w, https:\/\/uvbbrasil.com.br\/wp-content\/uploads\/2023\/06\/WhatsApp-Image-2023-06-01-at-17.12.48.jpeg 1024w\" sizes=\"(max-width: 300px) 100vw, 300px\" \/><img decoding=\"async\" class=\"alignnone size-medium wp-image-29901\" src=\"https:\/\/uvbbrasil.com.br\/wp-content\/uploads\/2023\/06\/WhatsApp-Image-2023-06-01-at-17.13.06-300x225.jpeg\" alt=\"\" width=\"300\" height=\"225\" srcset=\"https:\/\/uvbbrasil.com.br\/wp-content\/uploads\/2023\/06\/WhatsApp-Image-2023-06-01-at-17.13.06-300x225.jpeg 300w, https:\/\/uvbbrasil.com.br\/wp-content\/uploads\/2023\/06\/WhatsApp-Image-2023-06-01-at-17.13.06-1024x768.jpeg 1024w, https:\/\/uvbbrasil.com.br\/wp-content\/uploads\/2023\/06\/WhatsApp-Image-2023-06-01-at-17.13.06-768x576.jpeg 768w, https:\/\/uvbbrasil.com.br\/wp-content\/uploads\/2023\/06\/WhatsApp-Image-2023-06-01-at-17.13.06-1536x1152.jpeg 1536w, https:\/\/uvbbrasil.com.br\/wp-content\/uploads\/2023\/06\/WhatsApp-Image-2023-06-01-at-17.13.06.jpeg 1600w\" sizes=\"(max-width: 300px) 100vw, 300px\" \/><img decoding=\"async\" class=\"alignnone size-medium wp-image-29902\" src=\"https:\/\/uvbbrasil.com.br\/wp-content\/uploads\/2023\/06\/WhatsApp-Image-2023-06-01-at-17.13.08-300x225.jpeg\" alt=\"\" width=\"300\" height=\"225\" srcset=\"https:\/\/uvbbrasil.com.br\/wp-content\/uploads\/2023\/06\/WhatsApp-Image-2023-06-01-at-17.13.08-300x225.jpeg 300w, https:\/\/uvbbrasil.com.br\/wp-content\/uploads\/2023\/06\/WhatsApp-Image-2023-06-01-at-17.13.08-1024x768.jpeg 1024w, https:\/\/uvbbrasil.com.br\/wp-content\/uploads\/2023\/06\/WhatsApp-Image-2023-06-01-at-17.13.08-768x576.jpeg 768w, https:\/\/uvbbrasil.com.br\/wp-content\/uploads\/2023\/06\/WhatsApp-Image-2023-06-01-at-17.13.08-1536x1152.jpeg 1536w, https:\/\/uvbbrasil.com.br\/wp-content\/uploads\/2023\/06\/WhatsApp-Image-2023-06-01-at-17.13.08.jpeg 1600w\" sizes=\"(max-width: 300px) 100vw, 300px\" \/><img loading=\"lazy\" decoding=\"async\" class=\"alignnone size-medium wp-image-29892\" src=\"https:\/\/uvbbrasil.com.br\/wp-content\/uploads\/2023\/06\/WhatsApp-Image-2023-06-01-at-17.11.47-225x300.jpeg\" alt=\"\" width=\"225\" height=\"300\" srcset=\"https:\/\/uvbbrasil.com.br\/wp-content\/uploads\/2023\/06\/WhatsApp-Image-2023-06-01-at-17.11.47-225x300.jpeg 225w, https:\/\/uvbbrasil.com.br\/wp-content\/uploads\/2023\/06\/WhatsApp-Image-2023-06-01-at-17.11.47-768x1024.jpeg 768w, https:\/\/uvbbrasil.com.br\/wp-content\/uploads\/2023\/06\/WhatsApp-Image-2023-06-01-at-17.11.47-1152x1536.jpeg 1152w, https:\/\/uvbbrasil.com.br\/wp-content\/uploads\/2023\/06\/WhatsApp-Image-2023-06-01-at-17.11.47.jpeg 1200w\" sizes=\"(max-width: 225px) 100vw, 225px\" \/><img loading=\"lazy\" decoding=\"async\" class=\"alignnone size-medium wp-image-29900\" src=\"https:\/\/uvbbrasil.com.br\/wp-content\/uploads\/2023\/06\/WhatsApp-Image-2023-06-01-at-17.12.55-225x300.jpeg\" alt=\"\" width=\"225\" height=\"300\" srcset=\"https:\/\/uvbbrasil.com.br\/wp-content\/uploads\/2023\/06\/WhatsApp-Image-2023-06-01-at-17.12.55-225x300.jpeg 225w, https:\/\/uvbbrasil.com.br\/wp-content\/uploads\/2023\/06\/WhatsApp-Image-2023-06-01-at-17.12.55-768x1024.jpeg 768w, https:\/\/uvbbrasil.com.br\/wp-content\/uploads\/2023\/06\/WhatsApp-Image-2023-06-01-at-17.12.55-1152x1536.jpeg 1152w, https:\/\/uvbbrasil.com.br\/wp-content\/uploads\/2023\/06\/WhatsApp-Image-2023-06-01-at-17.12.55.jpeg 1200w\" sizes=\"(max-width: 225px) 100vw, 225px\" \/><img loading=\"lazy\" decoding=\"async\" class=\"alignnone size-medium wp-image-29897\" src=\"https:\/\/uvbbrasil.com.br\/wp-content\/uploads\/2023\/06\/WhatsApp-Image-2023-06-01-at-17.12.49-300x225.jpeg\" alt=\"\" width=\"300\" height=\"225\" srcset=\"https:\/\/uvbbrasil.com.br\/wp-content\/uploads\/2023\/06\/WhatsApp-Image-2023-06-01-at-17.12.49-300x225.jpeg 300w, https:\/\/uvbbrasil.com.br\/wp-content\/uploads\/2023\/06\/WhatsApp-Image-2023-06-01-at-17.12.49-768x576.jpeg 768w, https:\/\/uvbbrasil.com.br\/wp-content\/uploads\/2023\/06\/WhatsApp-Image-2023-06-01-at-17.12.49.jpeg 1024w\" sizes=\"(max-width: 300px) 100vw, 300px\" \/><img loading=\"lazy\" decoding=\"async\" class=\"alignnone size-medium wp-image-29899\" src=\"https:\/\/uvbbrasil.com.br\/wp-content\/uploads\/2023\/06\/WhatsApp-Image-2023-06-01-at-17.12.51-1-1-300x225.jpeg\" alt=\"\" width=\"300\" height=\"225\" srcset=\"https:\/\/uvbbrasil.com.br\/wp-content\/uploads\/2023\/06\/WhatsApp-Image-2023-06-01-at-17.12.51-1-1-300x225.jpeg 300w, https:\/\/uvbbrasil.com.br\/wp-content\/uploads\/2023\/06\/WhatsApp-Image-2023-06-01-at-17.12.51-1-1-1024x768.jpeg 1024w, https:\/\/uvbbrasil.com.br\/wp-content\/uploads\/2023\/06\/WhatsApp-Image-2023-06-01-at-17.12.51-1-1-768x576.jpeg 768w, https:\/\/uvbbrasil.com.br\/wp-content\/uploads\/2023\/06\/WhatsApp-Image-2023-06-01-at-17.12.51-1-1-1536x1152.jpeg 1536w, https:\/\/uvbbrasil.com.br\/wp-content\/uploads\/2023\/06\/WhatsApp-Image-2023-06-01-at-17.12.51-1-1.jpeg 1600w\" sizes=\"(max-width: 300px) 100vw, 300px\" \/><img loading=\"lazy\" decoding=\"async\" class=\"alignnone size-medium wp-image-29894\" src=\"https:\/\/uvbbrasil.com.br\/wp-content\/uploads\/2023\/06\/WhatsApp-Image-2023-06-01-at-17.11.52-300x225.jpeg\" alt=\"\" width=\"300\" height=\"225\" srcset=\"https:\/\/uvbbrasil.com.br\/wp-content\/uploads\/2023\/06\/WhatsApp-Image-2023-06-01-at-17.11.52-300x225.jpeg 300w, https:\/\/uvbbrasil.com.br\/wp-content\/uploads\/2023\/06\/WhatsApp-Image-2023-06-01-at-17.11.52-1024x768.jpeg 1024w, https:\/\/uvbbrasil.com.br\/wp-content\/uploads\/2023\/06\/WhatsApp-Image-2023-06-01-at-17.11.52-768x576.jpeg 768w, https:\/\/uvbbrasil.com.br\/wp-content\/uploads\/2023\/06\/WhatsApp-Image-2023-06-01-at-17.11.52-1536x1152.jpeg 1536w, https:\/\/uvbbrasil.com.br\/wp-content\/uploads\/2023\/06\/WhatsApp-Image-2023-06-01-at-17.11.52.jpeg 1600w\" sizes=\"(max-width: 300px) 100vw, 300px\" \/><\/p>\n","protected":false},"excerpt":{"rendered":"<p>O Coordenador da UVB Afro, vereador de Barcarena\/PA, Carlos Barbosa, apresentou no II Cidades Colaborativas na cidade de Encantado\/RS, Os&#8230;<\/p>\n","protected":false},"author":1,"featured_media":29900,"comment_status":"open","ping_status":"open","sticky":false,"template":"","format":"standard","meta":{"footnotes":""},"categories":[3,4],"tags":[],"class_list":["post-29889","post","type-post","status-publish","format-standard","has-post-thumbnail","hentry","category-noticias","category-home"],"yoast_head":"<!-- This site is optimized with the Yoast SEO plugin v26.7 - https:\/\/yoast.com\/wordpress\/plugins\/seo\/ -->\n<title>Os Aspectos Atuais de Pol\u00edticas P\u00fablicas Afirmativas Voltadas para a Popula\u00e7\u00e3o Negra - UVB Brasil<\/title>\n<meta name=\"robots\" content=\"index, follow, max-snippet:-1, max-image-preview:large, max-video-preview:-1\" \/>\n<link rel=\"canonical\" href=\"https:\/\/uvbbrasil.com.br\/os-aspectos-atuais-de-politicas-publicas-afirmativas-voltadas-para-a-populacao-negra\/\" \/>\n<meta property=\"og:locale\" content=\"pt_BR\" \/>\n<meta property=\"og:type\" content=\"article\" \/>\n<meta property=\"og:title\" content=\"Os Aspectos Atuais de Pol\u00edticas P\u00fablicas Afirmativas Voltadas para a Popula\u00e7\u00e3o Negra - UVB Brasil\" \/>\n<meta property=\"og:description\" content=\"O Coordenador da UVB Afro, vereador de Barcarena\/PA, Carlos Barbosa, apresentou no II Cidades Colaborativas na cidade de Encantado\/RS, Os...\" \/>\n<meta property=\"og:url\" content=\"https:\/\/uvbbrasil.com.br\/os-aspectos-atuais-de-politicas-publicas-afirmativas-voltadas-para-a-populacao-negra\/\" \/>\n<meta property=\"og:site_name\" content=\"UVB Brasil\" \/>\n<meta property=\"article:publisher\" content=\"https:\/\/www.facebook.com\/uvb.vereadoresbrasil\" \/>\n<meta property=\"article:published_time\" content=\"2023-06-05T13:21:29+00:00\" \/>\n<meta property=\"og:image\" content=\"https:\/\/uvbbrasil.com.br\/wp-content\/uploads\/2023\/06\/WhatsApp-Image-2023-06-01-at-17.12.55.jpeg\" \/>\n\t<meta property=\"og:image:width\" content=\"1200\" \/>\n\t<meta property=\"og:image:height\" content=\"1600\" \/>\n\t<meta property=\"og:image:type\" content=\"image\/jpeg\" \/>\n<meta name=\"author\" content=\"adminuvb\" \/>\n<meta name=\"twitter:card\" content=\"summary_large_image\" \/>\n<meta name=\"twitter:label1\" content=\"Escrito por\" \/>\n\t<meta name=\"twitter:data1\" content=\"adminuvb\" \/>\n\t<meta name=\"twitter:label2\" content=\"Est. tempo de leitura\" \/>\n\t<meta name=\"twitter:data2\" content=\"4 minutos\" \/>\n<script type=\"application\/ld+json\" class=\"yoast-schema-graph\">{\"@context\":\"https:\/\/schema.org\",\"@graph\":[{\"@type\":\"Article\",\"@id\":\"https:\/\/uvbbrasil.com.br\/os-aspectos-atuais-de-politicas-publicas-afirmativas-voltadas-para-a-populacao-negra\/#article\",\"isPartOf\":{\"@id\":\"https:\/\/uvbbrasil.com.br\/os-aspectos-atuais-de-politicas-publicas-afirmativas-voltadas-para-a-populacao-negra\/\"},\"author\":{\"name\":\"adminuvb\",\"@id\":\"https:\/\/uvbbrasil.com.br\/#\/schema\/person\/17990098446c098f52effddff4f1b272\"},\"headline\":\"Os Aspectos Atuais de Pol\u00edticas P\u00fablicas Afirmativas Voltadas para a Popula\u00e7\u00e3o Negra\",\"datePublished\":\"2023-06-05T13:21:29+00:00\",\"mainEntityOfPage\":{\"@id\":\"https:\/\/uvbbrasil.com.br\/os-aspectos-atuais-de-politicas-publicas-afirmativas-voltadas-para-a-populacao-negra\/\"},\"wordCount\":456,\"commentCount\":0,\"publisher\":{\"@id\":\"https:\/\/uvbbrasil.com.br\/#organization\"},\"image\":{\"@id\":\"https:\/\/uvbbrasil.com.br\/os-aspectos-atuais-de-politicas-publicas-afirmativas-voltadas-para-a-populacao-negra\/#primaryimage\"},\"thumbnailUrl\":\"https:\/\/uvbbrasil.com.br\/wp-content\/uploads\/2023\/06\/WhatsApp-Image-2023-06-01-at-17.12.55.jpeg\",\"articleSection\":[\"NOT\u00cdCIAS\",\"UVB\"],\"inLanguage\":\"pt-BR\",\"potentialAction\":[{\"@type\":\"CommentAction\",\"name\":\"Comment\",\"target\":[\"https:\/\/uvbbrasil.com.br\/os-aspectos-atuais-de-politicas-publicas-afirmativas-voltadas-para-a-populacao-negra\/#respond\"]}]},{\"@type\":\"WebPage\",\"@id\":\"https:\/\/uvbbrasil.com.br\/os-aspectos-atuais-de-politicas-publicas-afirmativas-voltadas-para-a-populacao-negra\/\",\"url\":\"https:\/\/uvbbrasil.com.br\/os-aspectos-atuais-de-politicas-publicas-afirmativas-voltadas-para-a-populacao-negra\/\",\"name\":\"Os Aspectos Atuais de Pol\u00edticas P\u00fablicas Afirmativas Voltadas para a Popula\u00e7\u00e3o Negra - UVB Brasil\",\"isPartOf\":{\"@id\":\"https:\/\/uvbbrasil.com.br\/#website\"},\"primaryImageOfPage\":{\"@id\":\"https:\/\/uvbbrasil.com.br\/os-aspectos-atuais-de-politicas-publicas-afirmativas-voltadas-para-a-populacao-negra\/#primaryimage\"},\"image\":{\"@id\":\"https:\/\/uvbbrasil.com.br\/os-aspectos-atuais-de-politicas-publicas-afirmativas-voltadas-para-a-populacao-negra\/#primaryimage\"},\"thumbnailUrl\":\"https:\/\/uvbbrasil.com.br\/wp-content\/uploads\/2023\/06\/WhatsApp-Image-2023-06-01-at-17.12.55.jpeg\",\"datePublished\":\"2023-06-05T13:21:29+00:00\",\"breadcrumb\":{\"@id\":\"https:\/\/uvbbrasil.com.br\/os-aspectos-atuais-de-politicas-publicas-afirmativas-voltadas-para-a-populacao-negra\/#breadcrumb\"},\"inLanguage\":\"pt-BR\",\"potentialAction\":[{\"@type\":\"ReadAction\",\"target\":[\"https:\/\/uvbbrasil.com.br\/os-aspectos-atuais-de-politicas-publicas-afirmativas-voltadas-para-a-populacao-negra\/\"]}]},{\"@type\":\"ImageObject\",\"inLanguage\":\"pt-BR\",\"@id\":\"https:\/\/uvbbrasil.com.br\/os-aspectos-atuais-de-politicas-publicas-afirmativas-voltadas-para-a-populacao-negra\/#primaryimage\",\"url\":\"https:\/\/uvbbrasil.com.br\/wp-content\/uploads\/2023\/06\/WhatsApp-Image-2023-06-01-at-17.12.55.jpeg\",\"contentUrl\":\"https:\/\/uvbbrasil.com.br\/wp-content\/uploads\/2023\/06\/WhatsApp-Image-2023-06-01-at-17.12.55.jpeg\",\"width\":1200,\"height\":1600},{\"@type\":\"BreadcrumbList\",\"@id\":\"https:\/\/uvbbrasil.com.br\/os-aspectos-atuais-de-politicas-publicas-afirmativas-voltadas-para-a-populacao-negra\/#breadcrumb\",\"itemListElement\":[{\"@type\":\"ListItem\",\"position\":1,\"name\":\"In\u00edcio\",\"item\":\"https:\/\/uvbbrasil.com.br\/\"},{\"@type\":\"ListItem\",\"position\":2,\"name\":\"Os Aspectos Atuais de Pol\u00edticas P\u00fablicas Afirmativas Voltadas para a Popula\u00e7\u00e3o Negra\"}]},{\"@type\":\"WebSite\",\"@id\":\"https:\/\/uvbbrasil.com.br\/#website\",\"url\":\"https:\/\/uvbbrasil.com.br\/\",\"name\":\"UVB Brasil\",\"description\":\"Uni\u00e3o dos Vereadores do Brasil\",\"publisher\":{\"@id\":\"https:\/\/uvbbrasil.com.br\/#organization\"},\"potentialAction\":[{\"@type\":\"SearchAction\",\"target\":{\"@type\":\"EntryPoint\",\"urlTemplate\":\"https:\/\/uvbbrasil.com.br\/?s={search_term_string}\"},\"query-input\":{\"@type\":\"PropertyValueSpecification\",\"valueRequired\":true,\"valueName\":\"search_term_string\"}}],\"inLanguage\":\"pt-BR\"},{\"@type\":\"Organization\",\"@id\":\"https:\/\/uvbbrasil.com.br\/#organization\",\"name\":\"UVB Brasil\",\"url\":\"https:\/\/uvbbrasil.com.br\/\",\"logo\":{\"@type\":\"ImageObject\",\"inLanguage\":\"pt-BR\",\"@id\":\"https:\/\/uvbbrasil.com.br\/#\/schema\/logo\/image\/\",\"url\":\"https:\/\/uvbbrasil.com.br\/wp-content\/uploads\/2025\/01\/LOGO-UVB-2024-azul-1.jpg\",\"contentUrl\":\"https:\/\/uvbbrasil.com.br\/wp-content\/uploads\/2025\/01\/LOGO-UVB-2024-azul-1.jpg\",\"width\":600,\"height\":211,\"caption\":\"UVB Brasil\"},\"image\":{\"@id\":\"https:\/\/uvbbrasil.com.br\/#\/schema\/logo\/image\/\"},\"sameAs\":[\"https:\/\/www.facebook.com\/uvb.vereadoresbrasil\",\"https:\/\/www.instagram.com\/uvbbrasil\/\",\"https:\/\/www.youtube.com\/channel\/UCIlPQ8Xzw5GHNzosQIg9S5A\"]},{\"@type\":\"Person\",\"@id\":\"https:\/\/uvbbrasil.com.br\/#\/schema\/person\/17990098446c098f52effddff4f1b272\",\"name\":\"adminuvb\",\"image\":{\"@type\":\"ImageObject\",\"inLanguage\":\"pt-BR\",\"@id\":\"https:\/\/uvbbrasil.com.br\/#\/schema\/person\/image\/\",\"url\":\"https:\/\/secure.gravatar.com\/avatar\/1a494ea6f8e2dd1ae526e55b0e9497efdba542491e0620d704cccf63c6f77c45?s=96&d=mm&r=g\",\"contentUrl\":\"https:\/\/secure.gravatar.com\/avatar\/1a494ea6f8e2dd1ae526e55b0e9497efdba542491e0620d704cccf63c6f77c45?s=96&d=mm&r=g\",\"caption\":\"adminuvb\"},\"sameAs\":[\"https:\/\/uvbbrasil.com.br\"],\"url\":\"https:\/\/uvbbrasil.com.br\/author\/adminuvb\/\"}]}<\/script>\n<!-- \/ Yoast SEO plugin. -->","yoast_head_json":{"title":"Os Aspectos Atuais de Pol\u00edticas P\u00fablicas Afirmativas Voltadas para a Popula\u00e7\u00e3o Negra - UVB Brasil","robots":{"index":"index","follow":"follow","max-snippet":"max-snippet:-1","max-image-preview":"max-image-preview:large","max-video-preview":"max-video-preview:-1"},"canonical":"https:\/\/uvbbrasil.com.br\/os-aspectos-atuais-de-politicas-publicas-afirmativas-voltadas-para-a-populacao-negra\/","og_locale":"pt_BR","og_type":"article","og_title":"Os Aspectos Atuais de Pol\u00edticas P\u00fablicas Afirmativas Voltadas para a Popula\u00e7\u00e3o Negra - UVB Brasil","og_description":"O Coordenador da UVB Afro, vereador de Barcarena\/PA, Carlos Barbosa, apresentou no II Cidades Colaborativas na cidade de Encantado\/RS, Os...","og_url":"https:\/\/uvbbrasil.com.br\/os-aspectos-atuais-de-politicas-publicas-afirmativas-voltadas-para-a-populacao-negra\/","og_site_name":"UVB Brasil","article_publisher":"https:\/\/www.facebook.com\/uvb.vereadoresbrasil","article_published_time":"2023-06-05T13:21:29+00:00","og_image":[{"width":1200,"height":1600,"url":"https:\/\/uvbbrasil.com.br\/wp-content\/uploads\/2023\/06\/WhatsApp-Image-2023-06-01-at-17.12.55.jpeg","type":"image\/jpeg"}],"author":"adminuvb","twitter_card":"summary_large_image","twitter_misc":{"Escrito por":"adminuvb","Est. tempo de leitura":"4 minutos"},"schema":{"@context":"https:\/\/schema.org","@graph":[{"@type":"Article","@id":"https:\/\/uvbbrasil.com.br\/os-aspectos-atuais-de-politicas-publicas-afirmativas-voltadas-para-a-populacao-negra\/#article","isPartOf":{"@id":"https:\/\/uvbbrasil.com.br\/os-aspectos-atuais-de-politicas-publicas-afirmativas-voltadas-para-a-populacao-negra\/"},"author":{"name":"adminuvb","@id":"https:\/\/uvbbrasil.com.br\/#\/schema\/person\/17990098446c098f52effddff4f1b272"},"headline":"Os Aspectos Atuais de Pol\u00edticas P\u00fablicas Afirmativas Voltadas para a Popula\u00e7\u00e3o Negra","datePublished":"2023-06-05T13:21:29+00:00","mainEntityOfPage":{"@id":"https:\/\/uvbbrasil.com.br\/os-aspectos-atuais-de-politicas-publicas-afirmativas-voltadas-para-a-populacao-negra\/"},"wordCount":456,"commentCount":0,"publisher":{"@id":"https:\/\/uvbbrasil.com.br\/#organization"},"image":{"@id":"https:\/\/uvbbrasil.com.br\/os-aspectos-atuais-de-politicas-publicas-afirmativas-voltadas-para-a-populacao-negra\/#primaryimage"},"thumbnailUrl":"https:\/\/uvbbrasil.com.br\/wp-content\/uploads\/2023\/06\/WhatsApp-Image-2023-06-01-at-17.12.55.jpeg","articleSection":["NOT\u00cdCIAS","UVB"],"inLanguage":"pt-BR","potentialAction":[{"@type":"CommentAction","name":"Comment","target":["https:\/\/uvbbrasil.com.br\/os-aspectos-atuais-de-politicas-publicas-afirmativas-voltadas-para-a-populacao-negra\/#respond"]}]},{"@type":"WebPage","@id":"https:\/\/uvbbrasil.com.br\/os-aspectos-atuais-de-politicas-publicas-afirmativas-voltadas-para-a-populacao-negra\/","url":"https:\/\/uvbbrasil.com.br\/os-aspectos-atuais-de-politicas-publicas-afirmativas-voltadas-para-a-populacao-negra\/","name":"Os Aspectos Atuais de Pol\u00edticas P\u00fablicas Afirmativas Voltadas para a Popula\u00e7\u00e3o Negra - UVB Brasil","isPartOf":{"@id":"https:\/\/uvbbrasil.com.br\/#website"},"primaryImageOfPage":{"@id":"https:\/\/uvbbrasil.com.br\/os-aspectos-atuais-de-politicas-publicas-afirmativas-voltadas-para-a-populacao-negra\/#primaryimage"},"image":{"@id":"https:\/\/uvbbrasil.com.br\/os-aspectos-atuais-de-politicas-publicas-afirmativas-voltadas-para-a-populacao-negra\/#primaryimage"},"thumbnailUrl":"https:\/\/uvbbrasil.com.br\/wp-content\/uploads\/2023\/06\/WhatsApp-Image-2023-06-01-at-17.12.55.jpeg","datePublished":"2023-06-05T13:21:29+00:00","breadcrumb":{"@id":"https:\/\/uvbbrasil.com.br\/os-aspectos-atuais-de-politicas-publicas-afirmativas-voltadas-para-a-populacao-negra\/#breadcrumb"},"inLanguage":"pt-BR","potentialAction":[{"@type":"ReadAction","target":["https:\/\/uvbbrasil.com.br\/os-aspectos-atuais-de-politicas-publicas-afirmativas-voltadas-para-a-populacao-negra\/"]}]},{"@type":"ImageObject","inLanguage":"pt-BR","@id":"https:\/\/uvbbrasil.com.br\/os-aspectos-atuais-de-politicas-publicas-afirmativas-voltadas-para-a-populacao-negra\/#primaryimage","url":"https:\/\/uvbbrasil.com.br\/wp-content\/uploads\/2023\/06\/WhatsApp-Image-2023-06-01-at-17.12.55.jpeg","contentUrl":"https:\/\/uvbbrasil.com.br\/wp-content\/uploads\/2023\/06\/WhatsApp-Image-2023-06-01-at-17.12.55.jpeg","width":1200,"height":1600},{"@type":"BreadcrumbList","@id":"https:\/\/uvbbrasil.com.br\/os-aspectos-atuais-de-politicas-publicas-afirmativas-voltadas-para-a-populacao-negra\/#breadcrumb","itemListElement":[{"@type":"ListItem","position":1,"name":"In\u00edcio","item":"https:\/\/uvbbrasil.com.br\/"},{"@type":"ListItem","position":2,"name":"Os Aspectos Atuais de Pol\u00edticas P\u00fablicas Afirmativas Voltadas para a Popula\u00e7\u00e3o Negra"}]},{"@type":"WebSite","@id":"https:\/\/uvbbrasil.com.br\/#website","url":"https:\/\/uvbbrasil.com.br\/","name":"UVB Brasil","description":"Uni\u00e3o dos Vereadores do Brasil","publisher":{"@id":"https:\/\/uvbbrasil.com.br\/#organization"},"potentialAction":[{"@type":"SearchAction","target":{"@type":"EntryPoint","urlTemplate":"https:\/\/uvbbrasil.com.br\/?s={search_term_string}"},"query-input":{"@type":"PropertyValueSpecification","valueRequired":true,"valueName":"search_term_string"}}],"inLanguage":"pt-BR"},{"@type":"Organization","@id":"https:\/\/uvbbrasil.com.br\/#organization","name":"UVB Brasil","url":"https:\/\/uvbbrasil.com.br\/","logo":{"@type":"ImageObject","inLanguage":"pt-BR","@id":"https:\/\/uvbbrasil.com.br\/#\/schema\/logo\/image\/","url":"https:\/\/uvbbrasil.com.br\/wp-content\/uploads\/2025\/01\/LOGO-UVB-2024-azul-1.jpg","contentUrl":"https:\/\/uvbbrasil.com.br\/wp-content\/uploads\/2025\/01\/LOGO-UVB-2024-azul-1.jpg","width":600,"height":211,"caption":"UVB Brasil"},"image":{"@id":"https:\/\/uvbbrasil.com.br\/#\/schema\/logo\/image\/"},"sameAs":["https:\/\/www.facebook.com\/uvb.vereadoresbrasil","https:\/\/www.instagram.com\/uvbbrasil\/","https:\/\/www.youtube.com\/channel\/UCIlPQ8Xzw5GHNzosQIg9S5A"]},{"@type":"Person","@id":"https:\/\/uvbbrasil.com.br\/#\/schema\/person\/17990098446c098f52effddff4f1b272","name":"adminuvb","image":{"@type":"ImageObject","inLanguage":"pt-BR","@id":"https:\/\/uvbbrasil.com.br\/#\/schema\/person\/image\/","url":"https:\/\/secure.gravatar.com\/avatar\/1a494ea6f8e2dd1ae526e55b0e9497efdba542491e0620d704cccf63c6f77c45?s=96&d=mm&r=g","contentUrl":"https:\/\/secure.gravatar.com\/avatar\/1a494ea6f8e2dd1ae526e55b0e9497efdba542491e0620d704cccf63c6f77c45?s=96&d=mm&r=g","caption":"adminuvb"},"sameAs":["https:\/\/uvbbrasil.com.br"],"url":"https:\/\/uvbbrasil.com.br\/author\/adminuvb\/"}]}},"_links":{"self":[{"href":"https:\/\/uvbbrasil.com.br\/uvb-json\/wp\/v2\/posts\/29889","targetHints":{"allow":["GET"]}}],"collection":[{"href":"https:\/\/uvbbrasil.com.br\/uvb-json\/wp\/v2\/posts"}],"about":[{"href":"https:\/\/uvbbrasil.com.br\/uvb-json\/wp\/v2\/types\/post"}],"author":[{"embeddable":true,"href":"https:\/\/uvbbrasil.com.br\/uvb-json\/wp\/v2\/users\/1"}],"replies":[{"embeddable":true,"href":"https:\/\/uvbbrasil.com.br\/uvb-json\/wp\/v2\/comments?post=29889"}],"version-history":[{"count":0,"href":"https:\/\/uvbbrasil.com.br\/uvb-json\/wp\/v2\/posts\/29889\/revisions"}],"wp:featuredmedia":[{"embeddable":true,"href":"https:\/\/uvbbrasil.com.br\/uvb-json\/wp\/v2\/media\/29900"}],"wp:attachment":[{"href":"https:\/\/uvbbrasil.com.br\/uvb-json\/wp\/v2\/media?parent=29889"}],"wp:term":[{"taxonomy":"category","embeddable":true,"href":"https:\/\/uvbbrasil.com.br\/uvb-json\/wp\/v2\/categories?post=29889"},{"taxonomy":"post_tag","embeddable":true,"href":"https:\/\/uvbbrasil.com.br\/uvb-json\/wp\/v2\/tags?post=29889"}],"curies":[{"name":"wp","href":"https:\/\/api.w.org\/{rel}","templated":true}]}}