{"id":29870,"date":"2023-06-02T11:44:10","date_gmt":"2023-06-02T14:44:10","guid":{"rendered":"https:\/\/wpsandbox4.pante.com.br\/?p=29870"},"modified":"2023-06-02T11:44:10","modified_gmt":"2023-06-02T14:44:10","slug":"primeira-infancia-e-tema-de-debate-no-ii-cidades-colaborativas","status":"publish","type":"post","link":"https:\/\/uvbbrasil.com.br\/primeira-infancia-e-tema-de-debate-no-ii-cidades-colaborativas\/","title":{"rendered":"Primeira Inf\u00e2ncia \u00e9 tema de debate no II Cidades Colaborativas"},"content":{"rendered":"<p>Diretamente do Estado de Pernambuco, D\u00e1cio Rossiter, Auditor Diretor Geral do Tribunal de Contas de Pernambuco\/TCE\/PE, apresentou aos \u00a0participantes do \u00a0II Cidades Colaborativas -Semin\u00e1rio Nacional \u00a0de Legislativos Municipais na cidade de Encantado\/RS,\u00a0 o tema \u201cPrimeira Inf\u00e2ncia : Compet\u00eancias\u00a0 e Financiamento\u201d.<\/p>\n<p>A primeira inf\u00e2ncia \u00e9 uma fase crucial para o desenvolvimento humano. Durante esse per\u00edodo, as crian\u00e7as aprendem a se comunicar, a pensar, a sentir emo\u00e7\u00f5es e a interagir com o mundo ao seu redor.\u00a0Essa fase \u00e9 respons\u00e1vel por construir a base para a sa\u00fade, o aprendizado e o bem-estar ao longo da vida.<\/p>\n<p>Por isso, \u00e9 importante discutir a import\u00e2ncia da primeira inf\u00e2ncia no Brasil e no mundo, bem como as iniciativas que est\u00e3o sendo implementadas para melhorar o desenvolvimento infantil nessa fase t\u00e3o importante.<\/p>\n<p>Citou a atua\u00e7\u00e3o do Tribunal de Contas de Pernambuco (TCE-PE) na primeira inf\u00e2ncia por meio de capacita\u00e7\u00e3o de gestores p\u00fablicos, auditorias e fiscaliza\u00e7\u00f5es em programas e estrat\u00e9gias e parcerias com outras institui\u00e7\u00f5es para fortalecer a aten\u00e7\u00e3o \u00e0 essa fase da crian\u00e7a em todo o pa\u00eds.\u00a0Essas a\u00e7\u00f5es s\u00e3o fundamentais para garantir que os recursos p\u00fablicos sejam utilizados de forma eficiente e eficaz para melhorar o desenvolvimento infantil na primeira inf\u00e2ncia.<\/p>\n<p>\u00c9 importante que governos, organiza\u00e7\u00f5es sem fins lucrativos e a sociedade em geral continuem a trabalhar juntos para melhorar o desenvolvimento infantil na primeira inf\u00e2ncia em todo o mundo. Somente assim podemos garantir um futuro melhor e mais justo para as gera\u00e7\u00f5es futuras.<\/p>\n<p>Estiveram participando da mesa de honra ,o 2\u00b0 Vice-Presidente da UVB, Vereador de S\u00e3o Pedro dos Crentes, Asaf Sobrinho, Secretaria Executiva da Federa\u00e7\u00e3o das C\u00e2mara Municipais do Rio Grande do Norte\/FECAM ,Erineide S\u00e1 e o Presidente da C\u00e2mara Municipal de Marechal Floriano\/ES, Cezinha Ronchi.<\/p>\n<p><img fetchpriority=\"high\" decoding=\"async\" class=\"alignnone size-medium wp-image-29871\" src=\"https:\/\/uvbbrasil.com.br\/wp-content\/uploads\/2023\/06\/WhatsApp-Image-2023-06-01-at-12.30.39-225x300.jpeg\" alt=\"\" width=\"225\" height=\"300\" srcset=\"https:\/\/uvbbrasil.com.br\/wp-content\/uploads\/2023\/06\/WhatsApp-Image-2023-06-01-at-12.30.39-225x300.jpeg 225w, https:\/\/uvbbrasil.com.br\/wp-content\/uploads\/2023\/06\/WhatsApp-Image-2023-06-01-at-12.30.39-768x1024.jpeg 768w, https:\/\/uvbbrasil.com.br\/wp-content\/uploads\/2023\/06\/WhatsApp-Image-2023-06-01-at-12.30.39-1152x1536.jpeg 1152w, https:\/\/uvbbrasil.com.br\/wp-content\/uploads\/2023\/06\/WhatsApp-Image-2023-06-01-at-12.30.39.jpeg 1200w\" sizes=\"(max-width: 225px) 100vw, 225px\" \/><img decoding=\"async\" class=\"alignnone size-medium wp-image-29872\" src=\"https:\/\/uvbbrasil.com.br\/wp-content\/uploads\/2023\/06\/WhatsApp-Image-2023-06-01-at-12.30.38-225x300.jpeg\" alt=\"\" width=\"225\" height=\"300\" srcset=\"https:\/\/uvbbrasil.com.br\/wp-content\/uploads\/2023\/06\/WhatsApp-Image-2023-06-01-at-12.30.38-225x300.jpeg 225w, https:\/\/uvbbrasil.com.br\/wp-content\/uploads\/2023\/06\/WhatsApp-Image-2023-06-01-at-12.30.38-768x1024.jpeg 768w, https:\/\/uvbbrasil.com.br\/wp-content\/uploads\/2023\/06\/WhatsApp-Image-2023-06-01-at-12.30.38-1152x1536.jpeg 1152w, https:\/\/uvbbrasil.com.br\/wp-content\/uploads\/2023\/06\/WhatsApp-Image-2023-06-01-at-12.30.38.jpeg 1200w\" sizes=\"(max-width: 225px) 100vw, 225px\" \/><img decoding=\"async\" class=\"alignnone size-medium wp-image-29873\" src=\"https:\/\/uvbbrasil.com.br\/wp-content\/uploads\/2023\/06\/WhatsApp-Image-2023-06-01-at-12.30.39-1-225x300.jpeg\" alt=\"\" width=\"225\" height=\"300\" srcset=\"https:\/\/uvbbrasil.com.br\/wp-content\/uploads\/2023\/06\/WhatsApp-Image-2023-06-01-at-12.30.39-1-225x300.jpeg 225w, https:\/\/uvbbrasil.com.br\/wp-content\/uploads\/2023\/06\/WhatsApp-Image-2023-06-01-at-12.30.39-1-768x1024.jpeg 768w, https:\/\/uvbbrasil.com.br\/wp-content\/uploads\/2023\/06\/WhatsApp-Image-2023-06-01-at-12.30.39-1-1152x1536.jpeg 1152w, https:\/\/uvbbrasil.com.br\/wp-content\/uploads\/2023\/06\/WhatsApp-Image-2023-06-01-at-12.30.39-1.jpeg 1200w\" sizes=\"(max-width: 225px) 100vw, 225px\" \/><img loading=\"lazy\" decoding=\"async\" class=\"alignnone size-medium wp-image-29877\" src=\"https:\/\/uvbbrasil.com.br\/wp-content\/uploads\/2023\/06\/WhatsApp-Image-2023-06-01-at-12.31.00-225x300.jpeg\" alt=\"\" width=\"225\" height=\"300\" srcset=\"https:\/\/uvbbrasil.com.br\/wp-content\/uploads\/2023\/06\/WhatsApp-Image-2023-06-01-at-12.31.00-225x300.jpeg 225w, https:\/\/uvbbrasil.com.br\/wp-content\/uploads\/2023\/06\/WhatsApp-Image-2023-06-01-at-12.31.00-768x1024.jpeg 768w, https:\/\/uvbbrasil.com.br\/wp-content\/uploads\/2023\/06\/WhatsApp-Image-2023-06-01-at-12.31.00-1152x1536.jpeg 1152w, https:\/\/uvbbrasil.com.br\/wp-content\/uploads\/2023\/06\/WhatsApp-Image-2023-06-01-at-12.31.00.jpeg 1200w\" sizes=\"(max-width: 225px) 100vw, 225px\" \/><img loading=\"lazy\" decoding=\"async\" class=\"alignnone size-medium wp-image-29875\" src=\"https:\/\/uvbbrasil.com.br\/wp-content\/uploads\/2023\/06\/WhatsApp-Image-2023-06-01-at-12.30.51-300x225.jpeg\" alt=\"\" width=\"300\" height=\"225\" srcset=\"https:\/\/uvbbrasil.com.br\/wp-content\/uploads\/2023\/06\/WhatsApp-Image-2023-06-01-at-12.30.51-300x225.jpeg 300w, https:\/\/uvbbrasil.com.br\/wp-content\/uploads\/2023\/06\/WhatsApp-Image-2023-06-01-at-12.30.51-1024x768.jpeg 1024w, https:\/\/uvbbrasil.com.br\/wp-content\/uploads\/2023\/06\/WhatsApp-Image-2023-06-01-at-12.30.51-768x576.jpeg 768w, https:\/\/uvbbrasil.com.br\/wp-content\/uploads\/2023\/06\/WhatsApp-Image-2023-06-01-at-12.30.51-1536x1152.jpeg 1536w, https:\/\/uvbbrasil.com.br\/wp-content\/uploads\/2023\/06\/WhatsApp-Image-2023-06-01-at-12.30.51.jpeg 1600w\" sizes=\"(max-width: 300px) 100vw, 300px\" \/><img loading=\"lazy\" decoding=\"async\" class=\"alignnone size-medium wp-image-29876\" src=\"https:\/\/uvbbrasil.com.br\/wp-content\/uploads\/2023\/06\/WhatsApp-Image-2023-06-01-at-12.30.56-300x225.jpeg\" alt=\"\" width=\"300\" height=\"225\" srcset=\"https:\/\/uvbbrasil.com.br\/wp-content\/uploads\/2023\/06\/WhatsApp-Image-2023-06-01-at-12.30.56-300x225.jpeg 300w, https:\/\/uvbbrasil.com.br\/wp-content\/uploads\/2023\/06\/WhatsApp-Image-2023-06-01-at-12.30.56-1024x768.jpeg 1024w, https:\/\/uvbbrasil.com.br\/wp-content\/uploads\/2023\/06\/WhatsApp-Image-2023-06-01-at-12.30.56-768x576.jpeg 768w, https:\/\/uvbbrasil.com.br\/wp-content\/uploads\/2023\/06\/WhatsApp-Image-2023-06-01-at-12.30.56-1536x1152.jpeg 1536w, https:\/\/uvbbrasil.com.br\/wp-content\/uploads\/2023\/06\/WhatsApp-Image-2023-06-01-at-12.30.56.jpeg 1600w\" sizes=\"(max-width: 300px) 100vw, 300px\" \/><img loading=\"lazy\" decoding=\"async\" class=\"alignnone size-medium wp-image-29874\" src=\"https:\/\/uvbbrasil.com.br\/wp-content\/uploads\/2023\/06\/WhatsApp-Image-2023-06-01-at-12.30.39-2-300x225.jpeg\" alt=\"\" width=\"300\" height=\"225\" srcset=\"https:\/\/uvbbrasil.com.br\/wp-content\/uploads\/2023\/06\/WhatsApp-Image-2023-06-01-at-12.30.39-2-300x225.jpeg 300w, https:\/\/uvbbrasil.com.br\/wp-content\/uploads\/2023\/06\/WhatsApp-Image-2023-06-01-at-12.30.39-2-1024x768.jpeg 1024w, https:\/\/uvbbrasil.com.br\/wp-content\/uploads\/2023\/06\/WhatsApp-Image-2023-06-01-at-12.30.39-2-768x576.jpeg 768w, https:\/\/uvbbrasil.com.br\/wp-content\/uploads\/2023\/06\/WhatsApp-Image-2023-06-01-at-12.30.39-2-1536x1152.jpeg 1536w, https:\/\/uvbbrasil.com.br\/wp-content\/uploads\/2023\/06\/WhatsApp-Image-2023-06-01-at-12.30.39-2.jpeg 1600w\" sizes=\"(max-width: 300px) 100vw, 300px\" \/><\/p>\n","protected":false},"excerpt":{"rendered":"<p>Diretamente do Estado de Pernambuco, D\u00e1cio Rossiter, Auditor Diretor Geral do Tribunal de Contas de Pernambuco\/TCE\/PE, apresentou aos \u00a0participantes do&#8230;<\/p>\n","protected":false},"author":1,"featured_media":29874,"comment_status":"open","ping_status":"open","sticky":false,"template":"","format":"standard","meta":{"footnotes":""},"categories":[3,4],"tags":[],"class_list":["post-29870","post","type-post","status-publish","format-standard","has-post-thumbnail","hentry","category-noticias","category-home"],"yoast_head":"<!-- This site is optimized with the Yoast SEO plugin v26.7 - https:\/\/yoast.com\/wordpress\/plugins\/seo\/ -->\n<title>Primeira Inf\u00e2ncia \u00e9 tema de debate no II Cidades Colaborativas - UVB Brasil<\/title>\n<meta name=\"robots\" content=\"index, follow, max-snippet:-1, max-image-preview:large, max-video-preview:-1\" \/>\n<link rel=\"canonical\" href=\"https:\/\/uvbbrasil.com.br\/primeira-infancia-e-tema-de-debate-no-ii-cidades-colaborativas\/\" \/>\n<meta property=\"og:locale\" content=\"pt_BR\" \/>\n<meta property=\"og:type\" content=\"article\" \/>\n<meta property=\"og:title\" content=\"Primeira Inf\u00e2ncia \u00e9 tema de debate no II Cidades Colaborativas - UVB Brasil\" \/>\n<meta property=\"og:description\" content=\"Diretamente do Estado de Pernambuco, D\u00e1cio Rossiter, Auditor Diretor Geral do Tribunal de Contas de Pernambuco\/TCE\/PE, apresentou aos \u00a0participantes do...\" \/>\n<meta property=\"og:url\" content=\"https:\/\/uvbbrasil.com.br\/primeira-infancia-e-tema-de-debate-no-ii-cidades-colaborativas\/\" \/>\n<meta property=\"og:site_name\" content=\"UVB Brasil\" \/>\n<meta property=\"article:publisher\" content=\"https:\/\/www.facebook.com\/uvb.vereadoresbrasil\" \/>\n<meta property=\"article:published_time\" content=\"2023-06-02T14:44:10+00:00\" \/>\n<meta property=\"og:image\" content=\"https:\/\/uvbbrasil.com.br\/wp-content\/uploads\/2023\/06\/WhatsApp-Image-2023-06-01-at-12.30.39-2.jpeg\" \/>\n\t<meta property=\"og:image:width\" content=\"1600\" \/>\n\t<meta property=\"og:image:height\" content=\"1200\" \/>\n\t<meta property=\"og:image:type\" content=\"image\/jpeg\" \/>\n<meta name=\"author\" content=\"adminuvb\" \/>\n<meta name=\"twitter:card\" content=\"summary_large_image\" \/>\n<meta name=\"twitter:label1\" content=\"Escrito por\" \/>\n\t<meta name=\"twitter:data1\" content=\"adminuvb\" \/>\n\t<meta name=\"twitter:label2\" content=\"Est. tempo de leitura\" \/>\n\t<meta name=\"twitter:data2\" content=\"3 minutos\" \/>\n<script type=\"application\/ld+json\" class=\"yoast-schema-graph\">{\"@context\":\"https:\/\/schema.org\",\"@graph\":[{\"@type\":\"Article\",\"@id\":\"https:\/\/uvbbrasil.com.br\/primeira-infancia-e-tema-de-debate-no-ii-cidades-colaborativas\/#article\",\"isPartOf\":{\"@id\":\"https:\/\/uvbbrasil.com.br\/primeira-infancia-e-tema-de-debate-no-ii-cidades-colaborativas\/\"},\"author\":{\"name\":\"adminuvb\",\"@id\":\"https:\/\/uvbbrasil.com.br\/#\/schema\/person\/17990098446c098f52effddff4f1b272\"},\"headline\":\"Primeira Inf\u00e2ncia \u00e9 tema de debate no II Cidades Colaborativas\",\"datePublished\":\"2023-06-02T14:44:10+00:00\",\"mainEntityOfPage\":{\"@id\":\"https:\/\/uvbbrasil.com.br\/primeira-infancia-e-tema-de-debate-no-ii-cidades-colaborativas\/\"},\"wordCount\":326,\"commentCount\":0,\"publisher\":{\"@id\":\"https:\/\/uvbbrasil.com.br\/#organization\"},\"image\":{\"@id\":\"https:\/\/uvbbrasil.com.br\/primeira-infancia-e-tema-de-debate-no-ii-cidades-colaborativas\/#primaryimage\"},\"thumbnailUrl\":\"https:\/\/uvbbrasil.com.br\/wp-content\/uploads\/2023\/06\/WhatsApp-Image-2023-06-01-at-12.30.39-2.jpeg\",\"articleSection\":[\"NOT\u00cdCIAS\",\"UVB\"],\"inLanguage\":\"pt-BR\",\"potentialAction\":[{\"@type\":\"CommentAction\",\"name\":\"Comment\",\"target\":[\"https:\/\/uvbbrasil.com.br\/primeira-infancia-e-tema-de-debate-no-ii-cidades-colaborativas\/#respond\"]}]},{\"@type\":\"WebPage\",\"@id\":\"https:\/\/uvbbrasil.com.br\/primeira-infancia-e-tema-de-debate-no-ii-cidades-colaborativas\/\",\"url\":\"https:\/\/uvbbrasil.com.br\/primeira-infancia-e-tema-de-debate-no-ii-cidades-colaborativas\/\",\"name\":\"Primeira Inf\u00e2ncia \u00e9 tema de debate no II Cidades Colaborativas - UVB Brasil\",\"isPartOf\":{\"@id\":\"https:\/\/uvbbrasil.com.br\/#website\"},\"primaryImageOfPage\":{\"@id\":\"https:\/\/uvbbrasil.com.br\/primeira-infancia-e-tema-de-debate-no-ii-cidades-colaborativas\/#primaryimage\"},\"image\":{\"@id\":\"https:\/\/uvbbrasil.com.br\/primeira-infancia-e-tema-de-debate-no-ii-cidades-colaborativas\/#primaryimage\"},\"thumbnailUrl\":\"https:\/\/uvbbrasil.com.br\/wp-content\/uploads\/2023\/06\/WhatsApp-Image-2023-06-01-at-12.30.39-2.jpeg\",\"datePublished\":\"2023-06-02T14:44:10+00:00\",\"breadcrumb\":{\"@id\":\"https:\/\/uvbbrasil.com.br\/primeira-infancia-e-tema-de-debate-no-ii-cidades-colaborativas\/#breadcrumb\"},\"inLanguage\":\"pt-BR\",\"potentialAction\":[{\"@type\":\"ReadAction\",\"target\":[\"https:\/\/uvbbrasil.com.br\/primeira-infancia-e-tema-de-debate-no-ii-cidades-colaborativas\/\"]}]},{\"@type\":\"ImageObject\",\"inLanguage\":\"pt-BR\",\"@id\":\"https:\/\/uvbbrasil.com.br\/primeira-infancia-e-tema-de-debate-no-ii-cidades-colaborativas\/#primaryimage\",\"url\":\"https:\/\/uvbbrasil.com.br\/wp-content\/uploads\/2023\/06\/WhatsApp-Image-2023-06-01-at-12.30.39-2.jpeg\",\"contentUrl\":\"https:\/\/uvbbrasil.com.br\/wp-content\/uploads\/2023\/06\/WhatsApp-Image-2023-06-01-at-12.30.39-2.jpeg\",\"width\":1600,\"height\":1200},{\"@type\":\"BreadcrumbList\",\"@id\":\"https:\/\/uvbbrasil.com.br\/primeira-infancia-e-tema-de-debate-no-ii-cidades-colaborativas\/#breadcrumb\",\"itemListElement\":[{\"@type\":\"ListItem\",\"position\":1,\"name\":\"In\u00edcio\",\"item\":\"https:\/\/uvbbrasil.com.br\/\"},{\"@type\":\"ListItem\",\"position\":2,\"name\":\"Primeira Inf\u00e2ncia \u00e9 tema de debate no II Cidades Colaborativas\"}]},{\"@type\":\"WebSite\",\"@id\":\"https:\/\/uvbbrasil.com.br\/#website\",\"url\":\"https:\/\/uvbbrasil.com.br\/\",\"name\":\"UVB Brasil\",\"description\":\"Uni\u00e3o dos Vereadores do Brasil\",\"publisher\":{\"@id\":\"https:\/\/uvbbrasil.com.br\/#organization\"},\"potentialAction\":[{\"@type\":\"SearchAction\",\"target\":{\"@type\":\"EntryPoint\",\"urlTemplate\":\"https:\/\/uvbbrasil.com.br\/?s={search_term_string}\"},\"query-input\":{\"@type\":\"PropertyValueSpecification\",\"valueRequired\":true,\"valueName\":\"search_term_string\"}}],\"inLanguage\":\"pt-BR\"},{\"@type\":\"Organization\",\"@id\":\"https:\/\/uvbbrasil.com.br\/#organization\",\"name\":\"UVB Brasil\",\"url\":\"https:\/\/uvbbrasil.com.br\/\",\"logo\":{\"@type\":\"ImageObject\",\"inLanguage\":\"pt-BR\",\"@id\":\"https:\/\/uvbbrasil.com.br\/#\/schema\/logo\/image\/\",\"url\":\"https:\/\/uvbbrasil.com.br\/wp-content\/uploads\/2025\/01\/LOGO-UVB-2024-azul-1.jpg\",\"contentUrl\":\"https:\/\/uvbbrasil.com.br\/wp-content\/uploads\/2025\/01\/LOGO-UVB-2024-azul-1.jpg\",\"width\":600,\"height\":211,\"caption\":\"UVB Brasil\"},\"image\":{\"@id\":\"https:\/\/uvbbrasil.com.br\/#\/schema\/logo\/image\/\"},\"sameAs\":[\"https:\/\/www.facebook.com\/uvb.vereadoresbrasil\",\"https:\/\/www.instagram.com\/uvbbrasil\/\",\"https:\/\/www.youtube.com\/channel\/UCIlPQ8Xzw5GHNzosQIg9S5A\"]},{\"@type\":\"Person\",\"@id\":\"https:\/\/uvbbrasil.com.br\/#\/schema\/person\/17990098446c098f52effddff4f1b272\",\"name\":\"adminuvb\",\"image\":{\"@type\":\"ImageObject\",\"inLanguage\":\"pt-BR\",\"@id\":\"https:\/\/uvbbrasil.com.br\/#\/schema\/person\/image\/\",\"url\":\"https:\/\/secure.gravatar.com\/avatar\/1a494ea6f8e2dd1ae526e55b0e9497efdba542491e0620d704cccf63c6f77c45?s=96&d=mm&r=g\",\"contentUrl\":\"https:\/\/secure.gravatar.com\/avatar\/1a494ea6f8e2dd1ae526e55b0e9497efdba542491e0620d704cccf63c6f77c45?s=96&d=mm&r=g\",\"caption\":\"adminuvb\"},\"sameAs\":[\"https:\/\/uvbbrasil.com.br\"],\"url\":\"https:\/\/uvbbrasil.com.br\/author\/adminuvb\/\"}]}<\/script>\n<!-- \/ Yoast SEO plugin. -->","yoast_head_json":{"title":"Primeira Inf\u00e2ncia \u00e9 tema de debate no II Cidades Colaborativas - UVB Brasil","robots":{"index":"index","follow":"follow","max-snippet":"max-snippet:-1","max-image-preview":"max-image-preview:large","max-video-preview":"max-video-preview:-1"},"canonical":"https:\/\/uvbbrasil.com.br\/primeira-infancia-e-tema-de-debate-no-ii-cidades-colaborativas\/","og_locale":"pt_BR","og_type":"article","og_title":"Primeira Inf\u00e2ncia \u00e9 tema de debate no II Cidades Colaborativas - UVB Brasil","og_description":"Diretamente do Estado de Pernambuco, D\u00e1cio Rossiter, Auditor Diretor Geral do Tribunal de Contas de Pernambuco\/TCE\/PE, apresentou aos \u00a0participantes do...","og_url":"https:\/\/uvbbrasil.com.br\/primeira-infancia-e-tema-de-debate-no-ii-cidades-colaborativas\/","og_site_name":"UVB Brasil","article_publisher":"https:\/\/www.facebook.com\/uvb.vereadoresbrasil","article_published_time":"2023-06-02T14:44:10+00:00","og_image":[{"width":1600,"height":1200,"url":"https:\/\/uvbbrasil.com.br\/wp-content\/uploads\/2023\/06\/WhatsApp-Image-2023-06-01-at-12.30.39-2.jpeg","type":"image\/jpeg"}],"author":"adminuvb","twitter_card":"summary_large_image","twitter_misc":{"Escrito por":"adminuvb","Est. tempo de leitura":"3 minutos"},"schema":{"@context":"https:\/\/schema.org","@graph":[{"@type":"Article","@id":"https:\/\/uvbbrasil.com.br\/primeira-infancia-e-tema-de-debate-no-ii-cidades-colaborativas\/#article","isPartOf":{"@id":"https:\/\/uvbbrasil.com.br\/primeira-infancia-e-tema-de-debate-no-ii-cidades-colaborativas\/"},"author":{"name":"adminuvb","@id":"https:\/\/uvbbrasil.com.br\/#\/schema\/person\/17990098446c098f52effddff4f1b272"},"headline":"Primeira Inf\u00e2ncia \u00e9 tema de debate no II Cidades Colaborativas","datePublished":"2023-06-02T14:44:10+00:00","mainEntityOfPage":{"@id":"https:\/\/uvbbrasil.com.br\/primeira-infancia-e-tema-de-debate-no-ii-cidades-colaborativas\/"},"wordCount":326,"commentCount":0,"publisher":{"@id":"https:\/\/uvbbrasil.com.br\/#organization"},"image":{"@id":"https:\/\/uvbbrasil.com.br\/primeira-infancia-e-tema-de-debate-no-ii-cidades-colaborativas\/#primaryimage"},"thumbnailUrl":"https:\/\/uvbbrasil.com.br\/wp-content\/uploads\/2023\/06\/WhatsApp-Image-2023-06-01-at-12.30.39-2.jpeg","articleSection":["NOT\u00cdCIAS","UVB"],"inLanguage":"pt-BR","potentialAction":[{"@type":"CommentAction","name":"Comment","target":["https:\/\/uvbbrasil.com.br\/primeira-infancia-e-tema-de-debate-no-ii-cidades-colaborativas\/#respond"]}]},{"@type":"WebPage","@id":"https:\/\/uvbbrasil.com.br\/primeira-infancia-e-tema-de-debate-no-ii-cidades-colaborativas\/","url":"https:\/\/uvbbrasil.com.br\/primeira-infancia-e-tema-de-debate-no-ii-cidades-colaborativas\/","name":"Primeira Inf\u00e2ncia \u00e9 tema de debate no II Cidades Colaborativas - UVB Brasil","isPartOf":{"@id":"https:\/\/uvbbrasil.com.br\/#website"},"primaryImageOfPage":{"@id":"https:\/\/uvbbrasil.com.br\/primeira-infancia-e-tema-de-debate-no-ii-cidades-colaborativas\/#primaryimage"},"image":{"@id":"https:\/\/uvbbrasil.com.br\/primeira-infancia-e-tema-de-debate-no-ii-cidades-colaborativas\/#primaryimage"},"thumbnailUrl":"https:\/\/uvbbrasil.com.br\/wp-content\/uploads\/2023\/06\/WhatsApp-Image-2023-06-01-at-12.30.39-2.jpeg","datePublished":"2023-06-02T14:44:10+00:00","breadcrumb":{"@id":"https:\/\/uvbbrasil.com.br\/primeira-infancia-e-tema-de-debate-no-ii-cidades-colaborativas\/#breadcrumb"},"inLanguage":"pt-BR","potentialAction":[{"@type":"ReadAction","target":["https:\/\/uvbbrasil.com.br\/primeira-infancia-e-tema-de-debate-no-ii-cidades-colaborativas\/"]}]},{"@type":"ImageObject","inLanguage":"pt-BR","@id":"https:\/\/uvbbrasil.com.br\/primeira-infancia-e-tema-de-debate-no-ii-cidades-colaborativas\/#primaryimage","url":"https:\/\/uvbbrasil.com.br\/wp-content\/uploads\/2023\/06\/WhatsApp-Image-2023-06-01-at-12.30.39-2.jpeg","contentUrl":"https:\/\/uvbbrasil.com.br\/wp-content\/uploads\/2023\/06\/WhatsApp-Image-2023-06-01-at-12.30.39-2.jpeg","width":1600,"height":1200},{"@type":"BreadcrumbList","@id":"https:\/\/uvbbrasil.com.br\/primeira-infancia-e-tema-de-debate-no-ii-cidades-colaborativas\/#breadcrumb","itemListElement":[{"@type":"ListItem","position":1,"name":"In\u00edcio","item":"https:\/\/uvbbrasil.com.br\/"},{"@type":"ListItem","position":2,"name":"Primeira Inf\u00e2ncia \u00e9 tema de debate no II Cidades Colaborativas"}]},{"@type":"WebSite","@id":"https:\/\/uvbbrasil.com.br\/#website","url":"https:\/\/uvbbrasil.com.br\/","name":"UVB Brasil","description":"Uni\u00e3o dos Vereadores do Brasil","publisher":{"@id":"https:\/\/uvbbrasil.com.br\/#organization"},"potentialAction":[{"@type":"SearchAction","target":{"@type":"EntryPoint","urlTemplate":"https:\/\/uvbbrasil.com.br\/?s={search_term_string}"},"query-input":{"@type":"PropertyValueSpecification","valueRequired":true,"valueName":"search_term_string"}}],"inLanguage":"pt-BR"},{"@type":"Organization","@id":"https:\/\/uvbbrasil.com.br\/#organization","name":"UVB Brasil","url":"https:\/\/uvbbrasil.com.br\/","logo":{"@type":"ImageObject","inLanguage":"pt-BR","@id":"https:\/\/uvbbrasil.com.br\/#\/schema\/logo\/image\/","url":"https:\/\/uvbbrasil.com.br\/wp-content\/uploads\/2025\/01\/LOGO-UVB-2024-azul-1.jpg","contentUrl":"https:\/\/uvbbrasil.com.br\/wp-content\/uploads\/2025\/01\/LOGO-UVB-2024-azul-1.jpg","width":600,"height":211,"caption":"UVB Brasil"},"image":{"@id":"https:\/\/uvbbrasil.com.br\/#\/schema\/logo\/image\/"},"sameAs":["https:\/\/www.facebook.com\/uvb.vereadoresbrasil","https:\/\/www.instagram.com\/uvbbrasil\/","https:\/\/www.youtube.com\/channel\/UCIlPQ8Xzw5GHNzosQIg9S5A"]},{"@type":"Person","@id":"https:\/\/uvbbrasil.com.br\/#\/schema\/person\/17990098446c098f52effddff4f1b272","name":"adminuvb","image":{"@type":"ImageObject","inLanguage":"pt-BR","@id":"https:\/\/uvbbrasil.com.br\/#\/schema\/person\/image\/","url":"https:\/\/secure.gravatar.com\/avatar\/1a494ea6f8e2dd1ae526e55b0e9497efdba542491e0620d704cccf63c6f77c45?s=96&d=mm&r=g","contentUrl":"https:\/\/secure.gravatar.com\/avatar\/1a494ea6f8e2dd1ae526e55b0e9497efdba542491e0620d704cccf63c6f77c45?s=96&d=mm&r=g","caption":"adminuvb"},"sameAs":["https:\/\/uvbbrasil.com.br"],"url":"https:\/\/uvbbrasil.com.br\/author\/adminuvb\/"}]}},"_links":{"self":[{"href":"https:\/\/uvbbrasil.com.br\/uvb-json\/wp\/v2\/posts\/29870","targetHints":{"allow":["GET"]}}],"collection":[{"href":"https:\/\/uvbbrasil.com.br\/uvb-json\/wp\/v2\/posts"}],"about":[{"href":"https:\/\/uvbbrasil.com.br\/uvb-json\/wp\/v2\/types\/post"}],"author":[{"embeddable":true,"href":"https:\/\/uvbbrasil.com.br\/uvb-json\/wp\/v2\/users\/1"}],"replies":[{"embeddable":true,"href":"https:\/\/uvbbrasil.com.br\/uvb-json\/wp\/v2\/comments?post=29870"}],"version-history":[{"count":0,"href":"https:\/\/uvbbrasil.com.br\/uvb-json\/wp\/v2\/posts\/29870\/revisions"}],"wp:featuredmedia":[{"embeddable":true,"href":"https:\/\/uvbbrasil.com.br\/uvb-json\/wp\/v2\/media\/29874"}],"wp:attachment":[{"href":"https:\/\/uvbbrasil.com.br\/uvb-json\/wp\/v2\/media?parent=29870"}],"wp:term":[{"taxonomy":"category","embeddable":true,"href":"https:\/\/uvbbrasil.com.br\/uvb-json\/wp\/v2\/categories?post=29870"},{"taxonomy":"post_tag","embeddable":true,"href":"https:\/\/uvbbrasil.com.br\/uvb-json\/wp\/v2\/tags?post=29870"}],"curies":[{"name":"wp","href":"https:\/\/api.w.org\/{rel}","templated":true}]}}