{"id":29766,"date":"2023-05-27T07:19:05","date_gmt":"2023-05-27T10:19:05","guid":{"rendered":"https:\/\/wpsandbox4.pante.com.br\/?p=29766"},"modified":"2023-05-27T07:19:05","modified_gmt":"2023-05-27T10:19:05","slug":"dourados-ms-apos-intensos-debates-vereadores-aprovam-pl-do-executivo-que-altera-o-pccr-da-educacao","status":"publish","type":"post","link":"https:\/\/uvbbrasil.com.br\/dourados-ms-apos-intensos-debates-vereadores-aprovam-pl-do-executivo-que-altera-o-pccr-da-educacao\/","title":{"rendered":"Dourados\/MS-Ap\u00f3s intensos debates, vereadores aprovam PL do executivo que altera o PCCR da Educa\u00e7\u00e3o"},"content":{"rendered":"<div class=\"noticia-titulo\">Ap\u00f3s intensos debates, vereadores aprovam PL do executivo que altera o PCCR da Educa\u00e7\u00e3o<\/div>\n<div class=\"noticia-subtitulo\">&#8211; Plen\u00e1rio tamb\u00e9m aprovou projeto de lei complementar que concede revis\u00e3o geral de vencimentos ao funcionalismo p\u00fablico<\/div>\n<div>\n<p>Com as galerias completamente tomadas por servidores do munic\u00edpio, a maioria professores, os vereadores de Dourados aprovaram na noite desta ultima segunda-feira (22), em segunda discuss\u00e3o e vota\u00e7\u00e3o, projeto de lei de autoria do poder executivo que altera dispositivos na Lei Complementar n\u00ba 118, de 31 de dezembro de 2007, que disp\u00f5e sobre o Plano de Cargos, Carreira e Remunera\u00e7\u00e3o (PCCR) do profissional da Educa\u00e7\u00e3o municipal.<\/p>\n<p>O processo de vota\u00e7\u00e3o da mat\u00e9ria sofreu v\u00e1rias interrup\u00e7\u00f5es e, por tr\u00eas vezes a sess\u00e3o precisou ser suspensa devido \u00e0s manifesta\u00e7\u00f5es do p\u00fablico, principalmente durante o uso da tribuna por vereador da base de sustenta\u00e7\u00e3o do governo municipal.<\/p>\n<p>A mat\u00e9ria s\u00f3 foi votada ap\u00f3s rejeitados um pedido de vistas e um pedido de adiamento por duas sess\u00f5es. Em ambas as vota\u00e7\u00f5es, foram nove votos contra e sete favor\u00e1veis. Uma subemenda tamb\u00e9m foi rejeitada por 10 votos a sete. J\u00e1 a emenda original acabou derrubada por 11 votos favor\u00e1veis e seis contr\u00e1rios, sendo que eram necess\u00e1rios 13 votos para a aprova\u00e7\u00e3o.<\/p>\n<p>Por fim, o projeto de lei foi aprovado por 11 votos a favor e seis contr\u00e1rios, com duas aus\u00eancias.<\/p>\n<p><strong>REVIS\u00c3O DE VENCIMENTOS<\/strong><\/p>\n<p>Ainda de interesse do funcionalismo, os vereadores aprovaram o Projeto de Lei Complementar Substitutivo n\u00ba 011\/2023, tamb\u00e9m de autoria executivo, que concede revis\u00e3o geral de vencimentos aos servidores p\u00fablicos da administra\u00e7\u00e3o direta e indireta, no percentual de 6% (seis por cento) a partir de 1\u00ba de abril de 2023. Com 13 votos favor\u00e1veis, a mat\u00e9ria foi aprovada em regime de urg\u00eancia especial e vai agora \u00e0 san\u00e7\u00e3o do prefeito.<\/p>\n<p>Em mensagem aos legisladores, o executivo justifica que o projeto substitutivo mant\u00e9m os efeitos financeiros retroativos, para todas categorias, \u00e0 data-base dos servidores, como estabelece o art. 288 da Lei Complementar 107\/2006. Diz ainda a mensagem que a revis\u00e3o geral em percentual linear de 6% leva em considera\u00e7\u00e3o a arrecada\u00e7\u00e3o do Munic\u00edpio, obriga\u00e7\u00f5es financeiras vincendas \u201ce especialmente as limita\u00e7\u00f5es impostas pela Lei de Responsabilidade Fiscal\u201d.<\/p>\n<p>Al\u00e9m do projeto do executivo, os vereadores aprovaram em primeira discuss\u00e3o e vota\u00e7\u00e3o o Projeto de Lei n\u00ba 059\/2023, de autoria do vereador F\u00e1bio Luis (Republicanos), que estabelece prazo para reparo de valas e buracos em vias e passeios p\u00fablicos do Munic\u00edpio de Dourados e d\u00e1 outras provid\u00eancias.<\/p>\n<p>O PL n\u00ba 045\/2023, de autoria do vereador Marcelo Mour\u00e3o (Podemos), que estipula a obrigatoriedade de sistema de monitoramento em ambientes que impliquem em guarda de animais de estima\u00e7\u00e3o foi adiado ap\u00f3s pedido de vistas do vereador Maur\u00edcio Lemes (PSB).<\/p>\n<p><strong>SEGUNDA VOTA\u00c7\u00c3O<\/strong><\/p>\n<p>Em segunda discuss\u00e3o e vota\u00e7\u00e3o tamb\u00e9m foram aprovados:<\/p>\n<p>Projeto de Lei n\u00ba 054\/2023, de autoria do vereador Mauricio Lemes (PSB), que declara de Utilidade P\u00fablica Municipal a Associa\u00e7\u00e3o de Moradores do Residencial Guassu;<\/p>\n<p>Projeto de Lei 086\/2023, de autoria do vereador M\u00e1rcio Pudim (PSDB), que denomina Rua Luiz Roberto Bernardes Lima a Rua Projetada Viela B, localizada no Jardim Ayd\u00ea;<\/p>\n<p>Projeto de Lei 087\/2023, de autoria do vereador M\u00e1rcio Pudim, que denomina Rua Anhumas Marques Dias, a Rua Projetada S-10 (P N II), localizada no Parque das Na\u00e7\u00f5es;<\/p>\n<p>Projeto de Lei n\u00ba 092\/2023, de autoria da vereadora Liandra da Sa\u00fade (PTB), que denomina Rua Karlis Visvalds Karkle, a Projetada A, no Loteamento Social Cidadania 05;<\/p>\n<p>Projeto de Lei n\u00ba 094\/2023, de autoria do vereador Marcelo Mour\u00e3o (Podemos), que denomina Rua Jo\u00e3o Ad\u00e3o da Rosa Dias, a Projetada 04 SF, no Loteamento Santa Felicidade;<\/p>\n<p>Projeto de Lei n\u00ba 095\/2023, de autoria do vereador Marcelo Mour\u00e3o, que denomina Rua Luiz d\u2019\u00c1vila Lima, a Projetada 02 SF, no Loteamento Santa Felicidade;<\/p>\n<p>Projeto de Lei n\u00ba 090\/2023, de autoria dos vereadores Cemar Arnal (SD) e Marcelo Mour\u00e3o, que institui e inclui no Calend\u00e1rio de Eventos do Munic\u00edpio do Dia do Pe\u00e3o de Boiadeiro, a ser celebrado anualmente no dia 15 de abril; e<\/p>\n<p>Projeto de Lei 093\/2023, de autoria do vereador Olavo Sul (MDB), que institui e inclui no Calend\u00e1rio Oficial de Eventos do Munic\u00edpio, o Dia Municipal do Coletor de Lixo, a ser celebrado anualmente em 20 de setembro.<\/p>\n<p><strong>\u00daNICA VOTA\u00c7\u00c3O<\/strong><\/p>\n<p>Em \u00fanica discuss\u00e3o e vota\u00e7\u00e3o, o plen\u00e1rio aprovou Projeto de Resolu\u00e7\u00e3o n\u00ba 006\/2023 de autoria de v\u00e1rios vereadores alterando o Art. 145 do Regimento Interno, que disp\u00f5e sobre a concess\u00e3o de T\u00edtulos Honor\u00edficos.<\/p>\n<p>Tamb\u00e9m foi aprovado o Projeto de Decreto Legislativo n\u00ba 052\/2023, de autoria da Mesa Diretora, que concede Diploma de Benjoim \u00e0 Associa\u00e7\u00e3o Comercial e Empresarial de Dourados (Aced), alusivo aos 78 anos de cria\u00e7\u00e3o daquela entidade.<\/p>\n<p><strong>CULTURA<\/strong><\/p>\n<p>Na abertura dos trabalhos, a presidente do Conselho Municipal de Pol\u00edtica Cultural, Nery Cristiane Fernandes, ocupou o espa\u00e7o Tribuna Livre para discorrer sobre as a\u00e7\u00f5es culturais desenvolvidas no munic\u00edpio sobre e as demandas da Lei Paulo Gustavo. Tamb\u00e9m solicitou emendas impositivas parlamentares para fomento de recursos para o Fundo Municipal de Investimentos \u00e0 Produ\u00e7\u00e3o Art\u00edstica, o FIP.<\/p>\n<p><img fetchpriority=\"high\" decoding=\"async\" class=\"alignnone size-medium wp-image-29767\" src=\"https:\/\/uvbbrasil.com.br\/wp-content\/uploads\/2023\/05\/1684808695-300x200.jpg\" alt=\"\" width=\"300\" height=\"200\" srcset=\"https:\/\/uvbbrasil.com.br\/wp-content\/uploads\/2023\/05\/1684808695-300x200.jpg 300w, https:\/\/uvbbrasil.com.br\/wp-content\/uploads\/2023\/05\/1684808695-768x512.jpg 768w, https:\/\/uvbbrasil.com.br\/wp-content\/uploads\/2023\/05\/1684808695.jpg 1000w\" sizes=\"(max-width: 300px) 100vw, 300px\" \/><\/p>\n<p>&nbsp;<\/p>\n<\/div>\n","protected":false},"excerpt":{"rendered":"<p>Ap\u00f3s intensos debates, vereadores aprovam PL do executivo que altera o PCCR da Educa\u00e7\u00e3o &#8211; Plen\u00e1rio tamb\u00e9m aprovou projeto de&#8230;<\/p>\n","protected":false},"author":1,"featured_media":29767,"comment_status":"open","ping_status":"open","sticky":false,"template":"","format":"standard","meta":{"footnotes":""},"categories":[3],"tags":[],"class_list":["post-29766","post","type-post","status-publish","format-standard","has-post-thumbnail","hentry","category-noticias"],"yoast_head":"<!-- This site is optimized with the Yoast SEO plugin v26.7 - https:\/\/yoast.com\/wordpress\/plugins\/seo\/ -->\n<title>Dourados\/MS-Ap\u00f3s intensos debates, vereadores aprovam PL do executivo que altera o PCCR da Educa\u00e7\u00e3o - UVB Brasil<\/title>\n<meta name=\"robots\" content=\"index, follow, max-snippet:-1, max-image-preview:large, max-video-preview:-1\" \/>\n<link rel=\"canonical\" href=\"https:\/\/uvbbrasil.com.br\/dourados-ms-apos-intensos-debates-vereadores-aprovam-pl-do-executivo-que-altera-o-pccr-da-educacao\/\" \/>\n<meta property=\"og:locale\" content=\"pt_BR\" \/>\n<meta property=\"og:type\" content=\"article\" \/>\n<meta property=\"og:title\" content=\"Dourados\/MS-Ap\u00f3s intensos debates, vereadores aprovam PL do executivo que altera o PCCR da Educa\u00e7\u00e3o - UVB Brasil\" \/>\n<meta property=\"og:description\" content=\"Ap\u00f3s intensos debates, vereadores aprovam PL do executivo que altera o PCCR da Educa\u00e7\u00e3o &#8211; Plen\u00e1rio tamb\u00e9m aprovou projeto de...\" \/>\n<meta property=\"og:url\" content=\"https:\/\/uvbbrasil.com.br\/dourados-ms-apos-intensos-debates-vereadores-aprovam-pl-do-executivo-que-altera-o-pccr-da-educacao\/\" \/>\n<meta property=\"og:site_name\" content=\"UVB Brasil\" \/>\n<meta property=\"article:publisher\" content=\"https:\/\/www.facebook.com\/uvb.vereadoresbrasil\" \/>\n<meta property=\"article:published_time\" content=\"2023-05-27T10:19:05+00:00\" \/>\n<meta property=\"og:image\" content=\"https:\/\/uvbbrasil.com.br\/wp-content\/uploads\/2023\/05\/1684808695.jpg\" \/>\n\t<meta property=\"og:image:width\" content=\"1000\" \/>\n\t<meta property=\"og:image:height\" content=\"667\" \/>\n\t<meta property=\"og:image:type\" content=\"image\/jpeg\" \/>\n<meta name=\"author\" content=\"adminuvb\" \/>\n<meta name=\"twitter:card\" content=\"summary_large_image\" \/>\n<meta name=\"twitter:label1\" content=\"Escrito por\" \/>\n\t<meta name=\"twitter:data1\" content=\"adminuvb\" \/>\n\t<meta name=\"twitter:label2\" content=\"Est. tempo de leitura\" \/>\n\t<meta name=\"twitter:data2\" content=\"4 minutos\" \/>\n<script type=\"application\/ld+json\" class=\"yoast-schema-graph\">{\"@context\":\"https:\/\/schema.org\",\"@graph\":[{\"@type\":\"Article\",\"@id\":\"https:\/\/uvbbrasil.com.br\/dourados-ms-apos-intensos-debates-vereadores-aprovam-pl-do-executivo-que-altera-o-pccr-da-educacao\/#article\",\"isPartOf\":{\"@id\":\"https:\/\/uvbbrasil.com.br\/dourados-ms-apos-intensos-debates-vereadores-aprovam-pl-do-executivo-que-altera-o-pccr-da-educacao\/\"},\"author\":{\"name\":\"adminuvb\",\"@id\":\"https:\/\/uvbbrasil.com.br\/#\/schema\/person\/17990098446c098f52effddff4f1b272\"},\"headline\":\"Dourados\/MS-Ap\u00f3s intensos debates, vereadores aprovam PL do executivo que altera o PCCR da Educa\u00e7\u00e3o\",\"datePublished\":\"2023-05-27T10:19:05+00:00\",\"mainEntityOfPage\":{\"@id\":\"https:\/\/uvbbrasil.com.br\/dourados-ms-apos-intensos-debates-vereadores-aprovam-pl-do-executivo-que-altera-o-pccr-da-educacao\/\"},\"wordCount\":898,\"commentCount\":0,\"publisher\":{\"@id\":\"https:\/\/uvbbrasil.com.br\/#organization\"},\"image\":{\"@id\":\"https:\/\/uvbbrasil.com.br\/dourados-ms-apos-intensos-debates-vereadores-aprovam-pl-do-executivo-que-altera-o-pccr-da-educacao\/#primaryimage\"},\"thumbnailUrl\":\"https:\/\/uvbbrasil.com.br\/wp-content\/uploads\/2023\/05\/1684808695.jpg\",\"articleSection\":[\"NOT\u00cdCIAS\"],\"inLanguage\":\"pt-BR\",\"potentialAction\":[{\"@type\":\"CommentAction\",\"name\":\"Comment\",\"target\":[\"https:\/\/uvbbrasil.com.br\/dourados-ms-apos-intensos-debates-vereadores-aprovam-pl-do-executivo-que-altera-o-pccr-da-educacao\/#respond\"]}]},{\"@type\":\"WebPage\",\"@id\":\"https:\/\/uvbbrasil.com.br\/dourados-ms-apos-intensos-debates-vereadores-aprovam-pl-do-executivo-que-altera-o-pccr-da-educacao\/\",\"url\":\"https:\/\/uvbbrasil.com.br\/dourados-ms-apos-intensos-debates-vereadores-aprovam-pl-do-executivo-que-altera-o-pccr-da-educacao\/\",\"name\":\"Dourados\/MS-Ap\u00f3s intensos debates, vereadores aprovam PL do executivo que altera o PCCR da Educa\u00e7\u00e3o - UVB Brasil\",\"isPartOf\":{\"@id\":\"https:\/\/uvbbrasil.com.br\/#website\"},\"primaryImageOfPage\":{\"@id\":\"https:\/\/uvbbrasil.com.br\/dourados-ms-apos-intensos-debates-vereadores-aprovam-pl-do-executivo-que-altera-o-pccr-da-educacao\/#primaryimage\"},\"image\":{\"@id\":\"https:\/\/uvbbrasil.com.br\/dourados-ms-apos-intensos-debates-vereadores-aprovam-pl-do-executivo-que-altera-o-pccr-da-educacao\/#primaryimage\"},\"thumbnailUrl\":\"https:\/\/uvbbrasil.com.br\/wp-content\/uploads\/2023\/05\/1684808695.jpg\",\"datePublished\":\"2023-05-27T10:19:05+00:00\",\"breadcrumb\":{\"@id\":\"https:\/\/uvbbrasil.com.br\/dourados-ms-apos-intensos-debates-vereadores-aprovam-pl-do-executivo-que-altera-o-pccr-da-educacao\/#breadcrumb\"},\"inLanguage\":\"pt-BR\",\"potentialAction\":[{\"@type\":\"ReadAction\",\"target\":[\"https:\/\/uvbbrasil.com.br\/dourados-ms-apos-intensos-debates-vereadores-aprovam-pl-do-executivo-que-altera-o-pccr-da-educacao\/\"]}]},{\"@type\":\"ImageObject\",\"inLanguage\":\"pt-BR\",\"@id\":\"https:\/\/uvbbrasil.com.br\/dourados-ms-apos-intensos-debates-vereadores-aprovam-pl-do-executivo-que-altera-o-pccr-da-educacao\/#primaryimage\",\"url\":\"https:\/\/uvbbrasil.com.br\/wp-content\/uploads\/2023\/05\/1684808695.jpg\",\"contentUrl\":\"https:\/\/uvbbrasil.com.br\/wp-content\/uploads\/2023\/05\/1684808695.jpg\",\"width\":1000,\"height\":667},{\"@type\":\"BreadcrumbList\",\"@id\":\"https:\/\/uvbbrasil.com.br\/dourados-ms-apos-intensos-debates-vereadores-aprovam-pl-do-executivo-que-altera-o-pccr-da-educacao\/#breadcrumb\",\"itemListElement\":[{\"@type\":\"ListItem\",\"position\":1,\"name\":\"In\u00edcio\",\"item\":\"https:\/\/uvbbrasil.com.br\/\"},{\"@type\":\"ListItem\",\"position\":2,\"name\":\"Dourados\/MS-Ap\u00f3s intensos debates, vereadores aprovam PL do executivo que altera o PCCR da Educa\u00e7\u00e3o\"}]},{\"@type\":\"WebSite\",\"@id\":\"https:\/\/uvbbrasil.com.br\/#website\",\"url\":\"https:\/\/uvbbrasil.com.br\/\",\"name\":\"UVB Brasil\",\"description\":\"Uni\u00e3o dos Vereadores do Brasil\",\"publisher\":{\"@id\":\"https:\/\/uvbbrasil.com.br\/#organization\"},\"potentialAction\":[{\"@type\":\"SearchAction\",\"target\":{\"@type\":\"EntryPoint\",\"urlTemplate\":\"https:\/\/uvbbrasil.com.br\/?s={search_term_string}\"},\"query-input\":{\"@type\":\"PropertyValueSpecification\",\"valueRequired\":true,\"valueName\":\"search_term_string\"}}],\"inLanguage\":\"pt-BR\"},{\"@type\":\"Organization\",\"@id\":\"https:\/\/uvbbrasil.com.br\/#organization\",\"name\":\"UVB Brasil\",\"url\":\"https:\/\/uvbbrasil.com.br\/\",\"logo\":{\"@type\":\"ImageObject\",\"inLanguage\":\"pt-BR\",\"@id\":\"https:\/\/uvbbrasil.com.br\/#\/schema\/logo\/image\/\",\"url\":\"https:\/\/uvbbrasil.com.br\/wp-content\/uploads\/2025\/01\/LOGO-UVB-2024-azul-1.jpg\",\"contentUrl\":\"https:\/\/uvbbrasil.com.br\/wp-content\/uploads\/2025\/01\/LOGO-UVB-2024-azul-1.jpg\",\"width\":600,\"height\":211,\"caption\":\"UVB Brasil\"},\"image\":{\"@id\":\"https:\/\/uvbbrasil.com.br\/#\/schema\/logo\/image\/\"},\"sameAs\":[\"https:\/\/www.facebook.com\/uvb.vereadoresbrasil\",\"https:\/\/www.instagram.com\/uvbbrasil\/\",\"https:\/\/www.youtube.com\/channel\/UCIlPQ8Xzw5GHNzosQIg9S5A\"]},{\"@type\":\"Person\",\"@id\":\"https:\/\/uvbbrasil.com.br\/#\/schema\/person\/17990098446c098f52effddff4f1b272\",\"name\":\"adminuvb\",\"image\":{\"@type\":\"ImageObject\",\"inLanguage\":\"pt-BR\",\"@id\":\"https:\/\/uvbbrasil.com.br\/#\/schema\/person\/image\/\",\"url\":\"https:\/\/secure.gravatar.com\/avatar\/1a494ea6f8e2dd1ae526e55b0e9497efdba542491e0620d704cccf63c6f77c45?s=96&d=mm&r=g\",\"contentUrl\":\"https:\/\/secure.gravatar.com\/avatar\/1a494ea6f8e2dd1ae526e55b0e9497efdba542491e0620d704cccf63c6f77c45?s=96&d=mm&r=g\",\"caption\":\"adminuvb\"},\"sameAs\":[\"https:\/\/uvbbrasil.com.br\"],\"url\":\"https:\/\/uvbbrasil.com.br\/author\/adminuvb\/\"}]}<\/script>\n<!-- \/ Yoast SEO plugin. -->","yoast_head_json":{"title":"Dourados\/MS-Ap\u00f3s intensos debates, vereadores aprovam PL do executivo que altera o PCCR da Educa\u00e7\u00e3o - UVB Brasil","robots":{"index":"index","follow":"follow","max-snippet":"max-snippet:-1","max-image-preview":"max-image-preview:large","max-video-preview":"max-video-preview:-1"},"canonical":"https:\/\/uvbbrasil.com.br\/dourados-ms-apos-intensos-debates-vereadores-aprovam-pl-do-executivo-que-altera-o-pccr-da-educacao\/","og_locale":"pt_BR","og_type":"article","og_title":"Dourados\/MS-Ap\u00f3s intensos debates, vereadores aprovam PL do executivo que altera o PCCR da Educa\u00e7\u00e3o - UVB Brasil","og_description":"Ap\u00f3s intensos debates, vereadores aprovam PL do executivo que altera o PCCR da Educa\u00e7\u00e3o &#8211; Plen\u00e1rio tamb\u00e9m aprovou projeto de...","og_url":"https:\/\/uvbbrasil.com.br\/dourados-ms-apos-intensos-debates-vereadores-aprovam-pl-do-executivo-que-altera-o-pccr-da-educacao\/","og_site_name":"UVB Brasil","article_publisher":"https:\/\/www.facebook.com\/uvb.vereadoresbrasil","article_published_time":"2023-05-27T10:19:05+00:00","og_image":[{"width":1000,"height":667,"url":"https:\/\/uvbbrasil.com.br\/wp-content\/uploads\/2023\/05\/1684808695.jpg","type":"image\/jpeg"}],"author":"adminuvb","twitter_card":"summary_large_image","twitter_misc":{"Escrito por":"adminuvb","Est. tempo de leitura":"4 minutos"},"schema":{"@context":"https:\/\/schema.org","@graph":[{"@type":"Article","@id":"https:\/\/uvbbrasil.com.br\/dourados-ms-apos-intensos-debates-vereadores-aprovam-pl-do-executivo-que-altera-o-pccr-da-educacao\/#article","isPartOf":{"@id":"https:\/\/uvbbrasil.com.br\/dourados-ms-apos-intensos-debates-vereadores-aprovam-pl-do-executivo-que-altera-o-pccr-da-educacao\/"},"author":{"name":"adminuvb","@id":"https:\/\/uvbbrasil.com.br\/#\/schema\/person\/17990098446c098f52effddff4f1b272"},"headline":"Dourados\/MS-Ap\u00f3s intensos debates, vereadores aprovam PL do executivo que altera o PCCR da Educa\u00e7\u00e3o","datePublished":"2023-05-27T10:19:05+00:00","mainEntityOfPage":{"@id":"https:\/\/uvbbrasil.com.br\/dourados-ms-apos-intensos-debates-vereadores-aprovam-pl-do-executivo-que-altera-o-pccr-da-educacao\/"},"wordCount":898,"commentCount":0,"publisher":{"@id":"https:\/\/uvbbrasil.com.br\/#organization"},"image":{"@id":"https:\/\/uvbbrasil.com.br\/dourados-ms-apos-intensos-debates-vereadores-aprovam-pl-do-executivo-que-altera-o-pccr-da-educacao\/#primaryimage"},"thumbnailUrl":"https:\/\/uvbbrasil.com.br\/wp-content\/uploads\/2023\/05\/1684808695.jpg","articleSection":["NOT\u00cdCIAS"],"inLanguage":"pt-BR","potentialAction":[{"@type":"CommentAction","name":"Comment","target":["https:\/\/uvbbrasil.com.br\/dourados-ms-apos-intensos-debates-vereadores-aprovam-pl-do-executivo-que-altera-o-pccr-da-educacao\/#respond"]}]},{"@type":"WebPage","@id":"https:\/\/uvbbrasil.com.br\/dourados-ms-apos-intensos-debates-vereadores-aprovam-pl-do-executivo-que-altera-o-pccr-da-educacao\/","url":"https:\/\/uvbbrasil.com.br\/dourados-ms-apos-intensos-debates-vereadores-aprovam-pl-do-executivo-que-altera-o-pccr-da-educacao\/","name":"Dourados\/MS-Ap\u00f3s intensos debates, vereadores aprovam PL do executivo que altera o PCCR da Educa\u00e7\u00e3o - UVB Brasil","isPartOf":{"@id":"https:\/\/uvbbrasil.com.br\/#website"},"primaryImageOfPage":{"@id":"https:\/\/uvbbrasil.com.br\/dourados-ms-apos-intensos-debates-vereadores-aprovam-pl-do-executivo-que-altera-o-pccr-da-educacao\/#primaryimage"},"image":{"@id":"https:\/\/uvbbrasil.com.br\/dourados-ms-apos-intensos-debates-vereadores-aprovam-pl-do-executivo-que-altera-o-pccr-da-educacao\/#primaryimage"},"thumbnailUrl":"https:\/\/uvbbrasil.com.br\/wp-content\/uploads\/2023\/05\/1684808695.jpg","datePublished":"2023-05-27T10:19:05+00:00","breadcrumb":{"@id":"https:\/\/uvbbrasil.com.br\/dourados-ms-apos-intensos-debates-vereadores-aprovam-pl-do-executivo-que-altera-o-pccr-da-educacao\/#breadcrumb"},"inLanguage":"pt-BR","potentialAction":[{"@type":"ReadAction","target":["https:\/\/uvbbrasil.com.br\/dourados-ms-apos-intensos-debates-vereadores-aprovam-pl-do-executivo-que-altera-o-pccr-da-educacao\/"]}]},{"@type":"ImageObject","inLanguage":"pt-BR","@id":"https:\/\/uvbbrasil.com.br\/dourados-ms-apos-intensos-debates-vereadores-aprovam-pl-do-executivo-que-altera-o-pccr-da-educacao\/#primaryimage","url":"https:\/\/uvbbrasil.com.br\/wp-content\/uploads\/2023\/05\/1684808695.jpg","contentUrl":"https:\/\/uvbbrasil.com.br\/wp-content\/uploads\/2023\/05\/1684808695.jpg","width":1000,"height":667},{"@type":"BreadcrumbList","@id":"https:\/\/uvbbrasil.com.br\/dourados-ms-apos-intensos-debates-vereadores-aprovam-pl-do-executivo-que-altera-o-pccr-da-educacao\/#breadcrumb","itemListElement":[{"@type":"ListItem","position":1,"name":"In\u00edcio","item":"https:\/\/uvbbrasil.com.br\/"},{"@type":"ListItem","position":2,"name":"Dourados\/MS-Ap\u00f3s intensos debates, vereadores aprovam PL do executivo que altera o PCCR da Educa\u00e7\u00e3o"}]},{"@type":"WebSite","@id":"https:\/\/uvbbrasil.com.br\/#website","url":"https:\/\/uvbbrasil.com.br\/","name":"UVB Brasil","description":"Uni\u00e3o dos Vereadores do Brasil","publisher":{"@id":"https:\/\/uvbbrasil.com.br\/#organization"},"potentialAction":[{"@type":"SearchAction","target":{"@type":"EntryPoint","urlTemplate":"https:\/\/uvbbrasil.com.br\/?s={search_term_string}"},"query-input":{"@type":"PropertyValueSpecification","valueRequired":true,"valueName":"search_term_string"}}],"inLanguage":"pt-BR"},{"@type":"Organization","@id":"https:\/\/uvbbrasil.com.br\/#organization","name":"UVB Brasil","url":"https:\/\/uvbbrasil.com.br\/","logo":{"@type":"ImageObject","inLanguage":"pt-BR","@id":"https:\/\/uvbbrasil.com.br\/#\/schema\/logo\/image\/","url":"https:\/\/uvbbrasil.com.br\/wp-content\/uploads\/2025\/01\/LOGO-UVB-2024-azul-1.jpg","contentUrl":"https:\/\/uvbbrasil.com.br\/wp-content\/uploads\/2025\/01\/LOGO-UVB-2024-azul-1.jpg","width":600,"height":211,"caption":"UVB Brasil"},"image":{"@id":"https:\/\/uvbbrasil.com.br\/#\/schema\/logo\/image\/"},"sameAs":["https:\/\/www.facebook.com\/uvb.vereadoresbrasil","https:\/\/www.instagram.com\/uvbbrasil\/","https:\/\/www.youtube.com\/channel\/UCIlPQ8Xzw5GHNzosQIg9S5A"]},{"@type":"Person","@id":"https:\/\/uvbbrasil.com.br\/#\/schema\/person\/17990098446c098f52effddff4f1b272","name":"adminuvb","image":{"@type":"ImageObject","inLanguage":"pt-BR","@id":"https:\/\/uvbbrasil.com.br\/#\/schema\/person\/image\/","url":"https:\/\/secure.gravatar.com\/avatar\/1a494ea6f8e2dd1ae526e55b0e9497efdba542491e0620d704cccf63c6f77c45?s=96&d=mm&r=g","contentUrl":"https:\/\/secure.gravatar.com\/avatar\/1a494ea6f8e2dd1ae526e55b0e9497efdba542491e0620d704cccf63c6f77c45?s=96&d=mm&r=g","caption":"adminuvb"},"sameAs":["https:\/\/uvbbrasil.com.br"],"url":"https:\/\/uvbbrasil.com.br\/author\/adminuvb\/"}]}},"_links":{"self":[{"href":"https:\/\/uvbbrasil.com.br\/uvb-json\/wp\/v2\/posts\/29766","targetHints":{"allow":["GET"]}}],"collection":[{"href":"https:\/\/uvbbrasil.com.br\/uvb-json\/wp\/v2\/posts"}],"about":[{"href":"https:\/\/uvbbrasil.com.br\/uvb-json\/wp\/v2\/types\/post"}],"author":[{"embeddable":true,"href":"https:\/\/uvbbrasil.com.br\/uvb-json\/wp\/v2\/users\/1"}],"replies":[{"embeddable":true,"href":"https:\/\/uvbbrasil.com.br\/uvb-json\/wp\/v2\/comments?post=29766"}],"version-history":[{"count":0,"href":"https:\/\/uvbbrasil.com.br\/uvb-json\/wp\/v2\/posts\/29766\/revisions"}],"wp:featuredmedia":[{"embeddable":true,"href":"https:\/\/uvbbrasil.com.br\/uvb-json\/wp\/v2\/media\/29767"}],"wp:attachment":[{"href":"https:\/\/uvbbrasil.com.br\/uvb-json\/wp\/v2\/media?parent=29766"}],"wp:term":[{"taxonomy":"category","embeddable":true,"href":"https:\/\/uvbbrasil.com.br\/uvb-json\/wp\/v2\/categories?post=29766"},{"taxonomy":"post_tag","embeddable":true,"href":"https:\/\/uvbbrasil.com.br\/uvb-json\/wp\/v2\/tags?post=29766"}],"curies":[{"name":"wp","href":"https:\/\/api.w.org\/{rel}","templated":true}]}}