{"id":2968,"date":"2016-01-25T17:18:19","date_gmt":"2016-01-25T19:18:19","guid":{"rendered":"https:\/\/wpsandbox4.pante.com.br\/?p=2968"},"modified":"2016-01-25T17:18:19","modified_gmt":"2016-01-25T19:18:19","slug":"ministerio-divulga-cronograma-para-desligamento-da-tv-analogica","status":"publish","type":"post","link":"https:\/\/uvbbrasil.com.br\/ministerio-divulga-cronograma-para-desligamento-da-tv-analogica\/","title":{"rendered":"Minist\u00e9rio divulga cronograma para desligamento da TV anal\u00f3gica"},"content":{"rendered":"<h1><\/h1>\n<p><strong> Sabrina Craide &#8211; Rep\u00f3rter da Ag\u00eancia Brasil<\/strong><\/p>\n<p>O Minist\u00e9rio das Comunica\u00e7\u00f5es divulgou hoje (25) um cronograma de transi\u00e7\u00e3o do sinal de TV anal\u00f3gico para o digital no Brasil. Segundo a portaria publicada no<em>\u00a0<\/em><em>Di\u00e1rio Oficial da Uni\u00e3o<\/em>, o desligamento do servi\u00e7o anal\u00f3gico vai come\u00e7ar com projeto-piloto na cidade goiana de Rio Verde no dia 15 de fevereiro. Em outubro, Bras\u00edlia e cidades do entorno do Distrito Federal v\u00e3o fazer a transi\u00e7\u00e3o.<\/p>\n<p>No decorrer de 2017 ser\u00e1 a vez de todas as capitais da Regi\u00e3o Sudeste (S\u00e3o Paulo, Rio de Janeiro, Belo Horizonte e Vit\u00f3ria), al\u00e9m de Goi\u00e2nia, Salvador, Recife e Fortaleza. Outras cidades do estado de S\u00e3o Paulo e do Nordeste passar\u00e3o pela mudan\u00e7a no pr\u00f3ximo ano.<\/p>\n<p>Em 2018, a transi\u00e7\u00e3o para o sinal de TV digital vai incluir as capitais e outras cidades das Regi\u00f5es Sul, Centro-Oeste e Norte, todo o interior dos estados do Rio de Janeiro e de S\u00e3o Paulo. O Minist\u00e9rio das Comunica\u00e7\u00f5es vai publicar portarias com a rela\u00e7\u00e3o dos demais munic\u00edpios afetados pela transi\u00e7\u00e3o para o sinal digital.<\/p>\n<p>De acordo com o Minist\u00e9rio, a portaria faz um ajuste no cronograma de implanta\u00e7\u00e3o da TV digital levando em considera\u00e7\u00e3o os grandes eventos que ocorrer\u00e3o no pa\u00eds at\u00e9 2018, como as Olimp\u00edadas este ano e as elei\u00e7\u00f5es para presidente, daqui a dois anos.<\/p>\n<p>A portaria determina aumento na divulga\u00e7\u00e3o que as redes de televis\u00e3o ter\u00e3o de fazer para avisar os telespectadores sobre o desligamento. A campanha de alerta ter\u00e1 in\u00edcio um ano antes da data prevista para a transi\u00e7\u00e3o em cada cidade.<\/p>\n<p>O documento mant\u00e9m como condi\u00e7\u00e3o para o desligamento da TV anal\u00f3gica que 93% dos domic\u00edlios do munic\u00edpio tenham garantida a recep\u00e7\u00e3o do sinal digital.<\/p>\n<p>&nbsp;<\/p>\n","protected":false},"excerpt":{"rendered":"<p>Sabrina Craide &#8211; Rep\u00f3rter da Ag\u00eancia Brasil O Minist\u00e9rio das Comunica\u00e7\u00f5es divulgou hoje (25) um cronograma de transi\u00e7\u00e3o do sinal&#8230;<\/p>\n","protected":false},"author":1,"featured_media":2969,"comment_status":"open","ping_status":"open","sticky":false,"template":"","format":"standard","meta":{"footnotes":""},"categories":[3],"tags":[],"class_list":["post-2968","post","type-post","status-publish","format-standard","has-post-thumbnail","hentry","category-noticias"],"yoast_head":"<!-- This site is optimized with the Yoast SEO plugin v26.7 - https:\/\/yoast.com\/wordpress\/plugins\/seo\/ -->\n<title>Minist\u00e9rio divulga cronograma para desligamento da TV anal\u00f3gica - UVB Brasil<\/title>\n<meta name=\"robots\" content=\"index, follow, max-snippet:-1, max-image-preview:large, max-video-preview:-1\" \/>\n<link rel=\"canonical\" href=\"https:\/\/uvbbrasil.com.br\/ministerio-divulga-cronograma-para-desligamento-da-tv-analogica\/\" \/>\n<meta property=\"og:locale\" content=\"pt_BR\" \/>\n<meta property=\"og:type\" content=\"article\" \/>\n<meta property=\"og:title\" content=\"Minist\u00e9rio divulga cronograma para desligamento da TV anal\u00f3gica - UVB Brasil\" \/>\n<meta property=\"og:description\" content=\"Sabrina Craide &#8211; Rep\u00f3rter da Ag\u00eancia Brasil O Minist\u00e9rio das Comunica\u00e7\u00f5es divulgou hoje (25) um cronograma de transi\u00e7\u00e3o do sinal...\" \/>\n<meta property=\"og:url\" content=\"https:\/\/uvbbrasil.com.br\/ministerio-divulga-cronograma-para-desligamento-da-tv-analogica\/\" \/>\n<meta property=\"og:site_name\" content=\"UVB Brasil\" \/>\n<meta property=\"article:publisher\" content=\"https:\/\/www.facebook.com\/uvb.vereadoresbrasil\" \/>\n<meta property=\"article:published_time\" content=\"2016-01-25T19:18:19+00:00\" \/>\n<meta property=\"og:image\" content=\"https:\/\/uvbbrasil.com.br\/wp-content\/uploads\/2016\/01\/TV-analogica-digital-220x181-1.gif\" \/>\n\t<meta property=\"og:image:width\" content=\"220\" \/>\n\t<meta property=\"og:image:height\" content=\"181\" \/>\n\t<meta property=\"og:image:type\" content=\"image\/gif\" \/>\n<meta name=\"author\" content=\"adminuvb\" \/>\n<meta name=\"twitter:card\" content=\"summary_large_image\" \/>\n<meta name=\"twitter:label1\" content=\"Escrito por\" \/>\n\t<meta name=\"twitter:data1\" content=\"adminuvb\" \/>\n\t<meta name=\"twitter:label2\" content=\"Est. tempo de leitura\" \/>\n\t<meta name=\"twitter:data2\" content=\"2 minutos\" \/>\n<script type=\"application\/ld+json\" class=\"yoast-schema-graph\">{\"@context\":\"https:\/\/schema.org\",\"@graph\":[{\"@type\":\"Article\",\"@id\":\"https:\/\/uvbbrasil.com.br\/ministerio-divulga-cronograma-para-desligamento-da-tv-analogica\/#article\",\"isPartOf\":{\"@id\":\"https:\/\/uvbbrasil.com.br\/ministerio-divulga-cronograma-para-desligamento-da-tv-analogica\/\"},\"author\":{\"name\":\"adminuvb\",\"@id\":\"https:\/\/uvbbrasil.com.br\/#\/schema\/person\/17990098446c098f52effddff4f1b272\"},\"headline\":\"Minist\u00e9rio divulga cronograma para desligamento da TV anal\u00f3gica\",\"datePublished\":\"2016-01-25T19:18:19+00:00\",\"mainEntityOfPage\":{\"@id\":\"https:\/\/uvbbrasil.com.br\/ministerio-divulga-cronograma-para-desligamento-da-tv-analogica\/\"},\"wordCount\":333,\"commentCount\":0,\"publisher\":{\"@id\":\"https:\/\/uvbbrasil.com.br\/#organization\"},\"image\":{\"@id\":\"https:\/\/uvbbrasil.com.br\/ministerio-divulga-cronograma-para-desligamento-da-tv-analogica\/#primaryimage\"},\"thumbnailUrl\":\"https:\/\/uvbbrasil.com.br\/wp-content\/uploads\/2016\/01\/TV-analogica-digital-220x181-1.gif\",\"articleSection\":[\"NOT\u00cdCIAS\"],\"inLanguage\":\"pt-BR\",\"potentialAction\":[{\"@type\":\"CommentAction\",\"name\":\"Comment\",\"target\":[\"https:\/\/uvbbrasil.com.br\/ministerio-divulga-cronograma-para-desligamento-da-tv-analogica\/#respond\"]}]},{\"@type\":\"WebPage\",\"@id\":\"https:\/\/uvbbrasil.com.br\/ministerio-divulga-cronograma-para-desligamento-da-tv-analogica\/\",\"url\":\"https:\/\/uvbbrasil.com.br\/ministerio-divulga-cronograma-para-desligamento-da-tv-analogica\/\",\"name\":\"Minist\u00e9rio divulga cronograma para desligamento da TV anal\u00f3gica - UVB Brasil\",\"isPartOf\":{\"@id\":\"https:\/\/uvbbrasil.com.br\/#website\"},\"primaryImageOfPage\":{\"@id\":\"https:\/\/uvbbrasil.com.br\/ministerio-divulga-cronograma-para-desligamento-da-tv-analogica\/#primaryimage\"},\"image\":{\"@id\":\"https:\/\/uvbbrasil.com.br\/ministerio-divulga-cronograma-para-desligamento-da-tv-analogica\/#primaryimage\"},\"thumbnailUrl\":\"https:\/\/uvbbrasil.com.br\/wp-content\/uploads\/2016\/01\/TV-analogica-digital-220x181-1.gif\",\"datePublished\":\"2016-01-25T19:18:19+00:00\",\"breadcrumb\":{\"@id\":\"https:\/\/uvbbrasil.com.br\/ministerio-divulga-cronograma-para-desligamento-da-tv-analogica\/#breadcrumb\"},\"inLanguage\":\"pt-BR\",\"potentialAction\":[{\"@type\":\"ReadAction\",\"target\":[\"https:\/\/uvbbrasil.com.br\/ministerio-divulga-cronograma-para-desligamento-da-tv-analogica\/\"]}]},{\"@type\":\"ImageObject\",\"inLanguage\":\"pt-BR\",\"@id\":\"https:\/\/uvbbrasil.com.br\/ministerio-divulga-cronograma-para-desligamento-da-tv-analogica\/#primaryimage\",\"url\":\"https:\/\/uvbbrasil.com.br\/wp-content\/uploads\/2016\/01\/TV-analogica-digital-220x181-1.gif\",\"contentUrl\":\"https:\/\/uvbbrasil.com.br\/wp-content\/uploads\/2016\/01\/TV-analogica-digital-220x181-1.gif\",\"width\":220,\"height\":181},{\"@type\":\"BreadcrumbList\",\"@id\":\"https:\/\/uvbbrasil.com.br\/ministerio-divulga-cronograma-para-desligamento-da-tv-analogica\/#breadcrumb\",\"itemListElement\":[{\"@type\":\"ListItem\",\"position\":1,\"name\":\"In\u00edcio\",\"item\":\"https:\/\/uvbbrasil.com.br\/\"},{\"@type\":\"ListItem\",\"position\":2,\"name\":\"Minist\u00e9rio divulga cronograma para desligamento da TV anal\u00f3gica\"}]},{\"@type\":\"WebSite\",\"@id\":\"https:\/\/uvbbrasil.com.br\/#website\",\"url\":\"https:\/\/uvbbrasil.com.br\/\",\"name\":\"UVB Brasil\",\"description\":\"Uni\u00e3o dos Vereadores do Brasil\",\"publisher\":{\"@id\":\"https:\/\/uvbbrasil.com.br\/#organization\"},\"potentialAction\":[{\"@type\":\"SearchAction\",\"target\":{\"@type\":\"EntryPoint\",\"urlTemplate\":\"https:\/\/uvbbrasil.com.br\/?s={search_term_string}\"},\"query-input\":{\"@type\":\"PropertyValueSpecification\",\"valueRequired\":true,\"valueName\":\"search_term_string\"}}],\"inLanguage\":\"pt-BR\"},{\"@type\":\"Organization\",\"@id\":\"https:\/\/uvbbrasil.com.br\/#organization\",\"name\":\"UVB Brasil\",\"url\":\"https:\/\/uvbbrasil.com.br\/\",\"logo\":{\"@type\":\"ImageObject\",\"inLanguage\":\"pt-BR\",\"@id\":\"https:\/\/uvbbrasil.com.br\/#\/schema\/logo\/image\/\",\"url\":\"https:\/\/uvbbrasil.com.br\/wp-content\/uploads\/2025\/01\/LOGO-UVB-2024-azul-1.jpg\",\"contentUrl\":\"https:\/\/uvbbrasil.com.br\/wp-content\/uploads\/2025\/01\/LOGO-UVB-2024-azul-1.jpg\",\"width\":600,\"height\":211,\"caption\":\"UVB Brasil\"},\"image\":{\"@id\":\"https:\/\/uvbbrasil.com.br\/#\/schema\/logo\/image\/\"},\"sameAs\":[\"https:\/\/www.facebook.com\/uvb.vereadoresbrasil\",\"https:\/\/www.instagram.com\/uvbbrasil\/\",\"https:\/\/www.youtube.com\/channel\/UCIlPQ8Xzw5GHNzosQIg9S5A\"]},{\"@type\":\"Person\",\"@id\":\"https:\/\/uvbbrasil.com.br\/#\/schema\/person\/17990098446c098f52effddff4f1b272\",\"name\":\"adminuvb\",\"image\":{\"@type\":\"ImageObject\",\"inLanguage\":\"pt-BR\",\"@id\":\"https:\/\/uvbbrasil.com.br\/#\/schema\/person\/image\/\",\"url\":\"https:\/\/secure.gravatar.com\/avatar\/1a494ea6f8e2dd1ae526e55b0e9497efdba542491e0620d704cccf63c6f77c45?s=96&d=mm&r=g\",\"contentUrl\":\"https:\/\/secure.gravatar.com\/avatar\/1a494ea6f8e2dd1ae526e55b0e9497efdba542491e0620d704cccf63c6f77c45?s=96&d=mm&r=g\",\"caption\":\"adminuvb\"},\"sameAs\":[\"https:\/\/uvbbrasil.com.br\"],\"url\":\"https:\/\/uvbbrasil.com.br\/author\/adminuvb\/\"}]}<\/script>\n<!-- \/ Yoast SEO plugin. -->","yoast_head_json":{"title":"Minist\u00e9rio divulga cronograma para desligamento da TV anal\u00f3gica - UVB Brasil","robots":{"index":"index","follow":"follow","max-snippet":"max-snippet:-1","max-image-preview":"max-image-preview:large","max-video-preview":"max-video-preview:-1"},"canonical":"https:\/\/uvbbrasil.com.br\/ministerio-divulga-cronograma-para-desligamento-da-tv-analogica\/","og_locale":"pt_BR","og_type":"article","og_title":"Minist\u00e9rio divulga cronograma para desligamento da TV anal\u00f3gica - UVB Brasil","og_description":"Sabrina Craide &#8211; Rep\u00f3rter da Ag\u00eancia Brasil O Minist\u00e9rio das Comunica\u00e7\u00f5es divulgou hoje (25) um cronograma de transi\u00e7\u00e3o do sinal...","og_url":"https:\/\/uvbbrasil.com.br\/ministerio-divulga-cronograma-para-desligamento-da-tv-analogica\/","og_site_name":"UVB Brasil","article_publisher":"https:\/\/www.facebook.com\/uvb.vereadoresbrasil","article_published_time":"2016-01-25T19:18:19+00:00","og_image":[{"width":220,"height":181,"url":"https:\/\/uvbbrasil.com.br\/wp-content\/uploads\/2016\/01\/TV-analogica-digital-220x181-1.gif","type":"image\/gif"}],"author":"adminuvb","twitter_card":"summary_large_image","twitter_misc":{"Escrito por":"adminuvb","Est. tempo de leitura":"2 minutos"},"schema":{"@context":"https:\/\/schema.org","@graph":[{"@type":"Article","@id":"https:\/\/uvbbrasil.com.br\/ministerio-divulga-cronograma-para-desligamento-da-tv-analogica\/#article","isPartOf":{"@id":"https:\/\/uvbbrasil.com.br\/ministerio-divulga-cronograma-para-desligamento-da-tv-analogica\/"},"author":{"name":"adminuvb","@id":"https:\/\/uvbbrasil.com.br\/#\/schema\/person\/17990098446c098f52effddff4f1b272"},"headline":"Minist\u00e9rio divulga cronograma para desligamento da TV anal\u00f3gica","datePublished":"2016-01-25T19:18:19+00:00","mainEntityOfPage":{"@id":"https:\/\/uvbbrasil.com.br\/ministerio-divulga-cronograma-para-desligamento-da-tv-analogica\/"},"wordCount":333,"commentCount":0,"publisher":{"@id":"https:\/\/uvbbrasil.com.br\/#organization"},"image":{"@id":"https:\/\/uvbbrasil.com.br\/ministerio-divulga-cronograma-para-desligamento-da-tv-analogica\/#primaryimage"},"thumbnailUrl":"https:\/\/uvbbrasil.com.br\/wp-content\/uploads\/2016\/01\/TV-analogica-digital-220x181-1.gif","articleSection":["NOT\u00cdCIAS"],"inLanguage":"pt-BR","potentialAction":[{"@type":"CommentAction","name":"Comment","target":["https:\/\/uvbbrasil.com.br\/ministerio-divulga-cronograma-para-desligamento-da-tv-analogica\/#respond"]}]},{"@type":"WebPage","@id":"https:\/\/uvbbrasil.com.br\/ministerio-divulga-cronograma-para-desligamento-da-tv-analogica\/","url":"https:\/\/uvbbrasil.com.br\/ministerio-divulga-cronograma-para-desligamento-da-tv-analogica\/","name":"Minist\u00e9rio divulga cronograma para desligamento da TV anal\u00f3gica - UVB Brasil","isPartOf":{"@id":"https:\/\/uvbbrasil.com.br\/#website"},"primaryImageOfPage":{"@id":"https:\/\/uvbbrasil.com.br\/ministerio-divulga-cronograma-para-desligamento-da-tv-analogica\/#primaryimage"},"image":{"@id":"https:\/\/uvbbrasil.com.br\/ministerio-divulga-cronograma-para-desligamento-da-tv-analogica\/#primaryimage"},"thumbnailUrl":"https:\/\/uvbbrasil.com.br\/wp-content\/uploads\/2016\/01\/TV-analogica-digital-220x181-1.gif","datePublished":"2016-01-25T19:18:19+00:00","breadcrumb":{"@id":"https:\/\/uvbbrasil.com.br\/ministerio-divulga-cronograma-para-desligamento-da-tv-analogica\/#breadcrumb"},"inLanguage":"pt-BR","potentialAction":[{"@type":"ReadAction","target":["https:\/\/uvbbrasil.com.br\/ministerio-divulga-cronograma-para-desligamento-da-tv-analogica\/"]}]},{"@type":"ImageObject","inLanguage":"pt-BR","@id":"https:\/\/uvbbrasil.com.br\/ministerio-divulga-cronograma-para-desligamento-da-tv-analogica\/#primaryimage","url":"https:\/\/uvbbrasil.com.br\/wp-content\/uploads\/2016\/01\/TV-analogica-digital-220x181-1.gif","contentUrl":"https:\/\/uvbbrasil.com.br\/wp-content\/uploads\/2016\/01\/TV-analogica-digital-220x181-1.gif","width":220,"height":181},{"@type":"BreadcrumbList","@id":"https:\/\/uvbbrasil.com.br\/ministerio-divulga-cronograma-para-desligamento-da-tv-analogica\/#breadcrumb","itemListElement":[{"@type":"ListItem","position":1,"name":"In\u00edcio","item":"https:\/\/uvbbrasil.com.br\/"},{"@type":"ListItem","position":2,"name":"Minist\u00e9rio divulga cronograma para desligamento da TV anal\u00f3gica"}]},{"@type":"WebSite","@id":"https:\/\/uvbbrasil.com.br\/#website","url":"https:\/\/uvbbrasil.com.br\/","name":"UVB Brasil","description":"Uni\u00e3o dos Vereadores do Brasil","publisher":{"@id":"https:\/\/uvbbrasil.com.br\/#organization"},"potentialAction":[{"@type":"SearchAction","target":{"@type":"EntryPoint","urlTemplate":"https:\/\/uvbbrasil.com.br\/?s={search_term_string}"},"query-input":{"@type":"PropertyValueSpecification","valueRequired":true,"valueName":"search_term_string"}}],"inLanguage":"pt-BR"},{"@type":"Organization","@id":"https:\/\/uvbbrasil.com.br\/#organization","name":"UVB Brasil","url":"https:\/\/uvbbrasil.com.br\/","logo":{"@type":"ImageObject","inLanguage":"pt-BR","@id":"https:\/\/uvbbrasil.com.br\/#\/schema\/logo\/image\/","url":"https:\/\/uvbbrasil.com.br\/wp-content\/uploads\/2025\/01\/LOGO-UVB-2024-azul-1.jpg","contentUrl":"https:\/\/uvbbrasil.com.br\/wp-content\/uploads\/2025\/01\/LOGO-UVB-2024-azul-1.jpg","width":600,"height":211,"caption":"UVB Brasil"},"image":{"@id":"https:\/\/uvbbrasil.com.br\/#\/schema\/logo\/image\/"},"sameAs":["https:\/\/www.facebook.com\/uvb.vereadoresbrasil","https:\/\/www.instagram.com\/uvbbrasil\/","https:\/\/www.youtube.com\/channel\/UCIlPQ8Xzw5GHNzosQIg9S5A"]},{"@type":"Person","@id":"https:\/\/uvbbrasil.com.br\/#\/schema\/person\/17990098446c098f52effddff4f1b272","name":"adminuvb","image":{"@type":"ImageObject","inLanguage":"pt-BR","@id":"https:\/\/uvbbrasil.com.br\/#\/schema\/person\/image\/","url":"https:\/\/secure.gravatar.com\/avatar\/1a494ea6f8e2dd1ae526e55b0e9497efdba542491e0620d704cccf63c6f77c45?s=96&d=mm&r=g","contentUrl":"https:\/\/secure.gravatar.com\/avatar\/1a494ea6f8e2dd1ae526e55b0e9497efdba542491e0620d704cccf63c6f77c45?s=96&d=mm&r=g","caption":"adminuvb"},"sameAs":["https:\/\/uvbbrasil.com.br"],"url":"https:\/\/uvbbrasil.com.br\/author\/adminuvb\/"}]}},"_links":{"self":[{"href":"https:\/\/uvbbrasil.com.br\/uvb-json\/wp\/v2\/posts\/2968","targetHints":{"allow":["GET"]}}],"collection":[{"href":"https:\/\/uvbbrasil.com.br\/uvb-json\/wp\/v2\/posts"}],"about":[{"href":"https:\/\/uvbbrasil.com.br\/uvb-json\/wp\/v2\/types\/post"}],"author":[{"embeddable":true,"href":"https:\/\/uvbbrasil.com.br\/uvb-json\/wp\/v2\/users\/1"}],"replies":[{"embeddable":true,"href":"https:\/\/uvbbrasil.com.br\/uvb-json\/wp\/v2\/comments?post=2968"}],"version-history":[{"count":0,"href":"https:\/\/uvbbrasil.com.br\/uvb-json\/wp\/v2\/posts\/2968\/revisions"}],"wp:featuredmedia":[{"embeddable":true,"href":"https:\/\/uvbbrasil.com.br\/uvb-json\/wp\/v2\/media\/2969"}],"wp:attachment":[{"href":"https:\/\/uvbbrasil.com.br\/uvb-json\/wp\/v2\/media?parent=2968"}],"wp:term":[{"taxonomy":"category","embeddable":true,"href":"https:\/\/uvbbrasil.com.br\/uvb-json\/wp\/v2\/categories?post=2968"},{"taxonomy":"post_tag","embeddable":true,"href":"https:\/\/uvbbrasil.com.br\/uvb-json\/wp\/v2\/tags?post=2968"}],"curies":[{"name":"wp","href":"https:\/\/api.w.org\/{rel}","templated":true}]}}