{"id":2965,"date":"2016-01-25T17:04:13","date_gmt":"2016-01-25T19:04:13","guid":{"rendered":"https:\/\/wpsandbox4.pante.com.br\/?p=2965"},"modified":"2016-01-25T17:04:13","modified_gmt":"2016-01-25T19:04:13","slug":"divida-publica-cresce-217-e-fecha-o-ano-em-r-2793-trilhoes","status":"publish","type":"post","link":"https:\/\/uvbbrasil.com.br\/divida-publica-cresce-217-e-fecha-o-ano-em-r-2793-trilhoes\/","title":{"rendered":"D\u00edvida p\u00fablica cresce 21,7% e fecha o ano em R$ 2,793 trilh\u00f5es"},"content":{"rendered":"<p>A D\u00edvida P\u00fablica Federal (DPF) cresceu 21,7% em 2015. Segundo n\u00fameros divulgados pelo Tesouro Nacional, o endividamento do Governo Federal encerrou o ano passado em R$ 2,793 trilh\u00f5es, com alta de R$ 498 bilh\u00f5es em rela\u00e7\u00e3o ao estoque registrado em dezembro de 2014. A alta \u00e9 recorde, com\u00a0 o maior patamar desde o in\u00edcio da s\u00e9rie hist\u00f3rica, em 2004.<\/p>\n<p>Inicialmente, o Tesouro Nacional havia informado que a d\u00edvida tinha crescido 24,8% e a alta era de R$ 555,9 bilh\u00f5es em rela\u00e7\u00e3o ao estoque em dezembro de 2014. Os valores foram corrigidos posteriormente.<\/p>\n<p>O principal fator para a eleva\u00e7\u00e3o da d\u00edvida foram as emiss\u00f5es maiores que os resgates. No ano passado, o Tesouro Nacional emitiu R$ 856 bilh\u00f5es em t\u00edtulos p\u00fablicos e resgatou R$ 704 bilh\u00f5es, o que resulta em uma diferen\u00e7a de R$ 152 bilh\u00f5es. O restante da varia\u00e7\u00e3o deve-se \u00e0 apropria\u00e7\u00e3o de juros, que representa o reconhecimento dos juros devidos pelo governo aos investidores, que s\u00e3o incorporados gradualmente ao total do endividamento p\u00fablico.<\/p>\n<p>Apesar da alta, a DPF ficou dentro do limite estabelecido pela equipe econ\u00f4mica para 2015, que era de R$ 2,8 trilh\u00f5es. No entanto, o estoque ficou acima do PAF original. No in\u00edcio do ano passado, o Tesouro tinha estabelecido um teto de R$ 2,6 trilh\u00f5es para a d\u00edvida p\u00fablica. O limite foi reajustado no fim de 2015.<\/p>\n<p>Segundo o Tesouro, o governo fez emiss\u00f5es superiores \u00e0 necessidade de financiamento para enxugar o excesso de dinheiro em circula\u00e7\u00e3o na economia e ajudar no combate \u00e0 infla\u00e7\u00e3o. O governo tamb\u00e9m ampliou o colch\u00e3o da d\u00edvida para n\u00edveis pr\u00f3ximos a seis meses do vencimento, contra cerca de tr\u00eas meses registrados at\u00e9 2014.<\/p>\n<p>O colch\u00e3o da d\u00edvida representa o estoque de t\u00edtulos que o governo reserva para honrar o vencimento dos t\u00edtulos em caso de turbul\u00eancias no mercado. No ano passado, parte do colch\u00e3o da d\u00edvida foi usada para quitar passivos do governo com bancos p\u00fablicos e o Fundo de Garantia do Tempo de Servi\u00e7o (FGTS) e cumprir recomenda\u00e7\u00e3o do Tribunal de Contas da Uni\u00e3o (TCU).<\/p>\n<p>Afetada pela forte valoriza\u00e7\u00e3o do d\u00f3lar em 2015, a D\u00edvida P\u00fablica Externa encerrou o ano em R$ 142,84 bilh\u00f5es, com alta de 27,2% em rela\u00e7\u00e3o aos R$ 112,3 bilh\u00f5es registrados no fim de 2014. O endividamento externo, no entanto, representa apenas 0,5% da D\u00edvida P\u00fablica Federal.<\/p>\n<p>Em rela\u00e7\u00e3o \u00e0 composi\u00e7\u00e3o da d\u00edvida, a DPF encerrou o ano passado com 39,4% corrigida por t\u00edtulos prefixados (com pap\u00e9is definidos no momento da emiss\u00e3o), 32,5% vinculados a \u00edndices de pre\u00e7os, 22,8% corrigidos pela taxa Selic (juros b\u00e1sicos da economia) e 5,3% atrelados ao c\u00e2mbio. A composi\u00e7\u00e3o considera tanto a d\u00edvida interna quanto a externa.<\/p>\n<p>A participa\u00e7\u00e3o dos t\u00edtulos prefixados ficou abaixo da meta m\u00ednima fixada, de 40%. Os t\u00edtulos prefixados s\u00e3o prefer\u00edveis para o Tesouro Nacional porque d\u00e3o previsibilidade \u00e0 administra\u00e7\u00e3o da d\u00edvida p\u00fablica. O governo sabe exatamente o quanto vai pagar daqui a v\u00e1rios anos, no vencimento do t\u00edtulo, porque os juros s\u00e3o definidos no momento da emiss\u00e3o. O Tesouro tem mais facilidade de vender esse tipo de papel em momentos de estabilidade na economia.<\/p>\n<p>A fatia dos t\u00edtulos corrigidos pela infla\u00e7\u00e3o tamb\u00e9m ficou abaixo da meta m\u00ednima de 33% estabelecida para 2015. A participa\u00e7\u00e3o dos pap\u00e9is vinculados \u00e0 taxa Selic, no entanto, ficou acima do limite m\u00e1ximo de 22%. O forte aumento dos juros no ano passado elevou o peso desse tipo de papel no endividamento do governo.<\/p>\n<p>Por meio da d\u00edvida p\u00fablica, o governo emite t\u00edtulos para levantar recursos necess\u00e1rios para honrar os compromissos. Em troca, o Tesouro compromete-se a devolver o total acrescido de uma corre\u00e7\u00e3o, que pode ser prefixada ou seguir a infla\u00e7\u00e3o, a taxa Selic ou o c\u00e2mbio.<\/p>\n","protected":false},"excerpt":{"rendered":"<p>A D\u00edvida P\u00fablica Federal (DPF) cresceu 21,7% em 2015. Segundo n\u00fameros divulgados pelo Tesouro Nacional, o endividamento do Governo Federal&#8230;<\/p>\n","protected":false},"author":1,"featured_media":2966,"comment_status":"open","ping_status":"open","sticky":false,"template":"","format":"standard","meta":{"footnotes":""},"categories":[3],"tags":[],"class_list":["post-2965","post","type-post","status-publish","format-standard","has-post-thumbnail","hentry","category-noticias"],"yoast_head":"<!-- This site is optimized with the Yoast SEO plugin v26.7 - https:\/\/yoast.com\/wordpress\/plugins\/seo\/ -->\n<title>D\u00edvida p\u00fablica cresce 21,7% e fecha o ano em R$ 2,793 trilh\u00f5es - UVB Brasil<\/title>\n<meta name=\"robots\" content=\"index, follow, max-snippet:-1, max-image-preview:large, max-video-preview:-1\" \/>\n<link rel=\"canonical\" href=\"https:\/\/uvbbrasil.com.br\/divida-publica-cresce-217-e-fecha-o-ano-em-r-2793-trilhoes\/\" \/>\n<meta property=\"og:locale\" content=\"pt_BR\" \/>\n<meta property=\"og:type\" content=\"article\" \/>\n<meta property=\"og:title\" content=\"D\u00edvida p\u00fablica cresce 21,7% e fecha o ano em R$ 2,793 trilh\u00f5es - UVB Brasil\" \/>\n<meta property=\"og:description\" content=\"A D\u00edvida P\u00fablica Federal (DPF) cresceu 21,7% em 2015. Segundo n\u00fameros divulgados pelo Tesouro Nacional, o endividamento do Governo Federal...\" \/>\n<meta property=\"og:url\" content=\"https:\/\/uvbbrasil.com.br\/divida-publica-cresce-217-e-fecha-o-ano-em-r-2793-trilhoes\/\" \/>\n<meta property=\"og:site_name\" content=\"UVB Brasil\" \/>\n<meta property=\"article:publisher\" content=\"https:\/\/www.facebook.com\/uvb.vereadoresbrasil\" \/>\n<meta property=\"article:published_time\" content=\"2016-01-25T19:04:13+00:00\" \/>\n<meta property=\"og:image\" content=\"https:\/\/uvbbrasil.com.br\/wp-content\/uploads\/2016\/01\/charge_divida_publica1.jpg\" \/>\n\t<meta property=\"og:image:width\" content=\"400\" \/>\n\t<meta property=\"og:image:height\" content=\"334\" \/>\n\t<meta property=\"og:image:type\" content=\"image\/jpeg\" \/>\n<meta name=\"author\" content=\"adminuvb\" \/>\n<meta name=\"twitter:card\" content=\"summary_large_image\" \/>\n<meta name=\"twitter:label1\" content=\"Escrito por\" \/>\n\t<meta name=\"twitter:data1\" content=\"adminuvb\" \/>\n\t<meta name=\"twitter:label2\" content=\"Est. tempo de leitura\" \/>\n\t<meta name=\"twitter:data2\" content=\"3 minutos\" \/>\n<script type=\"application\/ld+json\" class=\"yoast-schema-graph\">{\"@context\":\"https:\/\/schema.org\",\"@graph\":[{\"@type\":\"Article\",\"@id\":\"https:\/\/uvbbrasil.com.br\/divida-publica-cresce-217-e-fecha-o-ano-em-r-2793-trilhoes\/#article\",\"isPartOf\":{\"@id\":\"https:\/\/uvbbrasil.com.br\/divida-publica-cresce-217-e-fecha-o-ano-em-r-2793-trilhoes\/\"},\"author\":{\"name\":\"adminuvb\",\"@id\":\"https:\/\/uvbbrasil.com.br\/#\/schema\/person\/17990098446c098f52effddff4f1b272\"},\"headline\":\"D\u00edvida p\u00fablica cresce 21,7% e fecha o ano em R$ 2,793 trilh\u00f5es\",\"datePublished\":\"2016-01-25T19:04:13+00:00\",\"mainEntityOfPage\":{\"@id\":\"https:\/\/uvbbrasil.com.br\/divida-publica-cresce-217-e-fecha-o-ano-em-r-2793-trilhoes\/\"},\"wordCount\":681,\"commentCount\":0,\"publisher\":{\"@id\":\"https:\/\/uvbbrasil.com.br\/#organization\"},\"image\":{\"@id\":\"https:\/\/uvbbrasil.com.br\/divida-publica-cresce-217-e-fecha-o-ano-em-r-2793-trilhoes\/#primaryimage\"},\"thumbnailUrl\":\"https:\/\/uvbbrasil.com.br\/wp-content\/uploads\/2016\/01\/charge_divida_publica1.jpg\",\"articleSection\":[\"NOT\u00cdCIAS\"],\"inLanguage\":\"pt-BR\",\"potentialAction\":[{\"@type\":\"CommentAction\",\"name\":\"Comment\",\"target\":[\"https:\/\/uvbbrasil.com.br\/divida-publica-cresce-217-e-fecha-o-ano-em-r-2793-trilhoes\/#respond\"]}]},{\"@type\":\"WebPage\",\"@id\":\"https:\/\/uvbbrasil.com.br\/divida-publica-cresce-217-e-fecha-o-ano-em-r-2793-trilhoes\/\",\"url\":\"https:\/\/uvbbrasil.com.br\/divida-publica-cresce-217-e-fecha-o-ano-em-r-2793-trilhoes\/\",\"name\":\"D\u00edvida p\u00fablica cresce 21,7% e fecha o ano em R$ 2,793 trilh\u00f5es - UVB Brasil\",\"isPartOf\":{\"@id\":\"https:\/\/uvbbrasil.com.br\/#website\"},\"primaryImageOfPage\":{\"@id\":\"https:\/\/uvbbrasil.com.br\/divida-publica-cresce-217-e-fecha-o-ano-em-r-2793-trilhoes\/#primaryimage\"},\"image\":{\"@id\":\"https:\/\/uvbbrasil.com.br\/divida-publica-cresce-217-e-fecha-o-ano-em-r-2793-trilhoes\/#primaryimage\"},\"thumbnailUrl\":\"https:\/\/uvbbrasil.com.br\/wp-content\/uploads\/2016\/01\/charge_divida_publica1.jpg\",\"datePublished\":\"2016-01-25T19:04:13+00:00\",\"breadcrumb\":{\"@id\":\"https:\/\/uvbbrasil.com.br\/divida-publica-cresce-217-e-fecha-o-ano-em-r-2793-trilhoes\/#breadcrumb\"},\"inLanguage\":\"pt-BR\",\"potentialAction\":[{\"@type\":\"ReadAction\",\"target\":[\"https:\/\/uvbbrasil.com.br\/divida-publica-cresce-217-e-fecha-o-ano-em-r-2793-trilhoes\/\"]}]},{\"@type\":\"ImageObject\",\"inLanguage\":\"pt-BR\",\"@id\":\"https:\/\/uvbbrasil.com.br\/divida-publica-cresce-217-e-fecha-o-ano-em-r-2793-trilhoes\/#primaryimage\",\"url\":\"https:\/\/uvbbrasil.com.br\/wp-content\/uploads\/2016\/01\/charge_divida_publica1.jpg\",\"contentUrl\":\"https:\/\/uvbbrasil.com.br\/wp-content\/uploads\/2016\/01\/charge_divida_publica1.jpg\",\"width\":400,\"height\":334},{\"@type\":\"BreadcrumbList\",\"@id\":\"https:\/\/uvbbrasil.com.br\/divida-publica-cresce-217-e-fecha-o-ano-em-r-2793-trilhoes\/#breadcrumb\",\"itemListElement\":[{\"@type\":\"ListItem\",\"position\":1,\"name\":\"In\u00edcio\",\"item\":\"https:\/\/uvbbrasil.com.br\/\"},{\"@type\":\"ListItem\",\"position\":2,\"name\":\"D\u00edvida p\u00fablica cresce 21,7% e fecha o ano em R$ 2,793 trilh\u00f5es\"}]},{\"@type\":\"WebSite\",\"@id\":\"https:\/\/uvbbrasil.com.br\/#website\",\"url\":\"https:\/\/uvbbrasil.com.br\/\",\"name\":\"UVB Brasil\",\"description\":\"Uni\u00e3o dos Vereadores do Brasil\",\"publisher\":{\"@id\":\"https:\/\/uvbbrasil.com.br\/#organization\"},\"potentialAction\":[{\"@type\":\"SearchAction\",\"target\":{\"@type\":\"EntryPoint\",\"urlTemplate\":\"https:\/\/uvbbrasil.com.br\/?s={search_term_string}\"},\"query-input\":{\"@type\":\"PropertyValueSpecification\",\"valueRequired\":true,\"valueName\":\"search_term_string\"}}],\"inLanguage\":\"pt-BR\"},{\"@type\":\"Organization\",\"@id\":\"https:\/\/uvbbrasil.com.br\/#organization\",\"name\":\"UVB Brasil\",\"url\":\"https:\/\/uvbbrasil.com.br\/\",\"logo\":{\"@type\":\"ImageObject\",\"inLanguage\":\"pt-BR\",\"@id\":\"https:\/\/uvbbrasil.com.br\/#\/schema\/logo\/image\/\",\"url\":\"https:\/\/uvbbrasil.com.br\/wp-content\/uploads\/2025\/01\/LOGO-UVB-2024-azul-1.jpg\",\"contentUrl\":\"https:\/\/uvbbrasil.com.br\/wp-content\/uploads\/2025\/01\/LOGO-UVB-2024-azul-1.jpg\",\"width\":600,\"height\":211,\"caption\":\"UVB Brasil\"},\"image\":{\"@id\":\"https:\/\/uvbbrasil.com.br\/#\/schema\/logo\/image\/\"},\"sameAs\":[\"https:\/\/www.facebook.com\/uvb.vereadoresbrasil\",\"https:\/\/www.instagram.com\/uvbbrasil\/\",\"https:\/\/www.youtube.com\/channel\/UCIlPQ8Xzw5GHNzosQIg9S5A\"]},{\"@type\":\"Person\",\"@id\":\"https:\/\/uvbbrasil.com.br\/#\/schema\/person\/17990098446c098f52effddff4f1b272\",\"name\":\"adminuvb\",\"image\":{\"@type\":\"ImageObject\",\"inLanguage\":\"pt-BR\",\"@id\":\"https:\/\/uvbbrasil.com.br\/#\/schema\/person\/image\/\",\"url\":\"https:\/\/secure.gravatar.com\/avatar\/1a494ea6f8e2dd1ae526e55b0e9497efdba542491e0620d704cccf63c6f77c45?s=96&d=mm&r=g\",\"contentUrl\":\"https:\/\/secure.gravatar.com\/avatar\/1a494ea6f8e2dd1ae526e55b0e9497efdba542491e0620d704cccf63c6f77c45?s=96&d=mm&r=g\",\"caption\":\"adminuvb\"},\"sameAs\":[\"https:\/\/uvbbrasil.com.br\"],\"url\":\"https:\/\/uvbbrasil.com.br\/author\/adminuvb\/\"}]}<\/script>\n<!-- \/ Yoast SEO plugin. -->","yoast_head_json":{"title":"D\u00edvida p\u00fablica cresce 21,7% e fecha o ano em R$ 2,793 trilh\u00f5es - UVB Brasil","robots":{"index":"index","follow":"follow","max-snippet":"max-snippet:-1","max-image-preview":"max-image-preview:large","max-video-preview":"max-video-preview:-1"},"canonical":"https:\/\/uvbbrasil.com.br\/divida-publica-cresce-217-e-fecha-o-ano-em-r-2793-trilhoes\/","og_locale":"pt_BR","og_type":"article","og_title":"D\u00edvida p\u00fablica cresce 21,7% e fecha o ano em R$ 2,793 trilh\u00f5es - UVB Brasil","og_description":"A D\u00edvida P\u00fablica Federal (DPF) cresceu 21,7% em 2015. Segundo n\u00fameros divulgados pelo Tesouro Nacional, o endividamento do Governo Federal...","og_url":"https:\/\/uvbbrasil.com.br\/divida-publica-cresce-217-e-fecha-o-ano-em-r-2793-trilhoes\/","og_site_name":"UVB Brasil","article_publisher":"https:\/\/www.facebook.com\/uvb.vereadoresbrasil","article_published_time":"2016-01-25T19:04:13+00:00","og_image":[{"width":400,"height":334,"url":"https:\/\/uvbbrasil.com.br\/wp-content\/uploads\/2016\/01\/charge_divida_publica1.jpg","type":"image\/jpeg"}],"author":"adminuvb","twitter_card":"summary_large_image","twitter_misc":{"Escrito por":"adminuvb","Est. tempo de leitura":"3 minutos"},"schema":{"@context":"https:\/\/schema.org","@graph":[{"@type":"Article","@id":"https:\/\/uvbbrasil.com.br\/divida-publica-cresce-217-e-fecha-o-ano-em-r-2793-trilhoes\/#article","isPartOf":{"@id":"https:\/\/uvbbrasil.com.br\/divida-publica-cresce-217-e-fecha-o-ano-em-r-2793-trilhoes\/"},"author":{"name":"adminuvb","@id":"https:\/\/uvbbrasil.com.br\/#\/schema\/person\/17990098446c098f52effddff4f1b272"},"headline":"D\u00edvida p\u00fablica cresce 21,7% e fecha o ano em R$ 2,793 trilh\u00f5es","datePublished":"2016-01-25T19:04:13+00:00","mainEntityOfPage":{"@id":"https:\/\/uvbbrasil.com.br\/divida-publica-cresce-217-e-fecha-o-ano-em-r-2793-trilhoes\/"},"wordCount":681,"commentCount":0,"publisher":{"@id":"https:\/\/uvbbrasil.com.br\/#organization"},"image":{"@id":"https:\/\/uvbbrasil.com.br\/divida-publica-cresce-217-e-fecha-o-ano-em-r-2793-trilhoes\/#primaryimage"},"thumbnailUrl":"https:\/\/uvbbrasil.com.br\/wp-content\/uploads\/2016\/01\/charge_divida_publica1.jpg","articleSection":["NOT\u00cdCIAS"],"inLanguage":"pt-BR","potentialAction":[{"@type":"CommentAction","name":"Comment","target":["https:\/\/uvbbrasil.com.br\/divida-publica-cresce-217-e-fecha-o-ano-em-r-2793-trilhoes\/#respond"]}]},{"@type":"WebPage","@id":"https:\/\/uvbbrasil.com.br\/divida-publica-cresce-217-e-fecha-o-ano-em-r-2793-trilhoes\/","url":"https:\/\/uvbbrasil.com.br\/divida-publica-cresce-217-e-fecha-o-ano-em-r-2793-trilhoes\/","name":"D\u00edvida p\u00fablica cresce 21,7% e fecha o ano em R$ 2,793 trilh\u00f5es - UVB Brasil","isPartOf":{"@id":"https:\/\/uvbbrasil.com.br\/#website"},"primaryImageOfPage":{"@id":"https:\/\/uvbbrasil.com.br\/divida-publica-cresce-217-e-fecha-o-ano-em-r-2793-trilhoes\/#primaryimage"},"image":{"@id":"https:\/\/uvbbrasil.com.br\/divida-publica-cresce-217-e-fecha-o-ano-em-r-2793-trilhoes\/#primaryimage"},"thumbnailUrl":"https:\/\/uvbbrasil.com.br\/wp-content\/uploads\/2016\/01\/charge_divida_publica1.jpg","datePublished":"2016-01-25T19:04:13+00:00","breadcrumb":{"@id":"https:\/\/uvbbrasil.com.br\/divida-publica-cresce-217-e-fecha-o-ano-em-r-2793-trilhoes\/#breadcrumb"},"inLanguage":"pt-BR","potentialAction":[{"@type":"ReadAction","target":["https:\/\/uvbbrasil.com.br\/divida-publica-cresce-217-e-fecha-o-ano-em-r-2793-trilhoes\/"]}]},{"@type":"ImageObject","inLanguage":"pt-BR","@id":"https:\/\/uvbbrasil.com.br\/divida-publica-cresce-217-e-fecha-o-ano-em-r-2793-trilhoes\/#primaryimage","url":"https:\/\/uvbbrasil.com.br\/wp-content\/uploads\/2016\/01\/charge_divida_publica1.jpg","contentUrl":"https:\/\/uvbbrasil.com.br\/wp-content\/uploads\/2016\/01\/charge_divida_publica1.jpg","width":400,"height":334},{"@type":"BreadcrumbList","@id":"https:\/\/uvbbrasil.com.br\/divida-publica-cresce-217-e-fecha-o-ano-em-r-2793-trilhoes\/#breadcrumb","itemListElement":[{"@type":"ListItem","position":1,"name":"In\u00edcio","item":"https:\/\/uvbbrasil.com.br\/"},{"@type":"ListItem","position":2,"name":"D\u00edvida p\u00fablica cresce 21,7% e fecha o ano em R$ 2,793 trilh\u00f5es"}]},{"@type":"WebSite","@id":"https:\/\/uvbbrasil.com.br\/#website","url":"https:\/\/uvbbrasil.com.br\/","name":"UVB Brasil","description":"Uni\u00e3o dos Vereadores do Brasil","publisher":{"@id":"https:\/\/uvbbrasil.com.br\/#organization"},"potentialAction":[{"@type":"SearchAction","target":{"@type":"EntryPoint","urlTemplate":"https:\/\/uvbbrasil.com.br\/?s={search_term_string}"},"query-input":{"@type":"PropertyValueSpecification","valueRequired":true,"valueName":"search_term_string"}}],"inLanguage":"pt-BR"},{"@type":"Organization","@id":"https:\/\/uvbbrasil.com.br\/#organization","name":"UVB Brasil","url":"https:\/\/uvbbrasil.com.br\/","logo":{"@type":"ImageObject","inLanguage":"pt-BR","@id":"https:\/\/uvbbrasil.com.br\/#\/schema\/logo\/image\/","url":"https:\/\/uvbbrasil.com.br\/wp-content\/uploads\/2025\/01\/LOGO-UVB-2024-azul-1.jpg","contentUrl":"https:\/\/uvbbrasil.com.br\/wp-content\/uploads\/2025\/01\/LOGO-UVB-2024-azul-1.jpg","width":600,"height":211,"caption":"UVB Brasil"},"image":{"@id":"https:\/\/uvbbrasil.com.br\/#\/schema\/logo\/image\/"},"sameAs":["https:\/\/www.facebook.com\/uvb.vereadoresbrasil","https:\/\/www.instagram.com\/uvbbrasil\/","https:\/\/www.youtube.com\/channel\/UCIlPQ8Xzw5GHNzosQIg9S5A"]},{"@type":"Person","@id":"https:\/\/uvbbrasil.com.br\/#\/schema\/person\/17990098446c098f52effddff4f1b272","name":"adminuvb","image":{"@type":"ImageObject","inLanguage":"pt-BR","@id":"https:\/\/uvbbrasil.com.br\/#\/schema\/person\/image\/","url":"https:\/\/secure.gravatar.com\/avatar\/1a494ea6f8e2dd1ae526e55b0e9497efdba542491e0620d704cccf63c6f77c45?s=96&d=mm&r=g","contentUrl":"https:\/\/secure.gravatar.com\/avatar\/1a494ea6f8e2dd1ae526e55b0e9497efdba542491e0620d704cccf63c6f77c45?s=96&d=mm&r=g","caption":"adminuvb"},"sameAs":["https:\/\/uvbbrasil.com.br"],"url":"https:\/\/uvbbrasil.com.br\/author\/adminuvb\/"}]}},"_links":{"self":[{"href":"https:\/\/uvbbrasil.com.br\/uvb-json\/wp\/v2\/posts\/2965","targetHints":{"allow":["GET"]}}],"collection":[{"href":"https:\/\/uvbbrasil.com.br\/uvb-json\/wp\/v2\/posts"}],"about":[{"href":"https:\/\/uvbbrasil.com.br\/uvb-json\/wp\/v2\/types\/post"}],"author":[{"embeddable":true,"href":"https:\/\/uvbbrasil.com.br\/uvb-json\/wp\/v2\/users\/1"}],"replies":[{"embeddable":true,"href":"https:\/\/uvbbrasil.com.br\/uvb-json\/wp\/v2\/comments?post=2965"}],"version-history":[{"count":0,"href":"https:\/\/uvbbrasil.com.br\/uvb-json\/wp\/v2\/posts\/2965\/revisions"}],"wp:featuredmedia":[{"embeddable":true,"href":"https:\/\/uvbbrasil.com.br\/uvb-json\/wp\/v2\/media\/2966"}],"wp:attachment":[{"href":"https:\/\/uvbbrasil.com.br\/uvb-json\/wp\/v2\/media?parent=2965"}],"wp:term":[{"taxonomy":"category","embeddable":true,"href":"https:\/\/uvbbrasil.com.br\/uvb-json\/wp\/v2\/categories?post=2965"},{"taxonomy":"post_tag","embeddable":true,"href":"https:\/\/uvbbrasil.com.br\/uvb-json\/wp\/v2\/tags?post=2965"}],"curies":[{"name":"wp","href":"https:\/\/api.w.org\/{rel}","templated":true}]}}