{"id":29632,"date":"2023-05-18T10:35:28","date_gmt":"2023-05-18T13:35:28","guid":{"rendered":"https:\/\/wpsandbox4.pante.com.br\/?p=29632"},"modified":"2023-05-18T10:35:28","modified_gmt":"2023-05-18T13:35:28","slug":"18-maio-dia-nacional-de-combate-ao-abuso-e-exploracao-sexual-infantil","status":"publish","type":"post","link":"https:\/\/uvbbrasil.com.br\/18-maio-dia-nacional-de-combate-ao-abuso-e-exploracao-sexual-infantil\/","title":{"rendered":"18 maio dia nacional de combate ao abuso e explora\u00e7\u00e3o sexual infantil"},"content":{"rendered":"<p>Os \u00faltimos anos, em especial 2020-2022, foram marcados por uma s\u00e9rie de desafios em um contexto de pandemia, que fragilizou a garantia de direitos \u00e0s crian\u00e7as e adolescentes em nosso pa\u00eds, e em especial, o enfrentamento \u00e0 viol\u00eancia sexual infantil. E somada \u00e0 crise sanit\u00e1ria, houve o aumento da pobreza, desemprego e vulnerabilidade social.<\/p>\n<p>Hoje, Dia Nacional de Combate \u00e0 Viol\u00eancia Sexual contra Crian\u00e7as e Adolescentes, apoiamos a campanha \u201cFa\u00e7a Bonito. Proteja nossas Crian\u00e7as e Adolescentes\u201d. A data foi criada em 1998 e estabelecida atrav\u00e9s de um projeto de lei no dia da morte da menina Araceli Cabrera S\u00e1nchez Crespo.<\/p>\n<p>A a\u00e7\u00e3o tem como s\u00edmbolo uma flor, como uma lembran\u00e7a dos desenhos da primeira inf\u00e2ncia, al\u00e9m de associar a necessidade de cuidado e prote\u00e7\u00e3o para um desenvolvimento saud\u00e1vel.<\/p>\n<p>A Uni\u00e3o dos Vereadores do Brasil\/UVB, alerta que a\u00a0 campanha \u00e9 uma forma de mobilizar a sociedade para a responsabilidade na prote\u00e7\u00e3o de crian\u00e7as e adolescentes. Fique alerta e denuncie\u00a0 disque 100.<\/p>\n<p><img fetchpriority=\"high\" decoding=\"async\" class=\"alignnone size-medium wp-image-29633\" src=\"https:\/\/uvbbrasil.com.br\/wp-content\/uploads\/2023\/05\/18-d-emaio-300x244.jpg\" alt=\"\" width=\"300\" height=\"244\" srcset=\"https:\/\/uvbbrasil.com.br\/wp-content\/uploads\/2023\/05\/18-d-emaio-300x244.jpg 300w, https:\/\/uvbbrasil.com.br\/wp-content\/uploads\/2023\/05\/18-d-emaio-768x625.jpg 768w, https:\/\/uvbbrasil.com.br\/wp-content\/uploads\/2023\/05\/18-d-emaio.jpg 1024w\" sizes=\"(max-width: 300px) 100vw, 300px\" \/><\/p>\n","protected":false},"excerpt":{"rendered":"<p>Os \u00faltimos anos, em especial 2020-2022, foram marcados por uma s\u00e9rie de desafios em um contexto de pandemia, que fragilizou&#8230;<\/p>\n","protected":false},"author":1,"featured_media":29633,"comment_status":"open","ping_status":"open","sticky":false,"template":"","format":"standard","meta":{"footnotes":""},"categories":[3],"tags":[],"class_list":["post-29632","post","type-post","status-publish","format-standard","has-post-thumbnail","hentry","category-noticias"],"yoast_head":"<!-- This site is optimized with the Yoast SEO plugin v27.5 - https:\/\/yoast.com\/product\/yoast-seo-wordpress\/ -->\n<title>18 maio dia nacional de combate ao abuso e explora\u00e7\u00e3o sexual infantil - UVB Brasil<\/title>\n<meta name=\"robots\" content=\"index, follow, max-snippet:-1, max-image-preview:large, max-video-preview:-1\" \/>\n<link rel=\"canonical\" href=\"https:\/\/uvbbrasil.com.br\/18-maio-dia-nacional-de-combate-ao-abuso-e-exploracao-sexual-infantil\/\" \/>\n<meta property=\"og:locale\" content=\"pt_BR\" \/>\n<meta property=\"og:type\" content=\"article\" \/>\n<meta property=\"og:title\" content=\"18 maio dia nacional de combate ao abuso e explora\u00e7\u00e3o sexual infantil - UVB Brasil\" \/>\n<meta property=\"og:description\" content=\"Os \u00faltimos anos, em especial 2020-2022, foram marcados por uma s\u00e9rie de desafios em um contexto de pandemia, que fragilizou...\" \/>\n<meta property=\"og:url\" content=\"https:\/\/uvbbrasil.com.br\/18-maio-dia-nacional-de-combate-ao-abuso-e-exploracao-sexual-infantil\/\" \/>\n<meta property=\"og:site_name\" content=\"UVB Brasil\" \/>\n<meta property=\"article:publisher\" content=\"https:\/\/www.facebook.com\/uvb.vereadoresbrasil\" \/>\n<meta property=\"article:published_time\" content=\"2023-05-18T13:35:28+00:00\" \/>\n<meta property=\"og:image\" content=\"https:\/\/uvbbrasil.com.br\/wp-content\/uploads\/2023\/05\/18-d-emaio.jpg\" \/>\n\t<meta property=\"og:image:width\" content=\"1024\" \/>\n\t<meta property=\"og:image:height\" content=\"833\" \/>\n\t<meta property=\"og:image:type\" content=\"image\/jpeg\" \/>\n<meta name=\"author\" content=\"adminuvb\" \/>\n<meta name=\"twitter:card\" content=\"summary_large_image\" \/>\n<meta name=\"twitter:label1\" content=\"Escrito por\" \/>\n\t<meta name=\"twitter:data1\" content=\"adminuvb\" \/>\n\t<meta name=\"twitter:label2\" content=\"Est. tempo de leitura\" \/>\n\t<meta name=\"twitter:data2\" content=\"1 minuto\" \/>\n<script type=\"application\/ld+json\" class=\"yoast-schema-graph\">{\"@context\":\"https:\\\/\\\/schema.org\",\"@graph\":[{\"@type\":\"Article\",\"@id\":\"https:\\\/\\\/uvbbrasil.com.br\\\/18-maio-dia-nacional-de-combate-ao-abuso-e-exploracao-sexual-infantil\\\/#article\",\"isPartOf\":{\"@id\":\"https:\\\/\\\/uvbbrasil.com.br\\\/18-maio-dia-nacional-de-combate-ao-abuso-e-exploracao-sexual-infantil\\\/\"},\"author\":{\"name\":\"adminuvb\",\"@id\":\"https:\\\/\\\/uvbbrasil.com.br\\\/#\\\/schema\\\/person\\\/17990098446c098f52effddff4f1b272\"},\"headline\":\"18 maio dia nacional de combate ao abuso e explora\u00e7\u00e3o sexual infantil\",\"datePublished\":\"2023-05-18T13:35:28+00:00\",\"mainEntityOfPage\":{\"@id\":\"https:\\\/\\\/uvbbrasil.com.br\\\/18-maio-dia-nacional-de-combate-ao-abuso-e-exploracao-sexual-infantil\\\/\"},\"wordCount\":188,\"commentCount\":0,\"publisher\":{\"@id\":\"https:\\\/\\\/uvbbrasil.com.br\\\/#organization\"},\"image\":{\"@id\":\"https:\\\/\\\/uvbbrasil.com.br\\\/18-maio-dia-nacional-de-combate-ao-abuso-e-exploracao-sexual-infantil\\\/#primaryimage\"},\"thumbnailUrl\":\"https:\\\/\\\/uvbbrasil.com.br\\\/wp-content\\\/uploads\\\/2023\\\/05\\\/18-d-emaio.jpg\",\"articleSection\":[\"NOT\u00cdCIAS\"],\"inLanguage\":\"pt-BR\",\"potentialAction\":[{\"@type\":\"CommentAction\",\"name\":\"Comment\",\"target\":[\"https:\\\/\\\/uvbbrasil.com.br\\\/18-maio-dia-nacional-de-combate-ao-abuso-e-exploracao-sexual-infantil\\\/#respond\"]}]},{\"@type\":\"WebPage\",\"@id\":\"https:\\\/\\\/uvbbrasil.com.br\\\/18-maio-dia-nacional-de-combate-ao-abuso-e-exploracao-sexual-infantil\\\/\",\"url\":\"https:\\\/\\\/uvbbrasil.com.br\\\/18-maio-dia-nacional-de-combate-ao-abuso-e-exploracao-sexual-infantil\\\/\",\"name\":\"18 maio dia nacional de combate ao abuso e explora\u00e7\u00e3o sexual infantil - UVB Brasil\",\"isPartOf\":{\"@id\":\"https:\\\/\\\/uvbbrasil.com.br\\\/#website\"},\"primaryImageOfPage\":{\"@id\":\"https:\\\/\\\/uvbbrasil.com.br\\\/18-maio-dia-nacional-de-combate-ao-abuso-e-exploracao-sexual-infantil\\\/#primaryimage\"},\"image\":{\"@id\":\"https:\\\/\\\/uvbbrasil.com.br\\\/18-maio-dia-nacional-de-combate-ao-abuso-e-exploracao-sexual-infantil\\\/#primaryimage\"},\"thumbnailUrl\":\"https:\\\/\\\/uvbbrasil.com.br\\\/wp-content\\\/uploads\\\/2023\\\/05\\\/18-d-emaio.jpg\",\"datePublished\":\"2023-05-18T13:35:28+00:00\",\"breadcrumb\":{\"@id\":\"https:\\\/\\\/uvbbrasil.com.br\\\/18-maio-dia-nacional-de-combate-ao-abuso-e-exploracao-sexual-infantil\\\/#breadcrumb\"},\"inLanguage\":\"pt-BR\",\"potentialAction\":[{\"@type\":\"ReadAction\",\"target\":[\"https:\\\/\\\/uvbbrasil.com.br\\\/18-maio-dia-nacional-de-combate-ao-abuso-e-exploracao-sexual-infantil\\\/\"]}]},{\"@type\":\"ImageObject\",\"inLanguage\":\"pt-BR\",\"@id\":\"https:\\\/\\\/uvbbrasil.com.br\\\/18-maio-dia-nacional-de-combate-ao-abuso-e-exploracao-sexual-infantil\\\/#primaryimage\",\"url\":\"https:\\\/\\\/uvbbrasil.com.br\\\/wp-content\\\/uploads\\\/2023\\\/05\\\/18-d-emaio.jpg\",\"contentUrl\":\"https:\\\/\\\/uvbbrasil.com.br\\\/wp-content\\\/uploads\\\/2023\\\/05\\\/18-d-emaio.jpg\",\"width\":1024,\"height\":833},{\"@type\":\"BreadcrumbList\",\"@id\":\"https:\\\/\\\/uvbbrasil.com.br\\\/18-maio-dia-nacional-de-combate-ao-abuso-e-exploracao-sexual-infantil\\\/#breadcrumb\",\"itemListElement\":[{\"@type\":\"ListItem\",\"position\":1,\"name\":\"In\u00edcio\",\"item\":\"https:\\\/\\\/uvbbrasil.com.br\\\/\"},{\"@type\":\"ListItem\",\"position\":2,\"name\":\"18 maio dia nacional de combate ao abuso e explora\u00e7\u00e3o sexual infantil\"}]},{\"@type\":\"WebSite\",\"@id\":\"https:\\\/\\\/uvbbrasil.com.br\\\/#website\",\"url\":\"https:\\\/\\\/uvbbrasil.com.br\\\/\",\"name\":\"UVB Brasil\",\"description\":\"Uni\u00e3o dos Vereadores do Brasil\",\"publisher\":{\"@id\":\"https:\\\/\\\/uvbbrasil.com.br\\\/#organization\"},\"potentialAction\":[{\"@type\":\"SearchAction\",\"target\":{\"@type\":\"EntryPoint\",\"urlTemplate\":\"https:\\\/\\\/uvbbrasil.com.br\\\/?s={search_term_string}\"},\"query-input\":{\"@type\":\"PropertyValueSpecification\",\"valueRequired\":true,\"valueName\":\"search_term_string\"}}],\"inLanguage\":\"pt-BR\"},{\"@type\":\"Organization\",\"@id\":\"https:\\\/\\\/uvbbrasil.com.br\\\/#organization\",\"name\":\"UVB Brasil\",\"url\":\"https:\\\/\\\/uvbbrasil.com.br\\\/\",\"logo\":{\"@type\":\"ImageObject\",\"inLanguage\":\"pt-BR\",\"@id\":\"https:\\\/\\\/uvbbrasil.com.br\\\/#\\\/schema\\\/logo\\\/image\\\/\",\"url\":\"https:\\\/\\\/uvbbrasil.com.br\\\/wp-content\\\/uploads\\\/2025\\\/01\\\/LOGO-UVB-2024-azul-1.jpg\",\"contentUrl\":\"https:\\\/\\\/uvbbrasil.com.br\\\/wp-content\\\/uploads\\\/2025\\\/01\\\/LOGO-UVB-2024-azul-1.jpg\",\"width\":600,\"height\":211,\"caption\":\"UVB Brasil\"},\"image\":{\"@id\":\"https:\\\/\\\/uvbbrasil.com.br\\\/#\\\/schema\\\/logo\\\/image\\\/\"},\"sameAs\":[\"https:\\\/\\\/www.facebook.com\\\/uvb.vereadoresbrasil\",\"https:\\\/\\\/www.instagram.com\\\/uvbbrasil\\\/\",\"https:\\\/\\\/www.youtube.com\\\/channel\\\/UCIlPQ8Xzw5GHNzosQIg9S5A\"]},{\"@type\":\"Person\",\"@id\":\"https:\\\/\\\/uvbbrasil.com.br\\\/#\\\/schema\\\/person\\\/17990098446c098f52effddff4f1b272\",\"name\":\"adminuvb\",\"image\":{\"@type\":\"ImageObject\",\"inLanguage\":\"pt-BR\",\"@id\":\"https:\\\/\\\/secure.gravatar.com\\\/avatar\\\/1a494ea6f8e2dd1ae526e55b0e9497efdba542491e0620d704cccf63c6f77c45?s=96&d=mm&r=g\",\"url\":\"https:\\\/\\\/secure.gravatar.com\\\/avatar\\\/1a494ea6f8e2dd1ae526e55b0e9497efdba542491e0620d704cccf63c6f77c45?s=96&d=mm&r=g\",\"contentUrl\":\"https:\\\/\\\/secure.gravatar.com\\\/avatar\\\/1a494ea6f8e2dd1ae526e55b0e9497efdba542491e0620d704cccf63c6f77c45?s=96&d=mm&r=g\",\"caption\":\"adminuvb\"},\"sameAs\":[\"https:\\\/\\\/uvbbrasil.com.br\"],\"url\":\"https:\\\/\\\/uvbbrasil.com.br\\\/author\\\/adminuvb\\\/\"}]}<\/script>\n<!-- \/ Yoast SEO plugin. -->","yoast_head_json":{"title":"18 maio dia nacional de combate ao abuso e explora\u00e7\u00e3o sexual infantil - UVB Brasil","robots":{"index":"index","follow":"follow","max-snippet":"max-snippet:-1","max-image-preview":"max-image-preview:large","max-video-preview":"max-video-preview:-1"},"canonical":"https:\/\/uvbbrasil.com.br\/18-maio-dia-nacional-de-combate-ao-abuso-e-exploracao-sexual-infantil\/","og_locale":"pt_BR","og_type":"article","og_title":"18 maio dia nacional de combate ao abuso e explora\u00e7\u00e3o sexual infantil - UVB Brasil","og_description":"Os \u00faltimos anos, em especial 2020-2022, foram marcados por uma s\u00e9rie de desafios em um contexto de pandemia, que fragilizou...","og_url":"https:\/\/uvbbrasil.com.br\/18-maio-dia-nacional-de-combate-ao-abuso-e-exploracao-sexual-infantil\/","og_site_name":"UVB Brasil","article_publisher":"https:\/\/www.facebook.com\/uvb.vereadoresbrasil","article_published_time":"2023-05-18T13:35:28+00:00","og_image":[{"width":1024,"height":833,"url":"https:\/\/uvbbrasil.com.br\/wp-content\/uploads\/2023\/05\/18-d-emaio.jpg","type":"image\/jpeg"}],"author":"adminuvb","twitter_card":"summary_large_image","twitter_misc":{"Escrito por":"adminuvb","Est. tempo de leitura":"1 minuto"},"schema":{"@context":"https:\/\/schema.org","@graph":[{"@type":"Article","@id":"https:\/\/uvbbrasil.com.br\/18-maio-dia-nacional-de-combate-ao-abuso-e-exploracao-sexual-infantil\/#article","isPartOf":{"@id":"https:\/\/uvbbrasil.com.br\/18-maio-dia-nacional-de-combate-ao-abuso-e-exploracao-sexual-infantil\/"},"author":{"name":"adminuvb","@id":"https:\/\/uvbbrasil.com.br\/#\/schema\/person\/17990098446c098f52effddff4f1b272"},"headline":"18 maio dia nacional de combate ao abuso e explora\u00e7\u00e3o sexual infantil","datePublished":"2023-05-18T13:35:28+00:00","mainEntityOfPage":{"@id":"https:\/\/uvbbrasil.com.br\/18-maio-dia-nacional-de-combate-ao-abuso-e-exploracao-sexual-infantil\/"},"wordCount":188,"commentCount":0,"publisher":{"@id":"https:\/\/uvbbrasil.com.br\/#organization"},"image":{"@id":"https:\/\/uvbbrasil.com.br\/18-maio-dia-nacional-de-combate-ao-abuso-e-exploracao-sexual-infantil\/#primaryimage"},"thumbnailUrl":"https:\/\/uvbbrasil.com.br\/wp-content\/uploads\/2023\/05\/18-d-emaio.jpg","articleSection":["NOT\u00cdCIAS"],"inLanguage":"pt-BR","potentialAction":[{"@type":"CommentAction","name":"Comment","target":["https:\/\/uvbbrasil.com.br\/18-maio-dia-nacional-de-combate-ao-abuso-e-exploracao-sexual-infantil\/#respond"]}]},{"@type":"WebPage","@id":"https:\/\/uvbbrasil.com.br\/18-maio-dia-nacional-de-combate-ao-abuso-e-exploracao-sexual-infantil\/","url":"https:\/\/uvbbrasil.com.br\/18-maio-dia-nacional-de-combate-ao-abuso-e-exploracao-sexual-infantil\/","name":"18 maio dia nacional de combate ao abuso e explora\u00e7\u00e3o sexual infantil - UVB Brasil","isPartOf":{"@id":"https:\/\/uvbbrasil.com.br\/#website"},"primaryImageOfPage":{"@id":"https:\/\/uvbbrasil.com.br\/18-maio-dia-nacional-de-combate-ao-abuso-e-exploracao-sexual-infantil\/#primaryimage"},"image":{"@id":"https:\/\/uvbbrasil.com.br\/18-maio-dia-nacional-de-combate-ao-abuso-e-exploracao-sexual-infantil\/#primaryimage"},"thumbnailUrl":"https:\/\/uvbbrasil.com.br\/wp-content\/uploads\/2023\/05\/18-d-emaio.jpg","datePublished":"2023-05-18T13:35:28+00:00","breadcrumb":{"@id":"https:\/\/uvbbrasil.com.br\/18-maio-dia-nacional-de-combate-ao-abuso-e-exploracao-sexual-infantil\/#breadcrumb"},"inLanguage":"pt-BR","potentialAction":[{"@type":"ReadAction","target":["https:\/\/uvbbrasil.com.br\/18-maio-dia-nacional-de-combate-ao-abuso-e-exploracao-sexual-infantil\/"]}]},{"@type":"ImageObject","inLanguage":"pt-BR","@id":"https:\/\/uvbbrasil.com.br\/18-maio-dia-nacional-de-combate-ao-abuso-e-exploracao-sexual-infantil\/#primaryimage","url":"https:\/\/uvbbrasil.com.br\/wp-content\/uploads\/2023\/05\/18-d-emaio.jpg","contentUrl":"https:\/\/uvbbrasil.com.br\/wp-content\/uploads\/2023\/05\/18-d-emaio.jpg","width":1024,"height":833},{"@type":"BreadcrumbList","@id":"https:\/\/uvbbrasil.com.br\/18-maio-dia-nacional-de-combate-ao-abuso-e-exploracao-sexual-infantil\/#breadcrumb","itemListElement":[{"@type":"ListItem","position":1,"name":"In\u00edcio","item":"https:\/\/uvbbrasil.com.br\/"},{"@type":"ListItem","position":2,"name":"18 maio dia nacional de combate ao abuso e explora\u00e7\u00e3o sexual infantil"}]},{"@type":"WebSite","@id":"https:\/\/uvbbrasil.com.br\/#website","url":"https:\/\/uvbbrasil.com.br\/","name":"UVB Brasil","description":"Uni\u00e3o dos Vereadores do Brasil","publisher":{"@id":"https:\/\/uvbbrasil.com.br\/#organization"},"potentialAction":[{"@type":"SearchAction","target":{"@type":"EntryPoint","urlTemplate":"https:\/\/uvbbrasil.com.br\/?s={search_term_string}"},"query-input":{"@type":"PropertyValueSpecification","valueRequired":true,"valueName":"search_term_string"}}],"inLanguage":"pt-BR"},{"@type":"Organization","@id":"https:\/\/uvbbrasil.com.br\/#organization","name":"UVB Brasil","url":"https:\/\/uvbbrasil.com.br\/","logo":{"@type":"ImageObject","inLanguage":"pt-BR","@id":"https:\/\/uvbbrasil.com.br\/#\/schema\/logo\/image\/","url":"https:\/\/uvbbrasil.com.br\/wp-content\/uploads\/2025\/01\/LOGO-UVB-2024-azul-1.jpg","contentUrl":"https:\/\/uvbbrasil.com.br\/wp-content\/uploads\/2025\/01\/LOGO-UVB-2024-azul-1.jpg","width":600,"height":211,"caption":"UVB Brasil"},"image":{"@id":"https:\/\/uvbbrasil.com.br\/#\/schema\/logo\/image\/"},"sameAs":["https:\/\/www.facebook.com\/uvb.vereadoresbrasil","https:\/\/www.instagram.com\/uvbbrasil\/","https:\/\/www.youtube.com\/channel\/UCIlPQ8Xzw5GHNzosQIg9S5A"]},{"@type":"Person","@id":"https:\/\/uvbbrasil.com.br\/#\/schema\/person\/17990098446c098f52effddff4f1b272","name":"adminuvb","image":{"@type":"ImageObject","inLanguage":"pt-BR","@id":"https:\/\/secure.gravatar.com\/avatar\/1a494ea6f8e2dd1ae526e55b0e9497efdba542491e0620d704cccf63c6f77c45?s=96&d=mm&r=g","url":"https:\/\/secure.gravatar.com\/avatar\/1a494ea6f8e2dd1ae526e55b0e9497efdba542491e0620d704cccf63c6f77c45?s=96&d=mm&r=g","contentUrl":"https:\/\/secure.gravatar.com\/avatar\/1a494ea6f8e2dd1ae526e55b0e9497efdba542491e0620d704cccf63c6f77c45?s=96&d=mm&r=g","caption":"adminuvb"},"sameAs":["https:\/\/uvbbrasil.com.br"],"url":"https:\/\/uvbbrasil.com.br\/author\/adminuvb\/"}]}},"_links":{"self":[{"href":"https:\/\/uvbbrasil.com.br\/uvb-json\/wp\/v2\/posts\/29632","targetHints":{"allow":["GET"]}}],"collection":[{"href":"https:\/\/uvbbrasil.com.br\/uvb-json\/wp\/v2\/posts"}],"about":[{"href":"https:\/\/uvbbrasil.com.br\/uvb-json\/wp\/v2\/types\/post"}],"author":[{"embeddable":true,"href":"https:\/\/uvbbrasil.com.br\/uvb-json\/wp\/v2\/users\/1"}],"replies":[{"embeddable":true,"href":"https:\/\/uvbbrasil.com.br\/uvb-json\/wp\/v2\/comments?post=29632"}],"version-history":[{"count":0,"href":"https:\/\/uvbbrasil.com.br\/uvb-json\/wp\/v2\/posts\/29632\/revisions"}],"wp:featuredmedia":[{"embeddable":true,"href":"https:\/\/uvbbrasil.com.br\/uvb-json\/wp\/v2\/media\/29633"}],"wp:attachment":[{"href":"https:\/\/uvbbrasil.com.br\/uvb-json\/wp\/v2\/media?parent=29632"}],"wp:term":[{"taxonomy":"category","embeddable":true,"href":"https:\/\/uvbbrasil.com.br\/uvb-json\/wp\/v2\/categories?post=29632"},{"taxonomy":"post_tag","embeddable":true,"href":"https:\/\/uvbbrasil.com.br\/uvb-json\/wp\/v2\/tags?post=29632"}],"curies":[{"name":"wp","href":"https:\/\/api.w.org\/{rel}","templated":true}]}}