{"id":29547,"date":"2023-05-09T11:50:06","date_gmt":"2023-05-09T14:50:06","guid":{"rendered":"https:\/\/wpsandbox4.pante.com.br\/?p=29547"},"modified":"2023-05-09T11:50:06","modified_gmt":"2023-05-09T14:50:06","slug":"uvb-e-mma-realizam-o-1-forum-de-vereadoras-e-vereadores-de-direitos-animais","status":"publish","type":"post","link":"https:\/\/uvbbrasil.com.br\/uvb-e-mma-realizam-o-1-forum-de-vereadoras-e-vereadores-de-direitos-animais\/","title":{"rendered":"UVB e MMA realizam o 1\u00b0 F\u00f3rum de vereadoras e vereadores de Direitos Animais"},"content":{"rendered":"<p>O evento contou com a participa\u00e7\u00e3o de representantes de todo pa\u00eds<\/p>\n<p>Bras\u00edlia (27\/04\/2023) \u2013 O Departamento de Prote\u00e7\u00e3o, Defesa e Direitos Animais (DPDA) do Minist\u00e9rio do Meio Ambiente e Mudan\u00e7a do Clima (MMA), em parceria com a Uni\u00e3o dos Vereadores do Brasil (UVB), promoveu na tarde da\u00a0 quarta-feira (26), em Bras\u00edlia, o 1\u00b0 F\u00f3rum de vereadores e vereadoras pelos Direitos Animais. O evento, realizado na sede do Ibama, recebeu vereadoras e vereadores de todo o pa\u00eds para debate sobre prote\u00e7\u00e3o, defesa e direitos dos animais.<\/p>\n<p>A solenidade de abertura do F\u00f3rum foi marcada pela forma\u00e7\u00e3o de mesa de autoridades, composta pela Diretora do DPDA, Vanessa Negrini; pelo presidente do Ibama, Ant\u00f4nio de Agostinho Mendon\u00e7a; pela Vereadora e Presidente da UVB Animal, Juliana Prud\u00eancio; pelo Deputado Federal Delegado Matheus Laiola, representante da Frente Parlamentar em Defesa dos Animais; pelo diretor do Departamento de Educa\u00e7\u00e3o Ambiental e Cidadania do MMA, Marcos Sorrentino; e, pelo Conselheiro de Participa\u00e7\u00e3o Social da Presid\u00eancia da Rep\u00fablica, Guilherme Zambarda Leonardi.<\/p>\n<p>Os servi\u00e7os prestados pelo Ibama para o bem-estar da fauna silvestre foi o tema da fala de Agostinho, que explicou a atua\u00e7\u00e3o dos Centros de Triagem de Animais Silvestres (Cetas) e a previs\u00e3o da amplia\u00e7\u00e3o e aperfei\u00e7oamento do atendimento fornecido, e destacou o resgate e destina\u00e7\u00e3o de animais realizado durante emerg\u00eancias ambientais e as a\u00e7\u00f5es de fiscaliza\u00e7\u00e3o ambiental. Al\u00e9m desses, a import\u00e2ncia do olhar do legislativo ao arcabou\u00e7o legal voltado ao Meio Ambiente foi um ponto enfocado. Nesse sentido tamb\u00e9m foram as participa\u00e7\u00f5es da presidente da UVB e de Loiola. Os impactos do consumo da carne na sustentabilidade do planeta tamb\u00e9m foram abordados durante a solenidade.<\/p>\n<p>Em seguida, equipe do DPDA apresentou o resultado de pesquisa realizada com munic\u00edpios brasileiros sobre bem-estar animal (focadas em c\u00e3es e gatos), que abordaram desde pol\u00edticas p\u00fablicas espec\u00edficas \u00e0 dota\u00e7\u00e3o or\u00e7ament\u00e1ria reservada para o tema. Posteriormente, a diretora Vanessa Negrini apresentou um panorama sobre as a\u00e7\u00f5es do Departamento na atual gest\u00e3o, o compromisso do governo federal com a causa animal, e as entregas previstas para o ano de 2023. Vanessa convidou os vereadores e vereadoras a se engajarem no processo de elabora\u00e7\u00e3o do Or\u00e7amento Participativo, que ter\u00e3o consultas abertas de 11\/05 a 10\/07, para que a causa animal receba os recursos necess\u00e1rios para as a\u00e7\u00f5es e projetos demandados.<\/p>\n<p>O p\u00fablico (vereadores, secret\u00e1rios e demais participantes), realizou perguntas sobre as palestras proferidas e compartilhou suas experi\u00eancias sobre o Direito Animal nos estados e munic\u00edpios. Ao final, os vereadores entregaram uma carta endere\u00e7ada ao Presidente Lula com as reivindica\u00e7\u00f5es do movimento. Vereadores e vereadoras que participaram online do evento tamb\u00e9m podem assinar a carta pelo link https:\/\/forms.gle\/AwEUZcmxYZipQLxa8 Confira a \u00edntegra do documento:<\/p>\n<p>CARTA DO I F\u00d3RUM DE VEREADORES E VEREADORAS PELOS DIREITOS ANIMAIS AO<br \/>\nPRESIDENTE LUIS IN\u00c1CIO LULA DA SILVA<\/p>\n<p>N\u00f3s, vereadores e vereadoras representantes da causa animal em todo o pa\u00eds, reunidos no I F\u00f3rum de Vereadores e Vereadoras pelos Direitos Animais, estamos escrevendo para expressar nossa preocupa\u00e7\u00e3o com a situa\u00e7\u00e3o dos animais, sejam eles ditos de abate, silvestres, ex\u00f3ticos, de companhia e\/ou de rua e de tutores em vulnerabilidade social em nosso pa\u00eds. Gostar\u00edamos de levantar algumas quest\u00f5es importantes, que s\u00e3o consideradas os seis pilares da prote\u00e7\u00e3o, do direito e do bem-estar animal que acreditamos que merecem sua aten\u00e7\u00e3o e considera\u00e7\u00e3o.<br \/>\nPrimeiramente, pedimos que sejam implementadas pol\u00edticas p\u00fablicas direcionadas ao controle populacional de caninos e felinos. A superpopula\u00e7\u00e3o de animais nas ruas \u00e9 um problema grave que leva a sofrimento e morte desnecess\u00e1rios. Acreditamos que a solu\u00e7\u00e3o para esse problema passa por medidas como a castra\u00e7\u00e3o gratuita e o incentivo \u00e0 ado\u00e7\u00e3o respons\u00e1vel.<br \/>\nAl\u00e9m disso, pedimos que sejam disponibilizados atendimentos m\u00e9dicos veterin\u00e1rios para animais de rua e para tutores em vulnerabilidade social. Muitos desses animais sofrem com doen\u00e7as e les\u00f5es que poderiam ser facilmente tratadas se houvesse acesso a servi\u00e7os veterin\u00e1rios p\u00fablicos. Com base no art. 225 da CF, acreditamos que \u00e9, tamb\u00e9m, responsabilidade do governo fornecer esse tipo de suporte para aqueles que n\u00e3o t\u00eam condi\u00e7\u00f5es financeiras para arcar com os cuidados de seus animais.<br \/>\nOutra quest\u00e3o importante que gostar\u00edamos de levantar \u00e9 a efetividade e direcionamento das pol\u00edticas p\u00fablicas relacionadas \u00e0 fiscaliza\u00e7\u00e3o e combate aos maus-tratos. \u00c9 importante que essas pol\u00edticas sejam eficazes e aplicadas de forma consistente para garantir a prote\u00e7\u00e3o dos animais. Al\u00e9m disso, pedimos que sejam criadas leis que garantam suporte e apoio a ONGs e protetores independentes de animais, para que eles possam continuar a desempenhar um papel importante na prote\u00e7\u00e3o dos animais.<br \/>\nA preserva\u00e7\u00e3o dos animais silvestres e dos animais de abate s\u00e3o quest\u00f5es importantes para garantir a sustentabilidade ambiental e a sa\u00fade p\u00fablica. No caso dos animais silvestres, a preserva\u00e7\u00e3o de seus habitats naturais \u00e9 fundamental para manter o equil\u00edbrio dos ecossistemas e garantir a sobreviv\u00eancia de diversas esp\u00e9cies. Al\u00e9m disso, \u00e9 importante combater o com\u00e9rcio ilegal de animais e incentivar pr\u00e1ticas de turismo respons\u00e1vel que n\u00e3o prejudiquem a vida selvagem.<br \/>\nJ\u00e1 no caso dos animais ditos de abate, \u00e9 urgente garantir que as condi\u00e7\u00f5es adequadas para evitar o sofrimento dos animais. \u00c9 importante respeitar as normas e regulamenta\u00e7\u00f5es que visam proteger os direitos dos animais, bem como incentivar pr\u00e1ticas de produ\u00e7\u00e3o sustent\u00e1vel que levem em considera\u00e7\u00e3o o bem-estar animal. Al\u00e9m disso, o consumo consciente e respons\u00e1vel pode ajudar a reduzir a demanda por produtos de origem animal e contribuir para a preserva\u00e7\u00e3o do meio ambiente e da vida.<br \/>\nPor fim, pedimos que sejam criados programas que garantam a seguran\u00e7a alimentar para animais de rua e de tutores em vulnerabilidade social. Muitos desses animais sofrem com a falta de alimentos e \u00e1gua, o que pode levar a problemas de sa\u00fade e at\u00e9 mesmo \u00e0 morte. Acreditamos que \u00e9 importante garantir a efetividade e cumprimento das leis relacionadas aos c\u00e3es comunit\u00e1rios em todos os munic\u00edpios e estados do pa\u00eds.<br \/>\nAgradecemos sua aten\u00e7\u00e3o a essas quest\u00f5es e esperamos que essas reivindica\u00e7\u00f5es possam ser consideradas e atendidas. Acreditamos que, juntos, podemos criar um Brasil melhor para n\u00f3s e para os animais.<\/p>\n<p>Bras\u00edlia \u2013 DF, 26 de abril de 2023.<\/p>\n<p><img fetchpriority=\"high\" decoding=\"async\" class=\"alignnone size-medium wp-image-29548\" src=\"https:\/\/uvbbrasil.com.br\/wp-content\/uploads\/2023\/05\/23-300x199.jpeg\" alt=\"\" width=\"300\" height=\"199\" srcset=\"https:\/\/uvbbrasil.com.br\/wp-content\/uploads\/2023\/05\/23-300x199.jpeg 300w, https:\/\/uvbbrasil.com.br\/wp-content\/uploads\/2023\/05\/23-1024x680.jpeg 1024w, https:\/\/uvbbrasil.com.br\/wp-content\/uploads\/2023\/05\/23-768x510.jpeg 768w, https:\/\/uvbbrasil.com.br\/wp-content\/uploads\/2023\/05\/23.jpeg 1249w\" sizes=\"(max-width: 300px) 100vw, 300px\" \/><img decoding=\"async\" class=\"alignnone size-medium wp-image-29549\" src=\"https:\/\/uvbbrasil.com.br\/wp-content\/uploads\/2023\/05\/16-300x199.jpeg\" alt=\"\" width=\"300\" height=\"199\" srcset=\"https:\/\/uvbbrasil.com.br\/wp-content\/uploads\/2023\/05\/16-300x199.jpeg 300w, https:\/\/uvbbrasil.com.br\/wp-content\/uploads\/2023\/05\/16-1024x679.jpeg 1024w, https:\/\/uvbbrasil.com.br\/wp-content\/uploads\/2023\/05\/16-768x510.jpeg 768w, https:\/\/uvbbrasil.com.br\/wp-content\/uploads\/2023\/05\/16.jpeg 1248w\" sizes=\"(max-width: 300px) 100vw, 300px\" \/><img decoding=\"async\" class=\"alignnone size-medium wp-image-29550\" src=\"https:\/\/uvbbrasil.com.br\/wp-content\/uploads\/2023\/05\/09-300x199.jpeg\" alt=\"\" width=\"300\" height=\"199\" srcset=\"https:\/\/uvbbrasil.com.br\/wp-content\/uploads\/2023\/05\/09-300x199.jpeg 300w, https:\/\/uvbbrasil.com.br\/wp-content\/uploads\/2023\/05\/09-1024x679.jpeg 1024w, https:\/\/uvbbrasil.com.br\/wp-content\/uploads\/2023\/05\/09-768x510.jpeg 768w, https:\/\/uvbbrasil.com.br\/wp-content\/uploads\/2023\/05\/09.jpeg 1248w\" sizes=\"(max-width: 300px) 100vw, 300px\" \/><img loading=\"lazy\" decoding=\"async\" class=\"alignnone size-medium wp-image-29551\" src=\"https:\/\/uvbbrasil.com.br\/wp-content\/uploads\/2023\/05\/22-300x199.jpeg\" alt=\"\" width=\"300\" height=\"199\" srcset=\"https:\/\/uvbbrasil.com.br\/wp-content\/uploads\/2023\/05\/22-300x199.jpeg 300w, https:\/\/uvbbrasil.com.br\/wp-content\/uploads\/2023\/05\/22-1024x679.jpeg 1024w, https:\/\/uvbbrasil.com.br\/wp-content\/uploads\/2023\/05\/22-768x510.jpeg 768w, https:\/\/uvbbrasil.com.br\/wp-content\/uploads\/2023\/05\/22.jpeg 1248w\" sizes=\"(max-width: 300px) 100vw, 300px\" \/><img loading=\"lazy\" decoding=\"async\" class=\"alignnone size-medium wp-image-29552\" src=\"https:\/\/uvbbrasil.com.br\/wp-content\/uploads\/2023\/05\/10-300x199.jpeg\" alt=\"\" width=\"300\" height=\"199\" srcset=\"https:\/\/uvbbrasil.com.br\/wp-content\/uploads\/2023\/05\/10-300x199.jpeg 300w, https:\/\/uvbbrasil.com.br\/wp-content\/uploads\/2023\/05\/10-1024x679.jpeg 1024w, https:\/\/uvbbrasil.com.br\/wp-content\/uploads\/2023\/05\/10-768x510.jpeg 768w, https:\/\/uvbbrasil.com.br\/wp-content\/uploads\/2023\/05\/10.jpeg 1248w\" sizes=\"(max-width: 300px) 100vw, 300px\" \/><img loading=\"lazy\" decoding=\"async\" class=\"alignnone size-medium wp-image-29553\" src=\"https:\/\/uvbbrasil.com.br\/wp-content\/uploads\/2023\/05\/12-300x199.jpeg\" alt=\"\" width=\"300\" height=\"199\" srcset=\"https:\/\/uvbbrasil.com.br\/wp-content\/uploads\/2023\/05\/12-300x199.jpeg 300w, https:\/\/uvbbrasil.com.br\/wp-content\/uploads\/2023\/05\/12-1024x679.jpeg 1024w, https:\/\/uvbbrasil.com.br\/wp-content\/uploads\/2023\/05\/12-768x510.jpeg 768w, https:\/\/uvbbrasil.com.br\/wp-content\/uploads\/2023\/05\/12.jpeg 1248w\" sizes=\"(max-width: 300px) 100vw, 300px\" \/><\/p>\n","protected":false},"excerpt":{"rendered":"<p>O evento contou com a participa\u00e7\u00e3o de representantes de todo pa\u00eds Bras\u00edlia (27\/04\/2023) \u2013 O Departamento de Prote\u00e7\u00e3o, Defesa e&#8230;<\/p>\n","protected":false},"author":1,"featured_media":29551,"comment_status":"open","ping_status":"open","sticky":false,"template":"","format":"standard","meta":{"footnotes":""},"categories":[3],"tags":[],"class_list":["post-29547","post","type-post","status-publish","format-standard","has-post-thumbnail","hentry","category-noticias"],"yoast_head":"<!-- This site is optimized with the Yoast SEO plugin v27.5 - https:\/\/yoast.com\/product\/yoast-seo-wordpress\/ -->\n<title>UVB e MMA realizam o 1\u00b0 F\u00f3rum de vereadoras e vereadores de Direitos Animais - UVB Brasil<\/title>\n<meta name=\"robots\" content=\"index, follow, max-snippet:-1, max-image-preview:large, max-video-preview:-1\" \/>\n<link rel=\"canonical\" href=\"https:\/\/uvbbrasil.com.br\/uvb-e-mma-realizam-o-1-forum-de-vereadoras-e-vereadores-de-direitos-animais\/\" \/>\n<meta property=\"og:locale\" content=\"pt_BR\" \/>\n<meta property=\"og:type\" content=\"article\" \/>\n<meta property=\"og:title\" content=\"UVB e MMA realizam o 1\u00b0 F\u00f3rum de vereadoras e vereadores de Direitos Animais - UVB Brasil\" \/>\n<meta property=\"og:description\" content=\"O evento contou com a participa\u00e7\u00e3o de representantes de todo pa\u00eds Bras\u00edlia (27\/04\/2023) \u2013 O Departamento de Prote\u00e7\u00e3o, Defesa e...\" \/>\n<meta property=\"og:url\" content=\"https:\/\/uvbbrasil.com.br\/uvb-e-mma-realizam-o-1-forum-de-vereadoras-e-vereadores-de-direitos-animais\/\" \/>\n<meta property=\"og:site_name\" content=\"UVB Brasil\" \/>\n<meta property=\"article:publisher\" content=\"https:\/\/www.facebook.com\/uvb.vereadoresbrasil\" \/>\n<meta property=\"article:published_time\" content=\"2023-05-09T14:50:06+00:00\" \/>\n<meta property=\"og:image\" content=\"https:\/\/uvbbrasil.com.br\/wp-content\/uploads\/2023\/05\/22.jpeg\" \/>\n\t<meta property=\"og:image:width\" content=\"1248\" \/>\n\t<meta property=\"og:image:height\" content=\"828\" \/>\n\t<meta property=\"og:image:type\" content=\"image\/jpeg\" \/>\n<meta name=\"author\" content=\"adminuvb\" \/>\n<meta name=\"twitter:card\" content=\"summary_large_image\" \/>\n<meta name=\"twitter:label1\" content=\"Escrito por\" \/>\n\t<meta name=\"twitter:data1\" content=\"adminuvb\" \/>\n\t<meta name=\"twitter:label2\" content=\"Est. tempo de leitura\" \/>\n\t<meta name=\"twitter:data2\" content=\"6 minutos\" \/>\n<script type=\"application\/ld+json\" class=\"yoast-schema-graph\">{\"@context\":\"https:\\\/\\\/schema.org\",\"@graph\":[{\"@type\":\"Article\",\"@id\":\"https:\\\/\\\/uvbbrasil.com.br\\\/uvb-e-mma-realizam-o-1-forum-de-vereadoras-e-vereadores-de-direitos-animais\\\/#article\",\"isPartOf\":{\"@id\":\"https:\\\/\\\/uvbbrasil.com.br\\\/uvb-e-mma-realizam-o-1-forum-de-vereadoras-e-vereadores-de-direitos-animais\\\/\"},\"author\":{\"name\":\"adminuvb\",\"@id\":\"https:\\\/\\\/uvbbrasil.com.br\\\/#\\\/schema\\\/person\\\/17990098446c098f52effddff4f1b272\"},\"headline\":\"UVB e MMA realizam o 1\u00b0 F\u00f3rum de vereadoras e vereadores de Direitos Animais\",\"datePublished\":\"2023-05-09T14:50:06+00:00\",\"mainEntityOfPage\":{\"@id\":\"https:\\\/\\\/uvbbrasil.com.br\\\/uvb-e-mma-realizam-o-1-forum-de-vereadoras-e-vereadores-de-direitos-animais\\\/\"},\"wordCount\":1122,\"commentCount\":0,\"publisher\":{\"@id\":\"https:\\\/\\\/uvbbrasil.com.br\\\/#organization\"},\"image\":{\"@id\":\"https:\\\/\\\/uvbbrasil.com.br\\\/uvb-e-mma-realizam-o-1-forum-de-vereadoras-e-vereadores-de-direitos-animais\\\/#primaryimage\"},\"thumbnailUrl\":\"https:\\\/\\\/uvbbrasil.com.br\\\/wp-content\\\/uploads\\\/2023\\\/05\\\/22.jpeg\",\"articleSection\":[\"NOT\u00cdCIAS\"],\"inLanguage\":\"pt-BR\",\"potentialAction\":[{\"@type\":\"CommentAction\",\"name\":\"Comment\",\"target\":[\"https:\\\/\\\/uvbbrasil.com.br\\\/uvb-e-mma-realizam-o-1-forum-de-vereadoras-e-vereadores-de-direitos-animais\\\/#respond\"]}]},{\"@type\":\"WebPage\",\"@id\":\"https:\\\/\\\/uvbbrasil.com.br\\\/uvb-e-mma-realizam-o-1-forum-de-vereadoras-e-vereadores-de-direitos-animais\\\/\",\"url\":\"https:\\\/\\\/uvbbrasil.com.br\\\/uvb-e-mma-realizam-o-1-forum-de-vereadoras-e-vereadores-de-direitos-animais\\\/\",\"name\":\"UVB e MMA realizam o 1\u00b0 F\u00f3rum de vereadoras e vereadores de Direitos Animais - UVB Brasil\",\"isPartOf\":{\"@id\":\"https:\\\/\\\/uvbbrasil.com.br\\\/#website\"},\"primaryImageOfPage\":{\"@id\":\"https:\\\/\\\/uvbbrasil.com.br\\\/uvb-e-mma-realizam-o-1-forum-de-vereadoras-e-vereadores-de-direitos-animais\\\/#primaryimage\"},\"image\":{\"@id\":\"https:\\\/\\\/uvbbrasil.com.br\\\/uvb-e-mma-realizam-o-1-forum-de-vereadoras-e-vereadores-de-direitos-animais\\\/#primaryimage\"},\"thumbnailUrl\":\"https:\\\/\\\/uvbbrasil.com.br\\\/wp-content\\\/uploads\\\/2023\\\/05\\\/22.jpeg\",\"datePublished\":\"2023-05-09T14:50:06+00:00\",\"breadcrumb\":{\"@id\":\"https:\\\/\\\/uvbbrasil.com.br\\\/uvb-e-mma-realizam-o-1-forum-de-vereadoras-e-vereadores-de-direitos-animais\\\/#breadcrumb\"},\"inLanguage\":\"pt-BR\",\"potentialAction\":[{\"@type\":\"ReadAction\",\"target\":[\"https:\\\/\\\/uvbbrasil.com.br\\\/uvb-e-mma-realizam-o-1-forum-de-vereadoras-e-vereadores-de-direitos-animais\\\/\"]}]},{\"@type\":\"ImageObject\",\"inLanguage\":\"pt-BR\",\"@id\":\"https:\\\/\\\/uvbbrasil.com.br\\\/uvb-e-mma-realizam-o-1-forum-de-vereadoras-e-vereadores-de-direitos-animais\\\/#primaryimage\",\"url\":\"https:\\\/\\\/uvbbrasil.com.br\\\/wp-content\\\/uploads\\\/2023\\\/05\\\/22.jpeg\",\"contentUrl\":\"https:\\\/\\\/uvbbrasil.com.br\\\/wp-content\\\/uploads\\\/2023\\\/05\\\/22.jpeg\",\"width\":1248,\"height\":828},{\"@type\":\"BreadcrumbList\",\"@id\":\"https:\\\/\\\/uvbbrasil.com.br\\\/uvb-e-mma-realizam-o-1-forum-de-vereadoras-e-vereadores-de-direitos-animais\\\/#breadcrumb\",\"itemListElement\":[{\"@type\":\"ListItem\",\"position\":1,\"name\":\"In\u00edcio\",\"item\":\"https:\\\/\\\/uvbbrasil.com.br\\\/\"},{\"@type\":\"ListItem\",\"position\":2,\"name\":\"UVB e MMA realizam o 1\u00b0 F\u00f3rum de vereadoras e vereadores de Direitos Animais\"}]},{\"@type\":\"WebSite\",\"@id\":\"https:\\\/\\\/uvbbrasil.com.br\\\/#website\",\"url\":\"https:\\\/\\\/uvbbrasil.com.br\\\/\",\"name\":\"UVB Brasil\",\"description\":\"Uni\u00e3o dos Vereadores do Brasil\",\"publisher\":{\"@id\":\"https:\\\/\\\/uvbbrasil.com.br\\\/#organization\"},\"potentialAction\":[{\"@type\":\"SearchAction\",\"target\":{\"@type\":\"EntryPoint\",\"urlTemplate\":\"https:\\\/\\\/uvbbrasil.com.br\\\/?s={search_term_string}\"},\"query-input\":{\"@type\":\"PropertyValueSpecification\",\"valueRequired\":true,\"valueName\":\"search_term_string\"}}],\"inLanguage\":\"pt-BR\"},{\"@type\":\"Organization\",\"@id\":\"https:\\\/\\\/uvbbrasil.com.br\\\/#organization\",\"name\":\"UVB Brasil\",\"url\":\"https:\\\/\\\/uvbbrasil.com.br\\\/\",\"logo\":{\"@type\":\"ImageObject\",\"inLanguage\":\"pt-BR\",\"@id\":\"https:\\\/\\\/uvbbrasil.com.br\\\/#\\\/schema\\\/logo\\\/image\\\/\",\"url\":\"https:\\\/\\\/uvbbrasil.com.br\\\/wp-content\\\/uploads\\\/2025\\\/01\\\/LOGO-UVB-2024-azul-1.jpg\",\"contentUrl\":\"https:\\\/\\\/uvbbrasil.com.br\\\/wp-content\\\/uploads\\\/2025\\\/01\\\/LOGO-UVB-2024-azul-1.jpg\",\"width\":600,\"height\":211,\"caption\":\"UVB Brasil\"},\"image\":{\"@id\":\"https:\\\/\\\/uvbbrasil.com.br\\\/#\\\/schema\\\/logo\\\/image\\\/\"},\"sameAs\":[\"https:\\\/\\\/www.facebook.com\\\/uvb.vereadoresbrasil\",\"https:\\\/\\\/www.instagram.com\\\/uvbbrasil\\\/\",\"https:\\\/\\\/www.youtube.com\\\/channel\\\/UCIlPQ8Xzw5GHNzosQIg9S5A\"]},{\"@type\":\"Person\",\"@id\":\"https:\\\/\\\/uvbbrasil.com.br\\\/#\\\/schema\\\/person\\\/17990098446c098f52effddff4f1b272\",\"name\":\"adminuvb\",\"image\":{\"@type\":\"ImageObject\",\"inLanguage\":\"pt-BR\",\"@id\":\"https:\\\/\\\/secure.gravatar.com\\\/avatar\\\/1a494ea6f8e2dd1ae526e55b0e9497efdba542491e0620d704cccf63c6f77c45?s=96&d=mm&r=g\",\"url\":\"https:\\\/\\\/secure.gravatar.com\\\/avatar\\\/1a494ea6f8e2dd1ae526e55b0e9497efdba542491e0620d704cccf63c6f77c45?s=96&d=mm&r=g\",\"contentUrl\":\"https:\\\/\\\/secure.gravatar.com\\\/avatar\\\/1a494ea6f8e2dd1ae526e55b0e9497efdba542491e0620d704cccf63c6f77c45?s=96&d=mm&r=g\",\"caption\":\"adminuvb\"},\"sameAs\":[\"https:\\\/\\\/uvbbrasil.com.br\"],\"url\":\"https:\\\/\\\/uvbbrasil.com.br\\\/author\\\/adminuvb\\\/\"}]}<\/script>\n<!-- \/ Yoast SEO plugin. -->","yoast_head_json":{"title":"UVB e MMA realizam o 1\u00b0 F\u00f3rum de vereadoras e vereadores de Direitos Animais - UVB Brasil","robots":{"index":"index","follow":"follow","max-snippet":"max-snippet:-1","max-image-preview":"max-image-preview:large","max-video-preview":"max-video-preview:-1"},"canonical":"https:\/\/uvbbrasil.com.br\/uvb-e-mma-realizam-o-1-forum-de-vereadoras-e-vereadores-de-direitos-animais\/","og_locale":"pt_BR","og_type":"article","og_title":"UVB e MMA realizam o 1\u00b0 F\u00f3rum de vereadoras e vereadores de Direitos Animais - UVB Brasil","og_description":"O evento contou com a participa\u00e7\u00e3o de representantes de todo pa\u00eds Bras\u00edlia (27\/04\/2023) \u2013 O Departamento de Prote\u00e7\u00e3o, Defesa e...","og_url":"https:\/\/uvbbrasil.com.br\/uvb-e-mma-realizam-o-1-forum-de-vereadoras-e-vereadores-de-direitos-animais\/","og_site_name":"UVB Brasil","article_publisher":"https:\/\/www.facebook.com\/uvb.vereadoresbrasil","article_published_time":"2023-05-09T14:50:06+00:00","og_image":[{"width":1248,"height":828,"url":"https:\/\/uvbbrasil.com.br\/wp-content\/uploads\/2023\/05\/22.jpeg","type":"image\/jpeg"}],"author":"adminuvb","twitter_card":"summary_large_image","twitter_misc":{"Escrito por":"adminuvb","Est. tempo de leitura":"6 minutos"},"schema":{"@context":"https:\/\/schema.org","@graph":[{"@type":"Article","@id":"https:\/\/uvbbrasil.com.br\/uvb-e-mma-realizam-o-1-forum-de-vereadoras-e-vereadores-de-direitos-animais\/#article","isPartOf":{"@id":"https:\/\/uvbbrasil.com.br\/uvb-e-mma-realizam-o-1-forum-de-vereadoras-e-vereadores-de-direitos-animais\/"},"author":{"name":"adminuvb","@id":"https:\/\/uvbbrasil.com.br\/#\/schema\/person\/17990098446c098f52effddff4f1b272"},"headline":"UVB e MMA realizam o 1\u00b0 F\u00f3rum de vereadoras e vereadores de Direitos Animais","datePublished":"2023-05-09T14:50:06+00:00","mainEntityOfPage":{"@id":"https:\/\/uvbbrasil.com.br\/uvb-e-mma-realizam-o-1-forum-de-vereadoras-e-vereadores-de-direitos-animais\/"},"wordCount":1122,"commentCount":0,"publisher":{"@id":"https:\/\/uvbbrasil.com.br\/#organization"},"image":{"@id":"https:\/\/uvbbrasil.com.br\/uvb-e-mma-realizam-o-1-forum-de-vereadoras-e-vereadores-de-direitos-animais\/#primaryimage"},"thumbnailUrl":"https:\/\/uvbbrasil.com.br\/wp-content\/uploads\/2023\/05\/22.jpeg","articleSection":["NOT\u00cdCIAS"],"inLanguage":"pt-BR","potentialAction":[{"@type":"CommentAction","name":"Comment","target":["https:\/\/uvbbrasil.com.br\/uvb-e-mma-realizam-o-1-forum-de-vereadoras-e-vereadores-de-direitos-animais\/#respond"]}]},{"@type":"WebPage","@id":"https:\/\/uvbbrasil.com.br\/uvb-e-mma-realizam-o-1-forum-de-vereadoras-e-vereadores-de-direitos-animais\/","url":"https:\/\/uvbbrasil.com.br\/uvb-e-mma-realizam-o-1-forum-de-vereadoras-e-vereadores-de-direitos-animais\/","name":"UVB e MMA realizam o 1\u00b0 F\u00f3rum de vereadoras e vereadores de Direitos Animais - UVB Brasil","isPartOf":{"@id":"https:\/\/uvbbrasil.com.br\/#website"},"primaryImageOfPage":{"@id":"https:\/\/uvbbrasil.com.br\/uvb-e-mma-realizam-o-1-forum-de-vereadoras-e-vereadores-de-direitos-animais\/#primaryimage"},"image":{"@id":"https:\/\/uvbbrasil.com.br\/uvb-e-mma-realizam-o-1-forum-de-vereadoras-e-vereadores-de-direitos-animais\/#primaryimage"},"thumbnailUrl":"https:\/\/uvbbrasil.com.br\/wp-content\/uploads\/2023\/05\/22.jpeg","datePublished":"2023-05-09T14:50:06+00:00","breadcrumb":{"@id":"https:\/\/uvbbrasil.com.br\/uvb-e-mma-realizam-o-1-forum-de-vereadoras-e-vereadores-de-direitos-animais\/#breadcrumb"},"inLanguage":"pt-BR","potentialAction":[{"@type":"ReadAction","target":["https:\/\/uvbbrasil.com.br\/uvb-e-mma-realizam-o-1-forum-de-vereadoras-e-vereadores-de-direitos-animais\/"]}]},{"@type":"ImageObject","inLanguage":"pt-BR","@id":"https:\/\/uvbbrasil.com.br\/uvb-e-mma-realizam-o-1-forum-de-vereadoras-e-vereadores-de-direitos-animais\/#primaryimage","url":"https:\/\/uvbbrasil.com.br\/wp-content\/uploads\/2023\/05\/22.jpeg","contentUrl":"https:\/\/uvbbrasil.com.br\/wp-content\/uploads\/2023\/05\/22.jpeg","width":1248,"height":828},{"@type":"BreadcrumbList","@id":"https:\/\/uvbbrasil.com.br\/uvb-e-mma-realizam-o-1-forum-de-vereadoras-e-vereadores-de-direitos-animais\/#breadcrumb","itemListElement":[{"@type":"ListItem","position":1,"name":"In\u00edcio","item":"https:\/\/uvbbrasil.com.br\/"},{"@type":"ListItem","position":2,"name":"UVB e MMA realizam o 1\u00b0 F\u00f3rum de vereadoras e vereadores de Direitos Animais"}]},{"@type":"WebSite","@id":"https:\/\/uvbbrasil.com.br\/#website","url":"https:\/\/uvbbrasil.com.br\/","name":"UVB Brasil","description":"Uni\u00e3o dos Vereadores do Brasil","publisher":{"@id":"https:\/\/uvbbrasil.com.br\/#organization"},"potentialAction":[{"@type":"SearchAction","target":{"@type":"EntryPoint","urlTemplate":"https:\/\/uvbbrasil.com.br\/?s={search_term_string}"},"query-input":{"@type":"PropertyValueSpecification","valueRequired":true,"valueName":"search_term_string"}}],"inLanguage":"pt-BR"},{"@type":"Organization","@id":"https:\/\/uvbbrasil.com.br\/#organization","name":"UVB Brasil","url":"https:\/\/uvbbrasil.com.br\/","logo":{"@type":"ImageObject","inLanguage":"pt-BR","@id":"https:\/\/uvbbrasil.com.br\/#\/schema\/logo\/image\/","url":"https:\/\/uvbbrasil.com.br\/wp-content\/uploads\/2025\/01\/LOGO-UVB-2024-azul-1.jpg","contentUrl":"https:\/\/uvbbrasil.com.br\/wp-content\/uploads\/2025\/01\/LOGO-UVB-2024-azul-1.jpg","width":600,"height":211,"caption":"UVB Brasil"},"image":{"@id":"https:\/\/uvbbrasil.com.br\/#\/schema\/logo\/image\/"},"sameAs":["https:\/\/www.facebook.com\/uvb.vereadoresbrasil","https:\/\/www.instagram.com\/uvbbrasil\/","https:\/\/www.youtube.com\/channel\/UCIlPQ8Xzw5GHNzosQIg9S5A"]},{"@type":"Person","@id":"https:\/\/uvbbrasil.com.br\/#\/schema\/person\/17990098446c098f52effddff4f1b272","name":"adminuvb","image":{"@type":"ImageObject","inLanguage":"pt-BR","@id":"https:\/\/secure.gravatar.com\/avatar\/1a494ea6f8e2dd1ae526e55b0e9497efdba542491e0620d704cccf63c6f77c45?s=96&d=mm&r=g","url":"https:\/\/secure.gravatar.com\/avatar\/1a494ea6f8e2dd1ae526e55b0e9497efdba542491e0620d704cccf63c6f77c45?s=96&d=mm&r=g","contentUrl":"https:\/\/secure.gravatar.com\/avatar\/1a494ea6f8e2dd1ae526e55b0e9497efdba542491e0620d704cccf63c6f77c45?s=96&d=mm&r=g","caption":"adminuvb"},"sameAs":["https:\/\/uvbbrasil.com.br"],"url":"https:\/\/uvbbrasil.com.br\/author\/adminuvb\/"}]}},"_links":{"self":[{"href":"https:\/\/uvbbrasil.com.br\/uvb-json\/wp\/v2\/posts\/29547","targetHints":{"allow":["GET"]}}],"collection":[{"href":"https:\/\/uvbbrasil.com.br\/uvb-json\/wp\/v2\/posts"}],"about":[{"href":"https:\/\/uvbbrasil.com.br\/uvb-json\/wp\/v2\/types\/post"}],"author":[{"embeddable":true,"href":"https:\/\/uvbbrasil.com.br\/uvb-json\/wp\/v2\/users\/1"}],"replies":[{"embeddable":true,"href":"https:\/\/uvbbrasil.com.br\/uvb-json\/wp\/v2\/comments?post=29547"}],"version-history":[{"count":0,"href":"https:\/\/uvbbrasil.com.br\/uvb-json\/wp\/v2\/posts\/29547\/revisions"}],"wp:featuredmedia":[{"embeddable":true,"href":"https:\/\/uvbbrasil.com.br\/uvb-json\/wp\/v2\/media\/29551"}],"wp:attachment":[{"href":"https:\/\/uvbbrasil.com.br\/uvb-json\/wp\/v2\/media?parent=29547"}],"wp:term":[{"taxonomy":"category","embeddable":true,"href":"https:\/\/uvbbrasil.com.br\/uvb-json\/wp\/v2\/categories?post=29547"},{"taxonomy":"post_tag","embeddable":true,"href":"https:\/\/uvbbrasil.com.br\/uvb-json\/wp\/v2\/tags?post=29547"}],"curies":[{"name":"wp","href":"https:\/\/api.w.org\/{rel}","templated":true}]}}