{"id":29132,"date":"2023-04-17T11:04:24","date_gmt":"2023-04-17T14:04:24","guid":{"rendered":"https:\/\/wpsandbox4.pante.com.br\/?p=29132"},"modified":"2023-04-17T11:04:24","modified_gmt":"2023-04-17T14:04:24","slug":"costa-rica-ms-camara-aprova-projeto-que-concede-auxilio-aluguel-as-mulheres-vitimas-de-violencia-domestica","status":"publish","type":"post","link":"https:\/\/uvbbrasil.com.br\/costa-rica-ms-camara-aprova-projeto-que-concede-auxilio-aluguel-as-mulheres-vitimas-de-violencia-domestica\/","title":{"rendered":"Costa Rica\/MS-C\u00e2mara aprova projeto que concede aux\u00edlio-aluguel \u00e0s mulheres v\u00edtimas de viol\u00eancia dom\u00e9stica"},"content":{"rendered":"<div class=\"foto\">\n<p class=\"chapeu\"><span style=\"color: #666666; font-family: 'Open Sans', sans-serif; font-size: 16px;\">De autoria da Mesa Diretora da C\u00e2mara, os vereadores aprovaram nesta segunda-feira (10) o <\/span><a class=\"attach_842\" style=\"font-family: 'Open Sans', sans-serif; font-size: 16px;\" title=\"842\">Projeto de Lei n\u00b0 478\/23<\/a><span style=\"color: #666666; font-family: 'Open Sans', sans-serif; font-size: 16px;\">\u00a0que autoriza o Poder Executivo a instituir e financiar programa de pagamento de aux\u00edlio-aluguel \u00e0s mulheres v\u00edtimas de viol\u00eancia dom\u00e9stica, residentes no munic\u00edpio de Costa Rica.<\/span><\/p>\n<\/div>\n<div class=\"noticia row\">\n<div class=\"texto\">\n<p>O aux\u00edlio-aluguel ser\u00e1 destinado \u00e0 mulher que por conta da viol\u00eancia dom\u00e9stica sofrida e como medida de seguran\u00e7a n\u00e3o possa retornar ao seu lar. O mesmo ser\u00e1 concedido por per\u00edodo n\u00e3o superior a seis meses.<\/p>\n<p>Para receber o aux\u00edlio a v\u00edtima dever\u00e1 atender aos seguintes crit\u00e9rios: comprovar ter renda familiar n\u00e3o superior a 2 (dois) sal\u00e1rios m\u00ednimos; ser residente e domiciliada no munic\u00edpio de Costa Rica; ter a seu favor medida protetiva expedida de acordo com a Lei Federal n. 11.340, de 7 de agosto de 2006 &#8211; Lei Maria da Penha; e comprovar estar em situa\u00e7\u00e3o de vulnerabilidade socioecon\u00f4mica que a inviabilize de arcar com suas despesas de moradia.<\/p>\n<p>O texto prev\u00ea ainda, a prioridade da concess\u00e3o do aux\u00edlio-aluguel para a mulher em situa\u00e7\u00e3o de vulnerabilidade que possuir dois ou mais filhos menores.<\/p>\n<p>Uma das autoras da proposta, a vereadora vice-presidente Ros\u00e2ngela Mar\u00e7al ressaltou que muitas v\u00edtimas de viol\u00eancia dom\u00e9stica n\u00e3o possuem renda suficiente para arcar com as despesas de uma moradia ou necessitam deixar a casa de forma repentina.<\/p>\n<p>\u201cEssa medida vai proporcionar mais seguran\u00e7a \u00e0s mulheres que sofreram agress\u00f5es e tem medidas protetivas, al\u00e9m disso esta ajuda ser\u00e1 concedida independentemente da concess\u00e3o de outros benef\u00edcios sociais\u201d, explicou Ros\u00e2ngela.<\/p>\n<p>O 1\u00b0 secret\u00e1rio Averaldo Barbosa falou ainda dos altos \u00edndices de viol\u00eancia dom\u00e9stica no estado e no munic\u00edpio. \u201cEstamos trabalhando para cada vez mais darmos suporte \u00e0s mulheres do munic\u00edpio, e este projeto \u00e9 mais um instrumento que a Secretaria de Pol\u00edticas P\u00fablicas para Mulheres poder\u00e1 utilizar para proteg\u00ea-las\u201d, disse Averaldo.<\/p>\n<p>O PL 478\/23 foi aprovadu durante a 11\u00aa sess\u00e3o e aguarda a san\u00e7\u00e3o do prefeito de Costa Rica, Cleverson Alves dos Santos.<\/p>\n<p><img fetchpriority=\"high\" decoding=\"async\" class=\"alignnone size-medium wp-image-29133\" src=\"https:\/\/uvbbrasil.com.br\/wp-content\/uploads\/2023\/04\/capa_aluguel_social_FEED-300x181.jpg\" alt=\"\" width=\"300\" height=\"181\" srcset=\"https:\/\/uvbbrasil.com.br\/wp-content\/uploads\/2023\/04\/capa_aluguel_social_FEED-300x181.jpg 300w, https:\/\/uvbbrasil.com.br\/wp-content\/uploads\/2023\/04\/capa_aluguel_social_FEED.jpg 570w\" sizes=\"(max-width: 300px) 100vw, 300px\" \/><\/p>\n<\/div>\n<\/div>\n","protected":false},"excerpt":{"rendered":"<p>De autoria da Mesa Diretora da C\u00e2mara, os vereadores aprovaram nesta segunda-feira (10) o Projeto de Lei n\u00b0 478\/23\u00a0que autoriza&#8230;<\/p>\n","protected":false},"author":1,"featured_media":29133,"comment_status":"open","ping_status":"open","sticky":false,"template":"","format":"standard","meta":{"footnotes":""},"categories":[3],"tags":[],"class_list":["post-29132","post","type-post","status-publish","format-standard","has-post-thumbnail","hentry","category-noticias"],"yoast_head":"<!-- This site is optimized with the Yoast SEO plugin v27.5 - https:\/\/yoast.com\/product\/yoast-seo-wordpress\/ -->\n<title>Costa Rica\/MS-C\u00e2mara aprova projeto que concede aux\u00edlio-aluguel \u00e0s mulheres v\u00edtimas de viol\u00eancia dom\u00e9stica - UVB Brasil<\/title>\n<meta name=\"robots\" content=\"index, follow, max-snippet:-1, max-image-preview:large, max-video-preview:-1\" \/>\n<link rel=\"canonical\" href=\"https:\/\/uvbbrasil.com.br\/costa-rica-ms-camara-aprova-projeto-que-concede-auxilio-aluguel-as-mulheres-vitimas-de-violencia-domestica\/\" \/>\n<meta property=\"og:locale\" content=\"pt_BR\" \/>\n<meta property=\"og:type\" content=\"article\" \/>\n<meta property=\"og:title\" content=\"Costa Rica\/MS-C\u00e2mara aprova projeto que concede aux\u00edlio-aluguel \u00e0s mulheres v\u00edtimas de viol\u00eancia dom\u00e9stica - UVB Brasil\" \/>\n<meta property=\"og:description\" content=\"De autoria da Mesa Diretora da C\u00e2mara, os vereadores aprovaram nesta segunda-feira (10) o Projeto de Lei n\u00b0 478\/23\u00a0que autoriza...\" \/>\n<meta property=\"og:url\" content=\"https:\/\/uvbbrasil.com.br\/costa-rica-ms-camara-aprova-projeto-que-concede-auxilio-aluguel-as-mulheres-vitimas-de-violencia-domestica\/\" \/>\n<meta property=\"og:site_name\" content=\"UVB Brasil\" \/>\n<meta property=\"article:publisher\" content=\"https:\/\/www.facebook.com\/uvb.vereadoresbrasil\" \/>\n<meta property=\"article:published_time\" content=\"2023-04-17T14:04:24+00:00\" \/>\n<meta property=\"og:image\" content=\"https:\/\/uvbbrasil.com.br\/wp-content\/uploads\/2023\/04\/capa_aluguel_social_FEED.jpg\" \/>\n\t<meta property=\"og:image:width\" content=\"570\" \/>\n\t<meta property=\"og:image:height\" content=\"343\" \/>\n\t<meta property=\"og:image:type\" content=\"image\/jpeg\" \/>\n<meta name=\"author\" content=\"adminuvb\" \/>\n<meta name=\"twitter:card\" content=\"summary_large_image\" \/>\n<meta name=\"twitter:label1\" content=\"Escrito por\" \/>\n\t<meta name=\"twitter:data1\" content=\"adminuvb\" \/>\n\t<meta name=\"twitter:label2\" content=\"Est. tempo de leitura\" \/>\n\t<meta name=\"twitter:data2\" content=\"2 minutos\" \/>\n<script type=\"application\/ld+json\" class=\"yoast-schema-graph\">{\"@context\":\"https:\\\/\\\/schema.org\",\"@graph\":[{\"@type\":\"Article\",\"@id\":\"https:\\\/\\\/uvbbrasil.com.br\\\/costa-rica-ms-camara-aprova-projeto-que-concede-auxilio-aluguel-as-mulheres-vitimas-de-violencia-domestica\\\/#article\",\"isPartOf\":{\"@id\":\"https:\\\/\\\/uvbbrasil.com.br\\\/costa-rica-ms-camara-aprova-projeto-que-concede-auxilio-aluguel-as-mulheres-vitimas-de-violencia-domestica\\\/\"},\"author\":{\"name\":\"adminuvb\",\"@id\":\"https:\\\/\\\/uvbbrasil.com.br\\\/#\\\/schema\\\/person\\\/17990098446c098f52effddff4f1b272\"},\"headline\":\"Costa Rica\\\/MS-C\u00e2mara aprova projeto que concede aux\u00edlio-aluguel \u00e0s mulheres v\u00edtimas de viol\u00eancia dom\u00e9stica\",\"datePublished\":\"2023-04-17T14:04:24+00:00\",\"mainEntityOfPage\":{\"@id\":\"https:\\\/\\\/uvbbrasil.com.br\\\/costa-rica-ms-camara-aprova-projeto-que-concede-auxilio-aluguel-as-mulheres-vitimas-de-violencia-domestica\\\/\"},\"wordCount\":374,\"commentCount\":0,\"publisher\":{\"@id\":\"https:\\\/\\\/uvbbrasil.com.br\\\/#organization\"},\"image\":{\"@id\":\"https:\\\/\\\/uvbbrasil.com.br\\\/costa-rica-ms-camara-aprova-projeto-que-concede-auxilio-aluguel-as-mulheres-vitimas-de-violencia-domestica\\\/#primaryimage\"},\"thumbnailUrl\":\"https:\\\/\\\/uvbbrasil.com.br\\\/wp-content\\\/uploads\\\/2023\\\/04\\\/capa_aluguel_social_FEED.jpg\",\"articleSection\":[\"NOT\u00cdCIAS\"],\"inLanguage\":\"pt-BR\",\"potentialAction\":[{\"@type\":\"CommentAction\",\"name\":\"Comment\",\"target\":[\"https:\\\/\\\/uvbbrasil.com.br\\\/costa-rica-ms-camara-aprova-projeto-que-concede-auxilio-aluguel-as-mulheres-vitimas-de-violencia-domestica\\\/#respond\"]}]},{\"@type\":\"WebPage\",\"@id\":\"https:\\\/\\\/uvbbrasil.com.br\\\/costa-rica-ms-camara-aprova-projeto-que-concede-auxilio-aluguel-as-mulheres-vitimas-de-violencia-domestica\\\/\",\"url\":\"https:\\\/\\\/uvbbrasil.com.br\\\/costa-rica-ms-camara-aprova-projeto-que-concede-auxilio-aluguel-as-mulheres-vitimas-de-violencia-domestica\\\/\",\"name\":\"Costa Rica\\\/MS-C\u00e2mara aprova projeto que concede aux\u00edlio-aluguel \u00e0s mulheres v\u00edtimas de viol\u00eancia dom\u00e9stica - UVB Brasil\",\"isPartOf\":{\"@id\":\"https:\\\/\\\/uvbbrasil.com.br\\\/#website\"},\"primaryImageOfPage\":{\"@id\":\"https:\\\/\\\/uvbbrasil.com.br\\\/costa-rica-ms-camara-aprova-projeto-que-concede-auxilio-aluguel-as-mulheres-vitimas-de-violencia-domestica\\\/#primaryimage\"},\"image\":{\"@id\":\"https:\\\/\\\/uvbbrasil.com.br\\\/costa-rica-ms-camara-aprova-projeto-que-concede-auxilio-aluguel-as-mulheres-vitimas-de-violencia-domestica\\\/#primaryimage\"},\"thumbnailUrl\":\"https:\\\/\\\/uvbbrasil.com.br\\\/wp-content\\\/uploads\\\/2023\\\/04\\\/capa_aluguel_social_FEED.jpg\",\"datePublished\":\"2023-04-17T14:04:24+00:00\",\"breadcrumb\":{\"@id\":\"https:\\\/\\\/uvbbrasil.com.br\\\/costa-rica-ms-camara-aprova-projeto-que-concede-auxilio-aluguel-as-mulheres-vitimas-de-violencia-domestica\\\/#breadcrumb\"},\"inLanguage\":\"pt-BR\",\"potentialAction\":[{\"@type\":\"ReadAction\",\"target\":[\"https:\\\/\\\/uvbbrasil.com.br\\\/costa-rica-ms-camara-aprova-projeto-que-concede-auxilio-aluguel-as-mulheres-vitimas-de-violencia-domestica\\\/\"]}]},{\"@type\":\"ImageObject\",\"inLanguage\":\"pt-BR\",\"@id\":\"https:\\\/\\\/uvbbrasil.com.br\\\/costa-rica-ms-camara-aprova-projeto-que-concede-auxilio-aluguel-as-mulheres-vitimas-de-violencia-domestica\\\/#primaryimage\",\"url\":\"https:\\\/\\\/uvbbrasil.com.br\\\/wp-content\\\/uploads\\\/2023\\\/04\\\/capa_aluguel_social_FEED.jpg\",\"contentUrl\":\"https:\\\/\\\/uvbbrasil.com.br\\\/wp-content\\\/uploads\\\/2023\\\/04\\\/capa_aluguel_social_FEED.jpg\",\"width\":570,\"height\":343},{\"@type\":\"BreadcrumbList\",\"@id\":\"https:\\\/\\\/uvbbrasil.com.br\\\/costa-rica-ms-camara-aprova-projeto-que-concede-auxilio-aluguel-as-mulheres-vitimas-de-violencia-domestica\\\/#breadcrumb\",\"itemListElement\":[{\"@type\":\"ListItem\",\"position\":1,\"name\":\"In\u00edcio\",\"item\":\"https:\\\/\\\/uvbbrasil.com.br\\\/\"},{\"@type\":\"ListItem\",\"position\":2,\"name\":\"Costa Rica\\\/MS-C\u00e2mara aprova projeto que concede aux\u00edlio-aluguel \u00e0s mulheres v\u00edtimas de viol\u00eancia dom\u00e9stica\"}]},{\"@type\":\"WebSite\",\"@id\":\"https:\\\/\\\/uvbbrasil.com.br\\\/#website\",\"url\":\"https:\\\/\\\/uvbbrasil.com.br\\\/\",\"name\":\"UVB Brasil\",\"description\":\"Uni\u00e3o dos Vereadores do Brasil\",\"publisher\":{\"@id\":\"https:\\\/\\\/uvbbrasil.com.br\\\/#organization\"},\"potentialAction\":[{\"@type\":\"SearchAction\",\"target\":{\"@type\":\"EntryPoint\",\"urlTemplate\":\"https:\\\/\\\/uvbbrasil.com.br\\\/?s={search_term_string}\"},\"query-input\":{\"@type\":\"PropertyValueSpecification\",\"valueRequired\":true,\"valueName\":\"search_term_string\"}}],\"inLanguage\":\"pt-BR\"},{\"@type\":\"Organization\",\"@id\":\"https:\\\/\\\/uvbbrasil.com.br\\\/#organization\",\"name\":\"UVB Brasil\",\"url\":\"https:\\\/\\\/uvbbrasil.com.br\\\/\",\"logo\":{\"@type\":\"ImageObject\",\"inLanguage\":\"pt-BR\",\"@id\":\"https:\\\/\\\/uvbbrasil.com.br\\\/#\\\/schema\\\/logo\\\/image\\\/\",\"url\":\"https:\\\/\\\/uvbbrasil.com.br\\\/wp-content\\\/uploads\\\/2025\\\/01\\\/LOGO-UVB-2024-azul-1.jpg\",\"contentUrl\":\"https:\\\/\\\/uvbbrasil.com.br\\\/wp-content\\\/uploads\\\/2025\\\/01\\\/LOGO-UVB-2024-azul-1.jpg\",\"width\":600,\"height\":211,\"caption\":\"UVB Brasil\"},\"image\":{\"@id\":\"https:\\\/\\\/uvbbrasil.com.br\\\/#\\\/schema\\\/logo\\\/image\\\/\"},\"sameAs\":[\"https:\\\/\\\/www.facebook.com\\\/uvb.vereadoresbrasil\",\"https:\\\/\\\/www.instagram.com\\\/uvbbrasil\\\/\",\"https:\\\/\\\/www.youtube.com\\\/channel\\\/UCIlPQ8Xzw5GHNzosQIg9S5A\"]},{\"@type\":\"Person\",\"@id\":\"https:\\\/\\\/uvbbrasil.com.br\\\/#\\\/schema\\\/person\\\/17990098446c098f52effddff4f1b272\",\"name\":\"adminuvb\",\"image\":{\"@type\":\"ImageObject\",\"inLanguage\":\"pt-BR\",\"@id\":\"https:\\\/\\\/secure.gravatar.com\\\/avatar\\\/1a494ea6f8e2dd1ae526e55b0e9497efdba542491e0620d704cccf63c6f77c45?s=96&d=mm&r=g\",\"url\":\"https:\\\/\\\/secure.gravatar.com\\\/avatar\\\/1a494ea6f8e2dd1ae526e55b0e9497efdba542491e0620d704cccf63c6f77c45?s=96&d=mm&r=g\",\"contentUrl\":\"https:\\\/\\\/secure.gravatar.com\\\/avatar\\\/1a494ea6f8e2dd1ae526e55b0e9497efdba542491e0620d704cccf63c6f77c45?s=96&d=mm&r=g\",\"caption\":\"adminuvb\"},\"sameAs\":[\"https:\\\/\\\/uvbbrasil.com.br\"],\"url\":\"https:\\\/\\\/uvbbrasil.com.br\\\/author\\\/adminuvb\\\/\"}]}<\/script>\n<!-- \/ Yoast SEO plugin. -->","yoast_head_json":{"title":"Costa Rica\/MS-C\u00e2mara aprova projeto que concede aux\u00edlio-aluguel \u00e0s mulheres v\u00edtimas de viol\u00eancia dom\u00e9stica - UVB Brasil","robots":{"index":"index","follow":"follow","max-snippet":"max-snippet:-1","max-image-preview":"max-image-preview:large","max-video-preview":"max-video-preview:-1"},"canonical":"https:\/\/uvbbrasil.com.br\/costa-rica-ms-camara-aprova-projeto-que-concede-auxilio-aluguel-as-mulheres-vitimas-de-violencia-domestica\/","og_locale":"pt_BR","og_type":"article","og_title":"Costa Rica\/MS-C\u00e2mara aprova projeto que concede aux\u00edlio-aluguel \u00e0s mulheres v\u00edtimas de viol\u00eancia dom\u00e9stica - UVB Brasil","og_description":"De autoria da Mesa Diretora da C\u00e2mara, os vereadores aprovaram nesta segunda-feira (10) o Projeto de Lei n\u00b0 478\/23\u00a0que autoriza...","og_url":"https:\/\/uvbbrasil.com.br\/costa-rica-ms-camara-aprova-projeto-que-concede-auxilio-aluguel-as-mulheres-vitimas-de-violencia-domestica\/","og_site_name":"UVB Brasil","article_publisher":"https:\/\/www.facebook.com\/uvb.vereadoresbrasil","article_published_time":"2023-04-17T14:04:24+00:00","og_image":[{"width":570,"height":343,"url":"https:\/\/uvbbrasil.com.br\/wp-content\/uploads\/2023\/04\/capa_aluguel_social_FEED.jpg","type":"image\/jpeg"}],"author":"adminuvb","twitter_card":"summary_large_image","twitter_misc":{"Escrito por":"adminuvb","Est. tempo de leitura":"2 minutos"},"schema":{"@context":"https:\/\/schema.org","@graph":[{"@type":"Article","@id":"https:\/\/uvbbrasil.com.br\/costa-rica-ms-camara-aprova-projeto-que-concede-auxilio-aluguel-as-mulheres-vitimas-de-violencia-domestica\/#article","isPartOf":{"@id":"https:\/\/uvbbrasil.com.br\/costa-rica-ms-camara-aprova-projeto-que-concede-auxilio-aluguel-as-mulheres-vitimas-de-violencia-domestica\/"},"author":{"name":"adminuvb","@id":"https:\/\/uvbbrasil.com.br\/#\/schema\/person\/17990098446c098f52effddff4f1b272"},"headline":"Costa Rica\/MS-C\u00e2mara aprova projeto que concede aux\u00edlio-aluguel \u00e0s mulheres v\u00edtimas de viol\u00eancia dom\u00e9stica","datePublished":"2023-04-17T14:04:24+00:00","mainEntityOfPage":{"@id":"https:\/\/uvbbrasil.com.br\/costa-rica-ms-camara-aprova-projeto-que-concede-auxilio-aluguel-as-mulheres-vitimas-de-violencia-domestica\/"},"wordCount":374,"commentCount":0,"publisher":{"@id":"https:\/\/uvbbrasil.com.br\/#organization"},"image":{"@id":"https:\/\/uvbbrasil.com.br\/costa-rica-ms-camara-aprova-projeto-que-concede-auxilio-aluguel-as-mulheres-vitimas-de-violencia-domestica\/#primaryimage"},"thumbnailUrl":"https:\/\/uvbbrasil.com.br\/wp-content\/uploads\/2023\/04\/capa_aluguel_social_FEED.jpg","articleSection":["NOT\u00cdCIAS"],"inLanguage":"pt-BR","potentialAction":[{"@type":"CommentAction","name":"Comment","target":["https:\/\/uvbbrasil.com.br\/costa-rica-ms-camara-aprova-projeto-que-concede-auxilio-aluguel-as-mulheres-vitimas-de-violencia-domestica\/#respond"]}]},{"@type":"WebPage","@id":"https:\/\/uvbbrasil.com.br\/costa-rica-ms-camara-aprova-projeto-que-concede-auxilio-aluguel-as-mulheres-vitimas-de-violencia-domestica\/","url":"https:\/\/uvbbrasil.com.br\/costa-rica-ms-camara-aprova-projeto-que-concede-auxilio-aluguel-as-mulheres-vitimas-de-violencia-domestica\/","name":"Costa Rica\/MS-C\u00e2mara aprova projeto que concede aux\u00edlio-aluguel \u00e0s mulheres v\u00edtimas de viol\u00eancia dom\u00e9stica - UVB Brasil","isPartOf":{"@id":"https:\/\/uvbbrasil.com.br\/#website"},"primaryImageOfPage":{"@id":"https:\/\/uvbbrasil.com.br\/costa-rica-ms-camara-aprova-projeto-que-concede-auxilio-aluguel-as-mulheres-vitimas-de-violencia-domestica\/#primaryimage"},"image":{"@id":"https:\/\/uvbbrasil.com.br\/costa-rica-ms-camara-aprova-projeto-que-concede-auxilio-aluguel-as-mulheres-vitimas-de-violencia-domestica\/#primaryimage"},"thumbnailUrl":"https:\/\/uvbbrasil.com.br\/wp-content\/uploads\/2023\/04\/capa_aluguel_social_FEED.jpg","datePublished":"2023-04-17T14:04:24+00:00","breadcrumb":{"@id":"https:\/\/uvbbrasil.com.br\/costa-rica-ms-camara-aprova-projeto-que-concede-auxilio-aluguel-as-mulheres-vitimas-de-violencia-domestica\/#breadcrumb"},"inLanguage":"pt-BR","potentialAction":[{"@type":"ReadAction","target":["https:\/\/uvbbrasil.com.br\/costa-rica-ms-camara-aprova-projeto-que-concede-auxilio-aluguel-as-mulheres-vitimas-de-violencia-domestica\/"]}]},{"@type":"ImageObject","inLanguage":"pt-BR","@id":"https:\/\/uvbbrasil.com.br\/costa-rica-ms-camara-aprova-projeto-que-concede-auxilio-aluguel-as-mulheres-vitimas-de-violencia-domestica\/#primaryimage","url":"https:\/\/uvbbrasil.com.br\/wp-content\/uploads\/2023\/04\/capa_aluguel_social_FEED.jpg","contentUrl":"https:\/\/uvbbrasil.com.br\/wp-content\/uploads\/2023\/04\/capa_aluguel_social_FEED.jpg","width":570,"height":343},{"@type":"BreadcrumbList","@id":"https:\/\/uvbbrasil.com.br\/costa-rica-ms-camara-aprova-projeto-que-concede-auxilio-aluguel-as-mulheres-vitimas-de-violencia-domestica\/#breadcrumb","itemListElement":[{"@type":"ListItem","position":1,"name":"In\u00edcio","item":"https:\/\/uvbbrasil.com.br\/"},{"@type":"ListItem","position":2,"name":"Costa Rica\/MS-C\u00e2mara aprova projeto que concede aux\u00edlio-aluguel \u00e0s mulheres v\u00edtimas de viol\u00eancia dom\u00e9stica"}]},{"@type":"WebSite","@id":"https:\/\/uvbbrasil.com.br\/#website","url":"https:\/\/uvbbrasil.com.br\/","name":"UVB Brasil","description":"Uni\u00e3o dos Vereadores do Brasil","publisher":{"@id":"https:\/\/uvbbrasil.com.br\/#organization"},"potentialAction":[{"@type":"SearchAction","target":{"@type":"EntryPoint","urlTemplate":"https:\/\/uvbbrasil.com.br\/?s={search_term_string}"},"query-input":{"@type":"PropertyValueSpecification","valueRequired":true,"valueName":"search_term_string"}}],"inLanguage":"pt-BR"},{"@type":"Organization","@id":"https:\/\/uvbbrasil.com.br\/#organization","name":"UVB Brasil","url":"https:\/\/uvbbrasil.com.br\/","logo":{"@type":"ImageObject","inLanguage":"pt-BR","@id":"https:\/\/uvbbrasil.com.br\/#\/schema\/logo\/image\/","url":"https:\/\/uvbbrasil.com.br\/wp-content\/uploads\/2025\/01\/LOGO-UVB-2024-azul-1.jpg","contentUrl":"https:\/\/uvbbrasil.com.br\/wp-content\/uploads\/2025\/01\/LOGO-UVB-2024-azul-1.jpg","width":600,"height":211,"caption":"UVB Brasil"},"image":{"@id":"https:\/\/uvbbrasil.com.br\/#\/schema\/logo\/image\/"},"sameAs":["https:\/\/www.facebook.com\/uvb.vereadoresbrasil","https:\/\/www.instagram.com\/uvbbrasil\/","https:\/\/www.youtube.com\/channel\/UCIlPQ8Xzw5GHNzosQIg9S5A"]},{"@type":"Person","@id":"https:\/\/uvbbrasil.com.br\/#\/schema\/person\/17990098446c098f52effddff4f1b272","name":"adminuvb","image":{"@type":"ImageObject","inLanguage":"pt-BR","@id":"https:\/\/secure.gravatar.com\/avatar\/1a494ea6f8e2dd1ae526e55b0e9497efdba542491e0620d704cccf63c6f77c45?s=96&d=mm&r=g","url":"https:\/\/secure.gravatar.com\/avatar\/1a494ea6f8e2dd1ae526e55b0e9497efdba542491e0620d704cccf63c6f77c45?s=96&d=mm&r=g","contentUrl":"https:\/\/secure.gravatar.com\/avatar\/1a494ea6f8e2dd1ae526e55b0e9497efdba542491e0620d704cccf63c6f77c45?s=96&d=mm&r=g","caption":"adminuvb"},"sameAs":["https:\/\/uvbbrasil.com.br"],"url":"https:\/\/uvbbrasil.com.br\/author\/adminuvb\/"}]}},"_links":{"self":[{"href":"https:\/\/uvbbrasil.com.br\/uvb-json\/wp\/v2\/posts\/29132","targetHints":{"allow":["GET"]}}],"collection":[{"href":"https:\/\/uvbbrasil.com.br\/uvb-json\/wp\/v2\/posts"}],"about":[{"href":"https:\/\/uvbbrasil.com.br\/uvb-json\/wp\/v2\/types\/post"}],"author":[{"embeddable":true,"href":"https:\/\/uvbbrasil.com.br\/uvb-json\/wp\/v2\/users\/1"}],"replies":[{"embeddable":true,"href":"https:\/\/uvbbrasil.com.br\/uvb-json\/wp\/v2\/comments?post=29132"}],"version-history":[{"count":0,"href":"https:\/\/uvbbrasil.com.br\/uvb-json\/wp\/v2\/posts\/29132\/revisions"}],"wp:featuredmedia":[{"embeddable":true,"href":"https:\/\/uvbbrasil.com.br\/uvb-json\/wp\/v2\/media\/29133"}],"wp:attachment":[{"href":"https:\/\/uvbbrasil.com.br\/uvb-json\/wp\/v2\/media?parent=29132"}],"wp:term":[{"taxonomy":"category","embeddable":true,"href":"https:\/\/uvbbrasil.com.br\/uvb-json\/wp\/v2\/categories?post=29132"},{"taxonomy":"post_tag","embeddable":true,"href":"https:\/\/uvbbrasil.com.br\/uvb-json\/wp\/v2\/tags?post=29132"}],"curies":[{"name":"wp","href":"https:\/\/api.w.org\/{rel}","templated":true}]}}