{"id":28948,"date":"2023-03-25T07:21:04","date_gmt":"2023-03-25T10:21:04","guid":{"rendered":"https:\/\/wpsandbox4.pante.com.br\/?p=28948"},"modified":"2023-03-25T07:21:04","modified_gmt":"2023-03-25T10:21:04","slug":"camara-de-marechal-floriano-es-realiza-inauguracoes-em-homenagem-a-nomes-da-historia-politica-do-municipio","status":"publish","type":"post","link":"https:\/\/uvbbrasil.com.br\/camara-de-marechal-floriano-es-realiza-inauguracoes-em-homenagem-a-nomes-da-historia-politica-do-municipio\/","title":{"rendered":"C\u00e2mara de Marechal Floriano\/ES realiza\u00a0 inaugura\u00e7\u00f5es em homenagem a nomes da Hist\u00f3ria Pol\u00edtica do Munic\u00edpio"},"content":{"rendered":"<p>A C\u00e2mara Municipal de Marechal Floriano\/ES, realizou uma noite de inaugura\u00e7\u00f5es voltadas a homenagens de grandes nomes que fizeram parte da hist\u00f3ria pol\u00edtica de Marechal Floriano e desta Casa de Leis.<\/p>\n<p>Na ocasi\u00e3o, o Presidente da C\u00e2mara de Marechal Floriano, o Vereador Cezar Tadeu Ronchi Junior chamou para compor a mesa do Plen\u00e1rio \u201cPedro Schunk\u201d o Pesquisador e Historiador, Jair Littig, os representantes da Academia Florianense de Hist\u00f3ria, Artes e Letras (AFHAL), decanos Oberdan Pereira, cadeira n\u00famero 20 e Marcos Bitencourt, cadeira n\u00famero 04, a Diretora da Escola Vict\u00f3rio Bravim, Liane Catelan Bravim, o Professor e curador da Biblioteca Legislativa Municipal, Valmere Santana, o bisneto de Philipp Endlich, Enildo Cardoso, a filha de Joaquim Stein, Anne Mary da Costa Stein e seu esposo o Comandante da 6\u00aa\u00a0<em>Companhia<\/em>\u00a0Independente de Pol\u00edcia Militar &#8211; ES, Major Edinei Balbino de Souza.<\/p>\n<p>Acesse o link para assistir\u00a0ao v\u00eddeo da cobertura do evento:\u00a0<strong><a class=\"external-link\" title=\"\" href=\"https:\/\/www.youtube.com\/live\/IbHijAriHRc?feature=share\" target=\"_self\" rel=\"noopener\">Clique Aqui<\/a><\/strong><\/p>\n<p>A primeira inaugura\u00e7\u00e3o foi o busto de Philipp Endlich, obra do escultor capixaba e morador de Araguaya, Hipp\u00f3lito Alves. No momento, o Vereador Cezinha Ronchi, fez o convite para se juntarem a ele, a bisneta do homenageado e o pesquisador Jair Littig, que narrou um pouco da hist\u00f3ria de Philipp Endlich.<\/p>\n<p>Posteriormente, foi feita a inaugura\u00e7\u00e3o da Galeria dos Presidentes \u201cJos\u00e9 Joaquim Stein\u201d, Joaquim Stein foi Vereador por cinco mandatos e Presidente por quatro bi\u00eanios,\u00a0fotos dos Presidentes que passaram por aqui e fizeram parte da hist\u00f3ria desde 1869.\u00a0 No momento, o convite feito pelo atual Presidente, Cezinha Ronchi, foi dirigido \u00e0 filha do ex-vereador, Anne Mary da Costa Stein e ao Comandante da Policia Militar, Major Edinei Balbino de Souza.<\/p>\n<p>A noite se encaminhou para o fim com a inaugura\u00e7\u00e3o do Espa\u00e7o do Empreendedor Vereador \u201cJacinto Catelan Junior\u201d do \u201cEspa\u00e7o Cidad\u00e3o\u201d, que oferece diversos servi\u00e7os aos Mun\u00edcipes. Sendo a \u00faltima apresenta\u00e7\u00e3o da noite, a Biblioteca Legislativa Municipal, que conta com diversos exemplares dispon\u00edveis.<\/p>\n<p>Para o Presidente da C\u00e2mara Municipal o vereador Cezinha Ronchi a noite foi de muita alegria e emo\u00e7\u00e3o por parte da fam\u00edlia dos Homenageados. \u201cEsse dia foi marcado com muita emo\u00e7\u00e3o nesta Casa de Leis, na qual foi \u00e0 inaugura\u00e7\u00e3o do busto do Primeiro Vereador e Primeiro Prefeito Imigrante alem\u00e3o do Estado do Esp\u00edrito Santo no per\u00edodo Republicano, Philipp Endlich, morador da ent\u00e3o Vila do Bra\u00e7o do Sul hoje Marechal Floriano. Com a presen\u00e7a de descendentes, do Pesquisador Jair Littig, membros da Academia Florianense de Hist\u00f3ria, Artes e Letras e demais convidados. Obra de arte do escultor Hipp\u00f3lito Alves. Sua fam\u00edlia doou o terreno para a constru\u00e7\u00e3o da Igreja e Cemit\u00e9rio de Marechal Floriano, foi respons\u00e1vel pelo primeiro cal\u00e7amento do Munic\u00edpio, um homem a frente de seu tempo. Marechal Floriano um relic\u00e1rio cultural. A nossa Casa de Leis leva o nome dele. A inaugura\u00e7\u00e3o do Espa\u00e7o do Empreendedor Vereador Jacinto Catelan J\u00fanior (Jacintinho). Esta sendo uma conquista para os Empreendedores do Munic\u00edpio onde s\u00e3o oferecidos diversos servi\u00e7os de utilidade p\u00fablica, um projeto piloto no Estado do Esp\u00edrito Santo em termos de C\u00e2mara Municipal. A Galeria Legislativa dos Presidentes de C\u00e2mara Joaquim Stein. Foi muito importante a presen\u00e7a da Filha do Homenageado Ane Stein e seu esposo. Uma Homenagem a quem comandou nossa C\u00e2mara em 4 oportunidades\u201d, destacou Cezinha Ronchi.<\/p>\n<p>Finalizando a cerim\u00f4nia de inaugura\u00e7\u00e3o, os convidados puderam degustar de um lanche preparado e organizado pelos servidores da Casa de Leis.<\/p>\n<p><b>Biografia de Philip Endlich<\/b><\/p>\n<p>A fam\u00edlia Endlich partiu do porto de Hamburgo por volta de 1859, transportando imigrantes alem\u00e3es que chegaram ao porto de Rio de Janeiro, vindos de l\u00e1 para o Esp\u00edrito Santo. Philipp se casou em 1870 e em 1882 se tornou um grande comprador de caf\u00e9, posteriormente, em 1893 se tornou o primeiro imigrante alem\u00e3o Prefeito no Esp\u00edrito Santo, sendo tamb\u00e9m o primeiro Vereador da C\u00e2mara de Marechal Floriano.<\/p>\n<p><img decoding=\"async\" class=\"alignnone size-full wp-image-28949\" src=\"https:\/\/uvbbrasil.com.br\/wp-content\/uploads\/2023\/03\/eed7d513-65c5-4517-8238-e26392d145c2.jpeg\" alt=\"\" width=\"200\" height=\"133\" \/><\/p>\n<p>\u270d Texto: C\u00edcero Modolo e Vanderl\u00e9ia Bickel \/ \ud83d\udcf7 Fotos: C\u00edcero Modolo.<\/p>\n<p>Assessoria de Comunica\u00e7\u00e3o da C\u00e2mara Municipal de Marechal Floriano \u2013 ES.<\/p>\n","protected":false},"excerpt":{"rendered":"<p>A C\u00e2mara Municipal de Marechal Floriano\/ES, realizou uma noite de inaugura\u00e7\u00f5es voltadas a homenagens de grandes nomes que fizeram parte&#8230;<\/p>\n","protected":false},"author":1,"featured_media":28949,"comment_status":"open","ping_status":"open","sticky":false,"template":"","format":"standard","meta":{"footnotes":""},"categories":[3],"tags":[],"class_list":["post-28948","post","type-post","status-publish","format-standard","has-post-thumbnail","hentry","category-noticias"],"yoast_head":"<!-- This site is optimized with the Yoast SEO plugin v27.5 - https:\/\/yoast.com\/product\/yoast-seo-wordpress\/ -->\n<title>C\u00e2mara de Marechal Floriano\/ES realiza\u00a0 inaugura\u00e7\u00f5es em homenagem a nomes da Hist\u00f3ria Pol\u00edtica do Munic\u00edpio - UVB Brasil<\/title>\n<meta name=\"robots\" content=\"index, follow, max-snippet:-1, max-image-preview:large, max-video-preview:-1\" \/>\n<link rel=\"canonical\" href=\"https:\/\/uvbbrasil.com.br\/camara-de-marechal-floriano-es-realiza-inauguracoes-em-homenagem-a-nomes-da-historia-politica-do-municipio\/\" \/>\n<meta property=\"og:locale\" content=\"pt_BR\" \/>\n<meta property=\"og:type\" content=\"article\" \/>\n<meta property=\"og:title\" content=\"C\u00e2mara de Marechal Floriano\/ES realiza\u00a0 inaugura\u00e7\u00f5es em homenagem a nomes da Hist\u00f3ria Pol\u00edtica do Munic\u00edpio - UVB Brasil\" \/>\n<meta property=\"og:description\" content=\"A C\u00e2mara Municipal de Marechal Floriano\/ES, realizou uma noite de inaugura\u00e7\u00f5es voltadas a homenagens de grandes nomes que fizeram parte...\" \/>\n<meta property=\"og:url\" content=\"https:\/\/uvbbrasil.com.br\/camara-de-marechal-floriano-es-realiza-inauguracoes-em-homenagem-a-nomes-da-historia-politica-do-municipio\/\" \/>\n<meta property=\"og:site_name\" content=\"UVB Brasil\" \/>\n<meta property=\"article:publisher\" content=\"https:\/\/www.facebook.com\/uvb.vereadoresbrasil\" \/>\n<meta property=\"article:published_time\" content=\"2023-03-25T10:21:04+00:00\" \/>\n<meta property=\"og:image\" content=\"https:\/\/uvbbrasil.com.br\/wp-content\/uploads\/2023\/03\/eed7d513-65c5-4517-8238-e26392d145c2.jpeg\" \/>\n\t<meta property=\"og:image:width\" content=\"200\" \/>\n\t<meta property=\"og:image:height\" content=\"133\" \/>\n\t<meta property=\"og:image:type\" content=\"image\/jpeg\" \/>\n<meta name=\"author\" content=\"adminuvb\" \/>\n<meta name=\"twitter:card\" content=\"summary_large_image\" \/>\n<meta name=\"twitter:label1\" content=\"Escrito por\" \/>\n\t<meta name=\"twitter:data1\" content=\"adminuvb\" \/>\n\t<meta name=\"twitter:label2\" content=\"Est. tempo de leitura\" \/>\n\t<meta name=\"twitter:data2\" content=\"4 minutos\" \/>\n<script type=\"application\/ld+json\" class=\"yoast-schema-graph\">{\"@context\":\"https:\\\/\\\/schema.org\",\"@graph\":[{\"@type\":\"Article\",\"@id\":\"https:\\\/\\\/uvbbrasil.com.br\\\/camara-de-marechal-floriano-es-realiza-inauguracoes-em-homenagem-a-nomes-da-historia-politica-do-municipio\\\/#article\",\"isPartOf\":{\"@id\":\"https:\\\/\\\/uvbbrasil.com.br\\\/camara-de-marechal-floriano-es-realiza-inauguracoes-em-homenagem-a-nomes-da-historia-politica-do-municipio\\\/\"},\"author\":{\"name\":\"adminuvb\",\"@id\":\"https:\\\/\\\/uvbbrasil.com.br\\\/#\\\/schema\\\/person\\\/17990098446c098f52effddff4f1b272\"},\"headline\":\"C\u00e2mara de Marechal Floriano\\\/ES realiza\u00a0 inaugura\u00e7\u00f5es em homenagem a nomes da Hist\u00f3ria Pol\u00edtica do Munic\u00edpio\",\"datePublished\":\"2023-03-25T10:21:04+00:00\",\"mainEntityOfPage\":{\"@id\":\"https:\\\/\\\/uvbbrasil.com.br\\\/camara-de-marechal-floriano-es-realiza-inauguracoes-em-homenagem-a-nomes-da-historia-politica-do-municipio\\\/\"},\"wordCount\":731,\"commentCount\":0,\"publisher\":{\"@id\":\"https:\\\/\\\/uvbbrasil.com.br\\\/#organization\"},\"image\":{\"@id\":\"https:\\\/\\\/uvbbrasil.com.br\\\/camara-de-marechal-floriano-es-realiza-inauguracoes-em-homenagem-a-nomes-da-historia-politica-do-municipio\\\/#primaryimage\"},\"thumbnailUrl\":\"https:\\\/\\\/uvbbrasil.com.br\\\/wp-content\\\/uploads\\\/2023\\\/03\\\/eed7d513-65c5-4517-8238-e26392d145c2.jpeg\",\"articleSection\":[\"NOT\u00cdCIAS\"],\"inLanguage\":\"pt-BR\",\"potentialAction\":[{\"@type\":\"CommentAction\",\"name\":\"Comment\",\"target\":[\"https:\\\/\\\/uvbbrasil.com.br\\\/camara-de-marechal-floriano-es-realiza-inauguracoes-em-homenagem-a-nomes-da-historia-politica-do-municipio\\\/#respond\"]}]},{\"@type\":\"WebPage\",\"@id\":\"https:\\\/\\\/uvbbrasil.com.br\\\/camara-de-marechal-floriano-es-realiza-inauguracoes-em-homenagem-a-nomes-da-historia-politica-do-municipio\\\/\",\"url\":\"https:\\\/\\\/uvbbrasil.com.br\\\/camara-de-marechal-floriano-es-realiza-inauguracoes-em-homenagem-a-nomes-da-historia-politica-do-municipio\\\/\",\"name\":\"C\u00e2mara de Marechal Floriano\\\/ES realiza\u00a0 inaugura\u00e7\u00f5es em homenagem a nomes da Hist\u00f3ria Pol\u00edtica do Munic\u00edpio - UVB Brasil\",\"isPartOf\":{\"@id\":\"https:\\\/\\\/uvbbrasil.com.br\\\/#website\"},\"primaryImageOfPage\":{\"@id\":\"https:\\\/\\\/uvbbrasil.com.br\\\/camara-de-marechal-floriano-es-realiza-inauguracoes-em-homenagem-a-nomes-da-historia-politica-do-municipio\\\/#primaryimage\"},\"image\":{\"@id\":\"https:\\\/\\\/uvbbrasil.com.br\\\/camara-de-marechal-floriano-es-realiza-inauguracoes-em-homenagem-a-nomes-da-historia-politica-do-municipio\\\/#primaryimage\"},\"thumbnailUrl\":\"https:\\\/\\\/uvbbrasil.com.br\\\/wp-content\\\/uploads\\\/2023\\\/03\\\/eed7d513-65c5-4517-8238-e26392d145c2.jpeg\",\"datePublished\":\"2023-03-25T10:21:04+00:00\",\"breadcrumb\":{\"@id\":\"https:\\\/\\\/uvbbrasil.com.br\\\/camara-de-marechal-floriano-es-realiza-inauguracoes-em-homenagem-a-nomes-da-historia-politica-do-municipio\\\/#breadcrumb\"},\"inLanguage\":\"pt-BR\",\"potentialAction\":[{\"@type\":\"ReadAction\",\"target\":[\"https:\\\/\\\/uvbbrasil.com.br\\\/camara-de-marechal-floriano-es-realiza-inauguracoes-em-homenagem-a-nomes-da-historia-politica-do-municipio\\\/\"]}]},{\"@type\":\"ImageObject\",\"inLanguage\":\"pt-BR\",\"@id\":\"https:\\\/\\\/uvbbrasil.com.br\\\/camara-de-marechal-floriano-es-realiza-inauguracoes-em-homenagem-a-nomes-da-historia-politica-do-municipio\\\/#primaryimage\",\"url\":\"https:\\\/\\\/uvbbrasil.com.br\\\/wp-content\\\/uploads\\\/2023\\\/03\\\/eed7d513-65c5-4517-8238-e26392d145c2.jpeg\",\"contentUrl\":\"https:\\\/\\\/uvbbrasil.com.br\\\/wp-content\\\/uploads\\\/2023\\\/03\\\/eed7d513-65c5-4517-8238-e26392d145c2.jpeg\",\"width\":200,\"height\":133},{\"@type\":\"BreadcrumbList\",\"@id\":\"https:\\\/\\\/uvbbrasil.com.br\\\/camara-de-marechal-floriano-es-realiza-inauguracoes-em-homenagem-a-nomes-da-historia-politica-do-municipio\\\/#breadcrumb\",\"itemListElement\":[{\"@type\":\"ListItem\",\"position\":1,\"name\":\"In\u00edcio\",\"item\":\"https:\\\/\\\/uvbbrasil.com.br\\\/\"},{\"@type\":\"ListItem\",\"position\":2,\"name\":\"C\u00e2mara de Marechal Floriano\\\/ES realiza\u00a0 inaugura\u00e7\u00f5es em homenagem a nomes da Hist\u00f3ria Pol\u00edtica do Munic\u00edpio\"}]},{\"@type\":\"WebSite\",\"@id\":\"https:\\\/\\\/uvbbrasil.com.br\\\/#website\",\"url\":\"https:\\\/\\\/uvbbrasil.com.br\\\/\",\"name\":\"UVB Brasil\",\"description\":\"Uni\u00e3o dos Vereadores do Brasil\",\"publisher\":{\"@id\":\"https:\\\/\\\/uvbbrasil.com.br\\\/#organization\"},\"potentialAction\":[{\"@type\":\"SearchAction\",\"target\":{\"@type\":\"EntryPoint\",\"urlTemplate\":\"https:\\\/\\\/uvbbrasil.com.br\\\/?s={search_term_string}\"},\"query-input\":{\"@type\":\"PropertyValueSpecification\",\"valueRequired\":true,\"valueName\":\"search_term_string\"}}],\"inLanguage\":\"pt-BR\"},{\"@type\":\"Organization\",\"@id\":\"https:\\\/\\\/uvbbrasil.com.br\\\/#organization\",\"name\":\"UVB Brasil\",\"url\":\"https:\\\/\\\/uvbbrasil.com.br\\\/\",\"logo\":{\"@type\":\"ImageObject\",\"inLanguage\":\"pt-BR\",\"@id\":\"https:\\\/\\\/uvbbrasil.com.br\\\/#\\\/schema\\\/logo\\\/image\\\/\",\"url\":\"https:\\\/\\\/uvbbrasil.com.br\\\/wp-content\\\/uploads\\\/2025\\\/01\\\/LOGO-UVB-2024-azul-1.jpg\",\"contentUrl\":\"https:\\\/\\\/uvbbrasil.com.br\\\/wp-content\\\/uploads\\\/2025\\\/01\\\/LOGO-UVB-2024-azul-1.jpg\",\"width\":600,\"height\":211,\"caption\":\"UVB Brasil\"},\"image\":{\"@id\":\"https:\\\/\\\/uvbbrasil.com.br\\\/#\\\/schema\\\/logo\\\/image\\\/\"},\"sameAs\":[\"https:\\\/\\\/www.facebook.com\\\/uvb.vereadoresbrasil\",\"https:\\\/\\\/www.instagram.com\\\/uvbbrasil\\\/\",\"https:\\\/\\\/www.youtube.com\\\/channel\\\/UCIlPQ8Xzw5GHNzosQIg9S5A\"]},{\"@type\":\"Person\",\"@id\":\"https:\\\/\\\/uvbbrasil.com.br\\\/#\\\/schema\\\/person\\\/17990098446c098f52effddff4f1b272\",\"name\":\"adminuvb\",\"image\":{\"@type\":\"ImageObject\",\"inLanguage\":\"pt-BR\",\"@id\":\"https:\\\/\\\/secure.gravatar.com\\\/avatar\\\/1a494ea6f8e2dd1ae526e55b0e9497efdba542491e0620d704cccf63c6f77c45?s=96&d=mm&r=g\",\"url\":\"https:\\\/\\\/secure.gravatar.com\\\/avatar\\\/1a494ea6f8e2dd1ae526e55b0e9497efdba542491e0620d704cccf63c6f77c45?s=96&d=mm&r=g\",\"contentUrl\":\"https:\\\/\\\/secure.gravatar.com\\\/avatar\\\/1a494ea6f8e2dd1ae526e55b0e9497efdba542491e0620d704cccf63c6f77c45?s=96&d=mm&r=g\",\"caption\":\"adminuvb\"},\"sameAs\":[\"https:\\\/\\\/uvbbrasil.com.br\"],\"url\":\"https:\\\/\\\/uvbbrasil.com.br\\\/author\\\/adminuvb\\\/\"}]}<\/script>\n<!-- \/ Yoast SEO plugin. -->","yoast_head_json":{"title":"C\u00e2mara de Marechal Floriano\/ES realiza\u00a0 inaugura\u00e7\u00f5es em homenagem a nomes da Hist\u00f3ria Pol\u00edtica do Munic\u00edpio - UVB Brasil","robots":{"index":"index","follow":"follow","max-snippet":"max-snippet:-1","max-image-preview":"max-image-preview:large","max-video-preview":"max-video-preview:-1"},"canonical":"https:\/\/uvbbrasil.com.br\/camara-de-marechal-floriano-es-realiza-inauguracoes-em-homenagem-a-nomes-da-historia-politica-do-municipio\/","og_locale":"pt_BR","og_type":"article","og_title":"C\u00e2mara de Marechal Floriano\/ES realiza\u00a0 inaugura\u00e7\u00f5es em homenagem a nomes da Hist\u00f3ria Pol\u00edtica do Munic\u00edpio - UVB Brasil","og_description":"A C\u00e2mara Municipal de Marechal Floriano\/ES, realizou uma noite de inaugura\u00e7\u00f5es voltadas a homenagens de grandes nomes que fizeram parte...","og_url":"https:\/\/uvbbrasil.com.br\/camara-de-marechal-floriano-es-realiza-inauguracoes-em-homenagem-a-nomes-da-historia-politica-do-municipio\/","og_site_name":"UVB Brasil","article_publisher":"https:\/\/www.facebook.com\/uvb.vereadoresbrasil","article_published_time":"2023-03-25T10:21:04+00:00","og_image":[{"width":200,"height":133,"url":"https:\/\/uvbbrasil.com.br\/wp-content\/uploads\/2023\/03\/eed7d513-65c5-4517-8238-e26392d145c2.jpeg","type":"image\/jpeg"}],"author":"adminuvb","twitter_card":"summary_large_image","twitter_misc":{"Escrito por":"adminuvb","Est. tempo de leitura":"4 minutos"},"schema":{"@context":"https:\/\/schema.org","@graph":[{"@type":"Article","@id":"https:\/\/uvbbrasil.com.br\/camara-de-marechal-floriano-es-realiza-inauguracoes-em-homenagem-a-nomes-da-historia-politica-do-municipio\/#article","isPartOf":{"@id":"https:\/\/uvbbrasil.com.br\/camara-de-marechal-floriano-es-realiza-inauguracoes-em-homenagem-a-nomes-da-historia-politica-do-municipio\/"},"author":{"name":"adminuvb","@id":"https:\/\/uvbbrasil.com.br\/#\/schema\/person\/17990098446c098f52effddff4f1b272"},"headline":"C\u00e2mara de Marechal Floriano\/ES realiza\u00a0 inaugura\u00e7\u00f5es em homenagem a nomes da Hist\u00f3ria Pol\u00edtica do Munic\u00edpio","datePublished":"2023-03-25T10:21:04+00:00","mainEntityOfPage":{"@id":"https:\/\/uvbbrasil.com.br\/camara-de-marechal-floriano-es-realiza-inauguracoes-em-homenagem-a-nomes-da-historia-politica-do-municipio\/"},"wordCount":731,"commentCount":0,"publisher":{"@id":"https:\/\/uvbbrasil.com.br\/#organization"},"image":{"@id":"https:\/\/uvbbrasil.com.br\/camara-de-marechal-floriano-es-realiza-inauguracoes-em-homenagem-a-nomes-da-historia-politica-do-municipio\/#primaryimage"},"thumbnailUrl":"https:\/\/uvbbrasil.com.br\/wp-content\/uploads\/2023\/03\/eed7d513-65c5-4517-8238-e26392d145c2.jpeg","articleSection":["NOT\u00cdCIAS"],"inLanguage":"pt-BR","potentialAction":[{"@type":"CommentAction","name":"Comment","target":["https:\/\/uvbbrasil.com.br\/camara-de-marechal-floriano-es-realiza-inauguracoes-em-homenagem-a-nomes-da-historia-politica-do-municipio\/#respond"]}]},{"@type":"WebPage","@id":"https:\/\/uvbbrasil.com.br\/camara-de-marechal-floriano-es-realiza-inauguracoes-em-homenagem-a-nomes-da-historia-politica-do-municipio\/","url":"https:\/\/uvbbrasil.com.br\/camara-de-marechal-floriano-es-realiza-inauguracoes-em-homenagem-a-nomes-da-historia-politica-do-municipio\/","name":"C\u00e2mara de Marechal Floriano\/ES realiza\u00a0 inaugura\u00e7\u00f5es em homenagem a nomes da Hist\u00f3ria Pol\u00edtica do Munic\u00edpio - UVB Brasil","isPartOf":{"@id":"https:\/\/uvbbrasil.com.br\/#website"},"primaryImageOfPage":{"@id":"https:\/\/uvbbrasil.com.br\/camara-de-marechal-floriano-es-realiza-inauguracoes-em-homenagem-a-nomes-da-historia-politica-do-municipio\/#primaryimage"},"image":{"@id":"https:\/\/uvbbrasil.com.br\/camara-de-marechal-floriano-es-realiza-inauguracoes-em-homenagem-a-nomes-da-historia-politica-do-municipio\/#primaryimage"},"thumbnailUrl":"https:\/\/uvbbrasil.com.br\/wp-content\/uploads\/2023\/03\/eed7d513-65c5-4517-8238-e26392d145c2.jpeg","datePublished":"2023-03-25T10:21:04+00:00","breadcrumb":{"@id":"https:\/\/uvbbrasil.com.br\/camara-de-marechal-floriano-es-realiza-inauguracoes-em-homenagem-a-nomes-da-historia-politica-do-municipio\/#breadcrumb"},"inLanguage":"pt-BR","potentialAction":[{"@type":"ReadAction","target":["https:\/\/uvbbrasil.com.br\/camara-de-marechal-floriano-es-realiza-inauguracoes-em-homenagem-a-nomes-da-historia-politica-do-municipio\/"]}]},{"@type":"ImageObject","inLanguage":"pt-BR","@id":"https:\/\/uvbbrasil.com.br\/camara-de-marechal-floriano-es-realiza-inauguracoes-em-homenagem-a-nomes-da-historia-politica-do-municipio\/#primaryimage","url":"https:\/\/uvbbrasil.com.br\/wp-content\/uploads\/2023\/03\/eed7d513-65c5-4517-8238-e26392d145c2.jpeg","contentUrl":"https:\/\/uvbbrasil.com.br\/wp-content\/uploads\/2023\/03\/eed7d513-65c5-4517-8238-e26392d145c2.jpeg","width":200,"height":133},{"@type":"BreadcrumbList","@id":"https:\/\/uvbbrasil.com.br\/camara-de-marechal-floriano-es-realiza-inauguracoes-em-homenagem-a-nomes-da-historia-politica-do-municipio\/#breadcrumb","itemListElement":[{"@type":"ListItem","position":1,"name":"In\u00edcio","item":"https:\/\/uvbbrasil.com.br\/"},{"@type":"ListItem","position":2,"name":"C\u00e2mara de Marechal Floriano\/ES realiza\u00a0 inaugura\u00e7\u00f5es em homenagem a nomes da Hist\u00f3ria Pol\u00edtica do Munic\u00edpio"}]},{"@type":"WebSite","@id":"https:\/\/uvbbrasil.com.br\/#website","url":"https:\/\/uvbbrasil.com.br\/","name":"UVB Brasil","description":"Uni\u00e3o dos Vereadores do Brasil","publisher":{"@id":"https:\/\/uvbbrasil.com.br\/#organization"},"potentialAction":[{"@type":"SearchAction","target":{"@type":"EntryPoint","urlTemplate":"https:\/\/uvbbrasil.com.br\/?s={search_term_string}"},"query-input":{"@type":"PropertyValueSpecification","valueRequired":true,"valueName":"search_term_string"}}],"inLanguage":"pt-BR"},{"@type":"Organization","@id":"https:\/\/uvbbrasil.com.br\/#organization","name":"UVB Brasil","url":"https:\/\/uvbbrasil.com.br\/","logo":{"@type":"ImageObject","inLanguage":"pt-BR","@id":"https:\/\/uvbbrasil.com.br\/#\/schema\/logo\/image\/","url":"https:\/\/uvbbrasil.com.br\/wp-content\/uploads\/2025\/01\/LOGO-UVB-2024-azul-1.jpg","contentUrl":"https:\/\/uvbbrasil.com.br\/wp-content\/uploads\/2025\/01\/LOGO-UVB-2024-azul-1.jpg","width":600,"height":211,"caption":"UVB Brasil"},"image":{"@id":"https:\/\/uvbbrasil.com.br\/#\/schema\/logo\/image\/"},"sameAs":["https:\/\/www.facebook.com\/uvb.vereadoresbrasil","https:\/\/www.instagram.com\/uvbbrasil\/","https:\/\/www.youtube.com\/channel\/UCIlPQ8Xzw5GHNzosQIg9S5A"]},{"@type":"Person","@id":"https:\/\/uvbbrasil.com.br\/#\/schema\/person\/17990098446c098f52effddff4f1b272","name":"adminuvb","image":{"@type":"ImageObject","inLanguage":"pt-BR","@id":"https:\/\/secure.gravatar.com\/avatar\/1a494ea6f8e2dd1ae526e55b0e9497efdba542491e0620d704cccf63c6f77c45?s=96&d=mm&r=g","url":"https:\/\/secure.gravatar.com\/avatar\/1a494ea6f8e2dd1ae526e55b0e9497efdba542491e0620d704cccf63c6f77c45?s=96&d=mm&r=g","contentUrl":"https:\/\/secure.gravatar.com\/avatar\/1a494ea6f8e2dd1ae526e55b0e9497efdba542491e0620d704cccf63c6f77c45?s=96&d=mm&r=g","caption":"adminuvb"},"sameAs":["https:\/\/uvbbrasil.com.br"],"url":"https:\/\/uvbbrasil.com.br\/author\/adminuvb\/"}]}},"_links":{"self":[{"href":"https:\/\/uvbbrasil.com.br\/uvb-json\/wp\/v2\/posts\/28948","targetHints":{"allow":["GET"]}}],"collection":[{"href":"https:\/\/uvbbrasil.com.br\/uvb-json\/wp\/v2\/posts"}],"about":[{"href":"https:\/\/uvbbrasil.com.br\/uvb-json\/wp\/v2\/types\/post"}],"author":[{"embeddable":true,"href":"https:\/\/uvbbrasil.com.br\/uvb-json\/wp\/v2\/users\/1"}],"replies":[{"embeddable":true,"href":"https:\/\/uvbbrasil.com.br\/uvb-json\/wp\/v2\/comments?post=28948"}],"version-history":[{"count":0,"href":"https:\/\/uvbbrasil.com.br\/uvb-json\/wp\/v2\/posts\/28948\/revisions"}],"wp:featuredmedia":[{"embeddable":true,"href":"https:\/\/uvbbrasil.com.br\/uvb-json\/wp\/v2\/media\/28949"}],"wp:attachment":[{"href":"https:\/\/uvbbrasil.com.br\/uvb-json\/wp\/v2\/media?parent=28948"}],"wp:term":[{"taxonomy":"category","embeddable":true,"href":"https:\/\/uvbbrasil.com.br\/uvb-json\/wp\/v2\/categories?post=28948"},{"taxonomy":"post_tag","embeddable":true,"href":"https:\/\/uvbbrasil.com.br\/uvb-json\/wp\/v2\/tags?post=28948"}],"curies":[{"name":"wp","href":"https:\/\/api.w.org\/{rel}","templated":true}]}}