{"id":28654,"date":"2023-03-11T07:18:39","date_gmt":"2023-03-11T10:18:39","guid":{"rendered":"https:\/\/wpsandbox4.pante.com.br\/?p=28654"},"modified":"2023-03-11T07:18:39","modified_gmt":"2023-03-11T10:18:39","slug":"unanimidade-dr-edmilson-e-reeleito-presidente-da-uvb-pe","status":"publish","type":"post","link":"https:\/\/uvbbrasil.com.br\/unanimidade-dr-edmilson-e-reeleito-presidente-da-uvb-pe\/","title":{"rendered":"Unanimidade: Dr. Edmilson \u00e9 reeleito presidente da UVB-PE"},"content":{"rendered":"<article class=\"single-blog\">\n<div class=\"post-content\">\n<div class=\"entry-header text-cente \">\n<p>Durante o Encontro Nacional de Gestores e Legislativos Municipais em Petrolina\/PE,\u00a0 Dr. Edmilson \u00e9 reeleito presidente da UNI\u00c3O DE VEREADORES DO BRASIL SECCIONAL PERNAMBUCO &#8211; UVB\/PE.<\/p>\n<\/div>\n<div class=\"entry-content\">\n<div id=\"no-copy\" class=\"texto\">\n<p>O presidente da Uni\u00e3o dos Vereadores do Brasil\/UVB e tamb\u00e9m vereador da cidade de Ira\u00ed-RS, Gilson Conzatti, presidiu a elei\u00e7\u00e3o que reelegeu Dr. Edmilson mais uma vez presidente da UVB\/PE.<\/p>\n<p>Eleito por unanimidade, Dr. Edmilson tamb\u00e9m conta com uma nova equipe na diretoria da entidade. Segundo o presidente reeleito, \u201ca amplia\u00e7\u00e3o da diretoria, veio para agregar e fortalecer cada vez mais o trabalho da UVB-PE.\u201d<\/p>\n<p>A elei\u00e7\u00e3o aconteceu no audit\u00f3rio da Funda\u00e7\u00e3o Nilo Coelho, ap\u00f3s uma sequ\u00eancia de palestras com temas relevantes e palestrantes como o presidente do TCE-PE, Dr. Ranilson Ramos, Dr. Bismarck, Dr. William Pessoas Dr. Jo\u00e3o Batista e Dr. Requi\u00e3o.<\/p>\n<p>O evento deu in\u00edcio no dia 07 e finalizou nesta sexta-feira dia 10.<\/p>\n<\/div>\n<\/div>\n<\/div>\n<\/article>\n<div class=\"col-md-12\"><img fetchpriority=\"high\" decoding=\"async\" class=\"alignnone size-medium wp-image-28655\" src=\"https:\/\/uvbbrasil.com.br\/wp-content\/uploads\/2023\/03\/1000x_0.749147001678439246-263x300.jpeg\" alt=\"\" width=\"263\" height=\"300\" srcset=\"https:\/\/uvbbrasil.com.br\/wp-content\/uploads\/2023\/03\/1000x_0.749147001678439246-263x300.jpeg 263w, https:\/\/uvbbrasil.com.br\/wp-content\/uploads\/2023\/03\/1000x_0.749147001678439246-897x1024.jpeg 897w, https:\/\/uvbbrasil.com.br\/wp-content\/uploads\/2023\/03\/1000x_0.749147001678439246-768x877.jpeg 768w, https:\/\/uvbbrasil.com.br\/wp-content\/uploads\/2023\/03\/1000x_0.749147001678439246.jpeg 1000w\" sizes=\"(max-width: 263px) 100vw, 263px\" \/><\/div>\n<div>Foto: Divulga\u00e7\u00e3o<\/div>\n","protected":false},"excerpt":{"rendered":"<p>Durante o Encontro Nacional de Gestores e Legislativos Municipais em Petrolina\/PE,\u00a0 Dr. Edmilson \u00e9 reeleito presidente da UNI\u00c3O DE VEREADORES&#8230;<\/p>\n","protected":false},"author":1,"featured_media":28655,"comment_status":"open","ping_status":"open","sticky":false,"template":"","format":"standard","meta":{"footnotes":""},"categories":[3],"tags":[],"class_list":["post-28654","post","type-post","status-publish","format-standard","has-post-thumbnail","hentry","category-noticias"],"yoast_head":"<!-- This site is optimized with the Yoast SEO plugin v26.7 - https:\/\/yoast.com\/wordpress\/plugins\/seo\/ -->\n<title>Unanimidade: Dr. Edmilson \u00e9 reeleito presidente da UVB-PE - UVB Brasil<\/title>\n<meta name=\"robots\" content=\"index, follow, max-snippet:-1, max-image-preview:large, max-video-preview:-1\" \/>\n<link rel=\"canonical\" href=\"https:\/\/uvbbrasil.com.br\/unanimidade-dr-edmilson-e-reeleito-presidente-da-uvb-pe\/\" \/>\n<meta property=\"og:locale\" content=\"pt_BR\" \/>\n<meta property=\"og:type\" content=\"article\" \/>\n<meta property=\"og:title\" content=\"Unanimidade: Dr. Edmilson \u00e9 reeleito presidente da UVB-PE - UVB Brasil\" \/>\n<meta property=\"og:description\" content=\"Durante o Encontro Nacional de Gestores e Legislativos Municipais em Petrolina\/PE,\u00a0 Dr. Edmilson \u00e9 reeleito presidente da UNI\u00c3O DE VEREADORES...\" \/>\n<meta property=\"og:url\" content=\"https:\/\/uvbbrasil.com.br\/unanimidade-dr-edmilson-e-reeleito-presidente-da-uvb-pe\/\" \/>\n<meta property=\"og:site_name\" content=\"UVB Brasil\" \/>\n<meta property=\"article:publisher\" content=\"https:\/\/www.facebook.com\/uvb.vereadoresbrasil\" \/>\n<meta property=\"article:published_time\" content=\"2023-03-11T10:18:39+00:00\" \/>\n<meta property=\"og:image\" content=\"https:\/\/uvbbrasil.com.br\/wp-content\/uploads\/2023\/03\/1000x_0.749147001678439246.jpeg\" \/>\n\t<meta property=\"og:image:width\" content=\"1000\" \/>\n\t<meta property=\"og:image:height\" content=\"1142\" \/>\n\t<meta property=\"og:image:type\" content=\"image\/jpeg\" \/>\n<meta name=\"author\" content=\"adminuvb\" \/>\n<meta name=\"twitter:card\" content=\"summary_large_image\" \/>\n<meta name=\"twitter:label1\" content=\"Escrito por\" \/>\n\t<meta name=\"twitter:data1\" content=\"adminuvb\" \/>\n\t<meta name=\"twitter:label2\" content=\"Est. tempo de leitura\" \/>\n\t<meta name=\"twitter:data2\" content=\"1 minuto\" \/>\n<script type=\"application\/ld+json\" class=\"yoast-schema-graph\">{\"@context\":\"https:\/\/schema.org\",\"@graph\":[{\"@type\":\"Article\",\"@id\":\"https:\/\/uvbbrasil.com.br\/unanimidade-dr-edmilson-e-reeleito-presidente-da-uvb-pe\/#article\",\"isPartOf\":{\"@id\":\"https:\/\/uvbbrasil.com.br\/unanimidade-dr-edmilson-e-reeleito-presidente-da-uvb-pe\/\"},\"author\":{\"name\":\"adminuvb\",\"@id\":\"https:\/\/uvbbrasil.com.br\/#\/schema\/person\/17990098446c098f52effddff4f1b272\"},\"headline\":\"Unanimidade: Dr. Edmilson \u00e9 reeleito presidente da UVB-PE\",\"datePublished\":\"2023-03-11T10:18:39+00:00\",\"mainEntityOfPage\":{\"@id\":\"https:\/\/uvbbrasil.com.br\/unanimidade-dr-edmilson-e-reeleito-presidente-da-uvb-pe\/\"},\"wordCount\":168,\"commentCount\":0,\"publisher\":{\"@id\":\"https:\/\/uvbbrasil.com.br\/#organization\"},\"image\":{\"@id\":\"https:\/\/uvbbrasil.com.br\/unanimidade-dr-edmilson-e-reeleito-presidente-da-uvb-pe\/#primaryimage\"},\"thumbnailUrl\":\"https:\/\/uvbbrasil.com.br\/wp-content\/uploads\/2023\/03\/1000x_0.749147001678439246.jpeg\",\"articleSection\":[\"NOT\u00cdCIAS\"],\"inLanguage\":\"pt-BR\",\"potentialAction\":[{\"@type\":\"CommentAction\",\"name\":\"Comment\",\"target\":[\"https:\/\/uvbbrasil.com.br\/unanimidade-dr-edmilson-e-reeleito-presidente-da-uvb-pe\/#respond\"]}]},{\"@type\":\"WebPage\",\"@id\":\"https:\/\/uvbbrasil.com.br\/unanimidade-dr-edmilson-e-reeleito-presidente-da-uvb-pe\/\",\"url\":\"https:\/\/uvbbrasil.com.br\/unanimidade-dr-edmilson-e-reeleito-presidente-da-uvb-pe\/\",\"name\":\"Unanimidade: Dr. Edmilson \u00e9 reeleito presidente da UVB-PE - UVB Brasil\",\"isPartOf\":{\"@id\":\"https:\/\/uvbbrasil.com.br\/#website\"},\"primaryImageOfPage\":{\"@id\":\"https:\/\/uvbbrasil.com.br\/unanimidade-dr-edmilson-e-reeleito-presidente-da-uvb-pe\/#primaryimage\"},\"image\":{\"@id\":\"https:\/\/uvbbrasil.com.br\/unanimidade-dr-edmilson-e-reeleito-presidente-da-uvb-pe\/#primaryimage\"},\"thumbnailUrl\":\"https:\/\/uvbbrasil.com.br\/wp-content\/uploads\/2023\/03\/1000x_0.749147001678439246.jpeg\",\"datePublished\":\"2023-03-11T10:18:39+00:00\",\"breadcrumb\":{\"@id\":\"https:\/\/uvbbrasil.com.br\/unanimidade-dr-edmilson-e-reeleito-presidente-da-uvb-pe\/#breadcrumb\"},\"inLanguage\":\"pt-BR\",\"potentialAction\":[{\"@type\":\"ReadAction\",\"target\":[\"https:\/\/uvbbrasil.com.br\/unanimidade-dr-edmilson-e-reeleito-presidente-da-uvb-pe\/\"]}]},{\"@type\":\"ImageObject\",\"inLanguage\":\"pt-BR\",\"@id\":\"https:\/\/uvbbrasil.com.br\/unanimidade-dr-edmilson-e-reeleito-presidente-da-uvb-pe\/#primaryimage\",\"url\":\"https:\/\/uvbbrasil.com.br\/wp-content\/uploads\/2023\/03\/1000x_0.749147001678439246.jpeg\",\"contentUrl\":\"https:\/\/uvbbrasil.com.br\/wp-content\/uploads\/2023\/03\/1000x_0.749147001678439246.jpeg\",\"width\":1000,\"height\":1142},{\"@type\":\"BreadcrumbList\",\"@id\":\"https:\/\/uvbbrasil.com.br\/unanimidade-dr-edmilson-e-reeleito-presidente-da-uvb-pe\/#breadcrumb\",\"itemListElement\":[{\"@type\":\"ListItem\",\"position\":1,\"name\":\"In\u00edcio\",\"item\":\"https:\/\/uvbbrasil.com.br\/\"},{\"@type\":\"ListItem\",\"position\":2,\"name\":\"Unanimidade: Dr. Edmilson \u00e9 reeleito presidente da UVB-PE\"}]},{\"@type\":\"WebSite\",\"@id\":\"https:\/\/uvbbrasil.com.br\/#website\",\"url\":\"https:\/\/uvbbrasil.com.br\/\",\"name\":\"UVB Brasil\",\"description\":\"Uni\u00e3o dos Vereadores do Brasil\",\"publisher\":{\"@id\":\"https:\/\/uvbbrasil.com.br\/#organization\"},\"potentialAction\":[{\"@type\":\"SearchAction\",\"target\":{\"@type\":\"EntryPoint\",\"urlTemplate\":\"https:\/\/uvbbrasil.com.br\/?s={search_term_string}\"},\"query-input\":{\"@type\":\"PropertyValueSpecification\",\"valueRequired\":true,\"valueName\":\"search_term_string\"}}],\"inLanguage\":\"pt-BR\"},{\"@type\":\"Organization\",\"@id\":\"https:\/\/uvbbrasil.com.br\/#organization\",\"name\":\"UVB Brasil\",\"url\":\"https:\/\/uvbbrasil.com.br\/\",\"logo\":{\"@type\":\"ImageObject\",\"inLanguage\":\"pt-BR\",\"@id\":\"https:\/\/uvbbrasil.com.br\/#\/schema\/logo\/image\/\",\"url\":\"https:\/\/uvbbrasil.com.br\/wp-content\/uploads\/2025\/01\/LOGO-UVB-2024-azul-1.jpg\",\"contentUrl\":\"https:\/\/uvbbrasil.com.br\/wp-content\/uploads\/2025\/01\/LOGO-UVB-2024-azul-1.jpg\",\"width\":600,\"height\":211,\"caption\":\"UVB Brasil\"},\"image\":{\"@id\":\"https:\/\/uvbbrasil.com.br\/#\/schema\/logo\/image\/\"},\"sameAs\":[\"https:\/\/www.facebook.com\/uvb.vereadoresbrasil\",\"https:\/\/www.instagram.com\/uvbbrasil\/\",\"https:\/\/www.youtube.com\/channel\/UCIlPQ8Xzw5GHNzosQIg9S5A\"]},{\"@type\":\"Person\",\"@id\":\"https:\/\/uvbbrasil.com.br\/#\/schema\/person\/17990098446c098f52effddff4f1b272\",\"name\":\"adminuvb\",\"image\":{\"@type\":\"ImageObject\",\"inLanguage\":\"pt-BR\",\"@id\":\"https:\/\/uvbbrasil.com.br\/#\/schema\/person\/image\/\",\"url\":\"https:\/\/secure.gravatar.com\/avatar\/1a494ea6f8e2dd1ae526e55b0e9497efdba542491e0620d704cccf63c6f77c45?s=96&d=mm&r=g\",\"contentUrl\":\"https:\/\/secure.gravatar.com\/avatar\/1a494ea6f8e2dd1ae526e55b0e9497efdba542491e0620d704cccf63c6f77c45?s=96&d=mm&r=g\",\"caption\":\"adminuvb\"},\"sameAs\":[\"https:\/\/uvbbrasil.com.br\"],\"url\":\"https:\/\/uvbbrasil.com.br\/author\/adminuvb\/\"}]}<\/script>\n<!-- \/ Yoast SEO plugin. -->","yoast_head_json":{"title":"Unanimidade: Dr. Edmilson \u00e9 reeleito presidente da UVB-PE - UVB Brasil","robots":{"index":"index","follow":"follow","max-snippet":"max-snippet:-1","max-image-preview":"max-image-preview:large","max-video-preview":"max-video-preview:-1"},"canonical":"https:\/\/uvbbrasil.com.br\/unanimidade-dr-edmilson-e-reeleito-presidente-da-uvb-pe\/","og_locale":"pt_BR","og_type":"article","og_title":"Unanimidade: Dr. Edmilson \u00e9 reeleito presidente da UVB-PE - UVB Brasil","og_description":"Durante o Encontro Nacional de Gestores e Legislativos Municipais em Petrolina\/PE,\u00a0 Dr. Edmilson \u00e9 reeleito presidente da UNI\u00c3O DE VEREADORES...","og_url":"https:\/\/uvbbrasil.com.br\/unanimidade-dr-edmilson-e-reeleito-presidente-da-uvb-pe\/","og_site_name":"UVB Brasil","article_publisher":"https:\/\/www.facebook.com\/uvb.vereadoresbrasil","article_published_time":"2023-03-11T10:18:39+00:00","og_image":[{"width":1000,"height":1142,"url":"https:\/\/uvbbrasil.com.br\/wp-content\/uploads\/2023\/03\/1000x_0.749147001678439246.jpeg","type":"image\/jpeg"}],"author":"adminuvb","twitter_card":"summary_large_image","twitter_misc":{"Escrito por":"adminuvb","Est. tempo de leitura":"1 minuto"},"schema":{"@context":"https:\/\/schema.org","@graph":[{"@type":"Article","@id":"https:\/\/uvbbrasil.com.br\/unanimidade-dr-edmilson-e-reeleito-presidente-da-uvb-pe\/#article","isPartOf":{"@id":"https:\/\/uvbbrasil.com.br\/unanimidade-dr-edmilson-e-reeleito-presidente-da-uvb-pe\/"},"author":{"name":"adminuvb","@id":"https:\/\/uvbbrasil.com.br\/#\/schema\/person\/17990098446c098f52effddff4f1b272"},"headline":"Unanimidade: Dr. Edmilson \u00e9 reeleito presidente da UVB-PE","datePublished":"2023-03-11T10:18:39+00:00","mainEntityOfPage":{"@id":"https:\/\/uvbbrasil.com.br\/unanimidade-dr-edmilson-e-reeleito-presidente-da-uvb-pe\/"},"wordCount":168,"commentCount":0,"publisher":{"@id":"https:\/\/uvbbrasil.com.br\/#organization"},"image":{"@id":"https:\/\/uvbbrasil.com.br\/unanimidade-dr-edmilson-e-reeleito-presidente-da-uvb-pe\/#primaryimage"},"thumbnailUrl":"https:\/\/uvbbrasil.com.br\/wp-content\/uploads\/2023\/03\/1000x_0.749147001678439246.jpeg","articleSection":["NOT\u00cdCIAS"],"inLanguage":"pt-BR","potentialAction":[{"@type":"CommentAction","name":"Comment","target":["https:\/\/uvbbrasil.com.br\/unanimidade-dr-edmilson-e-reeleito-presidente-da-uvb-pe\/#respond"]}]},{"@type":"WebPage","@id":"https:\/\/uvbbrasil.com.br\/unanimidade-dr-edmilson-e-reeleito-presidente-da-uvb-pe\/","url":"https:\/\/uvbbrasil.com.br\/unanimidade-dr-edmilson-e-reeleito-presidente-da-uvb-pe\/","name":"Unanimidade: Dr. Edmilson \u00e9 reeleito presidente da UVB-PE - UVB Brasil","isPartOf":{"@id":"https:\/\/uvbbrasil.com.br\/#website"},"primaryImageOfPage":{"@id":"https:\/\/uvbbrasil.com.br\/unanimidade-dr-edmilson-e-reeleito-presidente-da-uvb-pe\/#primaryimage"},"image":{"@id":"https:\/\/uvbbrasil.com.br\/unanimidade-dr-edmilson-e-reeleito-presidente-da-uvb-pe\/#primaryimage"},"thumbnailUrl":"https:\/\/uvbbrasil.com.br\/wp-content\/uploads\/2023\/03\/1000x_0.749147001678439246.jpeg","datePublished":"2023-03-11T10:18:39+00:00","breadcrumb":{"@id":"https:\/\/uvbbrasil.com.br\/unanimidade-dr-edmilson-e-reeleito-presidente-da-uvb-pe\/#breadcrumb"},"inLanguage":"pt-BR","potentialAction":[{"@type":"ReadAction","target":["https:\/\/uvbbrasil.com.br\/unanimidade-dr-edmilson-e-reeleito-presidente-da-uvb-pe\/"]}]},{"@type":"ImageObject","inLanguage":"pt-BR","@id":"https:\/\/uvbbrasil.com.br\/unanimidade-dr-edmilson-e-reeleito-presidente-da-uvb-pe\/#primaryimage","url":"https:\/\/uvbbrasil.com.br\/wp-content\/uploads\/2023\/03\/1000x_0.749147001678439246.jpeg","contentUrl":"https:\/\/uvbbrasil.com.br\/wp-content\/uploads\/2023\/03\/1000x_0.749147001678439246.jpeg","width":1000,"height":1142},{"@type":"BreadcrumbList","@id":"https:\/\/uvbbrasil.com.br\/unanimidade-dr-edmilson-e-reeleito-presidente-da-uvb-pe\/#breadcrumb","itemListElement":[{"@type":"ListItem","position":1,"name":"In\u00edcio","item":"https:\/\/uvbbrasil.com.br\/"},{"@type":"ListItem","position":2,"name":"Unanimidade: Dr. Edmilson \u00e9 reeleito presidente da UVB-PE"}]},{"@type":"WebSite","@id":"https:\/\/uvbbrasil.com.br\/#website","url":"https:\/\/uvbbrasil.com.br\/","name":"UVB Brasil","description":"Uni\u00e3o dos Vereadores do Brasil","publisher":{"@id":"https:\/\/uvbbrasil.com.br\/#organization"},"potentialAction":[{"@type":"SearchAction","target":{"@type":"EntryPoint","urlTemplate":"https:\/\/uvbbrasil.com.br\/?s={search_term_string}"},"query-input":{"@type":"PropertyValueSpecification","valueRequired":true,"valueName":"search_term_string"}}],"inLanguage":"pt-BR"},{"@type":"Organization","@id":"https:\/\/uvbbrasil.com.br\/#organization","name":"UVB Brasil","url":"https:\/\/uvbbrasil.com.br\/","logo":{"@type":"ImageObject","inLanguage":"pt-BR","@id":"https:\/\/uvbbrasil.com.br\/#\/schema\/logo\/image\/","url":"https:\/\/uvbbrasil.com.br\/wp-content\/uploads\/2025\/01\/LOGO-UVB-2024-azul-1.jpg","contentUrl":"https:\/\/uvbbrasil.com.br\/wp-content\/uploads\/2025\/01\/LOGO-UVB-2024-azul-1.jpg","width":600,"height":211,"caption":"UVB Brasil"},"image":{"@id":"https:\/\/uvbbrasil.com.br\/#\/schema\/logo\/image\/"},"sameAs":["https:\/\/www.facebook.com\/uvb.vereadoresbrasil","https:\/\/www.instagram.com\/uvbbrasil\/","https:\/\/www.youtube.com\/channel\/UCIlPQ8Xzw5GHNzosQIg9S5A"]},{"@type":"Person","@id":"https:\/\/uvbbrasil.com.br\/#\/schema\/person\/17990098446c098f52effddff4f1b272","name":"adminuvb","image":{"@type":"ImageObject","inLanguage":"pt-BR","@id":"https:\/\/uvbbrasil.com.br\/#\/schema\/person\/image\/","url":"https:\/\/secure.gravatar.com\/avatar\/1a494ea6f8e2dd1ae526e55b0e9497efdba542491e0620d704cccf63c6f77c45?s=96&d=mm&r=g","contentUrl":"https:\/\/secure.gravatar.com\/avatar\/1a494ea6f8e2dd1ae526e55b0e9497efdba542491e0620d704cccf63c6f77c45?s=96&d=mm&r=g","caption":"adminuvb"},"sameAs":["https:\/\/uvbbrasil.com.br"],"url":"https:\/\/uvbbrasil.com.br\/author\/adminuvb\/"}]}},"_links":{"self":[{"href":"https:\/\/uvbbrasil.com.br\/uvb-json\/wp\/v2\/posts\/28654","targetHints":{"allow":["GET"]}}],"collection":[{"href":"https:\/\/uvbbrasil.com.br\/uvb-json\/wp\/v2\/posts"}],"about":[{"href":"https:\/\/uvbbrasil.com.br\/uvb-json\/wp\/v2\/types\/post"}],"author":[{"embeddable":true,"href":"https:\/\/uvbbrasil.com.br\/uvb-json\/wp\/v2\/users\/1"}],"replies":[{"embeddable":true,"href":"https:\/\/uvbbrasil.com.br\/uvb-json\/wp\/v2\/comments?post=28654"}],"version-history":[{"count":0,"href":"https:\/\/uvbbrasil.com.br\/uvb-json\/wp\/v2\/posts\/28654\/revisions"}],"wp:featuredmedia":[{"embeddable":true,"href":"https:\/\/uvbbrasil.com.br\/uvb-json\/wp\/v2\/media\/28655"}],"wp:attachment":[{"href":"https:\/\/uvbbrasil.com.br\/uvb-json\/wp\/v2\/media?parent=28654"}],"wp:term":[{"taxonomy":"category","embeddable":true,"href":"https:\/\/uvbbrasil.com.br\/uvb-json\/wp\/v2\/categories?post=28654"},{"taxonomy":"post_tag","embeddable":true,"href":"https:\/\/uvbbrasil.com.br\/uvb-json\/wp\/v2\/tags?post=28654"}],"curies":[{"name":"wp","href":"https:\/\/api.w.org\/{rel}","templated":true}]}}