{"id":28567,"date":"2023-03-03T09:15:07","date_gmt":"2023-03-03T12:15:07","guid":{"rendered":"https:\/\/wpsandbox4.pante.com.br\/?p=28567"},"modified":"2023-03-03T09:15:07","modified_gmt":"2023-03-03T12:15:07","slug":"porto-nacional-to-professoras-da-rede-municipal-recebem-mocao-de-aplausos-da-camara-municipal","status":"publish","type":"post","link":"https:\/\/uvbbrasil.com.br\/porto-nacional-to-professoras-da-rede-municipal-recebem-mocao-de-aplausos-da-camara-municipal\/","title":{"rendered":"Porto Nacional\/TO-Professoras da rede municipal recebem mo\u00e7\u00e3o de aplausos da C\u00e2mara Municipal"},"content":{"rendered":"<p>A C\u00e2mara Municipal de Porto Nacional realizou na manh\u00e3 desta segunda-feira, (27), as atividades da 7\u00aa sess\u00e3o ordin\u00e1ria do ano de 2023.<\/p>\n<p>Os trabalhos foram conduzidos atrav\u00e9s do Vice-presidente da Casa de leis, o Vereador Adael Oliveira.<\/p>\n<p>O plen\u00e1rio Jos\u00e9 Gon\u00e7alves Gama de Ara\u00fajo, pautou importantes proposituras e indica\u00e7\u00f5es que foram apresentadas pelos vereadores e apreciado pela casa de leis.<\/p>\n<p>Durante a sess\u00e3o, as professoras rec\u00e9m aposentadas da rede municipal de ensino de Porto Nacional, Maria Izidora Pereira Silva e Eva Lopes Sampaio, foram homenageadas com a entrega de mo\u00e7\u00e3o de aplausos de autoria do Vereador Adael, em reconhecimentos aos relevantes servi\u00e7os prestados por ambas ao munic\u00edpio.<\/p>\n<p align=\"center\"><b>Apresenta\u00e7\u00e3o de indica\u00e7\u00f5es e requerimentos<\/b><\/p>\n<p>&nbsp;<\/p>\n<p>A casa de leis apresentou importantes indica\u00e7\u00f5es dentre eles as seguintes abaixo:<\/p>\n<p><b>Indica\u00e7\u00e3o 99 \u2013<\/b>\u00a0O Vereador Gustavo do Minibox, apresentou indica\u00e7\u00e3o solicitando junto a Gest\u00e3o municipal por meio da Secretaria da Infraestrutura, que seja feito a instala\u00e7\u00e3o de redutores de velocidade em toda extens\u00e3o da Avenida Perimetral, pr\u00f3ximo a Escola Fanny Macedo, e campo de futebol \u201cPEPIT\u00c3O\u201d. No setor Novo Planalto.<\/p>\n<p><img fetchpriority=\"high\" decoding=\"async\" class=\"alignnone size-medium wp-image-28568\" src=\"https:\/\/uvbbrasil.com.br\/wp-content\/uploads\/2023\/03\/porto-nacional-300x199.jpg\" alt=\"\" width=\"300\" height=\"199\" srcset=\"https:\/\/uvbbrasil.com.br\/wp-content\/uploads\/2023\/03\/porto-nacional-300x199.jpg 300w, https:\/\/uvbbrasil.com.br\/wp-content\/uploads\/2023\/03\/porto-nacional-1024x678.jpg 1024w, https:\/\/uvbbrasil.com.br\/wp-content\/uploads\/2023\/03\/porto-nacional-768x508.jpg 768w, https:\/\/uvbbrasil.com.br\/wp-content\/uploads\/2023\/03\/porto-nacional-1536x1017.jpg 1536w, https:\/\/uvbbrasil.com.br\/wp-content\/uploads\/2023\/03\/porto-nacional.jpg 1600w\" sizes=\"(max-width: 300px) 100vw, 300px\" \/><\/p>\n","protected":false},"excerpt":{"rendered":"<p>A C\u00e2mara Municipal de Porto Nacional realizou na manh\u00e3 desta segunda-feira, (27), as atividades da 7\u00aa sess\u00e3o ordin\u00e1ria do ano&#8230;<\/p>\n","protected":false},"author":1,"featured_media":28568,"comment_status":"open","ping_status":"open","sticky":false,"template":"","format":"standard","meta":{"footnotes":""},"categories":[3],"tags":[],"class_list":["post-28567","post","type-post","status-publish","format-standard","has-post-thumbnail","hentry","category-noticias"],"yoast_head":"<!-- This site is optimized with the Yoast SEO plugin v27.5 - https:\/\/yoast.com\/product\/yoast-seo-wordpress\/ -->\n<title>Porto Nacional\/TO-Professoras da rede municipal recebem mo\u00e7\u00e3o de aplausos da C\u00e2mara Municipal - UVB Brasil<\/title>\n<meta name=\"robots\" content=\"index, follow, max-snippet:-1, max-image-preview:large, max-video-preview:-1\" \/>\n<link rel=\"canonical\" href=\"https:\/\/uvbbrasil.com.br\/porto-nacional-to-professoras-da-rede-municipal-recebem-mocao-de-aplausos-da-camara-municipal\/\" \/>\n<meta property=\"og:locale\" content=\"pt_BR\" \/>\n<meta property=\"og:type\" content=\"article\" \/>\n<meta property=\"og:title\" content=\"Porto Nacional\/TO-Professoras da rede municipal recebem mo\u00e7\u00e3o de aplausos da C\u00e2mara Municipal - UVB Brasil\" \/>\n<meta property=\"og:description\" content=\"A C\u00e2mara Municipal de Porto Nacional realizou na manh\u00e3 desta segunda-feira, (27), as atividades da 7\u00aa sess\u00e3o ordin\u00e1ria do ano...\" \/>\n<meta property=\"og:url\" content=\"https:\/\/uvbbrasil.com.br\/porto-nacional-to-professoras-da-rede-municipal-recebem-mocao-de-aplausos-da-camara-municipal\/\" \/>\n<meta property=\"og:site_name\" content=\"UVB Brasil\" \/>\n<meta property=\"article:publisher\" content=\"https:\/\/www.facebook.com\/uvb.vereadoresbrasil\" \/>\n<meta property=\"article:published_time\" content=\"2023-03-03T12:15:07+00:00\" \/>\n<meta property=\"og:image\" content=\"https:\/\/uvbbrasil.com.br\/wp-content\/uploads\/2023\/03\/porto-nacional.jpg\" \/>\n\t<meta property=\"og:image:width\" content=\"1600\" \/>\n\t<meta property=\"og:image:height\" content=\"1059\" \/>\n\t<meta property=\"og:image:type\" content=\"image\/jpeg\" \/>\n<meta name=\"author\" content=\"adminuvb\" \/>\n<meta name=\"twitter:card\" content=\"summary_large_image\" \/>\n<meta name=\"twitter:label1\" content=\"Escrito por\" \/>\n\t<meta name=\"twitter:data1\" content=\"adminuvb\" \/>\n\t<meta name=\"twitter:label2\" content=\"Est. tempo de leitura\" \/>\n\t<meta name=\"twitter:data2\" content=\"1 minuto\" \/>\n<script type=\"application\/ld+json\" class=\"yoast-schema-graph\">{\"@context\":\"https:\\\/\\\/schema.org\",\"@graph\":[{\"@type\":\"Article\",\"@id\":\"https:\\\/\\\/uvbbrasil.com.br\\\/porto-nacional-to-professoras-da-rede-municipal-recebem-mocao-de-aplausos-da-camara-municipal\\\/#article\",\"isPartOf\":{\"@id\":\"https:\\\/\\\/uvbbrasil.com.br\\\/porto-nacional-to-professoras-da-rede-municipal-recebem-mocao-de-aplausos-da-camara-municipal\\\/\"},\"author\":{\"name\":\"adminuvb\",\"@id\":\"https:\\\/\\\/uvbbrasil.com.br\\\/#\\\/schema\\\/person\\\/17990098446c098f52effddff4f1b272\"},\"headline\":\"Porto Nacional\\\/TO-Professoras da rede municipal recebem mo\u00e7\u00e3o de aplausos da C\u00e2mara Municipal\",\"datePublished\":\"2023-03-03T12:15:07+00:00\",\"mainEntityOfPage\":{\"@id\":\"https:\\\/\\\/uvbbrasil.com.br\\\/porto-nacional-to-professoras-da-rede-municipal-recebem-mocao-de-aplausos-da-camara-municipal\\\/\"},\"wordCount\":208,\"commentCount\":0,\"publisher\":{\"@id\":\"https:\\\/\\\/uvbbrasil.com.br\\\/#organization\"},\"image\":{\"@id\":\"https:\\\/\\\/uvbbrasil.com.br\\\/porto-nacional-to-professoras-da-rede-municipal-recebem-mocao-de-aplausos-da-camara-municipal\\\/#primaryimage\"},\"thumbnailUrl\":\"https:\\\/\\\/uvbbrasil.com.br\\\/wp-content\\\/uploads\\\/2023\\\/03\\\/porto-nacional.jpg\",\"articleSection\":[\"NOT\u00cdCIAS\"],\"inLanguage\":\"pt-BR\",\"potentialAction\":[{\"@type\":\"CommentAction\",\"name\":\"Comment\",\"target\":[\"https:\\\/\\\/uvbbrasil.com.br\\\/porto-nacional-to-professoras-da-rede-municipal-recebem-mocao-de-aplausos-da-camara-municipal\\\/#respond\"]}]},{\"@type\":\"WebPage\",\"@id\":\"https:\\\/\\\/uvbbrasil.com.br\\\/porto-nacional-to-professoras-da-rede-municipal-recebem-mocao-de-aplausos-da-camara-municipal\\\/\",\"url\":\"https:\\\/\\\/uvbbrasil.com.br\\\/porto-nacional-to-professoras-da-rede-municipal-recebem-mocao-de-aplausos-da-camara-municipal\\\/\",\"name\":\"Porto Nacional\\\/TO-Professoras da rede municipal recebem mo\u00e7\u00e3o de aplausos da C\u00e2mara Municipal - UVB Brasil\",\"isPartOf\":{\"@id\":\"https:\\\/\\\/uvbbrasil.com.br\\\/#website\"},\"primaryImageOfPage\":{\"@id\":\"https:\\\/\\\/uvbbrasil.com.br\\\/porto-nacional-to-professoras-da-rede-municipal-recebem-mocao-de-aplausos-da-camara-municipal\\\/#primaryimage\"},\"image\":{\"@id\":\"https:\\\/\\\/uvbbrasil.com.br\\\/porto-nacional-to-professoras-da-rede-municipal-recebem-mocao-de-aplausos-da-camara-municipal\\\/#primaryimage\"},\"thumbnailUrl\":\"https:\\\/\\\/uvbbrasil.com.br\\\/wp-content\\\/uploads\\\/2023\\\/03\\\/porto-nacional.jpg\",\"datePublished\":\"2023-03-03T12:15:07+00:00\",\"breadcrumb\":{\"@id\":\"https:\\\/\\\/uvbbrasil.com.br\\\/porto-nacional-to-professoras-da-rede-municipal-recebem-mocao-de-aplausos-da-camara-municipal\\\/#breadcrumb\"},\"inLanguage\":\"pt-BR\",\"potentialAction\":[{\"@type\":\"ReadAction\",\"target\":[\"https:\\\/\\\/uvbbrasil.com.br\\\/porto-nacional-to-professoras-da-rede-municipal-recebem-mocao-de-aplausos-da-camara-municipal\\\/\"]}]},{\"@type\":\"ImageObject\",\"inLanguage\":\"pt-BR\",\"@id\":\"https:\\\/\\\/uvbbrasil.com.br\\\/porto-nacional-to-professoras-da-rede-municipal-recebem-mocao-de-aplausos-da-camara-municipal\\\/#primaryimage\",\"url\":\"https:\\\/\\\/uvbbrasil.com.br\\\/wp-content\\\/uploads\\\/2023\\\/03\\\/porto-nacional.jpg\",\"contentUrl\":\"https:\\\/\\\/uvbbrasil.com.br\\\/wp-content\\\/uploads\\\/2023\\\/03\\\/porto-nacional.jpg\",\"width\":1600,\"height\":1059},{\"@type\":\"BreadcrumbList\",\"@id\":\"https:\\\/\\\/uvbbrasil.com.br\\\/porto-nacional-to-professoras-da-rede-municipal-recebem-mocao-de-aplausos-da-camara-municipal\\\/#breadcrumb\",\"itemListElement\":[{\"@type\":\"ListItem\",\"position\":1,\"name\":\"In\u00edcio\",\"item\":\"https:\\\/\\\/uvbbrasil.com.br\\\/\"},{\"@type\":\"ListItem\",\"position\":2,\"name\":\"Porto Nacional\\\/TO-Professoras da rede municipal recebem mo\u00e7\u00e3o de aplausos da C\u00e2mara Municipal\"}]},{\"@type\":\"WebSite\",\"@id\":\"https:\\\/\\\/uvbbrasil.com.br\\\/#website\",\"url\":\"https:\\\/\\\/uvbbrasil.com.br\\\/\",\"name\":\"UVB Brasil\",\"description\":\"Uni\u00e3o dos Vereadores do Brasil\",\"publisher\":{\"@id\":\"https:\\\/\\\/uvbbrasil.com.br\\\/#organization\"},\"potentialAction\":[{\"@type\":\"SearchAction\",\"target\":{\"@type\":\"EntryPoint\",\"urlTemplate\":\"https:\\\/\\\/uvbbrasil.com.br\\\/?s={search_term_string}\"},\"query-input\":{\"@type\":\"PropertyValueSpecification\",\"valueRequired\":true,\"valueName\":\"search_term_string\"}}],\"inLanguage\":\"pt-BR\"},{\"@type\":\"Organization\",\"@id\":\"https:\\\/\\\/uvbbrasil.com.br\\\/#organization\",\"name\":\"UVB Brasil\",\"url\":\"https:\\\/\\\/uvbbrasil.com.br\\\/\",\"logo\":{\"@type\":\"ImageObject\",\"inLanguage\":\"pt-BR\",\"@id\":\"https:\\\/\\\/uvbbrasil.com.br\\\/#\\\/schema\\\/logo\\\/image\\\/\",\"url\":\"https:\\\/\\\/uvbbrasil.com.br\\\/wp-content\\\/uploads\\\/2025\\\/01\\\/LOGO-UVB-2024-azul-1.jpg\",\"contentUrl\":\"https:\\\/\\\/uvbbrasil.com.br\\\/wp-content\\\/uploads\\\/2025\\\/01\\\/LOGO-UVB-2024-azul-1.jpg\",\"width\":600,\"height\":211,\"caption\":\"UVB Brasil\"},\"image\":{\"@id\":\"https:\\\/\\\/uvbbrasil.com.br\\\/#\\\/schema\\\/logo\\\/image\\\/\"},\"sameAs\":[\"https:\\\/\\\/www.facebook.com\\\/uvb.vereadoresbrasil\",\"https:\\\/\\\/www.instagram.com\\\/uvbbrasil\\\/\",\"https:\\\/\\\/www.youtube.com\\\/channel\\\/UCIlPQ8Xzw5GHNzosQIg9S5A\"]},{\"@type\":\"Person\",\"@id\":\"https:\\\/\\\/uvbbrasil.com.br\\\/#\\\/schema\\\/person\\\/17990098446c098f52effddff4f1b272\",\"name\":\"adminuvb\",\"image\":{\"@type\":\"ImageObject\",\"inLanguage\":\"pt-BR\",\"@id\":\"https:\\\/\\\/secure.gravatar.com\\\/avatar\\\/1a494ea6f8e2dd1ae526e55b0e9497efdba542491e0620d704cccf63c6f77c45?s=96&d=mm&r=g\",\"url\":\"https:\\\/\\\/secure.gravatar.com\\\/avatar\\\/1a494ea6f8e2dd1ae526e55b0e9497efdba542491e0620d704cccf63c6f77c45?s=96&d=mm&r=g\",\"contentUrl\":\"https:\\\/\\\/secure.gravatar.com\\\/avatar\\\/1a494ea6f8e2dd1ae526e55b0e9497efdba542491e0620d704cccf63c6f77c45?s=96&d=mm&r=g\",\"caption\":\"adminuvb\"},\"sameAs\":[\"https:\\\/\\\/uvbbrasil.com.br\"],\"url\":\"https:\\\/\\\/uvbbrasil.com.br\\\/author\\\/adminuvb\\\/\"}]}<\/script>\n<!-- \/ Yoast SEO plugin. -->","yoast_head_json":{"title":"Porto Nacional\/TO-Professoras da rede municipal recebem mo\u00e7\u00e3o de aplausos da C\u00e2mara Municipal - UVB Brasil","robots":{"index":"index","follow":"follow","max-snippet":"max-snippet:-1","max-image-preview":"max-image-preview:large","max-video-preview":"max-video-preview:-1"},"canonical":"https:\/\/uvbbrasil.com.br\/porto-nacional-to-professoras-da-rede-municipal-recebem-mocao-de-aplausos-da-camara-municipal\/","og_locale":"pt_BR","og_type":"article","og_title":"Porto Nacional\/TO-Professoras da rede municipal recebem mo\u00e7\u00e3o de aplausos da C\u00e2mara Municipal - UVB Brasil","og_description":"A C\u00e2mara Municipal de Porto Nacional realizou na manh\u00e3 desta segunda-feira, (27), as atividades da 7\u00aa sess\u00e3o ordin\u00e1ria do ano...","og_url":"https:\/\/uvbbrasil.com.br\/porto-nacional-to-professoras-da-rede-municipal-recebem-mocao-de-aplausos-da-camara-municipal\/","og_site_name":"UVB Brasil","article_publisher":"https:\/\/www.facebook.com\/uvb.vereadoresbrasil","article_published_time":"2023-03-03T12:15:07+00:00","og_image":[{"width":1600,"height":1059,"url":"https:\/\/uvbbrasil.com.br\/wp-content\/uploads\/2023\/03\/porto-nacional.jpg","type":"image\/jpeg"}],"author":"adminuvb","twitter_card":"summary_large_image","twitter_misc":{"Escrito por":"adminuvb","Est. tempo de leitura":"1 minuto"},"schema":{"@context":"https:\/\/schema.org","@graph":[{"@type":"Article","@id":"https:\/\/uvbbrasil.com.br\/porto-nacional-to-professoras-da-rede-municipal-recebem-mocao-de-aplausos-da-camara-municipal\/#article","isPartOf":{"@id":"https:\/\/uvbbrasil.com.br\/porto-nacional-to-professoras-da-rede-municipal-recebem-mocao-de-aplausos-da-camara-municipal\/"},"author":{"name":"adminuvb","@id":"https:\/\/uvbbrasil.com.br\/#\/schema\/person\/17990098446c098f52effddff4f1b272"},"headline":"Porto Nacional\/TO-Professoras da rede municipal recebem mo\u00e7\u00e3o de aplausos da C\u00e2mara Municipal","datePublished":"2023-03-03T12:15:07+00:00","mainEntityOfPage":{"@id":"https:\/\/uvbbrasil.com.br\/porto-nacional-to-professoras-da-rede-municipal-recebem-mocao-de-aplausos-da-camara-municipal\/"},"wordCount":208,"commentCount":0,"publisher":{"@id":"https:\/\/uvbbrasil.com.br\/#organization"},"image":{"@id":"https:\/\/uvbbrasil.com.br\/porto-nacional-to-professoras-da-rede-municipal-recebem-mocao-de-aplausos-da-camara-municipal\/#primaryimage"},"thumbnailUrl":"https:\/\/uvbbrasil.com.br\/wp-content\/uploads\/2023\/03\/porto-nacional.jpg","articleSection":["NOT\u00cdCIAS"],"inLanguage":"pt-BR","potentialAction":[{"@type":"CommentAction","name":"Comment","target":["https:\/\/uvbbrasil.com.br\/porto-nacional-to-professoras-da-rede-municipal-recebem-mocao-de-aplausos-da-camara-municipal\/#respond"]}]},{"@type":"WebPage","@id":"https:\/\/uvbbrasil.com.br\/porto-nacional-to-professoras-da-rede-municipal-recebem-mocao-de-aplausos-da-camara-municipal\/","url":"https:\/\/uvbbrasil.com.br\/porto-nacional-to-professoras-da-rede-municipal-recebem-mocao-de-aplausos-da-camara-municipal\/","name":"Porto Nacional\/TO-Professoras da rede municipal recebem mo\u00e7\u00e3o de aplausos da C\u00e2mara Municipal - UVB Brasil","isPartOf":{"@id":"https:\/\/uvbbrasil.com.br\/#website"},"primaryImageOfPage":{"@id":"https:\/\/uvbbrasil.com.br\/porto-nacional-to-professoras-da-rede-municipal-recebem-mocao-de-aplausos-da-camara-municipal\/#primaryimage"},"image":{"@id":"https:\/\/uvbbrasil.com.br\/porto-nacional-to-professoras-da-rede-municipal-recebem-mocao-de-aplausos-da-camara-municipal\/#primaryimage"},"thumbnailUrl":"https:\/\/uvbbrasil.com.br\/wp-content\/uploads\/2023\/03\/porto-nacional.jpg","datePublished":"2023-03-03T12:15:07+00:00","breadcrumb":{"@id":"https:\/\/uvbbrasil.com.br\/porto-nacional-to-professoras-da-rede-municipal-recebem-mocao-de-aplausos-da-camara-municipal\/#breadcrumb"},"inLanguage":"pt-BR","potentialAction":[{"@type":"ReadAction","target":["https:\/\/uvbbrasil.com.br\/porto-nacional-to-professoras-da-rede-municipal-recebem-mocao-de-aplausos-da-camara-municipal\/"]}]},{"@type":"ImageObject","inLanguage":"pt-BR","@id":"https:\/\/uvbbrasil.com.br\/porto-nacional-to-professoras-da-rede-municipal-recebem-mocao-de-aplausos-da-camara-municipal\/#primaryimage","url":"https:\/\/uvbbrasil.com.br\/wp-content\/uploads\/2023\/03\/porto-nacional.jpg","contentUrl":"https:\/\/uvbbrasil.com.br\/wp-content\/uploads\/2023\/03\/porto-nacional.jpg","width":1600,"height":1059},{"@type":"BreadcrumbList","@id":"https:\/\/uvbbrasil.com.br\/porto-nacional-to-professoras-da-rede-municipal-recebem-mocao-de-aplausos-da-camara-municipal\/#breadcrumb","itemListElement":[{"@type":"ListItem","position":1,"name":"In\u00edcio","item":"https:\/\/uvbbrasil.com.br\/"},{"@type":"ListItem","position":2,"name":"Porto Nacional\/TO-Professoras da rede municipal recebem mo\u00e7\u00e3o de aplausos da C\u00e2mara Municipal"}]},{"@type":"WebSite","@id":"https:\/\/uvbbrasil.com.br\/#website","url":"https:\/\/uvbbrasil.com.br\/","name":"UVB Brasil","description":"Uni\u00e3o dos Vereadores do Brasil","publisher":{"@id":"https:\/\/uvbbrasil.com.br\/#organization"},"potentialAction":[{"@type":"SearchAction","target":{"@type":"EntryPoint","urlTemplate":"https:\/\/uvbbrasil.com.br\/?s={search_term_string}"},"query-input":{"@type":"PropertyValueSpecification","valueRequired":true,"valueName":"search_term_string"}}],"inLanguage":"pt-BR"},{"@type":"Organization","@id":"https:\/\/uvbbrasil.com.br\/#organization","name":"UVB Brasil","url":"https:\/\/uvbbrasil.com.br\/","logo":{"@type":"ImageObject","inLanguage":"pt-BR","@id":"https:\/\/uvbbrasil.com.br\/#\/schema\/logo\/image\/","url":"https:\/\/uvbbrasil.com.br\/wp-content\/uploads\/2025\/01\/LOGO-UVB-2024-azul-1.jpg","contentUrl":"https:\/\/uvbbrasil.com.br\/wp-content\/uploads\/2025\/01\/LOGO-UVB-2024-azul-1.jpg","width":600,"height":211,"caption":"UVB Brasil"},"image":{"@id":"https:\/\/uvbbrasil.com.br\/#\/schema\/logo\/image\/"},"sameAs":["https:\/\/www.facebook.com\/uvb.vereadoresbrasil","https:\/\/www.instagram.com\/uvbbrasil\/","https:\/\/www.youtube.com\/channel\/UCIlPQ8Xzw5GHNzosQIg9S5A"]},{"@type":"Person","@id":"https:\/\/uvbbrasil.com.br\/#\/schema\/person\/17990098446c098f52effddff4f1b272","name":"adminuvb","image":{"@type":"ImageObject","inLanguage":"pt-BR","@id":"https:\/\/secure.gravatar.com\/avatar\/1a494ea6f8e2dd1ae526e55b0e9497efdba542491e0620d704cccf63c6f77c45?s=96&d=mm&r=g","url":"https:\/\/secure.gravatar.com\/avatar\/1a494ea6f8e2dd1ae526e55b0e9497efdba542491e0620d704cccf63c6f77c45?s=96&d=mm&r=g","contentUrl":"https:\/\/secure.gravatar.com\/avatar\/1a494ea6f8e2dd1ae526e55b0e9497efdba542491e0620d704cccf63c6f77c45?s=96&d=mm&r=g","caption":"adminuvb"},"sameAs":["https:\/\/uvbbrasil.com.br"],"url":"https:\/\/uvbbrasil.com.br\/author\/adminuvb\/"}]}},"_links":{"self":[{"href":"https:\/\/uvbbrasil.com.br\/uvb-json\/wp\/v2\/posts\/28567","targetHints":{"allow":["GET"]}}],"collection":[{"href":"https:\/\/uvbbrasil.com.br\/uvb-json\/wp\/v2\/posts"}],"about":[{"href":"https:\/\/uvbbrasil.com.br\/uvb-json\/wp\/v2\/types\/post"}],"author":[{"embeddable":true,"href":"https:\/\/uvbbrasil.com.br\/uvb-json\/wp\/v2\/users\/1"}],"replies":[{"embeddable":true,"href":"https:\/\/uvbbrasil.com.br\/uvb-json\/wp\/v2\/comments?post=28567"}],"version-history":[{"count":0,"href":"https:\/\/uvbbrasil.com.br\/uvb-json\/wp\/v2\/posts\/28567\/revisions"}],"wp:featuredmedia":[{"embeddable":true,"href":"https:\/\/uvbbrasil.com.br\/uvb-json\/wp\/v2\/media\/28568"}],"wp:attachment":[{"href":"https:\/\/uvbbrasil.com.br\/uvb-json\/wp\/v2\/media?parent=28567"}],"wp:term":[{"taxonomy":"category","embeddable":true,"href":"https:\/\/uvbbrasil.com.br\/uvb-json\/wp\/v2\/categories?post=28567"},{"taxonomy":"post_tag","embeddable":true,"href":"https:\/\/uvbbrasil.com.br\/uvb-json\/wp\/v2\/tags?post=28567"}],"curies":[{"name":"wp","href":"https:\/\/api.w.org\/{rel}","templated":true}]}}