{"id":28548,"date":"2023-03-01T11:39:27","date_gmt":"2023-03-01T14:39:27","guid":{"rendered":"https:\/\/wpsandbox4.pante.com.br\/?p=28548"},"modified":"2023-03-01T11:39:27","modified_gmt":"2023-03-01T14:39:27","slug":"cacoal-ro-cargo-de-procurador-geral-da-camara-municipal-de-cacoal-e-constitucional-decide-stf","status":"publish","type":"post","link":"https:\/\/uvbbrasil.com.br\/cacoal-ro-cargo-de-procurador-geral-da-camara-municipal-de-cacoal-e-constitucional-decide-stf\/","title":{"rendered":"Cacoal\/RO- Cargo de Procurador Geral da C\u00e2mara Municipal de Cacoal, \u00e9 constitucional, decide STF"},"content":{"rendered":"<p>A informa\u00e7\u00e3o sobre a decis\u00e3o do Supremo Tribunal Federal (STF), proferida pelo relator ministro Nunes Marques negando provimento ao recurso extraordin\u00e1rio 1.358.997\/RO, e rejeitando os embargos de declara\u00e7\u00e3o em direta de inconstitucionalidade referente ao cargo comissionado de Procurador Geral da Casa de Leis, foi recebida pelo presidente da C\u00e2mara Municipal nesta segunda quinzena de fevereiro de 2023 atrav\u00e9s do of\u00edcio 68\/2023 &#8211; CPleno\/TJRO.<\/p>\n<p>Na decis\u00e3o, o ministro destaca: \u201c\u00c9 firme a jurisprud\u00eancia do Supremo Tribunal Federal que n\u00e3o cabe \u00e0 Constitui\u00e7\u00e3o Estadual restringir o poder de auto-organiza\u00e7\u00e3o dos Munic\u00edpios de modo a agravar os par\u00e2metros limitadores previstos na Constitui\u00e7\u00e3o Federal\u201d.<\/p>\n<p>Ao receber oficialmente o comunicado, o presidente ressaltou que a decis\u00e3o, mais uma vez comprova que &#8220;trabalhamos com seriedade e sempre pautado na legalidade e transpar\u00eancia em todos os atos na C\u00e2mara Municipal de Cacoal&#8221;.<\/p>\n<p><strong>CONFIRA A DECIS\u00c3O NA \u00cdNTEGRA:<\/strong><\/p>\n<p><strong><a class=\"internal-link\" title=\"RECURSO EXTRAORDIN\u00c1RIO 1.358.997 RO\" href=\"https:\/\/www.cacoal.ro.leg.br\/institucional\/noticias\/CamScanner0228202313.03.pdf\" target=\"_blank\" rel=\"noopener\">Recurso extraordin\u00e1rio 1.358.997\/RO &#8211; Of\u00edcio 68\/2023 CPLENO TJRO<\/a><\/strong><\/p>\n<p><strong><a class=\"internal-link\" title=\"EMBARGO STF - MIN. NUNES MARQUES\" href=\"https:\/\/www.cacoal.ro.leg.br\/institucional\/noticias\/STFOK.pdf\" target=\"_blank\" rel=\"noopener\">EMBARGO STF &#8211; MIN. NUNES MARQUES<\/a><\/strong><\/p>\n<p><img fetchpriority=\"high\" decoding=\"async\" class=\"alignnone size-medium wp-image-28549\" src=\"https:\/\/uvbbrasil.com.br\/wp-content\/uploads\/2023\/03\/image-6-300x169.jpg\" alt=\"\" width=\"300\" height=\"169\" srcset=\"https:\/\/uvbbrasil.com.br\/wp-content\/uploads\/2023\/03\/image-6-300x169.jpg 300w, https:\/\/uvbbrasil.com.br\/wp-content\/uploads\/2023\/03\/image-6-1024x576.jpg 1024w, https:\/\/uvbbrasil.com.br\/wp-content\/uploads\/2023\/03\/image-6-768x432.jpg 768w, https:\/\/uvbbrasil.com.br\/wp-content\/uploads\/2023\/03\/image-6-1536x864.jpg 1536w, https:\/\/uvbbrasil.com.br\/wp-content\/uploads\/2023\/03\/image-6.jpg 1600w\" sizes=\"(max-width: 300px) 100vw, 300px\" \/><\/p>\n","protected":false},"excerpt":{"rendered":"<p>A informa\u00e7\u00e3o sobre a decis\u00e3o do Supremo Tribunal Federal (STF), proferida pelo relator ministro Nunes Marques negando provimento ao recurso&#8230;<\/p>\n","protected":false},"author":1,"featured_media":28549,"comment_status":"open","ping_status":"open","sticky":false,"template":"","format":"standard","meta":{"footnotes":""},"categories":[3],"tags":[],"class_list":["post-28548","post","type-post","status-publish","format-standard","has-post-thumbnail","hentry","category-noticias"],"yoast_head":"<!-- This site is optimized with the Yoast SEO plugin v26.7 - https:\/\/yoast.com\/wordpress\/plugins\/seo\/ -->\n<title>Cacoal\/RO- Cargo de Procurador Geral da C\u00e2mara Municipal de Cacoal, \u00e9 constitucional, decide STF - UVB Brasil<\/title>\n<meta name=\"robots\" content=\"index, follow, max-snippet:-1, max-image-preview:large, max-video-preview:-1\" \/>\n<link rel=\"canonical\" href=\"https:\/\/uvbbrasil.com.br\/cacoal-ro-cargo-de-procurador-geral-da-camara-municipal-de-cacoal-e-constitucional-decide-stf\/\" \/>\n<meta property=\"og:locale\" content=\"pt_BR\" \/>\n<meta property=\"og:type\" content=\"article\" \/>\n<meta property=\"og:title\" content=\"Cacoal\/RO- Cargo de Procurador Geral da C\u00e2mara Municipal de Cacoal, \u00e9 constitucional, decide STF - UVB Brasil\" \/>\n<meta property=\"og:description\" content=\"A informa\u00e7\u00e3o sobre a decis\u00e3o do Supremo Tribunal Federal (STF), proferida pelo relator ministro Nunes Marques negando provimento ao recurso...\" \/>\n<meta property=\"og:url\" content=\"https:\/\/uvbbrasil.com.br\/cacoal-ro-cargo-de-procurador-geral-da-camara-municipal-de-cacoal-e-constitucional-decide-stf\/\" \/>\n<meta property=\"og:site_name\" content=\"UVB Brasil\" \/>\n<meta property=\"article:publisher\" content=\"https:\/\/www.facebook.com\/uvb.vereadoresbrasil\" \/>\n<meta property=\"article:published_time\" content=\"2023-03-01T14:39:27+00:00\" \/>\n<meta property=\"og:image\" content=\"https:\/\/uvbbrasil.com.br\/wp-content\/uploads\/2023\/03\/image-6.jpg\" \/>\n\t<meta property=\"og:image:width\" content=\"1600\" \/>\n\t<meta property=\"og:image:height\" content=\"900\" \/>\n\t<meta property=\"og:image:type\" content=\"image\/jpeg\" \/>\n<meta name=\"author\" content=\"adminuvb\" \/>\n<meta name=\"twitter:card\" content=\"summary_large_image\" \/>\n<meta name=\"twitter:label1\" content=\"Escrito por\" \/>\n\t<meta name=\"twitter:data1\" content=\"adminuvb\" \/>\n\t<meta name=\"twitter:label2\" content=\"Est. tempo de leitura\" \/>\n\t<meta name=\"twitter:data2\" content=\"1 minuto\" \/>\n<script type=\"application\/ld+json\" class=\"yoast-schema-graph\">{\"@context\":\"https:\/\/schema.org\",\"@graph\":[{\"@type\":\"Article\",\"@id\":\"https:\/\/uvbbrasil.com.br\/cacoal-ro-cargo-de-procurador-geral-da-camara-municipal-de-cacoal-e-constitucional-decide-stf\/#article\",\"isPartOf\":{\"@id\":\"https:\/\/uvbbrasil.com.br\/cacoal-ro-cargo-de-procurador-geral-da-camara-municipal-de-cacoal-e-constitucional-decide-stf\/\"},\"author\":{\"name\":\"adminuvb\",\"@id\":\"https:\/\/uvbbrasil.com.br\/#\/schema\/person\/17990098446c098f52effddff4f1b272\"},\"headline\":\"Cacoal\/RO- Cargo de Procurador Geral da C\u00e2mara Municipal de Cacoal, \u00e9 constitucional, decide STF\",\"datePublished\":\"2023-03-01T14:39:27+00:00\",\"mainEntityOfPage\":{\"@id\":\"https:\/\/uvbbrasil.com.br\/cacoal-ro-cargo-de-procurador-geral-da-camara-municipal-de-cacoal-e-constitucional-decide-stf\/\"},\"wordCount\":186,\"commentCount\":0,\"publisher\":{\"@id\":\"https:\/\/uvbbrasil.com.br\/#organization\"},\"image\":{\"@id\":\"https:\/\/uvbbrasil.com.br\/cacoal-ro-cargo-de-procurador-geral-da-camara-municipal-de-cacoal-e-constitucional-decide-stf\/#primaryimage\"},\"thumbnailUrl\":\"https:\/\/uvbbrasil.com.br\/wp-content\/uploads\/2023\/03\/image-6.jpg\",\"articleSection\":[\"NOT\u00cdCIAS\"],\"inLanguage\":\"pt-BR\",\"potentialAction\":[{\"@type\":\"CommentAction\",\"name\":\"Comment\",\"target\":[\"https:\/\/uvbbrasil.com.br\/cacoal-ro-cargo-de-procurador-geral-da-camara-municipal-de-cacoal-e-constitucional-decide-stf\/#respond\"]}]},{\"@type\":\"WebPage\",\"@id\":\"https:\/\/uvbbrasil.com.br\/cacoal-ro-cargo-de-procurador-geral-da-camara-municipal-de-cacoal-e-constitucional-decide-stf\/\",\"url\":\"https:\/\/uvbbrasil.com.br\/cacoal-ro-cargo-de-procurador-geral-da-camara-municipal-de-cacoal-e-constitucional-decide-stf\/\",\"name\":\"Cacoal\/RO- Cargo de Procurador Geral da C\u00e2mara Municipal de Cacoal, \u00e9 constitucional, decide STF - UVB Brasil\",\"isPartOf\":{\"@id\":\"https:\/\/uvbbrasil.com.br\/#website\"},\"primaryImageOfPage\":{\"@id\":\"https:\/\/uvbbrasil.com.br\/cacoal-ro-cargo-de-procurador-geral-da-camara-municipal-de-cacoal-e-constitucional-decide-stf\/#primaryimage\"},\"image\":{\"@id\":\"https:\/\/uvbbrasil.com.br\/cacoal-ro-cargo-de-procurador-geral-da-camara-municipal-de-cacoal-e-constitucional-decide-stf\/#primaryimage\"},\"thumbnailUrl\":\"https:\/\/uvbbrasil.com.br\/wp-content\/uploads\/2023\/03\/image-6.jpg\",\"datePublished\":\"2023-03-01T14:39:27+00:00\",\"breadcrumb\":{\"@id\":\"https:\/\/uvbbrasil.com.br\/cacoal-ro-cargo-de-procurador-geral-da-camara-municipal-de-cacoal-e-constitucional-decide-stf\/#breadcrumb\"},\"inLanguage\":\"pt-BR\",\"potentialAction\":[{\"@type\":\"ReadAction\",\"target\":[\"https:\/\/uvbbrasil.com.br\/cacoal-ro-cargo-de-procurador-geral-da-camara-municipal-de-cacoal-e-constitucional-decide-stf\/\"]}]},{\"@type\":\"ImageObject\",\"inLanguage\":\"pt-BR\",\"@id\":\"https:\/\/uvbbrasil.com.br\/cacoal-ro-cargo-de-procurador-geral-da-camara-municipal-de-cacoal-e-constitucional-decide-stf\/#primaryimage\",\"url\":\"https:\/\/uvbbrasil.com.br\/wp-content\/uploads\/2023\/03\/image-6.jpg\",\"contentUrl\":\"https:\/\/uvbbrasil.com.br\/wp-content\/uploads\/2023\/03\/image-6.jpg\",\"width\":1600,\"height\":900},{\"@type\":\"BreadcrumbList\",\"@id\":\"https:\/\/uvbbrasil.com.br\/cacoal-ro-cargo-de-procurador-geral-da-camara-municipal-de-cacoal-e-constitucional-decide-stf\/#breadcrumb\",\"itemListElement\":[{\"@type\":\"ListItem\",\"position\":1,\"name\":\"In\u00edcio\",\"item\":\"https:\/\/uvbbrasil.com.br\/\"},{\"@type\":\"ListItem\",\"position\":2,\"name\":\"Cacoal\/RO- Cargo de Procurador Geral da C\u00e2mara Municipal de Cacoal, \u00e9 constitucional, decide STF\"}]},{\"@type\":\"WebSite\",\"@id\":\"https:\/\/uvbbrasil.com.br\/#website\",\"url\":\"https:\/\/uvbbrasil.com.br\/\",\"name\":\"UVB Brasil\",\"description\":\"Uni\u00e3o dos Vereadores do Brasil\",\"publisher\":{\"@id\":\"https:\/\/uvbbrasil.com.br\/#organization\"},\"potentialAction\":[{\"@type\":\"SearchAction\",\"target\":{\"@type\":\"EntryPoint\",\"urlTemplate\":\"https:\/\/uvbbrasil.com.br\/?s={search_term_string}\"},\"query-input\":{\"@type\":\"PropertyValueSpecification\",\"valueRequired\":true,\"valueName\":\"search_term_string\"}}],\"inLanguage\":\"pt-BR\"},{\"@type\":\"Organization\",\"@id\":\"https:\/\/uvbbrasil.com.br\/#organization\",\"name\":\"UVB Brasil\",\"url\":\"https:\/\/uvbbrasil.com.br\/\",\"logo\":{\"@type\":\"ImageObject\",\"inLanguage\":\"pt-BR\",\"@id\":\"https:\/\/uvbbrasil.com.br\/#\/schema\/logo\/image\/\",\"url\":\"https:\/\/uvbbrasil.com.br\/wp-content\/uploads\/2025\/01\/LOGO-UVB-2024-azul-1.jpg\",\"contentUrl\":\"https:\/\/uvbbrasil.com.br\/wp-content\/uploads\/2025\/01\/LOGO-UVB-2024-azul-1.jpg\",\"width\":600,\"height\":211,\"caption\":\"UVB Brasil\"},\"image\":{\"@id\":\"https:\/\/uvbbrasil.com.br\/#\/schema\/logo\/image\/\"},\"sameAs\":[\"https:\/\/www.facebook.com\/uvb.vereadoresbrasil\",\"https:\/\/www.instagram.com\/uvbbrasil\/\",\"https:\/\/www.youtube.com\/channel\/UCIlPQ8Xzw5GHNzosQIg9S5A\"]},{\"@type\":\"Person\",\"@id\":\"https:\/\/uvbbrasil.com.br\/#\/schema\/person\/17990098446c098f52effddff4f1b272\",\"name\":\"adminuvb\",\"image\":{\"@type\":\"ImageObject\",\"inLanguage\":\"pt-BR\",\"@id\":\"https:\/\/uvbbrasil.com.br\/#\/schema\/person\/image\/\",\"url\":\"https:\/\/secure.gravatar.com\/avatar\/1a494ea6f8e2dd1ae526e55b0e9497efdba542491e0620d704cccf63c6f77c45?s=96&d=mm&r=g\",\"contentUrl\":\"https:\/\/secure.gravatar.com\/avatar\/1a494ea6f8e2dd1ae526e55b0e9497efdba542491e0620d704cccf63c6f77c45?s=96&d=mm&r=g\",\"caption\":\"adminuvb\"},\"sameAs\":[\"https:\/\/uvbbrasil.com.br\"],\"url\":\"https:\/\/uvbbrasil.com.br\/author\/adminuvb\/\"}]}<\/script>\n<!-- \/ Yoast SEO plugin. -->","yoast_head_json":{"title":"Cacoal\/RO- Cargo de Procurador Geral da C\u00e2mara Municipal de Cacoal, \u00e9 constitucional, decide STF - UVB Brasil","robots":{"index":"index","follow":"follow","max-snippet":"max-snippet:-1","max-image-preview":"max-image-preview:large","max-video-preview":"max-video-preview:-1"},"canonical":"https:\/\/uvbbrasil.com.br\/cacoal-ro-cargo-de-procurador-geral-da-camara-municipal-de-cacoal-e-constitucional-decide-stf\/","og_locale":"pt_BR","og_type":"article","og_title":"Cacoal\/RO- Cargo de Procurador Geral da C\u00e2mara Municipal de Cacoal, \u00e9 constitucional, decide STF - UVB Brasil","og_description":"A informa\u00e7\u00e3o sobre a decis\u00e3o do Supremo Tribunal Federal (STF), proferida pelo relator ministro Nunes Marques negando provimento ao recurso...","og_url":"https:\/\/uvbbrasil.com.br\/cacoal-ro-cargo-de-procurador-geral-da-camara-municipal-de-cacoal-e-constitucional-decide-stf\/","og_site_name":"UVB Brasil","article_publisher":"https:\/\/www.facebook.com\/uvb.vereadoresbrasil","article_published_time":"2023-03-01T14:39:27+00:00","og_image":[{"width":1600,"height":900,"url":"https:\/\/uvbbrasil.com.br\/wp-content\/uploads\/2023\/03\/image-6.jpg","type":"image\/jpeg"}],"author":"adminuvb","twitter_card":"summary_large_image","twitter_misc":{"Escrito por":"adminuvb","Est. tempo de leitura":"1 minuto"},"schema":{"@context":"https:\/\/schema.org","@graph":[{"@type":"Article","@id":"https:\/\/uvbbrasil.com.br\/cacoal-ro-cargo-de-procurador-geral-da-camara-municipal-de-cacoal-e-constitucional-decide-stf\/#article","isPartOf":{"@id":"https:\/\/uvbbrasil.com.br\/cacoal-ro-cargo-de-procurador-geral-da-camara-municipal-de-cacoal-e-constitucional-decide-stf\/"},"author":{"name":"adminuvb","@id":"https:\/\/uvbbrasil.com.br\/#\/schema\/person\/17990098446c098f52effddff4f1b272"},"headline":"Cacoal\/RO- Cargo de Procurador Geral da C\u00e2mara Municipal de Cacoal, \u00e9 constitucional, decide STF","datePublished":"2023-03-01T14:39:27+00:00","mainEntityOfPage":{"@id":"https:\/\/uvbbrasil.com.br\/cacoal-ro-cargo-de-procurador-geral-da-camara-municipal-de-cacoal-e-constitucional-decide-stf\/"},"wordCount":186,"commentCount":0,"publisher":{"@id":"https:\/\/uvbbrasil.com.br\/#organization"},"image":{"@id":"https:\/\/uvbbrasil.com.br\/cacoal-ro-cargo-de-procurador-geral-da-camara-municipal-de-cacoal-e-constitucional-decide-stf\/#primaryimage"},"thumbnailUrl":"https:\/\/uvbbrasil.com.br\/wp-content\/uploads\/2023\/03\/image-6.jpg","articleSection":["NOT\u00cdCIAS"],"inLanguage":"pt-BR","potentialAction":[{"@type":"CommentAction","name":"Comment","target":["https:\/\/uvbbrasil.com.br\/cacoal-ro-cargo-de-procurador-geral-da-camara-municipal-de-cacoal-e-constitucional-decide-stf\/#respond"]}]},{"@type":"WebPage","@id":"https:\/\/uvbbrasil.com.br\/cacoal-ro-cargo-de-procurador-geral-da-camara-municipal-de-cacoal-e-constitucional-decide-stf\/","url":"https:\/\/uvbbrasil.com.br\/cacoal-ro-cargo-de-procurador-geral-da-camara-municipal-de-cacoal-e-constitucional-decide-stf\/","name":"Cacoal\/RO- Cargo de Procurador Geral da C\u00e2mara Municipal de Cacoal, \u00e9 constitucional, decide STF - UVB Brasil","isPartOf":{"@id":"https:\/\/uvbbrasil.com.br\/#website"},"primaryImageOfPage":{"@id":"https:\/\/uvbbrasil.com.br\/cacoal-ro-cargo-de-procurador-geral-da-camara-municipal-de-cacoal-e-constitucional-decide-stf\/#primaryimage"},"image":{"@id":"https:\/\/uvbbrasil.com.br\/cacoal-ro-cargo-de-procurador-geral-da-camara-municipal-de-cacoal-e-constitucional-decide-stf\/#primaryimage"},"thumbnailUrl":"https:\/\/uvbbrasil.com.br\/wp-content\/uploads\/2023\/03\/image-6.jpg","datePublished":"2023-03-01T14:39:27+00:00","breadcrumb":{"@id":"https:\/\/uvbbrasil.com.br\/cacoal-ro-cargo-de-procurador-geral-da-camara-municipal-de-cacoal-e-constitucional-decide-stf\/#breadcrumb"},"inLanguage":"pt-BR","potentialAction":[{"@type":"ReadAction","target":["https:\/\/uvbbrasil.com.br\/cacoal-ro-cargo-de-procurador-geral-da-camara-municipal-de-cacoal-e-constitucional-decide-stf\/"]}]},{"@type":"ImageObject","inLanguage":"pt-BR","@id":"https:\/\/uvbbrasil.com.br\/cacoal-ro-cargo-de-procurador-geral-da-camara-municipal-de-cacoal-e-constitucional-decide-stf\/#primaryimage","url":"https:\/\/uvbbrasil.com.br\/wp-content\/uploads\/2023\/03\/image-6.jpg","contentUrl":"https:\/\/uvbbrasil.com.br\/wp-content\/uploads\/2023\/03\/image-6.jpg","width":1600,"height":900},{"@type":"BreadcrumbList","@id":"https:\/\/uvbbrasil.com.br\/cacoal-ro-cargo-de-procurador-geral-da-camara-municipal-de-cacoal-e-constitucional-decide-stf\/#breadcrumb","itemListElement":[{"@type":"ListItem","position":1,"name":"In\u00edcio","item":"https:\/\/uvbbrasil.com.br\/"},{"@type":"ListItem","position":2,"name":"Cacoal\/RO- Cargo de Procurador Geral da C\u00e2mara Municipal de Cacoal, \u00e9 constitucional, decide STF"}]},{"@type":"WebSite","@id":"https:\/\/uvbbrasil.com.br\/#website","url":"https:\/\/uvbbrasil.com.br\/","name":"UVB Brasil","description":"Uni\u00e3o dos Vereadores do Brasil","publisher":{"@id":"https:\/\/uvbbrasil.com.br\/#organization"},"potentialAction":[{"@type":"SearchAction","target":{"@type":"EntryPoint","urlTemplate":"https:\/\/uvbbrasil.com.br\/?s={search_term_string}"},"query-input":{"@type":"PropertyValueSpecification","valueRequired":true,"valueName":"search_term_string"}}],"inLanguage":"pt-BR"},{"@type":"Organization","@id":"https:\/\/uvbbrasil.com.br\/#organization","name":"UVB Brasil","url":"https:\/\/uvbbrasil.com.br\/","logo":{"@type":"ImageObject","inLanguage":"pt-BR","@id":"https:\/\/uvbbrasil.com.br\/#\/schema\/logo\/image\/","url":"https:\/\/uvbbrasil.com.br\/wp-content\/uploads\/2025\/01\/LOGO-UVB-2024-azul-1.jpg","contentUrl":"https:\/\/uvbbrasil.com.br\/wp-content\/uploads\/2025\/01\/LOGO-UVB-2024-azul-1.jpg","width":600,"height":211,"caption":"UVB Brasil"},"image":{"@id":"https:\/\/uvbbrasil.com.br\/#\/schema\/logo\/image\/"},"sameAs":["https:\/\/www.facebook.com\/uvb.vereadoresbrasil","https:\/\/www.instagram.com\/uvbbrasil\/","https:\/\/www.youtube.com\/channel\/UCIlPQ8Xzw5GHNzosQIg9S5A"]},{"@type":"Person","@id":"https:\/\/uvbbrasil.com.br\/#\/schema\/person\/17990098446c098f52effddff4f1b272","name":"adminuvb","image":{"@type":"ImageObject","inLanguage":"pt-BR","@id":"https:\/\/uvbbrasil.com.br\/#\/schema\/person\/image\/","url":"https:\/\/secure.gravatar.com\/avatar\/1a494ea6f8e2dd1ae526e55b0e9497efdba542491e0620d704cccf63c6f77c45?s=96&d=mm&r=g","contentUrl":"https:\/\/secure.gravatar.com\/avatar\/1a494ea6f8e2dd1ae526e55b0e9497efdba542491e0620d704cccf63c6f77c45?s=96&d=mm&r=g","caption":"adminuvb"},"sameAs":["https:\/\/uvbbrasil.com.br"],"url":"https:\/\/uvbbrasil.com.br\/author\/adminuvb\/"}]}},"_links":{"self":[{"href":"https:\/\/uvbbrasil.com.br\/uvb-json\/wp\/v2\/posts\/28548","targetHints":{"allow":["GET"]}}],"collection":[{"href":"https:\/\/uvbbrasil.com.br\/uvb-json\/wp\/v2\/posts"}],"about":[{"href":"https:\/\/uvbbrasil.com.br\/uvb-json\/wp\/v2\/types\/post"}],"author":[{"embeddable":true,"href":"https:\/\/uvbbrasil.com.br\/uvb-json\/wp\/v2\/users\/1"}],"replies":[{"embeddable":true,"href":"https:\/\/uvbbrasil.com.br\/uvb-json\/wp\/v2\/comments?post=28548"}],"version-history":[{"count":0,"href":"https:\/\/uvbbrasil.com.br\/uvb-json\/wp\/v2\/posts\/28548\/revisions"}],"wp:featuredmedia":[{"embeddable":true,"href":"https:\/\/uvbbrasil.com.br\/uvb-json\/wp\/v2\/media\/28549"}],"wp:attachment":[{"href":"https:\/\/uvbbrasil.com.br\/uvb-json\/wp\/v2\/media?parent=28548"}],"wp:term":[{"taxonomy":"category","embeddable":true,"href":"https:\/\/uvbbrasil.com.br\/uvb-json\/wp\/v2\/categories?post=28548"},{"taxonomy":"post_tag","embeddable":true,"href":"https:\/\/uvbbrasil.com.br\/uvb-json\/wp\/v2\/tags?post=28548"}],"curies":[{"name":"wp","href":"https:\/\/api.w.org\/{rel}","templated":true}]}}