{"id":28261,"date":"2023-02-05T06:22:22","date_gmt":"2023-02-05T09:22:22","guid":{"rendered":"https:\/\/wpsandbox4.pante.com.br\/?p=28261"},"modified":"2023-02-05T06:22:22","modified_gmt":"2023-02-05T09:22:22","slug":"palhano-ce-e-viseu-pa-elegem-neste-domingo-5-novos-prefeitos-em-eleicoes-suplementares","status":"publish","type":"post","link":"https:\/\/uvbbrasil.com.br\/palhano-ce-e-viseu-pa-elegem-neste-domingo-5-novos-prefeitos-em-eleicoes-suplementares\/","title":{"rendered":"Palhano (CE) e Viseu (PA) elegem neste domingo (5) novos prefeitos em elei\u00e7\u00f5es suplementares"},"content":{"rendered":"<p class=\"noticia-subtitulo\">Pleitos ocorrem das 8h \u00e0s 17h. Eleitos v\u00e3o exercer os mandatos at\u00e9 31 de dezembro de 2024<\/p>\n<p>Neste domingo (5), das 8h \u00e0s 17h, as eleitoras e os eleitores dos munic\u00edpios de Palhano (CE) e Viseu (PA) voltar\u00e3o \u00e0s urnas para eleger os novos prefeitos e vice-prefeitos em\u00a0 elei\u00e7\u00f5es suplementares. Os candidatos eleitos exercer\u00e3o os mandatos at\u00e9 31 de dezembro de 2024. A consulta aos concorrentes pode ser feita no sistema\u00a0<a href=\"https:\/\/divulgacandcontas.tse.jus.br\/divulga\/#\/\">DivulgaCandContas<\/a>.<\/p>\n<p>As elei\u00e7\u00f5es suplementares ocorrem, em regra, quando h\u00e1 a anula\u00e7\u00e3o de mais da metade dos votos concedidos ao candidato ao Executivo \u2013 no caso, ao cargo de prefeito. Essa anula\u00e7\u00e3o \u00e9 determinada pela Justi\u00e7a Eleitoral ao negar o registro de candidatura ou cassar o diploma ou o mandato do pol\u00edtico j\u00e1 eleito.<\/p>\n<p>No entanto, no caso do munic\u00edpio cearense de Palhano, a elei\u00e7\u00e3o suplementar, que ser\u00e1 disputada pelos candidatos Batista da Mariana (PSD) e Jos\u00e9 do Lal\u00e1 (PT), foi convocada por uma situa\u00e7\u00e3o inusitada: a dupla vac\u00e2ncia por falecimento do prefeito e do vice. O ent\u00e3o chefe do Executivo local, Ivanildo Nunes da Silva, morreu em 3 de abril de 2021. Depois, em 1\u00ba de dezembro de 2022, faleceu o vice-prefeito,\u00a0Francisco Erisson Ferreira, que j\u00e1 atuava como titular da Prefeitura desde a morte do antecessor.<\/p>\n<p>J\u00e1 em Viseu, no Par\u00e1, o eleitorado poder\u00e1 votar em Cristiano Vale (PP) ou em\u00a0Maria Rosalina Ribeiro dos Santos, a M\u00e3e da Carla Parente (PSD). Quem vencer substituir\u00e1 o atual prefeito, Isaias Jos\u00e9 Silva Oliveira Neto (PL), e o vice, Franklin Costa Sousa (MDB), que foram afastados dos cargos por abuso do poder pol\u00edtico nas Elei\u00e7\u00f5es 2020.<\/p>\n<p><strong>Documentos<\/strong><\/p>\n<p>Para votar, os eleitores\u00a0devem levar um documento de identifica\u00e7\u00e3o com foto, que pode ser carteira de identidade (RG), passaporte, certificado de reservista, carteira de trabalho ou Carteira Nacional de Habilita\u00e7\u00e3o (CNH).\u00a0A apresenta\u00e7\u00e3o do t\u00edtulo eleitoral (f\u00edsico ou digital, emitido pelo e-T\u00edtulo) n\u00e3o \u00e9 obrigat\u00f3ria, mas agiliza o atendimento na se\u00e7\u00e3o eleitoral.<\/p>\n<p><strong>Legisla\u00e7\u00e3o<\/strong><\/p>\n<p>Os pleitos suplementares est\u00e3o previstos no C\u00f3digo Eleitoral (par\u00e1grafo 3\u00ba, artigo 224). De acordo com o dispositivo, devem ser marcadas novas elei\u00e7\u00f5es sempre que houver, independentemente do n\u00famero de votos anulados e ap\u00f3s o tr\u00e2nsito em julgado, \u201cdecis\u00e3o da Justi\u00e7a Eleitoral que importe o indeferimento do registro, a cassa\u00e7\u00e3o do diploma ou a perda do mandato de candidato eleito em pleito majorit\u00e1rio\u201d.<\/p>\n<p>A marca\u00e7\u00e3o das elei\u00e7\u00f5es suplementares segue as regras institu\u00eddas pela\u00a0<a href=\"https:\/\/www.tse.jus.br\/legislacao\/compilada\/res\/2010\/rel232802010-htm\">Resolu\u00e7\u00e3o TSE n\u00ba 23.280\/2010<\/a>.\u00a0Anualmente, o TSE designa o\u00a0calend\u00e1rio dos novos pleitos. Assim, a cada ano, s\u00e3o publicadas novas normas com as datas pass\u00edveis de realiza\u00e7\u00e3o de elei\u00e7\u00f5es suplementares. O cronograma dos pleitos de 2023 est\u00e1 previsto na\u00a0<a href=\"https:\/\/www.tse.jus.br\/++theme++justica_eleitoral\/pdfjs\/web\/viewer.html?file=https:\/\/www.tse.jus.br\/eleicoes\/eleicoes-suplementares\/arquivos\/2022\/portaria-tse-no-1006-de-14-de-outubro-de-2022\/@@download\/file\/tse-prt-1006.pdf\">Portaria do TSE n\u00ba 1.006\/2022<\/a>.<\/p>\n<p><a href=\"https:\/\/www.tse.jus.br\/eleicoes\/eleicoes-suplementares\/calendarios\/calendario-das-eleicoes-suplementares-2023\">Confira o calend\u00e1rio das elei\u00e7\u00f5es suplementares de 2023<\/a>.<\/p>\n<p>MC\/LC, DM<\/p>\n<p>&nbsp;<\/p>\n<p><img decoding=\"async\" class=\"alignnone size-medium wp-image-28262\" src=\"https:\/\/uvbbrasil.com.br\/wp-content\/uploads\/2023\/02\/tse-300x145.jpeg\" alt=\"\" width=\"300\" height=\"145\" srcset=\"https:\/\/uvbbrasil.com.br\/wp-content\/uploads\/2023\/02\/tse-300x145.jpeg 300w, https:\/\/uvbbrasil.com.br\/wp-content\/uploads\/2023\/02\/tse.jpeg 620w\" sizes=\"(max-width: 300px) 100vw, 300px\" \/><\/p>\n","protected":false},"excerpt":{"rendered":"<p>Pleitos ocorrem das 8h \u00e0s 17h. Eleitos v\u00e3o exercer os mandatos at\u00e9 31 de dezembro de 2024 Neste domingo (5),&#8230;<\/p>\n","protected":false},"author":1,"featured_media":28262,"comment_status":"open","ping_status":"open","sticky":false,"template":"","format":"standard","meta":{"footnotes":""},"categories":[3],"tags":[],"class_list":["post-28261","post","type-post","status-publish","format-standard","has-post-thumbnail","hentry","category-noticias"],"yoast_head":"<!-- This site is optimized with the Yoast SEO plugin v27.5 - https:\/\/yoast.com\/product\/yoast-seo-wordpress\/ -->\n<title>Palhano (CE) e Viseu (PA) elegem neste domingo (5) novos prefeitos em elei\u00e7\u00f5es suplementares - UVB Brasil<\/title>\n<meta name=\"robots\" content=\"index, follow, max-snippet:-1, max-image-preview:large, max-video-preview:-1\" \/>\n<link rel=\"canonical\" href=\"https:\/\/uvbbrasil.com.br\/palhano-ce-e-viseu-pa-elegem-neste-domingo-5-novos-prefeitos-em-eleicoes-suplementares\/\" \/>\n<meta property=\"og:locale\" content=\"pt_BR\" \/>\n<meta property=\"og:type\" content=\"article\" \/>\n<meta property=\"og:title\" content=\"Palhano (CE) e Viseu (PA) elegem neste domingo (5) novos prefeitos em elei\u00e7\u00f5es suplementares - UVB Brasil\" \/>\n<meta property=\"og:description\" content=\"Pleitos ocorrem das 8h \u00e0s 17h. Eleitos v\u00e3o exercer os mandatos at\u00e9 31 de dezembro de 2024 Neste domingo (5),...\" \/>\n<meta property=\"og:url\" content=\"https:\/\/uvbbrasil.com.br\/palhano-ce-e-viseu-pa-elegem-neste-domingo-5-novos-prefeitos-em-eleicoes-suplementares\/\" \/>\n<meta property=\"og:site_name\" content=\"UVB Brasil\" \/>\n<meta property=\"article:publisher\" content=\"https:\/\/www.facebook.com\/uvb.vereadoresbrasil\" \/>\n<meta property=\"article:published_time\" content=\"2023-02-05T09:22:22+00:00\" \/>\n<meta property=\"og:image\" content=\"https:\/\/uvbbrasil.com.br\/wp-content\/uploads\/2023\/02\/tse.jpeg\" \/>\n\t<meta property=\"og:image:width\" content=\"620\" \/>\n\t<meta property=\"og:image:height\" content=\"300\" \/>\n\t<meta property=\"og:image:type\" content=\"image\/jpeg\" \/>\n<meta name=\"author\" content=\"adminuvb\" \/>\n<meta name=\"twitter:card\" content=\"summary_large_image\" \/>\n<meta name=\"twitter:label1\" content=\"Escrito por\" \/>\n\t<meta name=\"twitter:data1\" content=\"adminuvb\" \/>\n\t<meta name=\"twitter:label2\" content=\"Est. tempo de leitura\" \/>\n\t<meta name=\"twitter:data2\" content=\"3 minutos\" \/>\n<script type=\"application\/ld+json\" class=\"yoast-schema-graph\">{\"@context\":\"https:\\\/\\\/schema.org\",\"@graph\":[{\"@type\":\"Article\",\"@id\":\"https:\\\/\\\/uvbbrasil.com.br\\\/palhano-ce-e-viseu-pa-elegem-neste-domingo-5-novos-prefeitos-em-eleicoes-suplementares\\\/#article\",\"isPartOf\":{\"@id\":\"https:\\\/\\\/uvbbrasil.com.br\\\/palhano-ce-e-viseu-pa-elegem-neste-domingo-5-novos-prefeitos-em-eleicoes-suplementares\\\/\"},\"author\":{\"name\":\"adminuvb\",\"@id\":\"https:\\\/\\\/uvbbrasil.com.br\\\/#\\\/schema\\\/person\\\/17990098446c098f52effddff4f1b272\"},\"headline\":\"Palhano (CE) e Viseu (PA) elegem neste domingo (5) novos prefeitos em elei\u00e7\u00f5es suplementares\",\"datePublished\":\"2023-02-05T09:22:22+00:00\",\"mainEntityOfPage\":{\"@id\":\"https:\\\/\\\/uvbbrasil.com.br\\\/palhano-ce-e-viseu-pa-elegem-neste-domingo-5-novos-prefeitos-em-eleicoes-suplementares\\\/\"},\"wordCount\":494,\"commentCount\":0,\"publisher\":{\"@id\":\"https:\\\/\\\/uvbbrasil.com.br\\\/#organization\"},\"image\":{\"@id\":\"https:\\\/\\\/uvbbrasil.com.br\\\/palhano-ce-e-viseu-pa-elegem-neste-domingo-5-novos-prefeitos-em-eleicoes-suplementares\\\/#primaryimage\"},\"thumbnailUrl\":\"https:\\\/\\\/uvbbrasil.com.br\\\/wp-content\\\/uploads\\\/2023\\\/02\\\/tse.jpeg\",\"articleSection\":[\"NOT\u00cdCIAS\"],\"inLanguage\":\"pt-BR\",\"potentialAction\":[{\"@type\":\"CommentAction\",\"name\":\"Comment\",\"target\":[\"https:\\\/\\\/uvbbrasil.com.br\\\/palhano-ce-e-viseu-pa-elegem-neste-domingo-5-novos-prefeitos-em-eleicoes-suplementares\\\/#respond\"]}]},{\"@type\":\"WebPage\",\"@id\":\"https:\\\/\\\/uvbbrasil.com.br\\\/palhano-ce-e-viseu-pa-elegem-neste-domingo-5-novos-prefeitos-em-eleicoes-suplementares\\\/\",\"url\":\"https:\\\/\\\/uvbbrasil.com.br\\\/palhano-ce-e-viseu-pa-elegem-neste-domingo-5-novos-prefeitos-em-eleicoes-suplementares\\\/\",\"name\":\"Palhano (CE) e Viseu (PA) elegem neste domingo (5) novos prefeitos em elei\u00e7\u00f5es suplementares - UVB Brasil\",\"isPartOf\":{\"@id\":\"https:\\\/\\\/uvbbrasil.com.br\\\/#website\"},\"primaryImageOfPage\":{\"@id\":\"https:\\\/\\\/uvbbrasil.com.br\\\/palhano-ce-e-viseu-pa-elegem-neste-domingo-5-novos-prefeitos-em-eleicoes-suplementares\\\/#primaryimage\"},\"image\":{\"@id\":\"https:\\\/\\\/uvbbrasil.com.br\\\/palhano-ce-e-viseu-pa-elegem-neste-domingo-5-novos-prefeitos-em-eleicoes-suplementares\\\/#primaryimage\"},\"thumbnailUrl\":\"https:\\\/\\\/uvbbrasil.com.br\\\/wp-content\\\/uploads\\\/2023\\\/02\\\/tse.jpeg\",\"datePublished\":\"2023-02-05T09:22:22+00:00\",\"breadcrumb\":{\"@id\":\"https:\\\/\\\/uvbbrasil.com.br\\\/palhano-ce-e-viseu-pa-elegem-neste-domingo-5-novos-prefeitos-em-eleicoes-suplementares\\\/#breadcrumb\"},\"inLanguage\":\"pt-BR\",\"potentialAction\":[{\"@type\":\"ReadAction\",\"target\":[\"https:\\\/\\\/uvbbrasil.com.br\\\/palhano-ce-e-viseu-pa-elegem-neste-domingo-5-novos-prefeitos-em-eleicoes-suplementares\\\/\"]}]},{\"@type\":\"ImageObject\",\"inLanguage\":\"pt-BR\",\"@id\":\"https:\\\/\\\/uvbbrasil.com.br\\\/palhano-ce-e-viseu-pa-elegem-neste-domingo-5-novos-prefeitos-em-eleicoes-suplementares\\\/#primaryimage\",\"url\":\"https:\\\/\\\/uvbbrasil.com.br\\\/wp-content\\\/uploads\\\/2023\\\/02\\\/tse.jpeg\",\"contentUrl\":\"https:\\\/\\\/uvbbrasil.com.br\\\/wp-content\\\/uploads\\\/2023\\\/02\\\/tse.jpeg\",\"width\":620,\"height\":300},{\"@type\":\"BreadcrumbList\",\"@id\":\"https:\\\/\\\/uvbbrasil.com.br\\\/palhano-ce-e-viseu-pa-elegem-neste-domingo-5-novos-prefeitos-em-eleicoes-suplementares\\\/#breadcrumb\",\"itemListElement\":[{\"@type\":\"ListItem\",\"position\":1,\"name\":\"In\u00edcio\",\"item\":\"https:\\\/\\\/uvbbrasil.com.br\\\/\"},{\"@type\":\"ListItem\",\"position\":2,\"name\":\"Palhano (CE) e Viseu (PA) elegem neste domingo (5) novos prefeitos em elei\u00e7\u00f5es suplementares\"}]},{\"@type\":\"WebSite\",\"@id\":\"https:\\\/\\\/uvbbrasil.com.br\\\/#website\",\"url\":\"https:\\\/\\\/uvbbrasil.com.br\\\/\",\"name\":\"UVB Brasil\",\"description\":\"Uni\u00e3o dos Vereadores do Brasil\",\"publisher\":{\"@id\":\"https:\\\/\\\/uvbbrasil.com.br\\\/#organization\"},\"potentialAction\":[{\"@type\":\"SearchAction\",\"target\":{\"@type\":\"EntryPoint\",\"urlTemplate\":\"https:\\\/\\\/uvbbrasil.com.br\\\/?s={search_term_string}\"},\"query-input\":{\"@type\":\"PropertyValueSpecification\",\"valueRequired\":true,\"valueName\":\"search_term_string\"}}],\"inLanguage\":\"pt-BR\"},{\"@type\":\"Organization\",\"@id\":\"https:\\\/\\\/uvbbrasil.com.br\\\/#organization\",\"name\":\"UVB Brasil\",\"url\":\"https:\\\/\\\/uvbbrasil.com.br\\\/\",\"logo\":{\"@type\":\"ImageObject\",\"inLanguage\":\"pt-BR\",\"@id\":\"https:\\\/\\\/uvbbrasil.com.br\\\/#\\\/schema\\\/logo\\\/image\\\/\",\"url\":\"https:\\\/\\\/uvbbrasil.com.br\\\/wp-content\\\/uploads\\\/2025\\\/01\\\/LOGO-UVB-2024-azul-1.jpg\",\"contentUrl\":\"https:\\\/\\\/uvbbrasil.com.br\\\/wp-content\\\/uploads\\\/2025\\\/01\\\/LOGO-UVB-2024-azul-1.jpg\",\"width\":600,\"height\":211,\"caption\":\"UVB Brasil\"},\"image\":{\"@id\":\"https:\\\/\\\/uvbbrasil.com.br\\\/#\\\/schema\\\/logo\\\/image\\\/\"},\"sameAs\":[\"https:\\\/\\\/www.facebook.com\\\/uvb.vereadoresbrasil\",\"https:\\\/\\\/www.instagram.com\\\/uvbbrasil\\\/\",\"https:\\\/\\\/www.youtube.com\\\/channel\\\/UCIlPQ8Xzw5GHNzosQIg9S5A\"]},{\"@type\":\"Person\",\"@id\":\"https:\\\/\\\/uvbbrasil.com.br\\\/#\\\/schema\\\/person\\\/17990098446c098f52effddff4f1b272\",\"name\":\"adminuvb\",\"image\":{\"@type\":\"ImageObject\",\"inLanguage\":\"pt-BR\",\"@id\":\"https:\\\/\\\/secure.gravatar.com\\\/avatar\\\/1a494ea6f8e2dd1ae526e55b0e9497efdba542491e0620d704cccf63c6f77c45?s=96&d=mm&r=g\",\"url\":\"https:\\\/\\\/secure.gravatar.com\\\/avatar\\\/1a494ea6f8e2dd1ae526e55b0e9497efdba542491e0620d704cccf63c6f77c45?s=96&d=mm&r=g\",\"contentUrl\":\"https:\\\/\\\/secure.gravatar.com\\\/avatar\\\/1a494ea6f8e2dd1ae526e55b0e9497efdba542491e0620d704cccf63c6f77c45?s=96&d=mm&r=g\",\"caption\":\"adminuvb\"},\"sameAs\":[\"https:\\\/\\\/uvbbrasil.com.br\"],\"url\":\"https:\\\/\\\/uvbbrasil.com.br\\\/author\\\/adminuvb\\\/\"}]}<\/script>\n<!-- \/ Yoast SEO plugin. -->","yoast_head_json":{"title":"Palhano (CE) e Viseu (PA) elegem neste domingo (5) novos prefeitos em elei\u00e7\u00f5es suplementares - UVB Brasil","robots":{"index":"index","follow":"follow","max-snippet":"max-snippet:-1","max-image-preview":"max-image-preview:large","max-video-preview":"max-video-preview:-1"},"canonical":"https:\/\/uvbbrasil.com.br\/palhano-ce-e-viseu-pa-elegem-neste-domingo-5-novos-prefeitos-em-eleicoes-suplementares\/","og_locale":"pt_BR","og_type":"article","og_title":"Palhano (CE) e Viseu (PA) elegem neste domingo (5) novos prefeitos em elei\u00e7\u00f5es suplementares - UVB Brasil","og_description":"Pleitos ocorrem das 8h \u00e0s 17h. Eleitos v\u00e3o exercer os mandatos at\u00e9 31 de dezembro de 2024 Neste domingo (5),...","og_url":"https:\/\/uvbbrasil.com.br\/palhano-ce-e-viseu-pa-elegem-neste-domingo-5-novos-prefeitos-em-eleicoes-suplementares\/","og_site_name":"UVB Brasil","article_publisher":"https:\/\/www.facebook.com\/uvb.vereadoresbrasil","article_published_time":"2023-02-05T09:22:22+00:00","og_image":[{"width":620,"height":300,"url":"https:\/\/uvbbrasil.com.br\/wp-content\/uploads\/2023\/02\/tse.jpeg","type":"image\/jpeg"}],"author":"adminuvb","twitter_card":"summary_large_image","twitter_misc":{"Escrito por":"adminuvb","Est. tempo de leitura":"3 minutos"},"schema":{"@context":"https:\/\/schema.org","@graph":[{"@type":"Article","@id":"https:\/\/uvbbrasil.com.br\/palhano-ce-e-viseu-pa-elegem-neste-domingo-5-novos-prefeitos-em-eleicoes-suplementares\/#article","isPartOf":{"@id":"https:\/\/uvbbrasil.com.br\/palhano-ce-e-viseu-pa-elegem-neste-domingo-5-novos-prefeitos-em-eleicoes-suplementares\/"},"author":{"name":"adminuvb","@id":"https:\/\/uvbbrasil.com.br\/#\/schema\/person\/17990098446c098f52effddff4f1b272"},"headline":"Palhano (CE) e Viseu (PA) elegem neste domingo (5) novos prefeitos em elei\u00e7\u00f5es suplementares","datePublished":"2023-02-05T09:22:22+00:00","mainEntityOfPage":{"@id":"https:\/\/uvbbrasil.com.br\/palhano-ce-e-viseu-pa-elegem-neste-domingo-5-novos-prefeitos-em-eleicoes-suplementares\/"},"wordCount":494,"commentCount":0,"publisher":{"@id":"https:\/\/uvbbrasil.com.br\/#organization"},"image":{"@id":"https:\/\/uvbbrasil.com.br\/palhano-ce-e-viseu-pa-elegem-neste-domingo-5-novos-prefeitos-em-eleicoes-suplementares\/#primaryimage"},"thumbnailUrl":"https:\/\/uvbbrasil.com.br\/wp-content\/uploads\/2023\/02\/tse.jpeg","articleSection":["NOT\u00cdCIAS"],"inLanguage":"pt-BR","potentialAction":[{"@type":"CommentAction","name":"Comment","target":["https:\/\/uvbbrasil.com.br\/palhano-ce-e-viseu-pa-elegem-neste-domingo-5-novos-prefeitos-em-eleicoes-suplementares\/#respond"]}]},{"@type":"WebPage","@id":"https:\/\/uvbbrasil.com.br\/palhano-ce-e-viseu-pa-elegem-neste-domingo-5-novos-prefeitos-em-eleicoes-suplementares\/","url":"https:\/\/uvbbrasil.com.br\/palhano-ce-e-viseu-pa-elegem-neste-domingo-5-novos-prefeitos-em-eleicoes-suplementares\/","name":"Palhano (CE) e Viseu (PA) elegem neste domingo (5) novos prefeitos em elei\u00e7\u00f5es suplementares - UVB Brasil","isPartOf":{"@id":"https:\/\/uvbbrasil.com.br\/#website"},"primaryImageOfPage":{"@id":"https:\/\/uvbbrasil.com.br\/palhano-ce-e-viseu-pa-elegem-neste-domingo-5-novos-prefeitos-em-eleicoes-suplementares\/#primaryimage"},"image":{"@id":"https:\/\/uvbbrasil.com.br\/palhano-ce-e-viseu-pa-elegem-neste-domingo-5-novos-prefeitos-em-eleicoes-suplementares\/#primaryimage"},"thumbnailUrl":"https:\/\/uvbbrasil.com.br\/wp-content\/uploads\/2023\/02\/tse.jpeg","datePublished":"2023-02-05T09:22:22+00:00","breadcrumb":{"@id":"https:\/\/uvbbrasil.com.br\/palhano-ce-e-viseu-pa-elegem-neste-domingo-5-novos-prefeitos-em-eleicoes-suplementares\/#breadcrumb"},"inLanguage":"pt-BR","potentialAction":[{"@type":"ReadAction","target":["https:\/\/uvbbrasil.com.br\/palhano-ce-e-viseu-pa-elegem-neste-domingo-5-novos-prefeitos-em-eleicoes-suplementares\/"]}]},{"@type":"ImageObject","inLanguage":"pt-BR","@id":"https:\/\/uvbbrasil.com.br\/palhano-ce-e-viseu-pa-elegem-neste-domingo-5-novos-prefeitos-em-eleicoes-suplementares\/#primaryimage","url":"https:\/\/uvbbrasil.com.br\/wp-content\/uploads\/2023\/02\/tse.jpeg","contentUrl":"https:\/\/uvbbrasil.com.br\/wp-content\/uploads\/2023\/02\/tse.jpeg","width":620,"height":300},{"@type":"BreadcrumbList","@id":"https:\/\/uvbbrasil.com.br\/palhano-ce-e-viseu-pa-elegem-neste-domingo-5-novos-prefeitos-em-eleicoes-suplementares\/#breadcrumb","itemListElement":[{"@type":"ListItem","position":1,"name":"In\u00edcio","item":"https:\/\/uvbbrasil.com.br\/"},{"@type":"ListItem","position":2,"name":"Palhano (CE) e Viseu (PA) elegem neste domingo (5) novos prefeitos em elei\u00e7\u00f5es suplementares"}]},{"@type":"WebSite","@id":"https:\/\/uvbbrasil.com.br\/#website","url":"https:\/\/uvbbrasil.com.br\/","name":"UVB Brasil","description":"Uni\u00e3o dos Vereadores do Brasil","publisher":{"@id":"https:\/\/uvbbrasil.com.br\/#organization"},"potentialAction":[{"@type":"SearchAction","target":{"@type":"EntryPoint","urlTemplate":"https:\/\/uvbbrasil.com.br\/?s={search_term_string}"},"query-input":{"@type":"PropertyValueSpecification","valueRequired":true,"valueName":"search_term_string"}}],"inLanguage":"pt-BR"},{"@type":"Organization","@id":"https:\/\/uvbbrasil.com.br\/#organization","name":"UVB Brasil","url":"https:\/\/uvbbrasil.com.br\/","logo":{"@type":"ImageObject","inLanguage":"pt-BR","@id":"https:\/\/uvbbrasil.com.br\/#\/schema\/logo\/image\/","url":"https:\/\/uvbbrasil.com.br\/wp-content\/uploads\/2025\/01\/LOGO-UVB-2024-azul-1.jpg","contentUrl":"https:\/\/uvbbrasil.com.br\/wp-content\/uploads\/2025\/01\/LOGO-UVB-2024-azul-1.jpg","width":600,"height":211,"caption":"UVB Brasil"},"image":{"@id":"https:\/\/uvbbrasil.com.br\/#\/schema\/logo\/image\/"},"sameAs":["https:\/\/www.facebook.com\/uvb.vereadoresbrasil","https:\/\/www.instagram.com\/uvbbrasil\/","https:\/\/www.youtube.com\/channel\/UCIlPQ8Xzw5GHNzosQIg9S5A"]},{"@type":"Person","@id":"https:\/\/uvbbrasil.com.br\/#\/schema\/person\/17990098446c098f52effddff4f1b272","name":"adminuvb","image":{"@type":"ImageObject","inLanguage":"pt-BR","@id":"https:\/\/secure.gravatar.com\/avatar\/1a494ea6f8e2dd1ae526e55b0e9497efdba542491e0620d704cccf63c6f77c45?s=96&d=mm&r=g","url":"https:\/\/secure.gravatar.com\/avatar\/1a494ea6f8e2dd1ae526e55b0e9497efdba542491e0620d704cccf63c6f77c45?s=96&d=mm&r=g","contentUrl":"https:\/\/secure.gravatar.com\/avatar\/1a494ea6f8e2dd1ae526e55b0e9497efdba542491e0620d704cccf63c6f77c45?s=96&d=mm&r=g","caption":"adminuvb"},"sameAs":["https:\/\/uvbbrasil.com.br"],"url":"https:\/\/uvbbrasil.com.br\/author\/adminuvb\/"}]}},"_links":{"self":[{"href":"https:\/\/uvbbrasil.com.br\/uvb-json\/wp\/v2\/posts\/28261","targetHints":{"allow":["GET"]}}],"collection":[{"href":"https:\/\/uvbbrasil.com.br\/uvb-json\/wp\/v2\/posts"}],"about":[{"href":"https:\/\/uvbbrasil.com.br\/uvb-json\/wp\/v2\/types\/post"}],"author":[{"embeddable":true,"href":"https:\/\/uvbbrasil.com.br\/uvb-json\/wp\/v2\/users\/1"}],"replies":[{"embeddable":true,"href":"https:\/\/uvbbrasil.com.br\/uvb-json\/wp\/v2\/comments?post=28261"}],"version-history":[{"count":0,"href":"https:\/\/uvbbrasil.com.br\/uvb-json\/wp\/v2\/posts\/28261\/revisions"}],"wp:featuredmedia":[{"embeddable":true,"href":"https:\/\/uvbbrasil.com.br\/uvb-json\/wp\/v2\/media\/28262"}],"wp:attachment":[{"href":"https:\/\/uvbbrasil.com.br\/uvb-json\/wp\/v2\/media?parent=28261"}],"wp:term":[{"taxonomy":"category","embeddable":true,"href":"https:\/\/uvbbrasil.com.br\/uvb-json\/wp\/v2\/categories?post=28261"},{"taxonomy":"post_tag","embeddable":true,"href":"https:\/\/uvbbrasil.com.br\/uvb-json\/wp\/v2\/tags?post=28261"}],"curies":[{"name":"wp","href":"https:\/\/api.w.org\/{rel}","templated":true}]}}