{"id":28196,"date":"2023-01-25T10:46:09","date_gmt":"2023-01-25T13:46:09","guid":{"rendered":"https:\/\/wpsandbox4.pante.com.br\/?p=28196"},"modified":"2023-01-25T10:46:09","modified_gmt":"2023-01-25T13:46:09","slug":"27-senadores-eleitos-em-outubro-tomam-posse-dia-1o-de-fevereiro","status":"publish","type":"post","link":"https:\/\/uvbbrasil.com.br\/27-senadores-eleitos-em-outubro-tomam-posse-dia-1o-de-fevereiro\/","title":{"rendered":"27 senadores eleitos em outubro tomam posse dia 1\u00ba de fevereiro"},"content":{"rendered":"<p>Em 1\u00ba de fevereiro, em reuni\u00e3o preparat\u00f3ria marcada para as 15h, tomar\u00e3o posse os 27 senadores eleitos em outubro de 2022, que representam um ter\u00e7o das 81 cadeiras do Senado.<\/p>\n<p>Os senadores s\u00e3o eleitos pelo sistema majorit\u00e1rio, ou seja, \u00e9 considerado eleito aquele candidato que obteve o maior n\u00famero de votos. J\u00e1 os deputados s\u00e3o eleitos pelo sistema proporcional, em que se leva em conta os <a class=\"external-link\" title=\"\" href=\"https:\/\/www.camara.leg.br\/noticias\/441133-entenda-como-funciona-o-calculo-para-eleger-deputados\/\" target=\"_blank\" rel=\"noopener\">quocientes eleitoral e partid\u00e1rio<\/a>.<\/p>\n<p>Essa divis\u00e3o tem a ver com o sistema federativo adotado pelo Brasil. O pa\u00eds \u00e9 constitu\u00eddo por uma federa\u00e7\u00e3o de estados, representados no Congresso Nacional pelos senadores. Por sua vez, a popula\u00e7\u00e3o \u00e9 representada pelos deputados federais, cuja quantidade varia de acordo com a popula\u00e7\u00e3o de cada estado. No Senado, o n\u00famero de representantes \u00e9 sempre id\u00eantico, o que contribui para equilibrar a representa\u00e7\u00e3o pol\u00edtica.<\/p>\n<p>A renova\u00e7\u00e3o no Senado ocorre de forma alternada. Em uma elei\u00e7\u00e3o s\u00e3o trocados um ter\u00e7o (27) dos representantes dos estados. Nesse caso, elege-se um senador por estado. Quatro anos depois, na elei\u00e7\u00e3o seguinte, a renova\u00e7\u00e3o \u00e9 de dois ter\u00e7os (54), sendo eleitos dois senadores em cada unidade da Federa\u00e7\u00e3o.<\/p>\n<p>No total, 23 senadores &#8211; 28,4% dos titulares de mandato hoje &#8211;\u00a0 n\u00e3o retornar\u00e3o em 2023. Esse n\u00famero \u00e9 formado por 14 senadores que n\u00e3o tentaram a reelei\u00e7\u00e3o, 8 senadores que tentaram e n\u00e3o conseguiram um novo mandato e 1 senador que assumir\u00e1 um governo estadual.<\/p>\n<p>Os senadores a serem empossados j\u00e1 receberam os convites para a cerim\u00f4nia. Cada um deles poder\u00e1 chamar at\u00e9 45 convidados pessoais.<\/p>\n<h3><b>Atribui\u00e7\u00f5es <\/b><\/h3>\n<p>Embora senadores e deputados tenham a atribui\u00e7\u00e3o comum de legislar, de elaborar leis, h\u00e1 tamb\u00e9m algumas compet\u00eancias que s\u00e3o exercidas de forma privativa pelas duas Casas do Congresso Nacional.<\/p>\n<p>O artigo 52 da Constitui\u00e7\u00e3o define as compet\u00eancias privativas do Senado. Entre elas, a de processar e julgar o presidente e o vice-presidente da Rep\u00fablica nos crimes de responsabilidade, bem como os ministros de Estado e os comandantes da Marinha, do Ex\u00e9rcito e da Aeron\u00e1utica nos crimes da mesma natureza.<\/p>\n<p>O Senado tem ainda a atribui\u00e7\u00e3o privativa de processar e julgar, nos crimes de responsabilidade, os ministros do Supremo Tribunal Federal (STF), os membros do Conselho Nacional de Justi\u00e7a (CNJ) e do Conselho Nacional do Minist\u00e9rio P\u00fablico (CNMP), o Procurador-Geral da Rep\u00fablica (PGR) e o Advogado-Geral da Uni\u00e3o (AGU).<\/p>\n<p>Nos processos de impedimento de presidente da Rep\u00fablica por crimes de responsabilidade, a autoriza\u00e7\u00e3o para abertura do processo \u00e9 dada pela C\u00e2mara e o julgamento \u00e9 feito pelo Senado. A senten\u00e7a condenat\u00f3ria \u00e9 proferida pelo voto de dois ter\u00e7os dos seus membros, em sess\u00e3o conduzida pelo presidente do Supremo Tribunal Federal (STF). Foi o que aconteceu com Dilma Rousseff, em 2016, e Fernando Collor, em 1992.<\/p>\n<p>Entre as compet\u00eancias privativas mais comuns do Senado, est\u00e3o a aprova\u00e7\u00e3o de empr\u00e9stimos internacionais, dos limites do endividamento da Uni\u00e3o e dos estados, e de indica\u00e7\u00e3o de autoridades.<\/p>\n<p>Os senadores s\u00e3o respons\u00e1veis pela aprova\u00e7\u00e3o, ap\u00f3s argui\u00e7\u00e3o p\u00fablica, dos ministros do STF, dos tribunais superiores, do presidente e diretores do Banco Central, do Procurador-Geral da Rep\u00fablica, de embaixadores e de dirigentes de ag\u00eancias reguladoras. Tamb\u00e9m precisam passar pela aprova\u00e7\u00e3o dos senadores os indicados ao Conselho Nacional de Justi\u00e7a (CNJ) e ao Conselho Nacional do Minist\u00e9rio P\u00fablico (CNMP).\u00a0Todas essas autoridades s\u00e3o sabatinadas por uma das comiss\u00f5es do Senado. Se aprovado, o nome vai para an\u00e1lise do Plen\u00e1rio que, em vota\u00e7\u00e3o secreta, decide se o indicado poder\u00e1 ser nomeado.<\/p>\n<p>Compete ainda ao Senado de forma exclusiva suspender, no todo ou em parte, a execu\u00e7\u00e3o de lei declarada inconstitucional pelo STF, aprovar a exonera\u00e7\u00e3o do Procurador-Geral da Rep\u00fablica antes do t\u00e9rmino do seu mandato e eleger os componentes do Conselho da Rep\u00fablica.<\/p>\n<p>&nbsp;<\/p>\n<p><img fetchpriority=\"high\" decoding=\"async\" class=\"alignnone size-medium wp-image-28197\" src=\"https:\/\/uvbbrasil.com.br\/wp-content\/uploads\/2023\/01\/25-janeiro-300x199.jpg\" alt=\"\" width=\"300\" height=\"199\" srcset=\"https:\/\/uvbbrasil.com.br\/wp-content\/uploads\/2023\/01\/25-janeiro-300x199.jpg 300w, https:\/\/uvbbrasil.com.br\/wp-content\/uploads\/2023\/01\/25-janeiro-768x509.jpg 768w, https:\/\/uvbbrasil.com.br\/wp-content\/uploads\/2023\/01\/25-janeiro.jpg 860w\" sizes=\"(max-width: 300px) 100vw, 300px\" \/><\/p>\n<p>Fonte: Ag\u00eancia Senado<\/p>\n","protected":false},"excerpt":{"rendered":"<p>Em 1\u00ba de fevereiro, em reuni\u00e3o preparat\u00f3ria marcada para as 15h, tomar\u00e3o posse os 27 senadores eleitos em outubro de&#8230;<\/p>\n","protected":false},"author":1,"featured_media":28197,"comment_status":"open","ping_status":"open","sticky":false,"template":"","format":"standard","meta":{"footnotes":""},"categories":[3],"tags":[],"class_list":["post-28196","post","type-post","status-publish","format-standard","has-post-thumbnail","hentry","category-noticias"],"yoast_head":"<!-- This site is optimized with the Yoast SEO plugin v26.7 - https:\/\/yoast.com\/wordpress\/plugins\/seo\/ -->\n<title>27 senadores eleitos em outubro tomam posse dia 1\u00ba de fevereiro - UVB Brasil<\/title>\n<meta name=\"robots\" content=\"index, follow, max-snippet:-1, max-image-preview:large, max-video-preview:-1\" \/>\n<link rel=\"canonical\" href=\"https:\/\/uvbbrasil.com.br\/27-senadores-eleitos-em-outubro-tomam-posse-dia-1o-de-fevereiro\/\" \/>\n<meta property=\"og:locale\" content=\"pt_BR\" \/>\n<meta property=\"og:type\" content=\"article\" \/>\n<meta property=\"og:title\" content=\"27 senadores eleitos em outubro tomam posse dia 1\u00ba de fevereiro - UVB Brasil\" \/>\n<meta property=\"og:description\" content=\"Em 1\u00ba de fevereiro, em reuni\u00e3o preparat\u00f3ria marcada para as 15h, tomar\u00e3o posse os 27 senadores eleitos em outubro de...\" \/>\n<meta property=\"og:url\" content=\"https:\/\/uvbbrasil.com.br\/27-senadores-eleitos-em-outubro-tomam-posse-dia-1o-de-fevereiro\/\" \/>\n<meta property=\"og:site_name\" content=\"UVB Brasil\" \/>\n<meta property=\"article:publisher\" content=\"https:\/\/www.facebook.com\/uvb.vereadoresbrasil\" \/>\n<meta property=\"article:published_time\" content=\"2023-01-25T13:46:09+00:00\" \/>\n<meta property=\"og:image\" content=\"https:\/\/uvbbrasil.com.br\/wp-content\/uploads\/2023\/01\/25-janeiro.jpg\" \/>\n\t<meta property=\"og:image:width\" content=\"860\" \/>\n\t<meta property=\"og:image:height\" content=\"570\" \/>\n\t<meta property=\"og:image:type\" content=\"image\/jpeg\" \/>\n<meta name=\"author\" content=\"adminuvb\" \/>\n<meta name=\"twitter:card\" content=\"summary_large_image\" \/>\n<meta name=\"twitter:label1\" content=\"Escrito por\" \/>\n\t<meta name=\"twitter:data1\" content=\"adminuvb\" \/>\n\t<meta name=\"twitter:label2\" content=\"Est. tempo de leitura\" \/>\n\t<meta name=\"twitter:data2\" content=\"3 minutos\" \/>\n<script type=\"application\/ld+json\" class=\"yoast-schema-graph\">{\"@context\":\"https:\/\/schema.org\",\"@graph\":[{\"@type\":\"Article\",\"@id\":\"https:\/\/uvbbrasil.com.br\/27-senadores-eleitos-em-outubro-tomam-posse-dia-1o-de-fevereiro\/#article\",\"isPartOf\":{\"@id\":\"https:\/\/uvbbrasil.com.br\/27-senadores-eleitos-em-outubro-tomam-posse-dia-1o-de-fevereiro\/\"},\"author\":{\"name\":\"adminuvb\",\"@id\":\"https:\/\/uvbbrasil.com.br\/#\/schema\/person\/17990098446c098f52effddff4f1b272\"},\"headline\":\"27 senadores eleitos em outubro tomam posse dia 1\u00ba de fevereiro\",\"datePublished\":\"2023-01-25T13:46:09+00:00\",\"mainEntityOfPage\":{\"@id\":\"https:\/\/uvbbrasil.com.br\/27-senadores-eleitos-em-outubro-tomam-posse-dia-1o-de-fevereiro\/\"},\"wordCount\":680,\"commentCount\":0,\"publisher\":{\"@id\":\"https:\/\/uvbbrasil.com.br\/#organization\"},\"image\":{\"@id\":\"https:\/\/uvbbrasil.com.br\/27-senadores-eleitos-em-outubro-tomam-posse-dia-1o-de-fevereiro\/#primaryimage\"},\"thumbnailUrl\":\"https:\/\/uvbbrasil.com.br\/wp-content\/uploads\/2023\/01\/25-janeiro.jpg\",\"articleSection\":[\"NOT\u00cdCIAS\"],\"inLanguage\":\"pt-BR\",\"potentialAction\":[{\"@type\":\"CommentAction\",\"name\":\"Comment\",\"target\":[\"https:\/\/uvbbrasil.com.br\/27-senadores-eleitos-em-outubro-tomam-posse-dia-1o-de-fevereiro\/#respond\"]}]},{\"@type\":\"WebPage\",\"@id\":\"https:\/\/uvbbrasil.com.br\/27-senadores-eleitos-em-outubro-tomam-posse-dia-1o-de-fevereiro\/\",\"url\":\"https:\/\/uvbbrasil.com.br\/27-senadores-eleitos-em-outubro-tomam-posse-dia-1o-de-fevereiro\/\",\"name\":\"27 senadores eleitos em outubro tomam posse dia 1\u00ba de fevereiro - UVB Brasil\",\"isPartOf\":{\"@id\":\"https:\/\/uvbbrasil.com.br\/#website\"},\"primaryImageOfPage\":{\"@id\":\"https:\/\/uvbbrasil.com.br\/27-senadores-eleitos-em-outubro-tomam-posse-dia-1o-de-fevereiro\/#primaryimage\"},\"image\":{\"@id\":\"https:\/\/uvbbrasil.com.br\/27-senadores-eleitos-em-outubro-tomam-posse-dia-1o-de-fevereiro\/#primaryimage\"},\"thumbnailUrl\":\"https:\/\/uvbbrasil.com.br\/wp-content\/uploads\/2023\/01\/25-janeiro.jpg\",\"datePublished\":\"2023-01-25T13:46:09+00:00\",\"breadcrumb\":{\"@id\":\"https:\/\/uvbbrasil.com.br\/27-senadores-eleitos-em-outubro-tomam-posse-dia-1o-de-fevereiro\/#breadcrumb\"},\"inLanguage\":\"pt-BR\",\"potentialAction\":[{\"@type\":\"ReadAction\",\"target\":[\"https:\/\/uvbbrasil.com.br\/27-senadores-eleitos-em-outubro-tomam-posse-dia-1o-de-fevereiro\/\"]}]},{\"@type\":\"ImageObject\",\"inLanguage\":\"pt-BR\",\"@id\":\"https:\/\/uvbbrasil.com.br\/27-senadores-eleitos-em-outubro-tomam-posse-dia-1o-de-fevereiro\/#primaryimage\",\"url\":\"https:\/\/uvbbrasil.com.br\/wp-content\/uploads\/2023\/01\/25-janeiro.jpg\",\"contentUrl\":\"https:\/\/uvbbrasil.com.br\/wp-content\/uploads\/2023\/01\/25-janeiro.jpg\",\"width\":860,\"height\":570},{\"@type\":\"BreadcrumbList\",\"@id\":\"https:\/\/uvbbrasil.com.br\/27-senadores-eleitos-em-outubro-tomam-posse-dia-1o-de-fevereiro\/#breadcrumb\",\"itemListElement\":[{\"@type\":\"ListItem\",\"position\":1,\"name\":\"In\u00edcio\",\"item\":\"https:\/\/uvbbrasil.com.br\/\"},{\"@type\":\"ListItem\",\"position\":2,\"name\":\"27 senadores eleitos em outubro tomam posse dia 1\u00ba de fevereiro\"}]},{\"@type\":\"WebSite\",\"@id\":\"https:\/\/uvbbrasil.com.br\/#website\",\"url\":\"https:\/\/uvbbrasil.com.br\/\",\"name\":\"UVB Brasil\",\"description\":\"Uni\u00e3o dos Vereadores do Brasil\",\"publisher\":{\"@id\":\"https:\/\/uvbbrasil.com.br\/#organization\"},\"potentialAction\":[{\"@type\":\"SearchAction\",\"target\":{\"@type\":\"EntryPoint\",\"urlTemplate\":\"https:\/\/uvbbrasil.com.br\/?s={search_term_string}\"},\"query-input\":{\"@type\":\"PropertyValueSpecification\",\"valueRequired\":true,\"valueName\":\"search_term_string\"}}],\"inLanguage\":\"pt-BR\"},{\"@type\":\"Organization\",\"@id\":\"https:\/\/uvbbrasil.com.br\/#organization\",\"name\":\"UVB Brasil\",\"url\":\"https:\/\/uvbbrasil.com.br\/\",\"logo\":{\"@type\":\"ImageObject\",\"inLanguage\":\"pt-BR\",\"@id\":\"https:\/\/uvbbrasil.com.br\/#\/schema\/logo\/image\/\",\"url\":\"https:\/\/uvbbrasil.com.br\/wp-content\/uploads\/2025\/01\/LOGO-UVB-2024-azul-1.jpg\",\"contentUrl\":\"https:\/\/uvbbrasil.com.br\/wp-content\/uploads\/2025\/01\/LOGO-UVB-2024-azul-1.jpg\",\"width\":600,\"height\":211,\"caption\":\"UVB Brasil\"},\"image\":{\"@id\":\"https:\/\/uvbbrasil.com.br\/#\/schema\/logo\/image\/\"},\"sameAs\":[\"https:\/\/www.facebook.com\/uvb.vereadoresbrasil\",\"https:\/\/www.instagram.com\/uvbbrasil\/\",\"https:\/\/www.youtube.com\/channel\/UCIlPQ8Xzw5GHNzosQIg9S5A\"]},{\"@type\":\"Person\",\"@id\":\"https:\/\/uvbbrasil.com.br\/#\/schema\/person\/17990098446c098f52effddff4f1b272\",\"name\":\"adminuvb\",\"image\":{\"@type\":\"ImageObject\",\"inLanguage\":\"pt-BR\",\"@id\":\"https:\/\/uvbbrasil.com.br\/#\/schema\/person\/image\/\",\"url\":\"https:\/\/secure.gravatar.com\/avatar\/1a494ea6f8e2dd1ae526e55b0e9497efdba542491e0620d704cccf63c6f77c45?s=96&d=mm&r=g\",\"contentUrl\":\"https:\/\/secure.gravatar.com\/avatar\/1a494ea6f8e2dd1ae526e55b0e9497efdba542491e0620d704cccf63c6f77c45?s=96&d=mm&r=g\",\"caption\":\"adminuvb\"},\"sameAs\":[\"https:\/\/uvbbrasil.com.br\"],\"url\":\"https:\/\/uvbbrasil.com.br\/author\/adminuvb\/\"}]}<\/script>\n<!-- \/ Yoast SEO plugin. -->","yoast_head_json":{"title":"27 senadores eleitos em outubro tomam posse dia 1\u00ba de fevereiro - UVB Brasil","robots":{"index":"index","follow":"follow","max-snippet":"max-snippet:-1","max-image-preview":"max-image-preview:large","max-video-preview":"max-video-preview:-1"},"canonical":"https:\/\/uvbbrasil.com.br\/27-senadores-eleitos-em-outubro-tomam-posse-dia-1o-de-fevereiro\/","og_locale":"pt_BR","og_type":"article","og_title":"27 senadores eleitos em outubro tomam posse dia 1\u00ba de fevereiro - UVB Brasil","og_description":"Em 1\u00ba de fevereiro, em reuni\u00e3o preparat\u00f3ria marcada para as 15h, tomar\u00e3o posse os 27 senadores eleitos em outubro de...","og_url":"https:\/\/uvbbrasil.com.br\/27-senadores-eleitos-em-outubro-tomam-posse-dia-1o-de-fevereiro\/","og_site_name":"UVB Brasil","article_publisher":"https:\/\/www.facebook.com\/uvb.vereadoresbrasil","article_published_time":"2023-01-25T13:46:09+00:00","og_image":[{"width":860,"height":570,"url":"https:\/\/uvbbrasil.com.br\/wp-content\/uploads\/2023\/01\/25-janeiro.jpg","type":"image\/jpeg"}],"author":"adminuvb","twitter_card":"summary_large_image","twitter_misc":{"Escrito por":"adminuvb","Est. tempo de leitura":"3 minutos"},"schema":{"@context":"https:\/\/schema.org","@graph":[{"@type":"Article","@id":"https:\/\/uvbbrasil.com.br\/27-senadores-eleitos-em-outubro-tomam-posse-dia-1o-de-fevereiro\/#article","isPartOf":{"@id":"https:\/\/uvbbrasil.com.br\/27-senadores-eleitos-em-outubro-tomam-posse-dia-1o-de-fevereiro\/"},"author":{"name":"adminuvb","@id":"https:\/\/uvbbrasil.com.br\/#\/schema\/person\/17990098446c098f52effddff4f1b272"},"headline":"27 senadores eleitos em outubro tomam posse dia 1\u00ba de fevereiro","datePublished":"2023-01-25T13:46:09+00:00","mainEntityOfPage":{"@id":"https:\/\/uvbbrasil.com.br\/27-senadores-eleitos-em-outubro-tomam-posse-dia-1o-de-fevereiro\/"},"wordCount":680,"commentCount":0,"publisher":{"@id":"https:\/\/uvbbrasil.com.br\/#organization"},"image":{"@id":"https:\/\/uvbbrasil.com.br\/27-senadores-eleitos-em-outubro-tomam-posse-dia-1o-de-fevereiro\/#primaryimage"},"thumbnailUrl":"https:\/\/uvbbrasil.com.br\/wp-content\/uploads\/2023\/01\/25-janeiro.jpg","articleSection":["NOT\u00cdCIAS"],"inLanguage":"pt-BR","potentialAction":[{"@type":"CommentAction","name":"Comment","target":["https:\/\/uvbbrasil.com.br\/27-senadores-eleitos-em-outubro-tomam-posse-dia-1o-de-fevereiro\/#respond"]}]},{"@type":"WebPage","@id":"https:\/\/uvbbrasil.com.br\/27-senadores-eleitos-em-outubro-tomam-posse-dia-1o-de-fevereiro\/","url":"https:\/\/uvbbrasil.com.br\/27-senadores-eleitos-em-outubro-tomam-posse-dia-1o-de-fevereiro\/","name":"27 senadores eleitos em outubro tomam posse dia 1\u00ba de fevereiro - UVB Brasil","isPartOf":{"@id":"https:\/\/uvbbrasil.com.br\/#website"},"primaryImageOfPage":{"@id":"https:\/\/uvbbrasil.com.br\/27-senadores-eleitos-em-outubro-tomam-posse-dia-1o-de-fevereiro\/#primaryimage"},"image":{"@id":"https:\/\/uvbbrasil.com.br\/27-senadores-eleitos-em-outubro-tomam-posse-dia-1o-de-fevereiro\/#primaryimage"},"thumbnailUrl":"https:\/\/uvbbrasil.com.br\/wp-content\/uploads\/2023\/01\/25-janeiro.jpg","datePublished":"2023-01-25T13:46:09+00:00","breadcrumb":{"@id":"https:\/\/uvbbrasil.com.br\/27-senadores-eleitos-em-outubro-tomam-posse-dia-1o-de-fevereiro\/#breadcrumb"},"inLanguage":"pt-BR","potentialAction":[{"@type":"ReadAction","target":["https:\/\/uvbbrasil.com.br\/27-senadores-eleitos-em-outubro-tomam-posse-dia-1o-de-fevereiro\/"]}]},{"@type":"ImageObject","inLanguage":"pt-BR","@id":"https:\/\/uvbbrasil.com.br\/27-senadores-eleitos-em-outubro-tomam-posse-dia-1o-de-fevereiro\/#primaryimage","url":"https:\/\/uvbbrasil.com.br\/wp-content\/uploads\/2023\/01\/25-janeiro.jpg","contentUrl":"https:\/\/uvbbrasil.com.br\/wp-content\/uploads\/2023\/01\/25-janeiro.jpg","width":860,"height":570},{"@type":"BreadcrumbList","@id":"https:\/\/uvbbrasil.com.br\/27-senadores-eleitos-em-outubro-tomam-posse-dia-1o-de-fevereiro\/#breadcrumb","itemListElement":[{"@type":"ListItem","position":1,"name":"In\u00edcio","item":"https:\/\/uvbbrasil.com.br\/"},{"@type":"ListItem","position":2,"name":"27 senadores eleitos em outubro tomam posse dia 1\u00ba de fevereiro"}]},{"@type":"WebSite","@id":"https:\/\/uvbbrasil.com.br\/#website","url":"https:\/\/uvbbrasil.com.br\/","name":"UVB Brasil","description":"Uni\u00e3o dos Vereadores do Brasil","publisher":{"@id":"https:\/\/uvbbrasil.com.br\/#organization"},"potentialAction":[{"@type":"SearchAction","target":{"@type":"EntryPoint","urlTemplate":"https:\/\/uvbbrasil.com.br\/?s={search_term_string}"},"query-input":{"@type":"PropertyValueSpecification","valueRequired":true,"valueName":"search_term_string"}}],"inLanguage":"pt-BR"},{"@type":"Organization","@id":"https:\/\/uvbbrasil.com.br\/#organization","name":"UVB Brasil","url":"https:\/\/uvbbrasil.com.br\/","logo":{"@type":"ImageObject","inLanguage":"pt-BR","@id":"https:\/\/uvbbrasil.com.br\/#\/schema\/logo\/image\/","url":"https:\/\/uvbbrasil.com.br\/wp-content\/uploads\/2025\/01\/LOGO-UVB-2024-azul-1.jpg","contentUrl":"https:\/\/uvbbrasil.com.br\/wp-content\/uploads\/2025\/01\/LOGO-UVB-2024-azul-1.jpg","width":600,"height":211,"caption":"UVB Brasil"},"image":{"@id":"https:\/\/uvbbrasil.com.br\/#\/schema\/logo\/image\/"},"sameAs":["https:\/\/www.facebook.com\/uvb.vereadoresbrasil","https:\/\/www.instagram.com\/uvbbrasil\/","https:\/\/www.youtube.com\/channel\/UCIlPQ8Xzw5GHNzosQIg9S5A"]},{"@type":"Person","@id":"https:\/\/uvbbrasil.com.br\/#\/schema\/person\/17990098446c098f52effddff4f1b272","name":"adminuvb","image":{"@type":"ImageObject","inLanguage":"pt-BR","@id":"https:\/\/uvbbrasil.com.br\/#\/schema\/person\/image\/","url":"https:\/\/secure.gravatar.com\/avatar\/1a494ea6f8e2dd1ae526e55b0e9497efdba542491e0620d704cccf63c6f77c45?s=96&d=mm&r=g","contentUrl":"https:\/\/secure.gravatar.com\/avatar\/1a494ea6f8e2dd1ae526e55b0e9497efdba542491e0620d704cccf63c6f77c45?s=96&d=mm&r=g","caption":"adminuvb"},"sameAs":["https:\/\/uvbbrasil.com.br"],"url":"https:\/\/uvbbrasil.com.br\/author\/adminuvb\/"}]}},"_links":{"self":[{"href":"https:\/\/uvbbrasil.com.br\/uvb-json\/wp\/v2\/posts\/28196","targetHints":{"allow":["GET"]}}],"collection":[{"href":"https:\/\/uvbbrasil.com.br\/uvb-json\/wp\/v2\/posts"}],"about":[{"href":"https:\/\/uvbbrasil.com.br\/uvb-json\/wp\/v2\/types\/post"}],"author":[{"embeddable":true,"href":"https:\/\/uvbbrasil.com.br\/uvb-json\/wp\/v2\/users\/1"}],"replies":[{"embeddable":true,"href":"https:\/\/uvbbrasil.com.br\/uvb-json\/wp\/v2\/comments?post=28196"}],"version-history":[{"count":0,"href":"https:\/\/uvbbrasil.com.br\/uvb-json\/wp\/v2\/posts\/28196\/revisions"}],"wp:featuredmedia":[{"embeddable":true,"href":"https:\/\/uvbbrasil.com.br\/uvb-json\/wp\/v2\/media\/28197"}],"wp:attachment":[{"href":"https:\/\/uvbbrasil.com.br\/uvb-json\/wp\/v2\/media?parent=28196"}],"wp:term":[{"taxonomy":"category","embeddable":true,"href":"https:\/\/uvbbrasil.com.br\/uvb-json\/wp\/v2\/categories?post=28196"},{"taxonomy":"post_tag","embeddable":true,"href":"https:\/\/uvbbrasil.com.br\/uvb-json\/wp\/v2\/tags?post=28196"}],"curies":[{"name":"wp","href":"https:\/\/api.w.org\/{rel}","templated":true}]}}