{"id":28142,"date":"2023-01-17T10:27:35","date_gmt":"2023-01-17T13:27:35","guid":{"rendered":"https:\/\/wpsandbox4.pante.com.br\/?p=28142"},"modified":"2023-01-17T10:27:35","modified_gmt":"2023-01-17T13:27:35","slug":"cacoal-ro-vereadores-se-reunem-com-secretario-gildeon-em-busca-de-informacoes-sobre-as-creches","status":"publish","type":"post","link":"https:\/\/uvbbrasil.com.br\/cacoal-ro-vereadores-se-reunem-com-secretario-gildeon-em-busca-de-informacoes-sobre-as-creches\/","title":{"rendered":"Cacoal\/RO-Vereadores se re\u00fanem com Secret\u00e1rio Gildeon em busca de informa\u00e7\u00f5es sobre as Creches"},"content":{"rendered":"<div class=\"x11i5rnm xat24cr x1mh8g0r x1vvkbs xdj266r x126k92a\">\n<div dir=\"auto\">Vereadores se re\u00fanem com Secret\u00e1rio Gildeon em busca de informa\u00e7\u00f5es sobre as Creches<\/div>\n<\/div>\n<div class=\"x11i5rnm xat24cr x1mh8g0r x1vvkbs xtlvy1s x126k92a\">\n<div dir=\"auto\">O presidente da C\u00e2mara, Jo\u00e3o Paulo Pichek (Republicanos), e os vereadores Toninho do Jesus (Podemos), e Dr. Paulo Henrique (PTB), marcaram reuni\u00e3o e se encontraram com o Secret\u00e1rio Municipal de Educa\u00e7\u00e3o (Semed), Gildeon Alves da Cruz, nesta quarta-feira (11), para pedir informa\u00e7\u00f5es quanto \u00e0 conclus\u00e3o das obras das Creches dos Bairros S\u00e3o Marcos, Alpha Park, e Greenville.<\/div>\n<\/div>\n<div class=\"x11i5rnm xat24cr x1mh8g0r x1vvkbs xtlvy1s x126k92a\">\n<div dir=\"auto\">A preocupa\u00e7\u00e3o dos parlamentares \u00e9 devido a proximidade do in\u00edcio do calend\u00e1rio escolar para os alunos da educa\u00e7\u00e3o infantil, tendo em vista que as obras est\u00e3o quase finalizadas, restando no caso das creches do S\u00e3o Marcos e Greenville, apenas alguns adequa\u00e7\u00f5es e acabamentos, bem como atender as normas de seguran\u00e7a e combate a inc\u00eandio do Corpo de Bombeiros.<\/div>\n<\/div>\n<div class=\"x11i5rnm xat24cr x1mh8g0r x1vvkbs xtlvy1s x126k92a\">\n<div dir=\"auto\">A expectativa da popula\u00e7\u00e3o principalmente das m\u00e3es \u00e9 grande quanto ao funcionamento dessas creches, os vereadores s\u00e3o questionados pelos pais em busca de respostas.<\/div>\n<div dir=\"auto\"><img decoding=\"async\" class=\"alignnone size-medium wp-image-28143\" src=\"https:\/\/uvbbrasil.com.br\/wp-content\/uploads\/2023\/01\/cacoal-300x157.jpg\" alt=\"\" width=\"300\" height=\"157\" srcset=\"https:\/\/uvbbrasil.com.br\/wp-content\/uploads\/2023\/01\/cacoal-300x157.jpg 300w, https:\/\/uvbbrasil.com.br\/wp-content\/uploads\/2023\/01\/cacoal-1024x536.jpg 1024w, https:\/\/uvbbrasil.com.br\/wp-content\/uploads\/2023\/01\/cacoal-768x402.jpg 768w, https:\/\/uvbbrasil.com.br\/wp-content\/uploads\/2023\/01\/cacoal-1536x804.jpg 1536w, https:\/\/uvbbrasil.com.br\/wp-content\/uploads\/2023\/01\/cacoal.jpg 1600w\" sizes=\"(max-width: 300px) 100vw, 300px\" \/><\/div>\n<\/div>\n","protected":false},"excerpt":{"rendered":"<p>Vereadores se re\u00fanem com Secret\u00e1rio Gildeon em busca de informa\u00e7\u00f5es sobre as Creches O presidente da C\u00e2mara, Jo\u00e3o Paulo Pichek&#8230;<\/p>\n","protected":false},"author":1,"featured_media":28143,"comment_status":"open","ping_status":"open","sticky":false,"template":"","format":"standard","meta":{"footnotes":""},"categories":[3],"tags":[],"class_list":["post-28142","post","type-post","status-publish","format-standard","has-post-thumbnail","hentry","category-noticias"],"yoast_head":"<!-- This site is optimized with the Yoast SEO plugin v26.7 - https:\/\/yoast.com\/wordpress\/plugins\/seo\/ -->\n<title>Cacoal\/RO-Vereadores se re\u00fanem com Secret\u00e1rio Gildeon em busca de informa\u00e7\u00f5es sobre as Creches - UVB Brasil<\/title>\n<meta name=\"robots\" content=\"index, follow, max-snippet:-1, max-image-preview:large, max-video-preview:-1\" \/>\n<link rel=\"canonical\" href=\"https:\/\/uvbbrasil.com.br\/cacoal-ro-vereadores-se-reunem-com-secretario-gildeon-em-busca-de-informacoes-sobre-as-creches\/\" \/>\n<meta property=\"og:locale\" content=\"pt_BR\" \/>\n<meta property=\"og:type\" content=\"article\" \/>\n<meta property=\"og:title\" content=\"Cacoal\/RO-Vereadores se re\u00fanem com Secret\u00e1rio Gildeon em busca de informa\u00e7\u00f5es sobre as Creches - UVB Brasil\" \/>\n<meta property=\"og:description\" content=\"Vereadores se re\u00fanem com Secret\u00e1rio Gildeon em busca de informa\u00e7\u00f5es sobre as Creches O presidente da C\u00e2mara, Jo\u00e3o Paulo Pichek...\" \/>\n<meta property=\"og:url\" content=\"https:\/\/uvbbrasil.com.br\/cacoal-ro-vereadores-se-reunem-com-secretario-gildeon-em-busca-de-informacoes-sobre-as-creches\/\" \/>\n<meta property=\"og:site_name\" content=\"UVB Brasil\" \/>\n<meta property=\"article:publisher\" content=\"https:\/\/www.facebook.com\/uvb.vereadoresbrasil\" \/>\n<meta property=\"article:published_time\" content=\"2023-01-17T13:27:35+00:00\" \/>\n<meta property=\"og:image\" content=\"https:\/\/uvbbrasil.com.br\/wp-content\/uploads\/2023\/01\/cacoal.jpg\" \/>\n\t<meta property=\"og:image:width\" content=\"1600\" \/>\n\t<meta property=\"og:image:height\" content=\"838\" \/>\n\t<meta property=\"og:image:type\" content=\"image\/jpeg\" \/>\n<meta name=\"author\" content=\"adminuvb\" \/>\n<meta name=\"twitter:card\" content=\"summary_large_image\" \/>\n<meta name=\"twitter:label1\" content=\"Escrito por\" \/>\n\t<meta name=\"twitter:data1\" content=\"adminuvb\" \/>\n\t<meta name=\"twitter:label2\" content=\"Est. tempo de leitura\" \/>\n\t<meta name=\"twitter:data2\" content=\"1 minuto\" \/>\n<script type=\"application\/ld+json\" class=\"yoast-schema-graph\">{\"@context\":\"https:\/\/schema.org\",\"@graph\":[{\"@type\":\"Article\",\"@id\":\"https:\/\/uvbbrasil.com.br\/cacoal-ro-vereadores-se-reunem-com-secretario-gildeon-em-busca-de-informacoes-sobre-as-creches\/#article\",\"isPartOf\":{\"@id\":\"https:\/\/uvbbrasil.com.br\/cacoal-ro-vereadores-se-reunem-com-secretario-gildeon-em-busca-de-informacoes-sobre-as-creches\/\"},\"author\":{\"name\":\"adminuvb\",\"@id\":\"https:\/\/uvbbrasil.com.br\/#\/schema\/person\/17990098446c098f52effddff4f1b272\"},\"headline\":\"Cacoal\/RO-Vereadores se re\u00fanem com Secret\u00e1rio Gildeon em busca de informa\u00e7\u00f5es sobre as Creches\",\"datePublished\":\"2023-01-17T13:27:35+00:00\",\"mainEntityOfPage\":{\"@id\":\"https:\/\/uvbbrasil.com.br\/cacoal-ro-vereadores-se-reunem-com-secretario-gildeon-em-busca-de-informacoes-sobre-as-creches\/\"},\"wordCount\":188,\"commentCount\":0,\"publisher\":{\"@id\":\"https:\/\/uvbbrasil.com.br\/#organization\"},\"image\":{\"@id\":\"https:\/\/uvbbrasil.com.br\/cacoal-ro-vereadores-se-reunem-com-secretario-gildeon-em-busca-de-informacoes-sobre-as-creches\/#primaryimage\"},\"thumbnailUrl\":\"https:\/\/uvbbrasil.com.br\/wp-content\/uploads\/2023\/01\/cacoal.jpg\",\"articleSection\":[\"NOT\u00cdCIAS\"],\"inLanguage\":\"pt-BR\",\"potentialAction\":[{\"@type\":\"CommentAction\",\"name\":\"Comment\",\"target\":[\"https:\/\/uvbbrasil.com.br\/cacoal-ro-vereadores-se-reunem-com-secretario-gildeon-em-busca-de-informacoes-sobre-as-creches\/#respond\"]}]},{\"@type\":\"WebPage\",\"@id\":\"https:\/\/uvbbrasil.com.br\/cacoal-ro-vereadores-se-reunem-com-secretario-gildeon-em-busca-de-informacoes-sobre-as-creches\/\",\"url\":\"https:\/\/uvbbrasil.com.br\/cacoal-ro-vereadores-se-reunem-com-secretario-gildeon-em-busca-de-informacoes-sobre-as-creches\/\",\"name\":\"Cacoal\/RO-Vereadores se re\u00fanem com Secret\u00e1rio Gildeon em busca de informa\u00e7\u00f5es sobre as Creches - UVB Brasil\",\"isPartOf\":{\"@id\":\"https:\/\/uvbbrasil.com.br\/#website\"},\"primaryImageOfPage\":{\"@id\":\"https:\/\/uvbbrasil.com.br\/cacoal-ro-vereadores-se-reunem-com-secretario-gildeon-em-busca-de-informacoes-sobre-as-creches\/#primaryimage\"},\"image\":{\"@id\":\"https:\/\/uvbbrasil.com.br\/cacoal-ro-vereadores-se-reunem-com-secretario-gildeon-em-busca-de-informacoes-sobre-as-creches\/#primaryimage\"},\"thumbnailUrl\":\"https:\/\/uvbbrasil.com.br\/wp-content\/uploads\/2023\/01\/cacoal.jpg\",\"datePublished\":\"2023-01-17T13:27:35+00:00\",\"breadcrumb\":{\"@id\":\"https:\/\/uvbbrasil.com.br\/cacoal-ro-vereadores-se-reunem-com-secretario-gildeon-em-busca-de-informacoes-sobre-as-creches\/#breadcrumb\"},\"inLanguage\":\"pt-BR\",\"potentialAction\":[{\"@type\":\"ReadAction\",\"target\":[\"https:\/\/uvbbrasil.com.br\/cacoal-ro-vereadores-se-reunem-com-secretario-gildeon-em-busca-de-informacoes-sobre-as-creches\/\"]}]},{\"@type\":\"ImageObject\",\"inLanguage\":\"pt-BR\",\"@id\":\"https:\/\/uvbbrasil.com.br\/cacoal-ro-vereadores-se-reunem-com-secretario-gildeon-em-busca-de-informacoes-sobre-as-creches\/#primaryimage\",\"url\":\"https:\/\/uvbbrasil.com.br\/wp-content\/uploads\/2023\/01\/cacoal.jpg\",\"contentUrl\":\"https:\/\/uvbbrasil.com.br\/wp-content\/uploads\/2023\/01\/cacoal.jpg\",\"width\":1600,\"height\":838},{\"@type\":\"BreadcrumbList\",\"@id\":\"https:\/\/uvbbrasil.com.br\/cacoal-ro-vereadores-se-reunem-com-secretario-gildeon-em-busca-de-informacoes-sobre-as-creches\/#breadcrumb\",\"itemListElement\":[{\"@type\":\"ListItem\",\"position\":1,\"name\":\"In\u00edcio\",\"item\":\"https:\/\/uvbbrasil.com.br\/\"},{\"@type\":\"ListItem\",\"position\":2,\"name\":\"Cacoal\/RO-Vereadores se re\u00fanem com Secret\u00e1rio Gildeon em busca de informa\u00e7\u00f5es sobre as Creches\"}]},{\"@type\":\"WebSite\",\"@id\":\"https:\/\/uvbbrasil.com.br\/#website\",\"url\":\"https:\/\/uvbbrasil.com.br\/\",\"name\":\"UVB Brasil\",\"description\":\"Uni\u00e3o dos Vereadores do Brasil\",\"publisher\":{\"@id\":\"https:\/\/uvbbrasil.com.br\/#organization\"},\"potentialAction\":[{\"@type\":\"SearchAction\",\"target\":{\"@type\":\"EntryPoint\",\"urlTemplate\":\"https:\/\/uvbbrasil.com.br\/?s={search_term_string}\"},\"query-input\":{\"@type\":\"PropertyValueSpecification\",\"valueRequired\":true,\"valueName\":\"search_term_string\"}}],\"inLanguage\":\"pt-BR\"},{\"@type\":\"Organization\",\"@id\":\"https:\/\/uvbbrasil.com.br\/#organization\",\"name\":\"UVB Brasil\",\"url\":\"https:\/\/uvbbrasil.com.br\/\",\"logo\":{\"@type\":\"ImageObject\",\"inLanguage\":\"pt-BR\",\"@id\":\"https:\/\/uvbbrasil.com.br\/#\/schema\/logo\/image\/\",\"url\":\"https:\/\/uvbbrasil.com.br\/wp-content\/uploads\/2025\/01\/LOGO-UVB-2024-azul-1.jpg\",\"contentUrl\":\"https:\/\/uvbbrasil.com.br\/wp-content\/uploads\/2025\/01\/LOGO-UVB-2024-azul-1.jpg\",\"width\":600,\"height\":211,\"caption\":\"UVB Brasil\"},\"image\":{\"@id\":\"https:\/\/uvbbrasil.com.br\/#\/schema\/logo\/image\/\"},\"sameAs\":[\"https:\/\/www.facebook.com\/uvb.vereadoresbrasil\",\"https:\/\/www.instagram.com\/uvbbrasil\/\",\"https:\/\/www.youtube.com\/channel\/UCIlPQ8Xzw5GHNzosQIg9S5A\"]},{\"@type\":\"Person\",\"@id\":\"https:\/\/uvbbrasil.com.br\/#\/schema\/person\/17990098446c098f52effddff4f1b272\",\"name\":\"adminuvb\",\"image\":{\"@type\":\"ImageObject\",\"inLanguage\":\"pt-BR\",\"@id\":\"https:\/\/uvbbrasil.com.br\/#\/schema\/person\/image\/\",\"url\":\"https:\/\/secure.gravatar.com\/avatar\/1a494ea6f8e2dd1ae526e55b0e9497efdba542491e0620d704cccf63c6f77c45?s=96&d=mm&r=g\",\"contentUrl\":\"https:\/\/secure.gravatar.com\/avatar\/1a494ea6f8e2dd1ae526e55b0e9497efdba542491e0620d704cccf63c6f77c45?s=96&d=mm&r=g\",\"caption\":\"adminuvb\"},\"sameAs\":[\"https:\/\/uvbbrasil.com.br\"],\"url\":\"https:\/\/uvbbrasil.com.br\/author\/adminuvb\/\"}]}<\/script>\n<!-- \/ Yoast SEO plugin. -->","yoast_head_json":{"title":"Cacoal\/RO-Vereadores se re\u00fanem com Secret\u00e1rio Gildeon em busca de informa\u00e7\u00f5es sobre as Creches - UVB Brasil","robots":{"index":"index","follow":"follow","max-snippet":"max-snippet:-1","max-image-preview":"max-image-preview:large","max-video-preview":"max-video-preview:-1"},"canonical":"https:\/\/uvbbrasil.com.br\/cacoal-ro-vereadores-se-reunem-com-secretario-gildeon-em-busca-de-informacoes-sobre-as-creches\/","og_locale":"pt_BR","og_type":"article","og_title":"Cacoal\/RO-Vereadores se re\u00fanem com Secret\u00e1rio Gildeon em busca de informa\u00e7\u00f5es sobre as Creches - UVB Brasil","og_description":"Vereadores se re\u00fanem com Secret\u00e1rio Gildeon em busca de informa\u00e7\u00f5es sobre as Creches O presidente da C\u00e2mara, Jo\u00e3o Paulo Pichek...","og_url":"https:\/\/uvbbrasil.com.br\/cacoal-ro-vereadores-se-reunem-com-secretario-gildeon-em-busca-de-informacoes-sobre-as-creches\/","og_site_name":"UVB Brasil","article_publisher":"https:\/\/www.facebook.com\/uvb.vereadoresbrasil","article_published_time":"2023-01-17T13:27:35+00:00","og_image":[{"width":1600,"height":838,"url":"https:\/\/uvbbrasil.com.br\/wp-content\/uploads\/2023\/01\/cacoal.jpg","type":"image\/jpeg"}],"author":"adminuvb","twitter_card":"summary_large_image","twitter_misc":{"Escrito por":"adminuvb","Est. tempo de leitura":"1 minuto"},"schema":{"@context":"https:\/\/schema.org","@graph":[{"@type":"Article","@id":"https:\/\/uvbbrasil.com.br\/cacoal-ro-vereadores-se-reunem-com-secretario-gildeon-em-busca-de-informacoes-sobre-as-creches\/#article","isPartOf":{"@id":"https:\/\/uvbbrasil.com.br\/cacoal-ro-vereadores-se-reunem-com-secretario-gildeon-em-busca-de-informacoes-sobre-as-creches\/"},"author":{"name":"adminuvb","@id":"https:\/\/uvbbrasil.com.br\/#\/schema\/person\/17990098446c098f52effddff4f1b272"},"headline":"Cacoal\/RO-Vereadores se re\u00fanem com Secret\u00e1rio Gildeon em busca de informa\u00e7\u00f5es sobre as Creches","datePublished":"2023-01-17T13:27:35+00:00","mainEntityOfPage":{"@id":"https:\/\/uvbbrasil.com.br\/cacoal-ro-vereadores-se-reunem-com-secretario-gildeon-em-busca-de-informacoes-sobre-as-creches\/"},"wordCount":188,"commentCount":0,"publisher":{"@id":"https:\/\/uvbbrasil.com.br\/#organization"},"image":{"@id":"https:\/\/uvbbrasil.com.br\/cacoal-ro-vereadores-se-reunem-com-secretario-gildeon-em-busca-de-informacoes-sobre-as-creches\/#primaryimage"},"thumbnailUrl":"https:\/\/uvbbrasil.com.br\/wp-content\/uploads\/2023\/01\/cacoal.jpg","articleSection":["NOT\u00cdCIAS"],"inLanguage":"pt-BR","potentialAction":[{"@type":"CommentAction","name":"Comment","target":["https:\/\/uvbbrasil.com.br\/cacoal-ro-vereadores-se-reunem-com-secretario-gildeon-em-busca-de-informacoes-sobre-as-creches\/#respond"]}]},{"@type":"WebPage","@id":"https:\/\/uvbbrasil.com.br\/cacoal-ro-vereadores-se-reunem-com-secretario-gildeon-em-busca-de-informacoes-sobre-as-creches\/","url":"https:\/\/uvbbrasil.com.br\/cacoal-ro-vereadores-se-reunem-com-secretario-gildeon-em-busca-de-informacoes-sobre-as-creches\/","name":"Cacoal\/RO-Vereadores se re\u00fanem com Secret\u00e1rio Gildeon em busca de informa\u00e7\u00f5es sobre as Creches - UVB Brasil","isPartOf":{"@id":"https:\/\/uvbbrasil.com.br\/#website"},"primaryImageOfPage":{"@id":"https:\/\/uvbbrasil.com.br\/cacoal-ro-vereadores-se-reunem-com-secretario-gildeon-em-busca-de-informacoes-sobre-as-creches\/#primaryimage"},"image":{"@id":"https:\/\/uvbbrasil.com.br\/cacoal-ro-vereadores-se-reunem-com-secretario-gildeon-em-busca-de-informacoes-sobre-as-creches\/#primaryimage"},"thumbnailUrl":"https:\/\/uvbbrasil.com.br\/wp-content\/uploads\/2023\/01\/cacoal.jpg","datePublished":"2023-01-17T13:27:35+00:00","breadcrumb":{"@id":"https:\/\/uvbbrasil.com.br\/cacoal-ro-vereadores-se-reunem-com-secretario-gildeon-em-busca-de-informacoes-sobre-as-creches\/#breadcrumb"},"inLanguage":"pt-BR","potentialAction":[{"@type":"ReadAction","target":["https:\/\/uvbbrasil.com.br\/cacoal-ro-vereadores-se-reunem-com-secretario-gildeon-em-busca-de-informacoes-sobre-as-creches\/"]}]},{"@type":"ImageObject","inLanguage":"pt-BR","@id":"https:\/\/uvbbrasil.com.br\/cacoal-ro-vereadores-se-reunem-com-secretario-gildeon-em-busca-de-informacoes-sobre-as-creches\/#primaryimage","url":"https:\/\/uvbbrasil.com.br\/wp-content\/uploads\/2023\/01\/cacoal.jpg","contentUrl":"https:\/\/uvbbrasil.com.br\/wp-content\/uploads\/2023\/01\/cacoal.jpg","width":1600,"height":838},{"@type":"BreadcrumbList","@id":"https:\/\/uvbbrasil.com.br\/cacoal-ro-vereadores-se-reunem-com-secretario-gildeon-em-busca-de-informacoes-sobre-as-creches\/#breadcrumb","itemListElement":[{"@type":"ListItem","position":1,"name":"In\u00edcio","item":"https:\/\/uvbbrasil.com.br\/"},{"@type":"ListItem","position":2,"name":"Cacoal\/RO-Vereadores se re\u00fanem com Secret\u00e1rio Gildeon em busca de informa\u00e7\u00f5es sobre as Creches"}]},{"@type":"WebSite","@id":"https:\/\/uvbbrasil.com.br\/#website","url":"https:\/\/uvbbrasil.com.br\/","name":"UVB Brasil","description":"Uni\u00e3o dos Vereadores do Brasil","publisher":{"@id":"https:\/\/uvbbrasil.com.br\/#organization"},"potentialAction":[{"@type":"SearchAction","target":{"@type":"EntryPoint","urlTemplate":"https:\/\/uvbbrasil.com.br\/?s={search_term_string}"},"query-input":{"@type":"PropertyValueSpecification","valueRequired":true,"valueName":"search_term_string"}}],"inLanguage":"pt-BR"},{"@type":"Organization","@id":"https:\/\/uvbbrasil.com.br\/#organization","name":"UVB Brasil","url":"https:\/\/uvbbrasil.com.br\/","logo":{"@type":"ImageObject","inLanguage":"pt-BR","@id":"https:\/\/uvbbrasil.com.br\/#\/schema\/logo\/image\/","url":"https:\/\/uvbbrasil.com.br\/wp-content\/uploads\/2025\/01\/LOGO-UVB-2024-azul-1.jpg","contentUrl":"https:\/\/uvbbrasil.com.br\/wp-content\/uploads\/2025\/01\/LOGO-UVB-2024-azul-1.jpg","width":600,"height":211,"caption":"UVB Brasil"},"image":{"@id":"https:\/\/uvbbrasil.com.br\/#\/schema\/logo\/image\/"},"sameAs":["https:\/\/www.facebook.com\/uvb.vereadoresbrasil","https:\/\/www.instagram.com\/uvbbrasil\/","https:\/\/www.youtube.com\/channel\/UCIlPQ8Xzw5GHNzosQIg9S5A"]},{"@type":"Person","@id":"https:\/\/uvbbrasil.com.br\/#\/schema\/person\/17990098446c098f52effddff4f1b272","name":"adminuvb","image":{"@type":"ImageObject","inLanguage":"pt-BR","@id":"https:\/\/uvbbrasil.com.br\/#\/schema\/person\/image\/","url":"https:\/\/secure.gravatar.com\/avatar\/1a494ea6f8e2dd1ae526e55b0e9497efdba542491e0620d704cccf63c6f77c45?s=96&d=mm&r=g","contentUrl":"https:\/\/secure.gravatar.com\/avatar\/1a494ea6f8e2dd1ae526e55b0e9497efdba542491e0620d704cccf63c6f77c45?s=96&d=mm&r=g","caption":"adminuvb"},"sameAs":["https:\/\/uvbbrasil.com.br"],"url":"https:\/\/uvbbrasil.com.br\/author\/adminuvb\/"}]}},"_links":{"self":[{"href":"https:\/\/uvbbrasil.com.br\/uvb-json\/wp\/v2\/posts\/28142","targetHints":{"allow":["GET"]}}],"collection":[{"href":"https:\/\/uvbbrasil.com.br\/uvb-json\/wp\/v2\/posts"}],"about":[{"href":"https:\/\/uvbbrasil.com.br\/uvb-json\/wp\/v2\/types\/post"}],"author":[{"embeddable":true,"href":"https:\/\/uvbbrasil.com.br\/uvb-json\/wp\/v2\/users\/1"}],"replies":[{"embeddable":true,"href":"https:\/\/uvbbrasil.com.br\/uvb-json\/wp\/v2\/comments?post=28142"}],"version-history":[{"count":0,"href":"https:\/\/uvbbrasil.com.br\/uvb-json\/wp\/v2\/posts\/28142\/revisions"}],"wp:featuredmedia":[{"embeddable":true,"href":"https:\/\/uvbbrasil.com.br\/uvb-json\/wp\/v2\/media\/28143"}],"wp:attachment":[{"href":"https:\/\/uvbbrasil.com.br\/uvb-json\/wp\/v2\/media?parent=28142"}],"wp:term":[{"taxonomy":"category","embeddable":true,"href":"https:\/\/uvbbrasil.com.br\/uvb-json\/wp\/v2\/categories?post=28142"},{"taxonomy":"post_tag","embeddable":true,"href":"https:\/\/uvbbrasil.com.br\/uvb-json\/wp\/v2\/tags?post=28142"}],"curies":[{"name":"wp","href":"https:\/\/api.w.org\/{rel}","templated":true}]}}