{"id":28028,"date":"2023-01-02T12:34:08","date_gmt":"2023-01-02T15:34:08","guid":{"rendered":"https:\/\/wpsandbox4.pante.com.br\/?p=28028"},"modified":"2023-01-02T12:34:08","modified_gmt":"2023-01-02T15:34:08","slug":"agende-se-xxii-marcha-dos-legislativos-municipais-acontece-de-25-a-28-de-abril","status":"publish","type":"post","link":"https:\/\/uvbbrasil.com.br\/agende-se-xxii-marcha-dos-legislativos-municipais-acontece-de-25-a-28-de-abril\/","title":{"rendered":"Agende-se XXII MARCHA DOS LEGISLATIVOS MUNICIPAIS acontece de 25 a 28 de abril"},"content":{"rendered":"<p>Evento realizado pela UVB, em parceria estrat\u00e9gica com a Plen\u00e1ria Assessoria a XXII Marcha dos Legislativos Municipais e Gest\u00f5es P\u00fablicas, acontece em Bras\u00edlia\/DF, de 25 a 28 de abril de 2023 em Bras\u00edlia\/DF, no Opera Hall, situado no SHTN (Setor Hoteleiro Tur\u00edstico Norte), pr\u00f3ximo ao Hotel Bay Park.<\/p>\n<p>A XXII Marcha dos Legislativos Municipais e Gest\u00f5es P\u00fablicas \u00e9 uma mobiliza\u00e7\u00e3o nacional de agentes p\u00fablicos municipais, que debate temas nacionais de interesse dos munic\u00edpios e do parlamento municipal, oportuniza a troca de experi\u00eancias e informa\u00e7\u00f5es entre os participantes de todas as regi\u00f5es do pa\u00eds, criando a\u00e7\u00f5es positivas pelo fortalecimento do Poder Legislativo Municipal brasileiro, chamando aten\u00e7\u00e3o de Bras\u00edlia para a import\u00e2ncia da democracia representativa atrav\u00e9s das c\u00e2maras municipais e sobre tudo, da import\u00e2ncia dos legislativos municipais na transforma\u00e7\u00e3o da vida das pessoas.<\/p>\n<p>Debatemos e refletimos sobre o papel dos legislativos municipais na transforma\u00e7\u00e3o das nossas cidades e firmando compromissos de fazer a diferen\u00e7a na vida das pessoas, com trabalho s\u00e9rio, \u00e9tico e transparente, entregando ao cidad\u00e3o, mandatos de excel\u00eancia. Destacamos que a Marcha dos Legislativos Municipais n\u00e3o \u00e9 um curso e sim, uma oportunidade \u00fanica de unir homens e mulheres em favor dos seus mandatos e melhor resultado ao cidad\u00e3o brasileiro.<\/p>\n<p>A XXII Marcha dos Legislativos Municipais e Gest\u00f5es P\u00fablicas cumprir\u00e1 o objetivo de instruir, orientar e preparar os vereadores e vereadoras, assim como assessores, diretores, procuradores, servidores, prestadores de servi\u00e7os de c\u00e2maras, bem como, de prefeituras municipais, prefeitos e vice &#8211; prefeitos, visando o melhor nas suas fun\u00e7\u00f5es, al\u00e9m de fazer a integra\u00e7\u00e3o entre os diversos munic\u00edpios participantes, com suas diferen\u00e7as culturais, populacionais e econ\u00f4micas. A Marcha dos Legislativos \u00e9 o Brasil de verdade. Avante!<\/p>\n<h2 class=\"element-title\">TROF\u00c9U DESTAQUE NACIONAL<\/h2>\n<p>A premia\u00e7\u00e3o do Trof\u00e9u Destaque \u00e9 realizada atrav\u00e9s de um concurso que tem a ideia\u00a0 principal de estimular realiza\u00e7\u00f5es com visibilidade de forma positiva na constru\u00e7\u00e3o de uma sociedade mais justa e com a\u00e7\u00f5es p\u00fablicas inovadoras.<\/p>\n<p>Os projetos s\u00e3o apresentados em forma de v\u00eddeos, para realmente mostrar na pr\u00e1tica a execu\u00e7\u00e3o do projeto apresentado.<\/p>\n<p style=\"text-align: center;\"><strong>REGULAMENTO<\/strong><\/p>\n<p><strong><em>DO OBJETIVO:<\/em><\/strong><\/p>\n<p>O Concurso Destaque Nacional UVB 2023, tem o objetivo de destacar as iniciativas que tenham contribu\u00eddo pelo fortalecimento do poder legislativo municipal, estimulando a integra\u00e7\u00e3o com a comunidade, a melhoria da qualidade de vida das pessoas e demais proposi\u00e7\u00f5es que mere\u00e7am destaque.<\/p>\n<p>Estimular realiza\u00e7\u00f5es com visibilidade de forma positiva na constru\u00e7\u00e3o de uma sociedade mais justa e com a\u00e7\u00f5es p\u00fablicas inovadoras.\u00a0Os projetos s\u00e3o apresentados em forma de v\u00eddeos, para realmente mostrar na pr\u00e1tica a execu\u00e7\u00e3o do projeto apresentado. Os projetos poder\u00e3o ser apresentados pelo autor, desde que apresente imagens da projeto\/iniciativa na pr\u00e1tica<\/p>\n<p><strong><em>DAS INSCRI\u00c7\u00d5ES \u2013 POR MEIO VIRTUAL:<\/em><\/strong><\/p>\n<p>As inscri\u00e7\u00f5es ocorrer\u00e3o entre os dias\u00a0<strong>17\/04 a 21\/04<\/strong>\u00a0(sexta-feira), devem ser enviadas\u00a0<strong>por meio eletr\u00f4nico, preferencialmente por\u00a0<\/strong>e-mail: bras\u00edlia@wpsandbox4.pante.com.br ou, whatsapp 51 980 33 16 42 com Thain\u00e1 que dar\u00e1 o protocolo do recebimento.<\/p>\n<p>Ser\u00e1 permitida a inscri\u00e7\u00e3o de\u00a0<strong>um (01) projeto por participante<\/strong>, sendo que o total de inscri\u00e7\u00f5es\u00a0<strong>n\u00e3o poder\u00e1 ultrapassar o n\u00famero de (04) quatro inscri\u00e7\u00f5es por munic\u00edpio<\/strong>. O crit\u00e9rio de admiss\u00e3o do projeto ser\u00e1 a ordem do protocolo de inscri\u00e7\u00e3o do mesmo. Todo o concorrente\u00a0<strong>dever\u00e1 estar inscrito na Marcha da UVB 2023<\/strong>, sob pena de desclassifica\u00e7\u00e3o autom\u00e1tica.<\/p>\n<p><em><strong>DA APRESENTA\u00c7\u00c3O EM V\u00cdDEO:<\/strong><\/em><\/p>\n<p>Os projetos dever\u00e3o ser apresentados OBRIGATORIAMENTE em forma de v\u00eddeo COM QUALIDADE,\u00a0 SEM RU\u00cdDOS, MOSTRANDO PROJETO\/A\u00c7\u00c3O NA PR\u00c1TICA.<\/p>\n<p>Os projetos ser\u00e3o apresentados nos tel\u00f5es do audit\u00f3rio principal onde poder\u00e3o ser assistidos por todos os participantes da Marcha dos Vereadores 2023.<\/p>\n<p><strong><em>DA AVALIA\u00c7\u00c3O:<\/em><\/strong><\/p>\n<p>Os projetos ser\u00e3o avaliados por uma Comiss\u00e3o Julgadora nomeada pelo presidente da UVB, formada por personalidades isentas e sem v\u00ednculo com C\u00e2maras ou Vereadores participantes.<\/p>\n<p>A pontua\u00e7\u00e3o se dar\u00e1 com notas de cinco a dez pontos.<\/p>\n<p>A Comiss\u00e3o Julgadora\u00a0 ter\u00e1 completa e total autonomia para a tomada de decis\u00e3o n\u00e3o cabendo recurso de qualquer tipo \u00e0s suas decis\u00f5es.<\/p>\n<p><strong><em>DOS CRIT\u00c9RIOS:<\/em><\/strong><\/p>\n<p>Os crit\u00e9rios a serem analisados:<\/p>\n<p>A) Ter excelente qualidade de som e imagem na apresenta\u00e7\u00e3o do v\u00eddeo;<\/p>\n<p>B) Ter grau de influ\u00eancia e integra\u00e7\u00e3o\u00a0com\u00a0a comunidade local e\/ou regional;<\/p>\n<p>c) Ter a\u00e7\u00f5es de valoriza\u00e7\u00e3o do Poder Legislativo Municipal;<\/p>\n<p>d) Promo\u00e7\u00e3o da cidadania;<\/p>\n<p>f) Ser aproveitado e replicado nas c\u00e2maras e municipais do Brasil, como exemplo de boa iniciativa parlamentar;<\/p>\n<p>g) Apresentar imagens da execu\u00e7\u00e3o do projeto\/iniciativa na pr\u00e1tica.<\/p>\n<p>h) Projetos in\u00e9ditos que n\u00e3o apresentados em edi\u00e7\u00f5es anteriores, ter\u00e3o peso extra de 5 pontos.<\/p>\n<p><em><strong>QUALIDADE<\/strong><\/em><\/p>\n<p>Projetos apresentados com baixa qualidade, ser\u00e3o desclassificados na triagem.<\/p>\n<p><em><strong>TEMPO DA APRESENTA\u00c7\u00c3O:<\/strong><\/em><\/p>\n<p>O tempo m\u00e1ximo de dura\u00e7\u00e3o \u00e9 de at\u00e9\u00a0<strong>4<\/strong>\u00a0<strong>(quatro)\u00a0 MINUTOS.<\/strong>\u00a0Passado esse tempo, haver\u00e1 desqualifica\u00e7\u00e3o autom\u00e1tica.<\/p>\n<p><em><strong>DA AUTORIZA\u00c7\u00c3O DE DIVULGA\u00c7\u00c3O :<\/strong><\/em><\/p>\n<p>A partir da inscri\u00e7\u00e3o, o participante autoriza a UVB\u00a0\u00e0 divulgar os projetos em\u00a0todos os\u00a0meios de comunica\u00e7\u00e3o, exposi\u00e7\u00e3o, publica\u00e7\u00e3o, redes sociais, \u00e0 t\u00edtulo\u00a0gratuito em todo e qualquer procedimento, em que UVB entender que seja salutar e sem limite de prazo.<\/p>\n<p><strong><em>DA PREMIA\u00c7\u00c3O:<\/em><\/strong><\/p>\n<p>Ser\u00e3o premiados os melhores projetos avaliados que receber\u00e3o o\u00a0<strong>Trof\u00e9u Destaque Nacional UVB 2023.<\/strong><\/p>\n<p>Na edi\u00e7\u00e3o de 2023, ser\u00e3o premiados at\u00e9 50 projetos.<\/p>\n<p>A premia\u00e7\u00e3o ser\u00e1 entregue dia 27\/04 (Quinta-Feira) a partir das 18 horas<\/p>\n<p><em><strong>INFORMA\u00c7\u00d5ES: whatsapp<\/strong><\/em><\/p>\n<p>55 9 9644 9022 &#8211; Fernando<\/p>\n<p>51 98033 1642 &#8211; Thain\u00e1<\/p>\n<p><strong>*Em breve ser\u00e1 liberada a Programa\u00e7\u00e3o que fica sujeita a altera\u00e7\u00f5es sem aviso pr\u00e9vio<\/strong><\/p>\n<p><strong>Pu\u0301blico Alvo:<\/strong> Vereadores(a), assessores, diretores, procuradores e servidores de ca\u0302maras municipais, Prefeitos, vice-prefeitos, assessores, diretores, procuradores e servidores de prefeituras municipais, assim como, membros da sociedade civil interessados nos temas propostos.<\/p>\n<p>&nbsp;<\/p>\n<p>&nbsp;<\/p>\n<p><img fetchpriority=\"high\" decoding=\"async\" class=\"alignnone size-medium wp-image-26596\" src=\"https:\/\/uvbbrasil.com.br\/wp-content\/uploads\/2022\/07\/marcha_2023-300x225.jpeg\" alt=\"\" width=\"300\" height=\"225\" srcset=\"https:\/\/uvbbrasil.com.br\/wp-content\/uploads\/2022\/07\/marcha_2023-300x225.jpeg 300w, https:\/\/uvbbrasil.com.br\/wp-content\/uploads\/2022\/07\/marcha_2023-1024x767.jpeg 1024w, https:\/\/uvbbrasil.com.br\/wp-content\/uploads\/2022\/07\/marcha_2023-768x575.jpeg 768w, https:\/\/uvbbrasil.com.br\/wp-content\/uploads\/2022\/07\/marcha_2023.jpeg 1280w\" sizes=\"(max-width: 300px) 100vw, 300px\" \/><\/p>\n<p>&nbsp;<\/p>\n","protected":false},"excerpt":{"rendered":"<p>Evento realizado pela UVB, em parceria estrat\u00e9gica com a Plen\u00e1ria Assessoria a XXII Marcha dos Legislativos Municipais e Gest\u00f5es P\u00fablicas,&#8230;<\/p>\n","protected":false},"author":1,"featured_media":26596,"comment_status":"open","ping_status":"open","sticky":false,"template":"","format":"standard","meta":{"footnotes":""},"categories":[3,4],"tags":[],"class_list":["post-28028","post","type-post","status-publish","format-standard","has-post-thumbnail","hentry","category-noticias","category-home"],"yoast_head":"<!-- This site is optimized with the Yoast SEO plugin v26.7 - https:\/\/yoast.com\/wordpress\/plugins\/seo\/ -->\n<title>Agende-se XXII MARCHA DOS LEGISLATIVOS MUNICIPAIS acontece de 25 a 28 de abril - UVB Brasil<\/title>\n<meta name=\"robots\" content=\"index, follow, max-snippet:-1, max-image-preview:large, max-video-preview:-1\" \/>\n<link rel=\"canonical\" href=\"https:\/\/uvbbrasil.com.br\/agende-se-xxii-marcha-dos-legislativos-municipais-acontece-de-25-a-28-de-abril\/\" \/>\n<meta property=\"og:locale\" content=\"pt_BR\" \/>\n<meta property=\"og:type\" content=\"article\" \/>\n<meta property=\"og:title\" content=\"Agende-se XXII MARCHA DOS LEGISLATIVOS MUNICIPAIS acontece de 25 a 28 de abril - UVB Brasil\" \/>\n<meta property=\"og:description\" content=\"Evento realizado pela UVB, em parceria estrat\u00e9gica com a Plen\u00e1ria Assessoria a XXII Marcha dos Legislativos Municipais e Gest\u00f5es P\u00fablicas,...\" \/>\n<meta property=\"og:url\" content=\"https:\/\/uvbbrasil.com.br\/agende-se-xxii-marcha-dos-legislativos-municipais-acontece-de-25-a-28-de-abril\/\" \/>\n<meta property=\"og:site_name\" content=\"UVB Brasil\" \/>\n<meta property=\"article:publisher\" content=\"https:\/\/www.facebook.com\/uvb.vereadoresbrasil\" \/>\n<meta property=\"article:published_time\" content=\"2023-01-02T15:34:08+00:00\" \/>\n<meta property=\"og:image\" content=\"https:\/\/uvbbrasil.com.br\/wp-content\/uploads\/2022\/07\/marcha_2023.jpeg\" \/>\n\t<meta property=\"og:image:width\" content=\"1280\" \/>\n\t<meta property=\"og:image:height\" content=\"959\" \/>\n\t<meta property=\"og:image:type\" content=\"image\/jpeg\" \/>\n<meta name=\"author\" content=\"adminuvb\" \/>\n<meta name=\"twitter:card\" content=\"summary_large_image\" \/>\n<meta name=\"twitter:label1\" content=\"Escrito por\" \/>\n\t<meta name=\"twitter:data1\" content=\"adminuvb\" \/>\n\t<meta name=\"twitter:label2\" content=\"Est. tempo de leitura\" \/>\n\t<meta name=\"twitter:data2\" content=\"5 minutos\" \/>\n<script type=\"application\/ld+json\" class=\"yoast-schema-graph\">{\"@context\":\"https:\/\/schema.org\",\"@graph\":[{\"@type\":\"Article\",\"@id\":\"https:\/\/uvbbrasil.com.br\/agende-se-xxii-marcha-dos-legislativos-municipais-acontece-de-25-a-28-de-abril\/#article\",\"isPartOf\":{\"@id\":\"https:\/\/uvbbrasil.com.br\/agende-se-xxii-marcha-dos-legislativos-municipais-acontece-de-25-a-28-de-abril\/\"},\"author\":{\"name\":\"adminuvb\",\"@id\":\"https:\/\/uvbbrasil.com.br\/#\/schema\/person\/17990098446c098f52effddff4f1b272\"},\"headline\":\"Agende-se XXII MARCHA DOS LEGISLATIVOS MUNICIPAIS acontece de 25 a 28 de abril\",\"datePublished\":\"2023-01-02T15:34:08+00:00\",\"mainEntityOfPage\":{\"@id\":\"https:\/\/uvbbrasil.com.br\/agende-se-xxii-marcha-dos-legislativos-municipais-acontece-de-25-a-28-de-abril\/\"},\"wordCount\":1025,\"commentCount\":0,\"publisher\":{\"@id\":\"https:\/\/uvbbrasil.com.br\/#organization\"},\"image\":{\"@id\":\"https:\/\/uvbbrasil.com.br\/agende-se-xxii-marcha-dos-legislativos-municipais-acontece-de-25-a-28-de-abril\/#primaryimage\"},\"thumbnailUrl\":\"https:\/\/uvbbrasil.com.br\/wp-content\/uploads\/2022\/07\/marcha_2023.jpeg\",\"articleSection\":[\"NOT\u00cdCIAS\",\"UVB\"],\"inLanguage\":\"pt-BR\",\"potentialAction\":[{\"@type\":\"CommentAction\",\"name\":\"Comment\",\"target\":[\"https:\/\/uvbbrasil.com.br\/agende-se-xxii-marcha-dos-legislativos-municipais-acontece-de-25-a-28-de-abril\/#respond\"]}]},{\"@type\":\"WebPage\",\"@id\":\"https:\/\/uvbbrasil.com.br\/agende-se-xxii-marcha-dos-legislativos-municipais-acontece-de-25-a-28-de-abril\/\",\"url\":\"https:\/\/uvbbrasil.com.br\/agende-se-xxii-marcha-dos-legislativos-municipais-acontece-de-25-a-28-de-abril\/\",\"name\":\"Agende-se XXII MARCHA DOS LEGISLATIVOS MUNICIPAIS acontece de 25 a 28 de abril - UVB Brasil\",\"isPartOf\":{\"@id\":\"https:\/\/uvbbrasil.com.br\/#website\"},\"primaryImageOfPage\":{\"@id\":\"https:\/\/uvbbrasil.com.br\/agende-se-xxii-marcha-dos-legislativos-municipais-acontece-de-25-a-28-de-abril\/#primaryimage\"},\"image\":{\"@id\":\"https:\/\/uvbbrasil.com.br\/agende-se-xxii-marcha-dos-legislativos-municipais-acontece-de-25-a-28-de-abril\/#primaryimage\"},\"thumbnailUrl\":\"https:\/\/uvbbrasil.com.br\/wp-content\/uploads\/2022\/07\/marcha_2023.jpeg\",\"datePublished\":\"2023-01-02T15:34:08+00:00\",\"breadcrumb\":{\"@id\":\"https:\/\/uvbbrasil.com.br\/agende-se-xxii-marcha-dos-legislativos-municipais-acontece-de-25-a-28-de-abril\/#breadcrumb\"},\"inLanguage\":\"pt-BR\",\"potentialAction\":[{\"@type\":\"ReadAction\",\"target\":[\"https:\/\/uvbbrasil.com.br\/agende-se-xxii-marcha-dos-legislativos-municipais-acontece-de-25-a-28-de-abril\/\"]}]},{\"@type\":\"ImageObject\",\"inLanguage\":\"pt-BR\",\"@id\":\"https:\/\/uvbbrasil.com.br\/agende-se-xxii-marcha-dos-legislativos-municipais-acontece-de-25-a-28-de-abril\/#primaryimage\",\"url\":\"https:\/\/uvbbrasil.com.br\/wp-content\/uploads\/2022\/07\/marcha_2023.jpeg\",\"contentUrl\":\"https:\/\/uvbbrasil.com.br\/wp-content\/uploads\/2022\/07\/marcha_2023.jpeg\",\"width\":1280,\"height\":959},{\"@type\":\"BreadcrumbList\",\"@id\":\"https:\/\/uvbbrasil.com.br\/agende-se-xxii-marcha-dos-legislativos-municipais-acontece-de-25-a-28-de-abril\/#breadcrumb\",\"itemListElement\":[{\"@type\":\"ListItem\",\"position\":1,\"name\":\"In\u00edcio\",\"item\":\"https:\/\/uvbbrasil.com.br\/\"},{\"@type\":\"ListItem\",\"position\":2,\"name\":\"Agende-se XXII MARCHA DOS LEGISLATIVOS MUNICIPAIS acontece de 25 a 28 de abril\"}]},{\"@type\":\"WebSite\",\"@id\":\"https:\/\/uvbbrasil.com.br\/#website\",\"url\":\"https:\/\/uvbbrasil.com.br\/\",\"name\":\"UVB Brasil\",\"description\":\"Uni\u00e3o dos Vereadores do Brasil\",\"publisher\":{\"@id\":\"https:\/\/uvbbrasil.com.br\/#organization\"},\"potentialAction\":[{\"@type\":\"SearchAction\",\"target\":{\"@type\":\"EntryPoint\",\"urlTemplate\":\"https:\/\/uvbbrasil.com.br\/?s={search_term_string}\"},\"query-input\":{\"@type\":\"PropertyValueSpecification\",\"valueRequired\":true,\"valueName\":\"search_term_string\"}}],\"inLanguage\":\"pt-BR\"},{\"@type\":\"Organization\",\"@id\":\"https:\/\/uvbbrasil.com.br\/#organization\",\"name\":\"UVB Brasil\",\"url\":\"https:\/\/uvbbrasil.com.br\/\",\"logo\":{\"@type\":\"ImageObject\",\"inLanguage\":\"pt-BR\",\"@id\":\"https:\/\/uvbbrasil.com.br\/#\/schema\/logo\/image\/\",\"url\":\"https:\/\/uvbbrasil.com.br\/wp-content\/uploads\/2025\/01\/LOGO-UVB-2024-azul-1.jpg\",\"contentUrl\":\"https:\/\/uvbbrasil.com.br\/wp-content\/uploads\/2025\/01\/LOGO-UVB-2024-azul-1.jpg\",\"width\":600,\"height\":211,\"caption\":\"UVB Brasil\"},\"image\":{\"@id\":\"https:\/\/uvbbrasil.com.br\/#\/schema\/logo\/image\/\"},\"sameAs\":[\"https:\/\/www.facebook.com\/uvb.vereadoresbrasil\",\"https:\/\/www.instagram.com\/uvbbrasil\/\",\"https:\/\/www.youtube.com\/channel\/UCIlPQ8Xzw5GHNzosQIg9S5A\"]},{\"@type\":\"Person\",\"@id\":\"https:\/\/uvbbrasil.com.br\/#\/schema\/person\/17990098446c098f52effddff4f1b272\",\"name\":\"adminuvb\",\"image\":{\"@type\":\"ImageObject\",\"inLanguage\":\"pt-BR\",\"@id\":\"https:\/\/uvbbrasil.com.br\/#\/schema\/person\/image\/\",\"url\":\"https:\/\/secure.gravatar.com\/avatar\/1a494ea6f8e2dd1ae526e55b0e9497efdba542491e0620d704cccf63c6f77c45?s=96&d=mm&r=g\",\"contentUrl\":\"https:\/\/secure.gravatar.com\/avatar\/1a494ea6f8e2dd1ae526e55b0e9497efdba542491e0620d704cccf63c6f77c45?s=96&d=mm&r=g\",\"caption\":\"adminuvb\"},\"sameAs\":[\"https:\/\/uvbbrasil.com.br\"],\"url\":\"https:\/\/uvbbrasil.com.br\/author\/adminuvb\/\"}]}<\/script>\n<!-- \/ Yoast SEO plugin. -->","yoast_head_json":{"title":"Agende-se XXII MARCHA DOS LEGISLATIVOS MUNICIPAIS acontece de 25 a 28 de abril - UVB Brasil","robots":{"index":"index","follow":"follow","max-snippet":"max-snippet:-1","max-image-preview":"max-image-preview:large","max-video-preview":"max-video-preview:-1"},"canonical":"https:\/\/uvbbrasil.com.br\/agende-se-xxii-marcha-dos-legislativos-municipais-acontece-de-25-a-28-de-abril\/","og_locale":"pt_BR","og_type":"article","og_title":"Agende-se XXII MARCHA DOS LEGISLATIVOS MUNICIPAIS acontece de 25 a 28 de abril - UVB Brasil","og_description":"Evento realizado pela UVB, em parceria estrat\u00e9gica com a Plen\u00e1ria Assessoria a XXII Marcha dos Legislativos Municipais e Gest\u00f5es P\u00fablicas,...","og_url":"https:\/\/uvbbrasil.com.br\/agende-se-xxii-marcha-dos-legislativos-municipais-acontece-de-25-a-28-de-abril\/","og_site_name":"UVB Brasil","article_publisher":"https:\/\/www.facebook.com\/uvb.vereadoresbrasil","article_published_time":"2023-01-02T15:34:08+00:00","og_image":[{"width":1280,"height":959,"url":"https:\/\/uvbbrasil.com.br\/wp-content\/uploads\/2022\/07\/marcha_2023.jpeg","type":"image\/jpeg"}],"author":"adminuvb","twitter_card":"summary_large_image","twitter_misc":{"Escrito por":"adminuvb","Est. tempo de leitura":"5 minutos"},"schema":{"@context":"https:\/\/schema.org","@graph":[{"@type":"Article","@id":"https:\/\/uvbbrasil.com.br\/agende-se-xxii-marcha-dos-legislativos-municipais-acontece-de-25-a-28-de-abril\/#article","isPartOf":{"@id":"https:\/\/uvbbrasil.com.br\/agende-se-xxii-marcha-dos-legislativos-municipais-acontece-de-25-a-28-de-abril\/"},"author":{"name":"adminuvb","@id":"https:\/\/uvbbrasil.com.br\/#\/schema\/person\/17990098446c098f52effddff4f1b272"},"headline":"Agende-se XXII MARCHA DOS LEGISLATIVOS MUNICIPAIS acontece de 25 a 28 de abril","datePublished":"2023-01-02T15:34:08+00:00","mainEntityOfPage":{"@id":"https:\/\/uvbbrasil.com.br\/agende-se-xxii-marcha-dos-legislativos-municipais-acontece-de-25-a-28-de-abril\/"},"wordCount":1025,"commentCount":0,"publisher":{"@id":"https:\/\/uvbbrasil.com.br\/#organization"},"image":{"@id":"https:\/\/uvbbrasil.com.br\/agende-se-xxii-marcha-dos-legislativos-municipais-acontece-de-25-a-28-de-abril\/#primaryimage"},"thumbnailUrl":"https:\/\/uvbbrasil.com.br\/wp-content\/uploads\/2022\/07\/marcha_2023.jpeg","articleSection":["NOT\u00cdCIAS","UVB"],"inLanguage":"pt-BR","potentialAction":[{"@type":"CommentAction","name":"Comment","target":["https:\/\/uvbbrasil.com.br\/agende-se-xxii-marcha-dos-legislativos-municipais-acontece-de-25-a-28-de-abril\/#respond"]}]},{"@type":"WebPage","@id":"https:\/\/uvbbrasil.com.br\/agende-se-xxii-marcha-dos-legislativos-municipais-acontece-de-25-a-28-de-abril\/","url":"https:\/\/uvbbrasil.com.br\/agende-se-xxii-marcha-dos-legislativos-municipais-acontece-de-25-a-28-de-abril\/","name":"Agende-se XXII MARCHA DOS LEGISLATIVOS MUNICIPAIS acontece de 25 a 28 de abril - UVB Brasil","isPartOf":{"@id":"https:\/\/uvbbrasil.com.br\/#website"},"primaryImageOfPage":{"@id":"https:\/\/uvbbrasil.com.br\/agende-se-xxii-marcha-dos-legislativos-municipais-acontece-de-25-a-28-de-abril\/#primaryimage"},"image":{"@id":"https:\/\/uvbbrasil.com.br\/agende-se-xxii-marcha-dos-legislativos-municipais-acontece-de-25-a-28-de-abril\/#primaryimage"},"thumbnailUrl":"https:\/\/uvbbrasil.com.br\/wp-content\/uploads\/2022\/07\/marcha_2023.jpeg","datePublished":"2023-01-02T15:34:08+00:00","breadcrumb":{"@id":"https:\/\/uvbbrasil.com.br\/agende-se-xxii-marcha-dos-legislativos-municipais-acontece-de-25-a-28-de-abril\/#breadcrumb"},"inLanguage":"pt-BR","potentialAction":[{"@type":"ReadAction","target":["https:\/\/uvbbrasil.com.br\/agende-se-xxii-marcha-dos-legislativos-municipais-acontece-de-25-a-28-de-abril\/"]}]},{"@type":"ImageObject","inLanguage":"pt-BR","@id":"https:\/\/uvbbrasil.com.br\/agende-se-xxii-marcha-dos-legislativos-municipais-acontece-de-25-a-28-de-abril\/#primaryimage","url":"https:\/\/uvbbrasil.com.br\/wp-content\/uploads\/2022\/07\/marcha_2023.jpeg","contentUrl":"https:\/\/uvbbrasil.com.br\/wp-content\/uploads\/2022\/07\/marcha_2023.jpeg","width":1280,"height":959},{"@type":"BreadcrumbList","@id":"https:\/\/uvbbrasil.com.br\/agende-se-xxii-marcha-dos-legislativos-municipais-acontece-de-25-a-28-de-abril\/#breadcrumb","itemListElement":[{"@type":"ListItem","position":1,"name":"In\u00edcio","item":"https:\/\/uvbbrasil.com.br\/"},{"@type":"ListItem","position":2,"name":"Agende-se XXII MARCHA DOS LEGISLATIVOS MUNICIPAIS acontece de 25 a 28 de abril"}]},{"@type":"WebSite","@id":"https:\/\/uvbbrasil.com.br\/#website","url":"https:\/\/uvbbrasil.com.br\/","name":"UVB Brasil","description":"Uni\u00e3o dos Vereadores do Brasil","publisher":{"@id":"https:\/\/uvbbrasil.com.br\/#organization"},"potentialAction":[{"@type":"SearchAction","target":{"@type":"EntryPoint","urlTemplate":"https:\/\/uvbbrasil.com.br\/?s={search_term_string}"},"query-input":{"@type":"PropertyValueSpecification","valueRequired":true,"valueName":"search_term_string"}}],"inLanguage":"pt-BR"},{"@type":"Organization","@id":"https:\/\/uvbbrasil.com.br\/#organization","name":"UVB Brasil","url":"https:\/\/uvbbrasil.com.br\/","logo":{"@type":"ImageObject","inLanguage":"pt-BR","@id":"https:\/\/uvbbrasil.com.br\/#\/schema\/logo\/image\/","url":"https:\/\/uvbbrasil.com.br\/wp-content\/uploads\/2025\/01\/LOGO-UVB-2024-azul-1.jpg","contentUrl":"https:\/\/uvbbrasil.com.br\/wp-content\/uploads\/2025\/01\/LOGO-UVB-2024-azul-1.jpg","width":600,"height":211,"caption":"UVB Brasil"},"image":{"@id":"https:\/\/uvbbrasil.com.br\/#\/schema\/logo\/image\/"},"sameAs":["https:\/\/www.facebook.com\/uvb.vereadoresbrasil","https:\/\/www.instagram.com\/uvbbrasil\/","https:\/\/www.youtube.com\/channel\/UCIlPQ8Xzw5GHNzosQIg9S5A"]},{"@type":"Person","@id":"https:\/\/uvbbrasil.com.br\/#\/schema\/person\/17990098446c098f52effddff4f1b272","name":"adminuvb","image":{"@type":"ImageObject","inLanguage":"pt-BR","@id":"https:\/\/uvbbrasil.com.br\/#\/schema\/person\/image\/","url":"https:\/\/secure.gravatar.com\/avatar\/1a494ea6f8e2dd1ae526e55b0e9497efdba542491e0620d704cccf63c6f77c45?s=96&d=mm&r=g","contentUrl":"https:\/\/secure.gravatar.com\/avatar\/1a494ea6f8e2dd1ae526e55b0e9497efdba542491e0620d704cccf63c6f77c45?s=96&d=mm&r=g","caption":"adminuvb"},"sameAs":["https:\/\/uvbbrasil.com.br"],"url":"https:\/\/uvbbrasil.com.br\/author\/adminuvb\/"}]}},"_links":{"self":[{"href":"https:\/\/uvbbrasil.com.br\/uvb-json\/wp\/v2\/posts\/28028","targetHints":{"allow":["GET"]}}],"collection":[{"href":"https:\/\/uvbbrasil.com.br\/uvb-json\/wp\/v2\/posts"}],"about":[{"href":"https:\/\/uvbbrasil.com.br\/uvb-json\/wp\/v2\/types\/post"}],"author":[{"embeddable":true,"href":"https:\/\/uvbbrasil.com.br\/uvb-json\/wp\/v2\/users\/1"}],"replies":[{"embeddable":true,"href":"https:\/\/uvbbrasil.com.br\/uvb-json\/wp\/v2\/comments?post=28028"}],"version-history":[{"count":0,"href":"https:\/\/uvbbrasil.com.br\/uvb-json\/wp\/v2\/posts\/28028\/revisions"}],"wp:featuredmedia":[{"embeddable":true,"href":"https:\/\/uvbbrasil.com.br\/uvb-json\/wp\/v2\/media\/26596"}],"wp:attachment":[{"href":"https:\/\/uvbbrasil.com.br\/uvb-json\/wp\/v2\/media?parent=28028"}],"wp:term":[{"taxonomy":"category","embeddable":true,"href":"https:\/\/uvbbrasil.com.br\/uvb-json\/wp\/v2\/categories?post=28028"},{"taxonomy":"post_tag","embeddable":true,"href":"https:\/\/uvbbrasil.com.br\/uvb-json\/wp\/v2\/tags?post=28028"}],"curies":[{"name":"wp","href":"https:\/\/api.w.org\/{rel}","templated":true}]}}