{"id":27933,"date":"2022-12-16T09:57:23","date_gmt":"2022-12-16T12:57:23","guid":{"rendered":"https:\/\/wpsandbox4.pante.com.br\/?p=27933"},"modified":"2022-12-16T09:57:23","modified_gmt":"2022-12-16T12:57:23","slug":"acamosc-elege-nova-diretoria-para-gestao-2023","status":"publish","type":"post","link":"https:\/\/uvbbrasil.com.br\/acamosc-elege-nova-diretoria-para-gestao-2023\/","title":{"rendered":"ACAMOSC elege nova Diretoria para gest\u00e3o 2023"},"content":{"rendered":"<p>Com a presen\u00e7a de vereadoras e vereadores associados e equipe de servidores t\u00e9cnicos, a Associa\u00e7\u00e3o das C\u00e2maras Municipais do Oeste de Santa Catarina &#8211; ACAMOSC, realizou na noite desta quarta-feira (14), em sua sede em Chapec\u00f3, a assembleia com elei\u00e7\u00e3o da nova diretoria para a gest\u00e3o de 2023 da associa\u00e7\u00e3o. \u00a0 Com uma \u00fanica chapa \u00fanica inscrita, a diretoria para 2023 ficou assim composta: \u00a0 Presidente: Franci\u00e9li Werlang \u2013 Pinhalzinho Vice-presidente: Caciano Sartori \u2013 Palmitos 1\u00aa Secret\u00e1ria: Daiane Cristina Frey \u2013 Modelo 2\u00b0 Secret\u00e1rio: Marcio Viecelli Dalla Betta \u2013 Cordilheira Alta 1\u00b0 Tesoureiro: Diogo Boaro \u2013 \u00c1guas Frias\u00a0 2\u00b0 Tesoureiro: Jaime Warken \u2013 Cunhata\u00ed Diretor de patrim\u00f4nio: Juraci Almeida da Silva \u2013 \u00c1guas de Chapec\u00f3 Diretor de rela\u00e7\u00f5es p\u00fablicas: Marcilei Vignatti \u2013 Chapec\u00f3 Diretor de forma\u00e7\u00e3o: Anderson Mateus Giacomelli \u2013 Guatamb\u00fa Conselho fiscal: Paulo Rorbek \u2013 Planalto Alegre Valdenir Marquiro \u2013 Xavantina\u00a0 Leocir Borcheid \u2013 Cunha Por\u00e3 Ildo Guilherme Schneider \u2013 Nova Erechim Leisi Rauber Wandscheer \u2013Bom Jesus do Oeste \u00a0 Tamb\u00e9m, foram eleitas as novas representantes para o F\u00f3rum da Mulher Vereadora, ficando composta pela seguinte composi\u00e7\u00e3o: Presidente: Carmen Fiorini de Souza, vereadora de Pinhalzinho.\u00a0\u00a0 Vice-presidente: Maria Helena Bousing Luterek, vereadora de Paial Secret\u00e1ria: Isaura Candida Provin, vereadora de Coronel Freitas. \u00a0 Durante o evento, a Presidente da ACAMOSC, Marcilei Vignatti, agradeceu a presen\u00e7a e parceria de todos os presentes, e apresentou a presta\u00e7\u00e3o de contas da atual gest\u00e3o, com n\u00fameros de investimentos e as principais a\u00e7\u00f5es desenvolvidas no decorrer do ano. \u00a0 \u201cA ACAMOSC e todas as vereadoras, vereadores e equipes de servidores das c\u00e2maras filiadas saem muito mais fortalecidas depois desta gest\u00e3o. Nos preocupamos e nos comprometemos em modernizar os processos internos, gerando efici\u00eancia e economia nos processos, oportunizamos mais cursos e eventos para a qualifica\u00e7\u00e3o das assessorias t\u00e9cnicas, para que nossas c\u00e2maras associadas pudessem receber um acompanhamento ainda mais qualificado\u201d, ressaltou. \u00a0 Ainda durante sua apresenta\u00e7\u00e3o, Marcilei destacou que a grande preocupa\u00e7\u00e3o da atual diretoria tamb\u00e9m foi de dar maior visibilidade e empoderamento para a ACAMOSC.<\/p>\n<p>\u201cAl\u00e9m de realizar todo o trabalho que nos comprometemos quando assumimos a diretoria, nossa miss\u00e3o foi dar maior visibilidade para a nossa associa\u00e7\u00e3o, unindo nossos mais de 300 vereadores associados em nossas 32 c\u00e2mara filiadas e, debatendo temas importantes sobre pautas pol\u00edticas de desenvolvimento regional\u201d, finalizou.<\/p>\n<p>A vereadora Franci\u00e9li Werlang, eleita como Presidente para a nova diretoria, frisou que \u201ccomo viemos de uma gest\u00e3o qualificada e eficaz, a nossa primeira atividade ser\u00e1 realizar uma pesquisa de satisfa\u00e7\u00e3o com as c\u00e2maras e vereadores associados para entender melhor o que esperam da entidade. Precisamos saber se est\u00e3o satisfeitos da forma que os processos est\u00e3o acontecendo e em cima disso, realizar novas a\u00e7\u00f5es e objetivos para 2023\u201d. \u00a0 Ainda, de acordo com a nova Presidente eleita, \u201cNo in\u00edcio deste ano, constru\u00edmos com a atual diretoria um planejamento estrat\u00e9gico, direcionando as a\u00e7\u00f5es a serem desenvolvidas m\u00eas a m\u00eas e foi muito \u00fatil e pr\u00e1tico para a organiza\u00e7\u00e3o e bom andamento das atividades. Com isso, pretendemos fazer uma atualiza\u00e7\u00e3o deste planejamento elencando as a\u00e7\u00f5es realizadas e as que ficaram pendentes, al\u00e9m de novas a\u00e7\u00f5es baseadas nas informa\u00e7\u00f5es que estaremos recebendo dos vereadores para o bom desempenho do nosso trabalho frente \u00e0 entidade mas principalmente pensando na satisfa\u00e7\u00e3o dos vereadores e c\u00e2maras associadas\u201d, garantiu Franci\u00e9li.<\/p>\n<p><img fetchpriority=\"high\" decoding=\"async\" class=\"alignnone size-medium wp-image-27935\" src=\"https:\/\/uvbbrasil.com.br\/wp-content\/uploads\/2022\/12\/img-20221215-wa0144639b70c9024f3-jpg-300x200.jpg\" alt=\"\" width=\"300\" height=\"200\" srcset=\"https:\/\/uvbbrasil.com.br\/wp-content\/uploads\/2022\/12\/img-20221215-wa0144639b70c9024f3-jpg-300x200.jpg 300w, https:\/\/uvbbrasil.com.br\/wp-content\/uploads\/2022\/12\/img-20221215-wa0144639b70c9024f3-jpg-1024x682.jpg 1024w, https:\/\/uvbbrasil.com.br\/wp-content\/uploads\/2022\/12\/img-20221215-wa0144639b70c9024f3-jpg-768x512.jpg 768w, https:\/\/uvbbrasil.com.br\/wp-content\/uploads\/2022\/12\/img-20221215-wa0144639b70c9024f3-jpg.jpg 1280w\" sizes=\"(max-width: 300px) 100vw, 300px\" \/><\/p>\n","protected":false},"excerpt":{"rendered":"<p>Com a presen\u00e7a de vereadoras e vereadores associados e equipe de servidores t\u00e9cnicos, a Associa\u00e7\u00e3o das C\u00e2maras Municipais do Oeste&#8230;<\/p>\n","protected":false},"author":1,"featured_media":27935,"comment_status":"open","ping_status":"open","sticky":false,"template":"","format":"standard","meta":{"footnotes":""},"categories":[3],"tags":[],"class_list":["post-27933","post","type-post","status-publish","format-standard","has-post-thumbnail","hentry","category-noticias"],"yoast_head":"<!-- This site is optimized with the Yoast SEO plugin v26.7 - https:\/\/yoast.com\/wordpress\/plugins\/seo\/ -->\n<title>ACAMOSC elege nova Diretoria para gest\u00e3o 2023 - UVB Brasil<\/title>\n<meta name=\"robots\" content=\"index, follow, max-snippet:-1, max-image-preview:large, max-video-preview:-1\" \/>\n<link rel=\"canonical\" href=\"https:\/\/uvbbrasil.com.br\/acamosc-elege-nova-diretoria-para-gestao-2023\/\" \/>\n<meta property=\"og:locale\" content=\"pt_BR\" \/>\n<meta property=\"og:type\" content=\"article\" \/>\n<meta property=\"og:title\" content=\"ACAMOSC elege nova Diretoria para gest\u00e3o 2023 - UVB Brasil\" \/>\n<meta property=\"og:description\" content=\"Com a presen\u00e7a de vereadoras e vereadores associados e equipe de servidores t\u00e9cnicos, a Associa\u00e7\u00e3o das C\u00e2maras Municipais do Oeste...\" \/>\n<meta property=\"og:url\" content=\"https:\/\/uvbbrasil.com.br\/acamosc-elege-nova-diretoria-para-gestao-2023\/\" \/>\n<meta property=\"og:site_name\" content=\"UVB Brasil\" \/>\n<meta property=\"article:publisher\" content=\"https:\/\/www.facebook.com\/uvb.vereadoresbrasil\" \/>\n<meta property=\"article:published_time\" content=\"2022-12-16T12:57:23+00:00\" \/>\n<meta property=\"og:image\" content=\"https:\/\/uvbbrasil.com.br\/wp-content\/uploads\/2022\/12\/img-20221215-wa0144639b70c9024f3-jpg.jpg\" \/>\n\t<meta property=\"og:image:width\" content=\"1280\" \/>\n\t<meta property=\"og:image:height\" content=\"853\" \/>\n\t<meta property=\"og:image:type\" content=\"image\/jpeg\" \/>\n<meta name=\"author\" content=\"adminuvb\" \/>\n<meta name=\"twitter:card\" content=\"summary_large_image\" \/>\n<meta name=\"twitter:label1\" content=\"Escrito por\" \/>\n\t<meta name=\"twitter:data1\" content=\"adminuvb\" \/>\n\t<meta name=\"twitter:label2\" content=\"Est. tempo de leitura\" \/>\n\t<meta name=\"twitter:data2\" content=\"3 minutos\" \/>\n<script type=\"application\/ld+json\" class=\"yoast-schema-graph\">{\"@context\":\"https:\/\/schema.org\",\"@graph\":[{\"@type\":\"Article\",\"@id\":\"https:\/\/uvbbrasil.com.br\/acamosc-elege-nova-diretoria-para-gestao-2023\/#article\",\"isPartOf\":{\"@id\":\"https:\/\/uvbbrasil.com.br\/acamosc-elege-nova-diretoria-para-gestao-2023\/\"},\"author\":{\"name\":\"adminuvb\",\"@id\":\"https:\/\/uvbbrasil.com.br\/#\/schema\/person\/17990098446c098f52effddff4f1b272\"},\"headline\":\"ACAMOSC elege nova Diretoria para gest\u00e3o 2023\",\"datePublished\":\"2022-12-16T12:57:23+00:00\",\"mainEntityOfPage\":{\"@id\":\"https:\/\/uvbbrasil.com.br\/acamosc-elege-nova-diretoria-para-gestao-2023\/\"},\"wordCount\":575,\"commentCount\":0,\"publisher\":{\"@id\":\"https:\/\/uvbbrasil.com.br\/#organization\"},\"image\":{\"@id\":\"https:\/\/uvbbrasil.com.br\/acamosc-elege-nova-diretoria-para-gestao-2023\/#primaryimage\"},\"thumbnailUrl\":\"https:\/\/uvbbrasil.com.br\/wp-content\/uploads\/2022\/12\/img-20221215-wa0144639b70c9024f3-jpg.jpg\",\"articleSection\":[\"NOT\u00cdCIAS\"],\"inLanguage\":\"pt-BR\",\"potentialAction\":[{\"@type\":\"CommentAction\",\"name\":\"Comment\",\"target\":[\"https:\/\/uvbbrasil.com.br\/acamosc-elege-nova-diretoria-para-gestao-2023\/#respond\"]}]},{\"@type\":\"WebPage\",\"@id\":\"https:\/\/uvbbrasil.com.br\/acamosc-elege-nova-diretoria-para-gestao-2023\/\",\"url\":\"https:\/\/uvbbrasil.com.br\/acamosc-elege-nova-diretoria-para-gestao-2023\/\",\"name\":\"ACAMOSC elege nova Diretoria para gest\u00e3o 2023 - UVB Brasil\",\"isPartOf\":{\"@id\":\"https:\/\/uvbbrasil.com.br\/#website\"},\"primaryImageOfPage\":{\"@id\":\"https:\/\/uvbbrasil.com.br\/acamosc-elege-nova-diretoria-para-gestao-2023\/#primaryimage\"},\"image\":{\"@id\":\"https:\/\/uvbbrasil.com.br\/acamosc-elege-nova-diretoria-para-gestao-2023\/#primaryimage\"},\"thumbnailUrl\":\"https:\/\/uvbbrasil.com.br\/wp-content\/uploads\/2022\/12\/img-20221215-wa0144639b70c9024f3-jpg.jpg\",\"datePublished\":\"2022-12-16T12:57:23+00:00\",\"breadcrumb\":{\"@id\":\"https:\/\/uvbbrasil.com.br\/acamosc-elege-nova-diretoria-para-gestao-2023\/#breadcrumb\"},\"inLanguage\":\"pt-BR\",\"potentialAction\":[{\"@type\":\"ReadAction\",\"target\":[\"https:\/\/uvbbrasil.com.br\/acamosc-elege-nova-diretoria-para-gestao-2023\/\"]}]},{\"@type\":\"ImageObject\",\"inLanguage\":\"pt-BR\",\"@id\":\"https:\/\/uvbbrasil.com.br\/acamosc-elege-nova-diretoria-para-gestao-2023\/#primaryimage\",\"url\":\"https:\/\/uvbbrasil.com.br\/wp-content\/uploads\/2022\/12\/img-20221215-wa0144639b70c9024f3-jpg.jpg\",\"contentUrl\":\"https:\/\/uvbbrasil.com.br\/wp-content\/uploads\/2022\/12\/img-20221215-wa0144639b70c9024f3-jpg.jpg\",\"width\":1280,\"height\":853},{\"@type\":\"BreadcrumbList\",\"@id\":\"https:\/\/uvbbrasil.com.br\/acamosc-elege-nova-diretoria-para-gestao-2023\/#breadcrumb\",\"itemListElement\":[{\"@type\":\"ListItem\",\"position\":1,\"name\":\"In\u00edcio\",\"item\":\"https:\/\/uvbbrasil.com.br\/\"},{\"@type\":\"ListItem\",\"position\":2,\"name\":\"ACAMOSC elege nova Diretoria para gest\u00e3o 2023\"}]},{\"@type\":\"WebSite\",\"@id\":\"https:\/\/uvbbrasil.com.br\/#website\",\"url\":\"https:\/\/uvbbrasil.com.br\/\",\"name\":\"UVB Brasil\",\"description\":\"Uni\u00e3o dos Vereadores do Brasil\",\"publisher\":{\"@id\":\"https:\/\/uvbbrasil.com.br\/#organization\"},\"potentialAction\":[{\"@type\":\"SearchAction\",\"target\":{\"@type\":\"EntryPoint\",\"urlTemplate\":\"https:\/\/uvbbrasil.com.br\/?s={search_term_string}\"},\"query-input\":{\"@type\":\"PropertyValueSpecification\",\"valueRequired\":true,\"valueName\":\"search_term_string\"}}],\"inLanguage\":\"pt-BR\"},{\"@type\":\"Organization\",\"@id\":\"https:\/\/uvbbrasil.com.br\/#organization\",\"name\":\"UVB Brasil\",\"url\":\"https:\/\/uvbbrasil.com.br\/\",\"logo\":{\"@type\":\"ImageObject\",\"inLanguage\":\"pt-BR\",\"@id\":\"https:\/\/uvbbrasil.com.br\/#\/schema\/logo\/image\/\",\"url\":\"https:\/\/uvbbrasil.com.br\/wp-content\/uploads\/2025\/01\/LOGO-UVB-2024-azul-1.jpg\",\"contentUrl\":\"https:\/\/uvbbrasil.com.br\/wp-content\/uploads\/2025\/01\/LOGO-UVB-2024-azul-1.jpg\",\"width\":600,\"height\":211,\"caption\":\"UVB Brasil\"},\"image\":{\"@id\":\"https:\/\/uvbbrasil.com.br\/#\/schema\/logo\/image\/\"},\"sameAs\":[\"https:\/\/www.facebook.com\/uvb.vereadoresbrasil\",\"https:\/\/www.instagram.com\/uvbbrasil\/\",\"https:\/\/www.youtube.com\/channel\/UCIlPQ8Xzw5GHNzosQIg9S5A\"]},{\"@type\":\"Person\",\"@id\":\"https:\/\/uvbbrasil.com.br\/#\/schema\/person\/17990098446c098f52effddff4f1b272\",\"name\":\"adminuvb\",\"image\":{\"@type\":\"ImageObject\",\"inLanguage\":\"pt-BR\",\"@id\":\"https:\/\/uvbbrasil.com.br\/#\/schema\/person\/image\/\",\"url\":\"https:\/\/secure.gravatar.com\/avatar\/1a494ea6f8e2dd1ae526e55b0e9497efdba542491e0620d704cccf63c6f77c45?s=96&d=mm&r=g\",\"contentUrl\":\"https:\/\/secure.gravatar.com\/avatar\/1a494ea6f8e2dd1ae526e55b0e9497efdba542491e0620d704cccf63c6f77c45?s=96&d=mm&r=g\",\"caption\":\"adminuvb\"},\"sameAs\":[\"https:\/\/uvbbrasil.com.br\"],\"url\":\"https:\/\/uvbbrasil.com.br\/author\/adminuvb\/\"}]}<\/script>\n<!-- \/ Yoast SEO plugin. -->","yoast_head_json":{"title":"ACAMOSC elege nova Diretoria para gest\u00e3o 2023 - UVB Brasil","robots":{"index":"index","follow":"follow","max-snippet":"max-snippet:-1","max-image-preview":"max-image-preview:large","max-video-preview":"max-video-preview:-1"},"canonical":"https:\/\/uvbbrasil.com.br\/acamosc-elege-nova-diretoria-para-gestao-2023\/","og_locale":"pt_BR","og_type":"article","og_title":"ACAMOSC elege nova Diretoria para gest\u00e3o 2023 - UVB Brasil","og_description":"Com a presen\u00e7a de vereadoras e vereadores associados e equipe de servidores t\u00e9cnicos, a Associa\u00e7\u00e3o das C\u00e2maras Municipais do Oeste...","og_url":"https:\/\/uvbbrasil.com.br\/acamosc-elege-nova-diretoria-para-gestao-2023\/","og_site_name":"UVB Brasil","article_publisher":"https:\/\/www.facebook.com\/uvb.vereadoresbrasil","article_published_time":"2022-12-16T12:57:23+00:00","og_image":[{"width":1280,"height":853,"url":"https:\/\/uvbbrasil.com.br\/wp-content\/uploads\/2022\/12\/img-20221215-wa0144639b70c9024f3-jpg.jpg","type":"image\/jpeg"}],"author":"adminuvb","twitter_card":"summary_large_image","twitter_misc":{"Escrito por":"adminuvb","Est. tempo de leitura":"3 minutos"},"schema":{"@context":"https:\/\/schema.org","@graph":[{"@type":"Article","@id":"https:\/\/uvbbrasil.com.br\/acamosc-elege-nova-diretoria-para-gestao-2023\/#article","isPartOf":{"@id":"https:\/\/uvbbrasil.com.br\/acamosc-elege-nova-diretoria-para-gestao-2023\/"},"author":{"name":"adminuvb","@id":"https:\/\/uvbbrasil.com.br\/#\/schema\/person\/17990098446c098f52effddff4f1b272"},"headline":"ACAMOSC elege nova Diretoria para gest\u00e3o 2023","datePublished":"2022-12-16T12:57:23+00:00","mainEntityOfPage":{"@id":"https:\/\/uvbbrasil.com.br\/acamosc-elege-nova-diretoria-para-gestao-2023\/"},"wordCount":575,"commentCount":0,"publisher":{"@id":"https:\/\/uvbbrasil.com.br\/#organization"},"image":{"@id":"https:\/\/uvbbrasil.com.br\/acamosc-elege-nova-diretoria-para-gestao-2023\/#primaryimage"},"thumbnailUrl":"https:\/\/uvbbrasil.com.br\/wp-content\/uploads\/2022\/12\/img-20221215-wa0144639b70c9024f3-jpg.jpg","articleSection":["NOT\u00cdCIAS"],"inLanguage":"pt-BR","potentialAction":[{"@type":"CommentAction","name":"Comment","target":["https:\/\/uvbbrasil.com.br\/acamosc-elege-nova-diretoria-para-gestao-2023\/#respond"]}]},{"@type":"WebPage","@id":"https:\/\/uvbbrasil.com.br\/acamosc-elege-nova-diretoria-para-gestao-2023\/","url":"https:\/\/uvbbrasil.com.br\/acamosc-elege-nova-diretoria-para-gestao-2023\/","name":"ACAMOSC elege nova Diretoria para gest\u00e3o 2023 - UVB Brasil","isPartOf":{"@id":"https:\/\/uvbbrasil.com.br\/#website"},"primaryImageOfPage":{"@id":"https:\/\/uvbbrasil.com.br\/acamosc-elege-nova-diretoria-para-gestao-2023\/#primaryimage"},"image":{"@id":"https:\/\/uvbbrasil.com.br\/acamosc-elege-nova-diretoria-para-gestao-2023\/#primaryimage"},"thumbnailUrl":"https:\/\/uvbbrasil.com.br\/wp-content\/uploads\/2022\/12\/img-20221215-wa0144639b70c9024f3-jpg.jpg","datePublished":"2022-12-16T12:57:23+00:00","breadcrumb":{"@id":"https:\/\/uvbbrasil.com.br\/acamosc-elege-nova-diretoria-para-gestao-2023\/#breadcrumb"},"inLanguage":"pt-BR","potentialAction":[{"@type":"ReadAction","target":["https:\/\/uvbbrasil.com.br\/acamosc-elege-nova-diretoria-para-gestao-2023\/"]}]},{"@type":"ImageObject","inLanguage":"pt-BR","@id":"https:\/\/uvbbrasil.com.br\/acamosc-elege-nova-diretoria-para-gestao-2023\/#primaryimage","url":"https:\/\/uvbbrasil.com.br\/wp-content\/uploads\/2022\/12\/img-20221215-wa0144639b70c9024f3-jpg.jpg","contentUrl":"https:\/\/uvbbrasil.com.br\/wp-content\/uploads\/2022\/12\/img-20221215-wa0144639b70c9024f3-jpg.jpg","width":1280,"height":853},{"@type":"BreadcrumbList","@id":"https:\/\/uvbbrasil.com.br\/acamosc-elege-nova-diretoria-para-gestao-2023\/#breadcrumb","itemListElement":[{"@type":"ListItem","position":1,"name":"In\u00edcio","item":"https:\/\/uvbbrasil.com.br\/"},{"@type":"ListItem","position":2,"name":"ACAMOSC elege nova Diretoria para gest\u00e3o 2023"}]},{"@type":"WebSite","@id":"https:\/\/uvbbrasil.com.br\/#website","url":"https:\/\/uvbbrasil.com.br\/","name":"UVB Brasil","description":"Uni\u00e3o dos Vereadores do Brasil","publisher":{"@id":"https:\/\/uvbbrasil.com.br\/#organization"},"potentialAction":[{"@type":"SearchAction","target":{"@type":"EntryPoint","urlTemplate":"https:\/\/uvbbrasil.com.br\/?s={search_term_string}"},"query-input":{"@type":"PropertyValueSpecification","valueRequired":true,"valueName":"search_term_string"}}],"inLanguage":"pt-BR"},{"@type":"Organization","@id":"https:\/\/uvbbrasil.com.br\/#organization","name":"UVB Brasil","url":"https:\/\/uvbbrasil.com.br\/","logo":{"@type":"ImageObject","inLanguage":"pt-BR","@id":"https:\/\/uvbbrasil.com.br\/#\/schema\/logo\/image\/","url":"https:\/\/uvbbrasil.com.br\/wp-content\/uploads\/2025\/01\/LOGO-UVB-2024-azul-1.jpg","contentUrl":"https:\/\/uvbbrasil.com.br\/wp-content\/uploads\/2025\/01\/LOGO-UVB-2024-azul-1.jpg","width":600,"height":211,"caption":"UVB Brasil"},"image":{"@id":"https:\/\/uvbbrasil.com.br\/#\/schema\/logo\/image\/"},"sameAs":["https:\/\/www.facebook.com\/uvb.vereadoresbrasil","https:\/\/www.instagram.com\/uvbbrasil\/","https:\/\/www.youtube.com\/channel\/UCIlPQ8Xzw5GHNzosQIg9S5A"]},{"@type":"Person","@id":"https:\/\/uvbbrasil.com.br\/#\/schema\/person\/17990098446c098f52effddff4f1b272","name":"adminuvb","image":{"@type":"ImageObject","inLanguage":"pt-BR","@id":"https:\/\/uvbbrasil.com.br\/#\/schema\/person\/image\/","url":"https:\/\/secure.gravatar.com\/avatar\/1a494ea6f8e2dd1ae526e55b0e9497efdba542491e0620d704cccf63c6f77c45?s=96&d=mm&r=g","contentUrl":"https:\/\/secure.gravatar.com\/avatar\/1a494ea6f8e2dd1ae526e55b0e9497efdba542491e0620d704cccf63c6f77c45?s=96&d=mm&r=g","caption":"adminuvb"},"sameAs":["https:\/\/uvbbrasil.com.br"],"url":"https:\/\/uvbbrasil.com.br\/author\/adminuvb\/"}]}},"_links":{"self":[{"href":"https:\/\/uvbbrasil.com.br\/uvb-json\/wp\/v2\/posts\/27933","targetHints":{"allow":["GET"]}}],"collection":[{"href":"https:\/\/uvbbrasil.com.br\/uvb-json\/wp\/v2\/posts"}],"about":[{"href":"https:\/\/uvbbrasil.com.br\/uvb-json\/wp\/v2\/types\/post"}],"author":[{"embeddable":true,"href":"https:\/\/uvbbrasil.com.br\/uvb-json\/wp\/v2\/users\/1"}],"replies":[{"embeddable":true,"href":"https:\/\/uvbbrasil.com.br\/uvb-json\/wp\/v2\/comments?post=27933"}],"version-history":[{"count":0,"href":"https:\/\/uvbbrasil.com.br\/uvb-json\/wp\/v2\/posts\/27933\/revisions"}],"wp:featuredmedia":[{"embeddable":true,"href":"https:\/\/uvbbrasil.com.br\/uvb-json\/wp\/v2\/media\/27935"}],"wp:attachment":[{"href":"https:\/\/uvbbrasil.com.br\/uvb-json\/wp\/v2\/media?parent=27933"}],"wp:term":[{"taxonomy":"category","embeddable":true,"href":"https:\/\/uvbbrasil.com.br\/uvb-json\/wp\/v2\/categories?post=27933"},{"taxonomy":"post_tag","embeddable":true,"href":"https:\/\/uvbbrasil.com.br\/uvb-json\/wp\/v2\/tags?post=27933"}],"curies":[{"name":"wp","href":"https:\/\/api.w.org\/{rel}","templated":true}]}}