{"id":27919,"date":"2022-12-15T12:27:47","date_gmt":"2022-12-15T15:27:47","guid":{"rendered":"https:\/\/wpsandbox4.pante.com.br\/?p=27919"},"modified":"2022-12-15T12:27:47","modified_gmt":"2022-12-15T15:27:47","slug":"desenvolvimento-economico-e-o-crescimento-do-estado-e-das-cidades","status":"publish","type":"post","link":"https:\/\/uvbbrasil.com.br\/desenvolvimento-economico-e-o-crescimento-do-estado-e-das-cidades\/","title":{"rendered":"Desenvolvimento Econ\u00f4mico e o Crescimento do Estado e das Cidades"},"content":{"rendered":"<p>O Secret\u00e1rio Estadual do Desenvolvimento Econ\u00f4mico do Estado do Rio Grande do Sul\/RS, Joel Maraschin, apresentou aos participantes do Encontro Nacional de Legislativos Municipais em Porto Alegre\/RS, nesta quarta-feira(14) sobre o Desenvolvimento Econ\u00f4mico e o Crescimento do Estado e das Cidades.<\/p>\n<p>O Secretario exibiu projetos desenvolvidos no governo e Diretrizes de gest\u00e3o, moderniza\u00e7\u00e3o dos servi\u00e7os p\u00fablicos , desburocratiza\u00e7\u00e3o, projeto tudo f\u00e1cil empresas que\u00a0 prev\u00ea a abertura de empresas em at\u00e9 10 minutos para empreendimentos de baixo risco, capacita\u00e7\u00e3o para agentes municipais de desenvolvimento, onde 121 munic\u00edpios \u00a0com participantes 7 m\u00f3dulos de treinamento.<\/p>\n<p>A REDE SIM RS, ades\u00e3o de 100% dos munic\u00edpios, para acelerar a abertura de empresas no estado, descomplica RS \u00e9 o projeto que busca facilitar a vida do cidad\u00e3o e empres\u00e1rio no Estado, evitando o excesso de burocracia por parte do poder p\u00fablico.<\/p>\n<p>A\u00e7\u00f5es de destaque, retomada econ\u00f4mica, novas legisla\u00e7\u00f5es de fomento \u00e0 Economia,\u00a0 Fundopem, Proedi, Pr\u00f3-Etanol, Marco Legal do G\u00e1s, Extin\u00e7\u00e3o do DIFAL, Lei da Inova\u00e7\u00e3o Nova Tributa\u00e7\u00e3o do A\u00e7o, Decreto E-Commerce, Diferimento do ICMS do Milho, legisla\u00e7\u00e3o atualizada e moderna mais agilidade e menos burocracia. O novo FUNDOPEM-RS, \u00e9 o principal programa de atra\u00e7\u00e3o de investimentos, gera\u00e7\u00e3o de renda e emprego no Estado, atrav\u00e9s de incentivo fiscal para o fomento ao desenvolvimento industrial. Com as a\u00e7\u00f5es de destaque, pontua\u00e7\u00f5es adicionais aos projetos conforme \u00e1reas de interesse p\u00fablico, incentivo a inova\u00e7\u00e3o, fomento \u00e1 cadeia produtiva, compromisso ambiental, respeito \u00e1s diferen\u00e7as regionais do estado, qualidade e valoriza\u00e7\u00e3o da m\u00e3o de obra, mais agilidade menos burocracia como, incentivo com utiliza\u00e7\u00e3o direta do abatimento no ICMS devido;\u00a0 A empresa se apropria de percentual do ICMS;\u00a0 Sob a forma de cr\u00e9dito fiscal presumido; Deixa de pagar parte do ICMS incremental. Processo simplificado e \u00e1gil; Para Ind\u00fastrias de Pequeno e M\u00e9dio Porte (Faturamento de at\u00e9 R$ 300 milh\u00f5es\/ano), Sem financiamento; sem necessidade de apresentar garantias e prazo, Frui\u00e7\u00e3o de 78 a 96 meses, limite (o que for menor), percentual do INTEGRAR sobre todos os investimentos OU 95% do investimentos em equipamentos.<\/p>\n<p>Demostrou as a\u00e7\u00f5es de destaque PROEDI, programa de implanta\u00e7\u00e3o de Distritos Industriais possibilita a implanta\u00e7\u00e3o ou relocaliza\u00e7\u00e3o de ind\u00fastrias a partir da compra de terrenos e \u00e1reas industriais pertencentes ao Estado a pre\u00e7os subsidiados, que podem atingir at\u00e9 90% de abatimento, como forma de incentivo financeiro.<\/p>\n<p><img fetchpriority=\"high\" decoding=\"async\" class=\"alignnone size-medium wp-image-27920\" src=\"https:\/\/uvbbrasil.com.br\/wp-content\/uploads\/2022\/12\/WhatsApp-Image-2022-12-14-at-16.03.22-169x300.jpeg\" alt=\"\" width=\"169\" height=\"300\" srcset=\"https:\/\/uvbbrasil.com.br\/wp-content\/uploads\/2022\/12\/WhatsApp-Image-2022-12-14-at-16.03.22-169x300.jpeg 169w, https:\/\/uvbbrasil.com.br\/wp-content\/uploads\/2022\/12\/WhatsApp-Image-2022-12-14-at-16.03.22.jpeg 563w\" sizes=\"(max-width: 169px) 100vw, 169px\" \/><\/p>\n<p>&nbsp;<\/p>\n<p><img decoding=\"async\" class=\"alignnone size-medium wp-image-27921\" src=\"https:\/\/uvbbrasil.com.br\/wp-content\/uploads\/2022\/12\/WhatsApp-Image-2022-12-14-at-16.03.22-1-169x300.jpeg\" alt=\"\" width=\"169\" height=\"300\" srcset=\"https:\/\/uvbbrasil.com.br\/wp-content\/uploads\/2022\/12\/WhatsApp-Image-2022-12-14-at-16.03.22-1-169x300.jpeg 169w, https:\/\/uvbbrasil.com.br\/wp-content\/uploads\/2022\/12\/WhatsApp-Image-2022-12-14-at-16.03.22-1-576x1024.jpeg 576w, https:\/\/uvbbrasil.com.br\/wp-content\/uploads\/2022\/12\/WhatsApp-Image-2022-12-14-at-16.03.22-1-768x1365.jpeg 768w, https:\/\/uvbbrasil.com.br\/wp-content\/uploads\/2022\/12\/WhatsApp-Image-2022-12-14-at-16.03.22-1-864x1536.jpeg 864w, https:\/\/uvbbrasil.com.br\/wp-content\/uploads\/2022\/12\/WhatsApp-Image-2022-12-14-at-16.03.22-1.jpeg 900w\" sizes=\"(max-width: 169px) 100vw, 169px\" \/><\/p>\n<p><img decoding=\"async\" class=\"alignnone size-medium wp-image-27922\" src=\"https:\/\/uvbbrasil.com.br\/wp-content\/uploads\/2022\/12\/WhatsApp-Image-2022-12-14-at-16.03.22-2-169x300.jpeg\" alt=\"\" width=\"169\" height=\"300\" srcset=\"https:\/\/uvbbrasil.com.br\/wp-content\/uploads\/2022\/12\/WhatsApp-Image-2022-12-14-at-16.03.22-2-169x300.jpeg 169w, https:\/\/uvbbrasil.com.br\/wp-content\/uploads\/2022\/12\/WhatsApp-Image-2022-12-14-at-16.03.22-2.jpeg 563w\" sizes=\"(max-width: 169px) 100vw, 169px\" \/><\/p>\n","protected":false},"excerpt":{"rendered":"<p>O Secret\u00e1rio Estadual do Desenvolvimento Econ\u00f4mico do Estado do Rio Grande do Sul\/RS, Joel Maraschin, apresentou aos participantes do Encontro&#8230;<\/p>\n","protected":false},"author":1,"featured_media":27920,"comment_status":"open","ping_status":"open","sticky":false,"template":"","format":"standard","meta":{"footnotes":""},"categories":[3,4],"tags":[],"class_list":["post-27919","post","type-post","status-publish","format-standard","has-post-thumbnail","hentry","category-noticias","category-home"],"yoast_head":"<!-- This site is optimized with the Yoast SEO plugin v26.7 - https:\/\/yoast.com\/wordpress\/plugins\/seo\/ -->\n<title>Desenvolvimento Econ\u00f4mico e o Crescimento do Estado e das Cidades - UVB Brasil<\/title>\n<meta name=\"robots\" content=\"index, follow, max-snippet:-1, max-image-preview:large, max-video-preview:-1\" \/>\n<link rel=\"canonical\" href=\"https:\/\/uvbbrasil.com.br\/desenvolvimento-economico-e-o-crescimento-do-estado-e-das-cidades\/\" \/>\n<meta property=\"og:locale\" content=\"pt_BR\" \/>\n<meta property=\"og:type\" content=\"article\" \/>\n<meta property=\"og:title\" content=\"Desenvolvimento Econ\u00f4mico e o Crescimento do Estado e das Cidades - UVB Brasil\" \/>\n<meta property=\"og:description\" content=\"O Secret\u00e1rio Estadual do Desenvolvimento Econ\u00f4mico do Estado do Rio Grande do Sul\/RS, Joel Maraschin, apresentou aos participantes do Encontro...\" \/>\n<meta property=\"og:url\" content=\"https:\/\/uvbbrasil.com.br\/desenvolvimento-economico-e-o-crescimento-do-estado-e-das-cidades\/\" \/>\n<meta property=\"og:site_name\" content=\"UVB Brasil\" \/>\n<meta property=\"article:publisher\" content=\"https:\/\/www.facebook.com\/uvb.vereadoresbrasil\" \/>\n<meta property=\"article:published_time\" content=\"2022-12-15T15:27:47+00:00\" \/>\n<meta property=\"og:image\" content=\"https:\/\/uvbbrasil.com.br\/wp-content\/uploads\/2022\/12\/WhatsApp-Image-2022-12-14-at-16.03.22.jpeg\" \/>\n\t<meta property=\"og:image:width\" content=\"563\" \/>\n\t<meta property=\"og:image:height\" content=\"1000\" \/>\n\t<meta property=\"og:image:type\" content=\"image\/jpeg\" \/>\n<meta name=\"author\" content=\"adminuvb\" \/>\n<meta name=\"twitter:card\" content=\"summary_large_image\" \/>\n<meta name=\"twitter:label1\" content=\"Escrito por\" \/>\n\t<meta name=\"twitter:data1\" content=\"adminuvb\" \/>\n\t<meta name=\"twitter:label2\" content=\"Est. tempo de leitura\" \/>\n\t<meta name=\"twitter:data2\" content=\"3 minutos\" \/>\n<script type=\"application\/ld+json\" class=\"yoast-schema-graph\">{\"@context\":\"https:\/\/schema.org\",\"@graph\":[{\"@type\":\"Article\",\"@id\":\"https:\/\/uvbbrasil.com.br\/desenvolvimento-economico-e-o-crescimento-do-estado-e-das-cidades\/#article\",\"isPartOf\":{\"@id\":\"https:\/\/uvbbrasil.com.br\/desenvolvimento-economico-e-o-crescimento-do-estado-e-das-cidades\/\"},\"author\":{\"name\":\"adminuvb\",\"@id\":\"https:\/\/uvbbrasil.com.br\/#\/schema\/person\/17990098446c098f52effddff4f1b272\"},\"headline\":\"Desenvolvimento Econ\u00f4mico e o Crescimento do Estado e das Cidades\",\"datePublished\":\"2022-12-15T15:27:47+00:00\",\"mainEntityOfPage\":{\"@id\":\"https:\/\/uvbbrasil.com.br\/desenvolvimento-economico-e-o-crescimento-do-estado-e-das-cidades\/\"},\"wordCount\":425,\"commentCount\":0,\"publisher\":{\"@id\":\"https:\/\/uvbbrasil.com.br\/#organization\"},\"image\":{\"@id\":\"https:\/\/uvbbrasil.com.br\/desenvolvimento-economico-e-o-crescimento-do-estado-e-das-cidades\/#primaryimage\"},\"thumbnailUrl\":\"https:\/\/uvbbrasil.com.br\/wp-content\/uploads\/2022\/12\/WhatsApp-Image-2022-12-14-at-16.03.22.jpeg\",\"articleSection\":[\"NOT\u00cdCIAS\",\"UVB\"],\"inLanguage\":\"pt-BR\",\"potentialAction\":[{\"@type\":\"CommentAction\",\"name\":\"Comment\",\"target\":[\"https:\/\/uvbbrasil.com.br\/desenvolvimento-economico-e-o-crescimento-do-estado-e-das-cidades\/#respond\"]}]},{\"@type\":\"WebPage\",\"@id\":\"https:\/\/uvbbrasil.com.br\/desenvolvimento-economico-e-o-crescimento-do-estado-e-das-cidades\/\",\"url\":\"https:\/\/uvbbrasil.com.br\/desenvolvimento-economico-e-o-crescimento-do-estado-e-das-cidades\/\",\"name\":\"Desenvolvimento Econ\u00f4mico e o Crescimento do Estado e das Cidades - UVB Brasil\",\"isPartOf\":{\"@id\":\"https:\/\/uvbbrasil.com.br\/#website\"},\"primaryImageOfPage\":{\"@id\":\"https:\/\/uvbbrasil.com.br\/desenvolvimento-economico-e-o-crescimento-do-estado-e-das-cidades\/#primaryimage\"},\"image\":{\"@id\":\"https:\/\/uvbbrasil.com.br\/desenvolvimento-economico-e-o-crescimento-do-estado-e-das-cidades\/#primaryimage\"},\"thumbnailUrl\":\"https:\/\/uvbbrasil.com.br\/wp-content\/uploads\/2022\/12\/WhatsApp-Image-2022-12-14-at-16.03.22.jpeg\",\"datePublished\":\"2022-12-15T15:27:47+00:00\",\"breadcrumb\":{\"@id\":\"https:\/\/uvbbrasil.com.br\/desenvolvimento-economico-e-o-crescimento-do-estado-e-das-cidades\/#breadcrumb\"},\"inLanguage\":\"pt-BR\",\"potentialAction\":[{\"@type\":\"ReadAction\",\"target\":[\"https:\/\/uvbbrasil.com.br\/desenvolvimento-economico-e-o-crescimento-do-estado-e-das-cidades\/\"]}]},{\"@type\":\"ImageObject\",\"inLanguage\":\"pt-BR\",\"@id\":\"https:\/\/uvbbrasil.com.br\/desenvolvimento-economico-e-o-crescimento-do-estado-e-das-cidades\/#primaryimage\",\"url\":\"https:\/\/uvbbrasil.com.br\/wp-content\/uploads\/2022\/12\/WhatsApp-Image-2022-12-14-at-16.03.22.jpeg\",\"contentUrl\":\"https:\/\/uvbbrasil.com.br\/wp-content\/uploads\/2022\/12\/WhatsApp-Image-2022-12-14-at-16.03.22.jpeg\",\"width\":563,\"height\":1000},{\"@type\":\"BreadcrumbList\",\"@id\":\"https:\/\/uvbbrasil.com.br\/desenvolvimento-economico-e-o-crescimento-do-estado-e-das-cidades\/#breadcrumb\",\"itemListElement\":[{\"@type\":\"ListItem\",\"position\":1,\"name\":\"In\u00edcio\",\"item\":\"https:\/\/uvbbrasil.com.br\/\"},{\"@type\":\"ListItem\",\"position\":2,\"name\":\"Desenvolvimento Econ\u00f4mico e o Crescimento do Estado e das Cidades\"}]},{\"@type\":\"WebSite\",\"@id\":\"https:\/\/uvbbrasil.com.br\/#website\",\"url\":\"https:\/\/uvbbrasil.com.br\/\",\"name\":\"UVB Brasil\",\"description\":\"Uni\u00e3o dos Vereadores do Brasil\",\"publisher\":{\"@id\":\"https:\/\/uvbbrasil.com.br\/#organization\"},\"potentialAction\":[{\"@type\":\"SearchAction\",\"target\":{\"@type\":\"EntryPoint\",\"urlTemplate\":\"https:\/\/uvbbrasil.com.br\/?s={search_term_string}\"},\"query-input\":{\"@type\":\"PropertyValueSpecification\",\"valueRequired\":true,\"valueName\":\"search_term_string\"}}],\"inLanguage\":\"pt-BR\"},{\"@type\":\"Organization\",\"@id\":\"https:\/\/uvbbrasil.com.br\/#organization\",\"name\":\"UVB Brasil\",\"url\":\"https:\/\/uvbbrasil.com.br\/\",\"logo\":{\"@type\":\"ImageObject\",\"inLanguage\":\"pt-BR\",\"@id\":\"https:\/\/uvbbrasil.com.br\/#\/schema\/logo\/image\/\",\"url\":\"https:\/\/uvbbrasil.com.br\/wp-content\/uploads\/2025\/01\/LOGO-UVB-2024-azul-1.jpg\",\"contentUrl\":\"https:\/\/uvbbrasil.com.br\/wp-content\/uploads\/2025\/01\/LOGO-UVB-2024-azul-1.jpg\",\"width\":600,\"height\":211,\"caption\":\"UVB Brasil\"},\"image\":{\"@id\":\"https:\/\/uvbbrasil.com.br\/#\/schema\/logo\/image\/\"},\"sameAs\":[\"https:\/\/www.facebook.com\/uvb.vereadoresbrasil\",\"https:\/\/www.instagram.com\/uvbbrasil\/\",\"https:\/\/www.youtube.com\/channel\/UCIlPQ8Xzw5GHNzosQIg9S5A\"]},{\"@type\":\"Person\",\"@id\":\"https:\/\/uvbbrasil.com.br\/#\/schema\/person\/17990098446c098f52effddff4f1b272\",\"name\":\"adminuvb\",\"image\":{\"@type\":\"ImageObject\",\"inLanguage\":\"pt-BR\",\"@id\":\"https:\/\/uvbbrasil.com.br\/#\/schema\/person\/image\/\",\"url\":\"https:\/\/secure.gravatar.com\/avatar\/1a494ea6f8e2dd1ae526e55b0e9497efdba542491e0620d704cccf63c6f77c45?s=96&d=mm&r=g\",\"contentUrl\":\"https:\/\/secure.gravatar.com\/avatar\/1a494ea6f8e2dd1ae526e55b0e9497efdba542491e0620d704cccf63c6f77c45?s=96&d=mm&r=g\",\"caption\":\"adminuvb\"},\"sameAs\":[\"https:\/\/uvbbrasil.com.br\"],\"url\":\"https:\/\/uvbbrasil.com.br\/author\/adminuvb\/\"}]}<\/script>\n<!-- \/ Yoast SEO plugin. -->","yoast_head_json":{"title":"Desenvolvimento Econ\u00f4mico e o Crescimento do Estado e das Cidades - UVB Brasil","robots":{"index":"index","follow":"follow","max-snippet":"max-snippet:-1","max-image-preview":"max-image-preview:large","max-video-preview":"max-video-preview:-1"},"canonical":"https:\/\/uvbbrasil.com.br\/desenvolvimento-economico-e-o-crescimento-do-estado-e-das-cidades\/","og_locale":"pt_BR","og_type":"article","og_title":"Desenvolvimento Econ\u00f4mico e o Crescimento do Estado e das Cidades - UVB Brasil","og_description":"O Secret\u00e1rio Estadual do Desenvolvimento Econ\u00f4mico do Estado do Rio Grande do Sul\/RS, Joel Maraschin, apresentou aos participantes do Encontro...","og_url":"https:\/\/uvbbrasil.com.br\/desenvolvimento-economico-e-o-crescimento-do-estado-e-das-cidades\/","og_site_name":"UVB Brasil","article_publisher":"https:\/\/www.facebook.com\/uvb.vereadoresbrasil","article_published_time":"2022-12-15T15:27:47+00:00","og_image":[{"width":563,"height":1000,"url":"https:\/\/uvbbrasil.com.br\/wp-content\/uploads\/2022\/12\/WhatsApp-Image-2022-12-14-at-16.03.22.jpeg","type":"image\/jpeg"}],"author":"adminuvb","twitter_card":"summary_large_image","twitter_misc":{"Escrito por":"adminuvb","Est. tempo de leitura":"3 minutos"},"schema":{"@context":"https:\/\/schema.org","@graph":[{"@type":"Article","@id":"https:\/\/uvbbrasil.com.br\/desenvolvimento-economico-e-o-crescimento-do-estado-e-das-cidades\/#article","isPartOf":{"@id":"https:\/\/uvbbrasil.com.br\/desenvolvimento-economico-e-o-crescimento-do-estado-e-das-cidades\/"},"author":{"name":"adminuvb","@id":"https:\/\/uvbbrasil.com.br\/#\/schema\/person\/17990098446c098f52effddff4f1b272"},"headline":"Desenvolvimento Econ\u00f4mico e o Crescimento do Estado e das Cidades","datePublished":"2022-12-15T15:27:47+00:00","mainEntityOfPage":{"@id":"https:\/\/uvbbrasil.com.br\/desenvolvimento-economico-e-o-crescimento-do-estado-e-das-cidades\/"},"wordCount":425,"commentCount":0,"publisher":{"@id":"https:\/\/uvbbrasil.com.br\/#organization"},"image":{"@id":"https:\/\/uvbbrasil.com.br\/desenvolvimento-economico-e-o-crescimento-do-estado-e-das-cidades\/#primaryimage"},"thumbnailUrl":"https:\/\/uvbbrasil.com.br\/wp-content\/uploads\/2022\/12\/WhatsApp-Image-2022-12-14-at-16.03.22.jpeg","articleSection":["NOT\u00cdCIAS","UVB"],"inLanguage":"pt-BR","potentialAction":[{"@type":"CommentAction","name":"Comment","target":["https:\/\/uvbbrasil.com.br\/desenvolvimento-economico-e-o-crescimento-do-estado-e-das-cidades\/#respond"]}]},{"@type":"WebPage","@id":"https:\/\/uvbbrasil.com.br\/desenvolvimento-economico-e-o-crescimento-do-estado-e-das-cidades\/","url":"https:\/\/uvbbrasil.com.br\/desenvolvimento-economico-e-o-crescimento-do-estado-e-das-cidades\/","name":"Desenvolvimento Econ\u00f4mico e o Crescimento do Estado e das Cidades - UVB Brasil","isPartOf":{"@id":"https:\/\/uvbbrasil.com.br\/#website"},"primaryImageOfPage":{"@id":"https:\/\/uvbbrasil.com.br\/desenvolvimento-economico-e-o-crescimento-do-estado-e-das-cidades\/#primaryimage"},"image":{"@id":"https:\/\/uvbbrasil.com.br\/desenvolvimento-economico-e-o-crescimento-do-estado-e-das-cidades\/#primaryimage"},"thumbnailUrl":"https:\/\/uvbbrasil.com.br\/wp-content\/uploads\/2022\/12\/WhatsApp-Image-2022-12-14-at-16.03.22.jpeg","datePublished":"2022-12-15T15:27:47+00:00","breadcrumb":{"@id":"https:\/\/uvbbrasil.com.br\/desenvolvimento-economico-e-o-crescimento-do-estado-e-das-cidades\/#breadcrumb"},"inLanguage":"pt-BR","potentialAction":[{"@type":"ReadAction","target":["https:\/\/uvbbrasil.com.br\/desenvolvimento-economico-e-o-crescimento-do-estado-e-das-cidades\/"]}]},{"@type":"ImageObject","inLanguage":"pt-BR","@id":"https:\/\/uvbbrasil.com.br\/desenvolvimento-economico-e-o-crescimento-do-estado-e-das-cidades\/#primaryimage","url":"https:\/\/uvbbrasil.com.br\/wp-content\/uploads\/2022\/12\/WhatsApp-Image-2022-12-14-at-16.03.22.jpeg","contentUrl":"https:\/\/uvbbrasil.com.br\/wp-content\/uploads\/2022\/12\/WhatsApp-Image-2022-12-14-at-16.03.22.jpeg","width":563,"height":1000},{"@type":"BreadcrumbList","@id":"https:\/\/uvbbrasil.com.br\/desenvolvimento-economico-e-o-crescimento-do-estado-e-das-cidades\/#breadcrumb","itemListElement":[{"@type":"ListItem","position":1,"name":"In\u00edcio","item":"https:\/\/uvbbrasil.com.br\/"},{"@type":"ListItem","position":2,"name":"Desenvolvimento Econ\u00f4mico e o Crescimento do Estado e das Cidades"}]},{"@type":"WebSite","@id":"https:\/\/uvbbrasil.com.br\/#website","url":"https:\/\/uvbbrasil.com.br\/","name":"UVB Brasil","description":"Uni\u00e3o dos Vereadores do Brasil","publisher":{"@id":"https:\/\/uvbbrasil.com.br\/#organization"},"potentialAction":[{"@type":"SearchAction","target":{"@type":"EntryPoint","urlTemplate":"https:\/\/uvbbrasil.com.br\/?s={search_term_string}"},"query-input":{"@type":"PropertyValueSpecification","valueRequired":true,"valueName":"search_term_string"}}],"inLanguage":"pt-BR"},{"@type":"Organization","@id":"https:\/\/uvbbrasil.com.br\/#organization","name":"UVB Brasil","url":"https:\/\/uvbbrasil.com.br\/","logo":{"@type":"ImageObject","inLanguage":"pt-BR","@id":"https:\/\/uvbbrasil.com.br\/#\/schema\/logo\/image\/","url":"https:\/\/uvbbrasil.com.br\/wp-content\/uploads\/2025\/01\/LOGO-UVB-2024-azul-1.jpg","contentUrl":"https:\/\/uvbbrasil.com.br\/wp-content\/uploads\/2025\/01\/LOGO-UVB-2024-azul-1.jpg","width":600,"height":211,"caption":"UVB Brasil"},"image":{"@id":"https:\/\/uvbbrasil.com.br\/#\/schema\/logo\/image\/"},"sameAs":["https:\/\/www.facebook.com\/uvb.vereadoresbrasil","https:\/\/www.instagram.com\/uvbbrasil\/","https:\/\/www.youtube.com\/channel\/UCIlPQ8Xzw5GHNzosQIg9S5A"]},{"@type":"Person","@id":"https:\/\/uvbbrasil.com.br\/#\/schema\/person\/17990098446c098f52effddff4f1b272","name":"adminuvb","image":{"@type":"ImageObject","inLanguage":"pt-BR","@id":"https:\/\/uvbbrasil.com.br\/#\/schema\/person\/image\/","url":"https:\/\/secure.gravatar.com\/avatar\/1a494ea6f8e2dd1ae526e55b0e9497efdba542491e0620d704cccf63c6f77c45?s=96&d=mm&r=g","contentUrl":"https:\/\/secure.gravatar.com\/avatar\/1a494ea6f8e2dd1ae526e55b0e9497efdba542491e0620d704cccf63c6f77c45?s=96&d=mm&r=g","caption":"adminuvb"},"sameAs":["https:\/\/uvbbrasil.com.br"],"url":"https:\/\/uvbbrasil.com.br\/author\/adminuvb\/"}]}},"_links":{"self":[{"href":"https:\/\/uvbbrasil.com.br\/uvb-json\/wp\/v2\/posts\/27919","targetHints":{"allow":["GET"]}}],"collection":[{"href":"https:\/\/uvbbrasil.com.br\/uvb-json\/wp\/v2\/posts"}],"about":[{"href":"https:\/\/uvbbrasil.com.br\/uvb-json\/wp\/v2\/types\/post"}],"author":[{"embeddable":true,"href":"https:\/\/uvbbrasil.com.br\/uvb-json\/wp\/v2\/users\/1"}],"replies":[{"embeddable":true,"href":"https:\/\/uvbbrasil.com.br\/uvb-json\/wp\/v2\/comments?post=27919"}],"version-history":[{"count":0,"href":"https:\/\/uvbbrasil.com.br\/uvb-json\/wp\/v2\/posts\/27919\/revisions"}],"wp:featuredmedia":[{"embeddable":true,"href":"https:\/\/uvbbrasil.com.br\/uvb-json\/wp\/v2\/media\/27920"}],"wp:attachment":[{"href":"https:\/\/uvbbrasil.com.br\/uvb-json\/wp\/v2\/media?parent=27919"}],"wp:term":[{"taxonomy":"category","embeddable":true,"href":"https:\/\/uvbbrasil.com.br\/uvb-json\/wp\/v2\/categories?post=27919"},{"taxonomy":"post_tag","embeddable":true,"href":"https:\/\/uvbbrasil.com.br\/uvb-json\/wp\/v2\/tags?post=27919"}],"curies":[{"name":"wp","href":"https:\/\/api.w.org\/{rel}","templated":true}]}}