{"id":27912,"date":"2022-12-14T16:30:37","date_gmt":"2022-12-14T19:30:37","guid":{"rendered":"https:\/\/wpsandbox4.pante.com.br\/?p=27912"},"modified":"2022-12-14T16:30:37","modified_gmt":"2022-12-14T19:30:37","slug":"eficiencia-no-mandato-e-as-funcoes-de-legislar-e-fiscalizar","status":"publish","type":"post","link":"https:\/\/uvbbrasil.com.br\/eficiencia-no-mandato-e-as-funcoes-de-legislar-e-fiscalizar\/","title":{"rendered":"Efici\u00eancia no Mandato e as fun\u00e7\u00f5es de Legislar e Fiscalizar"},"content":{"rendered":"<p>O advogado e Consultor\u00a0 jur\u00eddico da Uni\u00e3o dos Vereadores do Brasil\/UVB, Dr. Andr\u00e9 Camillo, em participa\u00e7\u00e3o ao Encontro Nacional de Legislativos e Gestores Municipais, promovido pela UVB em Porto Alegre\/RS, debateu com os participantes do encontro o tema \u201d \u00a0Efici\u00eancia no Mandato e as fun\u00e7\u00f5es de Legislar e Fiscalizar.<\/p>\n<p>Camillo esclareceu a todos os participantes do evento que cabe aos vereadores elaborar as leis municipais e fiscalizar a atua\u00e7\u00e3o do Executivo, no caso, o prefeito. S\u00e3o os vereadores que prop\u00f5em, discutem e aprovam as leis a serem aplicadas no munic\u00edpio. Entre essas leis, est\u00e1 a Lei Or\u00e7ament\u00e1ria Anual, que define em que dever\u00e3o ser aplicados os recursos provenientes dos impostos pagos pelos cidad\u00e3os. Tamb\u00e9m \u00e9 dever do vereador acompanhar as a\u00e7\u00f5es do Executivo, verificando se est\u00e3o sendo cumpridas as metas de governo e se est\u00e3o sendo atendidas as normas legais.<\/p>\n<p>A Constitui\u00e7\u00e3o Federal e as leis org\u00e2nicas municipais estabelecem tudo o que o vereador pode e n\u00e3o pode fazer durante o mandato. Para acompanhar se os vereadores est\u00e3o cumprindo bem seus deveres perante a popula\u00e7\u00e3o, os eleitores podem ir \u00e0s sess\u00f5es legislativas ou mesmo conversar com os vereadores em seus gabinetes. Caso o eleitor descubra alguma irregularidade, \u00e9 poss\u00edvel fazer uma den\u00fancia ao Minist\u00e9rio P\u00fablico.<\/p>\n<p>Os vereadores fazem parte do Poder Legislativo, e discutem e votam mat\u00e9rias que envolvem impostos municipais, educa\u00e7\u00e3o municipal, linhas de \u00f4nibus e saneamento, entre outros temas da cidade. Cada vereador \u00e9 eleito de forma direta, pelo voto, tornando-se um representante da popula\u00e7\u00e3o. Por isso, deve propor projetos que estejam de acordo com os interesses e o bem-estar do povo.<\/p>\n<p>A efici\u00eancia de um mandato de excel\u00eancia exige diagnostico, planejamento e estrat\u00e9gia ou seja todo mandato para que seja eficiente o vereador deve\u00a0 ouvir a popula\u00e7\u00e3o, saber seus anseios e a partir disto construir um planejamento de a\u00e7\u00f5es baseado em estrat\u00e9gias e fazer com o que a popula\u00e7\u00e3o receba\u00a0 a a\u00e7\u00e3o e compreenda a import\u00e2ncia desta a\u00e7\u00e3o que o vereador realiza.<\/p>\n<p><img fetchpriority=\"high\" decoding=\"async\" class=\"alignnone size-medium wp-image-27913\" src=\"https:\/\/uvbbrasil.com.br\/wp-content\/uploads\/2022\/12\/WhatsApp-Image-2022-12-14-at-10.35.50-300x225.jpeg\" alt=\"\" width=\"300\" height=\"225\" srcset=\"https:\/\/uvbbrasil.com.br\/wp-content\/uploads\/2022\/12\/WhatsApp-Image-2022-12-14-at-10.35.50-300x225.jpeg 300w, https:\/\/uvbbrasil.com.br\/wp-content\/uploads\/2022\/12\/WhatsApp-Image-2022-12-14-at-10.35.50-1024x768.jpeg 1024w, https:\/\/uvbbrasil.com.br\/wp-content\/uploads\/2022\/12\/WhatsApp-Image-2022-12-14-at-10.35.50-768x576.jpeg 768w, https:\/\/uvbbrasil.com.br\/wp-content\/uploads\/2022\/12\/WhatsApp-Image-2022-12-14-at-10.35.50-1536x1152.jpeg 1536w, https:\/\/uvbbrasil.com.br\/wp-content\/uploads\/2022\/12\/WhatsApp-Image-2022-12-14-at-10.35.50.jpeg 1600w\" sizes=\"(max-width: 300px) 100vw, 300px\" \/><\/p>\n<p><img decoding=\"async\" class=\"alignnone size-medium wp-image-27915\" src=\"https:\/\/uvbbrasil.com.br\/wp-content\/uploads\/2022\/12\/WhatsApp-Image-2022-12-14-at-10.35.52-1-225x300.jpeg\" alt=\"\" width=\"225\" height=\"300\" srcset=\"https:\/\/uvbbrasil.com.br\/wp-content\/uploads\/2022\/12\/WhatsApp-Image-2022-12-14-at-10.35.52-1-225x300.jpeg 225w, https:\/\/uvbbrasil.com.br\/wp-content\/uploads\/2022\/12\/WhatsApp-Image-2022-12-14-at-10.35.52-1-768x1024.jpeg 768w, https:\/\/uvbbrasil.com.br\/wp-content\/uploads\/2022\/12\/WhatsApp-Image-2022-12-14-at-10.35.52-1-1152x1536.jpeg 1152w, https:\/\/uvbbrasil.com.br\/wp-content\/uploads\/2022\/12\/WhatsApp-Image-2022-12-14-at-10.35.52-1.jpeg 1200w\" sizes=\"(max-width: 225px) 100vw, 225px\" \/><img decoding=\"async\" class=\"alignnone size-medium wp-image-27914\" src=\"https:\/\/uvbbrasil.com.br\/wp-content\/uploads\/2022\/12\/WhatsApp-Image-2022-12-14-at-10.35.52-300x225.jpeg\" alt=\"\" width=\"300\" height=\"225\" srcset=\"https:\/\/uvbbrasil.com.br\/wp-content\/uploads\/2022\/12\/WhatsApp-Image-2022-12-14-at-10.35.52-300x225.jpeg 300w, https:\/\/uvbbrasil.com.br\/wp-content\/uploads\/2022\/12\/WhatsApp-Image-2022-12-14-at-10.35.52-1024x768.jpeg 1024w, https:\/\/uvbbrasil.com.br\/wp-content\/uploads\/2022\/12\/WhatsApp-Image-2022-12-14-at-10.35.52-768x576.jpeg 768w, https:\/\/uvbbrasil.com.br\/wp-content\/uploads\/2022\/12\/WhatsApp-Image-2022-12-14-at-10.35.52-1536x1152.jpeg 1536w, https:\/\/uvbbrasil.com.br\/wp-content\/uploads\/2022\/12\/WhatsApp-Image-2022-12-14-at-10.35.52.jpeg 1600w\" sizes=\"(max-width: 300px) 100vw, 300px\" \/><\/p>\n","protected":false},"excerpt":{"rendered":"<p>O advogado e Consultor\u00a0 jur\u00eddico da Uni\u00e3o dos Vereadores do Brasil\/UVB, Dr. Andr\u00e9 Camillo, em participa\u00e7\u00e3o ao Encontro Nacional de&#8230;<\/p>\n","protected":false},"author":1,"featured_media":27915,"comment_status":"open","ping_status":"open","sticky":false,"template":"","format":"standard","meta":{"footnotes":""},"categories":[3,4],"tags":[],"class_list":["post-27912","post","type-post","status-publish","format-standard","has-post-thumbnail","hentry","category-noticias","category-home"],"yoast_head":"<!-- This site is optimized with the Yoast SEO plugin v26.7 - https:\/\/yoast.com\/wordpress\/plugins\/seo\/ -->\n<title>Efici\u00eancia no Mandato e as fun\u00e7\u00f5es de Legislar e Fiscalizar - UVB Brasil<\/title>\n<meta name=\"robots\" content=\"index, follow, max-snippet:-1, max-image-preview:large, max-video-preview:-1\" \/>\n<link rel=\"canonical\" href=\"https:\/\/uvbbrasil.com.br\/eficiencia-no-mandato-e-as-funcoes-de-legislar-e-fiscalizar\/\" \/>\n<meta property=\"og:locale\" content=\"pt_BR\" \/>\n<meta property=\"og:type\" content=\"article\" \/>\n<meta property=\"og:title\" content=\"Efici\u00eancia no Mandato e as fun\u00e7\u00f5es de Legislar e Fiscalizar - UVB Brasil\" \/>\n<meta property=\"og:description\" content=\"O advogado e Consultor\u00a0 jur\u00eddico da Uni\u00e3o dos Vereadores do Brasil\/UVB, Dr. Andr\u00e9 Camillo, em participa\u00e7\u00e3o ao Encontro Nacional de...\" \/>\n<meta property=\"og:url\" content=\"https:\/\/uvbbrasil.com.br\/eficiencia-no-mandato-e-as-funcoes-de-legislar-e-fiscalizar\/\" \/>\n<meta property=\"og:site_name\" content=\"UVB Brasil\" \/>\n<meta property=\"article:publisher\" content=\"https:\/\/www.facebook.com\/uvb.vereadoresbrasil\" \/>\n<meta property=\"article:published_time\" content=\"2022-12-14T19:30:37+00:00\" \/>\n<meta property=\"og:image\" content=\"https:\/\/uvbbrasil.com.br\/wp-content\/uploads\/2022\/12\/WhatsApp-Image-2022-12-14-at-10.35.52-1.jpeg\" \/>\n\t<meta property=\"og:image:width\" content=\"1200\" \/>\n\t<meta property=\"og:image:height\" content=\"1600\" \/>\n\t<meta property=\"og:image:type\" content=\"image\/jpeg\" \/>\n<meta name=\"author\" content=\"adminuvb\" \/>\n<meta name=\"twitter:card\" content=\"summary_large_image\" \/>\n<meta name=\"twitter:label1\" content=\"Escrito por\" \/>\n\t<meta name=\"twitter:data1\" content=\"adminuvb\" \/>\n\t<meta name=\"twitter:label2\" content=\"Est. tempo de leitura\" \/>\n\t<meta name=\"twitter:data2\" content=\"3 minutos\" \/>\n<script type=\"application\/ld+json\" class=\"yoast-schema-graph\">{\"@context\":\"https:\/\/schema.org\",\"@graph\":[{\"@type\":\"Article\",\"@id\":\"https:\/\/uvbbrasil.com.br\/eficiencia-no-mandato-e-as-funcoes-de-legislar-e-fiscalizar\/#article\",\"isPartOf\":{\"@id\":\"https:\/\/uvbbrasil.com.br\/eficiencia-no-mandato-e-as-funcoes-de-legislar-e-fiscalizar\/\"},\"author\":{\"name\":\"adminuvb\",\"@id\":\"https:\/\/uvbbrasil.com.br\/#\/schema\/person\/17990098446c098f52effddff4f1b272\"},\"headline\":\"Efici\u00eancia no Mandato e as fun\u00e7\u00f5es de Legislar e Fiscalizar\",\"datePublished\":\"2022-12-14T19:30:37+00:00\",\"mainEntityOfPage\":{\"@id\":\"https:\/\/uvbbrasil.com.br\/eficiencia-no-mandato-e-as-funcoes-de-legislar-e-fiscalizar\/\"},\"wordCount\":375,\"commentCount\":0,\"publisher\":{\"@id\":\"https:\/\/uvbbrasil.com.br\/#organization\"},\"image\":{\"@id\":\"https:\/\/uvbbrasil.com.br\/eficiencia-no-mandato-e-as-funcoes-de-legislar-e-fiscalizar\/#primaryimage\"},\"thumbnailUrl\":\"https:\/\/uvbbrasil.com.br\/wp-content\/uploads\/2022\/12\/WhatsApp-Image-2022-12-14-at-10.35.52-1.jpeg\",\"articleSection\":[\"NOT\u00cdCIAS\",\"UVB\"],\"inLanguage\":\"pt-BR\",\"potentialAction\":[{\"@type\":\"CommentAction\",\"name\":\"Comment\",\"target\":[\"https:\/\/uvbbrasil.com.br\/eficiencia-no-mandato-e-as-funcoes-de-legislar-e-fiscalizar\/#respond\"]}]},{\"@type\":\"WebPage\",\"@id\":\"https:\/\/uvbbrasil.com.br\/eficiencia-no-mandato-e-as-funcoes-de-legislar-e-fiscalizar\/\",\"url\":\"https:\/\/uvbbrasil.com.br\/eficiencia-no-mandato-e-as-funcoes-de-legislar-e-fiscalizar\/\",\"name\":\"Efici\u00eancia no Mandato e as fun\u00e7\u00f5es de Legislar e Fiscalizar - UVB Brasil\",\"isPartOf\":{\"@id\":\"https:\/\/uvbbrasil.com.br\/#website\"},\"primaryImageOfPage\":{\"@id\":\"https:\/\/uvbbrasil.com.br\/eficiencia-no-mandato-e-as-funcoes-de-legislar-e-fiscalizar\/#primaryimage\"},\"image\":{\"@id\":\"https:\/\/uvbbrasil.com.br\/eficiencia-no-mandato-e-as-funcoes-de-legislar-e-fiscalizar\/#primaryimage\"},\"thumbnailUrl\":\"https:\/\/uvbbrasil.com.br\/wp-content\/uploads\/2022\/12\/WhatsApp-Image-2022-12-14-at-10.35.52-1.jpeg\",\"datePublished\":\"2022-12-14T19:30:37+00:00\",\"breadcrumb\":{\"@id\":\"https:\/\/uvbbrasil.com.br\/eficiencia-no-mandato-e-as-funcoes-de-legislar-e-fiscalizar\/#breadcrumb\"},\"inLanguage\":\"pt-BR\",\"potentialAction\":[{\"@type\":\"ReadAction\",\"target\":[\"https:\/\/uvbbrasil.com.br\/eficiencia-no-mandato-e-as-funcoes-de-legislar-e-fiscalizar\/\"]}]},{\"@type\":\"ImageObject\",\"inLanguage\":\"pt-BR\",\"@id\":\"https:\/\/uvbbrasil.com.br\/eficiencia-no-mandato-e-as-funcoes-de-legislar-e-fiscalizar\/#primaryimage\",\"url\":\"https:\/\/uvbbrasil.com.br\/wp-content\/uploads\/2022\/12\/WhatsApp-Image-2022-12-14-at-10.35.52-1.jpeg\",\"contentUrl\":\"https:\/\/uvbbrasil.com.br\/wp-content\/uploads\/2022\/12\/WhatsApp-Image-2022-12-14-at-10.35.52-1.jpeg\",\"width\":1200,\"height\":1600},{\"@type\":\"BreadcrumbList\",\"@id\":\"https:\/\/uvbbrasil.com.br\/eficiencia-no-mandato-e-as-funcoes-de-legislar-e-fiscalizar\/#breadcrumb\",\"itemListElement\":[{\"@type\":\"ListItem\",\"position\":1,\"name\":\"In\u00edcio\",\"item\":\"https:\/\/uvbbrasil.com.br\/\"},{\"@type\":\"ListItem\",\"position\":2,\"name\":\"Efici\u00eancia no Mandato e as fun\u00e7\u00f5es de Legislar e Fiscalizar\"}]},{\"@type\":\"WebSite\",\"@id\":\"https:\/\/uvbbrasil.com.br\/#website\",\"url\":\"https:\/\/uvbbrasil.com.br\/\",\"name\":\"UVB Brasil\",\"description\":\"Uni\u00e3o dos Vereadores do Brasil\",\"publisher\":{\"@id\":\"https:\/\/uvbbrasil.com.br\/#organization\"},\"potentialAction\":[{\"@type\":\"SearchAction\",\"target\":{\"@type\":\"EntryPoint\",\"urlTemplate\":\"https:\/\/uvbbrasil.com.br\/?s={search_term_string}\"},\"query-input\":{\"@type\":\"PropertyValueSpecification\",\"valueRequired\":true,\"valueName\":\"search_term_string\"}}],\"inLanguage\":\"pt-BR\"},{\"@type\":\"Organization\",\"@id\":\"https:\/\/uvbbrasil.com.br\/#organization\",\"name\":\"UVB Brasil\",\"url\":\"https:\/\/uvbbrasil.com.br\/\",\"logo\":{\"@type\":\"ImageObject\",\"inLanguage\":\"pt-BR\",\"@id\":\"https:\/\/uvbbrasil.com.br\/#\/schema\/logo\/image\/\",\"url\":\"https:\/\/uvbbrasil.com.br\/wp-content\/uploads\/2025\/01\/LOGO-UVB-2024-azul-1.jpg\",\"contentUrl\":\"https:\/\/uvbbrasil.com.br\/wp-content\/uploads\/2025\/01\/LOGO-UVB-2024-azul-1.jpg\",\"width\":600,\"height\":211,\"caption\":\"UVB Brasil\"},\"image\":{\"@id\":\"https:\/\/uvbbrasil.com.br\/#\/schema\/logo\/image\/\"},\"sameAs\":[\"https:\/\/www.facebook.com\/uvb.vereadoresbrasil\",\"https:\/\/www.instagram.com\/uvbbrasil\/\",\"https:\/\/www.youtube.com\/channel\/UCIlPQ8Xzw5GHNzosQIg9S5A\"]},{\"@type\":\"Person\",\"@id\":\"https:\/\/uvbbrasil.com.br\/#\/schema\/person\/17990098446c098f52effddff4f1b272\",\"name\":\"adminuvb\",\"image\":{\"@type\":\"ImageObject\",\"inLanguage\":\"pt-BR\",\"@id\":\"https:\/\/uvbbrasil.com.br\/#\/schema\/person\/image\/\",\"url\":\"https:\/\/secure.gravatar.com\/avatar\/1a494ea6f8e2dd1ae526e55b0e9497efdba542491e0620d704cccf63c6f77c45?s=96&d=mm&r=g\",\"contentUrl\":\"https:\/\/secure.gravatar.com\/avatar\/1a494ea6f8e2dd1ae526e55b0e9497efdba542491e0620d704cccf63c6f77c45?s=96&d=mm&r=g\",\"caption\":\"adminuvb\"},\"sameAs\":[\"https:\/\/uvbbrasil.com.br\"],\"url\":\"https:\/\/uvbbrasil.com.br\/author\/adminuvb\/\"}]}<\/script>\n<!-- \/ Yoast SEO plugin. -->","yoast_head_json":{"title":"Efici\u00eancia no Mandato e as fun\u00e7\u00f5es de Legislar e Fiscalizar - UVB Brasil","robots":{"index":"index","follow":"follow","max-snippet":"max-snippet:-1","max-image-preview":"max-image-preview:large","max-video-preview":"max-video-preview:-1"},"canonical":"https:\/\/uvbbrasil.com.br\/eficiencia-no-mandato-e-as-funcoes-de-legislar-e-fiscalizar\/","og_locale":"pt_BR","og_type":"article","og_title":"Efici\u00eancia no Mandato e as fun\u00e7\u00f5es de Legislar e Fiscalizar - UVB Brasil","og_description":"O advogado e Consultor\u00a0 jur\u00eddico da Uni\u00e3o dos Vereadores do Brasil\/UVB, Dr. Andr\u00e9 Camillo, em participa\u00e7\u00e3o ao Encontro Nacional de...","og_url":"https:\/\/uvbbrasil.com.br\/eficiencia-no-mandato-e-as-funcoes-de-legislar-e-fiscalizar\/","og_site_name":"UVB Brasil","article_publisher":"https:\/\/www.facebook.com\/uvb.vereadoresbrasil","article_published_time":"2022-12-14T19:30:37+00:00","og_image":[{"width":1200,"height":1600,"url":"https:\/\/uvbbrasil.com.br\/wp-content\/uploads\/2022\/12\/WhatsApp-Image-2022-12-14-at-10.35.52-1.jpeg","type":"image\/jpeg"}],"author":"adminuvb","twitter_card":"summary_large_image","twitter_misc":{"Escrito por":"adminuvb","Est. tempo de leitura":"3 minutos"},"schema":{"@context":"https:\/\/schema.org","@graph":[{"@type":"Article","@id":"https:\/\/uvbbrasil.com.br\/eficiencia-no-mandato-e-as-funcoes-de-legislar-e-fiscalizar\/#article","isPartOf":{"@id":"https:\/\/uvbbrasil.com.br\/eficiencia-no-mandato-e-as-funcoes-de-legislar-e-fiscalizar\/"},"author":{"name":"adminuvb","@id":"https:\/\/uvbbrasil.com.br\/#\/schema\/person\/17990098446c098f52effddff4f1b272"},"headline":"Efici\u00eancia no Mandato e as fun\u00e7\u00f5es de Legislar e Fiscalizar","datePublished":"2022-12-14T19:30:37+00:00","mainEntityOfPage":{"@id":"https:\/\/uvbbrasil.com.br\/eficiencia-no-mandato-e-as-funcoes-de-legislar-e-fiscalizar\/"},"wordCount":375,"commentCount":0,"publisher":{"@id":"https:\/\/uvbbrasil.com.br\/#organization"},"image":{"@id":"https:\/\/uvbbrasil.com.br\/eficiencia-no-mandato-e-as-funcoes-de-legislar-e-fiscalizar\/#primaryimage"},"thumbnailUrl":"https:\/\/uvbbrasil.com.br\/wp-content\/uploads\/2022\/12\/WhatsApp-Image-2022-12-14-at-10.35.52-1.jpeg","articleSection":["NOT\u00cdCIAS","UVB"],"inLanguage":"pt-BR","potentialAction":[{"@type":"CommentAction","name":"Comment","target":["https:\/\/uvbbrasil.com.br\/eficiencia-no-mandato-e-as-funcoes-de-legislar-e-fiscalizar\/#respond"]}]},{"@type":"WebPage","@id":"https:\/\/uvbbrasil.com.br\/eficiencia-no-mandato-e-as-funcoes-de-legislar-e-fiscalizar\/","url":"https:\/\/uvbbrasil.com.br\/eficiencia-no-mandato-e-as-funcoes-de-legislar-e-fiscalizar\/","name":"Efici\u00eancia no Mandato e as fun\u00e7\u00f5es de Legislar e Fiscalizar - UVB Brasil","isPartOf":{"@id":"https:\/\/uvbbrasil.com.br\/#website"},"primaryImageOfPage":{"@id":"https:\/\/uvbbrasil.com.br\/eficiencia-no-mandato-e-as-funcoes-de-legislar-e-fiscalizar\/#primaryimage"},"image":{"@id":"https:\/\/uvbbrasil.com.br\/eficiencia-no-mandato-e-as-funcoes-de-legislar-e-fiscalizar\/#primaryimage"},"thumbnailUrl":"https:\/\/uvbbrasil.com.br\/wp-content\/uploads\/2022\/12\/WhatsApp-Image-2022-12-14-at-10.35.52-1.jpeg","datePublished":"2022-12-14T19:30:37+00:00","breadcrumb":{"@id":"https:\/\/uvbbrasil.com.br\/eficiencia-no-mandato-e-as-funcoes-de-legislar-e-fiscalizar\/#breadcrumb"},"inLanguage":"pt-BR","potentialAction":[{"@type":"ReadAction","target":["https:\/\/uvbbrasil.com.br\/eficiencia-no-mandato-e-as-funcoes-de-legislar-e-fiscalizar\/"]}]},{"@type":"ImageObject","inLanguage":"pt-BR","@id":"https:\/\/uvbbrasil.com.br\/eficiencia-no-mandato-e-as-funcoes-de-legislar-e-fiscalizar\/#primaryimage","url":"https:\/\/uvbbrasil.com.br\/wp-content\/uploads\/2022\/12\/WhatsApp-Image-2022-12-14-at-10.35.52-1.jpeg","contentUrl":"https:\/\/uvbbrasil.com.br\/wp-content\/uploads\/2022\/12\/WhatsApp-Image-2022-12-14-at-10.35.52-1.jpeg","width":1200,"height":1600},{"@type":"BreadcrumbList","@id":"https:\/\/uvbbrasil.com.br\/eficiencia-no-mandato-e-as-funcoes-de-legislar-e-fiscalizar\/#breadcrumb","itemListElement":[{"@type":"ListItem","position":1,"name":"In\u00edcio","item":"https:\/\/uvbbrasil.com.br\/"},{"@type":"ListItem","position":2,"name":"Efici\u00eancia no Mandato e as fun\u00e7\u00f5es de Legislar e Fiscalizar"}]},{"@type":"WebSite","@id":"https:\/\/uvbbrasil.com.br\/#website","url":"https:\/\/uvbbrasil.com.br\/","name":"UVB Brasil","description":"Uni\u00e3o dos Vereadores do Brasil","publisher":{"@id":"https:\/\/uvbbrasil.com.br\/#organization"},"potentialAction":[{"@type":"SearchAction","target":{"@type":"EntryPoint","urlTemplate":"https:\/\/uvbbrasil.com.br\/?s={search_term_string}"},"query-input":{"@type":"PropertyValueSpecification","valueRequired":true,"valueName":"search_term_string"}}],"inLanguage":"pt-BR"},{"@type":"Organization","@id":"https:\/\/uvbbrasil.com.br\/#organization","name":"UVB Brasil","url":"https:\/\/uvbbrasil.com.br\/","logo":{"@type":"ImageObject","inLanguage":"pt-BR","@id":"https:\/\/uvbbrasil.com.br\/#\/schema\/logo\/image\/","url":"https:\/\/uvbbrasil.com.br\/wp-content\/uploads\/2025\/01\/LOGO-UVB-2024-azul-1.jpg","contentUrl":"https:\/\/uvbbrasil.com.br\/wp-content\/uploads\/2025\/01\/LOGO-UVB-2024-azul-1.jpg","width":600,"height":211,"caption":"UVB Brasil"},"image":{"@id":"https:\/\/uvbbrasil.com.br\/#\/schema\/logo\/image\/"},"sameAs":["https:\/\/www.facebook.com\/uvb.vereadoresbrasil","https:\/\/www.instagram.com\/uvbbrasil\/","https:\/\/www.youtube.com\/channel\/UCIlPQ8Xzw5GHNzosQIg9S5A"]},{"@type":"Person","@id":"https:\/\/uvbbrasil.com.br\/#\/schema\/person\/17990098446c098f52effddff4f1b272","name":"adminuvb","image":{"@type":"ImageObject","inLanguage":"pt-BR","@id":"https:\/\/uvbbrasil.com.br\/#\/schema\/person\/image\/","url":"https:\/\/secure.gravatar.com\/avatar\/1a494ea6f8e2dd1ae526e55b0e9497efdba542491e0620d704cccf63c6f77c45?s=96&d=mm&r=g","contentUrl":"https:\/\/secure.gravatar.com\/avatar\/1a494ea6f8e2dd1ae526e55b0e9497efdba542491e0620d704cccf63c6f77c45?s=96&d=mm&r=g","caption":"adminuvb"},"sameAs":["https:\/\/uvbbrasil.com.br"],"url":"https:\/\/uvbbrasil.com.br\/author\/adminuvb\/"}]}},"_links":{"self":[{"href":"https:\/\/uvbbrasil.com.br\/uvb-json\/wp\/v2\/posts\/27912","targetHints":{"allow":["GET"]}}],"collection":[{"href":"https:\/\/uvbbrasil.com.br\/uvb-json\/wp\/v2\/posts"}],"about":[{"href":"https:\/\/uvbbrasil.com.br\/uvb-json\/wp\/v2\/types\/post"}],"author":[{"embeddable":true,"href":"https:\/\/uvbbrasil.com.br\/uvb-json\/wp\/v2\/users\/1"}],"replies":[{"embeddable":true,"href":"https:\/\/uvbbrasil.com.br\/uvb-json\/wp\/v2\/comments?post=27912"}],"version-history":[{"count":0,"href":"https:\/\/uvbbrasil.com.br\/uvb-json\/wp\/v2\/posts\/27912\/revisions"}],"wp:featuredmedia":[{"embeddable":true,"href":"https:\/\/uvbbrasil.com.br\/uvb-json\/wp\/v2\/media\/27915"}],"wp:attachment":[{"href":"https:\/\/uvbbrasil.com.br\/uvb-json\/wp\/v2\/media?parent=27912"}],"wp:term":[{"taxonomy":"category","embeddable":true,"href":"https:\/\/uvbbrasil.com.br\/uvb-json\/wp\/v2\/categories?post=27912"},{"taxonomy":"post_tag","embeddable":true,"href":"https:\/\/uvbbrasil.com.br\/uvb-json\/wp\/v2\/tags?post=27912"}],"curies":[{"name":"wp","href":"https:\/\/api.w.org\/{rel}","templated":true}]}}