{"id":27909,"date":"2022-12-14T10:19:24","date_gmt":"2022-12-14T13:19:24","guid":{"rendered":"https:\/\/wpsandbox4.pante.com.br\/?p=27909"},"modified":"2022-12-14T10:19:24","modified_gmt":"2022-12-14T13:19:24","slug":"camara-de-primavera-do-leste-ms-reafirma-a-parceria-com-a-ager-para-fiscalizar-os-servicos-publicos","status":"publish","type":"post","link":"https:\/\/uvbbrasil.com.br\/camara-de-primavera-do-leste-ms-reafirma-a-parceria-com-a-ager-para-fiscalizar-os-servicos-publicos\/","title":{"rendered":"C\u00e2mara de Primavera do Leste\/MS  reafirma a parceria com a AGER para fiscalizar os servi\u00e7os p\u00fablicos"},"content":{"rendered":"<div class=\"x11i5rnm xat24cr x1mh8g0r x1vvkbs xdj266r x126k92a\">\n<div dir=\"auto\">Primavera do Leste\/MS- No dia de ontem, 07, na Sala da Presid\u00eancia ocorreu uma reuni\u00e3o com Presidente da Casa, Manoel Mazzutti (MDB), e membros da Ag\u00eancia Reguladora de Servi\u00e7os P\u00fablicos (AGER) unidade Barra do Gar\u00e7as: Eduardo Vanni (ouvidoria); Fernando Saldanha (Diretor) e Matheus Barchet (Assessoria). Objetivo \u00e9 ampliar a fiscaliza\u00e7\u00e3o sobre servi\u00e7os p\u00fablicos prestados pelas concession\u00e1rias.<\/div>\n<\/div>\n<div class=\"x11i5rnm xat24cr x1mh8g0r x1vvkbs xtlvy1s x126k92a\">\n<div dir=\"auto\">A AGER \u00e9 o \u00f3rg\u00e3o respons\u00e1vel pela regula\u00e7\u00e3o e fiscaliza\u00e7\u00e3o dos servi\u00e7os p\u00fablicos de abastecimento de \u00e1gua e esgotamento sanit\u00e1rio, explorados pela \u00c1guas de Primavera em nossa cidade.<\/div>\n<\/div>\n<div class=\"x11i5rnm xat24cr x1mh8g0r x1vvkbs xtlvy1s x126k92a\">\n<div dir=\"auto\">A AGER fiscaliza as a\u00e7\u00f5es da empresa concession\u00e1ria de servi\u00e7o p\u00fablico e assim, solicita\u00e7\u00f5es e den\u00fancias podem ser feitas pela central de atendimento: Unidade Barra do Gar\u00e7as \u2013 66 3401 9555 \/ Pedra Preta \u2013 66 99640 5667 \/ Campo Verde &#8211; 66 3419 6218 e Primavera \u2013 66 3497 4554.<\/div>\n<\/div>\n<div class=\"x11i5rnm xat24cr x1mh8g0r x1vvkbs xtlvy1s x126k92a\">\n<div dir=\"auto\">A C\u00e2mara Municipal de Primavera do Leste mais uma vez reafirma a parceria com a AGER para fiscalizar os servi\u00e7os p\u00fablicos visando o bem comum da sociedade.<\/div>\n<\/div>\n<div class=\"x11i5rnm xat24cr x1mh8g0r x1vvkbs xtlvy1s x126k92a\">\n<div dir=\"auto\">Portanto voc\u00ea cidad\u00e3o pode colaborar nessa fiscaliza\u00e7\u00e3o, utilizando a central de atendimento da AGER. Fa\u00e7a valer seu direito de cidad\u00e3o.<\/div>\n<div dir=\"auto\"><img fetchpriority=\"high\" decoding=\"async\" class=\"alignnone size-medium wp-image-27910\" src=\"https:\/\/uvbbrasil.com.br\/wp-content\/uploads\/2022\/12\/316952341_520777670084135_744040112021857878_n-300x225.jpg\" alt=\"\" width=\"300\" height=\"225\" srcset=\"https:\/\/uvbbrasil.com.br\/wp-content\/uploads\/2022\/12\/316952341_520777670084135_744040112021857878_n-300x225.jpg 300w, https:\/\/uvbbrasil.com.br\/wp-content\/uploads\/2022\/12\/316952341_520777670084135_744040112021857878_n-1024x768.jpg 1024w, https:\/\/uvbbrasil.com.br\/wp-content\/uploads\/2022\/12\/316952341_520777670084135_744040112021857878_n-768x576.jpg 768w, https:\/\/uvbbrasil.com.br\/wp-content\/uploads\/2022\/12\/316952341_520777670084135_744040112021857878_n.jpg 1440w\" sizes=\"(max-width: 300px) 100vw, 300px\" \/><\/div>\n<\/div>\n","protected":false},"excerpt":{"rendered":"<p>Primavera do Leste\/MS- No dia de ontem, 07, na Sala da Presid\u00eancia ocorreu uma reuni\u00e3o com Presidente da Casa, Manoel&#8230;<\/p>\n","protected":false},"author":1,"featured_media":27910,"comment_status":"open","ping_status":"open","sticky":false,"template":"","format":"standard","meta":{"footnotes":""},"categories":[3],"tags":[],"class_list":["post-27909","post","type-post","status-publish","format-standard","has-post-thumbnail","hentry","category-noticias"],"yoast_head":"<!-- This site is optimized with the Yoast SEO plugin v26.7 - https:\/\/yoast.com\/wordpress\/plugins\/seo\/ -->\n<title>C\u00e2mara de Primavera do Leste\/MS reafirma a parceria com a AGER para fiscalizar os servi\u00e7os p\u00fablicos - UVB Brasil<\/title>\n<meta name=\"robots\" content=\"index, follow, max-snippet:-1, max-image-preview:large, max-video-preview:-1\" \/>\n<link rel=\"canonical\" href=\"https:\/\/uvbbrasil.com.br\/camara-de-primavera-do-leste-ms-reafirma-a-parceria-com-a-ager-para-fiscalizar-os-servicos-publicos\/\" \/>\n<meta property=\"og:locale\" content=\"pt_BR\" \/>\n<meta property=\"og:type\" content=\"article\" \/>\n<meta property=\"og:title\" content=\"C\u00e2mara de Primavera do Leste\/MS reafirma a parceria com a AGER para fiscalizar os servi\u00e7os p\u00fablicos - UVB Brasil\" \/>\n<meta property=\"og:description\" content=\"Primavera do Leste\/MS- No dia de ontem, 07, na Sala da Presid\u00eancia ocorreu uma reuni\u00e3o com Presidente da Casa, Manoel...\" \/>\n<meta property=\"og:url\" content=\"https:\/\/uvbbrasil.com.br\/camara-de-primavera-do-leste-ms-reafirma-a-parceria-com-a-ager-para-fiscalizar-os-servicos-publicos\/\" \/>\n<meta property=\"og:site_name\" content=\"UVB Brasil\" \/>\n<meta property=\"article:publisher\" content=\"https:\/\/www.facebook.com\/uvb.vereadoresbrasil\" \/>\n<meta property=\"article:published_time\" content=\"2022-12-14T13:19:24+00:00\" \/>\n<meta property=\"og:image\" content=\"https:\/\/uvbbrasil.com.br\/wp-content\/uploads\/2022\/12\/316952341_520777670084135_744040112021857878_n.jpg\" \/>\n\t<meta property=\"og:image:width\" content=\"1440\" \/>\n\t<meta property=\"og:image:height\" content=\"1080\" \/>\n\t<meta property=\"og:image:type\" content=\"image\/jpeg\" \/>\n<meta name=\"author\" content=\"adminuvb\" \/>\n<meta name=\"twitter:card\" content=\"summary_large_image\" \/>\n<meta name=\"twitter:label1\" content=\"Escrito por\" \/>\n\t<meta name=\"twitter:data1\" content=\"adminuvb\" \/>\n\t<meta name=\"twitter:label2\" content=\"Est. tempo de leitura\" \/>\n\t<meta name=\"twitter:data2\" content=\"1 minuto\" \/>\n<script type=\"application\/ld+json\" class=\"yoast-schema-graph\">{\"@context\":\"https:\/\/schema.org\",\"@graph\":[{\"@type\":\"Article\",\"@id\":\"https:\/\/uvbbrasil.com.br\/camara-de-primavera-do-leste-ms-reafirma-a-parceria-com-a-ager-para-fiscalizar-os-servicos-publicos\/#article\",\"isPartOf\":{\"@id\":\"https:\/\/uvbbrasil.com.br\/camara-de-primavera-do-leste-ms-reafirma-a-parceria-com-a-ager-para-fiscalizar-os-servicos-publicos\/\"},\"author\":{\"name\":\"adminuvb\",\"@id\":\"https:\/\/uvbbrasil.com.br\/#\/schema\/person\/17990098446c098f52effddff4f1b272\"},\"headline\":\"C\u00e2mara de Primavera do Leste\/MS reafirma a parceria com a AGER para fiscalizar os servi\u00e7os p\u00fablicos\",\"datePublished\":\"2022-12-14T13:19:24+00:00\",\"mainEntityOfPage\":{\"@id\":\"https:\/\/uvbbrasil.com.br\/camara-de-primavera-do-leste-ms-reafirma-a-parceria-com-a-ager-para-fiscalizar-os-servicos-publicos\/\"},\"wordCount\":214,\"commentCount\":0,\"publisher\":{\"@id\":\"https:\/\/uvbbrasil.com.br\/#organization\"},\"image\":{\"@id\":\"https:\/\/uvbbrasil.com.br\/camara-de-primavera-do-leste-ms-reafirma-a-parceria-com-a-ager-para-fiscalizar-os-servicos-publicos\/#primaryimage\"},\"thumbnailUrl\":\"https:\/\/uvbbrasil.com.br\/wp-content\/uploads\/2022\/12\/316952341_520777670084135_744040112021857878_n.jpg\",\"articleSection\":[\"NOT\u00cdCIAS\"],\"inLanguage\":\"pt-BR\",\"potentialAction\":[{\"@type\":\"CommentAction\",\"name\":\"Comment\",\"target\":[\"https:\/\/uvbbrasil.com.br\/camara-de-primavera-do-leste-ms-reafirma-a-parceria-com-a-ager-para-fiscalizar-os-servicos-publicos\/#respond\"]}]},{\"@type\":\"WebPage\",\"@id\":\"https:\/\/uvbbrasil.com.br\/camara-de-primavera-do-leste-ms-reafirma-a-parceria-com-a-ager-para-fiscalizar-os-servicos-publicos\/\",\"url\":\"https:\/\/uvbbrasil.com.br\/camara-de-primavera-do-leste-ms-reafirma-a-parceria-com-a-ager-para-fiscalizar-os-servicos-publicos\/\",\"name\":\"C\u00e2mara de Primavera do Leste\/MS reafirma a parceria com a AGER para fiscalizar os servi\u00e7os p\u00fablicos - UVB Brasil\",\"isPartOf\":{\"@id\":\"https:\/\/uvbbrasil.com.br\/#website\"},\"primaryImageOfPage\":{\"@id\":\"https:\/\/uvbbrasil.com.br\/camara-de-primavera-do-leste-ms-reafirma-a-parceria-com-a-ager-para-fiscalizar-os-servicos-publicos\/#primaryimage\"},\"image\":{\"@id\":\"https:\/\/uvbbrasil.com.br\/camara-de-primavera-do-leste-ms-reafirma-a-parceria-com-a-ager-para-fiscalizar-os-servicos-publicos\/#primaryimage\"},\"thumbnailUrl\":\"https:\/\/uvbbrasil.com.br\/wp-content\/uploads\/2022\/12\/316952341_520777670084135_744040112021857878_n.jpg\",\"datePublished\":\"2022-12-14T13:19:24+00:00\",\"breadcrumb\":{\"@id\":\"https:\/\/uvbbrasil.com.br\/camara-de-primavera-do-leste-ms-reafirma-a-parceria-com-a-ager-para-fiscalizar-os-servicos-publicos\/#breadcrumb\"},\"inLanguage\":\"pt-BR\",\"potentialAction\":[{\"@type\":\"ReadAction\",\"target\":[\"https:\/\/uvbbrasil.com.br\/camara-de-primavera-do-leste-ms-reafirma-a-parceria-com-a-ager-para-fiscalizar-os-servicos-publicos\/\"]}]},{\"@type\":\"ImageObject\",\"inLanguage\":\"pt-BR\",\"@id\":\"https:\/\/uvbbrasil.com.br\/camara-de-primavera-do-leste-ms-reafirma-a-parceria-com-a-ager-para-fiscalizar-os-servicos-publicos\/#primaryimage\",\"url\":\"https:\/\/uvbbrasil.com.br\/wp-content\/uploads\/2022\/12\/316952341_520777670084135_744040112021857878_n.jpg\",\"contentUrl\":\"https:\/\/uvbbrasil.com.br\/wp-content\/uploads\/2022\/12\/316952341_520777670084135_744040112021857878_n.jpg\",\"width\":1440,\"height\":1080},{\"@type\":\"BreadcrumbList\",\"@id\":\"https:\/\/uvbbrasil.com.br\/camara-de-primavera-do-leste-ms-reafirma-a-parceria-com-a-ager-para-fiscalizar-os-servicos-publicos\/#breadcrumb\",\"itemListElement\":[{\"@type\":\"ListItem\",\"position\":1,\"name\":\"In\u00edcio\",\"item\":\"https:\/\/uvbbrasil.com.br\/\"},{\"@type\":\"ListItem\",\"position\":2,\"name\":\"C\u00e2mara de Primavera do Leste\/MS reafirma a parceria com a AGER para fiscalizar os servi\u00e7os p\u00fablicos\"}]},{\"@type\":\"WebSite\",\"@id\":\"https:\/\/uvbbrasil.com.br\/#website\",\"url\":\"https:\/\/uvbbrasil.com.br\/\",\"name\":\"UVB Brasil\",\"description\":\"Uni\u00e3o dos Vereadores do Brasil\",\"publisher\":{\"@id\":\"https:\/\/uvbbrasil.com.br\/#organization\"},\"potentialAction\":[{\"@type\":\"SearchAction\",\"target\":{\"@type\":\"EntryPoint\",\"urlTemplate\":\"https:\/\/uvbbrasil.com.br\/?s={search_term_string}\"},\"query-input\":{\"@type\":\"PropertyValueSpecification\",\"valueRequired\":true,\"valueName\":\"search_term_string\"}}],\"inLanguage\":\"pt-BR\"},{\"@type\":\"Organization\",\"@id\":\"https:\/\/uvbbrasil.com.br\/#organization\",\"name\":\"UVB Brasil\",\"url\":\"https:\/\/uvbbrasil.com.br\/\",\"logo\":{\"@type\":\"ImageObject\",\"inLanguage\":\"pt-BR\",\"@id\":\"https:\/\/uvbbrasil.com.br\/#\/schema\/logo\/image\/\",\"url\":\"https:\/\/uvbbrasil.com.br\/wp-content\/uploads\/2025\/01\/LOGO-UVB-2024-azul-1.jpg\",\"contentUrl\":\"https:\/\/uvbbrasil.com.br\/wp-content\/uploads\/2025\/01\/LOGO-UVB-2024-azul-1.jpg\",\"width\":600,\"height\":211,\"caption\":\"UVB Brasil\"},\"image\":{\"@id\":\"https:\/\/uvbbrasil.com.br\/#\/schema\/logo\/image\/\"},\"sameAs\":[\"https:\/\/www.facebook.com\/uvb.vereadoresbrasil\",\"https:\/\/www.instagram.com\/uvbbrasil\/\",\"https:\/\/www.youtube.com\/channel\/UCIlPQ8Xzw5GHNzosQIg9S5A\"]},{\"@type\":\"Person\",\"@id\":\"https:\/\/uvbbrasil.com.br\/#\/schema\/person\/17990098446c098f52effddff4f1b272\",\"name\":\"adminuvb\",\"image\":{\"@type\":\"ImageObject\",\"inLanguage\":\"pt-BR\",\"@id\":\"https:\/\/uvbbrasil.com.br\/#\/schema\/person\/image\/\",\"url\":\"https:\/\/secure.gravatar.com\/avatar\/1a494ea6f8e2dd1ae526e55b0e9497efdba542491e0620d704cccf63c6f77c45?s=96&d=mm&r=g\",\"contentUrl\":\"https:\/\/secure.gravatar.com\/avatar\/1a494ea6f8e2dd1ae526e55b0e9497efdba542491e0620d704cccf63c6f77c45?s=96&d=mm&r=g\",\"caption\":\"adminuvb\"},\"sameAs\":[\"https:\/\/uvbbrasil.com.br\"],\"url\":\"https:\/\/uvbbrasil.com.br\/author\/adminuvb\/\"}]}<\/script>\n<!-- \/ Yoast SEO plugin. -->","yoast_head_json":{"title":"C\u00e2mara de Primavera do Leste\/MS reafirma a parceria com a AGER para fiscalizar os servi\u00e7os p\u00fablicos - UVB Brasil","robots":{"index":"index","follow":"follow","max-snippet":"max-snippet:-1","max-image-preview":"max-image-preview:large","max-video-preview":"max-video-preview:-1"},"canonical":"https:\/\/uvbbrasil.com.br\/camara-de-primavera-do-leste-ms-reafirma-a-parceria-com-a-ager-para-fiscalizar-os-servicos-publicos\/","og_locale":"pt_BR","og_type":"article","og_title":"C\u00e2mara de Primavera do Leste\/MS reafirma a parceria com a AGER para fiscalizar os servi\u00e7os p\u00fablicos - UVB Brasil","og_description":"Primavera do Leste\/MS- No dia de ontem, 07, na Sala da Presid\u00eancia ocorreu uma reuni\u00e3o com Presidente da Casa, Manoel...","og_url":"https:\/\/uvbbrasil.com.br\/camara-de-primavera-do-leste-ms-reafirma-a-parceria-com-a-ager-para-fiscalizar-os-servicos-publicos\/","og_site_name":"UVB Brasil","article_publisher":"https:\/\/www.facebook.com\/uvb.vereadoresbrasil","article_published_time":"2022-12-14T13:19:24+00:00","og_image":[{"width":1440,"height":1080,"url":"https:\/\/uvbbrasil.com.br\/wp-content\/uploads\/2022\/12\/316952341_520777670084135_744040112021857878_n.jpg","type":"image\/jpeg"}],"author":"adminuvb","twitter_card":"summary_large_image","twitter_misc":{"Escrito por":"adminuvb","Est. tempo de leitura":"1 minuto"},"schema":{"@context":"https:\/\/schema.org","@graph":[{"@type":"Article","@id":"https:\/\/uvbbrasil.com.br\/camara-de-primavera-do-leste-ms-reafirma-a-parceria-com-a-ager-para-fiscalizar-os-servicos-publicos\/#article","isPartOf":{"@id":"https:\/\/uvbbrasil.com.br\/camara-de-primavera-do-leste-ms-reafirma-a-parceria-com-a-ager-para-fiscalizar-os-servicos-publicos\/"},"author":{"name":"adminuvb","@id":"https:\/\/uvbbrasil.com.br\/#\/schema\/person\/17990098446c098f52effddff4f1b272"},"headline":"C\u00e2mara de Primavera do Leste\/MS reafirma a parceria com a AGER para fiscalizar os servi\u00e7os p\u00fablicos","datePublished":"2022-12-14T13:19:24+00:00","mainEntityOfPage":{"@id":"https:\/\/uvbbrasil.com.br\/camara-de-primavera-do-leste-ms-reafirma-a-parceria-com-a-ager-para-fiscalizar-os-servicos-publicos\/"},"wordCount":214,"commentCount":0,"publisher":{"@id":"https:\/\/uvbbrasil.com.br\/#organization"},"image":{"@id":"https:\/\/uvbbrasil.com.br\/camara-de-primavera-do-leste-ms-reafirma-a-parceria-com-a-ager-para-fiscalizar-os-servicos-publicos\/#primaryimage"},"thumbnailUrl":"https:\/\/uvbbrasil.com.br\/wp-content\/uploads\/2022\/12\/316952341_520777670084135_744040112021857878_n.jpg","articleSection":["NOT\u00cdCIAS"],"inLanguage":"pt-BR","potentialAction":[{"@type":"CommentAction","name":"Comment","target":["https:\/\/uvbbrasil.com.br\/camara-de-primavera-do-leste-ms-reafirma-a-parceria-com-a-ager-para-fiscalizar-os-servicos-publicos\/#respond"]}]},{"@type":"WebPage","@id":"https:\/\/uvbbrasil.com.br\/camara-de-primavera-do-leste-ms-reafirma-a-parceria-com-a-ager-para-fiscalizar-os-servicos-publicos\/","url":"https:\/\/uvbbrasil.com.br\/camara-de-primavera-do-leste-ms-reafirma-a-parceria-com-a-ager-para-fiscalizar-os-servicos-publicos\/","name":"C\u00e2mara de Primavera do Leste\/MS reafirma a parceria com a AGER para fiscalizar os servi\u00e7os p\u00fablicos - UVB Brasil","isPartOf":{"@id":"https:\/\/uvbbrasil.com.br\/#website"},"primaryImageOfPage":{"@id":"https:\/\/uvbbrasil.com.br\/camara-de-primavera-do-leste-ms-reafirma-a-parceria-com-a-ager-para-fiscalizar-os-servicos-publicos\/#primaryimage"},"image":{"@id":"https:\/\/uvbbrasil.com.br\/camara-de-primavera-do-leste-ms-reafirma-a-parceria-com-a-ager-para-fiscalizar-os-servicos-publicos\/#primaryimage"},"thumbnailUrl":"https:\/\/uvbbrasil.com.br\/wp-content\/uploads\/2022\/12\/316952341_520777670084135_744040112021857878_n.jpg","datePublished":"2022-12-14T13:19:24+00:00","breadcrumb":{"@id":"https:\/\/uvbbrasil.com.br\/camara-de-primavera-do-leste-ms-reafirma-a-parceria-com-a-ager-para-fiscalizar-os-servicos-publicos\/#breadcrumb"},"inLanguage":"pt-BR","potentialAction":[{"@type":"ReadAction","target":["https:\/\/uvbbrasil.com.br\/camara-de-primavera-do-leste-ms-reafirma-a-parceria-com-a-ager-para-fiscalizar-os-servicos-publicos\/"]}]},{"@type":"ImageObject","inLanguage":"pt-BR","@id":"https:\/\/uvbbrasil.com.br\/camara-de-primavera-do-leste-ms-reafirma-a-parceria-com-a-ager-para-fiscalizar-os-servicos-publicos\/#primaryimage","url":"https:\/\/uvbbrasil.com.br\/wp-content\/uploads\/2022\/12\/316952341_520777670084135_744040112021857878_n.jpg","contentUrl":"https:\/\/uvbbrasil.com.br\/wp-content\/uploads\/2022\/12\/316952341_520777670084135_744040112021857878_n.jpg","width":1440,"height":1080},{"@type":"BreadcrumbList","@id":"https:\/\/uvbbrasil.com.br\/camara-de-primavera-do-leste-ms-reafirma-a-parceria-com-a-ager-para-fiscalizar-os-servicos-publicos\/#breadcrumb","itemListElement":[{"@type":"ListItem","position":1,"name":"In\u00edcio","item":"https:\/\/uvbbrasil.com.br\/"},{"@type":"ListItem","position":2,"name":"C\u00e2mara de Primavera do Leste\/MS reafirma a parceria com a AGER para fiscalizar os servi\u00e7os p\u00fablicos"}]},{"@type":"WebSite","@id":"https:\/\/uvbbrasil.com.br\/#website","url":"https:\/\/uvbbrasil.com.br\/","name":"UVB Brasil","description":"Uni\u00e3o dos Vereadores do Brasil","publisher":{"@id":"https:\/\/uvbbrasil.com.br\/#organization"},"potentialAction":[{"@type":"SearchAction","target":{"@type":"EntryPoint","urlTemplate":"https:\/\/uvbbrasil.com.br\/?s={search_term_string}"},"query-input":{"@type":"PropertyValueSpecification","valueRequired":true,"valueName":"search_term_string"}}],"inLanguage":"pt-BR"},{"@type":"Organization","@id":"https:\/\/uvbbrasil.com.br\/#organization","name":"UVB Brasil","url":"https:\/\/uvbbrasil.com.br\/","logo":{"@type":"ImageObject","inLanguage":"pt-BR","@id":"https:\/\/uvbbrasil.com.br\/#\/schema\/logo\/image\/","url":"https:\/\/uvbbrasil.com.br\/wp-content\/uploads\/2025\/01\/LOGO-UVB-2024-azul-1.jpg","contentUrl":"https:\/\/uvbbrasil.com.br\/wp-content\/uploads\/2025\/01\/LOGO-UVB-2024-azul-1.jpg","width":600,"height":211,"caption":"UVB Brasil"},"image":{"@id":"https:\/\/uvbbrasil.com.br\/#\/schema\/logo\/image\/"},"sameAs":["https:\/\/www.facebook.com\/uvb.vereadoresbrasil","https:\/\/www.instagram.com\/uvbbrasil\/","https:\/\/www.youtube.com\/channel\/UCIlPQ8Xzw5GHNzosQIg9S5A"]},{"@type":"Person","@id":"https:\/\/uvbbrasil.com.br\/#\/schema\/person\/17990098446c098f52effddff4f1b272","name":"adminuvb","image":{"@type":"ImageObject","inLanguage":"pt-BR","@id":"https:\/\/uvbbrasil.com.br\/#\/schema\/person\/image\/","url":"https:\/\/secure.gravatar.com\/avatar\/1a494ea6f8e2dd1ae526e55b0e9497efdba542491e0620d704cccf63c6f77c45?s=96&d=mm&r=g","contentUrl":"https:\/\/secure.gravatar.com\/avatar\/1a494ea6f8e2dd1ae526e55b0e9497efdba542491e0620d704cccf63c6f77c45?s=96&d=mm&r=g","caption":"adminuvb"},"sameAs":["https:\/\/uvbbrasil.com.br"],"url":"https:\/\/uvbbrasil.com.br\/author\/adminuvb\/"}]}},"_links":{"self":[{"href":"https:\/\/uvbbrasil.com.br\/uvb-json\/wp\/v2\/posts\/27909","targetHints":{"allow":["GET"]}}],"collection":[{"href":"https:\/\/uvbbrasil.com.br\/uvb-json\/wp\/v2\/posts"}],"about":[{"href":"https:\/\/uvbbrasil.com.br\/uvb-json\/wp\/v2\/types\/post"}],"author":[{"embeddable":true,"href":"https:\/\/uvbbrasil.com.br\/uvb-json\/wp\/v2\/users\/1"}],"replies":[{"embeddable":true,"href":"https:\/\/uvbbrasil.com.br\/uvb-json\/wp\/v2\/comments?post=27909"}],"version-history":[{"count":0,"href":"https:\/\/uvbbrasil.com.br\/uvb-json\/wp\/v2\/posts\/27909\/revisions"}],"wp:featuredmedia":[{"embeddable":true,"href":"https:\/\/uvbbrasil.com.br\/uvb-json\/wp\/v2\/media\/27910"}],"wp:attachment":[{"href":"https:\/\/uvbbrasil.com.br\/uvb-json\/wp\/v2\/media?parent=27909"}],"wp:term":[{"taxonomy":"category","embeddable":true,"href":"https:\/\/uvbbrasil.com.br\/uvb-json\/wp\/v2\/categories?post=27909"},{"taxonomy":"post_tag","embeddable":true,"href":"https:\/\/uvbbrasil.com.br\/uvb-json\/wp\/v2\/tags?post=27909"}],"curies":[{"name":"wp","href":"https:\/\/api.w.org\/{rel}","templated":true}]}}