{"id":27905,"date":"2022-12-13T14:45:59","date_gmt":"2022-12-13T17:45:59","guid":{"rendered":"https:\/\/wpsandbox4.pante.com.br\/?p=27905"},"modified":"2022-12-13T14:45:59","modified_gmt":"2022-12-13T17:45:59","slug":"confira-a-programacao-do-encontro-de-legislativos-em-porto-alegre-rs","status":"publish","type":"post","link":"https:\/\/uvbbrasil.com.br\/confira-a-programacao-do-encontro-de-legislativos-em-porto-alegre-rs\/","title":{"rendered":"Confira a programa\u00e7\u00e3o do Encontro de Legislativos em Porto Alegre\/RS"},"content":{"rendered":"<header>\n<p class=\"entry-title\"><span style=\"color: #666666; font-family: 'Open Sans', sans-serif; font-size: 16px;\">Para o encerramento das atividades legislativas de 2022 a UVB preparou o Encontro Nacional de Legislativos e Gestores Municipais, na capital Ga\u00facha, no per\u00edodo de 13 a 16 de dezembro. O evento ser\u00e1 realizado no\u00a0\u00a0Audit\u00f3rio da SINDILOJAS<\/span><span style=\"color: #666666; font-family: 'Open Sans', sans-serif; font-size: 16px;\">(09 \u00ba Andar, Rua dos Andradas, 1234, <\/span><span style=\"color: #666666; font-family: 'Open Sans', sans-serif; font-size: 16px;\">\u00a0Centro).<\/span><\/p>\n<\/header>\n<div class=\"elements-box\">\n<p>Confira a abaixo a programa\u00e7\u00e3o:<\/p>\n<p>&nbsp;<\/p>\n<p><b>Programa\u00e7\u00e3o*<\/b><\/p>\n<p><em><strong>DIA 13\/12 \u2013 TER\u00c7A \u2013 FEIRA<\/strong><\/em><\/p>\n<p><strong>15h as 17h \u2013 Credenciamento e retirada de material<\/strong><\/p>\n<p><em><strong>DIA 14\/12 \u2013 QUARTA \u2013 FEIRA<\/strong><\/em><\/p>\n<p><strong>08h30 \u2013 Recep\u00e7\u00e3o<\/strong><\/p>\n<p><strong>09h \u2013<\/strong><strong>\u00a0Efici\u00eancia no Mandato e as fun\u00e7\u00f5es de Legislar e Fiscalizar<\/strong><\/p>\n<p>Andr\u00e9 Camillo \u2013 \u00a0Advogado e Consultor Jur\u00eddico da UVB<\/p>\n<p><strong>11h \u2013 O Desenvolvimento Econ\u00f4mico e o Crescimento do Estado e das Cidades<\/strong><\/p>\n<p>Joel Maraschin \u2013 Secret\u00e1rio Estadual do Desenvolvimento Econ\u00f4mico<\/p>\n<p><strong>12h \u2013 Intervalo para o almo\u00e7o<\/strong><\/p>\n<p><strong>14h30 as 17h \u2013 Consultoria sobre a Lei Geral de Dados e a Nova Lei da Improbidade administrativa<\/strong><\/p>\n<p><em><strong>DIA 15\/12 \u2013 QUINTA \u2013 FEIRA<\/strong><\/em><\/p>\n<p><strong>10h \u2013 Entrega de Diplomas de Posse para a nova diretoria da UVB pela comiss\u00e3o eleitoral<\/strong><\/p>\n<p><b>11h \u2013\u00a0<\/b><strong>\u00a0Vereador Protagonista e apresenta\u00e7\u00e3o do Projeto Educa\u00e7\u00e3o Legislativa e Cidadania<\/strong><\/p>\n<p>Gilson Conzatti, presidente da UVB<\/p>\n<p><strong>12h \u2013 Intervalo para o almo\u00e7o<\/strong><\/p>\n<p><strong>14h<\/strong><b>\u00a0\u2013 Comunica\u00e7\u00e3o Pol\u00edtica e Relacionamento com a M\u00eddia<\/b><\/p>\n<p>Egui Baldasso \u2013 Jornalista \u00a0\u2022 Escritor \u2022 Palestrante \u2022 Celebrante 3 livros publicados<\/p>\n<p><strong>17h \u2013 Encerramento<\/strong><\/p>\n<p><strong>DIA 16\/12 \u2013 SEXTA \u2013 FEIRA<\/strong><\/p>\n<p><strong>9h \u2013 A Nova Lei das Licita\u00e7\u00f5es e a Rela\u00e7\u00e3o do Tribunal de Contas com as C\u00e2maras Municipais<\/strong><\/p>\n<p>Andr\u00e9 Camillo \u2013 \u00a0Advogado e Consultor Jur\u00eddico da UVB<\/p>\n<p><strong>12h \u2013 Encerramento<\/strong><\/p>\n<p>&nbsp;<\/p>\n<p><strong>*Programa\u00e7\u00e3o sujeita a altera\u00e7\u00f5es sem aviso pr\u00e9vio<\/strong><\/p>\n<p><em><strong>Vagas Limitadas: capacidade 80 participantes<\/strong><\/em><\/p>\n<p><em><b>Informa\u00e7\u00f5es: 55 996449022 \u2013 com Ferna<\/b><\/em><em><b>ndo<\/b><\/em><\/p>\n<p><em><strong>Certificados:<\/strong>\u00a0<strong>Participa\u00e7\u00e3o m\u00ednima de 75% de frequ\u00eancia<\/strong><\/em><\/p>\n<p><img fetchpriority=\"high\" decoding=\"async\" class=\"alignnone size-medium wp-image-27375\" src=\"https:\/\/uvbbrasil.com.br\/wp-content\/uploads\/2022\/10\/WhatsApp-Image-2022-10-10-at-18.46.15-1-300x300.jpeg\" alt=\"\" width=\"300\" height=\"300\" srcset=\"https:\/\/uvbbrasil.com.br\/wp-content\/uploads\/2022\/10\/WhatsApp-Image-2022-10-10-at-18.46.15-1-300x300.jpeg 300w, https:\/\/uvbbrasil.com.br\/wp-content\/uploads\/2022\/10\/WhatsApp-Image-2022-10-10-at-18.46.15-1-150x150.jpeg 150w, https:\/\/uvbbrasil.com.br\/wp-content\/uploads\/2022\/10\/WhatsApp-Image-2022-10-10-at-18.46.15-1-768x768.jpeg 768w, https:\/\/uvbbrasil.com.br\/wp-content\/uploads\/2022\/10\/WhatsApp-Image-2022-10-10-at-18.46.15-1.jpeg 800w\" sizes=\"(max-width: 300px) 100vw, 300px\" \/><\/p>\n<\/div>\n","protected":false},"excerpt":{"rendered":"<p>Para o encerramento das atividades legislativas de 2022 a UVB preparou o Encontro Nacional de Legislativos e Gestores Municipais, na&#8230;<\/p>\n","protected":false},"author":1,"featured_media":27372,"comment_status":"open","ping_status":"open","sticky":false,"template":"","format":"standard","meta":{"footnotes":""},"categories":[3,4],"tags":[],"class_list":["post-27905","post","type-post","status-publish","format-standard","has-post-thumbnail","hentry","category-noticias","category-home"],"yoast_head":"<!-- This site is optimized with the Yoast SEO plugin v26.7 - https:\/\/yoast.com\/wordpress\/plugins\/seo\/ -->\n<title>Confira a programa\u00e7\u00e3o do Encontro de Legislativos em Porto Alegre\/RS - UVB Brasil<\/title>\n<meta name=\"robots\" content=\"index, follow, max-snippet:-1, max-image-preview:large, max-video-preview:-1\" \/>\n<link rel=\"canonical\" href=\"https:\/\/uvbbrasil.com.br\/confira-a-programacao-do-encontro-de-legislativos-em-porto-alegre-rs\/\" \/>\n<meta property=\"og:locale\" content=\"pt_BR\" \/>\n<meta property=\"og:type\" content=\"article\" \/>\n<meta property=\"og:title\" content=\"Confira a programa\u00e7\u00e3o do Encontro de Legislativos em Porto Alegre\/RS - UVB Brasil\" \/>\n<meta property=\"og:description\" content=\"Para o encerramento das atividades legislativas de 2022 a UVB preparou o Encontro Nacional de Legislativos e Gestores Municipais, na...\" \/>\n<meta property=\"og:url\" content=\"https:\/\/uvbbrasil.com.br\/confira-a-programacao-do-encontro-de-legislativos-em-porto-alegre-rs\/\" \/>\n<meta property=\"og:site_name\" content=\"UVB Brasil\" \/>\n<meta property=\"article:publisher\" content=\"https:\/\/www.facebook.com\/uvb.vereadoresbrasil\" \/>\n<meta property=\"article:published_time\" content=\"2022-12-13T17:45:59+00:00\" \/>\n<meta property=\"og:image\" content=\"https:\/\/uvbbrasil.com.br\/wp-content\/uploads\/2022\/01\/WhatsApp-Image-2022-10-10-at-18.46.15-1.jpeg\" \/>\n\t<meta property=\"og:image:width\" content=\"800\" \/>\n\t<meta property=\"og:image:height\" content=\"800\" \/>\n\t<meta property=\"og:image:type\" content=\"image\/jpeg\" \/>\n<meta name=\"author\" content=\"adminuvb\" \/>\n<meta name=\"twitter:card\" content=\"summary_large_image\" \/>\n<meta name=\"twitter:label1\" content=\"Escrito por\" \/>\n\t<meta name=\"twitter:data1\" content=\"adminuvb\" \/>\n\t<meta name=\"twitter:label2\" content=\"Est. tempo de leitura\" \/>\n\t<meta name=\"twitter:data2\" content=\"2 minutos\" \/>\n<script type=\"application\/ld+json\" class=\"yoast-schema-graph\">{\"@context\":\"https:\/\/schema.org\",\"@graph\":[{\"@type\":\"Article\",\"@id\":\"https:\/\/uvbbrasil.com.br\/confira-a-programacao-do-encontro-de-legislativos-em-porto-alegre-rs\/#article\",\"isPartOf\":{\"@id\":\"https:\/\/uvbbrasil.com.br\/confira-a-programacao-do-encontro-de-legislativos-em-porto-alegre-rs\/\"},\"author\":{\"name\":\"adminuvb\",\"@id\":\"https:\/\/uvbbrasil.com.br\/#\/schema\/person\/17990098446c098f52effddff4f1b272\"},\"headline\":\"Confira a programa\u00e7\u00e3o do Encontro de Legislativos em Porto Alegre\/RS\",\"datePublished\":\"2022-12-13T17:45:59+00:00\",\"mainEntityOfPage\":{\"@id\":\"https:\/\/uvbbrasil.com.br\/confira-a-programacao-do-encontro-de-legislativos-em-porto-alegre-rs\/\"},\"wordCount\":276,\"commentCount\":0,\"publisher\":{\"@id\":\"https:\/\/uvbbrasil.com.br\/#organization\"},\"image\":{\"@id\":\"https:\/\/uvbbrasil.com.br\/confira-a-programacao-do-encontro-de-legislativos-em-porto-alegre-rs\/#primaryimage\"},\"thumbnailUrl\":\"https:\/\/uvbbrasil.com.br\/wp-content\/uploads\/2022\/01\/WhatsApp-Image-2022-10-10-at-18.46.15-1.jpeg\",\"articleSection\":[\"NOT\u00cdCIAS\",\"UVB\"],\"inLanguage\":\"pt-BR\",\"potentialAction\":[{\"@type\":\"CommentAction\",\"name\":\"Comment\",\"target\":[\"https:\/\/uvbbrasil.com.br\/confira-a-programacao-do-encontro-de-legislativos-em-porto-alegre-rs\/#respond\"]}]},{\"@type\":\"WebPage\",\"@id\":\"https:\/\/uvbbrasil.com.br\/confira-a-programacao-do-encontro-de-legislativos-em-porto-alegre-rs\/\",\"url\":\"https:\/\/uvbbrasil.com.br\/confira-a-programacao-do-encontro-de-legislativos-em-porto-alegre-rs\/\",\"name\":\"Confira a programa\u00e7\u00e3o do Encontro de Legislativos em Porto Alegre\/RS - UVB Brasil\",\"isPartOf\":{\"@id\":\"https:\/\/uvbbrasil.com.br\/#website\"},\"primaryImageOfPage\":{\"@id\":\"https:\/\/uvbbrasil.com.br\/confira-a-programacao-do-encontro-de-legislativos-em-porto-alegre-rs\/#primaryimage\"},\"image\":{\"@id\":\"https:\/\/uvbbrasil.com.br\/confira-a-programacao-do-encontro-de-legislativos-em-porto-alegre-rs\/#primaryimage\"},\"thumbnailUrl\":\"https:\/\/uvbbrasil.com.br\/wp-content\/uploads\/2022\/01\/WhatsApp-Image-2022-10-10-at-18.46.15-1.jpeg\",\"datePublished\":\"2022-12-13T17:45:59+00:00\",\"breadcrumb\":{\"@id\":\"https:\/\/uvbbrasil.com.br\/confira-a-programacao-do-encontro-de-legislativos-em-porto-alegre-rs\/#breadcrumb\"},\"inLanguage\":\"pt-BR\",\"potentialAction\":[{\"@type\":\"ReadAction\",\"target\":[\"https:\/\/uvbbrasil.com.br\/confira-a-programacao-do-encontro-de-legislativos-em-porto-alegre-rs\/\"]}]},{\"@type\":\"ImageObject\",\"inLanguage\":\"pt-BR\",\"@id\":\"https:\/\/uvbbrasil.com.br\/confira-a-programacao-do-encontro-de-legislativos-em-porto-alegre-rs\/#primaryimage\",\"url\":\"https:\/\/uvbbrasil.com.br\/wp-content\/uploads\/2022\/01\/WhatsApp-Image-2022-10-10-at-18.46.15-1.jpeg\",\"contentUrl\":\"https:\/\/uvbbrasil.com.br\/wp-content\/uploads\/2022\/01\/WhatsApp-Image-2022-10-10-at-18.46.15-1.jpeg\",\"width\":800,\"height\":800},{\"@type\":\"BreadcrumbList\",\"@id\":\"https:\/\/uvbbrasil.com.br\/confira-a-programacao-do-encontro-de-legislativos-em-porto-alegre-rs\/#breadcrumb\",\"itemListElement\":[{\"@type\":\"ListItem\",\"position\":1,\"name\":\"In\u00edcio\",\"item\":\"https:\/\/uvbbrasil.com.br\/\"},{\"@type\":\"ListItem\",\"position\":2,\"name\":\"Confira a programa\u00e7\u00e3o do Encontro de Legislativos em Porto Alegre\/RS\"}]},{\"@type\":\"WebSite\",\"@id\":\"https:\/\/uvbbrasil.com.br\/#website\",\"url\":\"https:\/\/uvbbrasil.com.br\/\",\"name\":\"UVB Brasil\",\"description\":\"Uni\u00e3o dos Vereadores do Brasil\",\"publisher\":{\"@id\":\"https:\/\/uvbbrasil.com.br\/#organization\"},\"potentialAction\":[{\"@type\":\"SearchAction\",\"target\":{\"@type\":\"EntryPoint\",\"urlTemplate\":\"https:\/\/uvbbrasil.com.br\/?s={search_term_string}\"},\"query-input\":{\"@type\":\"PropertyValueSpecification\",\"valueRequired\":true,\"valueName\":\"search_term_string\"}}],\"inLanguage\":\"pt-BR\"},{\"@type\":\"Organization\",\"@id\":\"https:\/\/uvbbrasil.com.br\/#organization\",\"name\":\"UVB Brasil\",\"url\":\"https:\/\/uvbbrasil.com.br\/\",\"logo\":{\"@type\":\"ImageObject\",\"inLanguage\":\"pt-BR\",\"@id\":\"https:\/\/uvbbrasil.com.br\/#\/schema\/logo\/image\/\",\"url\":\"https:\/\/uvbbrasil.com.br\/wp-content\/uploads\/2025\/01\/LOGO-UVB-2024-azul-1.jpg\",\"contentUrl\":\"https:\/\/uvbbrasil.com.br\/wp-content\/uploads\/2025\/01\/LOGO-UVB-2024-azul-1.jpg\",\"width\":600,\"height\":211,\"caption\":\"UVB Brasil\"},\"image\":{\"@id\":\"https:\/\/uvbbrasil.com.br\/#\/schema\/logo\/image\/\"},\"sameAs\":[\"https:\/\/www.facebook.com\/uvb.vereadoresbrasil\",\"https:\/\/www.instagram.com\/uvbbrasil\/\",\"https:\/\/www.youtube.com\/channel\/UCIlPQ8Xzw5GHNzosQIg9S5A\"]},{\"@type\":\"Person\",\"@id\":\"https:\/\/uvbbrasil.com.br\/#\/schema\/person\/17990098446c098f52effddff4f1b272\",\"name\":\"adminuvb\",\"image\":{\"@type\":\"ImageObject\",\"inLanguage\":\"pt-BR\",\"@id\":\"https:\/\/uvbbrasil.com.br\/#\/schema\/person\/image\/\",\"url\":\"https:\/\/secure.gravatar.com\/avatar\/1a494ea6f8e2dd1ae526e55b0e9497efdba542491e0620d704cccf63c6f77c45?s=96&d=mm&r=g\",\"contentUrl\":\"https:\/\/secure.gravatar.com\/avatar\/1a494ea6f8e2dd1ae526e55b0e9497efdba542491e0620d704cccf63c6f77c45?s=96&d=mm&r=g\",\"caption\":\"adminuvb\"},\"sameAs\":[\"https:\/\/uvbbrasil.com.br\"],\"url\":\"https:\/\/uvbbrasil.com.br\/author\/adminuvb\/\"}]}<\/script>\n<!-- \/ Yoast SEO plugin. -->","yoast_head_json":{"title":"Confira a programa\u00e7\u00e3o do Encontro de Legislativos em Porto Alegre\/RS - UVB Brasil","robots":{"index":"index","follow":"follow","max-snippet":"max-snippet:-1","max-image-preview":"max-image-preview:large","max-video-preview":"max-video-preview:-1"},"canonical":"https:\/\/uvbbrasil.com.br\/confira-a-programacao-do-encontro-de-legislativos-em-porto-alegre-rs\/","og_locale":"pt_BR","og_type":"article","og_title":"Confira a programa\u00e7\u00e3o do Encontro de Legislativos em Porto Alegre\/RS - UVB Brasil","og_description":"Para o encerramento das atividades legislativas de 2022 a UVB preparou o Encontro Nacional de Legislativos e Gestores Municipais, na...","og_url":"https:\/\/uvbbrasil.com.br\/confira-a-programacao-do-encontro-de-legislativos-em-porto-alegre-rs\/","og_site_name":"UVB Brasil","article_publisher":"https:\/\/www.facebook.com\/uvb.vereadoresbrasil","article_published_time":"2022-12-13T17:45:59+00:00","og_image":[{"width":800,"height":800,"url":"https:\/\/uvbbrasil.com.br\/wp-content\/uploads\/2022\/01\/WhatsApp-Image-2022-10-10-at-18.46.15-1.jpeg","type":"image\/jpeg"}],"author":"adminuvb","twitter_card":"summary_large_image","twitter_misc":{"Escrito por":"adminuvb","Est. tempo de leitura":"2 minutos"},"schema":{"@context":"https:\/\/schema.org","@graph":[{"@type":"Article","@id":"https:\/\/uvbbrasil.com.br\/confira-a-programacao-do-encontro-de-legislativos-em-porto-alegre-rs\/#article","isPartOf":{"@id":"https:\/\/uvbbrasil.com.br\/confira-a-programacao-do-encontro-de-legislativos-em-porto-alegre-rs\/"},"author":{"name":"adminuvb","@id":"https:\/\/uvbbrasil.com.br\/#\/schema\/person\/17990098446c098f52effddff4f1b272"},"headline":"Confira a programa\u00e7\u00e3o do Encontro de Legislativos em Porto Alegre\/RS","datePublished":"2022-12-13T17:45:59+00:00","mainEntityOfPage":{"@id":"https:\/\/uvbbrasil.com.br\/confira-a-programacao-do-encontro-de-legislativos-em-porto-alegre-rs\/"},"wordCount":276,"commentCount":0,"publisher":{"@id":"https:\/\/uvbbrasil.com.br\/#organization"},"image":{"@id":"https:\/\/uvbbrasil.com.br\/confira-a-programacao-do-encontro-de-legislativos-em-porto-alegre-rs\/#primaryimage"},"thumbnailUrl":"https:\/\/uvbbrasil.com.br\/wp-content\/uploads\/2022\/01\/WhatsApp-Image-2022-10-10-at-18.46.15-1.jpeg","articleSection":["NOT\u00cdCIAS","UVB"],"inLanguage":"pt-BR","potentialAction":[{"@type":"CommentAction","name":"Comment","target":["https:\/\/uvbbrasil.com.br\/confira-a-programacao-do-encontro-de-legislativos-em-porto-alegre-rs\/#respond"]}]},{"@type":"WebPage","@id":"https:\/\/uvbbrasil.com.br\/confira-a-programacao-do-encontro-de-legislativos-em-porto-alegre-rs\/","url":"https:\/\/uvbbrasil.com.br\/confira-a-programacao-do-encontro-de-legislativos-em-porto-alegre-rs\/","name":"Confira a programa\u00e7\u00e3o do Encontro de Legislativos em Porto Alegre\/RS - UVB Brasil","isPartOf":{"@id":"https:\/\/uvbbrasil.com.br\/#website"},"primaryImageOfPage":{"@id":"https:\/\/uvbbrasil.com.br\/confira-a-programacao-do-encontro-de-legislativos-em-porto-alegre-rs\/#primaryimage"},"image":{"@id":"https:\/\/uvbbrasil.com.br\/confira-a-programacao-do-encontro-de-legislativos-em-porto-alegre-rs\/#primaryimage"},"thumbnailUrl":"https:\/\/uvbbrasil.com.br\/wp-content\/uploads\/2022\/01\/WhatsApp-Image-2022-10-10-at-18.46.15-1.jpeg","datePublished":"2022-12-13T17:45:59+00:00","breadcrumb":{"@id":"https:\/\/uvbbrasil.com.br\/confira-a-programacao-do-encontro-de-legislativos-em-porto-alegre-rs\/#breadcrumb"},"inLanguage":"pt-BR","potentialAction":[{"@type":"ReadAction","target":["https:\/\/uvbbrasil.com.br\/confira-a-programacao-do-encontro-de-legislativos-em-porto-alegre-rs\/"]}]},{"@type":"ImageObject","inLanguage":"pt-BR","@id":"https:\/\/uvbbrasil.com.br\/confira-a-programacao-do-encontro-de-legislativos-em-porto-alegre-rs\/#primaryimage","url":"https:\/\/uvbbrasil.com.br\/wp-content\/uploads\/2022\/01\/WhatsApp-Image-2022-10-10-at-18.46.15-1.jpeg","contentUrl":"https:\/\/uvbbrasil.com.br\/wp-content\/uploads\/2022\/01\/WhatsApp-Image-2022-10-10-at-18.46.15-1.jpeg","width":800,"height":800},{"@type":"BreadcrumbList","@id":"https:\/\/uvbbrasil.com.br\/confira-a-programacao-do-encontro-de-legislativos-em-porto-alegre-rs\/#breadcrumb","itemListElement":[{"@type":"ListItem","position":1,"name":"In\u00edcio","item":"https:\/\/uvbbrasil.com.br\/"},{"@type":"ListItem","position":2,"name":"Confira a programa\u00e7\u00e3o do Encontro de Legislativos em Porto Alegre\/RS"}]},{"@type":"WebSite","@id":"https:\/\/uvbbrasil.com.br\/#website","url":"https:\/\/uvbbrasil.com.br\/","name":"UVB Brasil","description":"Uni\u00e3o dos Vereadores do Brasil","publisher":{"@id":"https:\/\/uvbbrasil.com.br\/#organization"},"potentialAction":[{"@type":"SearchAction","target":{"@type":"EntryPoint","urlTemplate":"https:\/\/uvbbrasil.com.br\/?s={search_term_string}"},"query-input":{"@type":"PropertyValueSpecification","valueRequired":true,"valueName":"search_term_string"}}],"inLanguage":"pt-BR"},{"@type":"Organization","@id":"https:\/\/uvbbrasil.com.br\/#organization","name":"UVB Brasil","url":"https:\/\/uvbbrasil.com.br\/","logo":{"@type":"ImageObject","inLanguage":"pt-BR","@id":"https:\/\/uvbbrasil.com.br\/#\/schema\/logo\/image\/","url":"https:\/\/uvbbrasil.com.br\/wp-content\/uploads\/2025\/01\/LOGO-UVB-2024-azul-1.jpg","contentUrl":"https:\/\/uvbbrasil.com.br\/wp-content\/uploads\/2025\/01\/LOGO-UVB-2024-azul-1.jpg","width":600,"height":211,"caption":"UVB Brasil"},"image":{"@id":"https:\/\/uvbbrasil.com.br\/#\/schema\/logo\/image\/"},"sameAs":["https:\/\/www.facebook.com\/uvb.vereadoresbrasil","https:\/\/www.instagram.com\/uvbbrasil\/","https:\/\/www.youtube.com\/channel\/UCIlPQ8Xzw5GHNzosQIg9S5A"]},{"@type":"Person","@id":"https:\/\/uvbbrasil.com.br\/#\/schema\/person\/17990098446c098f52effddff4f1b272","name":"adminuvb","image":{"@type":"ImageObject","inLanguage":"pt-BR","@id":"https:\/\/uvbbrasil.com.br\/#\/schema\/person\/image\/","url":"https:\/\/secure.gravatar.com\/avatar\/1a494ea6f8e2dd1ae526e55b0e9497efdba542491e0620d704cccf63c6f77c45?s=96&d=mm&r=g","contentUrl":"https:\/\/secure.gravatar.com\/avatar\/1a494ea6f8e2dd1ae526e55b0e9497efdba542491e0620d704cccf63c6f77c45?s=96&d=mm&r=g","caption":"adminuvb"},"sameAs":["https:\/\/uvbbrasil.com.br"],"url":"https:\/\/uvbbrasil.com.br\/author\/adminuvb\/"}]}},"_links":{"self":[{"href":"https:\/\/uvbbrasil.com.br\/uvb-json\/wp\/v2\/posts\/27905","targetHints":{"allow":["GET"]}}],"collection":[{"href":"https:\/\/uvbbrasil.com.br\/uvb-json\/wp\/v2\/posts"}],"about":[{"href":"https:\/\/uvbbrasil.com.br\/uvb-json\/wp\/v2\/types\/post"}],"author":[{"embeddable":true,"href":"https:\/\/uvbbrasil.com.br\/uvb-json\/wp\/v2\/users\/1"}],"replies":[{"embeddable":true,"href":"https:\/\/uvbbrasil.com.br\/uvb-json\/wp\/v2\/comments?post=27905"}],"version-history":[{"count":0,"href":"https:\/\/uvbbrasil.com.br\/uvb-json\/wp\/v2\/posts\/27905\/revisions"}],"wp:featuredmedia":[{"embeddable":true,"href":"https:\/\/uvbbrasil.com.br\/uvb-json\/wp\/v2\/media\/27372"}],"wp:attachment":[{"href":"https:\/\/uvbbrasil.com.br\/uvb-json\/wp\/v2\/media?parent=27905"}],"wp:term":[{"taxonomy":"category","embeddable":true,"href":"https:\/\/uvbbrasil.com.br\/uvb-json\/wp\/v2\/categories?post=27905"},{"taxonomy":"post_tag","embeddable":true,"href":"https:\/\/uvbbrasil.com.br\/uvb-json\/wp\/v2\/tags?post=27905"}],"curies":[{"name":"wp","href":"https:\/\/api.w.org\/{rel}","templated":true}]}}