{"id":27896,"date":"2022-12-06T11:05:25","date_gmt":"2022-12-06T14:05:25","guid":{"rendered":"https:\/\/wpsandbox4.pante.com.br\/?p=27896"},"modified":"2022-12-06T11:05:25","modified_gmt":"2022-12-06T14:05:25","slug":"confira-a-programacao-do-congresso-da-uvb-e-uvepar-em-foz-do-iguacu-pr-2","status":"publish","type":"post","link":"https:\/\/uvbbrasil.com.br\/confira-a-programacao-do-congresso-da-uvb-e-uvepar-em-foz-do-iguacu-pr-2\/","title":{"rendered":"Confira a programa\u00e7\u00e3o do Congresso da UVB e UVEPAR em Foz do Igua\u00e7u\/PR"},"content":{"rendered":"<p>Congresso da UVB e UVEPAR em Foz do Igua\u00e7u\/PR, de 06 a 09 de dezembro de 2022.<\/p>\n<p>Confira a baixo a programa\u00e7\u00e3o:<\/p>\n<p><strong><u>Ter\u00e7a-feira (06\/12)<\/u><\/strong><\/p>\n<p>14h \u00e0s 17h-Credenciamento e entrega de material.<\/p>\n<p><strong><u>Quarta-feira (07\/12)<\/u><\/strong><\/p>\n<p><strong>9h <\/strong>\u00a0\u2013 Os atuais desafios da Lei de Improbidade- ap\u00f3s o advento da Lei 14.230\/2021- Paulo S\u00e9rgio Guedes, Advogado, Palestrante e Consultor Jur\u00eddico da UVEPAR<\/p>\n<p><strong>11h &#8211;<\/strong> Causa Animal- Coordenador da UVB Animal, Ubiratan Figueiredo- S\u00e3o Caetano do Sul\/SP<\/p>\n<p><strong>14h-Abertura oficial- <\/strong>na C\u00e2mara Municipal de Foz do Igua\u00e7u \u2013 Presidentes da C\u00e2mara Municipal de Foz do Igua\u00e7u, Ney Patr\u00edcio, da UVB, Gilson Conzatti, da UVEPAR, Frederico Freitag, Presidentes de C\u00e2maras Municipais de Vereadores , demais autoridades do Estado do Paran\u00e1.<\/p>\n<p><strong>15h \u2013 Palestra Magna-<\/strong><\/p>\n<p>\u201cCOMO LEGISLAR E FAZER A DIFEREN\u00c7A EM MUNIC\u00cdPIOS EM DESENVOLVIMENTO\u201d<strong>&#8211;<\/strong>Presidente da UVB, Vereador Gilson Conzatti.<\/p>\n<p><strong><u>Quinta-feira (08\/12)<\/u><\/strong><\/p>\n<p><strong>9h \u00e0s 12h \u2013 Visita institucional \u00e0 ITAIPU Binacional.<\/strong><\/p>\n<p>Consultoria- referente a Lei do Governo Digital, Lei Geral de prote\u00e7\u00e3o de dados e sobre direitos e deveres dos vereadores<\/p>\n<p><strong>14h- Mulheres na Pol\u00edtica- Coordena\u00e7\u00e3o Vereadora Olinda Fiorentin<\/strong><\/p>\n<p><strong>15h \u2013 O papel das Entidades de Representa\u00e7\u00e3o no Fortalecimento dos Mandatos Legislativos<\/strong>&#8211; Frederico Freitagg, presidente da UVEPAR<\/p>\n<p><strong>16h- Imunidade Parlamentar-<\/strong>Paulo S\u00e9rgio Guedes, Advogado, Palestrante e Consultor Jur\u00eddico da UVEPAR<\/p>\n<p><strong><u>Sexta-feira (09\/12)<\/u><\/strong><\/p>\n<p><strong>9h \u2013 \u201c GERAL DE PROTE\u00c7\u00c3O DE DADOS\u201d&#8211;<\/strong>Paulo S\u00e9rgio Guedes: Advogado, Palestrante e Consultor Jur\u00eddico da UVEPAR.<\/p>\n<p><strong>11h \u2013 Solenidade de encerramento.<\/strong><\/p>\n<p>&nbsp;<\/p>\n<p>&nbsp;<\/p>\n<p><img fetchpriority=\"high\" decoding=\"async\" class=\"alignnone size-medium wp-image-27491\" src=\"https:\/\/uvbbrasil.com.br\/wp-content\/uploads\/2022\/01\/WhatsApp-Image-2022-10-25-at-16.16.43-1-300x300.jpeg\" alt=\"\" width=\"300\" height=\"300\" srcset=\"https:\/\/uvbbrasil.com.br\/wp-content\/uploads\/2022\/01\/WhatsApp-Image-2022-10-25-at-16.16.43-1-300x300.jpeg 300w, https:\/\/uvbbrasil.com.br\/wp-content\/uploads\/2022\/01\/WhatsApp-Image-2022-10-25-at-16.16.43-1-1024x1024.jpeg 1024w, https:\/\/uvbbrasil.com.br\/wp-content\/uploads\/2022\/01\/WhatsApp-Image-2022-10-25-at-16.16.43-1-150x150.jpeg 150w, https:\/\/uvbbrasil.com.br\/wp-content\/uploads\/2022\/01\/WhatsApp-Image-2022-10-25-at-16.16.43-1-768x768.jpeg 768w, https:\/\/uvbbrasil.com.br\/wp-content\/uploads\/2022\/01\/WhatsApp-Image-2022-10-25-at-16.16.43-1.jpeg 1280w\" sizes=\"(max-width: 300px) 100vw, 300px\" \/><\/p>\n","protected":false},"excerpt":{"rendered":"<p>Congresso da UVB e UVEPAR em Foz do Igua\u00e7u\/PR, de 06 a 09 de dezembro de 2022. Confira a baixo&#8230;<\/p>\n","protected":false},"author":1,"featured_media":27491,"comment_status":"open","ping_status":"open","sticky":false,"template":"","format":"standard","meta":{"footnotes":""},"categories":[3],"tags":[],"class_list":["post-27896","post","type-post","status-publish","format-standard","has-post-thumbnail","hentry","category-noticias"],"yoast_head":"<!-- This site is optimized with the Yoast SEO plugin v26.7 - https:\/\/yoast.com\/wordpress\/plugins\/seo\/ -->\n<title>Confira a programa\u00e7\u00e3o do Congresso da UVB e UVEPAR em Foz do Igua\u00e7u\/PR - UVB Brasil<\/title>\n<meta name=\"robots\" content=\"index, follow, max-snippet:-1, max-image-preview:large, max-video-preview:-1\" \/>\n<link rel=\"canonical\" href=\"https:\/\/uvbbrasil.com.br\/confira-a-programacao-do-congresso-da-uvb-e-uvepar-em-foz-do-iguacu-pr-2\/\" \/>\n<meta property=\"og:locale\" content=\"pt_BR\" \/>\n<meta property=\"og:type\" content=\"article\" \/>\n<meta property=\"og:title\" content=\"Confira a programa\u00e7\u00e3o do Congresso da UVB e UVEPAR em Foz do Igua\u00e7u\/PR - UVB Brasil\" \/>\n<meta property=\"og:description\" content=\"Congresso da UVB e UVEPAR em Foz do Igua\u00e7u\/PR, de 06 a 09 de dezembro de 2022. Confira a baixo...\" \/>\n<meta property=\"og:url\" content=\"https:\/\/uvbbrasil.com.br\/confira-a-programacao-do-congresso-da-uvb-e-uvepar-em-foz-do-iguacu-pr-2\/\" \/>\n<meta property=\"og:site_name\" content=\"UVB Brasil\" \/>\n<meta property=\"article:publisher\" content=\"https:\/\/www.facebook.com\/uvb.vereadoresbrasil\" \/>\n<meta property=\"article:published_time\" content=\"2022-12-06T14:05:25+00:00\" \/>\n<meta property=\"og:image\" content=\"https:\/\/uvbbrasil.com.br\/wp-content\/uploads\/2022\/01\/WhatsApp-Image-2022-10-25-at-16.16.43-1.jpeg\" \/>\n\t<meta property=\"og:image:width\" content=\"1280\" \/>\n\t<meta property=\"og:image:height\" content=\"1280\" \/>\n\t<meta property=\"og:image:type\" content=\"image\/jpeg\" \/>\n<meta name=\"author\" content=\"adminuvb\" \/>\n<meta name=\"twitter:card\" content=\"summary_large_image\" \/>\n<meta name=\"twitter:label1\" content=\"Escrito por\" \/>\n\t<meta name=\"twitter:data1\" content=\"adminuvb\" \/>\n\t<meta name=\"twitter:label2\" content=\"Est. tempo de leitura\" \/>\n\t<meta name=\"twitter:data2\" content=\"2 minutos\" \/>\n<script type=\"application\/ld+json\" class=\"yoast-schema-graph\">{\"@context\":\"https:\/\/schema.org\",\"@graph\":[{\"@type\":\"Article\",\"@id\":\"https:\/\/uvbbrasil.com.br\/confira-a-programacao-do-congresso-da-uvb-e-uvepar-em-foz-do-iguacu-pr-2\/#article\",\"isPartOf\":{\"@id\":\"https:\/\/uvbbrasil.com.br\/confira-a-programacao-do-congresso-da-uvb-e-uvepar-em-foz-do-iguacu-pr-2\/\"},\"author\":{\"name\":\"adminuvb\",\"@id\":\"https:\/\/uvbbrasil.com.br\/#\/schema\/person\/17990098446c098f52effddff4f1b272\"},\"headline\":\"Confira a programa\u00e7\u00e3o do Congresso da UVB e UVEPAR em Foz do Igua\u00e7u\/PR\",\"datePublished\":\"2022-12-06T14:05:25+00:00\",\"mainEntityOfPage\":{\"@id\":\"https:\/\/uvbbrasil.com.br\/confira-a-programacao-do-congresso-da-uvb-e-uvepar-em-foz-do-iguacu-pr-2\/\"},\"wordCount\":254,\"commentCount\":0,\"publisher\":{\"@id\":\"https:\/\/uvbbrasil.com.br\/#organization\"},\"image\":{\"@id\":\"https:\/\/uvbbrasil.com.br\/confira-a-programacao-do-congresso-da-uvb-e-uvepar-em-foz-do-iguacu-pr-2\/#primaryimage\"},\"thumbnailUrl\":\"https:\/\/uvbbrasil.com.br\/wp-content\/uploads\/2022\/01\/WhatsApp-Image-2022-10-25-at-16.16.43-1.jpeg\",\"articleSection\":[\"NOT\u00cdCIAS\"],\"inLanguage\":\"pt-BR\",\"potentialAction\":[{\"@type\":\"CommentAction\",\"name\":\"Comment\",\"target\":[\"https:\/\/uvbbrasil.com.br\/confira-a-programacao-do-congresso-da-uvb-e-uvepar-em-foz-do-iguacu-pr-2\/#respond\"]}]},{\"@type\":\"WebPage\",\"@id\":\"https:\/\/uvbbrasil.com.br\/confira-a-programacao-do-congresso-da-uvb-e-uvepar-em-foz-do-iguacu-pr-2\/\",\"url\":\"https:\/\/uvbbrasil.com.br\/confira-a-programacao-do-congresso-da-uvb-e-uvepar-em-foz-do-iguacu-pr-2\/\",\"name\":\"Confira a programa\u00e7\u00e3o do Congresso da UVB e UVEPAR em Foz do Igua\u00e7u\/PR - UVB Brasil\",\"isPartOf\":{\"@id\":\"https:\/\/uvbbrasil.com.br\/#website\"},\"primaryImageOfPage\":{\"@id\":\"https:\/\/uvbbrasil.com.br\/confira-a-programacao-do-congresso-da-uvb-e-uvepar-em-foz-do-iguacu-pr-2\/#primaryimage\"},\"image\":{\"@id\":\"https:\/\/uvbbrasil.com.br\/confira-a-programacao-do-congresso-da-uvb-e-uvepar-em-foz-do-iguacu-pr-2\/#primaryimage\"},\"thumbnailUrl\":\"https:\/\/uvbbrasil.com.br\/wp-content\/uploads\/2022\/01\/WhatsApp-Image-2022-10-25-at-16.16.43-1.jpeg\",\"datePublished\":\"2022-12-06T14:05:25+00:00\",\"breadcrumb\":{\"@id\":\"https:\/\/uvbbrasil.com.br\/confira-a-programacao-do-congresso-da-uvb-e-uvepar-em-foz-do-iguacu-pr-2\/#breadcrumb\"},\"inLanguage\":\"pt-BR\",\"potentialAction\":[{\"@type\":\"ReadAction\",\"target\":[\"https:\/\/uvbbrasil.com.br\/confira-a-programacao-do-congresso-da-uvb-e-uvepar-em-foz-do-iguacu-pr-2\/\"]}]},{\"@type\":\"ImageObject\",\"inLanguage\":\"pt-BR\",\"@id\":\"https:\/\/uvbbrasil.com.br\/confira-a-programacao-do-congresso-da-uvb-e-uvepar-em-foz-do-iguacu-pr-2\/#primaryimage\",\"url\":\"https:\/\/uvbbrasil.com.br\/wp-content\/uploads\/2022\/01\/WhatsApp-Image-2022-10-25-at-16.16.43-1.jpeg\",\"contentUrl\":\"https:\/\/uvbbrasil.com.br\/wp-content\/uploads\/2022\/01\/WhatsApp-Image-2022-10-25-at-16.16.43-1.jpeg\",\"width\":1280,\"height\":1280},{\"@type\":\"BreadcrumbList\",\"@id\":\"https:\/\/uvbbrasil.com.br\/confira-a-programacao-do-congresso-da-uvb-e-uvepar-em-foz-do-iguacu-pr-2\/#breadcrumb\",\"itemListElement\":[{\"@type\":\"ListItem\",\"position\":1,\"name\":\"In\u00edcio\",\"item\":\"https:\/\/uvbbrasil.com.br\/\"},{\"@type\":\"ListItem\",\"position\":2,\"name\":\"Confira a programa\u00e7\u00e3o do Congresso da UVB e UVEPAR em Foz do Igua\u00e7u\/PR\"}]},{\"@type\":\"WebSite\",\"@id\":\"https:\/\/uvbbrasil.com.br\/#website\",\"url\":\"https:\/\/uvbbrasil.com.br\/\",\"name\":\"UVB Brasil\",\"description\":\"Uni\u00e3o dos Vereadores do Brasil\",\"publisher\":{\"@id\":\"https:\/\/uvbbrasil.com.br\/#organization\"},\"potentialAction\":[{\"@type\":\"SearchAction\",\"target\":{\"@type\":\"EntryPoint\",\"urlTemplate\":\"https:\/\/uvbbrasil.com.br\/?s={search_term_string}\"},\"query-input\":{\"@type\":\"PropertyValueSpecification\",\"valueRequired\":true,\"valueName\":\"search_term_string\"}}],\"inLanguage\":\"pt-BR\"},{\"@type\":\"Organization\",\"@id\":\"https:\/\/uvbbrasil.com.br\/#organization\",\"name\":\"UVB Brasil\",\"url\":\"https:\/\/uvbbrasil.com.br\/\",\"logo\":{\"@type\":\"ImageObject\",\"inLanguage\":\"pt-BR\",\"@id\":\"https:\/\/uvbbrasil.com.br\/#\/schema\/logo\/image\/\",\"url\":\"https:\/\/uvbbrasil.com.br\/wp-content\/uploads\/2025\/01\/LOGO-UVB-2024-azul-1.jpg\",\"contentUrl\":\"https:\/\/uvbbrasil.com.br\/wp-content\/uploads\/2025\/01\/LOGO-UVB-2024-azul-1.jpg\",\"width\":600,\"height\":211,\"caption\":\"UVB Brasil\"},\"image\":{\"@id\":\"https:\/\/uvbbrasil.com.br\/#\/schema\/logo\/image\/\"},\"sameAs\":[\"https:\/\/www.facebook.com\/uvb.vereadoresbrasil\",\"https:\/\/www.instagram.com\/uvbbrasil\/\",\"https:\/\/www.youtube.com\/channel\/UCIlPQ8Xzw5GHNzosQIg9S5A\"]},{\"@type\":\"Person\",\"@id\":\"https:\/\/uvbbrasil.com.br\/#\/schema\/person\/17990098446c098f52effddff4f1b272\",\"name\":\"adminuvb\",\"image\":{\"@type\":\"ImageObject\",\"inLanguage\":\"pt-BR\",\"@id\":\"https:\/\/uvbbrasil.com.br\/#\/schema\/person\/image\/\",\"url\":\"https:\/\/secure.gravatar.com\/avatar\/1a494ea6f8e2dd1ae526e55b0e9497efdba542491e0620d704cccf63c6f77c45?s=96&d=mm&r=g\",\"contentUrl\":\"https:\/\/secure.gravatar.com\/avatar\/1a494ea6f8e2dd1ae526e55b0e9497efdba542491e0620d704cccf63c6f77c45?s=96&d=mm&r=g\",\"caption\":\"adminuvb\"},\"sameAs\":[\"https:\/\/uvbbrasil.com.br\"],\"url\":\"https:\/\/uvbbrasil.com.br\/author\/adminuvb\/\"}]}<\/script>\n<!-- \/ Yoast SEO plugin. -->","yoast_head_json":{"title":"Confira a programa\u00e7\u00e3o do Congresso da UVB e UVEPAR em Foz do Igua\u00e7u\/PR - UVB Brasil","robots":{"index":"index","follow":"follow","max-snippet":"max-snippet:-1","max-image-preview":"max-image-preview:large","max-video-preview":"max-video-preview:-1"},"canonical":"https:\/\/uvbbrasil.com.br\/confira-a-programacao-do-congresso-da-uvb-e-uvepar-em-foz-do-iguacu-pr-2\/","og_locale":"pt_BR","og_type":"article","og_title":"Confira a programa\u00e7\u00e3o do Congresso da UVB e UVEPAR em Foz do Igua\u00e7u\/PR - UVB Brasil","og_description":"Congresso da UVB e UVEPAR em Foz do Igua\u00e7u\/PR, de 06 a 09 de dezembro de 2022. Confira a baixo...","og_url":"https:\/\/uvbbrasil.com.br\/confira-a-programacao-do-congresso-da-uvb-e-uvepar-em-foz-do-iguacu-pr-2\/","og_site_name":"UVB Brasil","article_publisher":"https:\/\/www.facebook.com\/uvb.vereadoresbrasil","article_published_time":"2022-12-06T14:05:25+00:00","og_image":[{"width":1280,"height":1280,"url":"https:\/\/uvbbrasil.com.br\/wp-content\/uploads\/2022\/01\/WhatsApp-Image-2022-10-25-at-16.16.43-1.jpeg","type":"image\/jpeg"}],"author":"adminuvb","twitter_card":"summary_large_image","twitter_misc":{"Escrito por":"adminuvb","Est. tempo de leitura":"2 minutos"},"schema":{"@context":"https:\/\/schema.org","@graph":[{"@type":"Article","@id":"https:\/\/uvbbrasil.com.br\/confira-a-programacao-do-congresso-da-uvb-e-uvepar-em-foz-do-iguacu-pr-2\/#article","isPartOf":{"@id":"https:\/\/uvbbrasil.com.br\/confira-a-programacao-do-congresso-da-uvb-e-uvepar-em-foz-do-iguacu-pr-2\/"},"author":{"name":"adminuvb","@id":"https:\/\/uvbbrasil.com.br\/#\/schema\/person\/17990098446c098f52effddff4f1b272"},"headline":"Confira a programa\u00e7\u00e3o do Congresso da UVB e UVEPAR em Foz do Igua\u00e7u\/PR","datePublished":"2022-12-06T14:05:25+00:00","mainEntityOfPage":{"@id":"https:\/\/uvbbrasil.com.br\/confira-a-programacao-do-congresso-da-uvb-e-uvepar-em-foz-do-iguacu-pr-2\/"},"wordCount":254,"commentCount":0,"publisher":{"@id":"https:\/\/uvbbrasil.com.br\/#organization"},"image":{"@id":"https:\/\/uvbbrasil.com.br\/confira-a-programacao-do-congresso-da-uvb-e-uvepar-em-foz-do-iguacu-pr-2\/#primaryimage"},"thumbnailUrl":"https:\/\/uvbbrasil.com.br\/wp-content\/uploads\/2022\/01\/WhatsApp-Image-2022-10-25-at-16.16.43-1.jpeg","articleSection":["NOT\u00cdCIAS"],"inLanguage":"pt-BR","potentialAction":[{"@type":"CommentAction","name":"Comment","target":["https:\/\/uvbbrasil.com.br\/confira-a-programacao-do-congresso-da-uvb-e-uvepar-em-foz-do-iguacu-pr-2\/#respond"]}]},{"@type":"WebPage","@id":"https:\/\/uvbbrasil.com.br\/confira-a-programacao-do-congresso-da-uvb-e-uvepar-em-foz-do-iguacu-pr-2\/","url":"https:\/\/uvbbrasil.com.br\/confira-a-programacao-do-congresso-da-uvb-e-uvepar-em-foz-do-iguacu-pr-2\/","name":"Confira a programa\u00e7\u00e3o do Congresso da UVB e UVEPAR em Foz do Igua\u00e7u\/PR - UVB Brasil","isPartOf":{"@id":"https:\/\/uvbbrasil.com.br\/#website"},"primaryImageOfPage":{"@id":"https:\/\/uvbbrasil.com.br\/confira-a-programacao-do-congresso-da-uvb-e-uvepar-em-foz-do-iguacu-pr-2\/#primaryimage"},"image":{"@id":"https:\/\/uvbbrasil.com.br\/confira-a-programacao-do-congresso-da-uvb-e-uvepar-em-foz-do-iguacu-pr-2\/#primaryimage"},"thumbnailUrl":"https:\/\/uvbbrasil.com.br\/wp-content\/uploads\/2022\/01\/WhatsApp-Image-2022-10-25-at-16.16.43-1.jpeg","datePublished":"2022-12-06T14:05:25+00:00","breadcrumb":{"@id":"https:\/\/uvbbrasil.com.br\/confira-a-programacao-do-congresso-da-uvb-e-uvepar-em-foz-do-iguacu-pr-2\/#breadcrumb"},"inLanguage":"pt-BR","potentialAction":[{"@type":"ReadAction","target":["https:\/\/uvbbrasil.com.br\/confira-a-programacao-do-congresso-da-uvb-e-uvepar-em-foz-do-iguacu-pr-2\/"]}]},{"@type":"ImageObject","inLanguage":"pt-BR","@id":"https:\/\/uvbbrasil.com.br\/confira-a-programacao-do-congresso-da-uvb-e-uvepar-em-foz-do-iguacu-pr-2\/#primaryimage","url":"https:\/\/uvbbrasil.com.br\/wp-content\/uploads\/2022\/01\/WhatsApp-Image-2022-10-25-at-16.16.43-1.jpeg","contentUrl":"https:\/\/uvbbrasil.com.br\/wp-content\/uploads\/2022\/01\/WhatsApp-Image-2022-10-25-at-16.16.43-1.jpeg","width":1280,"height":1280},{"@type":"BreadcrumbList","@id":"https:\/\/uvbbrasil.com.br\/confira-a-programacao-do-congresso-da-uvb-e-uvepar-em-foz-do-iguacu-pr-2\/#breadcrumb","itemListElement":[{"@type":"ListItem","position":1,"name":"In\u00edcio","item":"https:\/\/uvbbrasil.com.br\/"},{"@type":"ListItem","position":2,"name":"Confira a programa\u00e7\u00e3o do Congresso da UVB e UVEPAR em Foz do Igua\u00e7u\/PR"}]},{"@type":"WebSite","@id":"https:\/\/uvbbrasil.com.br\/#website","url":"https:\/\/uvbbrasil.com.br\/","name":"UVB Brasil","description":"Uni\u00e3o dos Vereadores do Brasil","publisher":{"@id":"https:\/\/uvbbrasil.com.br\/#organization"},"potentialAction":[{"@type":"SearchAction","target":{"@type":"EntryPoint","urlTemplate":"https:\/\/uvbbrasil.com.br\/?s={search_term_string}"},"query-input":{"@type":"PropertyValueSpecification","valueRequired":true,"valueName":"search_term_string"}}],"inLanguage":"pt-BR"},{"@type":"Organization","@id":"https:\/\/uvbbrasil.com.br\/#organization","name":"UVB Brasil","url":"https:\/\/uvbbrasil.com.br\/","logo":{"@type":"ImageObject","inLanguage":"pt-BR","@id":"https:\/\/uvbbrasil.com.br\/#\/schema\/logo\/image\/","url":"https:\/\/uvbbrasil.com.br\/wp-content\/uploads\/2025\/01\/LOGO-UVB-2024-azul-1.jpg","contentUrl":"https:\/\/uvbbrasil.com.br\/wp-content\/uploads\/2025\/01\/LOGO-UVB-2024-azul-1.jpg","width":600,"height":211,"caption":"UVB Brasil"},"image":{"@id":"https:\/\/uvbbrasil.com.br\/#\/schema\/logo\/image\/"},"sameAs":["https:\/\/www.facebook.com\/uvb.vereadoresbrasil","https:\/\/www.instagram.com\/uvbbrasil\/","https:\/\/www.youtube.com\/channel\/UCIlPQ8Xzw5GHNzosQIg9S5A"]},{"@type":"Person","@id":"https:\/\/uvbbrasil.com.br\/#\/schema\/person\/17990098446c098f52effddff4f1b272","name":"adminuvb","image":{"@type":"ImageObject","inLanguage":"pt-BR","@id":"https:\/\/uvbbrasil.com.br\/#\/schema\/person\/image\/","url":"https:\/\/secure.gravatar.com\/avatar\/1a494ea6f8e2dd1ae526e55b0e9497efdba542491e0620d704cccf63c6f77c45?s=96&d=mm&r=g","contentUrl":"https:\/\/secure.gravatar.com\/avatar\/1a494ea6f8e2dd1ae526e55b0e9497efdba542491e0620d704cccf63c6f77c45?s=96&d=mm&r=g","caption":"adminuvb"},"sameAs":["https:\/\/uvbbrasil.com.br"],"url":"https:\/\/uvbbrasil.com.br\/author\/adminuvb\/"}]}},"_links":{"self":[{"href":"https:\/\/uvbbrasil.com.br\/uvb-json\/wp\/v2\/posts\/27896","targetHints":{"allow":["GET"]}}],"collection":[{"href":"https:\/\/uvbbrasil.com.br\/uvb-json\/wp\/v2\/posts"}],"about":[{"href":"https:\/\/uvbbrasil.com.br\/uvb-json\/wp\/v2\/types\/post"}],"author":[{"embeddable":true,"href":"https:\/\/uvbbrasil.com.br\/uvb-json\/wp\/v2\/users\/1"}],"replies":[{"embeddable":true,"href":"https:\/\/uvbbrasil.com.br\/uvb-json\/wp\/v2\/comments?post=27896"}],"version-history":[{"count":0,"href":"https:\/\/uvbbrasil.com.br\/uvb-json\/wp\/v2\/posts\/27896\/revisions"}],"wp:featuredmedia":[{"embeddable":true,"href":"https:\/\/uvbbrasil.com.br\/uvb-json\/wp\/v2\/media\/27491"}],"wp:attachment":[{"href":"https:\/\/uvbbrasil.com.br\/uvb-json\/wp\/v2\/media?parent=27896"}],"wp:term":[{"taxonomy":"category","embeddable":true,"href":"https:\/\/uvbbrasil.com.br\/uvb-json\/wp\/v2\/categories?post=27896"},{"taxonomy":"post_tag","embeddable":true,"href":"https:\/\/uvbbrasil.com.br\/uvb-json\/wp\/v2\/tags?post=27896"}],"curies":[{"name":"wp","href":"https:\/\/api.w.org\/{rel}","templated":true}]}}