{"id":27893,"date":"2022-12-13T11:04:20","date_gmt":"2022-12-13T14:04:20","guid":{"rendered":"https:\/\/wpsandbox4.pante.com.br\/?p=27893"},"modified":"2022-12-13T11:04:20","modified_gmt":"2022-12-13T14:04:20","slug":"vereadores-de-bonito-pe-cobram-atencao-a-problemas-na-pe-109-na-cidade-e-na-zona-rural","status":"publish","type":"post","link":"https:\/\/uvbbrasil.com.br\/vereadores-de-bonito-pe-cobram-atencao-a-problemas-na-pe-109-na-cidade-e-na-zona-rural\/","title":{"rendered":"Vereadores de Bonito\/PE, cobram aten\u00e7\u00e3o a problemas na PE-109, na cidade e na zona rural"},"content":{"rendered":"<p>As necessidades estruturais para o munic\u00edpio de Bonito estiveram no centro dos requerimentos da 32\u00aa sess\u00e3o realizada\u00a0 na C\u00e2mara do munic\u00edpio. Ap\u00f3s as fortes chuvas, algumas demandas se tornaram urgentes e outras mais evidentes. Entre os assuntos ainda estiveram: sal\u00e1rios dos motoristas, v\u00e1rios aspectos da PE-109, sempre alvo de den\u00fancias, bem como reformas em pr\u00e9dios p\u00fablicos e descarte correto de metralhas.<\/p>\n<p>Maroja apresentou pedido de informa\u00e7\u00e3o referente \u00e0s interven\u00e7\u00f5es feitas na PE-109, onde diversas carradas de material argiloso vem causando transtorno aos viajantes que necessitam trafegar diariamente pela estrada que interliga o munic\u00edpio ao distrito de Alto Bonito e demais cidades da regi\u00e3o, como por exemplo: S\u00e3o Joaquim do Monte, Catende, Caruaru e Palmares. O material utilizado torna a estrada, j\u00e1 alvo de v\u00e1rias solicita\u00e7\u00f5es, escorregadia, fato que causa ainda mais dificuldades de tr\u00e1fego.<\/p>\n<p>No que se refere \u00e0s estradas para a zona rural, a situa\u00e7\u00e3o tamb\u00e9m \u00e9 ca\u00f3tica. \u00cdtalo Damasceno solicitou melhorias no acesso da antiga barragem do distrito de Alto Bonito para que possibilite acesso seguro aos moradores da regi\u00e3o. J\u00e1 Gra\u00e7a de Barra Azul, uma das representantes da popula\u00e7\u00e3o que vive fora do centro urbano, solicitou que seja passada a m\u00e1quina abrindo linhas de \u00e1gua na estrada do Engenho Barra Azul que d\u00e1 acesso aos s\u00edtios Matias e Serro Azul, al\u00e9m da coloca\u00e7\u00e3o de pi\u00e7arro (mistura feita com pedra, areia, terra e cascalho) nos pontos cr\u00edticos.<\/p>\n<p>Em aten\u00e7\u00e3o \u00e0 Col\u00f4nia, J\u00fanior do Gado solicitou que seja feita uma reforma na Unidade B\u00e1sica de Sa\u00fade da localidade, especificamente em toda a cobertura do pr\u00e9dio. Atrav\u00e9s de visitas no local, o vereador acrescentou ainda a necessidade de mais um m\u00e9dico para os atendimentos, tendo em vista a grande demanda de pacientes da unidade.\u00a0Estrutura tamb\u00e9m foi o assunto apresentado por Marquinhos da Garagem atrav\u00e9s de solicita\u00e7\u00e3o de melhorias na estrutura da Escola Benjamita Cardona Pereira por meio da constru\u00e7\u00e3o de uma cozinha e um espa\u00e7o coberto para a pr\u00e1tica de lazer, al\u00e9m de possibilitar assim o funcionamento do refeit\u00f3rio.<\/p>\n<p>O vereador Holandinha apresentou requerimento para que, como parte do Programa Bonito Clarear, seja poss\u00edvel levar ilumina\u00e7\u00e3o a toda a \u00e1rea que fica entre a UPAE e a Escola T\u00e9cnica Estadual, trecho \u00e0s margens da PE-109. A mesma solicita\u00e7\u00e3o havia sido feita pelo vereador \u00cdtalo Damasceno no ano passado. \u201cSe n\u00e3o puder colocar bra\u00e7os de luz, que sejam refletores. As\u00a0 luzes contribuem para que as pessoas se sintam mais seguras e inibe a a\u00e7\u00e3o de bandidos. Seguran\u00e7a p\u00fablica tamb\u00e9m \u00e9 uma urg\u00eancia\u201d, disse o parlamentar.<\/p>\n<p>Outro assunto urgente envolve limpeza e sa\u00fade p\u00fablica foi levado ao plen\u00e1rio. Anaclea de Azevedo trouxe \u00e0 tona a necessidade de um descarte correto das metralhas despejadas na cal\u00e7ada do cemit\u00e9rio local, contendo tijolos de t\u00famulos quebrados, capelas e demais res\u00edduos vindos de dentro do cemit\u00e9rio. O vereador Didi do Paed agregou um adendo para que, al\u00e9m da Secretaria de Obras, tamb\u00e9m seja acionada a Vigil\u00e2ncia Sanit\u00e1ria sobre o assunto.<\/p>\n<p>Reiterando o compromisso com a defesa de direitos, o vereador Jo\u00e3o Diniz respaldou, atrav\u00e9s de requerimento, que sejam pagos aos motoristas escolares do munic\u00edpio n\u00e3o s\u00f3 o 13\u00ba sal\u00e1rio, mas tamb\u00e9m o soldo integral do m\u00eas de dezembro, visto que o ano letivo se estende at\u00e9 o referido m\u00eas e os mesmos trabalham normalmente.<\/p>\n<p>Todos os requerimentos foram aprovados por unanimidade.<\/p>\n<p>Votos de aplauso e t\u00edtulos \u2013 O presidente da C\u00e2mara, Paulinho de Dev\u00e1, apresentou voto de aplauso a toda a comunidade evang\u00e9lica do munic\u00edpio, especialmente \u00e0s igrejas Assembleia de Deus, Presbiteriana e Maranata pelo Dia do Evang\u00e9lico, comemorado em 30 de novembro. \u00cdtalo Damasceno acrescentou ainda votos de congratula\u00e7\u00f5es e aplausos \u00e0 Igreja Batista pelo anivers\u00e1rio de 19 anos, que ser\u00e1 comemorado nos dias 3 e 4 de dezembro.\u00a0 Para os t\u00edtulos de Cidad\u00e3os de Bonito, foram aprovadas as concess\u00f5es para os senhores Gerson Carlos Silva e Severino Cassimiro da Silva.<\/p>\n<p><img fetchpriority=\"high\" decoding=\"async\" class=\"alignnone size-medium wp-image-27894\" src=\"https:\/\/uvbbrasil.com.br\/wp-content\/uploads\/2022\/12\/03-12-2-300x225.jpeg\" alt=\"\" width=\"300\" height=\"225\" srcset=\"https:\/\/uvbbrasil.com.br\/wp-content\/uploads\/2022\/12\/03-12-2-300x225.jpeg 300w, https:\/\/uvbbrasil.com.br\/wp-content\/uploads\/2022\/12\/03-12-2-768x576.jpeg 768w, https:\/\/uvbbrasil.com.br\/wp-content\/uploads\/2022\/12\/03-12-2.jpeg 1024w\" sizes=\"(max-width: 300px) 100vw, 300px\" \/><\/p>\n","protected":false},"excerpt":{"rendered":"<p>As necessidades estruturais para o munic\u00edpio de Bonito estiveram no centro dos requerimentos da 32\u00aa sess\u00e3o realizada\u00a0 na C\u00e2mara do&#8230;<\/p>\n","protected":false},"author":1,"featured_media":27894,"comment_status":"open","ping_status":"open","sticky":false,"template":"","format":"standard","meta":{"footnotes":""},"categories":[3],"tags":[],"class_list":["post-27893","post","type-post","status-publish","format-standard","has-post-thumbnail","hentry","category-noticias"],"yoast_head":"<!-- This site is optimized with the Yoast SEO plugin v26.7 - https:\/\/yoast.com\/wordpress\/plugins\/seo\/ -->\n<title>Vereadores de Bonito\/PE, cobram aten\u00e7\u00e3o a problemas na PE-109, na cidade e na zona rural - UVB Brasil<\/title>\n<meta name=\"robots\" content=\"index, follow, max-snippet:-1, max-image-preview:large, max-video-preview:-1\" \/>\n<link rel=\"canonical\" href=\"https:\/\/uvbbrasil.com.br\/vereadores-de-bonito-pe-cobram-atencao-a-problemas-na-pe-109-na-cidade-e-na-zona-rural\/\" \/>\n<meta property=\"og:locale\" content=\"pt_BR\" \/>\n<meta property=\"og:type\" content=\"article\" \/>\n<meta property=\"og:title\" content=\"Vereadores de Bonito\/PE, cobram aten\u00e7\u00e3o a problemas na PE-109, na cidade e na zona rural - UVB Brasil\" \/>\n<meta property=\"og:description\" content=\"As necessidades estruturais para o munic\u00edpio de Bonito estiveram no centro dos requerimentos da 32\u00aa sess\u00e3o realizada\u00a0 na C\u00e2mara do...\" \/>\n<meta property=\"og:url\" content=\"https:\/\/uvbbrasil.com.br\/vereadores-de-bonito-pe-cobram-atencao-a-problemas-na-pe-109-na-cidade-e-na-zona-rural\/\" \/>\n<meta property=\"og:site_name\" content=\"UVB Brasil\" \/>\n<meta property=\"article:publisher\" content=\"https:\/\/www.facebook.com\/uvb.vereadoresbrasil\" \/>\n<meta property=\"article:published_time\" content=\"2022-12-13T14:04:20+00:00\" \/>\n<meta property=\"og:image\" content=\"https:\/\/uvbbrasil.com.br\/wp-content\/uploads\/2022\/12\/03-12-2.jpeg\" \/>\n\t<meta property=\"og:image:width\" content=\"1024\" \/>\n\t<meta property=\"og:image:height\" content=\"768\" \/>\n\t<meta property=\"og:image:type\" content=\"image\/jpeg\" \/>\n<meta name=\"author\" content=\"adminuvb\" \/>\n<meta name=\"twitter:card\" content=\"summary_large_image\" \/>\n<meta name=\"twitter:label1\" content=\"Escrito por\" \/>\n\t<meta name=\"twitter:data1\" content=\"adminuvb\" \/>\n\t<meta name=\"twitter:label2\" content=\"Est. tempo de leitura\" \/>\n\t<meta name=\"twitter:data2\" content=\"3 minutos\" \/>\n<script type=\"application\/ld+json\" class=\"yoast-schema-graph\">{\"@context\":\"https:\/\/schema.org\",\"@graph\":[{\"@type\":\"Article\",\"@id\":\"https:\/\/uvbbrasil.com.br\/vereadores-de-bonito-pe-cobram-atencao-a-problemas-na-pe-109-na-cidade-e-na-zona-rural\/#article\",\"isPartOf\":{\"@id\":\"https:\/\/uvbbrasil.com.br\/vereadores-de-bonito-pe-cobram-atencao-a-problemas-na-pe-109-na-cidade-e-na-zona-rural\/\"},\"author\":{\"name\":\"adminuvb\",\"@id\":\"https:\/\/uvbbrasil.com.br\/#\/schema\/person\/17990098446c098f52effddff4f1b272\"},\"headline\":\"Vereadores de Bonito\/PE, cobram aten\u00e7\u00e3o a problemas na PE-109, na cidade e na zona rural\",\"datePublished\":\"2022-12-13T14:04:20+00:00\",\"mainEntityOfPage\":{\"@id\":\"https:\/\/uvbbrasil.com.br\/vereadores-de-bonito-pe-cobram-atencao-a-problemas-na-pe-109-na-cidade-e-na-zona-rural\/\"},\"wordCount\":729,\"commentCount\":0,\"publisher\":{\"@id\":\"https:\/\/uvbbrasil.com.br\/#organization\"},\"image\":{\"@id\":\"https:\/\/uvbbrasil.com.br\/vereadores-de-bonito-pe-cobram-atencao-a-problemas-na-pe-109-na-cidade-e-na-zona-rural\/#primaryimage\"},\"thumbnailUrl\":\"https:\/\/uvbbrasil.com.br\/wp-content\/uploads\/2022\/12\/03-12-2.jpeg\",\"articleSection\":[\"NOT\u00cdCIAS\"],\"inLanguage\":\"pt-BR\",\"potentialAction\":[{\"@type\":\"CommentAction\",\"name\":\"Comment\",\"target\":[\"https:\/\/uvbbrasil.com.br\/vereadores-de-bonito-pe-cobram-atencao-a-problemas-na-pe-109-na-cidade-e-na-zona-rural\/#respond\"]}]},{\"@type\":\"WebPage\",\"@id\":\"https:\/\/uvbbrasil.com.br\/vereadores-de-bonito-pe-cobram-atencao-a-problemas-na-pe-109-na-cidade-e-na-zona-rural\/\",\"url\":\"https:\/\/uvbbrasil.com.br\/vereadores-de-bonito-pe-cobram-atencao-a-problemas-na-pe-109-na-cidade-e-na-zona-rural\/\",\"name\":\"Vereadores de Bonito\/PE, cobram aten\u00e7\u00e3o a problemas na PE-109, na cidade e na zona rural - UVB Brasil\",\"isPartOf\":{\"@id\":\"https:\/\/uvbbrasil.com.br\/#website\"},\"primaryImageOfPage\":{\"@id\":\"https:\/\/uvbbrasil.com.br\/vereadores-de-bonito-pe-cobram-atencao-a-problemas-na-pe-109-na-cidade-e-na-zona-rural\/#primaryimage\"},\"image\":{\"@id\":\"https:\/\/uvbbrasil.com.br\/vereadores-de-bonito-pe-cobram-atencao-a-problemas-na-pe-109-na-cidade-e-na-zona-rural\/#primaryimage\"},\"thumbnailUrl\":\"https:\/\/uvbbrasil.com.br\/wp-content\/uploads\/2022\/12\/03-12-2.jpeg\",\"datePublished\":\"2022-12-13T14:04:20+00:00\",\"breadcrumb\":{\"@id\":\"https:\/\/uvbbrasil.com.br\/vereadores-de-bonito-pe-cobram-atencao-a-problemas-na-pe-109-na-cidade-e-na-zona-rural\/#breadcrumb\"},\"inLanguage\":\"pt-BR\",\"potentialAction\":[{\"@type\":\"ReadAction\",\"target\":[\"https:\/\/uvbbrasil.com.br\/vereadores-de-bonito-pe-cobram-atencao-a-problemas-na-pe-109-na-cidade-e-na-zona-rural\/\"]}]},{\"@type\":\"ImageObject\",\"inLanguage\":\"pt-BR\",\"@id\":\"https:\/\/uvbbrasil.com.br\/vereadores-de-bonito-pe-cobram-atencao-a-problemas-na-pe-109-na-cidade-e-na-zona-rural\/#primaryimage\",\"url\":\"https:\/\/uvbbrasil.com.br\/wp-content\/uploads\/2022\/12\/03-12-2.jpeg\",\"contentUrl\":\"https:\/\/uvbbrasil.com.br\/wp-content\/uploads\/2022\/12\/03-12-2.jpeg\",\"width\":1024,\"height\":768},{\"@type\":\"BreadcrumbList\",\"@id\":\"https:\/\/uvbbrasil.com.br\/vereadores-de-bonito-pe-cobram-atencao-a-problemas-na-pe-109-na-cidade-e-na-zona-rural\/#breadcrumb\",\"itemListElement\":[{\"@type\":\"ListItem\",\"position\":1,\"name\":\"In\u00edcio\",\"item\":\"https:\/\/uvbbrasil.com.br\/\"},{\"@type\":\"ListItem\",\"position\":2,\"name\":\"Vereadores de Bonito\/PE, cobram aten\u00e7\u00e3o a problemas na PE-109, na cidade e na zona rural\"}]},{\"@type\":\"WebSite\",\"@id\":\"https:\/\/uvbbrasil.com.br\/#website\",\"url\":\"https:\/\/uvbbrasil.com.br\/\",\"name\":\"UVB Brasil\",\"description\":\"Uni\u00e3o dos Vereadores do Brasil\",\"publisher\":{\"@id\":\"https:\/\/uvbbrasil.com.br\/#organization\"},\"potentialAction\":[{\"@type\":\"SearchAction\",\"target\":{\"@type\":\"EntryPoint\",\"urlTemplate\":\"https:\/\/uvbbrasil.com.br\/?s={search_term_string}\"},\"query-input\":{\"@type\":\"PropertyValueSpecification\",\"valueRequired\":true,\"valueName\":\"search_term_string\"}}],\"inLanguage\":\"pt-BR\"},{\"@type\":\"Organization\",\"@id\":\"https:\/\/uvbbrasil.com.br\/#organization\",\"name\":\"UVB Brasil\",\"url\":\"https:\/\/uvbbrasil.com.br\/\",\"logo\":{\"@type\":\"ImageObject\",\"inLanguage\":\"pt-BR\",\"@id\":\"https:\/\/uvbbrasil.com.br\/#\/schema\/logo\/image\/\",\"url\":\"https:\/\/uvbbrasil.com.br\/wp-content\/uploads\/2025\/01\/LOGO-UVB-2024-azul-1.jpg\",\"contentUrl\":\"https:\/\/uvbbrasil.com.br\/wp-content\/uploads\/2025\/01\/LOGO-UVB-2024-azul-1.jpg\",\"width\":600,\"height\":211,\"caption\":\"UVB Brasil\"},\"image\":{\"@id\":\"https:\/\/uvbbrasil.com.br\/#\/schema\/logo\/image\/\"},\"sameAs\":[\"https:\/\/www.facebook.com\/uvb.vereadoresbrasil\",\"https:\/\/www.instagram.com\/uvbbrasil\/\",\"https:\/\/www.youtube.com\/channel\/UCIlPQ8Xzw5GHNzosQIg9S5A\"]},{\"@type\":\"Person\",\"@id\":\"https:\/\/uvbbrasil.com.br\/#\/schema\/person\/17990098446c098f52effddff4f1b272\",\"name\":\"adminuvb\",\"image\":{\"@type\":\"ImageObject\",\"inLanguage\":\"pt-BR\",\"@id\":\"https:\/\/uvbbrasil.com.br\/#\/schema\/person\/image\/\",\"url\":\"https:\/\/secure.gravatar.com\/avatar\/1a494ea6f8e2dd1ae526e55b0e9497efdba542491e0620d704cccf63c6f77c45?s=96&d=mm&r=g\",\"contentUrl\":\"https:\/\/secure.gravatar.com\/avatar\/1a494ea6f8e2dd1ae526e55b0e9497efdba542491e0620d704cccf63c6f77c45?s=96&d=mm&r=g\",\"caption\":\"adminuvb\"},\"sameAs\":[\"https:\/\/uvbbrasil.com.br\"],\"url\":\"https:\/\/uvbbrasil.com.br\/author\/adminuvb\/\"}]}<\/script>\n<!-- \/ Yoast SEO plugin. -->","yoast_head_json":{"title":"Vereadores de Bonito\/PE, cobram aten\u00e7\u00e3o a problemas na PE-109, na cidade e na zona rural - UVB Brasil","robots":{"index":"index","follow":"follow","max-snippet":"max-snippet:-1","max-image-preview":"max-image-preview:large","max-video-preview":"max-video-preview:-1"},"canonical":"https:\/\/uvbbrasil.com.br\/vereadores-de-bonito-pe-cobram-atencao-a-problemas-na-pe-109-na-cidade-e-na-zona-rural\/","og_locale":"pt_BR","og_type":"article","og_title":"Vereadores de Bonito\/PE, cobram aten\u00e7\u00e3o a problemas na PE-109, na cidade e na zona rural - UVB Brasil","og_description":"As necessidades estruturais para o munic\u00edpio de Bonito estiveram no centro dos requerimentos da 32\u00aa sess\u00e3o realizada\u00a0 na C\u00e2mara do...","og_url":"https:\/\/uvbbrasil.com.br\/vereadores-de-bonito-pe-cobram-atencao-a-problemas-na-pe-109-na-cidade-e-na-zona-rural\/","og_site_name":"UVB Brasil","article_publisher":"https:\/\/www.facebook.com\/uvb.vereadoresbrasil","article_published_time":"2022-12-13T14:04:20+00:00","og_image":[{"width":1024,"height":768,"url":"https:\/\/uvbbrasil.com.br\/wp-content\/uploads\/2022\/12\/03-12-2.jpeg","type":"image\/jpeg"}],"author":"adminuvb","twitter_card":"summary_large_image","twitter_misc":{"Escrito por":"adminuvb","Est. tempo de leitura":"3 minutos"},"schema":{"@context":"https:\/\/schema.org","@graph":[{"@type":"Article","@id":"https:\/\/uvbbrasil.com.br\/vereadores-de-bonito-pe-cobram-atencao-a-problemas-na-pe-109-na-cidade-e-na-zona-rural\/#article","isPartOf":{"@id":"https:\/\/uvbbrasil.com.br\/vereadores-de-bonito-pe-cobram-atencao-a-problemas-na-pe-109-na-cidade-e-na-zona-rural\/"},"author":{"name":"adminuvb","@id":"https:\/\/uvbbrasil.com.br\/#\/schema\/person\/17990098446c098f52effddff4f1b272"},"headline":"Vereadores de Bonito\/PE, cobram aten\u00e7\u00e3o a problemas na PE-109, na cidade e na zona rural","datePublished":"2022-12-13T14:04:20+00:00","mainEntityOfPage":{"@id":"https:\/\/uvbbrasil.com.br\/vereadores-de-bonito-pe-cobram-atencao-a-problemas-na-pe-109-na-cidade-e-na-zona-rural\/"},"wordCount":729,"commentCount":0,"publisher":{"@id":"https:\/\/uvbbrasil.com.br\/#organization"},"image":{"@id":"https:\/\/uvbbrasil.com.br\/vereadores-de-bonito-pe-cobram-atencao-a-problemas-na-pe-109-na-cidade-e-na-zona-rural\/#primaryimage"},"thumbnailUrl":"https:\/\/uvbbrasil.com.br\/wp-content\/uploads\/2022\/12\/03-12-2.jpeg","articleSection":["NOT\u00cdCIAS"],"inLanguage":"pt-BR","potentialAction":[{"@type":"CommentAction","name":"Comment","target":["https:\/\/uvbbrasil.com.br\/vereadores-de-bonito-pe-cobram-atencao-a-problemas-na-pe-109-na-cidade-e-na-zona-rural\/#respond"]}]},{"@type":"WebPage","@id":"https:\/\/uvbbrasil.com.br\/vereadores-de-bonito-pe-cobram-atencao-a-problemas-na-pe-109-na-cidade-e-na-zona-rural\/","url":"https:\/\/uvbbrasil.com.br\/vereadores-de-bonito-pe-cobram-atencao-a-problemas-na-pe-109-na-cidade-e-na-zona-rural\/","name":"Vereadores de Bonito\/PE, cobram aten\u00e7\u00e3o a problemas na PE-109, na cidade e na zona rural - UVB Brasil","isPartOf":{"@id":"https:\/\/uvbbrasil.com.br\/#website"},"primaryImageOfPage":{"@id":"https:\/\/uvbbrasil.com.br\/vereadores-de-bonito-pe-cobram-atencao-a-problemas-na-pe-109-na-cidade-e-na-zona-rural\/#primaryimage"},"image":{"@id":"https:\/\/uvbbrasil.com.br\/vereadores-de-bonito-pe-cobram-atencao-a-problemas-na-pe-109-na-cidade-e-na-zona-rural\/#primaryimage"},"thumbnailUrl":"https:\/\/uvbbrasil.com.br\/wp-content\/uploads\/2022\/12\/03-12-2.jpeg","datePublished":"2022-12-13T14:04:20+00:00","breadcrumb":{"@id":"https:\/\/uvbbrasil.com.br\/vereadores-de-bonito-pe-cobram-atencao-a-problemas-na-pe-109-na-cidade-e-na-zona-rural\/#breadcrumb"},"inLanguage":"pt-BR","potentialAction":[{"@type":"ReadAction","target":["https:\/\/uvbbrasil.com.br\/vereadores-de-bonito-pe-cobram-atencao-a-problemas-na-pe-109-na-cidade-e-na-zona-rural\/"]}]},{"@type":"ImageObject","inLanguage":"pt-BR","@id":"https:\/\/uvbbrasil.com.br\/vereadores-de-bonito-pe-cobram-atencao-a-problemas-na-pe-109-na-cidade-e-na-zona-rural\/#primaryimage","url":"https:\/\/uvbbrasil.com.br\/wp-content\/uploads\/2022\/12\/03-12-2.jpeg","contentUrl":"https:\/\/uvbbrasil.com.br\/wp-content\/uploads\/2022\/12\/03-12-2.jpeg","width":1024,"height":768},{"@type":"BreadcrumbList","@id":"https:\/\/uvbbrasil.com.br\/vereadores-de-bonito-pe-cobram-atencao-a-problemas-na-pe-109-na-cidade-e-na-zona-rural\/#breadcrumb","itemListElement":[{"@type":"ListItem","position":1,"name":"In\u00edcio","item":"https:\/\/uvbbrasil.com.br\/"},{"@type":"ListItem","position":2,"name":"Vereadores de Bonito\/PE, cobram aten\u00e7\u00e3o a problemas na PE-109, na cidade e na zona rural"}]},{"@type":"WebSite","@id":"https:\/\/uvbbrasil.com.br\/#website","url":"https:\/\/uvbbrasil.com.br\/","name":"UVB Brasil","description":"Uni\u00e3o dos Vereadores do Brasil","publisher":{"@id":"https:\/\/uvbbrasil.com.br\/#organization"},"potentialAction":[{"@type":"SearchAction","target":{"@type":"EntryPoint","urlTemplate":"https:\/\/uvbbrasil.com.br\/?s={search_term_string}"},"query-input":{"@type":"PropertyValueSpecification","valueRequired":true,"valueName":"search_term_string"}}],"inLanguage":"pt-BR"},{"@type":"Organization","@id":"https:\/\/uvbbrasil.com.br\/#organization","name":"UVB Brasil","url":"https:\/\/uvbbrasil.com.br\/","logo":{"@type":"ImageObject","inLanguage":"pt-BR","@id":"https:\/\/uvbbrasil.com.br\/#\/schema\/logo\/image\/","url":"https:\/\/uvbbrasil.com.br\/wp-content\/uploads\/2025\/01\/LOGO-UVB-2024-azul-1.jpg","contentUrl":"https:\/\/uvbbrasil.com.br\/wp-content\/uploads\/2025\/01\/LOGO-UVB-2024-azul-1.jpg","width":600,"height":211,"caption":"UVB Brasil"},"image":{"@id":"https:\/\/uvbbrasil.com.br\/#\/schema\/logo\/image\/"},"sameAs":["https:\/\/www.facebook.com\/uvb.vereadoresbrasil","https:\/\/www.instagram.com\/uvbbrasil\/","https:\/\/www.youtube.com\/channel\/UCIlPQ8Xzw5GHNzosQIg9S5A"]},{"@type":"Person","@id":"https:\/\/uvbbrasil.com.br\/#\/schema\/person\/17990098446c098f52effddff4f1b272","name":"adminuvb","image":{"@type":"ImageObject","inLanguage":"pt-BR","@id":"https:\/\/uvbbrasil.com.br\/#\/schema\/person\/image\/","url":"https:\/\/secure.gravatar.com\/avatar\/1a494ea6f8e2dd1ae526e55b0e9497efdba542491e0620d704cccf63c6f77c45?s=96&d=mm&r=g","contentUrl":"https:\/\/secure.gravatar.com\/avatar\/1a494ea6f8e2dd1ae526e55b0e9497efdba542491e0620d704cccf63c6f77c45?s=96&d=mm&r=g","caption":"adminuvb"},"sameAs":["https:\/\/uvbbrasil.com.br"],"url":"https:\/\/uvbbrasil.com.br\/author\/adminuvb\/"}]}},"_links":{"self":[{"href":"https:\/\/uvbbrasil.com.br\/uvb-json\/wp\/v2\/posts\/27893","targetHints":{"allow":["GET"]}}],"collection":[{"href":"https:\/\/uvbbrasil.com.br\/uvb-json\/wp\/v2\/posts"}],"about":[{"href":"https:\/\/uvbbrasil.com.br\/uvb-json\/wp\/v2\/types\/post"}],"author":[{"embeddable":true,"href":"https:\/\/uvbbrasil.com.br\/uvb-json\/wp\/v2\/users\/1"}],"replies":[{"embeddable":true,"href":"https:\/\/uvbbrasil.com.br\/uvb-json\/wp\/v2\/comments?post=27893"}],"version-history":[{"count":0,"href":"https:\/\/uvbbrasil.com.br\/uvb-json\/wp\/v2\/posts\/27893\/revisions"}],"wp:featuredmedia":[{"embeddable":true,"href":"https:\/\/uvbbrasil.com.br\/uvb-json\/wp\/v2\/media\/27894"}],"wp:attachment":[{"href":"https:\/\/uvbbrasil.com.br\/uvb-json\/wp\/v2\/media?parent=27893"}],"wp:term":[{"taxonomy":"category","embeddable":true,"href":"https:\/\/uvbbrasil.com.br\/uvb-json\/wp\/v2\/categories?post=27893"},{"taxonomy":"post_tag","embeddable":true,"href":"https:\/\/uvbbrasil.com.br\/uvb-json\/wp\/v2\/tags?post=27893"}],"curies":[{"name":"wp","href":"https:\/\/api.w.org\/{rel}","templated":true}]}}