{"id":27869,"date":"2022-12-09T11:34:36","date_gmt":"2022-12-09T14:34:36","guid":{"rendered":"https:\/\/wpsandbox4.pante.com.br\/?p=27869"},"modified":"2022-12-09T11:34:36","modified_gmt":"2022-12-09T14:34:36","slug":"legislativo-de-irai-rs-promove-audiencia-publica-para-discutir-lei-de-diretrizes-orcamentarias-2023","status":"publish","type":"post","link":"https:\/\/uvbbrasil.com.br\/legislativo-de-irai-rs-promove-audiencia-publica-para-discutir-lei-de-diretrizes-orcamentarias-2023\/","title":{"rendered":"Legislativo de Ira\u00ed\/RS, promove audi\u00eancia p\u00fablica para discutir Lei de Diretrizes Or\u00e7ament\u00e1rias 2023"},"content":{"rendered":"<div class=\"x11i5rnm xat24cr x1mh8g0r x1vvkbs xdj266r x126k92a\">\n<div dir=\"auto\">Com o objetivo de apresentar e debater a Lei Or\u00e7ament\u00e1ria Anual (LOA) para o exerc\u00edcio de 2023, a Administra\u00e7\u00e3o Municipal de Ira\u00ed, participou de Audi\u00eancia P\u00fablica, promovida pelo Poder Legislativo na noite da quarta-feira,7. Durante a iniciativa do Parlamento, a gest\u00e3o municipal mostrou as metas e prioridades do Executivo, que est\u00e3o previstas no Projeto de Lei N\u00ba 070\/2022.<\/div>\n<\/div>\n<div class=\"x11i5rnm xat24cr x1mh8g0r x1vvkbs xtlvy1s x126k92a\">\n<div dir=\"auto\">O encontro foi aberto pelo vice-presidente, o vereador Jair Barros, que conduziu a mesa principal ocupada tamb\u00e9m pelo prefeito Antonio Vilson Bernardi, pela primeira-secret\u00e1ria, a vereadora Ana Paula Rodrigues e pela vereadora Maristela Panegalli. Ap\u00f3s, o contador da prefeitura, Claudimir Zanella, apresentou detalhadamente os dados sobre as receitas do munic\u00edpio, onde os parlamentares puderam esclarecer d\u00favidas sobre a LOA e tiveram explica\u00e7\u00f5es sobre os investimentos previstos para a aplica\u00e7\u00e3o em \u00e1reas como educa\u00e7\u00e3o, sa\u00fade, meio ambiente, entre outras.<\/div>\n<\/div>\n<div class=\"x11i5rnm xat24cr x1mh8g0r x1vvkbs xtlvy1s x126k92a\">\n<div dir=\"auto\">De acordo com o vice-presidente, Jair Barros a realiza\u00e7\u00e3o da Audi\u00eancia P\u00fablica \u00e9 cumprimento a Lei de Responsabilidade Fiscal (LRF), que funciona como uma importante ferramenta de transpar\u00eancia p\u00fablica na tramita\u00e7\u00e3o do projeto da LOA e que, visa tamb\u00e9m assegurar a participa\u00e7\u00e3o popular.<\/div>\n<div dir=\"auto\"><\/div>\n<\/div>\n<div class=\"x11i5rnm xat24cr x1mh8g0r x1vvkbs xtlvy1s x126k92a\">\n<div dir=\"auto\">Estiveram presentes na reuni\u00e3o os vereadores, vice-presidente, Jair Barros, Ana Paula Rodrigues, Maristela Panegalli, Paulo Martins, Franciele Diotti, Cl\u00e9rio Larentis, Jadir Jacinto, prefeito Antonio Vilson Bernardi, contador da prefeitura, Claudimir Zanella, secret\u00e1rios municipais e membros da comunidade.<\/div>\n<div dir=\"auto\"><img fetchpriority=\"high\" decoding=\"async\" class=\"alignnone size-medium wp-image-27870\" src=\"https:\/\/uvbbrasil.com.br\/wp-content\/uploads\/2022\/12\/318932252_2657583281038958_7241871412710633990_n-300x200.jpg\" alt=\"\" width=\"300\" height=\"200\" srcset=\"https:\/\/uvbbrasil.com.br\/wp-content\/uploads\/2022\/12\/318932252_2657583281038958_7241871412710633990_n-300x200.jpg 300w, https:\/\/uvbbrasil.com.br\/wp-content\/uploads\/2022\/12\/318932252_2657583281038958_7241871412710633990_n-1024x683.jpg 1024w, https:\/\/uvbbrasil.com.br\/wp-content\/uploads\/2022\/12\/318932252_2657583281038958_7241871412710633990_n-768x512.jpg 768w, https:\/\/uvbbrasil.com.br\/wp-content\/uploads\/2022\/12\/318932252_2657583281038958_7241871412710633990_n-1536x1024.jpg 1536w, https:\/\/uvbbrasil.com.br\/wp-content\/uploads\/2022\/12\/318932252_2657583281038958_7241871412710633990_n.jpg 2048w\" sizes=\"(max-width: 300px) 100vw, 300px\" \/><\/div>\n<div dir=\"auto\"><em>fonte<\/em><a href=\"https:\/\/www.facebook.com\/photo\/?fbid=2657583294372290&amp;set=pcb.2657585404372079\"><em>:<\/em>https:\/\/www.facebook.com\/photo\/?fbid=2657583294372290&amp;set=pcb.2657585404372079<\/a><\/div>\n<\/div>\n","protected":false},"excerpt":{"rendered":"<p>Com o objetivo de apresentar e debater a Lei Or\u00e7ament\u00e1ria Anual (LOA) para o exerc\u00edcio de 2023, a Administra\u00e7\u00e3o Municipal&#8230;<\/p>\n","protected":false},"author":1,"featured_media":27870,"comment_status":"open","ping_status":"open","sticky":false,"template":"","format":"standard","meta":{"footnotes":""},"categories":[3],"tags":[],"class_list":["post-27869","post","type-post","status-publish","format-standard","has-post-thumbnail","hentry","category-noticias"],"yoast_head":"<!-- This site is optimized with the Yoast SEO plugin v26.7 - https:\/\/yoast.com\/wordpress\/plugins\/seo\/ -->\n<title>Legislativo de Ira\u00ed\/RS, promove audi\u00eancia p\u00fablica para discutir Lei de Diretrizes Or\u00e7ament\u00e1rias 2023 - UVB Brasil<\/title>\n<meta name=\"robots\" content=\"index, follow, max-snippet:-1, max-image-preview:large, max-video-preview:-1\" \/>\n<link rel=\"canonical\" href=\"https:\/\/uvbbrasil.com.br\/legislativo-de-irai-rs-promove-audiencia-publica-para-discutir-lei-de-diretrizes-orcamentarias-2023\/\" \/>\n<meta property=\"og:locale\" content=\"pt_BR\" \/>\n<meta property=\"og:type\" content=\"article\" \/>\n<meta property=\"og:title\" content=\"Legislativo de Ira\u00ed\/RS, promove audi\u00eancia p\u00fablica para discutir Lei de Diretrizes Or\u00e7ament\u00e1rias 2023 - UVB Brasil\" \/>\n<meta property=\"og:description\" content=\"Com o objetivo de apresentar e debater a Lei Or\u00e7ament\u00e1ria Anual (LOA) para o exerc\u00edcio de 2023, a Administra\u00e7\u00e3o Municipal...\" \/>\n<meta property=\"og:url\" content=\"https:\/\/uvbbrasil.com.br\/legislativo-de-irai-rs-promove-audiencia-publica-para-discutir-lei-de-diretrizes-orcamentarias-2023\/\" \/>\n<meta property=\"og:site_name\" content=\"UVB Brasil\" \/>\n<meta property=\"article:publisher\" content=\"https:\/\/www.facebook.com\/uvb.vereadoresbrasil\" \/>\n<meta property=\"article:published_time\" content=\"2022-12-09T14:34:36+00:00\" \/>\n<meta property=\"og:image\" content=\"https:\/\/uvbbrasil.com.br\/wp-content\/uploads\/2022\/12\/318932252_2657583281038958_7241871412710633990_n.jpg\" \/>\n\t<meta property=\"og:image:width\" content=\"2048\" \/>\n\t<meta property=\"og:image:height\" content=\"1365\" \/>\n\t<meta property=\"og:image:type\" content=\"image\/jpeg\" \/>\n<meta name=\"author\" content=\"adminuvb\" \/>\n<meta name=\"twitter:card\" content=\"summary_large_image\" \/>\n<meta name=\"twitter:label1\" content=\"Escrito por\" \/>\n\t<meta name=\"twitter:data1\" content=\"adminuvb\" \/>\n\t<meta name=\"twitter:label2\" content=\"Est. tempo de leitura\" \/>\n\t<meta name=\"twitter:data2\" content=\"2 minutos\" \/>\n<script type=\"application\/ld+json\" class=\"yoast-schema-graph\">{\"@context\":\"https:\/\/schema.org\",\"@graph\":[{\"@type\":\"Article\",\"@id\":\"https:\/\/uvbbrasil.com.br\/legislativo-de-irai-rs-promove-audiencia-publica-para-discutir-lei-de-diretrizes-orcamentarias-2023\/#article\",\"isPartOf\":{\"@id\":\"https:\/\/uvbbrasil.com.br\/legislativo-de-irai-rs-promove-audiencia-publica-para-discutir-lei-de-diretrizes-orcamentarias-2023\/\"},\"author\":{\"name\":\"adminuvb\",\"@id\":\"https:\/\/uvbbrasil.com.br\/#\/schema\/person\/17990098446c098f52effddff4f1b272\"},\"headline\":\"Legislativo de Ira\u00ed\/RS, promove audi\u00eancia p\u00fablica para discutir Lei de Diretrizes Or\u00e7ament\u00e1rias 2023\",\"datePublished\":\"2022-12-09T14:34:36+00:00\",\"mainEntityOfPage\":{\"@id\":\"https:\/\/uvbbrasil.com.br\/legislativo-de-irai-rs-promove-audiencia-publica-para-discutir-lei-de-diretrizes-orcamentarias-2023\/\"},\"wordCount\":268,\"commentCount\":0,\"publisher\":{\"@id\":\"https:\/\/uvbbrasil.com.br\/#organization\"},\"image\":{\"@id\":\"https:\/\/uvbbrasil.com.br\/legislativo-de-irai-rs-promove-audiencia-publica-para-discutir-lei-de-diretrizes-orcamentarias-2023\/#primaryimage\"},\"thumbnailUrl\":\"https:\/\/uvbbrasil.com.br\/wp-content\/uploads\/2022\/12\/318932252_2657583281038958_7241871412710633990_n.jpg\",\"articleSection\":[\"NOT\u00cdCIAS\"],\"inLanguage\":\"pt-BR\",\"potentialAction\":[{\"@type\":\"CommentAction\",\"name\":\"Comment\",\"target\":[\"https:\/\/uvbbrasil.com.br\/legislativo-de-irai-rs-promove-audiencia-publica-para-discutir-lei-de-diretrizes-orcamentarias-2023\/#respond\"]}]},{\"@type\":\"WebPage\",\"@id\":\"https:\/\/uvbbrasil.com.br\/legislativo-de-irai-rs-promove-audiencia-publica-para-discutir-lei-de-diretrizes-orcamentarias-2023\/\",\"url\":\"https:\/\/uvbbrasil.com.br\/legislativo-de-irai-rs-promove-audiencia-publica-para-discutir-lei-de-diretrizes-orcamentarias-2023\/\",\"name\":\"Legislativo de Ira\u00ed\/RS, promove audi\u00eancia p\u00fablica para discutir Lei de Diretrizes Or\u00e7ament\u00e1rias 2023 - UVB Brasil\",\"isPartOf\":{\"@id\":\"https:\/\/uvbbrasil.com.br\/#website\"},\"primaryImageOfPage\":{\"@id\":\"https:\/\/uvbbrasil.com.br\/legislativo-de-irai-rs-promove-audiencia-publica-para-discutir-lei-de-diretrizes-orcamentarias-2023\/#primaryimage\"},\"image\":{\"@id\":\"https:\/\/uvbbrasil.com.br\/legislativo-de-irai-rs-promove-audiencia-publica-para-discutir-lei-de-diretrizes-orcamentarias-2023\/#primaryimage\"},\"thumbnailUrl\":\"https:\/\/uvbbrasil.com.br\/wp-content\/uploads\/2022\/12\/318932252_2657583281038958_7241871412710633990_n.jpg\",\"datePublished\":\"2022-12-09T14:34:36+00:00\",\"breadcrumb\":{\"@id\":\"https:\/\/uvbbrasil.com.br\/legislativo-de-irai-rs-promove-audiencia-publica-para-discutir-lei-de-diretrizes-orcamentarias-2023\/#breadcrumb\"},\"inLanguage\":\"pt-BR\",\"potentialAction\":[{\"@type\":\"ReadAction\",\"target\":[\"https:\/\/uvbbrasil.com.br\/legislativo-de-irai-rs-promove-audiencia-publica-para-discutir-lei-de-diretrizes-orcamentarias-2023\/\"]}]},{\"@type\":\"ImageObject\",\"inLanguage\":\"pt-BR\",\"@id\":\"https:\/\/uvbbrasil.com.br\/legislativo-de-irai-rs-promove-audiencia-publica-para-discutir-lei-de-diretrizes-orcamentarias-2023\/#primaryimage\",\"url\":\"https:\/\/uvbbrasil.com.br\/wp-content\/uploads\/2022\/12\/318932252_2657583281038958_7241871412710633990_n.jpg\",\"contentUrl\":\"https:\/\/uvbbrasil.com.br\/wp-content\/uploads\/2022\/12\/318932252_2657583281038958_7241871412710633990_n.jpg\",\"width\":2048,\"height\":1365},{\"@type\":\"BreadcrumbList\",\"@id\":\"https:\/\/uvbbrasil.com.br\/legislativo-de-irai-rs-promove-audiencia-publica-para-discutir-lei-de-diretrizes-orcamentarias-2023\/#breadcrumb\",\"itemListElement\":[{\"@type\":\"ListItem\",\"position\":1,\"name\":\"In\u00edcio\",\"item\":\"https:\/\/uvbbrasil.com.br\/\"},{\"@type\":\"ListItem\",\"position\":2,\"name\":\"Legislativo de Ira\u00ed\/RS, promove audi\u00eancia p\u00fablica para discutir Lei de Diretrizes Or\u00e7ament\u00e1rias 2023\"}]},{\"@type\":\"WebSite\",\"@id\":\"https:\/\/uvbbrasil.com.br\/#website\",\"url\":\"https:\/\/uvbbrasil.com.br\/\",\"name\":\"UVB Brasil\",\"description\":\"Uni\u00e3o dos Vereadores do Brasil\",\"publisher\":{\"@id\":\"https:\/\/uvbbrasil.com.br\/#organization\"},\"potentialAction\":[{\"@type\":\"SearchAction\",\"target\":{\"@type\":\"EntryPoint\",\"urlTemplate\":\"https:\/\/uvbbrasil.com.br\/?s={search_term_string}\"},\"query-input\":{\"@type\":\"PropertyValueSpecification\",\"valueRequired\":true,\"valueName\":\"search_term_string\"}}],\"inLanguage\":\"pt-BR\"},{\"@type\":\"Organization\",\"@id\":\"https:\/\/uvbbrasil.com.br\/#organization\",\"name\":\"UVB Brasil\",\"url\":\"https:\/\/uvbbrasil.com.br\/\",\"logo\":{\"@type\":\"ImageObject\",\"inLanguage\":\"pt-BR\",\"@id\":\"https:\/\/uvbbrasil.com.br\/#\/schema\/logo\/image\/\",\"url\":\"https:\/\/uvbbrasil.com.br\/wp-content\/uploads\/2025\/01\/LOGO-UVB-2024-azul-1.jpg\",\"contentUrl\":\"https:\/\/uvbbrasil.com.br\/wp-content\/uploads\/2025\/01\/LOGO-UVB-2024-azul-1.jpg\",\"width\":600,\"height\":211,\"caption\":\"UVB Brasil\"},\"image\":{\"@id\":\"https:\/\/uvbbrasil.com.br\/#\/schema\/logo\/image\/\"},\"sameAs\":[\"https:\/\/www.facebook.com\/uvb.vereadoresbrasil\",\"https:\/\/www.instagram.com\/uvbbrasil\/\",\"https:\/\/www.youtube.com\/channel\/UCIlPQ8Xzw5GHNzosQIg9S5A\"]},{\"@type\":\"Person\",\"@id\":\"https:\/\/uvbbrasil.com.br\/#\/schema\/person\/17990098446c098f52effddff4f1b272\",\"name\":\"adminuvb\",\"image\":{\"@type\":\"ImageObject\",\"inLanguage\":\"pt-BR\",\"@id\":\"https:\/\/uvbbrasil.com.br\/#\/schema\/person\/image\/\",\"url\":\"https:\/\/secure.gravatar.com\/avatar\/1a494ea6f8e2dd1ae526e55b0e9497efdba542491e0620d704cccf63c6f77c45?s=96&d=mm&r=g\",\"contentUrl\":\"https:\/\/secure.gravatar.com\/avatar\/1a494ea6f8e2dd1ae526e55b0e9497efdba542491e0620d704cccf63c6f77c45?s=96&d=mm&r=g\",\"caption\":\"adminuvb\"},\"sameAs\":[\"https:\/\/uvbbrasil.com.br\"],\"url\":\"https:\/\/uvbbrasil.com.br\/author\/adminuvb\/\"}]}<\/script>\n<!-- \/ Yoast SEO plugin. -->","yoast_head_json":{"title":"Legislativo de Ira\u00ed\/RS, promove audi\u00eancia p\u00fablica para discutir Lei de Diretrizes Or\u00e7ament\u00e1rias 2023 - UVB Brasil","robots":{"index":"index","follow":"follow","max-snippet":"max-snippet:-1","max-image-preview":"max-image-preview:large","max-video-preview":"max-video-preview:-1"},"canonical":"https:\/\/uvbbrasil.com.br\/legislativo-de-irai-rs-promove-audiencia-publica-para-discutir-lei-de-diretrizes-orcamentarias-2023\/","og_locale":"pt_BR","og_type":"article","og_title":"Legislativo de Ira\u00ed\/RS, promove audi\u00eancia p\u00fablica para discutir Lei de Diretrizes Or\u00e7ament\u00e1rias 2023 - UVB Brasil","og_description":"Com o objetivo de apresentar e debater a Lei Or\u00e7ament\u00e1ria Anual (LOA) para o exerc\u00edcio de 2023, a Administra\u00e7\u00e3o Municipal...","og_url":"https:\/\/uvbbrasil.com.br\/legislativo-de-irai-rs-promove-audiencia-publica-para-discutir-lei-de-diretrizes-orcamentarias-2023\/","og_site_name":"UVB Brasil","article_publisher":"https:\/\/www.facebook.com\/uvb.vereadoresbrasil","article_published_time":"2022-12-09T14:34:36+00:00","og_image":[{"width":2048,"height":1365,"url":"https:\/\/uvbbrasil.com.br\/wp-content\/uploads\/2022\/12\/318932252_2657583281038958_7241871412710633990_n.jpg","type":"image\/jpeg"}],"author":"adminuvb","twitter_card":"summary_large_image","twitter_misc":{"Escrito por":"adminuvb","Est. tempo de leitura":"2 minutos"},"schema":{"@context":"https:\/\/schema.org","@graph":[{"@type":"Article","@id":"https:\/\/uvbbrasil.com.br\/legislativo-de-irai-rs-promove-audiencia-publica-para-discutir-lei-de-diretrizes-orcamentarias-2023\/#article","isPartOf":{"@id":"https:\/\/uvbbrasil.com.br\/legislativo-de-irai-rs-promove-audiencia-publica-para-discutir-lei-de-diretrizes-orcamentarias-2023\/"},"author":{"name":"adminuvb","@id":"https:\/\/uvbbrasil.com.br\/#\/schema\/person\/17990098446c098f52effddff4f1b272"},"headline":"Legislativo de Ira\u00ed\/RS, promove audi\u00eancia p\u00fablica para discutir Lei de Diretrizes Or\u00e7ament\u00e1rias 2023","datePublished":"2022-12-09T14:34:36+00:00","mainEntityOfPage":{"@id":"https:\/\/uvbbrasil.com.br\/legislativo-de-irai-rs-promove-audiencia-publica-para-discutir-lei-de-diretrizes-orcamentarias-2023\/"},"wordCount":268,"commentCount":0,"publisher":{"@id":"https:\/\/uvbbrasil.com.br\/#organization"},"image":{"@id":"https:\/\/uvbbrasil.com.br\/legislativo-de-irai-rs-promove-audiencia-publica-para-discutir-lei-de-diretrizes-orcamentarias-2023\/#primaryimage"},"thumbnailUrl":"https:\/\/uvbbrasil.com.br\/wp-content\/uploads\/2022\/12\/318932252_2657583281038958_7241871412710633990_n.jpg","articleSection":["NOT\u00cdCIAS"],"inLanguage":"pt-BR","potentialAction":[{"@type":"CommentAction","name":"Comment","target":["https:\/\/uvbbrasil.com.br\/legislativo-de-irai-rs-promove-audiencia-publica-para-discutir-lei-de-diretrizes-orcamentarias-2023\/#respond"]}]},{"@type":"WebPage","@id":"https:\/\/uvbbrasil.com.br\/legislativo-de-irai-rs-promove-audiencia-publica-para-discutir-lei-de-diretrizes-orcamentarias-2023\/","url":"https:\/\/uvbbrasil.com.br\/legislativo-de-irai-rs-promove-audiencia-publica-para-discutir-lei-de-diretrizes-orcamentarias-2023\/","name":"Legislativo de Ira\u00ed\/RS, promove audi\u00eancia p\u00fablica para discutir Lei de Diretrizes Or\u00e7ament\u00e1rias 2023 - UVB Brasil","isPartOf":{"@id":"https:\/\/uvbbrasil.com.br\/#website"},"primaryImageOfPage":{"@id":"https:\/\/uvbbrasil.com.br\/legislativo-de-irai-rs-promove-audiencia-publica-para-discutir-lei-de-diretrizes-orcamentarias-2023\/#primaryimage"},"image":{"@id":"https:\/\/uvbbrasil.com.br\/legislativo-de-irai-rs-promove-audiencia-publica-para-discutir-lei-de-diretrizes-orcamentarias-2023\/#primaryimage"},"thumbnailUrl":"https:\/\/uvbbrasil.com.br\/wp-content\/uploads\/2022\/12\/318932252_2657583281038958_7241871412710633990_n.jpg","datePublished":"2022-12-09T14:34:36+00:00","breadcrumb":{"@id":"https:\/\/uvbbrasil.com.br\/legislativo-de-irai-rs-promove-audiencia-publica-para-discutir-lei-de-diretrizes-orcamentarias-2023\/#breadcrumb"},"inLanguage":"pt-BR","potentialAction":[{"@type":"ReadAction","target":["https:\/\/uvbbrasil.com.br\/legislativo-de-irai-rs-promove-audiencia-publica-para-discutir-lei-de-diretrizes-orcamentarias-2023\/"]}]},{"@type":"ImageObject","inLanguage":"pt-BR","@id":"https:\/\/uvbbrasil.com.br\/legislativo-de-irai-rs-promove-audiencia-publica-para-discutir-lei-de-diretrizes-orcamentarias-2023\/#primaryimage","url":"https:\/\/uvbbrasil.com.br\/wp-content\/uploads\/2022\/12\/318932252_2657583281038958_7241871412710633990_n.jpg","contentUrl":"https:\/\/uvbbrasil.com.br\/wp-content\/uploads\/2022\/12\/318932252_2657583281038958_7241871412710633990_n.jpg","width":2048,"height":1365},{"@type":"BreadcrumbList","@id":"https:\/\/uvbbrasil.com.br\/legislativo-de-irai-rs-promove-audiencia-publica-para-discutir-lei-de-diretrizes-orcamentarias-2023\/#breadcrumb","itemListElement":[{"@type":"ListItem","position":1,"name":"In\u00edcio","item":"https:\/\/uvbbrasil.com.br\/"},{"@type":"ListItem","position":2,"name":"Legislativo de Ira\u00ed\/RS, promove audi\u00eancia p\u00fablica para discutir Lei de Diretrizes Or\u00e7ament\u00e1rias 2023"}]},{"@type":"WebSite","@id":"https:\/\/uvbbrasil.com.br\/#website","url":"https:\/\/uvbbrasil.com.br\/","name":"UVB Brasil","description":"Uni\u00e3o dos Vereadores do Brasil","publisher":{"@id":"https:\/\/uvbbrasil.com.br\/#organization"},"potentialAction":[{"@type":"SearchAction","target":{"@type":"EntryPoint","urlTemplate":"https:\/\/uvbbrasil.com.br\/?s={search_term_string}"},"query-input":{"@type":"PropertyValueSpecification","valueRequired":true,"valueName":"search_term_string"}}],"inLanguage":"pt-BR"},{"@type":"Organization","@id":"https:\/\/uvbbrasil.com.br\/#organization","name":"UVB Brasil","url":"https:\/\/uvbbrasil.com.br\/","logo":{"@type":"ImageObject","inLanguage":"pt-BR","@id":"https:\/\/uvbbrasil.com.br\/#\/schema\/logo\/image\/","url":"https:\/\/uvbbrasil.com.br\/wp-content\/uploads\/2025\/01\/LOGO-UVB-2024-azul-1.jpg","contentUrl":"https:\/\/uvbbrasil.com.br\/wp-content\/uploads\/2025\/01\/LOGO-UVB-2024-azul-1.jpg","width":600,"height":211,"caption":"UVB Brasil"},"image":{"@id":"https:\/\/uvbbrasil.com.br\/#\/schema\/logo\/image\/"},"sameAs":["https:\/\/www.facebook.com\/uvb.vereadoresbrasil","https:\/\/www.instagram.com\/uvbbrasil\/","https:\/\/www.youtube.com\/channel\/UCIlPQ8Xzw5GHNzosQIg9S5A"]},{"@type":"Person","@id":"https:\/\/uvbbrasil.com.br\/#\/schema\/person\/17990098446c098f52effddff4f1b272","name":"adminuvb","image":{"@type":"ImageObject","inLanguage":"pt-BR","@id":"https:\/\/uvbbrasil.com.br\/#\/schema\/person\/image\/","url":"https:\/\/secure.gravatar.com\/avatar\/1a494ea6f8e2dd1ae526e55b0e9497efdba542491e0620d704cccf63c6f77c45?s=96&d=mm&r=g","contentUrl":"https:\/\/secure.gravatar.com\/avatar\/1a494ea6f8e2dd1ae526e55b0e9497efdba542491e0620d704cccf63c6f77c45?s=96&d=mm&r=g","caption":"adminuvb"},"sameAs":["https:\/\/uvbbrasil.com.br"],"url":"https:\/\/uvbbrasil.com.br\/author\/adminuvb\/"}]}},"_links":{"self":[{"href":"https:\/\/uvbbrasil.com.br\/uvb-json\/wp\/v2\/posts\/27869","targetHints":{"allow":["GET"]}}],"collection":[{"href":"https:\/\/uvbbrasil.com.br\/uvb-json\/wp\/v2\/posts"}],"about":[{"href":"https:\/\/uvbbrasil.com.br\/uvb-json\/wp\/v2\/types\/post"}],"author":[{"embeddable":true,"href":"https:\/\/uvbbrasil.com.br\/uvb-json\/wp\/v2\/users\/1"}],"replies":[{"embeddable":true,"href":"https:\/\/uvbbrasil.com.br\/uvb-json\/wp\/v2\/comments?post=27869"}],"version-history":[{"count":0,"href":"https:\/\/uvbbrasil.com.br\/uvb-json\/wp\/v2\/posts\/27869\/revisions"}],"wp:featuredmedia":[{"embeddable":true,"href":"https:\/\/uvbbrasil.com.br\/uvb-json\/wp\/v2\/media\/27870"}],"wp:attachment":[{"href":"https:\/\/uvbbrasil.com.br\/uvb-json\/wp\/v2\/media?parent=27869"}],"wp:term":[{"taxonomy":"category","embeddable":true,"href":"https:\/\/uvbbrasil.com.br\/uvb-json\/wp\/v2\/categories?post=27869"},{"taxonomy":"post_tag","embeddable":true,"href":"https:\/\/uvbbrasil.com.br\/uvb-json\/wp\/v2\/tags?post=27869"}],"curies":[{"name":"wp","href":"https:\/\/api.w.org\/{rel}","templated":true}]}}