{"id":27843,"date":"2022-12-07T15:31:52","date_gmt":"2022-12-07T18:31:52","guid":{"rendered":"https:\/\/wpsandbox4.pante.com.br\/?p=27843"},"modified":"2022-12-07T15:31:52","modified_gmt":"2022-12-07T18:31:52","slug":"congresso-de-legislativos-em-foz-do-iguacu-pr","status":"publish","type":"post","link":"https:\/\/uvbbrasil.com.br\/congresso-de-legislativos-em-foz-do-iguacu-pr\/","title":{"rendered":"Congresso de Legislativos da UVB e UVEPAR em Foz do Igua\u00e7u\/PR"},"content":{"rendered":"<p>Na manha desta quarta-feira(07) durante a programa\u00e7\u00e3o do Congresso de Legislativos da UVB e UVEPAR em Foz do Igua\u00e7u\/PR,\u00a0 Dr. Paulo S\u00e9rgio Guedes, Advogado h\u00e1 24 anos, Assessor Jur\u00eddico da UVEPAR, P\u00f3s-Graduado em Direito Administrativo (IRFBF, explicou aos participantes do evento sobre\u00a0 Os desafios da Lei de Improbidade com o advento da Lei 14.230\/21.<\/p>\n<p>Citou a Improbidade administrativa,\u00a0 <strong>Art. 37.<\/strong> A administra\u00e7\u00e3o p\u00fablica direta e indireta de qualquer dos Poderes da Uni\u00e3o, dos Estados, do Distrito Federal e dos Munic\u00edpios obedecer\u00e1 aos princ\u00edpios de legalidade, impessoalidade, moralidade, publicidade e efici\u00eancia e, tamb\u00e9m, ao seguinte, os 4\u00ba Os atos de improbidade administrativa importar\u00e3o a suspens\u00e3o dos direitos pol\u00edticos, a perda da fun\u00e7\u00e3o p\u00fablica, a indisponibilidade dos bens e o ressarcimento ao er\u00e1rio, na forma e grada\u00e7\u00e3o previstas em lei, sem preju\u00edzo da a\u00e7\u00e3o penal cab\u00edvel. Os Princ\u00edpios da Administra\u00e7\u00e3o P\u00fablica Princ\u00edpios\u00a0 regras que servem de interpreta\u00e7\u00e3o das demais normas jur\u00eddicas; alicerces do sistema jur\u00eddico: orientam a compreens\u00e3o, a l\u00f3gica, o sentido do ordenamento (eliminar lacunas, oferecendo coer\u00eancia e harmonia para o ordenamento jur\u00eddico).Princ\u00edpios da Supremacia e Indisponibilidade do Interesse P\u00fablico (\u201cSupraprinc\u00edpios\u201d);PRINC\u00cdPIOS CONSTITUCIONAIS (\u201cL.I.M.P.E.\u201d) Servidor e Terceiros Para o servidor p\u00fablico, a culpa n\u00e3o dolosa ainda enseja responsabiliza\u00e7\u00e3o <em>administrativa<\/em> (ESTATUTO), Entidades privadas tamb\u00e9m est\u00e3o sujeitas a LIA (dolo).<\/p>\n<p>A responsabiliza\u00e7\u00e3o de terceiros est\u00e1 condicionada \u00e0 efetiva influ\u00eancia dolosa na pr\u00e1tica il\u00edcita (afastando a responsabilidade daqueles que n\u00e3o participaram do ato tido como \u00edmprobo). S\u00f3cios, cotistas, diretores e colaboradores de <u>pessoa jur\u00eddica de direito privado<\/u> n\u00e3o respondem por improbidade que venha a ser imputado \u00e0 pessoa jur\u00eddica, salvo se ficar comprovada a efetiva participa\u00e7\u00e3o e a obten\u00e7\u00e3o de benef\u00edcios diretos.<\/p>\n<p>Lei 14230\/2021 (principais altera\u00e7\u00f5es), Lei 14230\/2021 (principais altera\u00e7\u00f5es, Declara\u00e7\u00e3o de Bens (art. 13), <u>Art. 9\u00ba<\/u>: ENRIQUECIMENTO IL\u00cdCITO<strong>,<\/strong><u> Art. 10: LES\u00c3O AO ER\u00c1RIO,<\/u> <u>Art. 11:ATENTAR CONTRA PRINC\u00cdPIOS, Defesa Judicial, \u00a0RETROATIVIDADE,<\/u> <u>Tema 1.199 do STF,, Prescri\u00e7\u00e3o (art. 23 da LIA)<\/u><\/p>\n<p><img fetchpriority=\"high\" decoding=\"async\" class=\"alignnone size-medium wp-image-27844\" src=\"https:\/\/uvbbrasil.com.br\/wp-content\/uploads\/2022\/12\/WhatsApp-Image-2022-12-07-at-09.55.59-300x225.jpeg\" alt=\"\" width=\"300\" height=\"225\" srcset=\"https:\/\/uvbbrasil.com.br\/wp-content\/uploads\/2022\/12\/WhatsApp-Image-2022-12-07-at-09.55.59-300x225.jpeg 300w, https:\/\/uvbbrasil.com.br\/wp-content\/uploads\/2022\/12\/WhatsApp-Image-2022-12-07-at-09.55.59-1024x768.jpeg 1024w, https:\/\/uvbbrasil.com.br\/wp-content\/uploads\/2022\/12\/WhatsApp-Image-2022-12-07-at-09.55.59-768x576.jpeg 768w, https:\/\/uvbbrasil.com.br\/wp-content\/uploads\/2022\/12\/WhatsApp-Image-2022-12-07-at-09.55.59-1536x1152.jpeg 1536w, https:\/\/uvbbrasil.com.br\/wp-content\/uploads\/2022\/12\/WhatsApp-Image-2022-12-07-at-09.55.59.jpeg 1600w\" sizes=\"(max-width: 300px) 100vw, 300px\" \/><img decoding=\"async\" class=\"alignnone size-medium wp-image-27845\" src=\"https:\/\/uvbbrasil.com.br\/wp-content\/uploads\/2022\/12\/WhatsApp-Image-2022-12-07-at-09.55.59-1-300x225.jpeg\" alt=\"\" width=\"300\" height=\"225\" srcset=\"https:\/\/uvbbrasil.com.br\/wp-content\/uploads\/2022\/12\/WhatsApp-Image-2022-12-07-at-09.55.59-1-300x225.jpeg 300w, https:\/\/uvbbrasil.com.br\/wp-content\/uploads\/2022\/12\/WhatsApp-Image-2022-12-07-at-09.55.59-1-1024x768.jpeg 1024w, https:\/\/uvbbrasil.com.br\/wp-content\/uploads\/2022\/12\/WhatsApp-Image-2022-12-07-at-09.55.59-1-768x576.jpeg 768w, https:\/\/uvbbrasil.com.br\/wp-content\/uploads\/2022\/12\/WhatsApp-Image-2022-12-07-at-09.55.59-1-1536x1152.jpeg 1536w, https:\/\/uvbbrasil.com.br\/wp-content\/uploads\/2022\/12\/WhatsApp-Image-2022-12-07-at-09.55.59-1.jpeg 1600w\" sizes=\"(max-width: 300px) 100vw, 300px\" \/> <img decoding=\"async\" class=\"alignnone size-medium wp-image-27847\" src=\"https:\/\/uvbbrasil.com.br\/wp-content\/uploads\/2022\/12\/WhatsApp-Image-2022-12-07-at-09.56.00-1-300x225.jpeg\" alt=\"\" width=\"300\" height=\"225\" srcset=\"https:\/\/uvbbrasil.com.br\/wp-content\/uploads\/2022\/12\/WhatsApp-Image-2022-12-07-at-09.56.00-1-300x225.jpeg 300w, https:\/\/uvbbrasil.com.br\/wp-content\/uploads\/2022\/12\/WhatsApp-Image-2022-12-07-at-09.56.00-1-1024x768.jpeg 1024w, https:\/\/uvbbrasil.com.br\/wp-content\/uploads\/2022\/12\/WhatsApp-Image-2022-12-07-at-09.56.00-1-768x576.jpeg 768w, https:\/\/uvbbrasil.com.br\/wp-content\/uploads\/2022\/12\/WhatsApp-Image-2022-12-07-at-09.56.00-1-1536x1152.jpeg 1536w, https:\/\/uvbbrasil.com.br\/wp-content\/uploads\/2022\/12\/WhatsApp-Image-2022-12-07-at-09.56.00-1.jpeg 1600w\" sizes=\"(max-width: 300px) 100vw, 300px\" \/><img loading=\"lazy\" decoding=\"async\" class=\"alignnone size-medium wp-image-27848\" src=\"https:\/\/uvbbrasil.com.br\/wp-content\/uploads\/2022\/12\/WhatsApp-Image-2022-12-07-at-09.55.58-300x225.jpeg\" alt=\"\" width=\"300\" height=\"225\" srcset=\"https:\/\/uvbbrasil.com.br\/wp-content\/uploads\/2022\/12\/WhatsApp-Image-2022-12-07-at-09.55.58-300x225.jpeg 300w, https:\/\/uvbbrasil.com.br\/wp-content\/uploads\/2022\/12\/WhatsApp-Image-2022-12-07-at-09.55.58-1024x768.jpeg 1024w, https:\/\/uvbbrasil.com.br\/wp-content\/uploads\/2022\/12\/WhatsApp-Image-2022-12-07-at-09.55.58-768x576.jpeg 768w, https:\/\/uvbbrasil.com.br\/wp-content\/uploads\/2022\/12\/WhatsApp-Image-2022-12-07-at-09.55.58-1536x1152.jpeg 1536w, https:\/\/uvbbrasil.com.br\/wp-content\/uploads\/2022\/12\/WhatsApp-Image-2022-12-07-at-09.55.58.jpeg 1600w\" sizes=\"(max-width: 300px) 100vw, 300px\" \/><img loading=\"lazy\" decoding=\"async\" class=\"alignnone size-medium wp-image-27846\" src=\"https:\/\/uvbbrasil.com.br\/wp-content\/uploads\/2022\/12\/WhatsApp-Image-2022-12-07-at-09.56.00-300x225.jpeg\" alt=\"\" width=\"300\" height=\"225\" srcset=\"https:\/\/uvbbrasil.com.br\/wp-content\/uploads\/2022\/12\/WhatsApp-Image-2022-12-07-at-09.56.00-300x225.jpeg 300w, https:\/\/uvbbrasil.com.br\/wp-content\/uploads\/2022\/12\/WhatsApp-Image-2022-12-07-at-09.56.00-1024x768.jpeg 1024w, https:\/\/uvbbrasil.com.br\/wp-content\/uploads\/2022\/12\/WhatsApp-Image-2022-12-07-at-09.56.00-768x576.jpeg 768w, https:\/\/uvbbrasil.com.br\/wp-content\/uploads\/2022\/12\/WhatsApp-Image-2022-12-07-at-09.56.00-1536x1152.jpeg 1536w, https:\/\/uvbbrasil.com.br\/wp-content\/uploads\/2022\/12\/WhatsApp-Image-2022-12-07-at-09.56.00.jpeg 1600w\" sizes=\"(max-width: 300px) 100vw, 300px\" \/><\/p>\n","protected":false},"excerpt":{"rendered":"<p>Na manha desta quarta-feira(07) durante a programa\u00e7\u00e3o do Congresso de Legislativos da UVB e UVEPAR em Foz do Igua\u00e7u\/PR,\u00a0 Dr&#8230;.<\/p>\n","protected":false},"author":1,"featured_media":27848,"comment_status":"open","ping_status":"open","sticky":false,"template":"","format":"standard","meta":{"footnotes":""},"categories":[3,4],"tags":[],"class_list":["post-27843","post","type-post","status-publish","format-standard","has-post-thumbnail","hentry","category-noticias","category-home"],"yoast_head":"<!-- This site is optimized with the Yoast SEO plugin v26.7 - https:\/\/yoast.com\/wordpress\/plugins\/seo\/ -->\n<title>Congresso de Legislativos da UVB e UVEPAR em Foz do Igua\u00e7u\/PR - UVB Brasil<\/title>\n<meta name=\"robots\" content=\"index, follow, max-snippet:-1, max-image-preview:large, max-video-preview:-1\" \/>\n<link rel=\"canonical\" href=\"https:\/\/uvbbrasil.com.br\/congresso-de-legislativos-em-foz-do-iguacu-pr\/\" \/>\n<meta property=\"og:locale\" content=\"pt_BR\" \/>\n<meta property=\"og:type\" content=\"article\" \/>\n<meta property=\"og:title\" content=\"Congresso de Legislativos da UVB e UVEPAR em Foz do Igua\u00e7u\/PR - UVB Brasil\" \/>\n<meta property=\"og:description\" content=\"Na manha desta quarta-feira(07) durante a programa\u00e7\u00e3o do Congresso de Legislativos da UVB e UVEPAR em Foz do Igua\u00e7u\/PR,\u00a0 Dr....\" \/>\n<meta property=\"og:url\" content=\"https:\/\/uvbbrasil.com.br\/congresso-de-legislativos-em-foz-do-iguacu-pr\/\" \/>\n<meta property=\"og:site_name\" content=\"UVB Brasil\" \/>\n<meta property=\"article:publisher\" content=\"https:\/\/www.facebook.com\/uvb.vereadoresbrasil\" \/>\n<meta property=\"article:published_time\" content=\"2022-12-07T18:31:52+00:00\" \/>\n<meta property=\"og:image\" content=\"https:\/\/uvbbrasil.com.br\/wp-content\/uploads\/2022\/12\/WhatsApp-Image-2022-12-07-at-09.55.58.jpeg\" \/>\n\t<meta property=\"og:image:width\" content=\"1600\" \/>\n\t<meta property=\"og:image:height\" content=\"1200\" \/>\n\t<meta property=\"og:image:type\" content=\"image\/jpeg\" \/>\n<meta name=\"author\" content=\"adminuvb\" \/>\n<meta name=\"twitter:card\" content=\"summary_large_image\" \/>\n<meta name=\"twitter:label1\" content=\"Escrito por\" \/>\n\t<meta name=\"twitter:data1\" content=\"adminuvb\" \/>\n\t<meta name=\"twitter:label2\" content=\"Est. tempo de leitura\" \/>\n\t<meta name=\"twitter:data2\" content=\"3 minutos\" \/>\n<script type=\"application\/ld+json\" class=\"yoast-schema-graph\">{\"@context\":\"https:\/\/schema.org\",\"@graph\":[{\"@type\":\"Article\",\"@id\":\"https:\/\/uvbbrasil.com.br\/congresso-de-legislativos-em-foz-do-iguacu-pr\/#article\",\"isPartOf\":{\"@id\":\"https:\/\/uvbbrasil.com.br\/congresso-de-legislativos-em-foz-do-iguacu-pr\/\"},\"author\":{\"name\":\"adminuvb\",\"@id\":\"https:\/\/uvbbrasil.com.br\/#\/schema\/person\/17990098446c098f52effddff4f1b272\"},\"headline\":\"Congresso de Legislativos da UVB e UVEPAR em Foz do Igua\u00e7u\/PR\",\"datePublished\":\"2022-12-07T18:31:52+00:00\",\"mainEntityOfPage\":{\"@id\":\"https:\/\/uvbbrasil.com.br\/congresso-de-legislativos-em-foz-do-iguacu-pr\/\"},\"wordCount\":374,\"commentCount\":0,\"publisher\":{\"@id\":\"https:\/\/uvbbrasil.com.br\/#organization\"},\"image\":{\"@id\":\"https:\/\/uvbbrasil.com.br\/congresso-de-legislativos-em-foz-do-iguacu-pr\/#primaryimage\"},\"thumbnailUrl\":\"https:\/\/uvbbrasil.com.br\/wp-content\/uploads\/2022\/12\/WhatsApp-Image-2022-12-07-at-09.55.58.jpeg\",\"articleSection\":[\"NOT\u00cdCIAS\",\"UVB\"],\"inLanguage\":\"pt-BR\",\"potentialAction\":[{\"@type\":\"CommentAction\",\"name\":\"Comment\",\"target\":[\"https:\/\/uvbbrasil.com.br\/congresso-de-legislativos-em-foz-do-iguacu-pr\/#respond\"]}]},{\"@type\":\"WebPage\",\"@id\":\"https:\/\/uvbbrasil.com.br\/congresso-de-legislativos-em-foz-do-iguacu-pr\/\",\"url\":\"https:\/\/uvbbrasil.com.br\/congresso-de-legislativos-em-foz-do-iguacu-pr\/\",\"name\":\"Congresso de Legislativos da UVB e UVEPAR em Foz do Igua\u00e7u\/PR - UVB Brasil\",\"isPartOf\":{\"@id\":\"https:\/\/uvbbrasil.com.br\/#website\"},\"primaryImageOfPage\":{\"@id\":\"https:\/\/uvbbrasil.com.br\/congresso-de-legislativos-em-foz-do-iguacu-pr\/#primaryimage\"},\"image\":{\"@id\":\"https:\/\/uvbbrasil.com.br\/congresso-de-legislativos-em-foz-do-iguacu-pr\/#primaryimage\"},\"thumbnailUrl\":\"https:\/\/uvbbrasil.com.br\/wp-content\/uploads\/2022\/12\/WhatsApp-Image-2022-12-07-at-09.55.58.jpeg\",\"datePublished\":\"2022-12-07T18:31:52+00:00\",\"breadcrumb\":{\"@id\":\"https:\/\/uvbbrasil.com.br\/congresso-de-legislativos-em-foz-do-iguacu-pr\/#breadcrumb\"},\"inLanguage\":\"pt-BR\",\"potentialAction\":[{\"@type\":\"ReadAction\",\"target\":[\"https:\/\/uvbbrasil.com.br\/congresso-de-legislativos-em-foz-do-iguacu-pr\/\"]}]},{\"@type\":\"ImageObject\",\"inLanguage\":\"pt-BR\",\"@id\":\"https:\/\/uvbbrasil.com.br\/congresso-de-legislativos-em-foz-do-iguacu-pr\/#primaryimage\",\"url\":\"https:\/\/uvbbrasil.com.br\/wp-content\/uploads\/2022\/12\/WhatsApp-Image-2022-12-07-at-09.55.58.jpeg\",\"contentUrl\":\"https:\/\/uvbbrasil.com.br\/wp-content\/uploads\/2022\/12\/WhatsApp-Image-2022-12-07-at-09.55.58.jpeg\",\"width\":1600,\"height\":1200},{\"@type\":\"BreadcrumbList\",\"@id\":\"https:\/\/uvbbrasil.com.br\/congresso-de-legislativos-em-foz-do-iguacu-pr\/#breadcrumb\",\"itemListElement\":[{\"@type\":\"ListItem\",\"position\":1,\"name\":\"In\u00edcio\",\"item\":\"https:\/\/uvbbrasil.com.br\/\"},{\"@type\":\"ListItem\",\"position\":2,\"name\":\"Congresso de Legislativos da UVB e UVEPAR em Foz do Igua\u00e7u\/PR\"}]},{\"@type\":\"WebSite\",\"@id\":\"https:\/\/uvbbrasil.com.br\/#website\",\"url\":\"https:\/\/uvbbrasil.com.br\/\",\"name\":\"UVB Brasil\",\"description\":\"Uni\u00e3o dos Vereadores do Brasil\",\"publisher\":{\"@id\":\"https:\/\/uvbbrasil.com.br\/#organization\"},\"potentialAction\":[{\"@type\":\"SearchAction\",\"target\":{\"@type\":\"EntryPoint\",\"urlTemplate\":\"https:\/\/uvbbrasil.com.br\/?s={search_term_string}\"},\"query-input\":{\"@type\":\"PropertyValueSpecification\",\"valueRequired\":true,\"valueName\":\"search_term_string\"}}],\"inLanguage\":\"pt-BR\"},{\"@type\":\"Organization\",\"@id\":\"https:\/\/uvbbrasil.com.br\/#organization\",\"name\":\"UVB Brasil\",\"url\":\"https:\/\/uvbbrasil.com.br\/\",\"logo\":{\"@type\":\"ImageObject\",\"inLanguage\":\"pt-BR\",\"@id\":\"https:\/\/uvbbrasil.com.br\/#\/schema\/logo\/image\/\",\"url\":\"https:\/\/uvbbrasil.com.br\/wp-content\/uploads\/2025\/01\/LOGO-UVB-2024-azul-1.jpg\",\"contentUrl\":\"https:\/\/uvbbrasil.com.br\/wp-content\/uploads\/2025\/01\/LOGO-UVB-2024-azul-1.jpg\",\"width\":600,\"height\":211,\"caption\":\"UVB Brasil\"},\"image\":{\"@id\":\"https:\/\/uvbbrasil.com.br\/#\/schema\/logo\/image\/\"},\"sameAs\":[\"https:\/\/www.facebook.com\/uvb.vereadoresbrasil\",\"https:\/\/www.instagram.com\/uvbbrasil\/\",\"https:\/\/www.youtube.com\/channel\/UCIlPQ8Xzw5GHNzosQIg9S5A\"]},{\"@type\":\"Person\",\"@id\":\"https:\/\/uvbbrasil.com.br\/#\/schema\/person\/17990098446c098f52effddff4f1b272\",\"name\":\"adminuvb\",\"image\":{\"@type\":\"ImageObject\",\"inLanguage\":\"pt-BR\",\"@id\":\"https:\/\/uvbbrasil.com.br\/#\/schema\/person\/image\/\",\"url\":\"https:\/\/secure.gravatar.com\/avatar\/1a494ea6f8e2dd1ae526e55b0e9497efdba542491e0620d704cccf63c6f77c45?s=96&d=mm&r=g\",\"contentUrl\":\"https:\/\/secure.gravatar.com\/avatar\/1a494ea6f8e2dd1ae526e55b0e9497efdba542491e0620d704cccf63c6f77c45?s=96&d=mm&r=g\",\"caption\":\"adminuvb\"},\"sameAs\":[\"https:\/\/uvbbrasil.com.br\"],\"url\":\"https:\/\/uvbbrasil.com.br\/author\/adminuvb\/\"}]}<\/script>\n<!-- \/ Yoast SEO plugin. -->","yoast_head_json":{"title":"Congresso de Legislativos da UVB e UVEPAR em Foz do Igua\u00e7u\/PR - UVB Brasil","robots":{"index":"index","follow":"follow","max-snippet":"max-snippet:-1","max-image-preview":"max-image-preview:large","max-video-preview":"max-video-preview:-1"},"canonical":"https:\/\/uvbbrasil.com.br\/congresso-de-legislativos-em-foz-do-iguacu-pr\/","og_locale":"pt_BR","og_type":"article","og_title":"Congresso de Legislativos da UVB e UVEPAR em Foz do Igua\u00e7u\/PR - UVB Brasil","og_description":"Na manha desta quarta-feira(07) durante a programa\u00e7\u00e3o do Congresso de Legislativos da UVB e UVEPAR em Foz do Igua\u00e7u\/PR,\u00a0 Dr....","og_url":"https:\/\/uvbbrasil.com.br\/congresso-de-legislativos-em-foz-do-iguacu-pr\/","og_site_name":"UVB Brasil","article_publisher":"https:\/\/www.facebook.com\/uvb.vereadoresbrasil","article_published_time":"2022-12-07T18:31:52+00:00","og_image":[{"width":1600,"height":1200,"url":"https:\/\/uvbbrasil.com.br\/wp-content\/uploads\/2022\/12\/WhatsApp-Image-2022-12-07-at-09.55.58.jpeg","type":"image\/jpeg"}],"author":"adminuvb","twitter_card":"summary_large_image","twitter_misc":{"Escrito por":"adminuvb","Est. tempo de leitura":"3 minutos"},"schema":{"@context":"https:\/\/schema.org","@graph":[{"@type":"Article","@id":"https:\/\/uvbbrasil.com.br\/congresso-de-legislativos-em-foz-do-iguacu-pr\/#article","isPartOf":{"@id":"https:\/\/uvbbrasil.com.br\/congresso-de-legislativos-em-foz-do-iguacu-pr\/"},"author":{"name":"adminuvb","@id":"https:\/\/uvbbrasil.com.br\/#\/schema\/person\/17990098446c098f52effddff4f1b272"},"headline":"Congresso de Legislativos da UVB e UVEPAR em Foz do Igua\u00e7u\/PR","datePublished":"2022-12-07T18:31:52+00:00","mainEntityOfPage":{"@id":"https:\/\/uvbbrasil.com.br\/congresso-de-legislativos-em-foz-do-iguacu-pr\/"},"wordCount":374,"commentCount":0,"publisher":{"@id":"https:\/\/uvbbrasil.com.br\/#organization"},"image":{"@id":"https:\/\/uvbbrasil.com.br\/congresso-de-legislativos-em-foz-do-iguacu-pr\/#primaryimage"},"thumbnailUrl":"https:\/\/uvbbrasil.com.br\/wp-content\/uploads\/2022\/12\/WhatsApp-Image-2022-12-07-at-09.55.58.jpeg","articleSection":["NOT\u00cdCIAS","UVB"],"inLanguage":"pt-BR","potentialAction":[{"@type":"CommentAction","name":"Comment","target":["https:\/\/uvbbrasil.com.br\/congresso-de-legislativos-em-foz-do-iguacu-pr\/#respond"]}]},{"@type":"WebPage","@id":"https:\/\/uvbbrasil.com.br\/congresso-de-legislativos-em-foz-do-iguacu-pr\/","url":"https:\/\/uvbbrasil.com.br\/congresso-de-legislativos-em-foz-do-iguacu-pr\/","name":"Congresso de Legislativos da UVB e UVEPAR em Foz do Igua\u00e7u\/PR - UVB Brasil","isPartOf":{"@id":"https:\/\/uvbbrasil.com.br\/#website"},"primaryImageOfPage":{"@id":"https:\/\/uvbbrasil.com.br\/congresso-de-legislativos-em-foz-do-iguacu-pr\/#primaryimage"},"image":{"@id":"https:\/\/uvbbrasil.com.br\/congresso-de-legislativos-em-foz-do-iguacu-pr\/#primaryimage"},"thumbnailUrl":"https:\/\/uvbbrasil.com.br\/wp-content\/uploads\/2022\/12\/WhatsApp-Image-2022-12-07-at-09.55.58.jpeg","datePublished":"2022-12-07T18:31:52+00:00","breadcrumb":{"@id":"https:\/\/uvbbrasil.com.br\/congresso-de-legislativos-em-foz-do-iguacu-pr\/#breadcrumb"},"inLanguage":"pt-BR","potentialAction":[{"@type":"ReadAction","target":["https:\/\/uvbbrasil.com.br\/congresso-de-legislativos-em-foz-do-iguacu-pr\/"]}]},{"@type":"ImageObject","inLanguage":"pt-BR","@id":"https:\/\/uvbbrasil.com.br\/congresso-de-legislativos-em-foz-do-iguacu-pr\/#primaryimage","url":"https:\/\/uvbbrasil.com.br\/wp-content\/uploads\/2022\/12\/WhatsApp-Image-2022-12-07-at-09.55.58.jpeg","contentUrl":"https:\/\/uvbbrasil.com.br\/wp-content\/uploads\/2022\/12\/WhatsApp-Image-2022-12-07-at-09.55.58.jpeg","width":1600,"height":1200},{"@type":"BreadcrumbList","@id":"https:\/\/uvbbrasil.com.br\/congresso-de-legislativos-em-foz-do-iguacu-pr\/#breadcrumb","itemListElement":[{"@type":"ListItem","position":1,"name":"In\u00edcio","item":"https:\/\/uvbbrasil.com.br\/"},{"@type":"ListItem","position":2,"name":"Congresso de Legislativos da UVB e UVEPAR em Foz do Igua\u00e7u\/PR"}]},{"@type":"WebSite","@id":"https:\/\/uvbbrasil.com.br\/#website","url":"https:\/\/uvbbrasil.com.br\/","name":"UVB Brasil","description":"Uni\u00e3o dos Vereadores do Brasil","publisher":{"@id":"https:\/\/uvbbrasil.com.br\/#organization"},"potentialAction":[{"@type":"SearchAction","target":{"@type":"EntryPoint","urlTemplate":"https:\/\/uvbbrasil.com.br\/?s={search_term_string}"},"query-input":{"@type":"PropertyValueSpecification","valueRequired":true,"valueName":"search_term_string"}}],"inLanguage":"pt-BR"},{"@type":"Organization","@id":"https:\/\/uvbbrasil.com.br\/#organization","name":"UVB Brasil","url":"https:\/\/uvbbrasil.com.br\/","logo":{"@type":"ImageObject","inLanguage":"pt-BR","@id":"https:\/\/uvbbrasil.com.br\/#\/schema\/logo\/image\/","url":"https:\/\/uvbbrasil.com.br\/wp-content\/uploads\/2025\/01\/LOGO-UVB-2024-azul-1.jpg","contentUrl":"https:\/\/uvbbrasil.com.br\/wp-content\/uploads\/2025\/01\/LOGO-UVB-2024-azul-1.jpg","width":600,"height":211,"caption":"UVB Brasil"},"image":{"@id":"https:\/\/uvbbrasil.com.br\/#\/schema\/logo\/image\/"},"sameAs":["https:\/\/www.facebook.com\/uvb.vereadoresbrasil","https:\/\/www.instagram.com\/uvbbrasil\/","https:\/\/www.youtube.com\/channel\/UCIlPQ8Xzw5GHNzosQIg9S5A"]},{"@type":"Person","@id":"https:\/\/uvbbrasil.com.br\/#\/schema\/person\/17990098446c098f52effddff4f1b272","name":"adminuvb","image":{"@type":"ImageObject","inLanguage":"pt-BR","@id":"https:\/\/uvbbrasil.com.br\/#\/schema\/person\/image\/","url":"https:\/\/secure.gravatar.com\/avatar\/1a494ea6f8e2dd1ae526e55b0e9497efdba542491e0620d704cccf63c6f77c45?s=96&d=mm&r=g","contentUrl":"https:\/\/secure.gravatar.com\/avatar\/1a494ea6f8e2dd1ae526e55b0e9497efdba542491e0620d704cccf63c6f77c45?s=96&d=mm&r=g","caption":"adminuvb"},"sameAs":["https:\/\/uvbbrasil.com.br"],"url":"https:\/\/uvbbrasil.com.br\/author\/adminuvb\/"}]}},"_links":{"self":[{"href":"https:\/\/uvbbrasil.com.br\/uvb-json\/wp\/v2\/posts\/27843","targetHints":{"allow":["GET"]}}],"collection":[{"href":"https:\/\/uvbbrasil.com.br\/uvb-json\/wp\/v2\/posts"}],"about":[{"href":"https:\/\/uvbbrasil.com.br\/uvb-json\/wp\/v2\/types\/post"}],"author":[{"embeddable":true,"href":"https:\/\/uvbbrasil.com.br\/uvb-json\/wp\/v2\/users\/1"}],"replies":[{"embeddable":true,"href":"https:\/\/uvbbrasil.com.br\/uvb-json\/wp\/v2\/comments?post=27843"}],"version-history":[{"count":0,"href":"https:\/\/uvbbrasil.com.br\/uvb-json\/wp\/v2\/posts\/27843\/revisions"}],"wp:featuredmedia":[{"embeddable":true,"href":"https:\/\/uvbbrasil.com.br\/uvb-json\/wp\/v2\/media\/27848"}],"wp:attachment":[{"href":"https:\/\/uvbbrasil.com.br\/uvb-json\/wp\/v2\/media?parent=27843"}],"wp:term":[{"taxonomy":"category","embeddable":true,"href":"https:\/\/uvbbrasil.com.br\/uvb-json\/wp\/v2\/categories?post=27843"},{"taxonomy":"post_tag","embeddable":true,"href":"https:\/\/uvbbrasil.com.br\/uvb-json\/wp\/v2\/tags?post=27843"}],"curies":[{"name":"wp","href":"https:\/\/api.w.org\/{rel}","templated":true}]}}