{"id":27826,"date":"2022-12-05T10:47:00","date_gmt":"2022-12-05T13:47:00","guid":{"rendered":"https:\/\/wpsandbox4.pante.com.br\/?p=27826"},"modified":"2022-12-05T10:47:00","modified_gmt":"2022-12-05T13:47:00","slug":"analise-do-brasil-que-saiu-das-urnas-e-debatido-no-congresso-de-legislativos","status":"publish","type":"post","link":"https:\/\/uvbbrasil.com.br\/analise-do-brasil-que-saiu-das-urnas-e-debatido-no-congresso-de-legislativos\/","title":{"rendered":"An\u00e1lise do Brasil que Saiu das Urnas \u00e9 debatido no Congresso de Legislativos"},"content":{"rendered":"<p>Dr. Joelson Dias, Ex-Ministro Substituto do Tribunal Superior Eleitoral (TSE) em participa\u00e7\u00e3o no Congresso Brasileiro de Legislativos Municipais, promovido pela UVB em Bras\u00edlia, apresentou o painel sobre \u2018\u2019An\u00e1lise do Brasil que Saiu das Urnas\u2019\u2019, juntamente com a Vice-Presidente da OAB\/MA, Dra. Tatiana Costa.<\/p>\n<p>Dr. Joelson, iniciou parabenizando a UVB pela grande realiza\u00e7\u00e3o do evento que reuniu 850 parlamentares de todos os estados da Federa\u00e7\u00e3o. A avalia\u00e7\u00e3o das elei\u00e7\u00f5es 2022 na opini\u00e3o do Ex-Ministro do TSE, o que tem de mais importante \u00e9 a oportunidade que com o fim das elei\u00e7\u00f5es, conclui que foi a maior afirma\u00e7\u00e3o da democracia, o reconhecimento a UVB pela a oportunidade de aprofundar a discuss\u00e3o e reflex\u00e3o\u00a0 para este importante cen\u00e1rio das elei\u00e7\u00f5es gerais, possibilitando assim o acesso as informa\u00e7\u00f5es e esclarecimentos a todos os parlamentares, para que voltem\u00a0 a seus munic\u00edpios mais qualificados e apostos para desenvolver suas fun\u00e7\u00f5es e obriga\u00e7\u00f5es como parlamentar.<\/p>\n<p>Dra.Tatiana Costa, ressaltou o resultado das elei\u00e7\u00f5es em defesa do estado democr\u00e1tico de direito, \u00a0como o papel fundamental da democracia real e efetiva que s\u00f3 vai ser alcan\u00e7ada por uma participa\u00e7\u00e3o plural de todos os segmentos sociais, legisla\u00e7\u00f5es e a\u00e7\u00f5es afirmativas para poder trazer maiores segmentos sociais para o espa\u00e7o de pode e decis\u00e3o, como\u00a0 a participa\u00e7\u00e3o das mulheres e negros. Citou\u00a0 as emendas constitucionais, as a\u00e7\u00f5es dos tribunais e o combate a viol\u00eancia pol\u00edtica, tema este de grande relev\u00e2ncia aos vereadores e vereadoras que buscam a capacita\u00e7\u00e3o realidade em que a UVB \u00e9 comprometida como todos os vereadores do Brasil.<\/p>\n<p><img fetchpriority=\"high\" decoding=\"async\" class=\"alignnone size-medium wp-image-27829\" src=\"https:\/\/uvbbrasil.com.br\/wp-content\/uploads\/2022\/12\/dr-joelson-300x199.jpg\" alt=\"\" width=\"300\" height=\"199\" \/><\/p>\n<p><img decoding=\"async\" class=\"alignnone size-medium wp-image-27827\" src=\"https:\/\/uvbbrasil.com.br\/wp-content\/uploads\/2022\/12\/WhatsApp-Image-2022-11-29-at-11.35.55-300x225.jpeg\" alt=\"\" width=\"300\" height=\"225\" srcset=\"https:\/\/uvbbrasil.com.br\/wp-content\/uploads\/2022\/12\/WhatsApp-Image-2022-11-29-at-11.35.55-300x225.jpeg 300w, https:\/\/uvbbrasil.com.br\/wp-content\/uploads\/2022\/12\/WhatsApp-Image-2022-11-29-at-11.35.55-1024x768.jpeg 1024w, https:\/\/uvbbrasil.com.br\/wp-content\/uploads\/2022\/12\/WhatsApp-Image-2022-11-29-at-11.35.55-768x576.jpeg 768w, https:\/\/uvbbrasil.com.br\/wp-content\/uploads\/2022\/12\/WhatsApp-Image-2022-11-29-at-11.35.55.jpeg 1280w\" sizes=\"(max-width: 300px) 100vw, 300px\" \/><img decoding=\"async\" class=\"alignnone size-medium wp-image-27828\" src=\"https:\/\/uvbbrasil.com.br\/wp-content\/uploads\/2022\/12\/WhatsApp-Image-2022-11-29-at-11.35.56-300x225.jpeg\" alt=\"\" width=\"300\" height=\"225\" srcset=\"https:\/\/uvbbrasil.com.br\/wp-content\/uploads\/2022\/12\/WhatsApp-Image-2022-11-29-at-11.35.56-300x225.jpeg 300w, https:\/\/uvbbrasil.com.br\/wp-content\/uploads\/2022\/12\/WhatsApp-Image-2022-11-29-at-11.35.56-1024x768.jpeg 1024w, https:\/\/uvbbrasil.com.br\/wp-content\/uploads\/2022\/12\/WhatsApp-Image-2022-11-29-at-11.35.56-768x576.jpeg 768w, https:\/\/uvbbrasil.com.br\/wp-content\/uploads\/2022\/12\/WhatsApp-Image-2022-11-29-at-11.35.56.jpeg 1280w\" sizes=\"(max-width: 300px) 100vw, 300px\" \/><\/p>\n<p><img loading=\"lazy\" decoding=\"async\" class=\"alignnone size-medium wp-image-27830\" src=\"https:\/\/uvbbrasil.com.br\/wp-content\/uploads\/2022\/12\/palestra-joelson-300x199.jpg\" alt=\"\" width=\"300\" height=\"199\" \/><img loading=\"lazy\" decoding=\"async\" class=\"alignnone size-medium wp-image-27831\" src=\"https:\/\/uvbbrasil.com.br\/wp-content\/uploads\/2022\/12\/joelson-2-199x300.jpg\" alt=\"\" width=\"199\" height=\"300\" \/><img loading=\"lazy\" decoding=\"async\" class=\"alignnone size-medium wp-image-27833\" src=\"https:\/\/uvbbrasil.com.br\/wp-content\/uploads\/2022\/12\/dr-joelson-4-300x199.jpg\" alt=\"\" width=\"300\" height=\"199\" \/><\/p>\n<p>&nbsp;<\/p>\n<p><img loading=\"lazy\" decoding=\"async\" class=\"alignnone size-medium wp-image-27832\" src=\"https:\/\/uvbbrasil.com.br\/wp-content\/uploads\/2022\/12\/joelson-3-300x199.jpg\" alt=\"\" width=\"300\" height=\"199\" \/><\/p>\n","protected":false},"excerpt":{"rendered":"<p>Dr. Joelson Dias, Ex-Ministro Substituto do Tribunal Superior Eleitoral (TSE) em participa\u00e7\u00e3o no Congresso Brasileiro de Legislativos Municipais, promovido pela&#8230;<\/p>\n","protected":false},"author":1,"featured_media":27829,"comment_status":"open","ping_status":"open","sticky":false,"template":"","format":"standard","meta":{"footnotes":""},"categories":[3,4],"tags":[],"class_list":["post-27826","post","type-post","status-publish","format-standard","has-post-thumbnail","hentry","category-noticias","category-home"],"yoast_head":"<!-- This site is optimized with the Yoast SEO plugin v26.7 - https:\/\/yoast.com\/wordpress\/plugins\/seo\/ -->\n<title>An\u00e1lise do Brasil que Saiu das Urnas \u00e9 debatido no Congresso de Legislativos - UVB Brasil<\/title>\n<meta name=\"robots\" content=\"index, follow, max-snippet:-1, max-image-preview:large, max-video-preview:-1\" \/>\n<link rel=\"canonical\" href=\"https:\/\/uvbbrasil.com.br\/analise-do-brasil-que-saiu-das-urnas-e-debatido-no-congresso-de-legislativos\/\" \/>\n<meta property=\"og:locale\" content=\"pt_BR\" \/>\n<meta property=\"og:type\" content=\"article\" \/>\n<meta property=\"og:title\" content=\"An\u00e1lise do Brasil que Saiu das Urnas \u00e9 debatido no Congresso de Legislativos - UVB Brasil\" \/>\n<meta property=\"og:description\" content=\"Dr. Joelson Dias, Ex-Ministro Substituto do Tribunal Superior Eleitoral (TSE) em participa\u00e7\u00e3o no Congresso Brasileiro de Legislativos Municipais, promovido pela...\" \/>\n<meta property=\"og:url\" content=\"https:\/\/uvbbrasil.com.br\/analise-do-brasil-que-saiu-das-urnas-e-debatido-no-congresso-de-legislativos\/\" \/>\n<meta property=\"og:site_name\" content=\"UVB Brasil\" \/>\n<meta property=\"article:publisher\" content=\"https:\/\/www.facebook.com\/uvb.vereadoresbrasil\" \/>\n<meta property=\"article:published_time\" content=\"2022-12-05T13:47:00+00:00\" \/>\n<meta property=\"og:image\" content=\"https:\/\/uvbbrasil.com.br\/wp-content\/uploads\/2022\/12\/dr-joelson-scaled-1.jpg\" \/>\n\t<meta property=\"og:image:width\" content=\"2560\" \/>\n\t<meta property=\"og:image:height\" content=\"1700\" \/>\n\t<meta property=\"og:image:type\" content=\"image\/jpeg\" \/>\n<meta name=\"author\" content=\"adminuvb\" \/>\n<meta name=\"twitter:card\" content=\"summary_large_image\" \/>\n<meta name=\"twitter:label1\" content=\"Escrito por\" \/>\n\t<meta name=\"twitter:data1\" content=\"adminuvb\" \/>\n\t<meta name=\"twitter:label2\" content=\"Est. tempo de leitura\" \/>\n\t<meta name=\"twitter:data2\" content=\"3 minutos\" \/>\n<script type=\"application\/ld+json\" class=\"yoast-schema-graph\">{\"@context\":\"https:\/\/schema.org\",\"@graph\":[{\"@type\":\"Article\",\"@id\":\"https:\/\/uvbbrasil.com.br\/analise-do-brasil-que-saiu-das-urnas-e-debatido-no-congresso-de-legislativos\/#article\",\"isPartOf\":{\"@id\":\"https:\/\/uvbbrasil.com.br\/analise-do-brasil-que-saiu-das-urnas-e-debatido-no-congresso-de-legislativos\/\"},\"author\":{\"name\":\"adminuvb\",\"@id\":\"https:\/\/uvbbrasil.com.br\/#\/schema\/person\/17990098446c098f52effddff4f1b272\"},\"headline\":\"An\u00e1lise do Brasil que Saiu das Urnas \u00e9 debatido no Congresso de Legislativos\",\"datePublished\":\"2022-12-05T13:47:00+00:00\",\"mainEntityOfPage\":{\"@id\":\"https:\/\/uvbbrasil.com.br\/analise-do-brasil-que-saiu-das-urnas-e-debatido-no-congresso-de-legislativos\/\"},\"wordCount\":293,\"commentCount\":0,\"publisher\":{\"@id\":\"https:\/\/uvbbrasil.com.br\/#organization\"},\"image\":{\"@id\":\"https:\/\/uvbbrasil.com.br\/analise-do-brasil-que-saiu-das-urnas-e-debatido-no-congresso-de-legislativos\/#primaryimage\"},\"thumbnailUrl\":\"https:\/\/uvbbrasil.com.br\/wp-content\/uploads\/2022\/12\/dr-joelson-scaled-1.jpg\",\"articleSection\":[\"NOT\u00cdCIAS\",\"UVB\"],\"inLanguage\":\"pt-BR\",\"potentialAction\":[{\"@type\":\"CommentAction\",\"name\":\"Comment\",\"target\":[\"https:\/\/uvbbrasil.com.br\/analise-do-brasil-que-saiu-das-urnas-e-debatido-no-congresso-de-legislativos\/#respond\"]}]},{\"@type\":\"WebPage\",\"@id\":\"https:\/\/uvbbrasil.com.br\/analise-do-brasil-que-saiu-das-urnas-e-debatido-no-congresso-de-legislativos\/\",\"url\":\"https:\/\/uvbbrasil.com.br\/analise-do-brasil-que-saiu-das-urnas-e-debatido-no-congresso-de-legislativos\/\",\"name\":\"An\u00e1lise do Brasil que Saiu das Urnas \u00e9 debatido no Congresso de Legislativos - UVB Brasil\",\"isPartOf\":{\"@id\":\"https:\/\/uvbbrasil.com.br\/#website\"},\"primaryImageOfPage\":{\"@id\":\"https:\/\/uvbbrasil.com.br\/analise-do-brasil-que-saiu-das-urnas-e-debatido-no-congresso-de-legislativos\/#primaryimage\"},\"image\":{\"@id\":\"https:\/\/uvbbrasil.com.br\/analise-do-brasil-que-saiu-das-urnas-e-debatido-no-congresso-de-legislativos\/#primaryimage\"},\"thumbnailUrl\":\"https:\/\/uvbbrasil.com.br\/wp-content\/uploads\/2022\/12\/dr-joelson-scaled-1.jpg\",\"datePublished\":\"2022-12-05T13:47:00+00:00\",\"breadcrumb\":{\"@id\":\"https:\/\/uvbbrasil.com.br\/analise-do-brasil-que-saiu-das-urnas-e-debatido-no-congresso-de-legislativos\/#breadcrumb\"},\"inLanguage\":\"pt-BR\",\"potentialAction\":[{\"@type\":\"ReadAction\",\"target\":[\"https:\/\/uvbbrasil.com.br\/analise-do-brasil-que-saiu-das-urnas-e-debatido-no-congresso-de-legislativos\/\"]}]},{\"@type\":\"ImageObject\",\"inLanguage\":\"pt-BR\",\"@id\":\"https:\/\/uvbbrasil.com.br\/analise-do-brasil-que-saiu-das-urnas-e-debatido-no-congresso-de-legislativos\/#primaryimage\",\"url\":\"https:\/\/uvbbrasil.com.br\/wp-content\/uploads\/2022\/12\/dr-joelson-scaled-1.jpg\",\"contentUrl\":\"https:\/\/uvbbrasil.com.br\/wp-content\/uploads\/2022\/12\/dr-joelson-scaled-1.jpg\",\"width\":2560,\"height\":1700},{\"@type\":\"BreadcrumbList\",\"@id\":\"https:\/\/uvbbrasil.com.br\/analise-do-brasil-que-saiu-das-urnas-e-debatido-no-congresso-de-legislativos\/#breadcrumb\",\"itemListElement\":[{\"@type\":\"ListItem\",\"position\":1,\"name\":\"In\u00edcio\",\"item\":\"https:\/\/uvbbrasil.com.br\/\"},{\"@type\":\"ListItem\",\"position\":2,\"name\":\"An\u00e1lise do Brasil que Saiu das Urnas \u00e9 debatido no Congresso de Legislativos\"}]},{\"@type\":\"WebSite\",\"@id\":\"https:\/\/uvbbrasil.com.br\/#website\",\"url\":\"https:\/\/uvbbrasil.com.br\/\",\"name\":\"UVB Brasil\",\"description\":\"Uni\u00e3o dos Vereadores do Brasil\",\"publisher\":{\"@id\":\"https:\/\/uvbbrasil.com.br\/#organization\"},\"potentialAction\":[{\"@type\":\"SearchAction\",\"target\":{\"@type\":\"EntryPoint\",\"urlTemplate\":\"https:\/\/uvbbrasil.com.br\/?s={search_term_string}\"},\"query-input\":{\"@type\":\"PropertyValueSpecification\",\"valueRequired\":true,\"valueName\":\"search_term_string\"}}],\"inLanguage\":\"pt-BR\"},{\"@type\":\"Organization\",\"@id\":\"https:\/\/uvbbrasil.com.br\/#organization\",\"name\":\"UVB Brasil\",\"url\":\"https:\/\/uvbbrasil.com.br\/\",\"logo\":{\"@type\":\"ImageObject\",\"inLanguage\":\"pt-BR\",\"@id\":\"https:\/\/uvbbrasil.com.br\/#\/schema\/logo\/image\/\",\"url\":\"https:\/\/uvbbrasil.com.br\/wp-content\/uploads\/2025\/01\/LOGO-UVB-2024-azul-1.jpg\",\"contentUrl\":\"https:\/\/uvbbrasil.com.br\/wp-content\/uploads\/2025\/01\/LOGO-UVB-2024-azul-1.jpg\",\"width\":600,\"height\":211,\"caption\":\"UVB Brasil\"},\"image\":{\"@id\":\"https:\/\/uvbbrasil.com.br\/#\/schema\/logo\/image\/\"},\"sameAs\":[\"https:\/\/www.facebook.com\/uvb.vereadoresbrasil\",\"https:\/\/www.instagram.com\/uvbbrasil\/\",\"https:\/\/www.youtube.com\/channel\/UCIlPQ8Xzw5GHNzosQIg9S5A\"]},{\"@type\":\"Person\",\"@id\":\"https:\/\/uvbbrasil.com.br\/#\/schema\/person\/17990098446c098f52effddff4f1b272\",\"name\":\"adminuvb\",\"image\":{\"@type\":\"ImageObject\",\"inLanguage\":\"pt-BR\",\"@id\":\"https:\/\/uvbbrasil.com.br\/#\/schema\/person\/image\/\",\"url\":\"https:\/\/secure.gravatar.com\/avatar\/1a494ea6f8e2dd1ae526e55b0e9497efdba542491e0620d704cccf63c6f77c45?s=96&d=mm&r=g\",\"contentUrl\":\"https:\/\/secure.gravatar.com\/avatar\/1a494ea6f8e2dd1ae526e55b0e9497efdba542491e0620d704cccf63c6f77c45?s=96&d=mm&r=g\",\"caption\":\"adminuvb\"},\"sameAs\":[\"https:\/\/uvbbrasil.com.br\"],\"url\":\"https:\/\/uvbbrasil.com.br\/author\/adminuvb\/\"}]}<\/script>\n<!-- \/ Yoast SEO plugin. -->","yoast_head_json":{"title":"An\u00e1lise do Brasil que Saiu das Urnas \u00e9 debatido no Congresso de Legislativos - UVB Brasil","robots":{"index":"index","follow":"follow","max-snippet":"max-snippet:-1","max-image-preview":"max-image-preview:large","max-video-preview":"max-video-preview:-1"},"canonical":"https:\/\/uvbbrasil.com.br\/analise-do-brasil-que-saiu-das-urnas-e-debatido-no-congresso-de-legislativos\/","og_locale":"pt_BR","og_type":"article","og_title":"An\u00e1lise do Brasil que Saiu das Urnas \u00e9 debatido no Congresso de Legislativos - UVB Brasil","og_description":"Dr. Joelson Dias, Ex-Ministro Substituto do Tribunal Superior Eleitoral (TSE) em participa\u00e7\u00e3o no Congresso Brasileiro de Legislativos Municipais, promovido pela...","og_url":"https:\/\/uvbbrasil.com.br\/analise-do-brasil-que-saiu-das-urnas-e-debatido-no-congresso-de-legislativos\/","og_site_name":"UVB Brasil","article_publisher":"https:\/\/www.facebook.com\/uvb.vereadoresbrasil","article_published_time":"2022-12-05T13:47:00+00:00","og_image":[{"width":2560,"height":1700,"url":"https:\/\/uvbbrasil.com.br\/wp-content\/uploads\/2022\/12\/dr-joelson-scaled-1.jpg","type":"image\/jpeg"}],"author":"adminuvb","twitter_card":"summary_large_image","twitter_misc":{"Escrito por":"adminuvb","Est. tempo de leitura":"3 minutos"},"schema":{"@context":"https:\/\/schema.org","@graph":[{"@type":"Article","@id":"https:\/\/uvbbrasil.com.br\/analise-do-brasil-que-saiu-das-urnas-e-debatido-no-congresso-de-legislativos\/#article","isPartOf":{"@id":"https:\/\/uvbbrasil.com.br\/analise-do-brasil-que-saiu-das-urnas-e-debatido-no-congresso-de-legislativos\/"},"author":{"name":"adminuvb","@id":"https:\/\/uvbbrasil.com.br\/#\/schema\/person\/17990098446c098f52effddff4f1b272"},"headline":"An\u00e1lise do Brasil que Saiu das Urnas \u00e9 debatido no Congresso de Legislativos","datePublished":"2022-12-05T13:47:00+00:00","mainEntityOfPage":{"@id":"https:\/\/uvbbrasil.com.br\/analise-do-brasil-que-saiu-das-urnas-e-debatido-no-congresso-de-legislativos\/"},"wordCount":293,"commentCount":0,"publisher":{"@id":"https:\/\/uvbbrasil.com.br\/#organization"},"image":{"@id":"https:\/\/uvbbrasil.com.br\/analise-do-brasil-que-saiu-das-urnas-e-debatido-no-congresso-de-legislativos\/#primaryimage"},"thumbnailUrl":"https:\/\/uvbbrasil.com.br\/wp-content\/uploads\/2022\/12\/dr-joelson-scaled-1.jpg","articleSection":["NOT\u00cdCIAS","UVB"],"inLanguage":"pt-BR","potentialAction":[{"@type":"CommentAction","name":"Comment","target":["https:\/\/uvbbrasil.com.br\/analise-do-brasil-que-saiu-das-urnas-e-debatido-no-congresso-de-legislativos\/#respond"]}]},{"@type":"WebPage","@id":"https:\/\/uvbbrasil.com.br\/analise-do-brasil-que-saiu-das-urnas-e-debatido-no-congresso-de-legislativos\/","url":"https:\/\/uvbbrasil.com.br\/analise-do-brasil-que-saiu-das-urnas-e-debatido-no-congresso-de-legislativos\/","name":"An\u00e1lise do Brasil que Saiu das Urnas \u00e9 debatido no Congresso de Legislativos - UVB Brasil","isPartOf":{"@id":"https:\/\/uvbbrasil.com.br\/#website"},"primaryImageOfPage":{"@id":"https:\/\/uvbbrasil.com.br\/analise-do-brasil-que-saiu-das-urnas-e-debatido-no-congresso-de-legislativos\/#primaryimage"},"image":{"@id":"https:\/\/uvbbrasil.com.br\/analise-do-brasil-que-saiu-das-urnas-e-debatido-no-congresso-de-legislativos\/#primaryimage"},"thumbnailUrl":"https:\/\/uvbbrasil.com.br\/wp-content\/uploads\/2022\/12\/dr-joelson-scaled-1.jpg","datePublished":"2022-12-05T13:47:00+00:00","breadcrumb":{"@id":"https:\/\/uvbbrasil.com.br\/analise-do-brasil-que-saiu-das-urnas-e-debatido-no-congresso-de-legislativos\/#breadcrumb"},"inLanguage":"pt-BR","potentialAction":[{"@type":"ReadAction","target":["https:\/\/uvbbrasil.com.br\/analise-do-brasil-que-saiu-das-urnas-e-debatido-no-congresso-de-legislativos\/"]}]},{"@type":"ImageObject","inLanguage":"pt-BR","@id":"https:\/\/uvbbrasil.com.br\/analise-do-brasil-que-saiu-das-urnas-e-debatido-no-congresso-de-legislativos\/#primaryimage","url":"https:\/\/uvbbrasil.com.br\/wp-content\/uploads\/2022\/12\/dr-joelson-scaled-1.jpg","contentUrl":"https:\/\/uvbbrasil.com.br\/wp-content\/uploads\/2022\/12\/dr-joelson-scaled-1.jpg","width":2560,"height":1700},{"@type":"BreadcrumbList","@id":"https:\/\/uvbbrasil.com.br\/analise-do-brasil-que-saiu-das-urnas-e-debatido-no-congresso-de-legislativos\/#breadcrumb","itemListElement":[{"@type":"ListItem","position":1,"name":"In\u00edcio","item":"https:\/\/uvbbrasil.com.br\/"},{"@type":"ListItem","position":2,"name":"An\u00e1lise do Brasil que Saiu das Urnas \u00e9 debatido no Congresso de Legislativos"}]},{"@type":"WebSite","@id":"https:\/\/uvbbrasil.com.br\/#website","url":"https:\/\/uvbbrasil.com.br\/","name":"UVB Brasil","description":"Uni\u00e3o dos Vereadores do Brasil","publisher":{"@id":"https:\/\/uvbbrasil.com.br\/#organization"},"potentialAction":[{"@type":"SearchAction","target":{"@type":"EntryPoint","urlTemplate":"https:\/\/uvbbrasil.com.br\/?s={search_term_string}"},"query-input":{"@type":"PropertyValueSpecification","valueRequired":true,"valueName":"search_term_string"}}],"inLanguage":"pt-BR"},{"@type":"Organization","@id":"https:\/\/uvbbrasil.com.br\/#organization","name":"UVB Brasil","url":"https:\/\/uvbbrasil.com.br\/","logo":{"@type":"ImageObject","inLanguage":"pt-BR","@id":"https:\/\/uvbbrasil.com.br\/#\/schema\/logo\/image\/","url":"https:\/\/uvbbrasil.com.br\/wp-content\/uploads\/2025\/01\/LOGO-UVB-2024-azul-1.jpg","contentUrl":"https:\/\/uvbbrasil.com.br\/wp-content\/uploads\/2025\/01\/LOGO-UVB-2024-azul-1.jpg","width":600,"height":211,"caption":"UVB Brasil"},"image":{"@id":"https:\/\/uvbbrasil.com.br\/#\/schema\/logo\/image\/"},"sameAs":["https:\/\/www.facebook.com\/uvb.vereadoresbrasil","https:\/\/www.instagram.com\/uvbbrasil\/","https:\/\/www.youtube.com\/channel\/UCIlPQ8Xzw5GHNzosQIg9S5A"]},{"@type":"Person","@id":"https:\/\/uvbbrasil.com.br\/#\/schema\/person\/17990098446c098f52effddff4f1b272","name":"adminuvb","image":{"@type":"ImageObject","inLanguage":"pt-BR","@id":"https:\/\/uvbbrasil.com.br\/#\/schema\/person\/image\/","url":"https:\/\/secure.gravatar.com\/avatar\/1a494ea6f8e2dd1ae526e55b0e9497efdba542491e0620d704cccf63c6f77c45?s=96&d=mm&r=g","contentUrl":"https:\/\/secure.gravatar.com\/avatar\/1a494ea6f8e2dd1ae526e55b0e9497efdba542491e0620d704cccf63c6f77c45?s=96&d=mm&r=g","caption":"adminuvb"},"sameAs":["https:\/\/uvbbrasil.com.br"],"url":"https:\/\/uvbbrasil.com.br\/author\/adminuvb\/"}]}},"_links":{"self":[{"href":"https:\/\/uvbbrasil.com.br\/uvb-json\/wp\/v2\/posts\/27826","targetHints":{"allow":["GET"]}}],"collection":[{"href":"https:\/\/uvbbrasil.com.br\/uvb-json\/wp\/v2\/posts"}],"about":[{"href":"https:\/\/uvbbrasil.com.br\/uvb-json\/wp\/v2\/types\/post"}],"author":[{"embeddable":true,"href":"https:\/\/uvbbrasil.com.br\/uvb-json\/wp\/v2\/users\/1"}],"replies":[{"embeddable":true,"href":"https:\/\/uvbbrasil.com.br\/uvb-json\/wp\/v2\/comments?post=27826"}],"version-history":[{"count":0,"href":"https:\/\/uvbbrasil.com.br\/uvb-json\/wp\/v2\/posts\/27826\/revisions"}],"wp:featuredmedia":[{"embeddable":true,"href":"https:\/\/uvbbrasil.com.br\/uvb-json\/wp\/v2\/media\/27829"}],"wp:attachment":[{"href":"https:\/\/uvbbrasil.com.br\/uvb-json\/wp\/v2\/media?parent=27826"}],"wp:term":[{"taxonomy":"category","embeddable":true,"href":"https:\/\/uvbbrasil.com.br\/uvb-json\/wp\/v2\/categories?post=27826"},{"taxonomy":"post_tag","embeddable":true,"href":"https:\/\/uvbbrasil.com.br\/uvb-json\/wp\/v2\/tags?post=27826"}],"curies":[{"name":"wp","href":"https:\/\/api.w.org\/{rel}","templated":true}]}}