{"id":27776,"date":"2022-12-01T12:24:21","date_gmt":"2022-12-01T15:24:21","guid":{"rendered":"https:\/\/wpsandbox4.pante.com.br\/?p=27776"},"modified":"2022-12-01T12:24:21","modified_gmt":"2022-12-01T15:24:21","slug":"prefeito-de-vespasiano-correa-rs-participa-do-congresso-de-legislativos-da-uvb","status":"publish","type":"post","link":"https:\/\/uvbbrasil.com.br\/prefeito-de-vespasiano-correa-rs-participa-do-congresso-de-legislativos-da-uvb\/","title":{"rendered":"Prefeito de Vespasiano Corr\u00eaa\/RS participa do Congresso de Legislativos da UVB"},"content":{"rendered":"<p>Tiago Manoel\u00a0 Michelon, Bachael em Direito pela UCS\/Universidade de Caxias do Sul, Prefeito de Vespasiano Corr\u00eaa\/RS, em participa\u00e7\u00e3o na programa\u00e7\u00e3o do Congresso Brasileiro de Legislativos Municipais em Bras\u00edlia\/DF, apresentou a palestra sobre \u2018\u2019Sonhar e Realizar Atrav\u00e9s da Pol\u00edtica\u2019\u2019.<\/p>\n<p>Em apresenta\u00e7\u00e3o o prefeito citou que a pol\u00edtica \u00e9 a arte de transformar, \u00e9 atrav\u00e9s dela que podemos conquistar e exercer a lideran\u00e7a no caminho da realiza\u00e7\u00e3o dos sonhos, o que tem haver nossos sonhos com a pol\u00edtica? o pol\u00edtico n\u00e3o \u00e9 reconhecido, a pol\u00edtica \u00e9 desacreditada. As maiorias das pessoas procuram se desviar do mundo pol\u00edtico, quando a maioria das pessoas falam em se colocar a disposi\u00e7\u00e3o para concorrer um pleito, ou se envolver no apoio de um pol\u00edtico, as pessoas desmotivam fazendo o mundo da pol\u00edtica ser uma p\u00e9ssima escolha. Mesmo a miss\u00e3o sendo \u00e1rdua e desafiadora n\u00f3s precisamos incluir, mudar a vis\u00e3o e incluir a pol\u00edtica no dia a dia das pessoas. Realizar sonhos atrav\u00e9s da pol\u00edtica, somos desafiados todos os dias e precisamos ter uma vis\u00e3o do amplo, do coletivo. A pol\u00edtica sempre ser\u00e1 uma das melhores ferramentas para transformar uma comunidade.<\/p>\n<p>Thiago em meio a apresenta\u00e7\u00e3o homenageou o grande e saudoso jornalista e palestrante Adriano Mazzarino, quem a incentivou e contribuiu para sua carreira pol\u00edtica. Apresentou aos participantes do evento o munic\u00edpio\u00a0 em que atual como prefeito, Vespasiano Corr\u00eaa\u00a0 que \u00e9 um munic\u00edpio com aproximadamente 1.800 habitantes, localizado a 175km da capital Porto Alegre, coloniza\u00e7\u00e3o Italiana que pertence ao Vale do Taquari e divisa com a Serra Ga\u00facha. A principal referencia ao munic\u00edpio \u00e9 o o Viaduto 13, maior viaduto F\u00e9rreo da Am\u00e9rica Latina e o 2\u00ba maior do mundo.<\/p>\n<p><img fetchpriority=\"high\" decoding=\"async\" class=\"alignnone size-medium wp-image-27778\" src=\"https:\/\/uvbbrasil.com.br\/wp-content\/uploads\/2022\/12\/WhatsApp-Image-2022-12-01-at-12.13.25-300x225.jpeg\" alt=\"\" width=\"300\" height=\"225\" srcset=\"https:\/\/uvbbrasil.com.br\/wp-content\/uploads\/2022\/12\/WhatsApp-Image-2022-12-01-at-12.13.25-300x225.jpeg 300w, https:\/\/uvbbrasil.com.br\/wp-content\/uploads\/2022\/12\/WhatsApp-Image-2022-12-01-at-12.13.25-1024x768.jpeg 1024w, https:\/\/uvbbrasil.com.br\/wp-content\/uploads\/2022\/12\/WhatsApp-Image-2022-12-01-at-12.13.25-768x576.jpeg 768w, https:\/\/uvbbrasil.com.br\/wp-content\/uploads\/2022\/12\/WhatsApp-Image-2022-12-01-at-12.13.25.jpeg 1280w\" sizes=\"(max-width: 300px) 100vw, 300px\" \/><\/p>\n<p><img decoding=\"async\" class=\"alignnone size-medium wp-image-27779\" src=\"https:\/\/uvbbrasil.com.br\/wp-content\/uploads\/2022\/12\/WhatsApp-Image-2022-12-01-at-12.13.24-300x225.jpeg\" alt=\"\" width=\"300\" height=\"225\" srcset=\"https:\/\/uvbbrasil.com.br\/wp-content\/uploads\/2022\/12\/WhatsApp-Image-2022-12-01-at-12.13.24-300x225.jpeg 300w, https:\/\/uvbbrasil.com.br\/wp-content\/uploads\/2022\/12\/WhatsApp-Image-2022-12-01-at-12.13.24-1024x768.jpeg 1024w, https:\/\/uvbbrasil.com.br\/wp-content\/uploads\/2022\/12\/WhatsApp-Image-2022-12-01-at-12.13.24-768x576.jpeg 768w, https:\/\/uvbbrasil.com.br\/wp-content\/uploads\/2022\/12\/WhatsApp-Image-2022-12-01-at-12.13.24.jpeg 1280w\" sizes=\"(max-width: 300px) 100vw, 300px\" \/><\/p>\n<p><img decoding=\"async\" class=\"alignnone size-medium wp-image-27780\" src=\"https:\/\/uvbbrasil.com.br\/wp-content\/uploads\/2022\/12\/WhatsApp-Image-2022-12-01-at-12.13.24-1-300x225.jpeg\" alt=\"\" width=\"300\" height=\"225\" srcset=\"https:\/\/uvbbrasil.com.br\/wp-content\/uploads\/2022\/12\/WhatsApp-Image-2022-12-01-at-12.13.24-1-300x225.jpeg 300w, https:\/\/uvbbrasil.com.br\/wp-content\/uploads\/2022\/12\/WhatsApp-Image-2022-12-01-at-12.13.24-1-1024x768.jpeg 1024w, https:\/\/uvbbrasil.com.br\/wp-content\/uploads\/2022\/12\/WhatsApp-Image-2022-12-01-at-12.13.24-1-768x576.jpeg 768w, https:\/\/uvbbrasil.com.br\/wp-content\/uploads\/2022\/12\/WhatsApp-Image-2022-12-01-at-12.13.24-1.jpeg 1280w\" sizes=\"(max-width: 300px) 100vw, 300px\" \/><img loading=\"lazy\" decoding=\"async\" class=\"alignnone size-medium wp-image-27781\" src=\"https:\/\/uvbbrasil.com.br\/wp-content\/uploads\/2022\/12\/WhatsApp-Image-2022-12-01-at-12.13.23-300x225.jpeg\" alt=\"\" width=\"300\" height=\"225\" srcset=\"https:\/\/uvbbrasil.com.br\/wp-content\/uploads\/2022\/12\/WhatsApp-Image-2022-12-01-at-12.13.23-300x225.jpeg 300w, https:\/\/uvbbrasil.com.br\/wp-content\/uploads\/2022\/12\/WhatsApp-Image-2022-12-01-at-12.13.23-1024x768.jpeg 1024w, https:\/\/uvbbrasil.com.br\/wp-content\/uploads\/2022\/12\/WhatsApp-Image-2022-12-01-at-12.13.23-768x576.jpeg 768w, https:\/\/uvbbrasil.com.br\/wp-content\/uploads\/2022\/12\/WhatsApp-Image-2022-12-01-at-12.13.23.jpeg 1280w\" sizes=\"(max-width: 300px) 100vw, 300px\" \/><\/p>\n<p><img loading=\"lazy\" decoding=\"async\" class=\"alignnone size-medium wp-image-27782\" src=\"https:\/\/uvbbrasil.com.br\/wp-content\/uploads\/2022\/12\/WhatsApp-Image-2022-12-01-at-12.13.15-225x300.jpeg\" alt=\"\" width=\"225\" height=\"300\" srcset=\"https:\/\/uvbbrasil.com.br\/wp-content\/uploads\/2022\/12\/WhatsApp-Image-2022-12-01-at-12.13.15-225x300.jpeg 225w, https:\/\/uvbbrasil.com.br\/wp-content\/uploads\/2022\/12\/WhatsApp-Image-2022-12-01-at-12.13.15-768x1024.jpeg 768w, https:\/\/uvbbrasil.com.br\/wp-content\/uploads\/2022\/12\/WhatsApp-Image-2022-12-01-at-12.13.15.jpeg 960w\" sizes=\"(max-width: 225px) 100vw, 225px\" \/><\/p>\n<p><img loading=\"lazy\" decoding=\"async\" class=\"alignnone size-medium wp-image-27777\" src=\"https:\/\/uvbbrasil.com.br\/wp-content\/uploads\/2022\/12\/WhatsApp-Image-2022-12-01-at-12.13.26-300x225.jpeg\" alt=\"\" width=\"300\" height=\"225\" srcset=\"https:\/\/uvbbrasil.com.br\/wp-content\/uploads\/2022\/12\/WhatsApp-Image-2022-12-01-at-12.13.26-300x225.jpeg 300w, https:\/\/uvbbrasil.com.br\/wp-content\/uploads\/2022\/12\/WhatsApp-Image-2022-12-01-at-12.13.26-1024x768.jpeg 1024w, https:\/\/uvbbrasil.com.br\/wp-content\/uploads\/2022\/12\/WhatsApp-Image-2022-12-01-at-12.13.26-768x576.jpeg 768w, https:\/\/uvbbrasil.com.br\/wp-content\/uploads\/2022\/12\/WhatsApp-Image-2022-12-01-at-12.13.26.jpeg 1280w\" sizes=\"(max-width: 300px) 100vw, 300px\" \/><\/p>\n<p>&nbsp;<\/p>\n","protected":false},"excerpt":{"rendered":"<p>Tiago Manoel\u00a0 Michelon, Bachael em Direito pela UCS\/Universidade de Caxias do Sul, Prefeito de Vespasiano Corr\u00eaa\/RS, em participa\u00e7\u00e3o na programa\u00e7\u00e3o&#8230;<\/p>\n","protected":false},"author":1,"featured_media":27777,"comment_status":"open","ping_status":"open","sticky":false,"template":"","format":"standard","meta":{"footnotes":""},"categories":[3,4],"tags":[],"class_list":["post-27776","post","type-post","status-publish","format-standard","has-post-thumbnail","hentry","category-noticias","category-home"],"yoast_head":"<!-- This site is optimized with the Yoast SEO plugin v26.7 - https:\/\/yoast.com\/wordpress\/plugins\/seo\/ -->\n<title>Prefeito de Vespasiano Corr\u00eaa\/RS participa do Congresso de Legislativos da UVB - UVB Brasil<\/title>\n<meta name=\"robots\" content=\"index, follow, max-snippet:-1, max-image-preview:large, max-video-preview:-1\" \/>\n<link rel=\"canonical\" href=\"https:\/\/uvbbrasil.com.br\/prefeito-de-vespasiano-correa-rs-participa-do-congresso-de-legislativos-da-uvb\/\" \/>\n<meta property=\"og:locale\" content=\"pt_BR\" \/>\n<meta property=\"og:type\" content=\"article\" \/>\n<meta property=\"og:title\" content=\"Prefeito de Vespasiano Corr\u00eaa\/RS participa do Congresso de Legislativos da UVB - UVB Brasil\" \/>\n<meta property=\"og:description\" content=\"Tiago Manoel\u00a0 Michelon, Bachael em Direito pela UCS\/Universidade de Caxias do Sul, Prefeito de Vespasiano Corr\u00eaa\/RS, em participa\u00e7\u00e3o na programa\u00e7\u00e3o...\" \/>\n<meta property=\"og:url\" content=\"https:\/\/uvbbrasil.com.br\/prefeito-de-vespasiano-correa-rs-participa-do-congresso-de-legislativos-da-uvb\/\" \/>\n<meta property=\"og:site_name\" content=\"UVB Brasil\" \/>\n<meta property=\"article:publisher\" content=\"https:\/\/www.facebook.com\/uvb.vereadoresbrasil\" \/>\n<meta property=\"article:published_time\" content=\"2022-12-01T15:24:21+00:00\" \/>\n<meta property=\"og:image\" content=\"https:\/\/uvbbrasil.com.br\/wp-content\/uploads\/2022\/12\/WhatsApp-Image-2022-12-01-at-12.13.26.jpeg\" \/>\n\t<meta property=\"og:image:width\" content=\"1280\" \/>\n\t<meta property=\"og:image:height\" content=\"960\" \/>\n\t<meta property=\"og:image:type\" content=\"image\/jpeg\" \/>\n<meta name=\"author\" content=\"adminuvb\" \/>\n<meta name=\"twitter:card\" content=\"summary_large_image\" \/>\n<meta name=\"twitter:label1\" content=\"Escrito por\" \/>\n\t<meta name=\"twitter:data1\" content=\"adminuvb\" \/>\n\t<meta name=\"twitter:label2\" content=\"Est. tempo de leitura\" \/>\n\t<meta name=\"twitter:data2\" content=\"3 minutos\" \/>\n<script type=\"application\/ld+json\" class=\"yoast-schema-graph\">{\"@context\":\"https:\/\/schema.org\",\"@graph\":[{\"@type\":\"Article\",\"@id\":\"https:\/\/uvbbrasil.com.br\/prefeito-de-vespasiano-correa-rs-participa-do-congresso-de-legislativos-da-uvb\/#article\",\"isPartOf\":{\"@id\":\"https:\/\/uvbbrasil.com.br\/prefeito-de-vespasiano-correa-rs-participa-do-congresso-de-legislativos-da-uvb\/\"},\"author\":{\"name\":\"adminuvb\",\"@id\":\"https:\/\/uvbbrasil.com.br\/#\/schema\/person\/17990098446c098f52effddff4f1b272\"},\"headline\":\"Prefeito de Vespasiano Corr\u00eaa\/RS participa do Congresso de Legislativos da UVB\",\"datePublished\":\"2022-12-01T15:24:21+00:00\",\"mainEntityOfPage\":{\"@id\":\"https:\/\/uvbbrasil.com.br\/prefeito-de-vespasiano-correa-rs-participa-do-congresso-de-legislativos-da-uvb\/\"},\"wordCount\":319,\"commentCount\":0,\"publisher\":{\"@id\":\"https:\/\/uvbbrasil.com.br\/#organization\"},\"image\":{\"@id\":\"https:\/\/uvbbrasil.com.br\/prefeito-de-vespasiano-correa-rs-participa-do-congresso-de-legislativos-da-uvb\/#primaryimage\"},\"thumbnailUrl\":\"https:\/\/uvbbrasil.com.br\/wp-content\/uploads\/2022\/12\/WhatsApp-Image-2022-12-01-at-12.13.26.jpeg\",\"articleSection\":[\"NOT\u00cdCIAS\",\"UVB\"],\"inLanguage\":\"pt-BR\",\"potentialAction\":[{\"@type\":\"CommentAction\",\"name\":\"Comment\",\"target\":[\"https:\/\/uvbbrasil.com.br\/prefeito-de-vespasiano-correa-rs-participa-do-congresso-de-legislativos-da-uvb\/#respond\"]}]},{\"@type\":\"WebPage\",\"@id\":\"https:\/\/uvbbrasil.com.br\/prefeito-de-vespasiano-correa-rs-participa-do-congresso-de-legislativos-da-uvb\/\",\"url\":\"https:\/\/uvbbrasil.com.br\/prefeito-de-vespasiano-correa-rs-participa-do-congresso-de-legislativos-da-uvb\/\",\"name\":\"Prefeito de Vespasiano Corr\u00eaa\/RS participa do Congresso de Legislativos da UVB - UVB Brasil\",\"isPartOf\":{\"@id\":\"https:\/\/uvbbrasil.com.br\/#website\"},\"primaryImageOfPage\":{\"@id\":\"https:\/\/uvbbrasil.com.br\/prefeito-de-vespasiano-correa-rs-participa-do-congresso-de-legislativos-da-uvb\/#primaryimage\"},\"image\":{\"@id\":\"https:\/\/uvbbrasil.com.br\/prefeito-de-vespasiano-correa-rs-participa-do-congresso-de-legislativos-da-uvb\/#primaryimage\"},\"thumbnailUrl\":\"https:\/\/uvbbrasil.com.br\/wp-content\/uploads\/2022\/12\/WhatsApp-Image-2022-12-01-at-12.13.26.jpeg\",\"datePublished\":\"2022-12-01T15:24:21+00:00\",\"breadcrumb\":{\"@id\":\"https:\/\/uvbbrasil.com.br\/prefeito-de-vespasiano-correa-rs-participa-do-congresso-de-legislativos-da-uvb\/#breadcrumb\"},\"inLanguage\":\"pt-BR\",\"potentialAction\":[{\"@type\":\"ReadAction\",\"target\":[\"https:\/\/uvbbrasil.com.br\/prefeito-de-vespasiano-correa-rs-participa-do-congresso-de-legislativos-da-uvb\/\"]}]},{\"@type\":\"ImageObject\",\"inLanguage\":\"pt-BR\",\"@id\":\"https:\/\/uvbbrasil.com.br\/prefeito-de-vespasiano-correa-rs-participa-do-congresso-de-legislativos-da-uvb\/#primaryimage\",\"url\":\"https:\/\/uvbbrasil.com.br\/wp-content\/uploads\/2022\/12\/WhatsApp-Image-2022-12-01-at-12.13.26.jpeg\",\"contentUrl\":\"https:\/\/uvbbrasil.com.br\/wp-content\/uploads\/2022\/12\/WhatsApp-Image-2022-12-01-at-12.13.26.jpeg\",\"width\":1280,\"height\":960},{\"@type\":\"BreadcrumbList\",\"@id\":\"https:\/\/uvbbrasil.com.br\/prefeito-de-vespasiano-correa-rs-participa-do-congresso-de-legislativos-da-uvb\/#breadcrumb\",\"itemListElement\":[{\"@type\":\"ListItem\",\"position\":1,\"name\":\"In\u00edcio\",\"item\":\"https:\/\/uvbbrasil.com.br\/\"},{\"@type\":\"ListItem\",\"position\":2,\"name\":\"Prefeito de Vespasiano Corr\u00eaa\/RS participa do Congresso de Legislativos da UVB\"}]},{\"@type\":\"WebSite\",\"@id\":\"https:\/\/uvbbrasil.com.br\/#website\",\"url\":\"https:\/\/uvbbrasil.com.br\/\",\"name\":\"UVB Brasil\",\"description\":\"Uni\u00e3o dos Vereadores do Brasil\",\"publisher\":{\"@id\":\"https:\/\/uvbbrasil.com.br\/#organization\"},\"potentialAction\":[{\"@type\":\"SearchAction\",\"target\":{\"@type\":\"EntryPoint\",\"urlTemplate\":\"https:\/\/uvbbrasil.com.br\/?s={search_term_string}\"},\"query-input\":{\"@type\":\"PropertyValueSpecification\",\"valueRequired\":true,\"valueName\":\"search_term_string\"}}],\"inLanguage\":\"pt-BR\"},{\"@type\":\"Organization\",\"@id\":\"https:\/\/uvbbrasil.com.br\/#organization\",\"name\":\"UVB Brasil\",\"url\":\"https:\/\/uvbbrasil.com.br\/\",\"logo\":{\"@type\":\"ImageObject\",\"inLanguage\":\"pt-BR\",\"@id\":\"https:\/\/uvbbrasil.com.br\/#\/schema\/logo\/image\/\",\"url\":\"https:\/\/uvbbrasil.com.br\/wp-content\/uploads\/2025\/01\/LOGO-UVB-2024-azul-1.jpg\",\"contentUrl\":\"https:\/\/uvbbrasil.com.br\/wp-content\/uploads\/2025\/01\/LOGO-UVB-2024-azul-1.jpg\",\"width\":600,\"height\":211,\"caption\":\"UVB Brasil\"},\"image\":{\"@id\":\"https:\/\/uvbbrasil.com.br\/#\/schema\/logo\/image\/\"},\"sameAs\":[\"https:\/\/www.facebook.com\/uvb.vereadoresbrasil\",\"https:\/\/www.instagram.com\/uvbbrasil\/\",\"https:\/\/www.youtube.com\/channel\/UCIlPQ8Xzw5GHNzosQIg9S5A\"]},{\"@type\":\"Person\",\"@id\":\"https:\/\/uvbbrasil.com.br\/#\/schema\/person\/17990098446c098f52effddff4f1b272\",\"name\":\"adminuvb\",\"image\":{\"@type\":\"ImageObject\",\"inLanguage\":\"pt-BR\",\"@id\":\"https:\/\/uvbbrasil.com.br\/#\/schema\/person\/image\/\",\"url\":\"https:\/\/secure.gravatar.com\/avatar\/1a494ea6f8e2dd1ae526e55b0e9497efdba542491e0620d704cccf63c6f77c45?s=96&d=mm&r=g\",\"contentUrl\":\"https:\/\/secure.gravatar.com\/avatar\/1a494ea6f8e2dd1ae526e55b0e9497efdba542491e0620d704cccf63c6f77c45?s=96&d=mm&r=g\",\"caption\":\"adminuvb\"},\"sameAs\":[\"https:\/\/uvbbrasil.com.br\"],\"url\":\"https:\/\/uvbbrasil.com.br\/author\/adminuvb\/\"}]}<\/script>\n<!-- \/ Yoast SEO plugin. -->","yoast_head_json":{"title":"Prefeito de Vespasiano Corr\u00eaa\/RS participa do Congresso de Legislativos da UVB - UVB Brasil","robots":{"index":"index","follow":"follow","max-snippet":"max-snippet:-1","max-image-preview":"max-image-preview:large","max-video-preview":"max-video-preview:-1"},"canonical":"https:\/\/uvbbrasil.com.br\/prefeito-de-vespasiano-correa-rs-participa-do-congresso-de-legislativos-da-uvb\/","og_locale":"pt_BR","og_type":"article","og_title":"Prefeito de Vespasiano Corr\u00eaa\/RS participa do Congresso de Legislativos da UVB - UVB Brasil","og_description":"Tiago Manoel\u00a0 Michelon, Bachael em Direito pela UCS\/Universidade de Caxias do Sul, Prefeito de Vespasiano Corr\u00eaa\/RS, em participa\u00e7\u00e3o na programa\u00e7\u00e3o...","og_url":"https:\/\/uvbbrasil.com.br\/prefeito-de-vespasiano-correa-rs-participa-do-congresso-de-legislativos-da-uvb\/","og_site_name":"UVB Brasil","article_publisher":"https:\/\/www.facebook.com\/uvb.vereadoresbrasil","article_published_time":"2022-12-01T15:24:21+00:00","og_image":[{"width":1280,"height":960,"url":"https:\/\/uvbbrasil.com.br\/wp-content\/uploads\/2022\/12\/WhatsApp-Image-2022-12-01-at-12.13.26.jpeg","type":"image\/jpeg"}],"author":"adminuvb","twitter_card":"summary_large_image","twitter_misc":{"Escrito por":"adminuvb","Est. tempo de leitura":"3 minutos"},"schema":{"@context":"https:\/\/schema.org","@graph":[{"@type":"Article","@id":"https:\/\/uvbbrasil.com.br\/prefeito-de-vespasiano-correa-rs-participa-do-congresso-de-legislativos-da-uvb\/#article","isPartOf":{"@id":"https:\/\/uvbbrasil.com.br\/prefeito-de-vespasiano-correa-rs-participa-do-congresso-de-legislativos-da-uvb\/"},"author":{"name":"adminuvb","@id":"https:\/\/uvbbrasil.com.br\/#\/schema\/person\/17990098446c098f52effddff4f1b272"},"headline":"Prefeito de Vespasiano Corr\u00eaa\/RS participa do Congresso de Legislativos da UVB","datePublished":"2022-12-01T15:24:21+00:00","mainEntityOfPage":{"@id":"https:\/\/uvbbrasil.com.br\/prefeito-de-vespasiano-correa-rs-participa-do-congresso-de-legislativos-da-uvb\/"},"wordCount":319,"commentCount":0,"publisher":{"@id":"https:\/\/uvbbrasil.com.br\/#organization"},"image":{"@id":"https:\/\/uvbbrasil.com.br\/prefeito-de-vespasiano-correa-rs-participa-do-congresso-de-legislativos-da-uvb\/#primaryimage"},"thumbnailUrl":"https:\/\/uvbbrasil.com.br\/wp-content\/uploads\/2022\/12\/WhatsApp-Image-2022-12-01-at-12.13.26.jpeg","articleSection":["NOT\u00cdCIAS","UVB"],"inLanguage":"pt-BR","potentialAction":[{"@type":"CommentAction","name":"Comment","target":["https:\/\/uvbbrasil.com.br\/prefeito-de-vespasiano-correa-rs-participa-do-congresso-de-legislativos-da-uvb\/#respond"]}]},{"@type":"WebPage","@id":"https:\/\/uvbbrasil.com.br\/prefeito-de-vespasiano-correa-rs-participa-do-congresso-de-legislativos-da-uvb\/","url":"https:\/\/uvbbrasil.com.br\/prefeito-de-vespasiano-correa-rs-participa-do-congresso-de-legislativos-da-uvb\/","name":"Prefeito de Vespasiano Corr\u00eaa\/RS participa do Congresso de Legislativos da UVB - UVB Brasil","isPartOf":{"@id":"https:\/\/uvbbrasil.com.br\/#website"},"primaryImageOfPage":{"@id":"https:\/\/uvbbrasil.com.br\/prefeito-de-vespasiano-correa-rs-participa-do-congresso-de-legislativos-da-uvb\/#primaryimage"},"image":{"@id":"https:\/\/uvbbrasil.com.br\/prefeito-de-vespasiano-correa-rs-participa-do-congresso-de-legislativos-da-uvb\/#primaryimage"},"thumbnailUrl":"https:\/\/uvbbrasil.com.br\/wp-content\/uploads\/2022\/12\/WhatsApp-Image-2022-12-01-at-12.13.26.jpeg","datePublished":"2022-12-01T15:24:21+00:00","breadcrumb":{"@id":"https:\/\/uvbbrasil.com.br\/prefeito-de-vespasiano-correa-rs-participa-do-congresso-de-legislativos-da-uvb\/#breadcrumb"},"inLanguage":"pt-BR","potentialAction":[{"@type":"ReadAction","target":["https:\/\/uvbbrasil.com.br\/prefeito-de-vespasiano-correa-rs-participa-do-congresso-de-legislativos-da-uvb\/"]}]},{"@type":"ImageObject","inLanguage":"pt-BR","@id":"https:\/\/uvbbrasil.com.br\/prefeito-de-vespasiano-correa-rs-participa-do-congresso-de-legislativos-da-uvb\/#primaryimage","url":"https:\/\/uvbbrasil.com.br\/wp-content\/uploads\/2022\/12\/WhatsApp-Image-2022-12-01-at-12.13.26.jpeg","contentUrl":"https:\/\/uvbbrasil.com.br\/wp-content\/uploads\/2022\/12\/WhatsApp-Image-2022-12-01-at-12.13.26.jpeg","width":1280,"height":960},{"@type":"BreadcrumbList","@id":"https:\/\/uvbbrasil.com.br\/prefeito-de-vespasiano-correa-rs-participa-do-congresso-de-legislativos-da-uvb\/#breadcrumb","itemListElement":[{"@type":"ListItem","position":1,"name":"In\u00edcio","item":"https:\/\/uvbbrasil.com.br\/"},{"@type":"ListItem","position":2,"name":"Prefeito de Vespasiano Corr\u00eaa\/RS participa do Congresso de Legislativos da UVB"}]},{"@type":"WebSite","@id":"https:\/\/uvbbrasil.com.br\/#website","url":"https:\/\/uvbbrasil.com.br\/","name":"UVB Brasil","description":"Uni\u00e3o dos Vereadores do Brasil","publisher":{"@id":"https:\/\/uvbbrasil.com.br\/#organization"},"potentialAction":[{"@type":"SearchAction","target":{"@type":"EntryPoint","urlTemplate":"https:\/\/uvbbrasil.com.br\/?s={search_term_string}"},"query-input":{"@type":"PropertyValueSpecification","valueRequired":true,"valueName":"search_term_string"}}],"inLanguage":"pt-BR"},{"@type":"Organization","@id":"https:\/\/uvbbrasil.com.br\/#organization","name":"UVB Brasil","url":"https:\/\/uvbbrasil.com.br\/","logo":{"@type":"ImageObject","inLanguage":"pt-BR","@id":"https:\/\/uvbbrasil.com.br\/#\/schema\/logo\/image\/","url":"https:\/\/uvbbrasil.com.br\/wp-content\/uploads\/2025\/01\/LOGO-UVB-2024-azul-1.jpg","contentUrl":"https:\/\/uvbbrasil.com.br\/wp-content\/uploads\/2025\/01\/LOGO-UVB-2024-azul-1.jpg","width":600,"height":211,"caption":"UVB Brasil"},"image":{"@id":"https:\/\/uvbbrasil.com.br\/#\/schema\/logo\/image\/"},"sameAs":["https:\/\/www.facebook.com\/uvb.vereadoresbrasil","https:\/\/www.instagram.com\/uvbbrasil\/","https:\/\/www.youtube.com\/channel\/UCIlPQ8Xzw5GHNzosQIg9S5A"]},{"@type":"Person","@id":"https:\/\/uvbbrasil.com.br\/#\/schema\/person\/17990098446c098f52effddff4f1b272","name":"adminuvb","image":{"@type":"ImageObject","inLanguage":"pt-BR","@id":"https:\/\/uvbbrasil.com.br\/#\/schema\/person\/image\/","url":"https:\/\/secure.gravatar.com\/avatar\/1a494ea6f8e2dd1ae526e55b0e9497efdba542491e0620d704cccf63c6f77c45?s=96&d=mm&r=g","contentUrl":"https:\/\/secure.gravatar.com\/avatar\/1a494ea6f8e2dd1ae526e55b0e9497efdba542491e0620d704cccf63c6f77c45?s=96&d=mm&r=g","caption":"adminuvb"},"sameAs":["https:\/\/uvbbrasil.com.br"],"url":"https:\/\/uvbbrasil.com.br\/author\/adminuvb\/"}]}},"_links":{"self":[{"href":"https:\/\/uvbbrasil.com.br\/uvb-json\/wp\/v2\/posts\/27776","targetHints":{"allow":["GET"]}}],"collection":[{"href":"https:\/\/uvbbrasil.com.br\/uvb-json\/wp\/v2\/posts"}],"about":[{"href":"https:\/\/uvbbrasil.com.br\/uvb-json\/wp\/v2\/types\/post"}],"author":[{"embeddable":true,"href":"https:\/\/uvbbrasil.com.br\/uvb-json\/wp\/v2\/users\/1"}],"replies":[{"embeddable":true,"href":"https:\/\/uvbbrasil.com.br\/uvb-json\/wp\/v2\/comments?post=27776"}],"version-history":[{"count":0,"href":"https:\/\/uvbbrasil.com.br\/uvb-json\/wp\/v2\/posts\/27776\/revisions"}],"wp:featuredmedia":[{"embeddable":true,"href":"https:\/\/uvbbrasil.com.br\/uvb-json\/wp\/v2\/media\/27777"}],"wp:attachment":[{"href":"https:\/\/uvbbrasil.com.br\/uvb-json\/wp\/v2\/media?parent=27776"}],"wp:term":[{"taxonomy":"category","embeddable":true,"href":"https:\/\/uvbbrasil.com.br\/uvb-json\/wp\/v2\/categories?post=27776"},{"taxonomy":"post_tag","embeddable":true,"href":"https:\/\/uvbbrasil.com.br\/uvb-json\/wp\/v2\/tags?post=27776"}],"curies":[{"name":"wp","href":"https:\/\/api.w.org\/{rel}","templated":true}]}}