{"id":27754,"date":"2022-11-29T12:27:28","date_gmt":"2022-11-29T15:27:28","guid":{"rendered":"https:\/\/wpsandbox4.pante.com.br\/?p=27754"},"modified":"2022-11-29T12:27:28","modified_gmt":"2022-11-29T15:27:28","slug":"o-brasil-pos-eleicoes-na-visao-da-ciencia-politica","status":"publish","type":"post","link":"https:\/\/uvbbrasil.com.br\/o-brasil-pos-eleicoes-na-visao-da-ciencia-politica\/","title":{"rendered":"O Brasil P\u00f3s Elei\u00e7\u00f5es na vis\u00e3o da Ci\u00eancia Pol\u00edtica"},"content":{"rendered":"<p>O palestrante Emerson Saraiva, Diretor de Arte e M\u00eddia, Mestre em Comunica\u00e7\u00e3o em participa\u00e7\u00e3o no Congresso Brasileiro de Legislativos e Gestores Municipais em Bras\u00edlia, promovido pela Uni\u00e3o dos Vereadores do Brasil\/UVB, apresentou ao vereadores, vereadoras, assessores e servidores de c\u00e2maras municipais sobre o tema\u201d O Brasil P\u00f3s Elei\u00e7\u00f5es na vis\u00e3o da Ci\u00eancia Pol\u00edtica.<\/p>\n<p>O mestre em comunica\u00e7\u00e3o citou as principais estrat\u00e9gias de marketing pol\u00edtico \u00e9 desenvolver uma marca pol\u00edtica, construir uma comunidade e investir em conte\u00fado , outro ponto importante citado \u00e9 a cria\u00e7\u00e3o de uma identidade visual, ou seja, ter uma identidade \u00e9 o mesmo que ter um cart\u00e3o de visitas permanente na cabe\u00e7a dos seus eleitores. Al\u00e9m de transmitir mais seguran\u00e7a, ela \u00e9 a sua marca.<\/p>\n<p>Precisamos lembrar que n\u00e3o somente de elei\u00e7\u00f5es vive o Brasil, e todos precisamos trabalhar, torcer e contribuir de forma intencional para um pa\u00eds melhor, porque um Brasil ruim, \u00e9 ruim para todos.\u00a0 As elei\u00e7\u00f5es foram tensas e o resultado ainda vai gerar divis\u00e3o por algum tempo, e creio que ambos os lados ter\u00e3o que trabalhar com respeito e modera\u00e7\u00e3o, para que o pa\u00eds volte a sua normalidade.<\/p>\n<p>Emerson Saraiva \u00e9 Consultor de Comunica\u00e7\u00e3o, Marketing e Transforma\u00e7\u00e3o Digital, Estrategista em Marketing Eleitoral, Redator Publicit\u00e1rio, Roteirista e Diretor de Audiovisual, Fot\u00f3grafo e Palestrante. Campina Grande\/PB.<\/p>\n<p><img fetchpriority=\"high\" decoding=\"async\" class=\"alignnone size-medium wp-image-27759\" src=\"https:\/\/uvbbrasil.com.br\/wp-content\/uploads\/2022\/11\/emerson-certificado-300x199.jpg\" alt=\"\" width=\"300\" height=\"199\" \/><\/p>\n<p><img decoding=\"async\" class=\"alignnone size-medium wp-image-27756\" src=\"https:\/\/uvbbrasil.com.br\/wp-content\/uploads\/2022\/11\/emerson-saraiva-300x199.jpg\" alt=\"\" width=\"300\" height=\"199\" \/><img decoding=\"async\" class=\"alignnone size-medium wp-image-27757\" src=\"https:\/\/uvbbrasil.com.br\/wp-content\/uploads\/2022\/11\/emersson-3-300x199.jpg\" alt=\"\" width=\"300\" height=\"199\" \/><img loading=\"lazy\" decoding=\"async\" class=\"alignnone size-medium wp-image-27758\" src=\"https:\/\/uvbbrasil.com.br\/wp-content\/uploads\/2022\/11\/emerson-4-300x199.jpg\" alt=\"\" width=\"300\" height=\"199\" \/><img fetchpriority=\"high\" decoding=\"async\" class=\"alignnone size-medium wp-image-27759\" src=\"https:\/\/uvbbrasil.com.br\/wp-content\/uploads\/2022\/11\/emerson-certificado-300x199.jpg\" alt=\"\" width=\"300\" height=\"199\" \/><\/p>\n","protected":false},"excerpt":{"rendered":"<p>O palestrante Emerson Saraiva, Diretor de Arte e M\u00eddia, Mestre em Comunica\u00e7\u00e3o em participa\u00e7\u00e3o no Congresso Brasileiro de Legislativos e&#8230;<\/p>\n","protected":false},"author":1,"featured_media":27755,"comment_status":"open","ping_status":"open","sticky":false,"template":"","format":"standard","meta":{"footnotes":""},"categories":[3,4],"tags":[],"class_list":["post-27754","post","type-post","status-publish","format-standard","has-post-thumbnail","hentry","category-noticias","category-home"],"yoast_head":"<!-- This site is optimized with the Yoast SEO plugin v26.7 - https:\/\/yoast.com\/wordpress\/plugins\/seo\/ -->\n<title>O Brasil P\u00f3s Elei\u00e7\u00f5es na vis\u00e3o da Ci\u00eancia Pol\u00edtica - UVB Brasil<\/title>\n<meta name=\"robots\" content=\"index, follow, max-snippet:-1, max-image-preview:large, max-video-preview:-1\" \/>\n<link rel=\"canonical\" href=\"https:\/\/uvbbrasil.com.br\/o-brasil-pos-eleicoes-na-visao-da-ciencia-politica\/\" \/>\n<meta property=\"og:locale\" content=\"pt_BR\" \/>\n<meta property=\"og:type\" content=\"article\" \/>\n<meta property=\"og:title\" content=\"O Brasil P\u00f3s Elei\u00e7\u00f5es na vis\u00e3o da Ci\u00eancia Pol\u00edtica - UVB Brasil\" \/>\n<meta property=\"og:description\" content=\"O palestrante Emerson Saraiva, Diretor de Arte e M\u00eddia, Mestre em Comunica\u00e7\u00e3o em participa\u00e7\u00e3o no Congresso Brasileiro de Legislativos e...\" \/>\n<meta property=\"og:url\" content=\"https:\/\/uvbbrasil.com.br\/o-brasil-pos-eleicoes-na-visao-da-ciencia-politica\/\" \/>\n<meta property=\"og:site_name\" content=\"UVB Brasil\" \/>\n<meta property=\"article:publisher\" content=\"https:\/\/www.facebook.com\/uvb.vereadoresbrasil\" \/>\n<meta property=\"article:published_time\" content=\"2022-11-29T15:27:28+00:00\" \/>\n<meta property=\"og:image\" content=\"https:\/\/uvbbrasil.com.br\/wp-content\/uploads\/2022\/11\/emerson-scaled-1.jpg\" \/>\n\t<meta property=\"og:image:width\" content=\"2560\" \/>\n\t<meta property=\"og:image:height\" content=\"1700\" \/>\n\t<meta property=\"og:image:type\" content=\"image\/jpeg\" \/>\n<meta name=\"author\" content=\"adminuvb\" \/>\n<meta name=\"twitter:card\" content=\"summary_large_image\" \/>\n<meta name=\"twitter:label1\" content=\"Escrito por\" \/>\n\t<meta name=\"twitter:data1\" content=\"adminuvb\" \/>\n\t<meta name=\"twitter:label2\" content=\"Est. tempo de leitura\" \/>\n\t<meta name=\"twitter:data2\" content=\"2 minutos\" \/>\n<script type=\"application\/ld+json\" class=\"yoast-schema-graph\">{\"@context\":\"https:\/\/schema.org\",\"@graph\":[{\"@type\":\"Article\",\"@id\":\"https:\/\/uvbbrasil.com.br\/o-brasil-pos-eleicoes-na-visao-da-ciencia-politica\/#article\",\"isPartOf\":{\"@id\":\"https:\/\/uvbbrasil.com.br\/o-brasil-pos-eleicoes-na-visao-da-ciencia-politica\/\"},\"author\":{\"name\":\"adminuvb\",\"@id\":\"https:\/\/uvbbrasil.com.br\/#\/schema\/person\/17990098446c098f52effddff4f1b272\"},\"headline\":\"O Brasil P\u00f3s Elei\u00e7\u00f5es na vis\u00e3o da Ci\u00eancia Pol\u00edtica\",\"datePublished\":\"2022-11-29T15:27:28+00:00\",\"mainEntityOfPage\":{\"@id\":\"https:\/\/uvbbrasil.com.br\/o-brasil-pos-eleicoes-na-visao-da-ciencia-politica\/\"},\"wordCount\":253,\"commentCount\":0,\"publisher\":{\"@id\":\"https:\/\/uvbbrasil.com.br\/#organization\"},\"image\":{\"@id\":\"https:\/\/uvbbrasil.com.br\/o-brasil-pos-eleicoes-na-visao-da-ciencia-politica\/#primaryimage\"},\"thumbnailUrl\":\"https:\/\/uvbbrasil.com.br\/wp-content\/uploads\/2022\/11\/emerson-scaled-1.jpg\",\"articleSection\":[\"NOT\u00cdCIAS\",\"UVB\"],\"inLanguage\":\"pt-BR\",\"potentialAction\":[{\"@type\":\"CommentAction\",\"name\":\"Comment\",\"target\":[\"https:\/\/uvbbrasil.com.br\/o-brasil-pos-eleicoes-na-visao-da-ciencia-politica\/#respond\"]}]},{\"@type\":\"WebPage\",\"@id\":\"https:\/\/uvbbrasil.com.br\/o-brasil-pos-eleicoes-na-visao-da-ciencia-politica\/\",\"url\":\"https:\/\/uvbbrasil.com.br\/o-brasil-pos-eleicoes-na-visao-da-ciencia-politica\/\",\"name\":\"O Brasil P\u00f3s Elei\u00e7\u00f5es na vis\u00e3o da Ci\u00eancia Pol\u00edtica - UVB Brasil\",\"isPartOf\":{\"@id\":\"https:\/\/uvbbrasil.com.br\/#website\"},\"primaryImageOfPage\":{\"@id\":\"https:\/\/uvbbrasil.com.br\/o-brasil-pos-eleicoes-na-visao-da-ciencia-politica\/#primaryimage\"},\"image\":{\"@id\":\"https:\/\/uvbbrasil.com.br\/o-brasil-pos-eleicoes-na-visao-da-ciencia-politica\/#primaryimage\"},\"thumbnailUrl\":\"https:\/\/uvbbrasil.com.br\/wp-content\/uploads\/2022\/11\/emerson-scaled-1.jpg\",\"datePublished\":\"2022-11-29T15:27:28+00:00\",\"breadcrumb\":{\"@id\":\"https:\/\/uvbbrasil.com.br\/o-brasil-pos-eleicoes-na-visao-da-ciencia-politica\/#breadcrumb\"},\"inLanguage\":\"pt-BR\",\"potentialAction\":[{\"@type\":\"ReadAction\",\"target\":[\"https:\/\/uvbbrasil.com.br\/o-brasil-pos-eleicoes-na-visao-da-ciencia-politica\/\"]}]},{\"@type\":\"ImageObject\",\"inLanguage\":\"pt-BR\",\"@id\":\"https:\/\/uvbbrasil.com.br\/o-brasil-pos-eleicoes-na-visao-da-ciencia-politica\/#primaryimage\",\"url\":\"https:\/\/uvbbrasil.com.br\/wp-content\/uploads\/2022\/11\/emerson-scaled-1.jpg\",\"contentUrl\":\"https:\/\/uvbbrasil.com.br\/wp-content\/uploads\/2022\/11\/emerson-scaled-1.jpg\",\"width\":2560,\"height\":1700},{\"@type\":\"BreadcrumbList\",\"@id\":\"https:\/\/uvbbrasil.com.br\/o-brasil-pos-eleicoes-na-visao-da-ciencia-politica\/#breadcrumb\",\"itemListElement\":[{\"@type\":\"ListItem\",\"position\":1,\"name\":\"In\u00edcio\",\"item\":\"https:\/\/uvbbrasil.com.br\/\"},{\"@type\":\"ListItem\",\"position\":2,\"name\":\"O Brasil P\u00f3s Elei\u00e7\u00f5es na vis\u00e3o da Ci\u00eancia Pol\u00edtica\"}]},{\"@type\":\"WebSite\",\"@id\":\"https:\/\/uvbbrasil.com.br\/#website\",\"url\":\"https:\/\/uvbbrasil.com.br\/\",\"name\":\"UVB Brasil\",\"description\":\"Uni\u00e3o dos Vereadores do Brasil\",\"publisher\":{\"@id\":\"https:\/\/uvbbrasil.com.br\/#organization\"},\"potentialAction\":[{\"@type\":\"SearchAction\",\"target\":{\"@type\":\"EntryPoint\",\"urlTemplate\":\"https:\/\/uvbbrasil.com.br\/?s={search_term_string}\"},\"query-input\":{\"@type\":\"PropertyValueSpecification\",\"valueRequired\":true,\"valueName\":\"search_term_string\"}}],\"inLanguage\":\"pt-BR\"},{\"@type\":\"Organization\",\"@id\":\"https:\/\/uvbbrasil.com.br\/#organization\",\"name\":\"UVB Brasil\",\"url\":\"https:\/\/uvbbrasil.com.br\/\",\"logo\":{\"@type\":\"ImageObject\",\"inLanguage\":\"pt-BR\",\"@id\":\"https:\/\/uvbbrasil.com.br\/#\/schema\/logo\/image\/\",\"url\":\"https:\/\/uvbbrasil.com.br\/wp-content\/uploads\/2025\/01\/LOGO-UVB-2024-azul-1.jpg\",\"contentUrl\":\"https:\/\/uvbbrasil.com.br\/wp-content\/uploads\/2025\/01\/LOGO-UVB-2024-azul-1.jpg\",\"width\":600,\"height\":211,\"caption\":\"UVB Brasil\"},\"image\":{\"@id\":\"https:\/\/uvbbrasil.com.br\/#\/schema\/logo\/image\/\"},\"sameAs\":[\"https:\/\/www.facebook.com\/uvb.vereadoresbrasil\",\"https:\/\/www.instagram.com\/uvbbrasil\/\",\"https:\/\/www.youtube.com\/channel\/UCIlPQ8Xzw5GHNzosQIg9S5A\"]},{\"@type\":\"Person\",\"@id\":\"https:\/\/uvbbrasil.com.br\/#\/schema\/person\/17990098446c098f52effddff4f1b272\",\"name\":\"adminuvb\",\"image\":{\"@type\":\"ImageObject\",\"inLanguage\":\"pt-BR\",\"@id\":\"https:\/\/uvbbrasil.com.br\/#\/schema\/person\/image\/\",\"url\":\"https:\/\/secure.gravatar.com\/avatar\/1a494ea6f8e2dd1ae526e55b0e9497efdba542491e0620d704cccf63c6f77c45?s=96&d=mm&r=g\",\"contentUrl\":\"https:\/\/secure.gravatar.com\/avatar\/1a494ea6f8e2dd1ae526e55b0e9497efdba542491e0620d704cccf63c6f77c45?s=96&d=mm&r=g\",\"caption\":\"adminuvb\"},\"sameAs\":[\"https:\/\/uvbbrasil.com.br\"],\"url\":\"https:\/\/uvbbrasil.com.br\/author\/adminuvb\/\"}]}<\/script>\n<!-- \/ Yoast SEO plugin. -->","yoast_head_json":{"title":"O Brasil P\u00f3s Elei\u00e7\u00f5es na vis\u00e3o da Ci\u00eancia Pol\u00edtica - UVB Brasil","robots":{"index":"index","follow":"follow","max-snippet":"max-snippet:-1","max-image-preview":"max-image-preview:large","max-video-preview":"max-video-preview:-1"},"canonical":"https:\/\/uvbbrasil.com.br\/o-brasil-pos-eleicoes-na-visao-da-ciencia-politica\/","og_locale":"pt_BR","og_type":"article","og_title":"O Brasil P\u00f3s Elei\u00e7\u00f5es na vis\u00e3o da Ci\u00eancia Pol\u00edtica - UVB Brasil","og_description":"O palestrante Emerson Saraiva, Diretor de Arte e M\u00eddia, Mestre em Comunica\u00e7\u00e3o em participa\u00e7\u00e3o no Congresso Brasileiro de Legislativos e...","og_url":"https:\/\/uvbbrasil.com.br\/o-brasil-pos-eleicoes-na-visao-da-ciencia-politica\/","og_site_name":"UVB Brasil","article_publisher":"https:\/\/www.facebook.com\/uvb.vereadoresbrasil","article_published_time":"2022-11-29T15:27:28+00:00","og_image":[{"width":2560,"height":1700,"url":"https:\/\/uvbbrasil.com.br\/wp-content\/uploads\/2022\/11\/emerson-scaled-1.jpg","type":"image\/jpeg"}],"author":"adminuvb","twitter_card":"summary_large_image","twitter_misc":{"Escrito por":"adminuvb","Est. tempo de leitura":"2 minutos"},"schema":{"@context":"https:\/\/schema.org","@graph":[{"@type":"Article","@id":"https:\/\/uvbbrasil.com.br\/o-brasil-pos-eleicoes-na-visao-da-ciencia-politica\/#article","isPartOf":{"@id":"https:\/\/uvbbrasil.com.br\/o-brasil-pos-eleicoes-na-visao-da-ciencia-politica\/"},"author":{"name":"adminuvb","@id":"https:\/\/uvbbrasil.com.br\/#\/schema\/person\/17990098446c098f52effddff4f1b272"},"headline":"O Brasil P\u00f3s Elei\u00e7\u00f5es na vis\u00e3o da Ci\u00eancia Pol\u00edtica","datePublished":"2022-11-29T15:27:28+00:00","mainEntityOfPage":{"@id":"https:\/\/uvbbrasil.com.br\/o-brasil-pos-eleicoes-na-visao-da-ciencia-politica\/"},"wordCount":253,"commentCount":0,"publisher":{"@id":"https:\/\/uvbbrasil.com.br\/#organization"},"image":{"@id":"https:\/\/uvbbrasil.com.br\/o-brasil-pos-eleicoes-na-visao-da-ciencia-politica\/#primaryimage"},"thumbnailUrl":"https:\/\/uvbbrasil.com.br\/wp-content\/uploads\/2022\/11\/emerson-scaled-1.jpg","articleSection":["NOT\u00cdCIAS","UVB"],"inLanguage":"pt-BR","potentialAction":[{"@type":"CommentAction","name":"Comment","target":["https:\/\/uvbbrasil.com.br\/o-brasil-pos-eleicoes-na-visao-da-ciencia-politica\/#respond"]}]},{"@type":"WebPage","@id":"https:\/\/uvbbrasil.com.br\/o-brasil-pos-eleicoes-na-visao-da-ciencia-politica\/","url":"https:\/\/uvbbrasil.com.br\/o-brasil-pos-eleicoes-na-visao-da-ciencia-politica\/","name":"O Brasil P\u00f3s Elei\u00e7\u00f5es na vis\u00e3o da Ci\u00eancia Pol\u00edtica - UVB Brasil","isPartOf":{"@id":"https:\/\/uvbbrasil.com.br\/#website"},"primaryImageOfPage":{"@id":"https:\/\/uvbbrasil.com.br\/o-brasil-pos-eleicoes-na-visao-da-ciencia-politica\/#primaryimage"},"image":{"@id":"https:\/\/uvbbrasil.com.br\/o-brasil-pos-eleicoes-na-visao-da-ciencia-politica\/#primaryimage"},"thumbnailUrl":"https:\/\/uvbbrasil.com.br\/wp-content\/uploads\/2022\/11\/emerson-scaled-1.jpg","datePublished":"2022-11-29T15:27:28+00:00","breadcrumb":{"@id":"https:\/\/uvbbrasil.com.br\/o-brasil-pos-eleicoes-na-visao-da-ciencia-politica\/#breadcrumb"},"inLanguage":"pt-BR","potentialAction":[{"@type":"ReadAction","target":["https:\/\/uvbbrasil.com.br\/o-brasil-pos-eleicoes-na-visao-da-ciencia-politica\/"]}]},{"@type":"ImageObject","inLanguage":"pt-BR","@id":"https:\/\/uvbbrasil.com.br\/o-brasil-pos-eleicoes-na-visao-da-ciencia-politica\/#primaryimage","url":"https:\/\/uvbbrasil.com.br\/wp-content\/uploads\/2022\/11\/emerson-scaled-1.jpg","contentUrl":"https:\/\/uvbbrasil.com.br\/wp-content\/uploads\/2022\/11\/emerson-scaled-1.jpg","width":2560,"height":1700},{"@type":"BreadcrumbList","@id":"https:\/\/uvbbrasil.com.br\/o-brasil-pos-eleicoes-na-visao-da-ciencia-politica\/#breadcrumb","itemListElement":[{"@type":"ListItem","position":1,"name":"In\u00edcio","item":"https:\/\/uvbbrasil.com.br\/"},{"@type":"ListItem","position":2,"name":"O Brasil P\u00f3s Elei\u00e7\u00f5es na vis\u00e3o da Ci\u00eancia Pol\u00edtica"}]},{"@type":"WebSite","@id":"https:\/\/uvbbrasil.com.br\/#website","url":"https:\/\/uvbbrasil.com.br\/","name":"UVB Brasil","description":"Uni\u00e3o dos Vereadores do Brasil","publisher":{"@id":"https:\/\/uvbbrasil.com.br\/#organization"},"potentialAction":[{"@type":"SearchAction","target":{"@type":"EntryPoint","urlTemplate":"https:\/\/uvbbrasil.com.br\/?s={search_term_string}"},"query-input":{"@type":"PropertyValueSpecification","valueRequired":true,"valueName":"search_term_string"}}],"inLanguage":"pt-BR"},{"@type":"Organization","@id":"https:\/\/uvbbrasil.com.br\/#organization","name":"UVB Brasil","url":"https:\/\/uvbbrasil.com.br\/","logo":{"@type":"ImageObject","inLanguage":"pt-BR","@id":"https:\/\/uvbbrasil.com.br\/#\/schema\/logo\/image\/","url":"https:\/\/uvbbrasil.com.br\/wp-content\/uploads\/2025\/01\/LOGO-UVB-2024-azul-1.jpg","contentUrl":"https:\/\/uvbbrasil.com.br\/wp-content\/uploads\/2025\/01\/LOGO-UVB-2024-azul-1.jpg","width":600,"height":211,"caption":"UVB Brasil"},"image":{"@id":"https:\/\/uvbbrasil.com.br\/#\/schema\/logo\/image\/"},"sameAs":["https:\/\/www.facebook.com\/uvb.vereadoresbrasil","https:\/\/www.instagram.com\/uvbbrasil\/","https:\/\/www.youtube.com\/channel\/UCIlPQ8Xzw5GHNzosQIg9S5A"]},{"@type":"Person","@id":"https:\/\/uvbbrasil.com.br\/#\/schema\/person\/17990098446c098f52effddff4f1b272","name":"adminuvb","image":{"@type":"ImageObject","inLanguage":"pt-BR","@id":"https:\/\/uvbbrasil.com.br\/#\/schema\/person\/image\/","url":"https:\/\/secure.gravatar.com\/avatar\/1a494ea6f8e2dd1ae526e55b0e9497efdba542491e0620d704cccf63c6f77c45?s=96&d=mm&r=g","contentUrl":"https:\/\/secure.gravatar.com\/avatar\/1a494ea6f8e2dd1ae526e55b0e9497efdba542491e0620d704cccf63c6f77c45?s=96&d=mm&r=g","caption":"adminuvb"},"sameAs":["https:\/\/uvbbrasil.com.br"],"url":"https:\/\/uvbbrasil.com.br\/author\/adminuvb\/"}]}},"_links":{"self":[{"href":"https:\/\/uvbbrasil.com.br\/uvb-json\/wp\/v2\/posts\/27754","targetHints":{"allow":["GET"]}}],"collection":[{"href":"https:\/\/uvbbrasil.com.br\/uvb-json\/wp\/v2\/posts"}],"about":[{"href":"https:\/\/uvbbrasil.com.br\/uvb-json\/wp\/v2\/types\/post"}],"author":[{"embeddable":true,"href":"https:\/\/uvbbrasil.com.br\/uvb-json\/wp\/v2\/users\/1"}],"replies":[{"embeddable":true,"href":"https:\/\/uvbbrasil.com.br\/uvb-json\/wp\/v2\/comments?post=27754"}],"version-history":[{"count":0,"href":"https:\/\/uvbbrasil.com.br\/uvb-json\/wp\/v2\/posts\/27754\/revisions"}],"wp:featuredmedia":[{"embeddable":true,"href":"https:\/\/uvbbrasil.com.br\/uvb-json\/wp\/v2\/media\/27755"}],"wp:attachment":[{"href":"https:\/\/uvbbrasil.com.br\/uvb-json\/wp\/v2\/media?parent=27754"}],"wp:term":[{"taxonomy":"category","embeddable":true,"href":"https:\/\/uvbbrasil.com.br\/uvb-json\/wp\/v2\/categories?post=27754"},{"taxonomy":"post_tag","embeddable":true,"href":"https:\/\/uvbbrasil.com.br\/uvb-json\/wp\/v2\/tags?post=27754"}],"curies":[{"name":"wp","href":"https:\/\/api.w.org\/{rel}","templated":true}]}}