{"id":27724,"date":"2022-11-25T12:57:07","date_gmt":"2022-11-25T15:57:07","guid":{"rendered":"https:\/\/wpsandbox4.pante.com.br\/?p=27724"},"modified":"2022-11-25T12:57:07","modified_gmt":"2022-11-25T15:57:07","slug":"saude-da-cidade-do-cristo-protetor-um-case-de-sucesso","status":"publish","type":"post","link":"https:\/\/uvbbrasil.com.br\/saude-da-cidade-do-cristo-protetor-um-case-de-sucesso\/","title":{"rendered":"Sa\u00fade da cidade do Cristo Protetor um case de sucesso"},"content":{"rendered":"<p>A secret\u00e1ria de Sa\u00fade no Munic\u00edpio de Encantado\/RS, Clarissa da Rosa Pretto Scatola participou na tarde desta quarta-feira (23) da programa\u00e7\u00e3o do Congresso Brasileiro de Legislativos e Gestores Municipais em Bras\u00edlia\/DF.<\/p>\n<p>A secret\u00e1ria encantadense apresentou aos participantes o bom desenvolvimento da Secretaria da Sa\u00fade da cidade do Cristo Protetor, com dados e dispositivos utilizados no munic\u00edpio para atender com agilidade as necessidades da popula\u00e7\u00e3o que necessitam dos servi\u00e7os e cuidados da equipe da sa\u00fade. A Administra\u00e7\u00e3o Municipal disponibiliza uma nova plataforma on-line de acesso aos servi\u00e7os por meio do aplicativo Eagle Care, sistema este que \u00a0permite agendamento de consultas, agendamento de vacina, controle de medicamentos, pr\u00e9-triagem Covid-19, ficha de investiga\u00e7\u00e3o, renova\u00e7\u00e3o de receita, telecuidado, dicas e orienta\u00e7\u00f5es e teleconsulta.<\/p>\n<p>Apresentou o projeto \u201dViver Bem Sa\u00fade em Movimento\u201d que tem o intuito de melhorar a qualidade de vida das pessoas acima de 40 anos, atrav\u00e9s de exerc\u00edcios f\u00edsicos. O projeto Viver Bem mantido pela Administra\u00e7\u00e3o Municipal, atrav\u00e9s das secretarias municipais da Juventude, Turismo e Desporto e da Assist\u00eancia Social. O projeto \u00e9 desenvolvido atualmente com mulheres dos n\u00facleos dos bairros Lajeadinho, Jardim do Trabalhador, Vila Mo\u00e7a e Santa Clara. Durante duas horas, elas participam de atividades f\u00edsicas como alongamento, gin\u00e1stica, din\u00e2micas de grupos, artes, recrea\u00e7\u00e3o, lazer e socializa\u00e7\u00e3o. O Viver Bem conta com quatro professores de Educa\u00e7\u00e3o F\u00edsica e cem participantes. De acordo com o professor Tiago Marchese, as atividades s\u00e3o importantes para melhorar a sa\u00fade, a autoestima e, consequentemente, a qualidade de vida.<\/p>\n<p>Apresenta\u00e7\u00e3o do case de sucesso no Congresso de Legislativos Municipais, que reuniu mais de 850 participantes de todos os estados Brasileiro, tem o intuito de incentivar as demais C\u00e2maras Municipais a desenvolverem e promoverem bem-esta da popula\u00e7\u00e3o de cada munic\u00edpio.<\/p>\n<p><img fetchpriority=\"high\" decoding=\"async\" class=\"alignnone size-medium wp-image-27725\" src=\"https:\/\/uvbbrasil.com.br\/wp-content\/uploads\/2022\/11\/WhatsApp-Image-2022-11-25-at-12.49.45-300x199.jpeg\" alt=\"\" width=\"300\" height=\"199\" srcset=\"https:\/\/uvbbrasil.com.br\/wp-content\/uploads\/2022\/11\/WhatsApp-Image-2022-11-25-at-12.49.45-300x199.jpeg 300w, https:\/\/uvbbrasil.com.br\/wp-content\/uploads\/2022\/11\/WhatsApp-Image-2022-11-25-at-12.49.45-1024x680.jpeg 1024w, https:\/\/uvbbrasil.com.br\/wp-content\/uploads\/2022\/11\/WhatsApp-Image-2022-11-25-at-12.49.45-768x510.jpeg 768w, https:\/\/uvbbrasil.com.br\/wp-content\/uploads\/2022\/11\/WhatsApp-Image-2022-11-25-at-12.49.45-1536x1020.jpeg 1536w, https:\/\/uvbbrasil.com.br\/wp-content\/uploads\/2022\/11\/WhatsApp-Image-2022-11-25-at-12.49.45.jpeg 1600w\" sizes=\"(max-width: 300px) 100vw, 300px\" \/><img decoding=\"async\" class=\"alignnone size-medium wp-image-27726\" src=\"https:\/\/uvbbrasil.com.br\/wp-content\/uploads\/2022\/11\/WhatsApp-Image-2022-11-25-at-12.49.44-300x199.jpeg\" alt=\"\" width=\"300\" height=\"199\" srcset=\"https:\/\/uvbbrasil.com.br\/wp-content\/uploads\/2022\/11\/WhatsApp-Image-2022-11-25-at-12.49.44-300x199.jpeg 300w, https:\/\/uvbbrasil.com.br\/wp-content\/uploads\/2022\/11\/WhatsApp-Image-2022-11-25-at-12.49.44-1024x680.jpeg 1024w, https:\/\/uvbbrasil.com.br\/wp-content\/uploads\/2022\/11\/WhatsApp-Image-2022-11-25-at-12.49.44-768x510.jpeg 768w, https:\/\/uvbbrasil.com.br\/wp-content\/uploads\/2022\/11\/WhatsApp-Image-2022-11-25-at-12.49.44-1536x1020.jpeg 1536w, https:\/\/uvbbrasil.com.br\/wp-content\/uploads\/2022\/11\/WhatsApp-Image-2022-11-25-at-12.49.44.jpeg 1600w\" sizes=\"(max-width: 300px) 100vw, 300px\" \/><img decoding=\"async\" class=\"alignnone size-medium wp-image-27727\" src=\"https:\/\/uvbbrasil.com.br\/wp-content\/uploads\/2022\/11\/WhatsApp-Image-2022-11-25-at-12.49.44-1-300x199.jpeg\" alt=\"\" width=\"300\" height=\"199\" srcset=\"https:\/\/uvbbrasil.com.br\/wp-content\/uploads\/2022\/11\/WhatsApp-Image-2022-11-25-at-12.49.44-1-300x199.jpeg 300w, https:\/\/uvbbrasil.com.br\/wp-content\/uploads\/2022\/11\/WhatsApp-Image-2022-11-25-at-12.49.44-1-1024x680.jpeg 1024w, https:\/\/uvbbrasil.com.br\/wp-content\/uploads\/2022\/11\/WhatsApp-Image-2022-11-25-at-12.49.44-1-768x510.jpeg 768w, https:\/\/uvbbrasil.com.br\/wp-content\/uploads\/2022\/11\/WhatsApp-Image-2022-11-25-at-12.49.44-1-1536x1020.jpeg 1536w, https:\/\/uvbbrasil.com.br\/wp-content\/uploads\/2022\/11\/WhatsApp-Image-2022-11-25-at-12.49.44-1.jpeg 1600w\" sizes=\"(max-width: 300px) 100vw, 300px\" \/><img loading=\"lazy\" decoding=\"async\" class=\"alignnone size-medium wp-image-27728\" src=\"https:\/\/uvbbrasil.com.br\/wp-content\/uploads\/2022\/11\/WhatsApp-Image-2022-11-25-at-12.49.45-1-300x199.jpeg\" alt=\"\" width=\"300\" height=\"199\" srcset=\"https:\/\/uvbbrasil.com.br\/wp-content\/uploads\/2022\/11\/WhatsApp-Image-2022-11-25-at-12.49.45-1-300x199.jpeg 300w, https:\/\/uvbbrasil.com.br\/wp-content\/uploads\/2022\/11\/WhatsApp-Image-2022-11-25-at-12.49.45-1-1024x680.jpeg 1024w, https:\/\/uvbbrasil.com.br\/wp-content\/uploads\/2022\/11\/WhatsApp-Image-2022-11-25-at-12.49.45-1-768x510.jpeg 768w, https:\/\/uvbbrasil.com.br\/wp-content\/uploads\/2022\/11\/WhatsApp-Image-2022-11-25-at-12.49.45-1-1536x1020.jpeg 1536w, https:\/\/uvbbrasil.com.br\/wp-content\/uploads\/2022\/11\/WhatsApp-Image-2022-11-25-at-12.49.45-1.jpeg 1600w\" sizes=\"(max-width: 300px) 100vw, 300px\" \/><\/p>\n<p><img loading=\"lazy\" decoding=\"async\" class=\"alignnone size-medium wp-image-27729\" src=\"https:\/\/uvbbrasil.com.br\/wp-content\/uploads\/2022\/11\/WhatsApp-Image-2022-11-25-at-12.49.46-300x199.jpeg\" alt=\"\" width=\"300\" height=\"199\" srcset=\"https:\/\/uvbbrasil.com.br\/wp-content\/uploads\/2022\/11\/WhatsApp-Image-2022-11-25-at-12.49.46-300x199.jpeg 300w, https:\/\/uvbbrasil.com.br\/wp-content\/uploads\/2022\/11\/WhatsApp-Image-2022-11-25-at-12.49.46-1024x680.jpeg 1024w, https:\/\/uvbbrasil.com.br\/wp-content\/uploads\/2022\/11\/WhatsApp-Image-2022-11-25-at-12.49.46-768x510.jpeg 768w, https:\/\/uvbbrasil.com.br\/wp-content\/uploads\/2022\/11\/WhatsApp-Image-2022-11-25-at-12.49.46-1536x1020.jpeg 1536w, https:\/\/uvbbrasil.com.br\/wp-content\/uploads\/2022\/11\/WhatsApp-Image-2022-11-25-at-12.49.46.jpeg 1600w\" sizes=\"(max-width: 300px) 100vw, 300px\" \/><\/p>\n","protected":false},"excerpt":{"rendered":"<p>A secret\u00e1ria de Sa\u00fade no Munic\u00edpio de Encantado\/RS, Clarissa da Rosa Pretto Scatola participou na tarde desta quarta-feira (23) da&#8230;<\/p>\n","protected":false},"author":1,"featured_media":27728,"comment_status":"open","ping_status":"open","sticky":false,"template":"","format":"standard","meta":{"footnotes":""},"categories":[3,4],"tags":[],"class_list":["post-27724","post","type-post","status-publish","format-standard","has-post-thumbnail","hentry","category-noticias","category-home"],"yoast_head":"<!-- This site is optimized with the Yoast SEO plugin v26.7 - https:\/\/yoast.com\/wordpress\/plugins\/seo\/ -->\n<title>Sa\u00fade da cidade do Cristo Protetor um case de sucesso - UVB Brasil<\/title>\n<meta name=\"robots\" content=\"index, follow, max-snippet:-1, max-image-preview:large, max-video-preview:-1\" \/>\n<link rel=\"canonical\" href=\"https:\/\/uvbbrasil.com.br\/saude-da-cidade-do-cristo-protetor-um-case-de-sucesso\/\" \/>\n<meta property=\"og:locale\" content=\"pt_BR\" \/>\n<meta property=\"og:type\" content=\"article\" \/>\n<meta property=\"og:title\" content=\"Sa\u00fade da cidade do Cristo Protetor um case de sucesso - UVB Brasil\" \/>\n<meta property=\"og:description\" content=\"A secret\u00e1ria de Sa\u00fade no Munic\u00edpio de Encantado\/RS, Clarissa da Rosa Pretto Scatola participou na tarde desta quarta-feira (23) da...\" \/>\n<meta property=\"og:url\" content=\"https:\/\/uvbbrasil.com.br\/saude-da-cidade-do-cristo-protetor-um-case-de-sucesso\/\" \/>\n<meta property=\"og:site_name\" content=\"UVB Brasil\" \/>\n<meta property=\"article:publisher\" content=\"https:\/\/www.facebook.com\/uvb.vereadoresbrasil\" \/>\n<meta property=\"article:published_time\" content=\"2022-11-25T15:57:07+00:00\" \/>\n<meta property=\"og:image\" content=\"https:\/\/uvbbrasil.com.br\/wp-content\/uploads\/2022\/11\/WhatsApp-Image-2022-11-25-at-12.49.45-1.jpeg\" \/>\n\t<meta property=\"og:image:width\" content=\"1600\" \/>\n\t<meta property=\"og:image:height\" content=\"1062\" \/>\n\t<meta property=\"og:image:type\" content=\"image\/jpeg\" \/>\n<meta name=\"author\" content=\"adminuvb\" \/>\n<meta name=\"twitter:card\" content=\"summary_large_image\" \/>\n<meta name=\"twitter:label1\" content=\"Escrito por\" \/>\n\t<meta name=\"twitter:data1\" content=\"adminuvb\" \/>\n\t<meta name=\"twitter:label2\" content=\"Est. tempo de leitura\" \/>\n\t<meta name=\"twitter:data2\" content=\"3 minutos\" \/>\n<script type=\"application\/ld+json\" class=\"yoast-schema-graph\">{\"@context\":\"https:\/\/schema.org\",\"@graph\":[{\"@type\":\"Article\",\"@id\":\"https:\/\/uvbbrasil.com.br\/saude-da-cidade-do-cristo-protetor-um-case-de-sucesso\/#article\",\"isPartOf\":{\"@id\":\"https:\/\/uvbbrasil.com.br\/saude-da-cidade-do-cristo-protetor-um-case-de-sucesso\/\"},\"author\":{\"name\":\"adminuvb\",\"@id\":\"https:\/\/uvbbrasil.com.br\/#\/schema\/person\/17990098446c098f52effddff4f1b272\"},\"headline\":\"Sa\u00fade da cidade do Cristo Protetor um case de sucesso\",\"datePublished\":\"2022-11-25T15:57:07+00:00\",\"mainEntityOfPage\":{\"@id\":\"https:\/\/uvbbrasil.com.br\/saude-da-cidade-do-cristo-protetor-um-case-de-sucesso\/\"},\"wordCount\":331,\"commentCount\":0,\"publisher\":{\"@id\":\"https:\/\/uvbbrasil.com.br\/#organization\"},\"image\":{\"@id\":\"https:\/\/uvbbrasil.com.br\/saude-da-cidade-do-cristo-protetor-um-case-de-sucesso\/#primaryimage\"},\"thumbnailUrl\":\"https:\/\/uvbbrasil.com.br\/wp-content\/uploads\/2022\/11\/WhatsApp-Image-2022-11-25-at-12.49.45-1.jpeg\",\"articleSection\":[\"NOT\u00cdCIAS\",\"UVB\"],\"inLanguage\":\"pt-BR\",\"potentialAction\":[{\"@type\":\"CommentAction\",\"name\":\"Comment\",\"target\":[\"https:\/\/uvbbrasil.com.br\/saude-da-cidade-do-cristo-protetor-um-case-de-sucesso\/#respond\"]}]},{\"@type\":\"WebPage\",\"@id\":\"https:\/\/uvbbrasil.com.br\/saude-da-cidade-do-cristo-protetor-um-case-de-sucesso\/\",\"url\":\"https:\/\/uvbbrasil.com.br\/saude-da-cidade-do-cristo-protetor-um-case-de-sucesso\/\",\"name\":\"Sa\u00fade da cidade do Cristo Protetor um case de sucesso - UVB Brasil\",\"isPartOf\":{\"@id\":\"https:\/\/uvbbrasil.com.br\/#website\"},\"primaryImageOfPage\":{\"@id\":\"https:\/\/uvbbrasil.com.br\/saude-da-cidade-do-cristo-protetor-um-case-de-sucesso\/#primaryimage\"},\"image\":{\"@id\":\"https:\/\/uvbbrasil.com.br\/saude-da-cidade-do-cristo-protetor-um-case-de-sucesso\/#primaryimage\"},\"thumbnailUrl\":\"https:\/\/uvbbrasil.com.br\/wp-content\/uploads\/2022\/11\/WhatsApp-Image-2022-11-25-at-12.49.45-1.jpeg\",\"datePublished\":\"2022-11-25T15:57:07+00:00\",\"breadcrumb\":{\"@id\":\"https:\/\/uvbbrasil.com.br\/saude-da-cidade-do-cristo-protetor-um-case-de-sucesso\/#breadcrumb\"},\"inLanguage\":\"pt-BR\",\"potentialAction\":[{\"@type\":\"ReadAction\",\"target\":[\"https:\/\/uvbbrasil.com.br\/saude-da-cidade-do-cristo-protetor-um-case-de-sucesso\/\"]}]},{\"@type\":\"ImageObject\",\"inLanguage\":\"pt-BR\",\"@id\":\"https:\/\/uvbbrasil.com.br\/saude-da-cidade-do-cristo-protetor-um-case-de-sucesso\/#primaryimage\",\"url\":\"https:\/\/uvbbrasil.com.br\/wp-content\/uploads\/2022\/11\/WhatsApp-Image-2022-11-25-at-12.49.45-1.jpeg\",\"contentUrl\":\"https:\/\/uvbbrasil.com.br\/wp-content\/uploads\/2022\/11\/WhatsApp-Image-2022-11-25-at-12.49.45-1.jpeg\",\"width\":1600,\"height\":1062},{\"@type\":\"BreadcrumbList\",\"@id\":\"https:\/\/uvbbrasil.com.br\/saude-da-cidade-do-cristo-protetor-um-case-de-sucesso\/#breadcrumb\",\"itemListElement\":[{\"@type\":\"ListItem\",\"position\":1,\"name\":\"In\u00edcio\",\"item\":\"https:\/\/uvbbrasil.com.br\/\"},{\"@type\":\"ListItem\",\"position\":2,\"name\":\"Sa\u00fade da cidade do Cristo Protetor um case de sucesso\"}]},{\"@type\":\"WebSite\",\"@id\":\"https:\/\/uvbbrasil.com.br\/#website\",\"url\":\"https:\/\/uvbbrasil.com.br\/\",\"name\":\"UVB Brasil\",\"description\":\"Uni\u00e3o dos Vereadores do Brasil\",\"publisher\":{\"@id\":\"https:\/\/uvbbrasil.com.br\/#organization\"},\"potentialAction\":[{\"@type\":\"SearchAction\",\"target\":{\"@type\":\"EntryPoint\",\"urlTemplate\":\"https:\/\/uvbbrasil.com.br\/?s={search_term_string}\"},\"query-input\":{\"@type\":\"PropertyValueSpecification\",\"valueRequired\":true,\"valueName\":\"search_term_string\"}}],\"inLanguage\":\"pt-BR\"},{\"@type\":\"Organization\",\"@id\":\"https:\/\/uvbbrasil.com.br\/#organization\",\"name\":\"UVB Brasil\",\"url\":\"https:\/\/uvbbrasil.com.br\/\",\"logo\":{\"@type\":\"ImageObject\",\"inLanguage\":\"pt-BR\",\"@id\":\"https:\/\/uvbbrasil.com.br\/#\/schema\/logo\/image\/\",\"url\":\"https:\/\/uvbbrasil.com.br\/wp-content\/uploads\/2025\/01\/LOGO-UVB-2024-azul-1.jpg\",\"contentUrl\":\"https:\/\/uvbbrasil.com.br\/wp-content\/uploads\/2025\/01\/LOGO-UVB-2024-azul-1.jpg\",\"width\":600,\"height\":211,\"caption\":\"UVB Brasil\"},\"image\":{\"@id\":\"https:\/\/uvbbrasil.com.br\/#\/schema\/logo\/image\/\"},\"sameAs\":[\"https:\/\/www.facebook.com\/uvb.vereadoresbrasil\",\"https:\/\/www.instagram.com\/uvbbrasil\/\",\"https:\/\/www.youtube.com\/channel\/UCIlPQ8Xzw5GHNzosQIg9S5A\"]},{\"@type\":\"Person\",\"@id\":\"https:\/\/uvbbrasil.com.br\/#\/schema\/person\/17990098446c098f52effddff4f1b272\",\"name\":\"adminuvb\",\"image\":{\"@type\":\"ImageObject\",\"inLanguage\":\"pt-BR\",\"@id\":\"https:\/\/uvbbrasil.com.br\/#\/schema\/person\/image\/\",\"url\":\"https:\/\/secure.gravatar.com\/avatar\/1a494ea6f8e2dd1ae526e55b0e9497efdba542491e0620d704cccf63c6f77c45?s=96&d=mm&r=g\",\"contentUrl\":\"https:\/\/secure.gravatar.com\/avatar\/1a494ea6f8e2dd1ae526e55b0e9497efdba542491e0620d704cccf63c6f77c45?s=96&d=mm&r=g\",\"caption\":\"adminuvb\"},\"sameAs\":[\"https:\/\/uvbbrasil.com.br\"],\"url\":\"https:\/\/uvbbrasil.com.br\/author\/adminuvb\/\"}]}<\/script>\n<!-- \/ Yoast SEO plugin. -->","yoast_head_json":{"title":"Sa\u00fade da cidade do Cristo Protetor um case de sucesso - UVB Brasil","robots":{"index":"index","follow":"follow","max-snippet":"max-snippet:-1","max-image-preview":"max-image-preview:large","max-video-preview":"max-video-preview:-1"},"canonical":"https:\/\/uvbbrasil.com.br\/saude-da-cidade-do-cristo-protetor-um-case-de-sucesso\/","og_locale":"pt_BR","og_type":"article","og_title":"Sa\u00fade da cidade do Cristo Protetor um case de sucesso - UVB Brasil","og_description":"A secret\u00e1ria de Sa\u00fade no Munic\u00edpio de Encantado\/RS, Clarissa da Rosa Pretto Scatola participou na tarde desta quarta-feira (23) da...","og_url":"https:\/\/uvbbrasil.com.br\/saude-da-cidade-do-cristo-protetor-um-case-de-sucesso\/","og_site_name":"UVB Brasil","article_publisher":"https:\/\/www.facebook.com\/uvb.vereadoresbrasil","article_published_time":"2022-11-25T15:57:07+00:00","og_image":[{"width":1600,"height":1062,"url":"https:\/\/uvbbrasil.com.br\/wp-content\/uploads\/2022\/11\/WhatsApp-Image-2022-11-25-at-12.49.45-1.jpeg","type":"image\/jpeg"}],"author":"adminuvb","twitter_card":"summary_large_image","twitter_misc":{"Escrito por":"adminuvb","Est. tempo de leitura":"3 minutos"},"schema":{"@context":"https:\/\/schema.org","@graph":[{"@type":"Article","@id":"https:\/\/uvbbrasil.com.br\/saude-da-cidade-do-cristo-protetor-um-case-de-sucesso\/#article","isPartOf":{"@id":"https:\/\/uvbbrasil.com.br\/saude-da-cidade-do-cristo-protetor-um-case-de-sucesso\/"},"author":{"name":"adminuvb","@id":"https:\/\/uvbbrasil.com.br\/#\/schema\/person\/17990098446c098f52effddff4f1b272"},"headline":"Sa\u00fade da cidade do Cristo Protetor um case de sucesso","datePublished":"2022-11-25T15:57:07+00:00","mainEntityOfPage":{"@id":"https:\/\/uvbbrasil.com.br\/saude-da-cidade-do-cristo-protetor-um-case-de-sucesso\/"},"wordCount":331,"commentCount":0,"publisher":{"@id":"https:\/\/uvbbrasil.com.br\/#organization"},"image":{"@id":"https:\/\/uvbbrasil.com.br\/saude-da-cidade-do-cristo-protetor-um-case-de-sucesso\/#primaryimage"},"thumbnailUrl":"https:\/\/uvbbrasil.com.br\/wp-content\/uploads\/2022\/11\/WhatsApp-Image-2022-11-25-at-12.49.45-1.jpeg","articleSection":["NOT\u00cdCIAS","UVB"],"inLanguage":"pt-BR","potentialAction":[{"@type":"CommentAction","name":"Comment","target":["https:\/\/uvbbrasil.com.br\/saude-da-cidade-do-cristo-protetor-um-case-de-sucesso\/#respond"]}]},{"@type":"WebPage","@id":"https:\/\/uvbbrasil.com.br\/saude-da-cidade-do-cristo-protetor-um-case-de-sucesso\/","url":"https:\/\/uvbbrasil.com.br\/saude-da-cidade-do-cristo-protetor-um-case-de-sucesso\/","name":"Sa\u00fade da cidade do Cristo Protetor um case de sucesso - UVB Brasil","isPartOf":{"@id":"https:\/\/uvbbrasil.com.br\/#website"},"primaryImageOfPage":{"@id":"https:\/\/uvbbrasil.com.br\/saude-da-cidade-do-cristo-protetor-um-case-de-sucesso\/#primaryimage"},"image":{"@id":"https:\/\/uvbbrasil.com.br\/saude-da-cidade-do-cristo-protetor-um-case-de-sucesso\/#primaryimage"},"thumbnailUrl":"https:\/\/uvbbrasil.com.br\/wp-content\/uploads\/2022\/11\/WhatsApp-Image-2022-11-25-at-12.49.45-1.jpeg","datePublished":"2022-11-25T15:57:07+00:00","breadcrumb":{"@id":"https:\/\/uvbbrasil.com.br\/saude-da-cidade-do-cristo-protetor-um-case-de-sucesso\/#breadcrumb"},"inLanguage":"pt-BR","potentialAction":[{"@type":"ReadAction","target":["https:\/\/uvbbrasil.com.br\/saude-da-cidade-do-cristo-protetor-um-case-de-sucesso\/"]}]},{"@type":"ImageObject","inLanguage":"pt-BR","@id":"https:\/\/uvbbrasil.com.br\/saude-da-cidade-do-cristo-protetor-um-case-de-sucesso\/#primaryimage","url":"https:\/\/uvbbrasil.com.br\/wp-content\/uploads\/2022\/11\/WhatsApp-Image-2022-11-25-at-12.49.45-1.jpeg","contentUrl":"https:\/\/uvbbrasil.com.br\/wp-content\/uploads\/2022\/11\/WhatsApp-Image-2022-11-25-at-12.49.45-1.jpeg","width":1600,"height":1062},{"@type":"BreadcrumbList","@id":"https:\/\/uvbbrasil.com.br\/saude-da-cidade-do-cristo-protetor-um-case-de-sucesso\/#breadcrumb","itemListElement":[{"@type":"ListItem","position":1,"name":"In\u00edcio","item":"https:\/\/uvbbrasil.com.br\/"},{"@type":"ListItem","position":2,"name":"Sa\u00fade da cidade do Cristo Protetor um case de sucesso"}]},{"@type":"WebSite","@id":"https:\/\/uvbbrasil.com.br\/#website","url":"https:\/\/uvbbrasil.com.br\/","name":"UVB Brasil","description":"Uni\u00e3o dos Vereadores do Brasil","publisher":{"@id":"https:\/\/uvbbrasil.com.br\/#organization"},"potentialAction":[{"@type":"SearchAction","target":{"@type":"EntryPoint","urlTemplate":"https:\/\/uvbbrasil.com.br\/?s={search_term_string}"},"query-input":{"@type":"PropertyValueSpecification","valueRequired":true,"valueName":"search_term_string"}}],"inLanguage":"pt-BR"},{"@type":"Organization","@id":"https:\/\/uvbbrasil.com.br\/#organization","name":"UVB Brasil","url":"https:\/\/uvbbrasil.com.br\/","logo":{"@type":"ImageObject","inLanguage":"pt-BR","@id":"https:\/\/uvbbrasil.com.br\/#\/schema\/logo\/image\/","url":"https:\/\/uvbbrasil.com.br\/wp-content\/uploads\/2025\/01\/LOGO-UVB-2024-azul-1.jpg","contentUrl":"https:\/\/uvbbrasil.com.br\/wp-content\/uploads\/2025\/01\/LOGO-UVB-2024-azul-1.jpg","width":600,"height":211,"caption":"UVB Brasil"},"image":{"@id":"https:\/\/uvbbrasil.com.br\/#\/schema\/logo\/image\/"},"sameAs":["https:\/\/www.facebook.com\/uvb.vereadoresbrasil","https:\/\/www.instagram.com\/uvbbrasil\/","https:\/\/www.youtube.com\/channel\/UCIlPQ8Xzw5GHNzosQIg9S5A"]},{"@type":"Person","@id":"https:\/\/uvbbrasil.com.br\/#\/schema\/person\/17990098446c098f52effddff4f1b272","name":"adminuvb","image":{"@type":"ImageObject","inLanguage":"pt-BR","@id":"https:\/\/uvbbrasil.com.br\/#\/schema\/person\/image\/","url":"https:\/\/secure.gravatar.com\/avatar\/1a494ea6f8e2dd1ae526e55b0e9497efdba542491e0620d704cccf63c6f77c45?s=96&d=mm&r=g","contentUrl":"https:\/\/secure.gravatar.com\/avatar\/1a494ea6f8e2dd1ae526e55b0e9497efdba542491e0620d704cccf63c6f77c45?s=96&d=mm&r=g","caption":"adminuvb"},"sameAs":["https:\/\/uvbbrasil.com.br"],"url":"https:\/\/uvbbrasil.com.br\/author\/adminuvb\/"}]}},"_links":{"self":[{"href":"https:\/\/uvbbrasil.com.br\/uvb-json\/wp\/v2\/posts\/27724","targetHints":{"allow":["GET"]}}],"collection":[{"href":"https:\/\/uvbbrasil.com.br\/uvb-json\/wp\/v2\/posts"}],"about":[{"href":"https:\/\/uvbbrasil.com.br\/uvb-json\/wp\/v2\/types\/post"}],"author":[{"embeddable":true,"href":"https:\/\/uvbbrasil.com.br\/uvb-json\/wp\/v2\/users\/1"}],"replies":[{"embeddable":true,"href":"https:\/\/uvbbrasil.com.br\/uvb-json\/wp\/v2\/comments?post=27724"}],"version-history":[{"count":0,"href":"https:\/\/uvbbrasil.com.br\/uvb-json\/wp\/v2\/posts\/27724\/revisions"}],"wp:featuredmedia":[{"embeddable":true,"href":"https:\/\/uvbbrasil.com.br\/uvb-json\/wp\/v2\/media\/27728"}],"wp:attachment":[{"href":"https:\/\/uvbbrasil.com.br\/uvb-json\/wp\/v2\/media?parent=27724"}],"wp:term":[{"taxonomy":"category","embeddable":true,"href":"https:\/\/uvbbrasil.com.br\/uvb-json\/wp\/v2\/categories?post=27724"},{"taxonomy":"post_tag","embeddable":true,"href":"https:\/\/uvbbrasil.com.br\/uvb-json\/wp\/v2\/tags?post=27724"}],"curies":[{"name":"wp","href":"https:\/\/api.w.org\/{rel}","templated":true}]}}