{"id":27715,"date":"2022-11-24T17:53:50","date_gmt":"2022-11-24T20:53:50","guid":{"rendered":"https:\/\/wpsandbox4.pante.com.br\/?p=27715"},"modified":"2022-11-24T17:53:50","modified_gmt":"2022-11-24T20:53:50","slug":"thiaguinho-batalha-participa-do-congresso-de-legislativos-municipais-em-brasilia","status":"publish","type":"post","link":"https:\/\/uvbbrasil.com.br\/thiaguinho-batalha-participa-do-congresso-de-legislativos-municipais-em-brasilia\/","title":{"rendered":"Thiaguinho Batalha participa do Congresso de Legislativos Municipais\u00a0em Bras\u00edlia"},"content":{"rendered":"<p>O ex-vereador Thiaguinho Batalha de Aracaju\/SE, participou na tarde desta quarta-feira(23)\u00a0 da programa\u00e7\u00e3o do Congresso Brasileiro de Legislativos e Gestores Municipais, organizado pela Uni\u00e3o dos Vereadores do Brasil\/UVB.<\/p>\n<p>Onde explanou aos parlamentares presentes sobre as \u201cFun\u00e7\u00f5es Legislativas\u201d, as fun\u00e7\u00f5es b\u00e1sicas do Poder Legislativo s\u00e3o as mesmas em todos os n\u00edveis, os representantes s\u00e3o respons\u00e1veis por legislar e por fiscalizar o Executivo. Quando falamos em legislar, nos referimos \u00e0 parte do trabalho dos membros do Legislativo em que eles precisam realizar a proposi\u00e7\u00e3o de projetos de lei, mas n\u00e3o somente isso.<\/p>\n<p>O ato de legislar inclui tamb\u00e9m estudar projetos de lei propostos por outras pessoas, debater esses projetos, propor melhorias e vot\u00e1-los, aprovando-os ou rejeitando-os. Essa parte do trabalho dos membros do Legislativo \u00e9 fundamental, porque s\u00e3o essas leis que regem o nosso pa\u00eds. Al\u00e9m disso, os membros do Legislativo devem fiscalizar o trabalho do Executivo.<\/p>\n<p>O evento est\u00e1 sendo realizado no Bras\u00edlia Imperial Hotel e conta com a participa\u00e7\u00e3o de mais de 850 participantes de todos os estados da federa\u00e7\u00e3o Brasileira.<\/p>\n<p><img fetchpriority=\"high\" decoding=\"async\" class=\"alignnone size-medium wp-image-27716\" src=\"https:\/\/uvbbrasil.com.br\/wp-content\/uploads\/2022\/11\/WhatsApp-Image-2022-11-23-at-22.29.12-300x199.jpeg\" alt=\"\" width=\"300\" height=\"199\" srcset=\"https:\/\/uvbbrasil.com.br\/wp-content\/uploads\/2022\/11\/WhatsApp-Image-2022-11-23-at-22.29.12-300x199.jpeg 300w, https:\/\/uvbbrasil.com.br\/wp-content\/uploads\/2022\/11\/WhatsApp-Image-2022-11-23-at-22.29.12-1024x680.jpeg 1024w, https:\/\/uvbbrasil.com.br\/wp-content\/uploads\/2022\/11\/WhatsApp-Image-2022-11-23-at-22.29.12-768x510.jpeg 768w, https:\/\/uvbbrasil.com.br\/wp-content\/uploads\/2022\/11\/WhatsApp-Image-2022-11-23-at-22.29.12-1536x1020.jpeg 1536w, https:\/\/uvbbrasil.com.br\/wp-content\/uploads\/2022\/11\/WhatsApp-Image-2022-11-23-at-22.29.12.jpeg 1600w\" sizes=\"(max-width: 300px) 100vw, 300px\" \/><\/p>\n<p><img decoding=\"async\" class=\"alignnone size-medium wp-image-27720\" src=\"https:\/\/uvbbrasil.com.br\/wp-content\/uploads\/2022\/11\/WhatsApp-Image-2022-11-23-at-22.29.15-300x199.jpeg\" alt=\"\" width=\"300\" height=\"199\" srcset=\"https:\/\/uvbbrasil.com.br\/wp-content\/uploads\/2022\/11\/WhatsApp-Image-2022-11-23-at-22.29.15-300x199.jpeg 300w, https:\/\/uvbbrasil.com.br\/wp-content\/uploads\/2022\/11\/WhatsApp-Image-2022-11-23-at-22.29.15-1024x680.jpeg 1024w, https:\/\/uvbbrasil.com.br\/wp-content\/uploads\/2022\/11\/WhatsApp-Image-2022-11-23-at-22.29.15-768x510.jpeg 768w, https:\/\/uvbbrasil.com.br\/wp-content\/uploads\/2022\/11\/WhatsApp-Image-2022-11-23-at-22.29.15-1536x1020.jpeg 1536w, https:\/\/uvbbrasil.com.br\/wp-content\/uploads\/2022\/11\/WhatsApp-Image-2022-11-23-at-22.29.15.jpeg 1600w\" sizes=\"(max-width: 300px) 100vw, 300px\" \/><\/p>\n<p><img decoding=\"async\" class=\"alignnone size-medium wp-image-27721\" src=\"https:\/\/uvbbrasil.com.br\/wp-content\/uploads\/2022\/11\/WhatsApp-Image-2022-11-23-at-22.29.15-1-300x199.jpeg\" alt=\"\" width=\"300\" height=\"199\" srcset=\"https:\/\/uvbbrasil.com.br\/wp-content\/uploads\/2022\/11\/WhatsApp-Image-2022-11-23-at-22.29.15-1-300x199.jpeg 300w, https:\/\/uvbbrasil.com.br\/wp-content\/uploads\/2022\/11\/WhatsApp-Image-2022-11-23-at-22.29.15-1-1024x680.jpeg 1024w, https:\/\/uvbbrasil.com.br\/wp-content\/uploads\/2022\/11\/WhatsApp-Image-2022-11-23-at-22.29.15-1-768x510.jpeg 768w, https:\/\/uvbbrasil.com.br\/wp-content\/uploads\/2022\/11\/WhatsApp-Image-2022-11-23-at-22.29.15-1-1536x1020.jpeg 1536w, https:\/\/uvbbrasil.com.br\/wp-content\/uploads\/2022\/11\/WhatsApp-Image-2022-11-23-at-22.29.15-1.jpeg 1600w\" sizes=\"(max-width: 300px) 100vw, 300px\" \/><\/p>\n<p>&nbsp;<\/p>\n","protected":false},"excerpt":{"rendered":"<p>O ex-vereador Thiaguinho Batalha de Aracaju\/SE, participou na tarde desta quarta-feira(23)\u00a0 da programa\u00e7\u00e3o do Congresso Brasileiro de Legislativos e Gestores&#8230;<\/p>\n","protected":false},"author":1,"featured_media":27721,"comment_status":"open","ping_status":"open","sticky":false,"template":"","format":"standard","meta":{"footnotes":""},"categories":[3,4],"tags":[],"class_list":["post-27715","post","type-post","status-publish","format-standard","has-post-thumbnail","hentry","category-noticias","category-home"],"yoast_head":"<!-- This site is optimized with the Yoast SEO plugin v26.7 - https:\/\/yoast.com\/wordpress\/plugins\/seo\/ -->\n<title>Thiaguinho Batalha participa do Congresso de Legislativos Municipais\u00a0em Bras\u00edlia - UVB Brasil<\/title>\n<meta name=\"robots\" content=\"index, follow, max-snippet:-1, max-image-preview:large, max-video-preview:-1\" \/>\n<link rel=\"canonical\" href=\"https:\/\/uvbbrasil.com.br\/thiaguinho-batalha-participa-do-congresso-de-legislativos-municipais-em-brasilia\/\" \/>\n<meta property=\"og:locale\" content=\"pt_BR\" \/>\n<meta property=\"og:type\" content=\"article\" \/>\n<meta property=\"og:title\" content=\"Thiaguinho Batalha participa do Congresso de Legislativos Municipais\u00a0em Bras\u00edlia - UVB Brasil\" \/>\n<meta property=\"og:description\" content=\"O ex-vereador Thiaguinho Batalha de Aracaju\/SE, participou na tarde desta quarta-feira(23)\u00a0 da programa\u00e7\u00e3o do Congresso Brasileiro de Legislativos e Gestores...\" \/>\n<meta property=\"og:url\" content=\"https:\/\/uvbbrasil.com.br\/thiaguinho-batalha-participa-do-congresso-de-legislativos-municipais-em-brasilia\/\" \/>\n<meta property=\"og:site_name\" content=\"UVB Brasil\" \/>\n<meta property=\"article:publisher\" content=\"https:\/\/www.facebook.com\/uvb.vereadoresbrasil\" \/>\n<meta property=\"article:published_time\" content=\"2022-11-24T20:53:50+00:00\" \/>\n<meta property=\"og:image\" content=\"https:\/\/uvbbrasil.com.br\/wp-content\/uploads\/2022\/11\/WhatsApp-Image-2022-11-23-at-22.29.15-1.jpeg\" \/>\n\t<meta property=\"og:image:width\" content=\"1600\" \/>\n\t<meta property=\"og:image:height\" content=\"1062\" \/>\n\t<meta property=\"og:image:type\" content=\"image\/jpeg\" \/>\n<meta name=\"author\" content=\"adminuvb\" \/>\n<meta name=\"twitter:card\" content=\"summary_large_image\" \/>\n<meta name=\"twitter:label1\" content=\"Escrito por\" \/>\n\t<meta name=\"twitter:data1\" content=\"adminuvb\" \/>\n\t<meta name=\"twitter:label2\" content=\"Est. tempo de leitura\" \/>\n\t<meta name=\"twitter:data2\" content=\"2 minutos\" \/>\n<script type=\"application\/ld+json\" class=\"yoast-schema-graph\">{\"@context\":\"https:\/\/schema.org\",\"@graph\":[{\"@type\":\"Article\",\"@id\":\"https:\/\/uvbbrasil.com.br\/thiaguinho-batalha-participa-do-congresso-de-legislativos-municipais-em-brasilia\/#article\",\"isPartOf\":{\"@id\":\"https:\/\/uvbbrasil.com.br\/thiaguinho-batalha-participa-do-congresso-de-legislativos-municipais-em-brasilia\/\"},\"author\":{\"name\":\"adminuvb\",\"@id\":\"https:\/\/uvbbrasil.com.br\/#\/schema\/person\/17990098446c098f52effddff4f1b272\"},\"headline\":\"Thiaguinho Batalha participa do Congresso de Legislativos Municipais\u00a0em Bras\u00edlia\",\"datePublished\":\"2022-11-24T20:53:50+00:00\",\"mainEntityOfPage\":{\"@id\":\"https:\/\/uvbbrasil.com.br\/thiaguinho-batalha-participa-do-congresso-de-legislativos-municipais-em-brasilia\/\"},\"wordCount\":201,\"commentCount\":0,\"publisher\":{\"@id\":\"https:\/\/uvbbrasil.com.br\/#organization\"},\"image\":{\"@id\":\"https:\/\/uvbbrasil.com.br\/thiaguinho-batalha-participa-do-congresso-de-legislativos-municipais-em-brasilia\/#primaryimage\"},\"thumbnailUrl\":\"https:\/\/uvbbrasil.com.br\/wp-content\/uploads\/2022\/11\/WhatsApp-Image-2022-11-23-at-22.29.15-1.jpeg\",\"articleSection\":[\"NOT\u00cdCIAS\",\"UVB\"],\"inLanguage\":\"pt-BR\",\"potentialAction\":[{\"@type\":\"CommentAction\",\"name\":\"Comment\",\"target\":[\"https:\/\/uvbbrasil.com.br\/thiaguinho-batalha-participa-do-congresso-de-legislativos-municipais-em-brasilia\/#respond\"]}]},{\"@type\":\"WebPage\",\"@id\":\"https:\/\/uvbbrasil.com.br\/thiaguinho-batalha-participa-do-congresso-de-legislativos-municipais-em-brasilia\/\",\"url\":\"https:\/\/uvbbrasil.com.br\/thiaguinho-batalha-participa-do-congresso-de-legislativos-municipais-em-brasilia\/\",\"name\":\"Thiaguinho Batalha participa do Congresso de Legislativos Municipais\u00a0em Bras\u00edlia - UVB Brasil\",\"isPartOf\":{\"@id\":\"https:\/\/uvbbrasil.com.br\/#website\"},\"primaryImageOfPage\":{\"@id\":\"https:\/\/uvbbrasil.com.br\/thiaguinho-batalha-participa-do-congresso-de-legislativos-municipais-em-brasilia\/#primaryimage\"},\"image\":{\"@id\":\"https:\/\/uvbbrasil.com.br\/thiaguinho-batalha-participa-do-congresso-de-legislativos-municipais-em-brasilia\/#primaryimage\"},\"thumbnailUrl\":\"https:\/\/uvbbrasil.com.br\/wp-content\/uploads\/2022\/11\/WhatsApp-Image-2022-11-23-at-22.29.15-1.jpeg\",\"datePublished\":\"2022-11-24T20:53:50+00:00\",\"breadcrumb\":{\"@id\":\"https:\/\/uvbbrasil.com.br\/thiaguinho-batalha-participa-do-congresso-de-legislativos-municipais-em-brasilia\/#breadcrumb\"},\"inLanguage\":\"pt-BR\",\"potentialAction\":[{\"@type\":\"ReadAction\",\"target\":[\"https:\/\/uvbbrasil.com.br\/thiaguinho-batalha-participa-do-congresso-de-legislativos-municipais-em-brasilia\/\"]}]},{\"@type\":\"ImageObject\",\"inLanguage\":\"pt-BR\",\"@id\":\"https:\/\/uvbbrasil.com.br\/thiaguinho-batalha-participa-do-congresso-de-legislativos-municipais-em-brasilia\/#primaryimage\",\"url\":\"https:\/\/uvbbrasil.com.br\/wp-content\/uploads\/2022\/11\/WhatsApp-Image-2022-11-23-at-22.29.15-1.jpeg\",\"contentUrl\":\"https:\/\/uvbbrasil.com.br\/wp-content\/uploads\/2022\/11\/WhatsApp-Image-2022-11-23-at-22.29.15-1.jpeg\",\"width\":1600,\"height\":1062},{\"@type\":\"BreadcrumbList\",\"@id\":\"https:\/\/uvbbrasil.com.br\/thiaguinho-batalha-participa-do-congresso-de-legislativos-municipais-em-brasilia\/#breadcrumb\",\"itemListElement\":[{\"@type\":\"ListItem\",\"position\":1,\"name\":\"In\u00edcio\",\"item\":\"https:\/\/uvbbrasil.com.br\/\"},{\"@type\":\"ListItem\",\"position\":2,\"name\":\"Thiaguinho Batalha participa do Congresso de Legislativos Municipais\u00a0em Bras\u00edlia\"}]},{\"@type\":\"WebSite\",\"@id\":\"https:\/\/uvbbrasil.com.br\/#website\",\"url\":\"https:\/\/uvbbrasil.com.br\/\",\"name\":\"UVB Brasil\",\"description\":\"Uni\u00e3o dos Vereadores do Brasil\",\"publisher\":{\"@id\":\"https:\/\/uvbbrasil.com.br\/#organization\"},\"potentialAction\":[{\"@type\":\"SearchAction\",\"target\":{\"@type\":\"EntryPoint\",\"urlTemplate\":\"https:\/\/uvbbrasil.com.br\/?s={search_term_string}\"},\"query-input\":{\"@type\":\"PropertyValueSpecification\",\"valueRequired\":true,\"valueName\":\"search_term_string\"}}],\"inLanguage\":\"pt-BR\"},{\"@type\":\"Organization\",\"@id\":\"https:\/\/uvbbrasil.com.br\/#organization\",\"name\":\"UVB Brasil\",\"url\":\"https:\/\/uvbbrasil.com.br\/\",\"logo\":{\"@type\":\"ImageObject\",\"inLanguage\":\"pt-BR\",\"@id\":\"https:\/\/uvbbrasil.com.br\/#\/schema\/logo\/image\/\",\"url\":\"https:\/\/uvbbrasil.com.br\/wp-content\/uploads\/2025\/01\/LOGO-UVB-2024-azul-1.jpg\",\"contentUrl\":\"https:\/\/uvbbrasil.com.br\/wp-content\/uploads\/2025\/01\/LOGO-UVB-2024-azul-1.jpg\",\"width\":600,\"height\":211,\"caption\":\"UVB Brasil\"},\"image\":{\"@id\":\"https:\/\/uvbbrasil.com.br\/#\/schema\/logo\/image\/\"},\"sameAs\":[\"https:\/\/www.facebook.com\/uvb.vereadoresbrasil\",\"https:\/\/www.instagram.com\/uvbbrasil\/\",\"https:\/\/www.youtube.com\/channel\/UCIlPQ8Xzw5GHNzosQIg9S5A\"]},{\"@type\":\"Person\",\"@id\":\"https:\/\/uvbbrasil.com.br\/#\/schema\/person\/17990098446c098f52effddff4f1b272\",\"name\":\"adminuvb\",\"image\":{\"@type\":\"ImageObject\",\"inLanguage\":\"pt-BR\",\"@id\":\"https:\/\/uvbbrasil.com.br\/#\/schema\/person\/image\/\",\"url\":\"https:\/\/secure.gravatar.com\/avatar\/1a494ea6f8e2dd1ae526e55b0e9497efdba542491e0620d704cccf63c6f77c45?s=96&d=mm&r=g\",\"contentUrl\":\"https:\/\/secure.gravatar.com\/avatar\/1a494ea6f8e2dd1ae526e55b0e9497efdba542491e0620d704cccf63c6f77c45?s=96&d=mm&r=g\",\"caption\":\"adminuvb\"},\"sameAs\":[\"https:\/\/uvbbrasil.com.br\"],\"url\":\"https:\/\/uvbbrasil.com.br\/author\/adminuvb\/\"}]}<\/script>\n<!-- \/ Yoast SEO plugin. -->","yoast_head_json":{"title":"Thiaguinho Batalha participa do Congresso de Legislativos Municipais\u00a0em Bras\u00edlia - UVB Brasil","robots":{"index":"index","follow":"follow","max-snippet":"max-snippet:-1","max-image-preview":"max-image-preview:large","max-video-preview":"max-video-preview:-1"},"canonical":"https:\/\/uvbbrasil.com.br\/thiaguinho-batalha-participa-do-congresso-de-legislativos-municipais-em-brasilia\/","og_locale":"pt_BR","og_type":"article","og_title":"Thiaguinho Batalha participa do Congresso de Legislativos Municipais\u00a0em Bras\u00edlia - UVB Brasil","og_description":"O ex-vereador Thiaguinho Batalha de Aracaju\/SE, participou na tarde desta quarta-feira(23)\u00a0 da programa\u00e7\u00e3o do Congresso Brasileiro de Legislativos e Gestores...","og_url":"https:\/\/uvbbrasil.com.br\/thiaguinho-batalha-participa-do-congresso-de-legislativos-municipais-em-brasilia\/","og_site_name":"UVB Brasil","article_publisher":"https:\/\/www.facebook.com\/uvb.vereadoresbrasil","article_published_time":"2022-11-24T20:53:50+00:00","og_image":[{"width":1600,"height":1062,"url":"https:\/\/uvbbrasil.com.br\/wp-content\/uploads\/2022\/11\/WhatsApp-Image-2022-11-23-at-22.29.15-1.jpeg","type":"image\/jpeg"}],"author":"adminuvb","twitter_card":"summary_large_image","twitter_misc":{"Escrito por":"adminuvb","Est. tempo de leitura":"2 minutos"},"schema":{"@context":"https:\/\/schema.org","@graph":[{"@type":"Article","@id":"https:\/\/uvbbrasil.com.br\/thiaguinho-batalha-participa-do-congresso-de-legislativos-municipais-em-brasilia\/#article","isPartOf":{"@id":"https:\/\/uvbbrasil.com.br\/thiaguinho-batalha-participa-do-congresso-de-legislativos-municipais-em-brasilia\/"},"author":{"name":"adminuvb","@id":"https:\/\/uvbbrasil.com.br\/#\/schema\/person\/17990098446c098f52effddff4f1b272"},"headline":"Thiaguinho Batalha participa do Congresso de Legislativos Municipais\u00a0em Bras\u00edlia","datePublished":"2022-11-24T20:53:50+00:00","mainEntityOfPage":{"@id":"https:\/\/uvbbrasil.com.br\/thiaguinho-batalha-participa-do-congresso-de-legislativos-municipais-em-brasilia\/"},"wordCount":201,"commentCount":0,"publisher":{"@id":"https:\/\/uvbbrasil.com.br\/#organization"},"image":{"@id":"https:\/\/uvbbrasil.com.br\/thiaguinho-batalha-participa-do-congresso-de-legislativos-municipais-em-brasilia\/#primaryimage"},"thumbnailUrl":"https:\/\/uvbbrasil.com.br\/wp-content\/uploads\/2022\/11\/WhatsApp-Image-2022-11-23-at-22.29.15-1.jpeg","articleSection":["NOT\u00cdCIAS","UVB"],"inLanguage":"pt-BR","potentialAction":[{"@type":"CommentAction","name":"Comment","target":["https:\/\/uvbbrasil.com.br\/thiaguinho-batalha-participa-do-congresso-de-legislativos-municipais-em-brasilia\/#respond"]}]},{"@type":"WebPage","@id":"https:\/\/uvbbrasil.com.br\/thiaguinho-batalha-participa-do-congresso-de-legislativos-municipais-em-brasilia\/","url":"https:\/\/uvbbrasil.com.br\/thiaguinho-batalha-participa-do-congresso-de-legislativos-municipais-em-brasilia\/","name":"Thiaguinho Batalha participa do Congresso de Legislativos Municipais\u00a0em Bras\u00edlia - UVB Brasil","isPartOf":{"@id":"https:\/\/uvbbrasil.com.br\/#website"},"primaryImageOfPage":{"@id":"https:\/\/uvbbrasil.com.br\/thiaguinho-batalha-participa-do-congresso-de-legislativos-municipais-em-brasilia\/#primaryimage"},"image":{"@id":"https:\/\/uvbbrasil.com.br\/thiaguinho-batalha-participa-do-congresso-de-legislativos-municipais-em-brasilia\/#primaryimage"},"thumbnailUrl":"https:\/\/uvbbrasil.com.br\/wp-content\/uploads\/2022\/11\/WhatsApp-Image-2022-11-23-at-22.29.15-1.jpeg","datePublished":"2022-11-24T20:53:50+00:00","breadcrumb":{"@id":"https:\/\/uvbbrasil.com.br\/thiaguinho-batalha-participa-do-congresso-de-legislativos-municipais-em-brasilia\/#breadcrumb"},"inLanguage":"pt-BR","potentialAction":[{"@type":"ReadAction","target":["https:\/\/uvbbrasil.com.br\/thiaguinho-batalha-participa-do-congresso-de-legislativos-municipais-em-brasilia\/"]}]},{"@type":"ImageObject","inLanguage":"pt-BR","@id":"https:\/\/uvbbrasil.com.br\/thiaguinho-batalha-participa-do-congresso-de-legislativos-municipais-em-brasilia\/#primaryimage","url":"https:\/\/uvbbrasil.com.br\/wp-content\/uploads\/2022\/11\/WhatsApp-Image-2022-11-23-at-22.29.15-1.jpeg","contentUrl":"https:\/\/uvbbrasil.com.br\/wp-content\/uploads\/2022\/11\/WhatsApp-Image-2022-11-23-at-22.29.15-1.jpeg","width":1600,"height":1062},{"@type":"BreadcrumbList","@id":"https:\/\/uvbbrasil.com.br\/thiaguinho-batalha-participa-do-congresso-de-legislativos-municipais-em-brasilia\/#breadcrumb","itemListElement":[{"@type":"ListItem","position":1,"name":"In\u00edcio","item":"https:\/\/uvbbrasil.com.br\/"},{"@type":"ListItem","position":2,"name":"Thiaguinho Batalha participa do Congresso de Legislativos Municipais\u00a0em Bras\u00edlia"}]},{"@type":"WebSite","@id":"https:\/\/uvbbrasil.com.br\/#website","url":"https:\/\/uvbbrasil.com.br\/","name":"UVB Brasil","description":"Uni\u00e3o dos Vereadores do Brasil","publisher":{"@id":"https:\/\/uvbbrasil.com.br\/#organization"},"potentialAction":[{"@type":"SearchAction","target":{"@type":"EntryPoint","urlTemplate":"https:\/\/uvbbrasil.com.br\/?s={search_term_string}"},"query-input":{"@type":"PropertyValueSpecification","valueRequired":true,"valueName":"search_term_string"}}],"inLanguage":"pt-BR"},{"@type":"Organization","@id":"https:\/\/uvbbrasil.com.br\/#organization","name":"UVB Brasil","url":"https:\/\/uvbbrasil.com.br\/","logo":{"@type":"ImageObject","inLanguage":"pt-BR","@id":"https:\/\/uvbbrasil.com.br\/#\/schema\/logo\/image\/","url":"https:\/\/uvbbrasil.com.br\/wp-content\/uploads\/2025\/01\/LOGO-UVB-2024-azul-1.jpg","contentUrl":"https:\/\/uvbbrasil.com.br\/wp-content\/uploads\/2025\/01\/LOGO-UVB-2024-azul-1.jpg","width":600,"height":211,"caption":"UVB Brasil"},"image":{"@id":"https:\/\/uvbbrasil.com.br\/#\/schema\/logo\/image\/"},"sameAs":["https:\/\/www.facebook.com\/uvb.vereadoresbrasil","https:\/\/www.instagram.com\/uvbbrasil\/","https:\/\/www.youtube.com\/channel\/UCIlPQ8Xzw5GHNzosQIg9S5A"]},{"@type":"Person","@id":"https:\/\/uvbbrasil.com.br\/#\/schema\/person\/17990098446c098f52effddff4f1b272","name":"adminuvb","image":{"@type":"ImageObject","inLanguage":"pt-BR","@id":"https:\/\/uvbbrasil.com.br\/#\/schema\/person\/image\/","url":"https:\/\/secure.gravatar.com\/avatar\/1a494ea6f8e2dd1ae526e55b0e9497efdba542491e0620d704cccf63c6f77c45?s=96&d=mm&r=g","contentUrl":"https:\/\/secure.gravatar.com\/avatar\/1a494ea6f8e2dd1ae526e55b0e9497efdba542491e0620d704cccf63c6f77c45?s=96&d=mm&r=g","caption":"adminuvb"},"sameAs":["https:\/\/uvbbrasil.com.br"],"url":"https:\/\/uvbbrasil.com.br\/author\/adminuvb\/"}]}},"_links":{"self":[{"href":"https:\/\/uvbbrasil.com.br\/uvb-json\/wp\/v2\/posts\/27715","targetHints":{"allow":["GET"]}}],"collection":[{"href":"https:\/\/uvbbrasil.com.br\/uvb-json\/wp\/v2\/posts"}],"about":[{"href":"https:\/\/uvbbrasil.com.br\/uvb-json\/wp\/v2\/types\/post"}],"author":[{"embeddable":true,"href":"https:\/\/uvbbrasil.com.br\/uvb-json\/wp\/v2\/users\/1"}],"replies":[{"embeddable":true,"href":"https:\/\/uvbbrasil.com.br\/uvb-json\/wp\/v2\/comments?post=27715"}],"version-history":[{"count":0,"href":"https:\/\/uvbbrasil.com.br\/uvb-json\/wp\/v2\/posts\/27715\/revisions"}],"wp:featuredmedia":[{"embeddable":true,"href":"https:\/\/uvbbrasil.com.br\/uvb-json\/wp\/v2\/media\/27721"}],"wp:attachment":[{"href":"https:\/\/uvbbrasil.com.br\/uvb-json\/wp\/v2\/media?parent=27715"}],"wp:term":[{"taxonomy":"category","embeddable":true,"href":"https:\/\/uvbbrasil.com.br\/uvb-json\/wp\/v2\/categories?post=27715"},{"taxonomy":"post_tag","embeddable":true,"href":"https:\/\/uvbbrasil.com.br\/uvb-json\/wp\/v2\/tags?post=27715"}],"curies":[{"name":"wp","href":"https:\/\/api.w.org\/{rel}","templated":true}]}}